{"id":5907,"date":"2016-07-29T14:01:22","date_gmt":"2016-07-29T12:01:22","guid":{"rendered":"https:\/\/vosgesinfo.fr\/laplainedesvosgesinfo\/2016\/07\/vittel-la-cession-dun-batiment-au-jardin-saint-eloi-fait-debat\/"},"modified":"2016-07-29T14:01:22","modified_gmt":"2016-07-29T12:01:22","slug":"vittel-la-cession-dun-batiment-au-jardin-saint-eloi-fait-debat","status":"publish","type":"post","link":"https:\/\/vosgesinfo.fr\/laplainedesvosgesinfo\/2016\/07\/vittel-la-cession-dun-batiment-au-jardin-saint-eloi-fait-debat\/","title":{"rendered":"Vittel \u2013 La cession d&rsquo;un b\u00e2timent au \u00ab\u00a0Jardin Saint-Eloi\u00a0\u00bb fait d\u00e9bat"},"content":{"rendered":"<p style=\"text-align: justify;\"><a href=\"\/2016\/07\/Jardin-Saint-Eloi-Vittel.jpg\"><img decoding=\"async\" class=\"aligncenter wp-image-79026\" src=\"\/2016\/07\/Jardin-Saint-Eloi-Vittel.jpg\" alt=\"Jardin-Saint-Eloi-Vittel\" width=\"823\" height=\"549\" \/><\/a><\/p>\n<p style=\"text-align: justify;\"><strong>Un conseil municipal tr\u00e8s succinct et rapide attendait les \u00e9lus vittellois hier soir. Un seul point \u00e9tait \u00e0 l&rsquo;ordre du jour, un point qui a tout de m\u00eame fait des remous.<\/strong> Lors du dernier conseil en date du 23 juin, l&rsquo;assembl\u00e9e votait \u00e0 l&rsquo;unanimit\u00e9 la cession de la parcelle sur laquelle se trouve actuellement une partie des ateliers municipaux (peintures et menuiseries), \u00e0 une entreprise vittelloise de pompes fun\u00e8bres (Chevreux) pour y cr\u00e9er des salles fun\u00e9raires. Le prix de cession \u00e9tait fix\u00e9 \u00e0 85 000 \u20ac pour un b\u00e2timent de 2 350m\u00b2, suivant l&rsquo;estimation du service des domaines.<\/p>\n<p style=\"text-align: justify;\">Or, par courrier du 18 juillet 2016,\u00a0 une autre entreprise de pompes fun\u00e8bres (Thomas), aussi vittelloise, a adress\u00e9 \u00e0 la ville un autre projet d&rsquo;am\u00e9nagement du site avec une offre de prix sup\u00e9rieure, soit 100 000 \u20ac.<\/p>\n<p style=\"text-align: justify;\">Il \u00e9tait donc propos\u00e9 \u00e0 l&rsquo;assembl\u00e9e pr\u00e9sente de rapporter la d\u00e9lib\u00e9ration du 23 juin. Le maire, Jean-Jacques Gaultier explique que \u00ab\u00a0<em>dans ces conditions, le mieux est de rapporter la d\u00e9cision afin de r\u00e9aliser une mise en concurrence<\/em>\u00a0\u00bb et de poursuivre \u00ab\u00a0<em>les deux entreprises devront d\u00e9poser un dossier complet avant le 1er d\u00e9cembre, pour que le conseil d\u00e9cide avec impartialit\u00e9 du meilleur projet pour la ville.\u00a0\u00bb<\/em><\/p>\n<p style=\"text-align: justify;\">\u00ab\u00a0<em>Une d\u00e9cision incorrecte<\/em>\u00a0\u00bb pour Marie-Laurence Zeil, conseill\u00e8re municipale de l&rsquo;opposition. \u00ab\u00a0<em>Je regrette que l&rsquo;on revienne sur ce vote, qui d&rsquo;autant plus a \u00e9t\u00e9 vot\u00e9 \u00e0 l&rsquo;unanimit\u00e9<\/em>\u00a0\u00bb ajoute la conseill\u00e8re. De son c\u00f4t\u00e9, son colistier Daniel Bazelaire ajoute que \u00ab\u00a0<em>c&rsquo;est vrai qu&rsquo;il est choquant de revenir sur une d\u00e9cision prise il y a moins d&rsquo;un mois, mais je suis d&rsquo;accord avec cette proposition, de tout remettre \u00e0 z\u00e9ro.\u00a0\u00bb <\/em>Une grande partie de l&rsquo;opposition a vot\u00e9 contre cette d\u00e9cision.<\/p>\n<p style=\"text-align: justify;\">C&rsquo;est donc deux projets qui vont \u00eatre \u00e9tudi\u00e9s prochainement par le conseil municipal. \u00ab\u00a0<em>Il s&rsquo;agit l\u00e0, d&rsquo;un dossier de d\u00e9veloppement \u00e9conomique et ce domaine requiert un combat quotidien.<\/em>\u00a0\u00bb explique Jean-Jacques Gaultier. \u00ab\u00a0<em>L&rsquo;exercice du choix, suppose la connaissance<\/em>\u00a0\u00bb poursuit-il. Les deux entreprises devront donc, avant la fin d&rsquo;ann\u00e9e, pr\u00e9senter un projet finalis\u00e9 comportant : un sch\u00e9ma d&rsquo;am\u00e9nagement du site avec plans cot\u00e9s, un budget pr\u00e9visionnel des investissements projet\u00e9s, un calendrier de r\u00e9alisation, les modalit\u00e9s de fonctionnement du nouvel \u00e9tablissement, et le nombre d&#8217;emplois cr\u00e9\u00e9s, le cas \u00e9ch\u00e9ant, les garanties de financement du projet.<\/p>\n<p style=\"text-align: justify;\">A.J.<\/p>\n","protected":false},"excerpt":{"rendered":"<p>Un conseil municipal tr\u00e8s succinct et rapide attendait les \u00e9lus vittellois hier soir. Un seul point \u00e9tait \u00e0 l&rsquo;ordre du [&hellip;]<\/p>\n","protected":false},"author":1,"featured_media":5908,"comment_status":"open","ping_status":"open","sticky":false,"template":"","format":"standard","meta":{"footnotes":""},"categories":[29,37,10,38],"tags":[215,1775,1776,77],"class_list":["post-5907","post","type-post","status-publish","format-standard","has-post-thumbnail","hentry","category-a-la-une","category-la-plaine","category-politique","category-vittel-la-plaine","tag-conseil-municipal","tag-pompes-funebres","tag-vente-immobiliere","tag-vittel"],"acf":[],"yoast_head":"<!-- This site is optimized with the Yoast SEO plugin v22.5 - https:\/\/yoast.com\/wordpress\/plugins\/seo\/ -->\n<title>Vittel \u2013 La cession d&#039;un b\u00e2timent au &quot;Jardin Saint-Eloi&quot; fait d\u00e9bat - La Plaine des Vosges<\/title>\n<meta name=\"robots\" content=\"index, follow, max-snippet:-1, max-image-preview:large, max-video-preview:-1\" \/>\n<link rel=\"canonical\" href=\"https:\/\/vosgesinfo.fr\/laplainedesvosgesinfo\/2016\/07\/vittel-la-cession-dun-batiment-au-jardin-saint-eloi-fait-debat\/\" \/>\n<meta name=\"twitter:card\" content=\"summary_large_image\" \/>\n<meta name=\"twitter:title\" content=\"Vittel \u2013 La cession d&#039;un b\u00e2timent au &quot;Jardin Saint-Eloi&quot; fait d\u00e9bat - La Plaine des Vosges\" \/>\n<meta name=\"twitter:description\" content=\"Un conseil municipal tr\u00e8s succinct et rapide attendait les \u00e9lus vittellois hier soir. Un seul point \u00e9tait \u00e0 l&rsquo;ordre du [&hellip;]\" \/>\n<meta name=\"twitter:image\" content=\"https:\/\/vosgesinfo.fr\/app\/uploads\/sites\/2\/2024\/06\/201607jardin-saint-eloi-vittel.jpg\" \/>\n<meta name=\"twitter:creator\" content=\"@VosgesInfo88\" \/>\n<meta name=\"twitter:site\" content=\"@VosgesInfo88\" \/>\n<meta name=\"twitter:label1\" content=\"\u00c9crit par\" \/>\n\t<meta name=\"twitter:data1\" content=\"qs_admin\" \/>\n\t<meta name=\"twitter:label2\" content=\"Dur\u00e9e de lecture estim\u00e9e\" \/>\n\t<meta name=\"twitter:data2\" content=\"2 minutes\" \/>\n<script type=\"application\/ld+json\" class=\"yoast-schema-graph\">{\"@context\":\"https:\/\/schema.org\",\"@graph\":[{\"@type\":\"Article\",\"@id\":\"https:\/\/vosgesinfo.fr\/laplainedesvosgesinfo\/2016\/07\/vittel-la-cession-dun-batiment-au-jardin-saint-eloi-fait-debat\/#article\",\"isPartOf\":{\"@id\":\"https:\/\/vosgesinfo.fr\/laplainedesvosgesinfo\/2016\/07\/vittel-la-cession-dun-batiment-au-jardin-saint-eloi-fait-debat\/\"},\"author\":{\"name\":\"qs_admin\",\"@id\":\"https:\/\/vosgesinfo.fr\/laplainedesvosgesinfo\/#\/schema\/person\/bc5d02d71e6932e81b6dadb7386667b1\"},\"headline\":\"Vittel \u2013 La cession d&rsquo;un b\u00e2timent au \u00ab\u00a0Jardin Saint-Eloi\u00a0\u00bb fait d\u00e9bat\",\"datePublished\":\"2016-07-29T12:01:22+00:00\",\"dateModified\":\"2016-07-29T12:01:22+00:00\",\"mainEntityOfPage\":{\"@id\":\"https:\/\/vosgesinfo.fr\/laplainedesvosgesinfo\/2016\/07\/vittel-la-cession-dun-batiment-au-jardin-saint-eloi-fait-debat\/\"},\"wordCount\":425,\"commentCount\":0,\"publisher\":{\"@id\":\"https:\/\/vosgesinfo.fr\/laplainedesvosgesinfo\/#organization\"},\"image\":{\"@id\":\"https:\/\/vosgesinfo.fr\/laplainedesvosgesinfo\/2016\/07\/vittel-la-cession-dun-batiment-au-jardin-saint-eloi-fait-debat\/#primaryimage\"},\"thumbnailUrl\":\"https:\/\/vosgesinfo.fr\/app\/uploads\/sites\/2\/2024\/06\/201607jardin-saint-eloi-vittel.jpg\",\"keywords\":[\"conseil municipal\",\"pompes fun\u00e8bres\",\"vente immobili\u00e8re\",\"Vittel\"],\"articleSection\":[\"A la Une\",\"La Plaine\",\"Politique\",\"Vittel\"],\"inLanguage\":\"fr-FR\",\"potentialAction\":[{\"@type\":\"CommentAction\",\"name\":\"Comment\",\"target\":[\"https:\/\/vosgesinfo.fr\/laplainedesvosgesinfo\/2016\/07\/vittel-la-cession-dun-batiment-au-jardin-saint-eloi-fait-debat\/#respond\"]}]},{\"@type\":\"WebPage\",\"@id\":\"https:\/\/vosgesinfo.fr\/laplainedesvosgesinfo\/2016\/07\/vittel-la-cession-dun-batiment-au-jardin-saint-eloi-fait-debat\/\",\"url\":\"https:\/\/vosgesinfo.fr\/laplainedesvosgesinfo\/2016\/07\/vittel-la-cession-dun-batiment-au-jardin-saint-eloi-fait-debat\/\",\"name\":\"Vittel \u2013 La cession d'un b\u00e2timent au \\\"Jardin Saint-Eloi\\\" fait d\u00e9bat - La Plaine des Vosges\",\"isPartOf\":{\"@id\":\"https:\/\/vosgesinfo.fr\/laplainedesvosgesinfo\/#website\"},\"primaryImageOfPage\":{\"@id\":\"https:\/\/vosgesinfo.fr\/laplainedesvosgesinfo\/2016\/07\/vittel-la-cession-dun-batiment-au-jardin-saint-eloi-fait-debat\/#primaryimage\"},\"image\":{\"@id\":\"https:\/\/vosgesinfo.fr\/laplainedesvosgesinfo\/2016\/07\/vittel-la-cession-dun-batiment-au-jardin-saint-eloi-fait-debat\/#primaryimage\"},\"thumbnailUrl\":\"https:\/\/vosgesinfo.fr\/app\/uploads\/sites\/2\/2024\/06\/201607jardin-saint-eloi-vittel.jpg\",\"datePublished\":\"2016-07-29T12:01:22+00:00\",\"dateModified\":\"2016-07-29T12:01:22+00:00\",\"breadcrumb\":{\"@id\":\"https:\/\/vosgesinfo.fr\/laplainedesvosgesinfo\/2016\/07\/vittel-la-cession-dun-batiment-au-jardin-saint-eloi-fait-debat\/#breadcrumb\"},\"inLanguage\":\"fr-FR\",\"potentialAction\":[{\"@type\":\"ReadAction\",\"target\":[\"https:\/\/vosgesinfo.fr\/laplainedesvosgesinfo\/2016\/07\/vittel-la-cession-dun-batiment-au-jardin-saint-eloi-fait-debat\/\"]}]},{\"@type\":\"ImageObject\",\"inLanguage\":\"fr-FR\",\"@id\":\"https:\/\/vosgesinfo.fr\/laplainedesvosgesinfo\/2016\/07\/vittel-la-cession-dun-batiment-au-jardin-saint-eloi-fait-debat\/#primaryimage\",\"url\":\"https:\/\/vosgesinfo.fr\/app\/uploads\/sites\/2\/2024\/06\/201607jardin-saint-eloi-vittel.jpg\",\"contentUrl\":\"https:\/\/vosgesinfo.fr\/app\/uploads\/sites\/2\/2024\/06\/201607jardin-saint-eloi-vittel.jpg\",\"width\":800,\"height\":534},{\"@type\":\"BreadcrumbList\",\"@id\":\"https:\/\/vosgesinfo.fr\/laplainedesvosgesinfo\/2016\/07\/vittel-la-cession-dun-batiment-au-jardin-saint-eloi-fait-debat\/#breadcrumb\",\"itemListElement\":[{\"@type\":\"ListItem\",\"position\":1,\"name\":\"Home\",\"item\":\"https:\/\/vosgesinfo.fr\/laplainedesvosgesinfo\/\"},{\"@type\":\"ListItem\",\"position\":2,\"name\":\"Vittel \u2013 La cession d&rsquo;un b\u00e2timent au \u00ab\u00a0Jardin Saint-Eloi\u00a0\u00bb fait d\u00e9bat\"}]},{\"@type\":\"WebSite\",\"@id\":\"https:\/\/vosgesinfo.fr\/laplainedesvosgesinfo\/#website\",\"url\":\"https:\/\/vosgesinfo.fr\/laplainedesvosgesinfo\/\",\"name\":\"La Plaine des Vosges\",\"description\":\"Toute l&#039;actualit\u00e9 de la plaine de Vosges\",\"publisher\":{\"@id\":\"https:\/\/vosgesinfo.fr\/laplainedesvosgesinfo\/#organization\"},\"alternateName\":\"Toute l'actualit\u00e9 de la plaine des Vosges\",\"potentialAction\":[{\"@type\":\"SearchAction\",\"target\":{\"@type\":\"EntryPoint\",\"urlTemplate\":\"https:\/\/vosgesinfo.fr\/laplainedesvosgesinfo\/?s={search_term_string}\"},\"query-input\":\"required name=search_term_string\"}],\"inLanguage\":\"fr-FR\"},{\"@type\":\"Organization\",\"@id\":\"https:\/\/vosgesinfo.fr\/laplainedesvosgesinfo\/#organization\",\"name\":\"La Plaine des Vosges\",\"url\":\"https:\/\/vosgesinfo.fr\/laplainedesvosgesinfo\/\",\"logo\":{\"@type\":\"ImageObject\",\"inLanguage\":\"fr-FR\",\"@id\":\"https:\/\/vosgesinfo.fr\/laplainedesvosgesinfo\/#\/schema\/logo\/image\/\",\"url\":\"https:\/\/vosgesinfo.fr\/app\/uploads\/sites\/2\/2023\/08\/logo-laplaineinfo.svg\",\"contentUrl\":\"https:\/\/vosgesinfo.fr\/app\/uploads\/sites\/2\/2023\/08\/logo-laplaineinfo.svg\",\"width\":1,\"height\":1,\"caption\":\"La Plaine des Vosges\"},\"image\":{\"@id\":\"https:\/\/vosgesinfo.fr\/laplainedesvosgesinfo\/#\/schema\/logo\/image\/\"},\"sameAs\":[\"https:\/\/www.facebook.com\/laplainedesvosges\",\"https:\/\/x.com\/VosgesInfo88\",\"https:\/\/www.youtube.com\/@vosgesinfo\"]},{\"@type\":\"Person\",\"@id\":\"https:\/\/vosgesinfo.fr\/laplainedesvosgesinfo\/#\/schema\/person\/bc5d02d71e6932e81b6dadb7386667b1\",\"name\":\"qs_admin\",\"image\":{\"@type\":\"ImageObject\",\"inLanguage\":\"fr-FR\",\"@id\":\"https:\/\/vosgesinfo.fr\/laplainedesvosgesinfo\/#\/schema\/person\/image\/\",\"url\":\"https:\/\/secure.gravatar.com\/avatar\/94b18ee0ed79e4a42ea2f2931277b6841a8999fc6fde214600c78057cf1fe1de?s=96&d=mm&r=g\",\"contentUrl\":\"https:\/\/secure.gravatar.com\/avatar\/94b18ee0ed79e4a42ea2f2931277b6841a8999fc6fde214600c78057cf1fe1de?s=96&d=mm&r=g\",\"caption\":\"qs_admin\"},\"sameAs\":[\"https:\/\/vosgesinfo.fr\/wp\"],\"url\":\"https:\/\/vosgesinfo.fr\/laplainedesvosgesinfo\/author\/qs_admin\/\"}]}<\/script>\n<!-- \/ Yoast SEO plugin. -->","yoast_head_json":{"title":"Vittel \u2013 La cession d'un b\u00e2timent au \"Jardin Saint-Eloi\" fait d\u00e9bat - La Plaine des Vosges","robots":{"index":"index","follow":"follow","max-snippet":"max-snippet:-1","max-image-preview":"max-image-preview:large","max-video-preview":"max-video-preview:-1"},"canonical":"https:\/\/vosgesinfo.fr\/laplainedesvosgesinfo\/2016\/07\/vittel-la-cession-dun-batiment-au-jardin-saint-eloi-fait-debat\/","twitter_card":"summary_large_image","twitter_title":"Vittel \u2013 La cession d'un b\u00e2timent au \"Jardin Saint-Eloi\" fait d\u00e9bat - La Plaine des Vosges","twitter_description":"Un conseil municipal tr\u00e8s succinct et rapide attendait les \u00e9lus vittellois hier soir. Un seul point \u00e9tait \u00e0 l&rsquo;ordre du [&hellip;]","twitter_image":"https:\/\/vosgesinfo.fr\/app\/uploads\/sites\/2\/2024\/06\/201607jardin-saint-eloi-vittel.jpg","twitter_creator":"@VosgesInfo88","twitter_site":"@VosgesInfo88","twitter_misc":{"\u00c9crit par":"qs_admin","Dur\u00e9e de lecture estim\u00e9e":"2 minutes"},"schema":{"@context":"https:\/\/schema.org","@graph":[{"@type":"Article","@id":"https:\/\/vosgesinfo.fr\/laplainedesvosgesinfo\/2016\/07\/vittel-la-cession-dun-batiment-au-jardin-saint-eloi-fait-debat\/#article","isPartOf":{"@id":"https:\/\/vosgesinfo.fr\/laplainedesvosgesinfo\/2016\/07\/vittel-la-cession-dun-batiment-au-jardin-saint-eloi-fait-debat\/"},"author":{"name":"qs_admin","@id":"https:\/\/vosgesinfo.fr\/laplainedesvosgesinfo\/#\/schema\/person\/bc5d02d71e6932e81b6dadb7386667b1"},"headline":"Vittel \u2013 La cession d&rsquo;un b\u00e2timent au \u00ab\u00a0Jardin Saint-Eloi\u00a0\u00bb fait d\u00e9bat","datePublished":"2016-07-29T12:01:22+00:00","dateModified":"2016-07-29T12:01:22+00:00","mainEntityOfPage":{"@id":"https:\/\/vosgesinfo.fr\/laplainedesvosgesinfo\/2016\/07\/vittel-la-cession-dun-batiment-au-jardin-saint-eloi-fait-debat\/"},"wordCount":425,"commentCount":0,"publisher":{"@id":"https:\/\/vosgesinfo.fr\/laplainedesvosgesinfo\/#organization"},"image":{"@id":"https:\/\/vosgesinfo.fr\/laplainedesvosgesinfo\/2016\/07\/vittel-la-cession-dun-batiment-au-jardin-saint-eloi-fait-debat\/#primaryimage"},"thumbnailUrl":"https:\/\/vosgesinfo.fr\/app\/uploads\/sites\/2\/2024\/06\/201607jardin-saint-eloi-vittel.jpg","keywords":["conseil municipal","pompes fun\u00e8bres","vente immobili\u00e8re","Vittel"],"articleSection":["A la Une","La Plaine","Politique","Vittel"],"inLanguage":"fr-FR","potentialAction":[{"@type":"CommentAction","name":"Comment","target":["https:\/\/vosgesinfo.fr\/laplainedesvosgesinfo\/2016\/07\/vittel-la-cession-dun-batiment-au-jardin-saint-eloi-fait-debat\/#respond"]}]},{"@type":"WebPage","@id":"https:\/\/vosgesinfo.fr\/laplainedesvosgesinfo\/2016\/07\/vittel-la-cession-dun-batiment-au-jardin-saint-eloi-fait-debat\/","url":"https:\/\/vosgesinfo.fr\/laplainedesvosgesinfo\/2016\/07\/vittel-la-cession-dun-batiment-au-jardin-saint-eloi-fait-debat\/","name":"Vittel \u2013 La cession d'un b\u00e2timent au \"Jardin Saint-Eloi\" fait d\u00e9bat - La Plaine des Vosges","isPartOf":{"@id":"https:\/\/vosgesinfo.fr\/laplainedesvosgesinfo\/#website"},"primaryImageOfPage":{"@id":"https:\/\/vosgesinfo.fr\/laplainedesvosgesinfo\/2016\/07\/vittel-la-cession-dun-batiment-au-jardin-saint-eloi-fait-debat\/#primaryimage"},"image":{"@id":"https:\/\/vosgesinfo.fr\/laplainedesvosgesinfo\/2016\/07\/vittel-la-cession-dun-batiment-au-jardin-saint-eloi-fait-debat\/#primaryimage"},"thumbnailUrl":"https:\/\/vosgesinfo.fr\/app\/uploads\/sites\/2\/2024\/06\/201607jardin-saint-eloi-vittel.jpg","datePublished":"2016-07-29T12:01:22+00:00","dateModified":"2016-07-29T12:01:22+00:00","breadcrumb":{"@id":"https:\/\/vosgesinfo.fr\/laplainedesvosgesinfo\/2016\/07\/vittel-la-cession-dun-batiment-au-jardin-saint-eloi-fait-debat\/#breadcrumb"},"inLanguage":"fr-FR","potentialAction":[{"@type":"ReadAction","target":["https:\/\/vosgesinfo.fr\/laplainedesvosgesinfo\/2016\/07\/vittel-la-cession-dun-batiment-au-jardin-saint-eloi-fait-debat\/"]}]},{"@type":"ImageObject","inLanguage":"fr-FR","@id":"https:\/\/vosgesinfo.fr\/laplainedesvosgesinfo\/2016\/07\/vittel-la-cession-dun-batiment-au-jardin-saint-eloi-fait-debat\/#primaryimage","url":"https:\/\/vosgesinfo.fr\/app\/uploads\/sites\/2\/2024\/06\/201607jardin-saint-eloi-vittel.jpg","contentUrl":"https:\/\/vosgesinfo.fr\/app\/uploads\/sites\/2\/2024\/06\/201607jardin-saint-eloi-vittel.jpg","width":800,"height":534},{"@type":"BreadcrumbList","@id":"https:\/\/vosgesinfo.fr\/laplainedesvosgesinfo\/2016\/07\/vittel-la-cession-dun-batiment-au-jardin-saint-eloi-fait-debat\/#breadcrumb","itemListElement":[{"@type":"ListItem","position":1,"name":"Home","item":"https:\/\/vosgesinfo.fr\/laplainedesvosgesinfo\/"},{"@type":"ListItem","position":2,"name":"Vittel \u2013 La cession d&rsquo;un b\u00e2timent au \u00ab\u00a0Jardin Saint-Eloi\u00a0\u00bb fait d\u00e9bat"}]},{"@type":"WebSite","@id":"https:\/\/vosgesinfo.fr\/laplainedesvosgesinfo\/#website","url":"https:\/\/vosgesinfo.fr\/laplainedesvosgesinfo\/","name":"La Plaine des Vosges","description":"Toute l&#039;actualit\u00e9 de la plaine de Vosges","publisher":{"@id":"https:\/\/vosgesinfo.fr\/laplainedesvosgesinfo\/#organization"},"alternateName":"Toute l'actualit\u00e9 de la plaine des Vosges","potentialAction":[{"@type":"SearchAction","target":{"@type":"EntryPoint","urlTemplate":"https:\/\/vosgesinfo.fr\/laplainedesvosgesinfo\/?s={search_term_string}"},"query-input":"required name=search_term_string"}],"inLanguage":"fr-FR"},{"@type":"Organization","@id":"https:\/\/vosgesinfo.fr\/laplainedesvosgesinfo\/#organization","name":"La Plaine des Vosges","url":"https:\/\/vosgesinfo.fr\/laplainedesvosgesinfo\/","logo":{"@type":"ImageObject","inLanguage":"fr-FR","@id":"https:\/\/vosgesinfo.fr\/laplainedesvosgesinfo\/#\/schema\/logo\/image\/","url":"https:\/\/vosgesinfo.fr\/app\/uploads\/sites\/2\/2023\/08\/logo-laplaineinfo.svg","contentUrl":"https:\/\/vosgesinfo.fr\/app\/uploads\/sites\/2\/2023\/08\/logo-laplaineinfo.svg","width":1,"height":1,"caption":"La Plaine des Vosges"},"image":{"@id":"https:\/\/vosgesinfo.fr\/laplainedesvosgesinfo\/#\/schema\/logo\/image\/"},"sameAs":["https:\/\/www.facebook.com\/laplainedesvosges","https:\/\/x.com\/VosgesInfo88","https:\/\/www.youtube.com\/@vosgesinfo"]},{"@type":"Person","@id":"https:\/\/vosgesinfo.fr\/laplainedesvosgesinfo\/#\/schema\/person\/bc5d02d71e6932e81b6dadb7386667b1","name":"qs_admin","image":{"@type":"ImageObject","inLanguage":"fr-FR","@id":"https:\/\/vosgesinfo.fr\/laplainedesvosgesinfo\/#\/schema\/person\/image\/","url":"https:\/\/secure.gravatar.com\/avatar\/94b18ee0ed79e4a42ea2f2931277b6841a8999fc6fde214600c78057cf1fe1de?s=96&d=mm&r=g","contentUrl":"https:\/\/secure.gravatar.com\/avatar\/94b18ee0ed79e4a42ea2f2931277b6841a8999fc6fde214600c78057cf1fe1de?s=96&d=mm&r=g","caption":"qs_admin"},"sameAs":["https:\/\/vosgesinfo.fr\/wp"],"url":"https:\/\/vosgesinfo.fr\/laplainedesvosgesinfo\/author\/qs_admin\/"}]}},"_links":{"self":[{"href":"https:\/\/vosgesinfo.fr\/laplainedesvosgesinfo\/wp-json\/wp\/v2\/posts\/5907","targetHints":{"allow":["GET"]}}],"collection":[{"href":"https:\/\/vosgesinfo.fr\/laplainedesvosgesinfo\/wp-json\/wp\/v2\/posts"}],"about":[{"href":"https:\/\/vosgesinfo.fr\/laplainedesvosgesinfo\/wp-json\/wp\/v2\/types\/post"}],"author":[{"embeddable":true,"href":"https:\/\/vosgesinfo.fr\/laplainedesvosgesinfo\/wp-json\/wp\/v2\/users\/1"}],"replies":[{"embeddable":true,"href":"https:\/\/vosgesinfo.fr\/laplainedesvosgesinfo\/wp-json\/wp\/v2\/comments?post=5907"}],"version-history":[{"count":0,"href":"https:\/\/vosgesinfo.fr\/laplainedesvosgesinfo\/wp-json\/wp\/v2\/posts\/5907\/revisions"}],"wp:featuredmedia":[{"embeddable":true,"href":"https:\/\/vosgesinfo.fr\/laplainedesvosgesinfo\/wp-json\/wp\/v2\/media\/5908"}],"wp:attachment":[{"href":"https:\/\/vosgesinfo.fr\/laplainedesvosgesinfo\/wp-json\/wp\/v2\/media?parent=5907"}],"wp:term":[{"taxonomy":"category","embeddable":true,"href":"https:\/\/vosgesinfo.fr\/laplainedesvosgesinfo\/wp-json\/wp\/v2\/categories?post=5907"},{"taxonomy":"post_tag","embeddable":true,"href":"https:\/\/vosgesinfo.fr\/laplainedesvosgesinfo\/wp-json\/wp\/v2\/tags?post=5907"}],"curies":[{"name":"wp","href":"https:\/\/api.w.org\/{rel}","templated":true}]}}