{"id":5909,"date":"2016-07-29T13:54:12","date_gmt":"2016-07-29T11:54:12","guid":{"rendered":"https:\/\/vosgesinfo.fr\/laplainedesvosgesinfo\/2016\/07\/neufchateau-premiere-edition-du-blast-knight\/"},"modified":"2016-07-29T13:54:12","modified_gmt":"2016-07-29T11:54:12","slug":"neufchateau-premiere-edition-du-blast-knight","status":"publish","type":"post","link":"https:\/\/vosgesinfo.fr\/laplainedesvosgesinfo\/2016\/07\/neufchateau-premiere-edition-du-blast-knight\/","title":{"rendered":"Neufch\u00e2teau &#8211; Premi\u00e8re \u00e9dition du \u00ab\u00a0Blast Knight\u00a0\u00bb"},"content":{"rendered":"<p><a href=\"\/2016\/07\/13301417_1045950125440617_2384726959795690597_o.jpg\"><img decoding=\"async\" class=\"aligncenter  wp-image-79030\" src=\"\/2016\/07\/13301417_1045950125440617_2384726959795690597_o.jpg\" alt=\"13301417_1045950125440617_2384726959795690597_o\" width=\"642\" height=\"543\" \/><\/a><\/p>\n<p><strong><span class=\"_4n-j fsl\">L&rsquo;association n\u00e9ocastrienne \u00ab\u00a0Dans la fosse\u00a0\u00bb organise sa premi\u00e8re soir\u00e9e &#8211; festival : \u00ab BLAST KNIGHT 1 \u00bb (\u00abchevaliers du blast\u00bb en fran\u00e7ais) qui verra six groupes \u00ab\u00a0death metal\u00a0\u00bb se produire de 18h \u00e0 2h du matin au Trait d&rsquo;Union.<br \/>\n<\/span><\/strong><\/p>\n<p><span class=\"_4n-j fsl\">Au programme : <\/span><\/p>\n<ul>\n<li><span class=\"_4n-j fsl\">OBSIDIUM (Death metal m\u00e9lodique &#8211; Epinal)<\/span><\/li>\n<\/ul>\n<p><span class=\"_4n-j fsl\">N\u00e9e sur les cendres du groupe \u00ab\u00a0Omerta\u00a0\u00bb, et fort d&rsquo;un r\u00e9cent premier EP prometteur, l&rsquo;\u00e9quipe des spinaliens ouvrira la soir\u00e9e et compte bien d\u00e9fendre sa musique \u00e9nergique.<\/span><\/p>\n<ul>\n<li><span class=\"_4n-j fsl\"><span class=\"text_exposed_show\">AD PATRES (Death metal \u2013 Bordeaux)<\/span><\/span><\/li>\n<\/ul>\n<p><span class=\"_4n-j fsl\"><span class=\"text_exposed_show\">Rapides, les compositions de ces musiciens n&rsquo;en sont pas moins m\u00e9thodiques et c&rsquo;est vers de sombres abysses qu&rsquo;ils vous entraineront. Alors laissez vous partir et n&rsquo;essayez pas de remonter, il est d\u00e9j\u00e0 trop tard !<\/span><\/span><\/p>\n<ul>\n<li><span class=\"_4n-j fsl\"><span class=\"text_exposed_show\">DEFACED (Death metal \u2013 Berne\/Suisse)<\/span><\/span><\/li>\n<\/ul>\n<p><span class=\"_4n-j fsl\"><span class=\"text_exposed_show\">En 2015 sortait \u00ab\u00a0Forging sanctuary\u00a0\u00bb, leur deuxi\u00e8me opus qui marqua les esprits par sa puissance sombre. Nous sommes fiers de pouvoir vous faire d\u00e9couvrir ce quatuor qui risque de vous mettre une claque monumentale ! <\/span><\/span><\/p>\n<ul>\n<li><span class=\"_4n-j fsl\"><span class=\"text_exposed_show\">RECUEIL MORBIDE (Brutal Death Metal \u2013 Montb\u00e9liard)<\/span><\/span><\/li>\n<\/ul>\n<p><span class=\"_4n-j fsl\"><span class=\"text_exposed_show\">La progression au fil des ann\u00e9es des francs-comtois est \u00e0 saluer avec respect, en t\u00e9moigne l&rsquo;\u00e9norme travail r\u00e9alis\u00e9 sur leur dernier album \u00ab\u00a0Morbide collection\u00a0\u00bb r\u00e9cemment sorti. Nous les accueillerons donc avec la certitude qu&rsquo;ils vous botteront les fesses avec leur folie communicative.<\/span><\/span><\/p>\n<ul>\n<li><span class=\"_4n-j fsl\"><span class=\"text_exposed_show\">KRONOS (Brutal Death Metal \u2013Thaon-les-Vosges)<\/span><\/span><\/li>\n<\/ul>\n<p><span class=\"_4n-j fsl\"><span class=\"text_exposed_show\">Quoi de plus normal pour notre premi\u00e8re \u00e9dition du BLAST KNIGHT, que cet excellent groupe lorrain de c\u0153ur !<br \/>\nDepuis plus de 20 ans ils d\u00e9chainent leurs riffs maitris\u00e9s et viendront pr\u00e9senter leur dernier album \u00ab\u00a0Arisen new era\u00a0\u00bb sorti il y a un an.<\/span><\/span><\/p>\n<ul>\n<li><span class=\"_4n-j fsl\"><span class=\"text_exposed_show\">GOROD (Death metal progressif &#8211; Bordeaux)<\/span><\/span><\/li>\n<\/ul>\n<p><span class=\"_4n-j fsl\"><span class=\"text_exposed_show\">Trois ans apr\u00e8s leur passage remarqu\u00e9 \u00e0 Neufch\u00e2teau, revoil\u00e0 les 5 virtuoses pr\u00eat \u00e0 en d\u00e9coudre. Ils viennent enfoncer le clou gr\u00e2ce \u00e0 un nouvel album sorti il y a quelques mois qui confirme encore une fois leur violente cr\u00e9ativit\u00e9.<br \/>\n<\/span><\/span><\/p>\n<p><span class=\"_4n-j fsl\"><span class=\"text_exposed_show\">Restauration, buvette et un espace d\u00e9tente sont \u00e9galement pr\u00e9vus.<\/span><\/span><\/p>\n<p><span class=\"_4n-j fsl\"><span class=\"text_exposed_show\">Tarif : 15 \u20ac<\/span><\/span><\/p>\n","protected":false},"excerpt":{"rendered":"<p>L&rsquo;association n\u00e9ocastrienne \u00ab\u00a0Dans la fosse\u00a0\u00bb organise sa premi\u00e8re soir\u00e9e &#8211; festival : \u00ab BLAST KNIGHT 1 \u00bb (\u00abchevaliers du blast\u00bb [&hellip;]<\/p>\n","protected":false},"author":1,"featured_media":5910,"comment_status":"open","ping_status":"open","sticky":false,"template":"","format":"standard","meta":{"footnotes":""},"categories":[42,4,37,428],"tags":[1777,1778,455],"class_list":["post-5909","post","type-post","status-publish","format-standard","has-post-thumbnail","hentry","category-concert","category-culture","category-la-plaine","category-neufchateau-la-plaine","tag-concert-metal","tag-dans-la-fosse","tag-neufchateau"],"acf":[],"yoast_head":"<!-- This site is optimized with the Yoast SEO plugin v22.5 - https:\/\/yoast.com\/wordpress\/plugins\/seo\/ -->\n<title>Neufch\u00e2teau - Premi\u00e8re \u00e9dition du &quot;Blast Knight&quot; - La Plaine des Vosges<\/title>\n<meta name=\"robots\" content=\"index, follow, max-snippet:-1, max-image-preview:large, max-video-preview:-1\" \/>\n<link rel=\"canonical\" href=\"https:\/\/vosgesinfo.fr\/laplainedesvosgesinfo\/2016\/07\/neufchateau-premiere-edition-du-blast-knight\/\" \/>\n<meta name=\"twitter:card\" content=\"summary_large_image\" \/>\n<meta name=\"twitter:title\" content=\"Neufch\u00e2teau - Premi\u00e8re \u00e9dition du &quot;Blast Knight&quot; - La Plaine des Vosges\" \/>\n<meta name=\"twitter:description\" content=\"L&rsquo;association n\u00e9ocastrienne \u00ab\u00a0Dans la fosse\u00a0\u00bb organise sa premi\u00e8re soir\u00e9e &#8211; festival : \u00ab BLAST KNIGHT 1 \u00bb (\u00abchevaliers du blast\u00bb [&hellip;]\" \/>\n<meta name=\"twitter:image\" content=\"https:\/\/vosgesinfo.fr\/app\/uploads\/sites\/2\/2024\/06\/20160713301417-1045950125440617-2384726959795690597-o.jpg\" \/>\n<meta name=\"twitter:creator\" content=\"@VosgesInfo88\" \/>\n<meta name=\"twitter:site\" content=\"@VosgesInfo88\" \/>\n<meta name=\"twitter:label1\" content=\"\u00c9crit par\" \/>\n\t<meta name=\"twitter:data1\" content=\"qs_admin\" \/>\n\t<meta name=\"twitter:label2\" content=\"Dur\u00e9e de lecture estim\u00e9e\" \/>\n\t<meta name=\"twitter:data2\" content=\"2 minutes\" \/>\n<script type=\"application\/ld+json\" class=\"yoast-schema-graph\">{\"@context\":\"https:\/\/schema.org\",\"@graph\":[{\"@type\":\"Article\",\"@id\":\"https:\/\/vosgesinfo.fr\/laplainedesvosgesinfo\/2016\/07\/neufchateau-premiere-edition-du-blast-knight\/#article\",\"isPartOf\":{\"@id\":\"https:\/\/vosgesinfo.fr\/laplainedesvosgesinfo\/2016\/07\/neufchateau-premiere-edition-du-blast-knight\/\"},\"author\":{\"name\":\"qs_admin\",\"@id\":\"https:\/\/vosgesinfo.fr\/laplainedesvosgesinfo\/#\/schema\/person\/bc5d02d71e6932e81b6dadb7386667b1\"},\"headline\":\"Neufch\u00e2teau &#8211; Premi\u00e8re \u00e9dition du \u00ab\u00a0Blast Knight\u00a0\u00bb\",\"datePublished\":\"2016-07-29T11:54:12+00:00\",\"dateModified\":\"2016-07-29T11:54:12+00:00\",\"mainEntityOfPage\":{\"@id\":\"https:\/\/vosgesinfo.fr\/laplainedesvosgesinfo\/2016\/07\/neufchateau-premiere-edition-du-blast-knight\/\"},\"wordCount\":342,\"commentCount\":0,\"publisher\":{\"@id\":\"https:\/\/vosgesinfo.fr\/laplainedesvosgesinfo\/#organization\"},\"image\":{\"@id\":\"https:\/\/vosgesinfo.fr\/laplainedesvosgesinfo\/2016\/07\/neufchateau-premiere-edition-du-blast-knight\/#primaryimage\"},\"thumbnailUrl\":\"https:\/\/vosgesinfo.fr\/app\/uploads\/sites\/2\/2024\/06\/20160713301417-1045950125440617-2384726959795690597-o.jpg\",\"keywords\":[\"concert m\u00e9tal\",\"Dans la fosse\",\"neufchateau\"],\"articleSection\":[\"Concert\",\"Culture\",\"La Plaine\",\"Neufch\u00e2teau\"],\"inLanguage\":\"fr-FR\",\"potentialAction\":[{\"@type\":\"CommentAction\",\"name\":\"Comment\",\"target\":[\"https:\/\/vosgesinfo.fr\/laplainedesvosgesinfo\/2016\/07\/neufchateau-premiere-edition-du-blast-knight\/#respond\"]}]},{\"@type\":\"WebPage\",\"@id\":\"https:\/\/vosgesinfo.fr\/laplainedesvosgesinfo\/2016\/07\/neufchateau-premiere-edition-du-blast-knight\/\",\"url\":\"https:\/\/vosgesinfo.fr\/laplainedesvosgesinfo\/2016\/07\/neufchateau-premiere-edition-du-blast-knight\/\",\"name\":\"Neufch\u00e2teau - Premi\u00e8re \u00e9dition du \\\"Blast Knight\\\" - La Plaine des Vosges\",\"isPartOf\":{\"@id\":\"https:\/\/vosgesinfo.fr\/laplainedesvosgesinfo\/#website\"},\"primaryImageOfPage\":{\"@id\":\"https:\/\/vosgesinfo.fr\/laplainedesvosgesinfo\/2016\/07\/neufchateau-premiere-edition-du-blast-knight\/#primaryimage\"},\"image\":{\"@id\":\"https:\/\/vosgesinfo.fr\/laplainedesvosgesinfo\/2016\/07\/neufchateau-premiere-edition-du-blast-knight\/#primaryimage\"},\"thumbnailUrl\":\"https:\/\/vosgesinfo.fr\/app\/uploads\/sites\/2\/2024\/06\/20160713301417-1045950125440617-2384726959795690597-o.jpg\",\"datePublished\":\"2016-07-29T11:54:12+00:00\",\"dateModified\":\"2016-07-29T11:54:12+00:00\",\"breadcrumb\":{\"@id\":\"https:\/\/vosgesinfo.fr\/laplainedesvosgesinfo\/2016\/07\/neufchateau-premiere-edition-du-blast-knight\/#breadcrumb\"},\"inLanguage\":\"fr-FR\",\"potentialAction\":[{\"@type\":\"ReadAction\",\"target\":[\"https:\/\/vosgesinfo.fr\/laplainedesvosgesinfo\/2016\/07\/neufchateau-premiere-edition-du-blast-knight\/\"]}]},{\"@type\":\"ImageObject\",\"inLanguage\":\"fr-FR\",\"@id\":\"https:\/\/vosgesinfo.fr\/laplainedesvosgesinfo\/2016\/07\/neufchateau-premiere-edition-du-blast-knight\/#primaryimage\",\"url\":\"https:\/\/vosgesinfo.fr\/app\/uploads\/sites\/2\/2024\/06\/20160713301417-1045950125440617-2384726959795690597-o.jpg\",\"contentUrl\":\"https:\/\/vosgesinfo.fr\/app\/uploads\/sites\/2\/2024\/06\/20160713301417-1045950125440617-2384726959795690597-o.jpg\",\"width\":800,\"height\":677},{\"@type\":\"BreadcrumbList\",\"@id\":\"https:\/\/vosgesinfo.fr\/laplainedesvosgesinfo\/2016\/07\/neufchateau-premiere-edition-du-blast-knight\/#breadcrumb\",\"itemListElement\":[{\"@type\":\"ListItem\",\"position\":1,\"name\":\"Home\",\"item\":\"https:\/\/vosgesinfo.fr\/laplainedesvosgesinfo\/\"},{\"@type\":\"ListItem\",\"position\":2,\"name\":\"Neufch\u00e2teau &#8211; Premi\u00e8re \u00e9dition du \u00ab\u00a0Blast Knight\u00a0\u00bb\"}]},{\"@type\":\"WebSite\",\"@id\":\"https:\/\/vosgesinfo.fr\/laplainedesvosgesinfo\/#website\",\"url\":\"https:\/\/vosgesinfo.fr\/laplainedesvosgesinfo\/\",\"name\":\"La Plaine des Vosges\",\"description\":\"Toute l&#039;actualit\u00e9 de la plaine de Vosges\",\"publisher\":{\"@id\":\"https:\/\/vosgesinfo.fr\/laplainedesvosgesinfo\/#organization\"},\"alternateName\":\"Toute l'actualit\u00e9 de la plaine des Vosges\",\"potentialAction\":[{\"@type\":\"SearchAction\",\"target\":{\"@type\":\"EntryPoint\",\"urlTemplate\":\"https:\/\/vosgesinfo.fr\/laplainedesvosgesinfo\/?s={search_term_string}\"},\"query-input\":\"required name=search_term_string\"}],\"inLanguage\":\"fr-FR\"},{\"@type\":\"Organization\",\"@id\":\"https:\/\/vosgesinfo.fr\/laplainedesvosgesinfo\/#organization\",\"name\":\"La Plaine des Vosges\",\"url\":\"https:\/\/vosgesinfo.fr\/laplainedesvosgesinfo\/\",\"logo\":{\"@type\":\"ImageObject\",\"inLanguage\":\"fr-FR\",\"@id\":\"https:\/\/vosgesinfo.fr\/laplainedesvosgesinfo\/#\/schema\/logo\/image\/\",\"url\":\"https:\/\/vosgesinfo.fr\/app\/uploads\/sites\/2\/2023\/08\/logo-laplaineinfo.svg\",\"contentUrl\":\"https:\/\/vosgesinfo.fr\/app\/uploads\/sites\/2\/2023\/08\/logo-laplaineinfo.svg\",\"width\":1,\"height\":1,\"caption\":\"La Plaine des Vosges\"},\"image\":{\"@id\":\"https:\/\/vosgesinfo.fr\/laplainedesvosgesinfo\/#\/schema\/logo\/image\/\"},\"sameAs\":[\"https:\/\/www.facebook.com\/laplainedesvosges\",\"https:\/\/x.com\/VosgesInfo88\",\"https:\/\/www.youtube.com\/@vosgesinfo\"]},{\"@type\":\"Person\",\"@id\":\"https:\/\/vosgesinfo.fr\/laplainedesvosgesinfo\/#\/schema\/person\/bc5d02d71e6932e81b6dadb7386667b1\",\"name\":\"qs_admin\",\"image\":{\"@type\":\"ImageObject\",\"inLanguage\":\"fr-FR\",\"@id\":\"https:\/\/vosgesinfo.fr\/laplainedesvosgesinfo\/#\/schema\/person\/image\/\",\"url\":\"https:\/\/secure.gravatar.com\/avatar\/94b18ee0ed79e4a42ea2f2931277b6841a8999fc6fde214600c78057cf1fe1de?s=96&d=mm&r=g\",\"contentUrl\":\"https:\/\/secure.gravatar.com\/avatar\/94b18ee0ed79e4a42ea2f2931277b6841a8999fc6fde214600c78057cf1fe1de?s=96&d=mm&r=g\",\"caption\":\"qs_admin\"},\"sameAs\":[\"https:\/\/vosgesinfo.fr\/wp\"],\"url\":\"https:\/\/vosgesinfo.fr\/laplainedesvosgesinfo\/author\/qs_admin\/\"}]}<\/script>\n<!-- \/ Yoast SEO plugin. -->","yoast_head_json":{"title":"Neufch\u00e2teau - Premi\u00e8re \u00e9dition du \"Blast Knight\" - La Plaine des Vosges","robots":{"index":"index","follow":"follow","max-snippet":"max-snippet:-1","max-image-preview":"max-image-preview:large","max-video-preview":"max-video-preview:-1"},"canonical":"https:\/\/vosgesinfo.fr\/laplainedesvosgesinfo\/2016\/07\/neufchateau-premiere-edition-du-blast-knight\/","twitter_card":"summary_large_image","twitter_title":"Neufch\u00e2teau - Premi\u00e8re \u00e9dition du \"Blast Knight\" - La Plaine des Vosges","twitter_description":"L&rsquo;association n\u00e9ocastrienne \u00ab\u00a0Dans la fosse\u00a0\u00bb organise sa premi\u00e8re soir\u00e9e &#8211; festival : \u00ab BLAST KNIGHT 1 \u00bb (\u00abchevaliers du blast\u00bb [&hellip;]","twitter_image":"https:\/\/vosgesinfo.fr\/app\/uploads\/sites\/2\/2024\/06\/20160713301417-1045950125440617-2384726959795690597-o.jpg","twitter_creator":"@VosgesInfo88","twitter_site":"@VosgesInfo88","twitter_misc":{"\u00c9crit par":"qs_admin","Dur\u00e9e de lecture estim\u00e9e":"2 minutes"},"schema":{"@context":"https:\/\/schema.org","@graph":[{"@type":"Article","@id":"https:\/\/vosgesinfo.fr\/laplainedesvosgesinfo\/2016\/07\/neufchateau-premiere-edition-du-blast-knight\/#article","isPartOf":{"@id":"https:\/\/vosgesinfo.fr\/laplainedesvosgesinfo\/2016\/07\/neufchateau-premiere-edition-du-blast-knight\/"},"author":{"name":"qs_admin","@id":"https:\/\/vosgesinfo.fr\/laplainedesvosgesinfo\/#\/schema\/person\/bc5d02d71e6932e81b6dadb7386667b1"},"headline":"Neufch\u00e2teau &#8211; Premi\u00e8re \u00e9dition du \u00ab\u00a0Blast Knight\u00a0\u00bb","datePublished":"2016-07-29T11:54:12+00:00","dateModified":"2016-07-29T11:54:12+00:00","mainEntityOfPage":{"@id":"https:\/\/vosgesinfo.fr\/laplainedesvosgesinfo\/2016\/07\/neufchateau-premiere-edition-du-blast-knight\/"},"wordCount":342,"commentCount":0,"publisher":{"@id":"https:\/\/vosgesinfo.fr\/laplainedesvosgesinfo\/#organization"},"image":{"@id":"https:\/\/vosgesinfo.fr\/laplainedesvosgesinfo\/2016\/07\/neufchateau-premiere-edition-du-blast-knight\/#primaryimage"},"thumbnailUrl":"https:\/\/vosgesinfo.fr\/app\/uploads\/sites\/2\/2024\/06\/20160713301417-1045950125440617-2384726959795690597-o.jpg","keywords":["concert m\u00e9tal","Dans la fosse","neufchateau"],"articleSection":["Concert","Culture","La Plaine","Neufch\u00e2teau"],"inLanguage":"fr-FR","potentialAction":[{"@type":"CommentAction","name":"Comment","target":["https:\/\/vosgesinfo.fr\/laplainedesvosgesinfo\/2016\/07\/neufchateau-premiere-edition-du-blast-knight\/#respond"]}]},{"@type":"WebPage","@id":"https:\/\/vosgesinfo.fr\/laplainedesvosgesinfo\/2016\/07\/neufchateau-premiere-edition-du-blast-knight\/","url":"https:\/\/vosgesinfo.fr\/laplainedesvosgesinfo\/2016\/07\/neufchateau-premiere-edition-du-blast-knight\/","name":"Neufch\u00e2teau - Premi\u00e8re \u00e9dition du \"Blast Knight\" - La Plaine des Vosges","isPartOf":{"@id":"https:\/\/vosgesinfo.fr\/laplainedesvosgesinfo\/#website"},"primaryImageOfPage":{"@id":"https:\/\/vosgesinfo.fr\/laplainedesvosgesinfo\/2016\/07\/neufchateau-premiere-edition-du-blast-knight\/#primaryimage"},"image":{"@id":"https:\/\/vosgesinfo.fr\/laplainedesvosgesinfo\/2016\/07\/neufchateau-premiere-edition-du-blast-knight\/#primaryimage"},"thumbnailUrl":"https:\/\/vosgesinfo.fr\/app\/uploads\/sites\/2\/2024\/06\/20160713301417-1045950125440617-2384726959795690597-o.jpg","datePublished":"2016-07-29T11:54:12+00:00","dateModified":"2016-07-29T11:54:12+00:00","breadcrumb":{"@id":"https:\/\/vosgesinfo.fr\/laplainedesvosgesinfo\/2016\/07\/neufchateau-premiere-edition-du-blast-knight\/#breadcrumb"},"inLanguage":"fr-FR","potentialAction":[{"@type":"ReadAction","target":["https:\/\/vosgesinfo.fr\/laplainedesvosgesinfo\/2016\/07\/neufchateau-premiere-edition-du-blast-knight\/"]}]},{"@type":"ImageObject","inLanguage":"fr-FR","@id":"https:\/\/vosgesinfo.fr\/laplainedesvosgesinfo\/2016\/07\/neufchateau-premiere-edition-du-blast-knight\/#primaryimage","url":"https:\/\/vosgesinfo.fr\/app\/uploads\/sites\/2\/2024\/06\/20160713301417-1045950125440617-2384726959795690597-o.jpg","contentUrl":"https:\/\/vosgesinfo.fr\/app\/uploads\/sites\/2\/2024\/06\/20160713301417-1045950125440617-2384726959795690597-o.jpg","width":800,"height":677},{"@type":"BreadcrumbList","@id":"https:\/\/vosgesinfo.fr\/laplainedesvosgesinfo\/2016\/07\/neufchateau-premiere-edition-du-blast-knight\/#breadcrumb","itemListElement":[{"@type":"ListItem","position":1,"name":"Home","item":"https:\/\/vosgesinfo.fr\/laplainedesvosgesinfo\/"},{"@type":"ListItem","position":2,"name":"Neufch\u00e2teau &#8211; Premi\u00e8re \u00e9dition du \u00ab\u00a0Blast Knight\u00a0\u00bb"}]},{"@type":"WebSite","@id":"https:\/\/vosgesinfo.fr\/laplainedesvosgesinfo\/#website","url":"https:\/\/vosgesinfo.fr\/laplainedesvosgesinfo\/","name":"La Plaine des Vosges","description":"Toute l&#039;actualit\u00e9 de la plaine de Vosges","publisher":{"@id":"https:\/\/vosgesinfo.fr\/laplainedesvosgesinfo\/#organization"},"alternateName":"Toute l'actualit\u00e9 de la plaine des Vosges","potentialAction":[{"@type":"SearchAction","target":{"@type":"EntryPoint","urlTemplate":"https:\/\/vosgesinfo.fr\/laplainedesvosgesinfo\/?s={search_term_string}"},"query-input":"required name=search_term_string"}],"inLanguage":"fr-FR"},{"@type":"Organization","@id":"https:\/\/vosgesinfo.fr\/laplainedesvosgesinfo\/#organization","name":"La Plaine des Vosges","url":"https:\/\/vosgesinfo.fr\/laplainedesvosgesinfo\/","logo":{"@type":"ImageObject","inLanguage":"fr-FR","@id":"https:\/\/vosgesinfo.fr\/laplainedesvosgesinfo\/#\/schema\/logo\/image\/","url":"https:\/\/vosgesinfo.fr\/app\/uploads\/sites\/2\/2023\/08\/logo-laplaineinfo.svg","contentUrl":"https:\/\/vosgesinfo.fr\/app\/uploads\/sites\/2\/2023\/08\/logo-laplaineinfo.svg","width":1,"height":1,"caption":"La Plaine des Vosges"},"image":{"@id":"https:\/\/vosgesinfo.fr\/laplainedesvosgesinfo\/#\/schema\/logo\/image\/"},"sameAs":["https:\/\/www.facebook.com\/laplainedesvosges","https:\/\/x.com\/VosgesInfo88","https:\/\/www.youtube.com\/@vosgesinfo"]},{"@type":"Person","@id":"https:\/\/vosgesinfo.fr\/laplainedesvosgesinfo\/#\/schema\/person\/bc5d02d71e6932e81b6dadb7386667b1","name":"qs_admin","image":{"@type":"ImageObject","inLanguage":"fr-FR","@id":"https:\/\/vosgesinfo.fr\/laplainedesvosgesinfo\/#\/schema\/person\/image\/","url":"https:\/\/secure.gravatar.com\/avatar\/94b18ee0ed79e4a42ea2f2931277b6841a8999fc6fde214600c78057cf1fe1de?s=96&d=mm&r=g","contentUrl":"https:\/\/secure.gravatar.com\/avatar\/94b18ee0ed79e4a42ea2f2931277b6841a8999fc6fde214600c78057cf1fe1de?s=96&d=mm&r=g","caption":"qs_admin"},"sameAs":["https:\/\/vosgesinfo.fr\/wp"],"url":"https:\/\/vosgesinfo.fr\/laplainedesvosgesinfo\/author\/qs_admin\/"}]}},"_links":{"self":[{"href":"https:\/\/vosgesinfo.fr\/laplainedesvosgesinfo\/wp-json\/wp\/v2\/posts\/5909","targetHints":{"allow":["GET"]}}],"collection":[{"href":"https:\/\/vosgesinfo.fr\/laplainedesvosgesinfo\/wp-json\/wp\/v2\/posts"}],"about":[{"href":"https:\/\/vosgesinfo.fr\/laplainedesvosgesinfo\/wp-json\/wp\/v2\/types\/post"}],"author":[{"embeddable":true,"href":"https:\/\/vosgesinfo.fr\/laplainedesvosgesinfo\/wp-json\/wp\/v2\/users\/1"}],"replies":[{"embeddable":true,"href":"https:\/\/vosgesinfo.fr\/laplainedesvosgesinfo\/wp-json\/wp\/v2\/comments?post=5909"}],"version-history":[{"count":0,"href":"https:\/\/vosgesinfo.fr\/laplainedesvosgesinfo\/wp-json\/wp\/v2\/posts\/5909\/revisions"}],"wp:featuredmedia":[{"embeddable":true,"href":"https:\/\/vosgesinfo.fr\/laplainedesvosgesinfo\/wp-json\/wp\/v2\/media\/5910"}],"wp:attachment":[{"href":"https:\/\/vosgesinfo.fr\/laplainedesvosgesinfo\/wp-json\/wp\/v2\/media?parent=5909"}],"wp:term":[{"taxonomy":"category","embeddable":true,"href":"https:\/\/vosgesinfo.fr\/laplainedesvosgesinfo\/wp-json\/wp\/v2\/categories?post=5909"},{"taxonomy":"post_tag","embeddable":true,"href":"https:\/\/vosgesinfo.fr\/laplainedesvosgesinfo\/wp-json\/wp\/v2\/tags?post=5909"}],"curies":[{"name":"wp","href":"https:\/\/api.w.org\/{rel}","templated":true}]}}