{"id":5915,"date":"2016-07-30T04:50:21","date_gmt":"2016-07-30T02:50:21","guid":{"rendered":"https:\/\/vosgesinfo.fr\/laplainedesvosgesinfo\/2016\/07\/rallye-de-la-plaine-epreuve-de-la-ville-de-mirecourt-en-images\/"},"modified":"2016-07-30T04:50:21","modified_gmt":"2016-07-30T02:50:21","slug":"rallye-de-la-plaine-epreuve-de-la-ville-de-mirecourt-en-images","status":"publish","type":"post","link":"https:\/\/vosgesinfo.fr\/laplainedesvosgesinfo\/2016\/07\/rallye-de-la-plaine-epreuve-de-la-ville-de-mirecourt-en-images\/","title":{"rendered":"Rallye de la Plaine &#8211; \u00c9preuve de la ville de Mirecourt en images"},"content":{"rendered":"<p style=\"text-align: justify;\"><a href=\"\/2016\/07\/min-rallye-circuit-mirecourt-6-Copie.jpg\"><img decoding=\"async\" class=\"aligncenter size-full wp-image-79039\" src=\"\/2016\/07\/min-rallye-circuit-mirecourt-6-Copie.jpg\" alt=\"min-rallye-circuit-mirecourt (6) - Copie\" width=\"1024\" height=\"687\" \/><\/a><\/p>\n<p style=\"text-align: justify;\"><strong>Ce vendredi 29 et samedi 30 se d\u00e9roule la 39\u00e8me \u00e9dition du Rallye de la Plaine, doubl\u00e9e du 6\u00e8me Rallye VHC et du 2\u00e8me Rallye VHRS. Rallye comptant pour la Coupe de France et le Championnat du Luxembourg.<\/strong> Cet \u00e9v\u00e8nement est organis\u00e9 par l&rsquo;association ASA Mirecourt, avec l&rsquo;aide de tous ses b\u00e9n\u00e9voles. Plus de 145 v\u00e9hicules \u00e9taient inscrits au d\u00e9part des courses, vendredi matin.<\/p>\n<p style=\"text-align: justify;\">Cette manifestation a \u00e9t\u00e9 mise en place avec le concours et l\u2019implication de la Ville de Mirecourt, ses Services Techniques, surtout pour la mise en \u0153uvre de l\u2019\u00e9preuve chronom\u00e9tr\u00e9e en ville, qui cette ann\u00e9e a vu sa longueur doubl\u00e9e par l\u2019accomplissement de deux tours par les concurrents. La Communaut\u00e9 de Communes du Pays de Mirecourt, la r\u00e9gion Grand-Est et l&rsquo;Union des Commer\u00e7ants ont aussi particip\u00e9 \u00e0 cet organisation.<\/p>\n<p style=\"text-align: justify;\">Pour que ce rendez-vous soit un v\u00e9ritable succ\u00e8s quelques r\u00e8gles sont \u00e0 respecter, \u00e0 savoir :<\/p>\n<ul>\n<li style=\"text-align: justify;\">Respectez les consignes des commissaires, ils sont l\u00e0 pour votre s\u00e9curit\u00e9.<\/li>\n<li style=\"text-align: justify;\">Respectez les balisages et les rubalises mis en place par l\u2019organisation, ils sont \u00e9galement l\u00e0 pour votre s\u00e9curit\u00e9.<\/li>\n<li style=\"text-align: justify;\">Respectez la nature en ne laissant rien derri\u00e8re vous.<\/li>\n<\/ul>\n<p>Ce vendredi en fin d&rsquo;apr\u00e8s-midi, se d\u00e9roulait l&rsquo;\u00e9preuve chronom\u00e9tr\u00e9e de la \u00ab\u00a0Ville de Mirecourt\u00a0\u00bb, d&rsquo;une distance de 3,041kms. Les bolides r\u00e9alisaient un circuit en contre-bas du Madon. De nombreux fans, amateurs de voitures de courses ou simple curieux se sont r\u00e9unis aux abords du Madon et aux endroits autoris\u00e9s, afin d&rsquo;admirer le spectacle. Retour en images sur cette course.<\/p>\n<p>A.J.<\/p>\n\n<div style=\"text-align: justify;\" data-canvas-width=\"245.89575\"><\/div>\n","protected":false},"excerpt":{"rendered":"<p>Ce vendredi 29 et samedi 30 se d\u00e9roule la 39\u00e8me \u00e9dition du Rallye de la Plaine, doubl\u00e9e du 6\u00e8me Rallye [&hellip;]<\/p>\n","protected":false},"author":1,"featured_media":5916,"comment_status":"open","ping_status":"open","sticky":false,"template":"","format":"standard","meta":{"footnotes":""},"categories":[29,37,195,14],"tags":[220,1783,1048],"class_list":["post-5915","post","type-post","status-publish","format-standard","has-post-thumbnail","hentry","category-a-la-une","category-la-plaine","category-mirecourt-la-plaine","category-sport","tag-mirecourt","tag-rallye-de-la-plaine","tag-sport"],"acf":[],"yoast_head":"<!-- This site is optimized with the Yoast SEO plugin v22.5 - https:\/\/yoast.com\/wordpress\/plugins\/seo\/ -->\n<title>Rallye de la Plaine - \u00c9preuve de la ville de Mirecourt en images - La Plaine des Vosges<\/title>\n<meta name=\"robots\" content=\"index, follow, max-snippet:-1, max-image-preview:large, max-video-preview:-1\" \/>\n<link rel=\"canonical\" href=\"https:\/\/vosgesinfo.fr\/laplainedesvosgesinfo\/2016\/07\/rallye-de-la-plaine-epreuve-de-la-ville-de-mirecourt-en-images\/\" \/>\n<meta name=\"twitter:card\" content=\"summary_large_image\" \/>\n<meta name=\"twitter:title\" content=\"Rallye de la Plaine - \u00c9preuve de la ville de Mirecourt en images - La Plaine des Vosges\" \/>\n<meta name=\"twitter:description\" content=\"Ce vendredi 29 et samedi 30 se d\u00e9roule la 39\u00e8me \u00e9dition du Rallye de la Plaine, doubl\u00e9e du 6\u00e8me Rallye [&hellip;]\" \/>\n<meta name=\"twitter:image\" content=\"https:\/\/vosgesinfo.fr\/app\/uploads\/sites\/2\/2024\/06\/201607min-rallye-circuit-mirecourt-6-copie.jpg\" \/>\n<meta name=\"twitter:creator\" content=\"@VosgesInfo88\" \/>\n<meta name=\"twitter:site\" content=\"@VosgesInfo88\" \/>\n<meta name=\"twitter:label1\" content=\"\u00c9crit par\" \/>\n\t<meta name=\"twitter:data1\" content=\"qs_admin\" \/>\n\t<meta name=\"twitter:label2\" content=\"Dur\u00e9e de lecture estim\u00e9e\" \/>\n\t<meta name=\"twitter:data2\" content=\"1 minute\" \/>\n<script type=\"application\/ld+json\" class=\"yoast-schema-graph\">{\"@context\":\"https:\/\/schema.org\",\"@graph\":[{\"@type\":\"Article\",\"@id\":\"https:\/\/vosgesinfo.fr\/laplainedesvosgesinfo\/2016\/07\/rallye-de-la-plaine-epreuve-de-la-ville-de-mirecourt-en-images\/#article\",\"isPartOf\":{\"@id\":\"https:\/\/vosgesinfo.fr\/laplainedesvosgesinfo\/2016\/07\/rallye-de-la-plaine-epreuve-de-la-ville-de-mirecourt-en-images\/\"},\"author\":{\"name\":\"qs_admin\",\"@id\":\"https:\/\/vosgesinfo.fr\/laplainedesvosgesinfo\/#\/schema\/person\/bc5d02d71e6932e81b6dadb7386667b1\"},\"headline\":\"Rallye de la Plaine &#8211; \u00c9preuve de la ville de Mirecourt en images\",\"datePublished\":\"2016-07-30T02:50:21+00:00\",\"dateModified\":\"2016-07-30T02:50:21+00:00\",\"mainEntityOfPage\":{\"@id\":\"https:\/\/vosgesinfo.fr\/laplainedesvosgesinfo\/2016\/07\/rallye-de-la-plaine-epreuve-de-la-ville-de-mirecourt-en-images\/\"},\"wordCount\":298,\"commentCount\":0,\"publisher\":{\"@id\":\"https:\/\/vosgesinfo.fr\/laplainedesvosgesinfo\/#organization\"},\"image\":{\"@id\":\"https:\/\/vosgesinfo.fr\/laplainedesvosgesinfo\/2016\/07\/rallye-de-la-plaine-epreuve-de-la-ville-de-mirecourt-en-images\/#primaryimage\"},\"thumbnailUrl\":\"https:\/\/vosgesinfo.fr\/app\/uploads\/sites\/2\/2024\/06\/201607min-rallye-circuit-mirecourt-6-copie.jpg\",\"keywords\":[\"Mirecourt\",\"Rallye de la Plaine\",\"sport\"],\"articleSection\":[\"A la Une\",\"La Plaine\",\"Mirecourt\",\"Sport\"],\"inLanguage\":\"fr-FR\",\"potentialAction\":[{\"@type\":\"CommentAction\",\"name\":\"Comment\",\"target\":[\"https:\/\/vosgesinfo.fr\/laplainedesvosgesinfo\/2016\/07\/rallye-de-la-plaine-epreuve-de-la-ville-de-mirecourt-en-images\/#respond\"]}]},{\"@type\":\"WebPage\",\"@id\":\"https:\/\/vosgesinfo.fr\/laplainedesvosgesinfo\/2016\/07\/rallye-de-la-plaine-epreuve-de-la-ville-de-mirecourt-en-images\/\",\"url\":\"https:\/\/vosgesinfo.fr\/laplainedesvosgesinfo\/2016\/07\/rallye-de-la-plaine-epreuve-de-la-ville-de-mirecourt-en-images\/\",\"name\":\"Rallye de la Plaine - \u00c9preuve de la ville de Mirecourt en images - La Plaine des Vosges\",\"isPartOf\":{\"@id\":\"https:\/\/vosgesinfo.fr\/laplainedesvosgesinfo\/#website\"},\"primaryImageOfPage\":{\"@id\":\"https:\/\/vosgesinfo.fr\/laplainedesvosgesinfo\/2016\/07\/rallye-de-la-plaine-epreuve-de-la-ville-de-mirecourt-en-images\/#primaryimage\"},\"image\":{\"@id\":\"https:\/\/vosgesinfo.fr\/laplainedesvosgesinfo\/2016\/07\/rallye-de-la-plaine-epreuve-de-la-ville-de-mirecourt-en-images\/#primaryimage\"},\"thumbnailUrl\":\"https:\/\/vosgesinfo.fr\/app\/uploads\/sites\/2\/2024\/06\/201607min-rallye-circuit-mirecourt-6-copie.jpg\",\"datePublished\":\"2016-07-30T02:50:21+00:00\",\"dateModified\":\"2016-07-30T02:50:21+00:00\",\"breadcrumb\":{\"@id\":\"https:\/\/vosgesinfo.fr\/laplainedesvosgesinfo\/2016\/07\/rallye-de-la-plaine-epreuve-de-la-ville-de-mirecourt-en-images\/#breadcrumb\"},\"inLanguage\":\"fr-FR\",\"potentialAction\":[{\"@type\":\"ReadAction\",\"target\":[\"https:\/\/vosgesinfo.fr\/laplainedesvosgesinfo\/2016\/07\/rallye-de-la-plaine-epreuve-de-la-ville-de-mirecourt-en-images\/\"]}]},{\"@type\":\"ImageObject\",\"inLanguage\":\"fr-FR\",\"@id\":\"https:\/\/vosgesinfo.fr\/laplainedesvosgesinfo\/2016\/07\/rallye-de-la-plaine-epreuve-de-la-ville-de-mirecourt-en-images\/#primaryimage\",\"url\":\"https:\/\/vosgesinfo.fr\/app\/uploads\/sites\/2\/2024\/06\/201607min-rallye-circuit-mirecourt-6-copie.jpg\",\"contentUrl\":\"https:\/\/vosgesinfo.fr\/app\/uploads\/sites\/2\/2024\/06\/201607min-rallye-circuit-mirecourt-6-copie.jpg\",\"width\":800,\"height\":537},{\"@type\":\"BreadcrumbList\",\"@id\":\"https:\/\/vosgesinfo.fr\/laplainedesvosgesinfo\/2016\/07\/rallye-de-la-plaine-epreuve-de-la-ville-de-mirecourt-en-images\/#breadcrumb\",\"itemListElement\":[{\"@type\":\"ListItem\",\"position\":1,\"name\":\"Home\",\"item\":\"https:\/\/vosgesinfo.fr\/laplainedesvosgesinfo\/\"},{\"@type\":\"ListItem\",\"position\":2,\"name\":\"Rallye de la Plaine &#8211; \u00c9preuve de la ville de Mirecourt en images\"}]},{\"@type\":\"WebSite\",\"@id\":\"https:\/\/vosgesinfo.fr\/laplainedesvosgesinfo\/#website\",\"url\":\"https:\/\/vosgesinfo.fr\/laplainedesvosgesinfo\/\",\"name\":\"La Plaine des Vosges\",\"description\":\"Toute l&#039;actualit\u00e9 de la plaine de Vosges\",\"publisher\":{\"@id\":\"https:\/\/vosgesinfo.fr\/laplainedesvosgesinfo\/#organization\"},\"alternateName\":\"Toute l'actualit\u00e9 de la plaine des Vosges\",\"potentialAction\":[{\"@type\":\"SearchAction\",\"target\":{\"@type\":\"EntryPoint\",\"urlTemplate\":\"https:\/\/vosgesinfo.fr\/laplainedesvosgesinfo\/?s={search_term_string}\"},\"query-input\":\"required name=search_term_string\"}],\"inLanguage\":\"fr-FR\"},{\"@type\":\"Organization\",\"@id\":\"https:\/\/vosgesinfo.fr\/laplainedesvosgesinfo\/#organization\",\"name\":\"La Plaine des Vosges\",\"url\":\"https:\/\/vosgesinfo.fr\/laplainedesvosgesinfo\/\",\"logo\":{\"@type\":\"ImageObject\",\"inLanguage\":\"fr-FR\",\"@id\":\"https:\/\/vosgesinfo.fr\/laplainedesvosgesinfo\/#\/schema\/logo\/image\/\",\"url\":\"https:\/\/vosgesinfo.fr\/app\/uploads\/sites\/2\/2023\/08\/logo-laplaineinfo.svg\",\"contentUrl\":\"https:\/\/vosgesinfo.fr\/app\/uploads\/sites\/2\/2023\/08\/logo-laplaineinfo.svg\",\"width\":1,\"height\":1,\"caption\":\"La Plaine des Vosges\"},\"image\":{\"@id\":\"https:\/\/vosgesinfo.fr\/laplainedesvosgesinfo\/#\/schema\/logo\/image\/\"},\"sameAs\":[\"https:\/\/www.facebook.com\/laplainedesvosges\",\"https:\/\/x.com\/VosgesInfo88\",\"https:\/\/www.youtube.com\/@vosgesinfo\"]},{\"@type\":\"Person\",\"@id\":\"https:\/\/vosgesinfo.fr\/laplainedesvosgesinfo\/#\/schema\/person\/bc5d02d71e6932e81b6dadb7386667b1\",\"name\":\"qs_admin\",\"image\":{\"@type\":\"ImageObject\",\"inLanguage\":\"fr-FR\",\"@id\":\"https:\/\/vosgesinfo.fr\/laplainedesvosgesinfo\/#\/schema\/person\/image\/\",\"url\":\"https:\/\/secure.gravatar.com\/avatar\/94b18ee0ed79e4a42ea2f2931277b6841a8999fc6fde214600c78057cf1fe1de?s=96&d=mm&r=g\",\"contentUrl\":\"https:\/\/secure.gravatar.com\/avatar\/94b18ee0ed79e4a42ea2f2931277b6841a8999fc6fde214600c78057cf1fe1de?s=96&d=mm&r=g\",\"caption\":\"qs_admin\"},\"sameAs\":[\"https:\/\/vosgesinfo.fr\/wp\"],\"url\":\"https:\/\/vosgesinfo.fr\/laplainedesvosgesinfo\/author\/qs_admin\/\"}]}<\/script>\n<!-- \/ Yoast SEO plugin. -->","yoast_head_json":{"title":"Rallye de la Plaine - \u00c9preuve de la ville de Mirecourt en images - La Plaine des Vosges","robots":{"index":"index","follow":"follow","max-snippet":"max-snippet:-1","max-image-preview":"max-image-preview:large","max-video-preview":"max-video-preview:-1"},"canonical":"https:\/\/vosgesinfo.fr\/laplainedesvosgesinfo\/2016\/07\/rallye-de-la-plaine-epreuve-de-la-ville-de-mirecourt-en-images\/","twitter_card":"summary_large_image","twitter_title":"Rallye de la Plaine - \u00c9preuve de la ville de Mirecourt en images - La Plaine des Vosges","twitter_description":"Ce vendredi 29 et samedi 30 se d\u00e9roule la 39\u00e8me \u00e9dition du Rallye de la Plaine, doubl\u00e9e du 6\u00e8me Rallye [&hellip;]","twitter_image":"https:\/\/vosgesinfo.fr\/app\/uploads\/sites\/2\/2024\/06\/201607min-rallye-circuit-mirecourt-6-copie.jpg","twitter_creator":"@VosgesInfo88","twitter_site":"@VosgesInfo88","twitter_misc":{"\u00c9crit par":"qs_admin","Dur\u00e9e de lecture estim\u00e9e":"1 minute"},"schema":{"@context":"https:\/\/schema.org","@graph":[{"@type":"Article","@id":"https:\/\/vosgesinfo.fr\/laplainedesvosgesinfo\/2016\/07\/rallye-de-la-plaine-epreuve-de-la-ville-de-mirecourt-en-images\/#article","isPartOf":{"@id":"https:\/\/vosgesinfo.fr\/laplainedesvosgesinfo\/2016\/07\/rallye-de-la-plaine-epreuve-de-la-ville-de-mirecourt-en-images\/"},"author":{"name":"qs_admin","@id":"https:\/\/vosgesinfo.fr\/laplainedesvosgesinfo\/#\/schema\/person\/bc5d02d71e6932e81b6dadb7386667b1"},"headline":"Rallye de la Plaine &#8211; \u00c9preuve de la ville de Mirecourt en images","datePublished":"2016-07-30T02:50:21+00:00","dateModified":"2016-07-30T02:50:21+00:00","mainEntityOfPage":{"@id":"https:\/\/vosgesinfo.fr\/laplainedesvosgesinfo\/2016\/07\/rallye-de-la-plaine-epreuve-de-la-ville-de-mirecourt-en-images\/"},"wordCount":298,"commentCount":0,"publisher":{"@id":"https:\/\/vosgesinfo.fr\/laplainedesvosgesinfo\/#organization"},"image":{"@id":"https:\/\/vosgesinfo.fr\/laplainedesvosgesinfo\/2016\/07\/rallye-de-la-plaine-epreuve-de-la-ville-de-mirecourt-en-images\/#primaryimage"},"thumbnailUrl":"https:\/\/vosgesinfo.fr\/app\/uploads\/sites\/2\/2024\/06\/201607min-rallye-circuit-mirecourt-6-copie.jpg","keywords":["Mirecourt","Rallye de la Plaine","sport"],"articleSection":["A la Une","La Plaine","Mirecourt","Sport"],"inLanguage":"fr-FR","potentialAction":[{"@type":"CommentAction","name":"Comment","target":["https:\/\/vosgesinfo.fr\/laplainedesvosgesinfo\/2016\/07\/rallye-de-la-plaine-epreuve-de-la-ville-de-mirecourt-en-images\/#respond"]}]},{"@type":"WebPage","@id":"https:\/\/vosgesinfo.fr\/laplainedesvosgesinfo\/2016\/07\/rallye-de-la-plaine-epreuve-de-la-ville-de-mirecourt-en-images\/","url":"https:\/\/vosgesinfo.fr\/laplainedesvosgesinfo\/2016\/07\/rallye-de-la-plaine-epreuve-de-la-ville-de-mirecourt-en-images\/","name":"Rallye de la Plaine - \u00c9preuve de la ville de Mirecourt en images - La Plaine des Vosges","isPartOf":{"@id":"https:\/\/vosgesinfo.fr\/laplainedesvosgesinfo\/#website"},"primaryImageOfPage":{"@id":"https:\/\/vosgesinfo.fr\/laplainedesvosgesinfo\/2016\/07\/rallye-de-la-plaine-epreuve-de-la-ville-de-mirecourt-en-images\/#primaryimage"},"image":{"@id":"https:\/\/vosgesinfo.fr\/laplainedesvosgesinfo\/2016\/07\/rallye-de-la-plaine-epreuve-de-la-ville-de-mirecourt-en-images\/#primaryimage"},"thumbnailUrl":"https:\/\/vosgesinfo.fr\/app\/uploads\/sites\/2\/2024\/06\/201607min-rallye-circuit-mirecourt-6-copie.jpg","datePublished":"2016-07-30T02:50:21+00:00","dateModified":"2016-07-30T02:50:21+00:00","breadcrumb":{"@id":"https:\/\/vosgesinfo.fr\/laplainedesvosgesinfo\/2016\/07\/rallye-de-la-plaine-epreuve-de-la-ville-de-mirecourt-en-images\/#breadcrumb"},"inLanguage":"fr-FR","potentialAction":[{"@type":"ReadAction","target":["https:\/\/vosgesinfo.fr\/laplainedesvosgesinfo\/2016\/07\/rallye-de-la-plaine-epreuve-de-la-ville-de-mirecourt-en-images\/"]}]},{"@type":"ImageObject","inLanguage":"fr-FR","@id":"https:\/\/vosgesinfo.fr\/laplainedesvosgesinfo\/2016\/07\/rallye-de-la-plaine-epreuve-de-la-ville-de-mirecourt-en-images\/#primaryimage","url":"https:\/\/vosgesinfo.fr\/app\/uploads\/sites\/2\/2024\/06\/201607min-rallye-circuit-mirecourt-6-copie.jpg","contentUrl":"https:\/\/vosgesinfo.fr\/app\/uploads\/sites\/2\/2024\/06\/201607min-rallye-circuit-mirecourt-6-copie.jpg","width":800,"height":537},{"@type":"BreadcrumbList","@id":"https:\/\/vosgesinfo.fr\/laplainedesvosgesinfo\/2016\/07\/rallye-de-la-plaine-epreuve-de-la-ville-de-mirecourt-en-images\/#breadcrumb","itemListElement":[{"@type":"ListItem","position":1,"name":"Home","item":"https:\/\/vosgesinfo.fr\/laplainedesvosgesinfo\/"},{"@type":"ListItem","position":2,"name":"Rallye de la Plaine &#8211; \u00c9preuve de la ville de Mirecourt en images"}]},{"@type":"WebSite","@id":"https:\/\/vosgesinfo.fr\/laplainedesvosgesinfo\/#website","url":"https:\/\/vosgesinfo.fr\/laplainedesvosgesinfo\/","name":"La Plaine des Vosges","description":"Toute l&#039;actualit\u00e9 de la plaine de Vosges","publisher":{"@id":"https:\/\/vosgesinfo.fr\/laplainedesvosgesinfo\/#organization"},"alternateName":"Toute l'actualit\u00e9 de la plaine des Vosges","potentialAction":[{"@type":"SearchAction","target":{"@type":"EntryPoint","urlTemplate":"https:\/\/vosgesinfo.fr\/laplainedesvosgesinfo\/?s={search_term_string}"},"query-input":"required name=search_term_string"}],"inLanguage":"fr-FR"},{"@type":"Organization","@id":"https:\/\/vosgesinfo.fr\/laplainedesvosgesinfo\/#organization","name":"La Plaine des Vosges","url":"https:\/\/vosgesinfo.fr\/laplainedesvosgesinfo\/","logo":{"@type":"ImageObject","inLanguage":"fr-FR","@id":"https:\/\/vosgesinfo.fr\/laplainedesvosgesinfo\/#\/schema\/logo\/image\/","url":"https:\/\/vosgesinfo.fr\/app\/uploads\/sites\/2\/2023\/08\/logo-laplaineinfo.svg","contentUrl":"https:\/\/vosgesinfo.fr\/app\/uploads\/sites\/2\/2023\/08\/logo-laplaineinfo.svg","width":1,"height":1,"caption":"La Plaine des Vosges"},"image":{"@id":"https:\/\/vosgesinfo.fr\/laplainedesvosgesinfo\/#\/schema\/logo\/image\/"},"sameAs":["https:\/\/www.facebook.com\/laplainedesvosges","https:\/\/x.com\/VosgesInfo88","https:\/\/www.youtube.com\/@vosgesinfo"]},{"@type":"Person","@id":"https:\/\/vosgesinfo.fr\/laplainedesvosgesinfo\/#\/schema\/person\/bc5d02d71e6932e81b6dadb7386667b1","name":"qs_admin","image":{"@type":"ImageObject","inLanguage":"fr-FR","@id":"https:\/\/vosgesinfo.fr\/laplainedesvosgesinfo\/#\/schema\/person\/image\/","url":"https:\/\/secure.gravatar.com\/avatar\/94b18ee0ed79e4a42ea2f2931277b6841a8999fc6fde214600c78057cf1fe1de?s=96&d=mm&r=g","contentUrl":"https:\/\/secure.gravatar.com\/avatar\/94b18ee0ed79e4a42ea2f2931277b6841a8999fc6fde214600c78057cf1fe1de?s=96&d=mm&r=g","caption":"qs_admin"},"sameAs":["https:\/\/vosgesinfo.fr\/wp"],"url":"https:\/\/vosgesinfo.fr\/laplainedesvosgesinfo\/author\/qs_admin\/"}]}},"_links":{"self":[{"href":"https:\/\/vosgesinfo.fr\/laplainedesvosgesinfo\/wp-json\/wp\/v2\/posts\/5915","targetHints":{"allow":["GET"]}}],"collection":[{"href":"https:\/\/vosgesinfo.fr\/laplainedesvosgesinfo\/wp-json\/wp\/v2\/posts"}],"about":[{"href":"https:\/\/vosgesinfo.fr\/laplainedesvosgesinfo\/wp-json\/wp\/v2\/types\/post"}],"author":[{"embeddable":true,"href":"https:\/\/vosgesinfo.fr\/laplainedesvosgesinfo\/wp-json\/wp\/v2\/users\/1"}],"replies":[{"embeddable":true,"href":"https:\/\/vosgesinfo.fr\/laplainedesvosgesinfo\/wp-json\/wp\/v2\/comments?post=5915"}],"version-history":[{"count":0,"href":"https:\/\/vosgesinfo.fr\/laplainedesvosgesinfo\/wp-json\/wp\/v2\/posts\/5915\/revisions"}],"wp:featuredmedia":[{"embeddable":true,"href":"https:\/\/vosgesinfo.fr\/laplainedesvosgesinfo\/wp-json\/wp\/v2\/media\/5916"}],"wp:attachment":[{"href":"https:\/\/vosgesinfo.fr\/laplainedesvosgesinfo\/wp-json\/wp\/v2\/media?parent=5915"}],"wp:term":[{"taxonomy":"category","embeddable":true,"href":"https:\/\/vosgesinfo.fr\/laplainedesvosgesinfo\/wp-json\/wp\/v2\/categories?post=5915"},{"taxonomy":"post_tag","embeddable":true,"href":"https:\/\/vosgesinfo.fr\/laplainedesvosgesinfo\/wp-json\/wp\/v2\/tags?post=5915"}],"curies":[{"name":"wp","href":"https:\/\/api.w.org\/{rel}","templated":true}]}}