{"id":5932,"date":"2016-07-30T09:24:39","date_gmt":"2016-07-30T07:24:39","guid":{"rendered":"https:\/\/vosgesinfo.fr\/laplainedesvosgesinfo\/2016\/07\/du-jazz-sous-les-sapins-a-basse-sur-le-rupt\/"},"modified":"2016-07-30T09:24:39","modified_gmt":"2016-07-30T07:24:39","slug":"du-jazz-sous-les-sapins-a-basse-sur-le-rupt","status":"publish","type":"post","link":"https:\/\/vosgesinfo.fr\/laplainedesvosgesinfo\/2016\/07\/du-jazz-sous-les-sapins-a-basse-sur-le-rupt\/","title":{"rendered":"Du jazz sous les sapins \u00e0 Basse-sur-le-Rupt"},"content":{"rendered":"<p><iframe loading=\"lazy\" title=\"Jazz Sous Les Sapins - Festival du 04 au 07 ao\u00fbt 2016\" width=\"500\" height=\"281\" src=\"https:\/\/www.youtube.com\/embed\/GlFJwTYoWu0?feature=oembed\" frameborder=\"0\" allow=\"accelerometer; autoplay; clipboard-write; encrypted-media; gyroscope; picture-in-picture; web-share\" referrerpolicy=\"strict-origin-when-cross-origin\" allowfullscreen><\/iframe><\/p>\n<p><strong>La deuxi\u00e8me \u00e9dition du festival \u00ab\u00a0Jazz Sous Les Sapins\u00a0\u00bb dans les Hautes-Vosges aura lieu du 4 au 7 ao\u00fbt prochain au col des Hayes (\u00e0 887m d\u2019altitude) \u00e0 Basse-sur-le-Rupt (88).<\/strong><\/p>\n<p>Le jazz continue son chemin durant l\u2019\u00e9t\u00e9 2016 sur le territoire de la communaut\u00e9 de communes \u00ab\u00a0Terre de granite et des environs\u00a0\u00bb \u00e0 l\u2019initiative de l\u2019association \u00ab\u00a0Jazz Sous Les Sapins\u00a0\u00bb, une association de b\u00e9n\u00e9voles enthousiastes et fous amoureux de musique.<\/p>\n<h2>Jazz, Rencontre, Partage et Tol\u00e9rance.<\/h2>\n<p>\u00ab\u00a0Les Arts En Mouvement\u00a0\u00bb fid\u00e8le au rendez-vous, donneront le coup d\u2019envoi avec une s\u00e9rie de concerts, la d\u00e9couverte et la rencontre avec les artisans, et sculpteurs locaux autour de leurs cr\u00e9ations. Et cela d\u00e8s juin \u00e0 juillet dans diff\u00e9rentes villes de nos r\u00e9gions. Il se veut ici d\u2019inviter les visiteurs \u00e0 une d\u00e9ambulation autour des arts: musique, th\u00e9\u00e2tre, po\u00e9sie, sculpture, vid\u00e9o, installations diverses sans oublier les arts culinaires et la gastronomie de nos r\u00e9gions.<\/p>\n<p><a href=\"http:\/\/gerardmerinfo.fr\/wp-content\/uploads\/2016\/07\/Jazz-sous-les-sapins-2.jpg\" data-featherlight=\"image\"><img decoding=\"async\" class=\"alignright wp-image-92269      lazyloaded\" src=\"https:\/\/vosgesinfo.fr\/app\/uploads\/sites\/2\/2016\/07\/jazz-sous-les-sapins-2-383x255-1.jpg\" alt=\"Jazz sous les sapins (2)\" width=\"372\" height=\"248\" data-lazy-src=\"https:\/\/vosgesinfo.fr\/app\/uploads\/sites\/2\/2016\/07\/jazz-sous-les-sapins-2-383x255-1.jpg\" \/><\/a>Cette rencontre du territoire, du savoir-faire, des cr\u00e9ateurs et des associations locales, est non seulement le souci de mettre en valeur les talents locaux, mais aussi de promouvoir la culture locale. La prise en compte du respect de l\u2019environnement \u00e9tant la pr\u00e9occupation de tous, l\u2019association met en place les moyens n\u00e9cessaire pour pr\u00e9server ce lieux. D\u2019o\u00f9 la mise en place\u00a0 du tri s\u00e9lectif ainsi que certains ustensiles recyclables tels que les plats et gobelets en cartons.<\/p>\n<p>Le point d\u2019orgue de cette manifestation sera le festival \u00ab\u00a0Jazz Sous Les Sapins\u00a0\u00bb qui aura lieu du 4 au 7 ao\u00fbt au col des Hayes \u00e0 Saulxures-sur-Moselotte, sous chapiteau, au c\u0153ur d\u2019un village artistique et artisanal install\u00e9 pour l\u2019occasion. Je vous laisse le plaisir de d\u00e9couvrir la programmation non seulement all\u00e9chante, mais compos\u00e9e de musiciens\u00a0 de r\u00e9putations internationales.<\/p>\n<p>Un march\u00e9 du terroir avec des produits locaux est pr\u00e9vu sur place ainsi qu\u2019une buvette et une petite restauration. La cr\u00e9ation artistique et artisanale sera \u00e0 l\u2019honneur.\u00a0 Le village sera en acc\u00e8s libre durant tous les jours du festival de 14h \u00e0 22h.<\/p>\n<p><a href=\"http:\/\/gerardmerinfo.fr\/wp-content\/uploads\/2016\/07\/jazz-sous-les-sapins-2016.jpg\" data-featherlight=\"image\"><img decoding=\"async\" class=\"alignleft  wp-image-92271     lazyloaded\" src=\"https:\/\/vosgesinfo.fr\/app\/uploads\/sites\/2\/2016\/07\/jazz-sous-les-sapins-2016-383x255-1.jpg\" alt=\"jazz sous les sapins 2016\" width=\"362\" height=\"241\" data-lazy-src=\"https:\/\/vosgesinfo.fr\/app\/uploads\/sites\/2\/2016\/07\/jazz-sous-les-sapins-2016-383x255-1.jpg\" \/><\/a>Ce festival sera plac\u00e9 sous le signe de la proximit\u00e9 et du partage. Des rencontres entre amis, entre g\u00e9n\u00e9rations, entre public et entre musiciens, rythmeront ces journ\u00e9es.<\/p>\n<p>Pour renforcer cette complicit\u00e9, une master class sera organis\u00e9e \u00e0 la batterie Bertrand Renaudin et au xylophone Thierry Bonneaux, pour les musiciens d\u00e9butants et confirm\u00e9s en percussion et en harmonie.<\/p>\n<p class=\"x_MsoNormal\" align=\"center\"><strong>Tous les jours \u00e0 partir de 14h entr\u00e9e libre \u2013 Tremplin musical Village des artisans Expositions Animations Buvette et Petite Restauration sur place. <\/strong><\/p>\n<p class=\"x_MsoNormal\" align=\"center\"><strong>Concerts payants sous chapiteau \u00e0 partir de 19H (entre 18 et 20 \u20ac).<\/strong><\/p>\n<p class=\"x_MsoNormal\" align=\"center\">Le site officiel du festival avec la programmation : <a href=\"https:\/\/ghostnotes-editions.com\/contacts-liens\/\" target=\"_blank\" rel=\"noopener\">https:\/\/ghostnotes-editions.com\/contacts-liens\/<\/a><\/p>\n<div class=\"col-md-6\"><b>Jazz Sous Les Sapins <\/b><br \/>\n20, route de l\u2019envers<br \/>\n88120\u00a0Basse-sur-le-Rupt<br \/>\nFrance<\/div>\n<div class=\"col-md-6\"><b>Tel (r\u00e9servations) :<\/b>\u00a006 23 17 35 35<\/div>\n<div class=\"col-md-6\"><strong>Email :<\/strong>\u00a0jazz-souslessapins@hotmail.com<\/div>\n<div class=\"col-md-6\"><strong>Facebook :<\/strong> <a href=\"https:\/\/fr-fr.facebook.com\/events\/1816023761959389\/\" target=\"_blank\" rel=\"noopener\">https:\/\/fr-fr.facebook.com\/events\/1816023761959389\/<\/a><\/div>\n<div class=\"col-md-6\"><\/div>\n<div class=\"col-md-6\"><strong>La programmation des concerts du soir :<\/strong><\/div>\n<div class=\"col-md-6\"><a href=\"https:\/\/vosgesinfo.fr\/app\/uploads\/sites\/2\/2016\/07\/jazz-sous-les-sapins.jpg\" data-featherlight=\"image\"><img decoding=\"async\" class=\"aligncenter wp-image-92266      lazyloaded\" src=\"https:\/\/vosgesinfo.fr\/app\/uploads\/sites\/2\/2016\/07\/jazz-sous-les-sapins.jpg\" alt=\"jazz sous les sapins\" width=\"426\" height=\"603\" data-lazy-src=\"https:\/\/vosgesinfo.fr\/app\/uploads\/sites\/2\/2016\/07\/jazz-sous-les-sapins.jpg\" \/><\/a><\/div>\n","protected":false},"excerpt":{"rendered":"<p>La deuxi\u00e8me \u00e9dition du festival \u00ab\u00a0Jazz Sous Les Sapins\u00a0\u00bb dans les Hautes-Vosges aura lieu du 4 au 7 ao\u00fbt prochain [&hellip;]<\/p>\n","protected":false},"author":1,"featured_media":5933,"comment_status":"open","ping_status":"open","sticky":false,"template":"","format":"standard","meta":{"footnotes":""},"categories":[29,42,4,18],"tags":[1785,540,1786,1787],"class_list":["post-5932","post","type-post","status-publish","format-standard","has-post-thumbnail","hentry","category-a-la-une","category-concert","category-culture","category-vosges","tag-basse-sur-le-rupt","tag-festival","tag-jazz","tag-sous-les-sapins"],"acf":[],"yoast_head":"<!-- This site is optimized with the Yoast SEO plugin v22.5 - https:\/\/yoast.com\/wordpress\/plugins\/seo\/ -->\n<title>Du jazz sous les sapins \u00e0 Basse-sur-le-Rupt - La Plaine des Vosges<\/title>\n<meta name=\"robots\" content=\"index, follow, max-snippet:-1, max-image-preview:large, max-video-preview:-1\" \/>\n<link rel=\"canonical\" href=\"https:\/\/vosgesinfo.fr\/laplainedesvosgesinfo\/2016\/07\/du-jazz-sous-les-sapins-a-basse-sur-le-rupt\/\" \/>\n<meta name=\"twitter:card\" content=\"summary_large_image\" \/>\n<meta name=\"twitter:title\" content=\"Du jazz sous les sapins \u00e0 Basse-sur-le-Rupt - La Plaine des Vosges\" \/>\n<meta name=\"twitter:description\" content=\"La deuxi\u00e8me \u00e9dition du festival \u00ab\u00a0Jazz Sous Les Sapins\u00a0\u00bb dans les Hautes-Vosges aura lieu du 4 au 7 ao\u00fbt prochain [&hellip;]\" \/>\n<meta name=\"twitter:image\" content=\"https:\/\/vosgesinfo.fr\/app\/uploads\/sites\/2\/2024\/06\/201607jazz-sapins-basse-sur-le-rupt.jpg\" \/>\n<meta name=\"twitter:creator\" content=\"@VosgesInfo88\" \/>\n<meta name=\"twitter:site\" content=\"@VosgesInfo88\" \/>\n<meta name=\"twitter:label1\" content=\"\u00c9crit par\" \/>\n\t<meta name=\"twitter:data1\" content=\"qs_admin\" \/>\n\t<meta name=\"twitter:label2\" content=\"Dur\u00e9e de lecture estim\u00e9e\" \/>\n\t<meta name=\"twitter:data2\" content=\"2 minutes\" \/>\n<script type=\"application\/ld+json\" class=\"yoast-schema-graph\">{\"@context\":\"https:\/\/schema.org\",\"@graph\":[{\"@type\":\"Article\",\"@id\":\"https:\/\/vosgesinfo.fr\/laplainedesvosgesinfo\/2016\/07\/du-jazz-sous-les-sapins-a-basse-sur-le-rupt\/#article\",\"isPartOf\":{\"@id\":\"https:\/\/vosgesinfo.fr\/laplainedesvosgesinfo\/2016\/07\/du-jazz-sous-les-sapins-a-basse-sur-le-rupt\/\"},\"author\":{\"name\":\"qs_admin\",\"@id\":\"https:\/\/vosgesinfo.fr\/laplainedesvosgesinfo\/#\/schema\/person\/bc5d02d71e6932e81b6dadb7386667b1\"},\"headline\":\"Du jazz sous les sapins \u00e0 Basse-sur-le-Rupt\",\"datePublished\":\"2016-07-30T07:24:39+00:00\",\"dateModified\":\"2016-07-30T07:24:39+00:00\",\"mainEntityOfPage\":{\"@id\":\"https:\/\/vosgesinfo.fr\/laplainedesvosgesinfo\/2016\/07\/du-jazz-sous-les-sapins-a-basse-sur-le-rupt\/\"},\"wordCount\":504,\"commentCount\":0,\"publisher\":{\"@id\":\"https:\/\/vosgesinfo.fr\/laplainedesvosgesinfo\/#organization\"},\"image\":{\"@id\":\"https:\/\/vosgesinfo.fr\/laplainedesvosgesinfo\/2016\/07\/du-jazz-sous-les-sapins-a-basse-sur-le-rupt\/#primaryimage\"},\"thumbnailUrl\":\"https:\/\/vosgesinfo.fr\/app\/uploads\/sites\/2\/2024\/06\/201607jazz-sapins-basse-sur-le-rupt.jpg\",\"keywords\":[\"basse sur le rupt\",\"festival\",\"jazz\",\"sous les sapins\"],\"articleSection\":[\"A la Une\",\"Concert\",\"Culture\",\"Vosges\"],\"inLanguage\":\"fr-FR\",\"potentialAction\":[{\"@type\":\"CommentAction\",\"name\":\"Comment\",\"target\":[\"https:\/\/vosgesinfo.fr\/laplainedesvosgesinfo\/2016\/07\/du-jazz-sous-les-sapins-a-basse-sur-le-rupt\/#respond\"]}]},{\"@type\":\"WebPage\",\"@id\":\"https:\/\/vosgesinfo.fr\/laplainedesvosgesinfo\/2016\/07\/du-jazz-sous-les-sapins-a-basse-sur-le-rupt\/\",\"url\":\"https:\/\/vosgesinfo.fr\/laplainedesvosgesinfo\/2016\/07\/du-jazz-sous-les-sapins-a-basse-sur-le-rupt\/\",\"name\":\"Du jazz sous les sapins \u00e0 Basse-sur-le-Rupt - La Plaine des Vosges\",\"isPartOf\":{\"@id\":\"https:\/\/vosgesinfo.fr\/laplainedesvosgesinfo\/#website\"},\"primaryImageOfPage\":{\"@id\":\"https:\/\/vosgesinfo.fr\/laplainedesvosgesinfo\/2016\/07\/du-jazz-sous-les-sapins-a-basse-sur-le-rupt\/#primaryimage\"},\"image\":{\"@id\":\"https:\/\/vosgesinfo.fr\/laplainedesvosgesinfo\/2016\/07\/du-jazz-sous-les-sapins-a-basse-sur-le-rupt\/#primaryimage\"},\"thumbnailUrl\":\"https:\/\/vosgesinfo.fr\/app\/uploads\/sites\/2\/2024\/06\/201607jazz-sapins-basse-sur-le-rupt.jpg\",\"datePublished\":\"2016-07-30T07:24:39+00:00\",\"dateModified\":\"2016-07-30T07:24:39+00:00\",\"breadcrumb\":{\"@id\":\"https:\/\/vosgesinfo.fr\/laplainedesvosgesinfo\/2016\/07\/du-jazz-sous-les-sapins-a-basse-sur-le-rupt\/#breadcrumb\"},\"inLanguage\":\"fr-FR\",\"potentialAction\":[{\"@type\":\"ReadAction\",\"target\":[\"https:\/\/vosgesinfo.fr\/laplainedesvosgesinfo\/2016\/07\/du-jazz-sous-les-sapins-a-basse-sur-le-rupt\/\"]}]},{\"@type\":\"ImageObject\",\"inLanguage\":\"fr-FR\",\"@id\":\"https:\/\/vosgesinfo.fr\/laplainedesvosgesinfo\/2016\/07\/du-jazz-sous-les-sapins-a-basse-sur-le-rupt\/#primaryimage\",\"url\":\"https:\/\/vosgesinfo.fr\/app\/uploads\/sites\/2\/2024\/06\/201607jazz-sapins-basse-sur-le-rupt.jpg\",\"contentUrl\":\"https:\/\/vosgesinfo.fr\/app\/uploads\/sites\/2\/2024\/06\/201607jazz-sapins-basse-sur-le-rupt.jpg\",\"width\":800,\"height\":534},{\"@type\":\"BreadcrumbList\",\"@id\":\"https:\/\/vosgesinfo.fr\/laplainedesvosgesinfo\/2016\/07\/du-jazz-sous-les-sapins-a-basse-sur-le-rupt\/#breadcrumb\",\"itemListElement\":[{\"@type\":\"ListItem\",\"position\":1,\"name\":\"Home\",\"item\":\"https:\/\/vosgesinfo.fr\/laplainedesvosgesinfo\/\"},{\"@type\":\"ListItem\",\"position\":2,\"name\":\"Du jazz sous les sapins \u00e0 Basse-sur-le-Rupt\"}]},{\"@type\":\"WebSite\",\"@id\":\"https:\/\/vosgesinfo.fr\/laplainedesvosgesinfo\/#website\",\"url\":\"https:\/\/vosgesinfo.fr\/laplainedesvosgesinfo\/\",\"name\":\"La Plaine des Vosges\",\"description\":\"Toute l&#039;actualit\u00e9 de la plaine de Vosges\",\"publisher\":{\"@id\":\"https:\/\/vosgesinfo.fr\/laplainedesvosgesinfo\/#organization\"},\"alternateName\":\"Toute l'actualit\u00e9 de la plaine des Vosges\",\"potentialAction\":[{\"@type\":\"SearchAction\",\"target\":{\"@type\":\"EntryPoint\",\"urlTemplate\":\"https:\/\/vosgesinfo.fr\/laplainedesvosgesinfo\/?s={search_term_string}\"},\"query-input\":\"required name=search_term_string\"}],\"inLanguage\":\"fr-FR\"},{\"@type\":\"Organization\",\"@id\":\"https:\/\/vosgesinfo.fr\/laplainedesvosgesinfo\/#organization\",\"name\":\"La Plaine des Vosges\",\"url\":\"https:\/\/vosgesinfo.fr\/laplainedesvosgesinfo\/\",\"logo\":{\"@type\":\"ImageObject\",\"inLanguage\":\"fr-FR\",\"@id\":\"https:\/\/vosgesinfo.fr\/laplainedesvosgesinfo\/#\/schema\/logo\/image\/\",\"url\":\"https:\/\/vosgesinfo.fr\/app\/uploads\/sites\/2\/2023\/08\/logo-laplaineinfo.svg\",\"contentUrl\":\"https:\/\/vosgesinfo.fr\/app\/uploads\/sites\/2\/2023\/08\/logo-laplaineinfo.svg\",\"width\":1,\"height\":1,\"caption\":\"La Plaine des Vosges\"},\"image\":{\"@id\":\"https:\/\/vosgesinfo.fr\/laplainedesvosgesinfo\/#\/schema\/logo\/image\/\"},\"sameAs\":[\"https:\/\/www.facebook.com\/laplainedesvosges\",\"https:\/\/x.com\/VosgesInfo88\",\"https:\/\/www.youtube.com\/@vosgesinfo\"]},{\"@type\":\"Person\",\"@id\":\"https:\/\/vosgesinfo.fr\/laplainedesvosgesinfo\/#\/schema\/person\/bc5d02d71e6932e81b6dadb7386667b1\",\"name\":\"qs_admin\",\"image\":{\"@type\":\"ImageObject\",\"inLanguage\":\"fr-FR\",\"@id\":\"https:\/\/vosgesinfo.fr\/laplainedesvosgesinfo\/#\/schema\/person\/image\/\",\"url\":\"https:\/\/secure.gravatar.com\/avatar\/94b18ee0ed79e4a42ea2f2931277b6841a8999fc6fde214600c78057cf1fe1de?s=96&d=mm&r=g\",\"contentUrl\":\"https:\/\/secure.gravatar.com\/avatar\/94b18ee0ed79e4a42ea2f2931277b6841a8999fc6fde214600c78057cf1fe1de?s=96&d=mm&r=g\",\"caption\":\"qs_admin\"},\"sameAs\":[\"https:\/\/vosgesinfo.fr\/wp\"],\"url\":\"https:\/\/vosgesinfo.fr\/laplainedesvosgesinfo\/author\/qs_admin\/\"}]}<\/script>\n<!-- \/ Yoast SEO plugin. -->","yoast_head_json":{"title":"Du jazz sous les sapins \u00e0 Basse-sur-le-Rupt - La Plaine des Vosges","robots":{"index":"index","follow":"follow","max-snippet":"max-snippet:-1","max-image-preview":"max-image-preview:large","max-video-preview":"max-video-preview:-1"},"canonical":"https:\/\/vosgesinfo.fr\/laplainedesvosgesinfo\/2016\/07\/du-jazz-sous-les-sapins-a-basse-sur-le-rupt\/","twitter_card":"summary_large_image","twitter_title":"Du jazz sous les sapins \u00e0 Basse-sur-le-Rupt - La Plaine des Vosges","twitter_description":"La deuxi\u00e8me \u00e9dition du festival \u00ab\u00a0Jazz Sous Les Sapins\u00a0\u00bb dans les Hautes-Vosges aura lieu du 4 au 7 ao\u00fbt prochain [&hellip;]","twitter_image":"https:\/\/vosgesinfo.fr\/app\/uploads\/sites\/2\/2024\/06\/201607jazz-sapins-basse-sur-le-rupt.jpg","twitter_creator":"@VosgesInfo88","twitter_site":"@VosgesInfo88","twitter_misc":{"\u00c9crit par":"qs_admin","Dur\u00e9e de lecture estim\u00e9e":"2 minutes"},"schema":{"@context":"https:\/\/schema.org","@graph":[{"@type":"Article","@id":"https:\/\/vosgesinfo.fr\/laplainedesvosgesinfo\/2016\/07\/du-jazz-sous-les-sapins-a-basse-sur-le-rupt\/#article","isPartOf":{"@id":"https:\/\/vosgesinfo.fr\/laplainedesvosgesinfo\/2016\/07\/du-jazz-sous-les-sapins-a-basse-sur-le-rupt\/"},"author":{"name":"qs_admin","@id":"https:\/\/vosgesinfo.fr\/laplainedesvosgesinfo\/#\/schema\/person\/bc5d02d71e6932e81b6dadb7386667b1"},"headline":"Du jazz sous les sapins \u00e0 Basse-sur-le-Rupt","datePublished":"2016-07-30T07:24:39+00:00","dateModified":"2016-07-30T07:24:39+00:00","mainEntityOfPage":{"@id":"https:\/\/vosgesinfo.fr\/laplainedesvosgesinfo\/2016\/07\/du-jazz-sous-les-sapins-a-basse-sur-le-rupt\/"},"wordCount":504,"commentCount":0,"publisher":{"@id":"https:\/\/vosgesinfo.fr\/laplainedesvosgesinfo\/#organization"},"image":{"@id":"https:\/\/vosgesinfo.fr\/laplainedesvosgesinfo\/2016\/07\/du-jazz-sous-les-sapins-a-basse-sur-le-rupt\/#primaryimage"},"thumbnailUrl":"https:\/\/vosgesinfo.fr\/app\/uploads\/sites\/2\/2024\/06\/201607jazz-sapins-basse-sur-le-rupt.jpg","keywords":["basse sur le rupt","festival","jazz","sous les sapins"],"articleSection":["A la Une","Concert","Culture","Vosges"],"inLanguage":"fr-FR","potentialAction":[{"@type":"CommentAction","name":"Comment","target":["https:\/\/vosgesinfo.fr\/laplainedesvosgesinfo\/2016\/07\/du-jazz-sous-les-sapins-a-basse-sur-le-rupt\/#respond"]}]},{"@type":"WebPage","@id":"https:\/\/vosgesinfo.fr\/laplainedesvosgesinfo\/2016\/07\/du-jazz-sous-les-sapins-a-basse-sur-le-rupt\/","url":"https:\/\/vosgesinfo.fr\/laplainedesvosgesinfo\/2016\/07\/du-jazz-sous-les-sapins-a-basse-sur-le-rupt\/","name":"Du jazz sous les sapins \u00e0 Basse-sur-le-Rupt - La Plaine des Vosges","isPartOf":{"@id":"https:\/\/vosgesinfo.fr\/laplainedesvosgesinfo\/#website"},"primaryImageOfPage":{"@id":"https:\/\/vosgesinfo.fr\/laplainedesvosgesinfo\/2016\/07\/du-jazz-sous-les-sapins-a-basse-sur-le-rupt\/#primaryimage"},"image":{"@id":"https:\/\/vosgesinfo.fr\/laplainedesvosgesinfo\/2016\/07\/du-jazz-sous-les-sapins-a-basse-sur-le-rupt\/#primaryimage"},"thumbnailUrl":"https:\/\/vosgesinfo.fr\/app\/uploads\/sites\/2\/2024\/06\/201607jazz-sapins-basse-sur-le-rupt.jpg","datePublished":"2016-07-30T07:24:39+00:00","dateModified":"2016-07-30T07:24:39+00:00","breadcrumb":{"@id":"https:\/\/vosgesinfo.fr\/laplainedesvosgesinfo\/2016\/07\/du-jazz-sous-les-sapins-a-basse-sur-le-rupt\/#breadcrumb"},"inLanguage":"fr-FR","potentialAction":[{"@type":"ReadAction","target":["https:\/\/vosgesinfo.fr\/laplainedesvosgesinfo\/2016\/07\/du-jazz-sous-les-sapins-a-basse-sur-le-rupt\/"]}]},{"@type":"ImageObject","inLanguage":"fr-FR","@id":"https:\/\/vosgesinfo.fr\/laplainedesvosgesinfo\/2016\/07\/du-jazz-sous-les-sapins-a-basse-sur-le-rupt\/#primaryimage","url":"https:\/\/vosgesinfo.fr\/app\/uploads\/sites\/2\/2024\/06\/201607jazz-sapins-basse-sur-le-rupt.jpg","contentUrl":"https:\/\/vosgesinfo.fr\/app\/uploads\/sites\/2\/2024\/06\/201607jazz-sapins-basse-sur-le-rupt.jpg","width":800,"height":534},{"@type":"BreadcrumbList","@id":"https:\/\/vosgesinfo.fr\/laplainedesvosgesinfo\/2016\/07\/du-jazz-sous-les-sapins-a-basse-sur-le-rupt\/#breadcrumb","itemListElement":[{"@type":"ListItem","position":1,"name":"Home","item":"https:\/\/vosgesinfo.fr\/laplainedesvosgesinfo\/"},{"@type":"ListItem","position":2,"name":"Du jazz sous les sapins \u00e0 Basse-sur-le-Rupt"}]},{"@type":"WebSite","@id":"https:\/\/vosgesinfo.fr\/laplainedesvosgesinfo\/#website","url":"https:\/\/vosgesinfo.fr\/laplainedesvosgesinfo\/","name":"La Plaine des Vosges","description":"Toute l&#039;actualit\u00e9 de la plaine de Vosges","publisher":{"@id":"https:\/\/vosgesinfo.fr\/laplainedesvosgesinfo\/#organization"},"alternateName":"Toute l'actualit\u00e9 de la plaine des Vosges","potentialAction":[{"@type":"SearchAction","target":{"@type":"EntryPoint","urlTemplate":"https:\/\/vosgesinfo.fr\/laplainedesvosgesinfo\/?s={search_term_string}"},"query-input":"required name=search_term_string"}],"inLanguage":"fr-FR"},{"@type":"Organization","@id":"https:\/\/vosgesinfo.fr\/laplainedesvosgesinfo\/#organization","name":"La Plaine des Vosges","url":"https:\/\/vosgesinfo.fr\/laplainedesvosgesinfo\/","logo":{"@type":"ImageObject","inLanguage":"fr-FR","@id":"https:\/\/vosgesinfo.fr\/laplainedesvosgesinfo\/#\/schema\/logo\/image\/","url":"https:\/\/vosgesinfo.fr\/app\/uploads\/sites\/2\/2023\/08\/logo-laplaineinfo.svg","contentUrl":"https:\/\/vosgesinfo.fr\/app\/uploads\/sites\/2\/2023\/08\/logo-laplaineinfo.svg","width":1,"height":1,"caption":"La Plaine des Vosges"},"image":{"@id":"https:\/\/vosgesinfo.fr\/laplainedesvosgesinfo\/#\/schema\/logo\/image\/"},"sameAs":["https:\/\/www.facebook.com\/laplainedesvosges","https:\/\/x.com\/VosgesInfo88","https:\/\/www.youtube.com\/@vosgesinfo"]},{"@type":"Person","@id":"https:\/\/vosgesinfo.fr\/laplainedesvosgesinfo\/#\/schema\/person\/bc5d02d71e6932e81b6dadb7386667b1","name":"qs_admin","image":{"@type":"ImageObject","inLanguage":"fr-FR","@id":"https:\/\/vosgesinfo.fr\/laplainedesvosgesinfo\/#\/schema\/person\/image\/","url":"https:\/\/secure.gravatar.com\/avatar\/94b18ee0ed79e4a42ea2f2931277b6841a8999fc6fde214600c78057cf1fe1de?s=96&d=mm&r=g","contentUrl":"https:\/\/secure.gravatar.com\/avatar\/94b18ee0ed79e4a42ea2f2931277b6841a8999fc6fde214600c78057cf1fe1de?s=96&d=mm&r=g","caption":"qs_admin"},"sameAs":["https:\/\/vosgesinfo.fr\/wp"],"url":"https:\/\/vosgesinfo.fr\/laplainedesvosgesinfo\/author\/qs_admin\/"}]}},"_links":{"self":[{"href":"https:\/\/vosgesinfo.fr\/laplainedesvosgesinfo\/wp-json\/wp\/v2\/posts\/5932","targetHints":{"allow":["GET"]}}],"collection":[{"href":"https:\/\/vosgesinfo.fr\/laplainedesvosgesinfo\/wp-json\/wp\/v2\/posts"}],"about":[{"href":"https:\/\/vosgesinfo.fr\/laplainedesvosgesinfo\/wp-json\/wp\/v2\/types\/post"}],"author":[{"embeddable":true,"href":"https:\/\/vosgesinfo.fr\/laplainedesvosgesinfo\/wp-json\/wp\/v2\/users\/1"}],"replies":[{"embeddable":true,"href":"https:\/\/vosgesinfo.fr\/laplainedesvosgesinfo\/wp-json\/wp\/v2\/comments?post=5932"}],"version-history":[{"count":0,"href":"https:\/\/vosgesinfo.fr\/laplainedesvosgesinfo\/wp-json\/wp\/v2\/posts\/5932\/revisions"}],"wp:featuredmedia":[{"embeddable":true,"href":"https:\/\/vosgesinfo.fr\/laplainedesvosgesinfo\/wp-json\/wp\/v2\/media\/5933"}],"wp:attachment":[{"href":"https:\/\/vosgesinfo.fr\/laplainedesvosgesinfo\/wp-json\/wp\/v2\/media?parent=5932"}],"wp:term":[{"taxonomy":"category","embeddable":true,"href":"https:\/\/vosgesinfo.fr\/laplainedesvosgesinfo\/wp-json\/wp\/v2\/categories?post=5932"},{"taxonomy":"post_tag","embeddable":true,"href":"https:\/\/vosgesinfo.fr\/laplainedesvosgesinfo\/wp-json\/wp\/v2\/tags?post=5932"}],"curies":[{"name":"wp","href":"https:\/\/api.w.org\/{rel}","templated":true}]}}