{"id":6189,"date":"2016-08-13T06:38:53","date_gmt":"2016-08-13T04:38:53","guid":{"rendered":"https:\/\/vosgesinfo.fr\/laplainedesvosgesinfo\/2016\/08\/route-de-france-feminine-lamericaine-amber-neben-triomphe-a-la-bresse\/"},"modified":"2016-08-13T06:38:53","modified_gmt":"2016-08-13T04:38:53","slug":"route-de-france-feminine-lamericaine-amber-neben-triomphe-a-la-bresse","status":"publish","type":"post","link":"https:\/\/vosgesinfo.fr\/laplainedesvosgesinfo\/2016\/08\/route-de-france-feminine-lamericaine-amber-neben-triomphe-a-la-bresse\/","title":{"rendered":"Route de France F\u00e9minine \u2013 L\u2019Am\u00e9ricaine Amber Neben triomphe \u00e0 La Bresse"},"content":{"rendered":"<h4 class=\"mh-posts-grid-title\" style=\"text-align: justify;\" align=\"center\">\u00a0<a href=\"\/2016\/08\/0125.jpg\"><img decoding=\"async\" class=\"aligncenter size-full wp-image-79479\" src=\"\/2016\/08\/0125.jpg\" alt=\"0125\" width=\"800\" height=\"533\" \/><\/a><\/h4>\n<h4 class=\"mh-posts-grid-title\" style=\"text-align: justify;\" align=\"center\">C\u2019est en nombre que le public est venu suivre l\u2019arriv\u00e9e de la cinqui\u00e8me \u00e9tape de la Route de France F\u00e9minine, entre Bourbonne-les-Bains et La Bresse, ce vendredi 12 ao\u00fbt 2016 sur le quai des Iran\u00e9es.\u00a0L\u2019Am\u00e9ricaine Amber Neben a\u00a0attaqu\u00e9 dans le col du Brabant et d\u00e9pos\u00e9 ses adversaires \u00e0 2 km du somment, pour finir seule avec 18 secondes d\u2019avance. Elle s\u2019impose devant la N\u00e9erlandaise\u00a0Janneke (Ensing Parkhotel Valkenburg) et l\u2019Australienne Carlee Taylor (Team Liv-Plantur).<\/h4>\n<p class=\"mh-posts-grid-title\" style=\"text-align: justify;\" align=\"center\">En s\u2019isolant d\u00e8s la mont\u00e9e du col du Brabant \u00e0 moins de dix bornes de l\u2019arriv\u00e9e, l\u2019Am\u00e9ricaine Amber Neben (BPK) a une fois encore marqu\u00e9 son territoire.\u00a0La doyenne du peloton a domin\u00e9\u00a0sur cette \u00e9tape Janneke Ensing (PHV) et Carlee Taylor (TLP).<\/p>\n<p class=\"mh-posts-grid-title\" style=\"text-align: justify;\" align=\"center\">Une \u00e9tape marqu\u00e9e par l\u2019abandon d\u2019Elise Delzenne (Lotto) souffrante et les nombreuses attaques dont celle de l\u2019Am\u00e9ricaine Kendall Ryan (Tibco) ou encore ce coup de force de la Slovaque Spela Kern (BTC) et Anna Rodriguez Sanchez (Lointek).\u00a0Ces deux filles comptaient jusqu\u2019\u00e0 deux minutes d\u2019avance avant d\u2019\u00eatre reprises dans les premiers lacets du col de Brabant situ\u00e9 \u00e0 moins de sept kilom\u00e8tres de l\u2019arriv\u00e9e.<\/p>\n<p class=\"mh-posts-grid-title\" style=\"text-align: justify;\" align=\"center\">Au classement g\u00e9n\u00e9ral, Amber Neben conforte son maillot orange, avec 57 secondes d\u2019avance sur sa compatriote\u00a0Tayler Wiles et 1 minute 25\u00a0sur Amy Pieters.<\/p>\n<p class=\"mh-posts-grid-title\" style=\"text-align: justify;\" align=\"center\">Pour sa part, la Fran\u00e7aise Severine Eraud conserve son maillot blanc des jeunes.<\/p>\n<p class=\"mh-posts-grid-title\" style=\"text-align: justify;\" align=\"center\"><strong>D.J.<\/strong><\/p>\n<p class=\"mh-posts-grid-title\" style=\"text-align: justify;\" align=\"center\"><strong>Tous les classements<\/strong><\/p>\n<p class=\"mh-posts-grid-title\" style=\"text-align: justify;\" align=\"center\"><strong><a href=\"http:\/\/remiremontinfo.fr\/wp-content\/uploads\/2016\/08\/Classement-%C3%A9tape.pdf\" target=\"_blank\" rel=\"noopener\">Classement \u00e9tape<\/a><\/strong><\/p>\n<p class=\"mh-posts-grid-title\" style=\"text-align: justify;\" align=\"center\"><strong><a href=\"http:\/\/remiremontinfo.fr\/wp-content\/uploads\/2016\/08\/Classement-g%C3%A9n%C3%A9ral-par-%C3%A9quipe.pdf\" target=\"_blank\" rel=\"noopener\">Classement g\u00e9n\u00e9ral par \u00e9quipe<\/a><\/strong><\/p>\n<p class=\"mh-posts-grid-title\" style=\"text-align: justify;\" align=\"center\"><strong><a href=\"http:\/\/remiremontinfo.fr\/wp-content\/uploads\/2016\/08\/Classement-g%C3%A9n%C3%A9ral.pdf\" target=\"_blank\" rel=\"noopener\">Classement g\u00e9n\u00e9ral<\/a><\/strong><\/p>\n<p class=\"mh-posts-grid-title\" style=\"text-align: justify;\" align=\"center\"><strong><a href=\"http:\/\/remiremontinfo.fr\/wp-content\/uploads\/2016\/08\/Clt-g%C3%A9n%C3%A9ral-Jeune.pdf\" target=\"_blank\" rel=\"noopener\">Clt g\u00e9n\u00e9ral Jeune<\/a><\/strong><\/p>\n<p class=\"mh-posts-grid-title\" style=\"text-align: justify;\" align=\"center\"><strong><a href=\"http:\/\/remiremontinfo.fr\/wp-content\/uploads\/2016\/08\/Clt-MG1.pdf\" target=\"_blank\" rel=\"noopener\">Clt MG<\/a><\/strong><\/p>\n","protected":false},"excerpt":{"rendered":"<p>\u00a0 C\u2019est en nombre que le public est venu suivre l\u2019arriv\u00e9e de la cinqui\u00e8me \u00e9tape de la Route de France [&hellip;]<\/p>\n","protected":false},"author":1,"featured_media":6190,"comment_status":"open","ping_status":"open","sticky":false,"template":"","format":"standard","meta":{"footnotes":""},"categories":[14,18],"tags":[1958,1700,1959],"class_list":["post-6189","post","type-post","status-publish","format-standard","has-post-thumbnail","hentry","category-sport","category-vosges","tag-bourbonne-les-bains","tag-la-bresse","tag-route-de-france-feminine"],"acf":[],"yoast_head":"<!-- This site is optimized with the Yoast SEO plugin v22.5 - https:\/\/yoast.com\/wordpress\/plugins\/seo\/ -->\n<title>Route de France F\u00e9minine \u2013 L\u2019Am\u00e9ricaine Amber Neben triomphe \u00e0 La Bresse - La Plaine des Vosges<\/title>\n<meta name=\"robots\" content=\"index, follow, max-snippet:-1, max-image-preview:large, max-video-preview:-1\" \/>\n<link rel=\"canonical\" href=\"https:\/\/vosgesinfo.fr\/laplainedesvosgesinfo\/2016\/08\/route-de-france-feminine-lamericaine-amber-neben-triomphe-a-la-bresse\/\" \/>\n<meta name=\"twitter:card\" content=\"summary_large_image\" \/>\n<meta name=\"twitter:title\" content=\"Route de France F\u00e9minine \u2013 L\u2019Am\u00e9ricaine Amber Neben triomphe \u00e0 La Bresse - La Plaine des Vosges\" \/>\n<meta name=\"twitter:description\" content=\"\u00a0 C\u2019est en nombre que le public est venu suivre l\u2019arriv\u00e9e de la cinqui\u00e8me \u00e9tape de la Route de France [&hellip;]\" \/>\n<meta name=\"twitter:image\" content=\"https:\/\/vosgesinfo.fr\/app\/uploads\/sites\/2\/2024\/06\/2016080125.jpg\" \/>\n<meta name=\"twitter:creator\" content=\"@VosgesInfo88\" \/>\n<meta name=\"twitter:site\" content=\"@VosgesInfo88\" \/>\n<meta name=\"twitter:label1\" content=\"\u00c9crit par\" \/>\n\t<meta name=\"twitter:data1\" content=\"qs_admin\" \/>\n\t<meta name=\"twitter:label2\" content=\"Dur\u00e9e de lecture estim\u00e9e\" \/>\n\t<meta name=\"twitter:data2\" content=\"1 minute\" \/>\n<script type=\"application\/ld+json\" class=\"yoast-schema-graph\">{\"@context\":\"https:\/\/schema.org\",\"@graph\":[{\"@type\":\"Article\",\"@id\":\"https:\/\/vosgesinfo.fr\/laplainedesvosgesinfo\/2016\/08\/route-de-france-feminine-lamericaine-amber-neben-triomphe-a-la-bresse\/#article\",\"isPartOf\":{\"@id\":\"https:\/\/vosgesinfo.fr\/laplainedesvosgesinfo\/2016\/08\/route-de-france-feminine-lamericaine-amber-neben-triomphe-a-la-bresse\/\"},\"author\":{\"name\":\"qs_admin\",\"@id\":\"https:\/\/vosgesinfo.fr\/laplainedesvosgesinfo\/#\/schema\/person\/bc5d02d71e6932e81b6dadb7386667b1\"},\"headline\":\"Route de France F\u00e9minine \u2013 L\u2019Am\u00e9ricaine Amber Neben triomphe \u00e0 La Bresse\",\"datePublished\":\"2016-08-13T04:38:53+00:00\",\"dateModified\":\"2016-08-13T04:38:53+00:00\",\"mainEntityOfPage\":{\"@id\":\"https:\/\/vosgesinfo.fr\/laplainedesvosgesinfo\/2016\/08\/route-de-france-feminine-lamericaine-amber-neben-triomphe-a-la-bresse\/\"},\"wordCount\":283,\"commentCount\":0,\"publisher\":{\"@id\":\"https:\/\/vosgesinfo.fr\/laplainedesvosgesinfo\/#organization\"},\"image\":{\"@id\":\"https:\/\/vosgesinfo.fr\/laplainedesvosgesinfo\/2016\/08\/route-de-france-feminine-lamericaine-amber-neben-triomphe-a-la-bresse\/#primaryimage\"},\"thumbnailUrl\":\"https:\/\/vosgesinfo.fr\/app\/uploads\/sites\/2\/2024\/06\/2016080125.jpg\",\"keywords\":[\"Bourbonne-les-Bains\",\"La Bresse\",\"Route de France f\u00e9minine\"],\"articleSection\":[\"Sport\",\"Vosges\"],\"inLanguage\":\"fr-FR\",\"potentialAction\":[{\"@type\":\"CommentAction\",\"name\":\"Comment\",\"target\":[\"https:\/\/vosgesinfo.fr\/laplainedesvosgesinfo\/2016\/08\/route-de-france-feminine-lamericaine-amber-neben-triomphe-a-la-bresse\/#respond\"]}]},{\"@type\":\"WebPage\",\"@id\":\"https:\/\/vosgesinfo.fr\/laplainedesvosgesinfo\/2016\/08\/route-de-france-feminine-lamericaine-amber-neben-triomphe-a-la-bresse\/\",\"url\":\"https:\/\/vosgesinfo.fr\/laplainedesvosgesinfo\/2016\/08\/route-de-france-feminine-lamericaine-amber-neben-triomphe-a-la-bresse\/\",\"name\":\"Route de France F\u00e9minine \u2013 L\u2019Am\u00e9ricaine Amber Neben triomphe \u00e0 La Bresse - La Plaine des Vosges\",\"isPartOf\":{\"@id\":\"https:\/\/vosgesinfo.fr\/laplainedesvosgesinfo\/#website\"},\"primaryImageOfPage\":{\"@id\":\"https:\/\/vosgesinfo.fr\/laplainedesvosgesinfo\/2016\/08\/route-de-france-feminine-lamericaine-amber-neben-triomphe-a-la-bresse\/#primaryimage\"},\"image\":{\"@id\":\"https:\/\/vosgesinfo.fr\/laplainedesvosgesinfo\/2016\/08\/route-de-france-feminine-lamericaine-amber-neben-triomphe-a-la-bresse\/#primaryimage\"},\"thumbnailUrl\":\"https:\/\/vosgesinfo.fr\/app\/uploads\/sites\/2\/2024\/06\/2016080125.jpg\",\"datePublished\":\"2016-08-13T04:38:53+00:00\",\"dateModified\":\"2016-08-13T04:38:53+00:00\",\"breadcrumb\":{\"@id\":\"https:\/\/vosgesinfo.fr\/laplainedesvosgesinfo\/2016\/08\/route-de-france-feminine-lamericaine-amber-neben-triomphe-a-la-bresse\/#breadcrumb\"},\"inLanguage\":\"fr-FR\",\"potentialAction\":[{\"@type\":\"ReadAction\",\"target\":[\"https:\/\/vosgesinfo.fr\/laplainedesvosgesinfo\/2016\/08\/route-de-france-feminine-lamericaine-amber-neben-triomphe-a-la-bresse\/\"]}]},{\"@type\":\"ImageObject\",\"inLanguage\":\"fr-FR\",\"@id\":\"https:\/\/vosgesinfo.fr\/laplainedesvosgesinfo\/2016\/08\/route-de-france-feminine-lamericaine-amber-neben-triomphe-a-la-bresse\/#primaryimage\",\"url\":\"https:\/\/vosgesinfo.fr\/app\/uploads\/sites\/2\/2024\/06\/2016080125.jpg\",\"contentUrl\":\"https:\/\/vosgesinfo.fr\/app\/uploads\/sites\/2\/2024\/06\/2016080125.jpg\",\"width\":800,\"height\":533},{\"@type\":\"BreadcrumbList\",\"@id\":\"https:\/\/vosgesinfo.fr\/laplainedesvosgesinfo\/2016\/08\/route-de-france-feminine-lamericaine-amber-neben-triomphe-a-la-bresse\/#breadcrumb\",\"itemListElement\":[{\"@type\":\"ListItem\",\"position\":1,\"name\":\"Home\",\"item\":\"https:\/\/vosgesinfo.fr\/laplainedesvosgesinfo\/\"},{\"@type\":\"ListItem\",\"position\":2,\"name\":\"Route de France F\u00e9minine \u2013 L\u2019Am\u00e9ricaine Amber Neben triomphe \u00e0 La Bresse\"}]},{\"@type\":\"WebSite\",\"@id\":\"https:\/\/vosgesinfo.fr\/laplainedesvosgesinfo\/#website\",\"url\":\"https:\/\/vosgesinfo.fr\/laplainedesvosgesinfo\/\",\"name\":\"La Plaine des Vosges\",\"description\":\"Toute l&#039;actualit\u00e9 de la plaine de Vosges\",\"publisher\":{\"@id\":\"https:\/\/vosgesinfo.fr\/laplainedesvosgesinfo\/#organization\"},\"alternateName\":\"Toute l'actualit\u00e9 de la plaine des Vosges\",\"potentialAction\":[{\"@type\":\"SearchAction\",\"target\":{\"@type\":\"EntryPoint\",\"urlTemplate\":\"https:\/\/vosgesinfo.fr\/laplainedesvosgesinfo\/?s={search_term_string}\"},\"query-input\":\"required name=search_term_string\"}],\"inLanguage\":\"fr-FR\"},{\"@type\":\"Organization\",\"@id\":\"https:\/\/vosgesinfo.fr\/laplainedesvosgesinfo\/#organization\",\"name\":\"La Plaine des Vosges\",\"url\":\"https:\/\/vosgesinfo.fr\/laplainedesvosgesinfo\/\",\"logo\":{\"@type\":\"ImageObject\",\"inLanguage\":\"fr-FR\",\"@id\":\"https:\/\/vosgesinfo.fr\/laplainedesvosgesinfo\/#\/schema\/logo\/image\/\",\"url\":\"https:\/\/vosgesinfo.fr\/app\/uploads\/sites\/2\/2023\/08\/logo-laplaineinfo.svg\",\"contentUrl\":\"https:\/\/vosgesinfo.fr\/app\/uploads\/sites\/2\/2023\/08\/logo-laplaineinfo.svg\",\"width\":1,\"height\":1,\"caption\":\"La Plaine des Vosges\"},\"image\":{\"@id\":\"https:\/\/vosgesinfo.fr\/laplainedesvosgesinfo\/#\/schema\/logo\/image\/\"},\"sameAs\":[\"https:\/\/www.facebook.com\/laplainedesvosges\",\"https:\/\/x.com\/VosgesInfo88\",\"https:\/\/www.youtube.com\/@vosgesinfo\"]},{\"@type\":\"Person\",\"@id\":\"https:\/\/vosgesinfo.fr\/laplainedesvosgesinfo\/#\/schema\/person\/bc5d02d71e6932e81b6dadb7386667b1\",\"name\":\"qs_admin\",\"image\":{\"@type\":\"ImageObject\",\"inLanguage\":\"fr-FR\",\"@id\":\"https:\/\/vosgesinfo.fr\/laplainedesvosgesinfo\/#\/schema\/person\/image\/\",\"url\":\"https:\/\/secure.gravatar.com\/avatar\/94b18ee0ed79e4a42ea2f2931277b6841a8999fc6fde214600c78057cf1fe1de?s=96&d=mm&r=g\",\"contentUrl\":\"https:\/\/secure.gravatar.com\/avatar\/94b18ee0ed79e4a42ea2f2931277b6841a8999fc6fde214600c78057cf1fe1de?s=96&d=mm&r=g\",\"caption\":\"qs_admin\"},\"sameAs\":[\"https:\/\/vosgesinfo.fr\/wp\"],\"url\":\"https:\/\/vosgesinfo.fr\/laplainedesvosgesinfo\/author\/qs_admin\/\"}]}<\/script>\n<!-- \/ Yoast SEO plugin. -->","yoast_head_json":{"title":"Route de France F\u00e9minine \u2013 L\u2019Am\u00e9ricaine Amber Neben triomphe \u00e0 La Bresse - La Plaine des Vosges","robots":{"index":"index","follow":"follow","max-snippet":"max-snippet:-1","max-image-preview":"max-image-preview:large","max-video-preview":"max-video-preview:-1"},"canonical":"https:\/\/vosgesinfo.fr\/laplainedesvosgesinfo\/2016\/08\/route-de-france-feminine-lamericaine-amber-neben-triomphe-a-la-bresse\/","twitter_card":"summary_large_image","twitter_title":"Route de France F\u00e9minine \u2013 L\u2019Am\u00e9ricaine Amber Neben triomphe \u00e0 La Bresse - La Plaine des Vosges","twitter_description":"\u00a0 C\u2019est en nombre que le public est venu suivre l\u2019arriv\u00e9e de la cinqui\u00e8me \u00e9tape de la Route de France [&hellip;]","twitter_image":"https:\/\/vosgesinfo.fr\/app\/uploads\/sites\/2\/2024\/06\/2016080125.jpg","twitter_creator":"@VosgesInfo88","twitter_site":"@VosgesInfo88","twitter_misc":{"\u00c9crit par":"qs_admin","Dur\u00e9e de lecture estim\u00e9e":"1 minute"},"schema":{"@context":"https:\/\/schema.org","@graph":[{"@type":"Article","@id":"https:\/\/vosgesinfo.fr\/laplainedesvosgesinfo\/2016\/08\/route-de-france-feminine-lamericaine-amber-neben-triomphe-a-la-bresse\/#article","isPartOf":{"@id":"https:\/\/vosgesinfo.fr\/laplainedesvosgesinfo\/2016\/08\/route-de-france-feminine-lamericaine-amber-neben-triomphe-a-la-bresse\/"},"author":{"name":"qs_admin","@id":"https:\/\/vosgesinfo.fr\/laplainedesvosgesinfo\/#\/schema\/person\/bc5d02d71e6932e81b6dadb7386667b1"},"headline":"Route de France F\u00e9minine \u2013 L\u2019Am\u00e9ricaine Amber Neben triomphe \u00e0 La Bresse","datePublished":"2016-08-13T04:38:53+00:00","dateModified":"2016-08-13T04:38:53+00:00","mainEntityOfPage":{"@id":"https:\/\/vosgesinfo.fr\/laplainedesvosgesinfo\/2016\/08\/route-de-france-feminine-lamericaine-amber-neben-triomphe-a-la-bresse\/"},"wordCount":283,"commentCount":0,"publisher":{"@id":"https:\/\/vosgesinfo.fr\/laplainedesvosgesinfo\/#organization"},"image":{"@id":"https:\/\/vosgesinfo.fr\/laplainedesvosgesinfo\/2016\/08\/route-de-france-feminine-lamericaine-amber-neben-triomphe-a-la-bresse\/#primaryimage"},"thumbnailUrl":"https:\/\/vosgesinfo.fr\/app\/uploads\/sites\/2\/2024\/06\/2016080125.jpg","keywords":["Bourbonne-les-Bains","La Bresse","Route de France f\u00e9minine"],"articleSection":["Sport","Vosges"],"inLanguage":"fr-FR","potentialAction":[{"@type":"CommentAction","name":"Comment","target":["https:\/\/vosgesinfo.fr\/laplainedesvosgesinfo\/2016\/08\/route-de-france-feminine-lamericaine-amber-neben-triomphe-a-la-bresse\/#respond"]}]},{"@type":"WebPage","@id":"https:\/\/vosgesinfo.fr\/laplainedesvosgesinfo\/2016\/08\/route-de-france-feminine-lamericaine-amber-neben-triomphe-a-la-bresse\/","url":"https:\/\/vosgesinfo.fr\/laplainedesvosgesinfo\/2016\/08\/route-de-france-feminine-lamericaine-amber-neben-triomphe-a-la-bresse\/","name":"Route de France F\u00e9minine \u2013 L\u2019Am\u00e9ricaine Amber Neben triomphe \u00e0 La Bresse - La Plaine des Vosges","isPartOf":{"@id":"https:\/\/vosgesinfo.fr\/laplainedesvosgesinfo\/#website"},"primaryImageOfPage":{"@id":"https:\/\/vosgesinfo.fr\/laplainedesvosgesinfo\/2016\/08\/route-de-france-feminine-lamericaine-amber-neben-triomphe-a-la-bresse\/#primaryimage"},"image":{"@id":"https:\/\/vosgesinfo.fr\/laplainedesvosgesinfo\/2016\/08\/route-de-france-feminine-lamericaine-amber-neben-triomphe-a-la-bresse\/#primaryimage"},"thumbnailUrl":"https:\/\/vosgesinfo.fr\/app\/uploads\/sites\/2\/2024\/06\/2016080125.jpg","datePublished":"2016-08-13T04:38:53+00:00","dateModified":"2016-08-13T04:38:53+00:00","breadcrumb":{"@id":"https:\/\/vosgesinfo.fr\/laplainedesvosgesinfo\/2016\/08\/route-de-france-feminine-lamericaine-amber-neben-triomphe-a-la-bresse\/#breadcrumb"},"inLanguage":"fr-FR","potentialAction":[{"@type":"ReadAction","target":["https:\/\/vosgesinfo.fr\/laplainedesvosgesinfo\/2016\/08\/route-de-france-feminine-lamericaine-amber-neben-triomphe-a-la-bresse\/"]}]},{"@type":"ImageObject","inLanguage":"fr-FR","@id":"https:\/\/vosgesinfo.fr\/laplainedesvosgesinfo\/2016\/08\/route-de-france-feminine-lamericaine-amber-neben-triomphe-a-la-bresse\/#primaryimage","url":"https:\/\/vosgesinfo.fr\/app\/uploads\/sites\/2\/2024\/06\/2016080125.jpg","contentUrl":"https:\/\/vosgesinfo.fr\/app\/uploads\/sites\/2\/2024\/06\/2016080125.jpg","width":800,"height":533},{"@type":"BreadcrumbList","@id":"https:\/\/vosgesinfo.fr\/laplainedesvosgesinfo\/2016\/08\/route-de-france-feminine-lamericaine-amber-neben-triomphe-a-la-bresse\/#breadcrumb","itemListElement":[{"@type":"ListItem","position":1,"name":"Home","item":"https:\/\/vosgesinfo.fr\/laplainedesvosgesinfo\/"},{"@type":"ListItem","position":2,"name":"Route de France F\u00e9minine \u2013 L\u2019Am\u00e9ricaine Amber Neben triomphe \u00e0 La Bresse"}]},{"@type":"WebSite","@id":"https:\/\/vosgesinfo.fr\/laplainedesvosgesinfo\/#website","url":"https:\/\/vosgesinfo.fr\/laplainedesvosgesinfo\/","name":"La Plaine des Vosges","description":"Toute l&#039;actualit\u00e9 de la plaine de Vosges","publisher":{"@id":"https:\/\/vosgesinfo.fr\/laplainedesvosgesinfo\/#organization"},"alternateName":"Toute l'actualit\u00e9 de la plaine des Vosges","potentialAction":[{"@type":"SearchAction","target":{"@type":"EntryPoint","urlTemplate":"https:\/\/vosgesinfo.fr\/laplainedesvosgesinfo\/?s={search_term_string}"},"query-input":"required name=search_term_string"}],"inLanguage":"fr-FR"},{"@type":"Organization","@id":"https:\/\/vosgesinfo.fr\/laplainedesvosgesinfo\/#organization","name":"La Plaine des Vosges","url":"https:\/\/vosgesinfo.fr\/laplainedesvosgesinfo\/","logo":{"@type":"ImageObject","inLanguage":"fr-FR","@id":"https:\/\/vosgesinfo.fr\/laplainedesvosgesinfo\/#\/schema\/logo\/image\/","url":"https:\/\/vosgesinfo.fr\/app\/uploads\/sites\/2\/2023\/08\/logo-laplaineinfo.svg","contentUrl":"https:\/\/vosgesinfo.fr\/app\/uploads\/sites\/2\/2023\/08\/logo-laplaineinfo.svg","width":1,"height":1,"caption":"La Plaine des Vosges"},"image":{"@id":"https:\/\/vosgesinfo.fr\/laplainedesvosgesinfo\/#\/schema\/logo\/image\/"},"sameAs":["https:\/\/www.facebook.com\/laplainedesvosges","https:\/\/x.com\/VosgesInfo88","https:\/\/www.youtube.com\/@vosgesinfo"]},{"@type":"Person","@id":"https:\/\/vosgesinfo.fr\/laplainedesvosgesinfo\/#\/schema\/person\/bc5d02d71e6932e81b6dadb7386667b1","name":"qs_admin","image":{"@type":"ImageObject","inLanguage":"fr-FR","@id":"https:\/\/vosgesinfo.fr\/laplainedesvosgesinfo\/#\/schema\/person\/image\/","url":"https:\/\/secure.gravatar.com\/avatar\/94b18ee0ed79e4a42ea2f2931277b6841a8999fc6fde214600c78057cf1fe1de?s=96&d=mm&r=g","contentUrl":"https:\/\/secure.gravatar.com\/avatar\/94b18ee0ed79e4a42ea2f2931277b6841a8999fc6fde214600c78057cf1fe1de?s=96&d=mm&r=g","caption":"qs_admin"},"sameAs":["https:\/\/vosgesinfo.fr\/wp"],"url":"https:\/\/vosgesinfo.fr\/laplainedesvosgesinfo\/author\/qs_admin\/"}]}},"_links":{"self":[{"href":"https:\/\/vosgesinfo.fr\/laplainedesvosgesinfo\/wp-json\/wp\/v2\/posts\/6189","targetHints":{"allow":["GET"]}}],"collection":[{"href":"https:\/\/vosgesinfo.fr\/laplainedesvosgesinfo\/wp-json\/wp\/v2\/posts"}],"about":[{"href":"https:\/\/vosgesinfo.fr\/laplainedesvosgesinfo\/wp-json\/wp\/v2\/types\/post"}],"author":[{"embeddable":true,"href":"https:\/\/vosgesinfo.fr\/laplainedesvosgesinfo\/wp-json\/wp\/v2\/users\/1"}],"replies":[{"embeddable":true,"href":"https:\/\/vosgesinfo.fr\/laplainedesvosgesinfo\/wp-json\/wp\/v2\/comments?post=6189"}],"version-history":[{"count":0,"href":"https:\/\/vosgesinfo.fr\/laplainedesvosgesinfo\/wp-json\/wp\/v2\/posts\/6189\/revisions"}],"wp:featuredmedia":[{"embeddable":true,"href":"https:\/\/vosgesinfo.fr\/laplainedesvosgesinfo\/wp-json\/wp\/v2\/media\/6190"}],"wp:attachment":[{"href":"https:\/\/vosgesinfo.fr\/laplainedesvosgesinfo\/wp-json\/wp\/v2\/media?parent=6189"}],"wp:term":[{"taxonomy":"category","embeddable":true,"href":"https:\/\/vosgesinfo.fr\/laplainedesvosgesinfo\/wp-json\/wp\/v2\/categories?post=6189"},{"taxonomy":"post_tag","embeddable":true,"href":"https:\/\/vosgesinfo.fr\/laplainedesvosgesinfo\/wp-json\/wp\/v2\/tags?post=6189"}],"curies":[{"name":"wp","href":"https:\/\/api.w.org\/{rel}","templated":true}]}}