{"id":6279,"date":"2016-08-19T12:28:36","date_gmt":"2016-08-19T10:28:36","guid":{"rendered":"https:\/\/vosgesinfo.fr\/laplainedesvosgesinfo\/2016\/08\/vittel-lagora-moment-estival-et-festif-autour-de-leau\/"},"modified":"2016-08-19T12:28:36","modified_gmt":"2016-08-19T10:28:36","slug":"vittel-lagora-moment-estival-et-festif-autour-de-leau","status":"publish","type":"post","link":"https:\/\/vosgesinfo.fr\/laplainedesvosgesinfo\/2016\/08\/vittel-lagora-moment-estival-et-festif-autour-de-leau\/","title":{"rendered":"Vittel &#8211; L&rsquo;Ag\u00f4ra, moment estival et festif autour de l&rsquo;eau"},"content":{"rendered":"<p><a href=\"\/2016\/08\/13925562_1342983819048589_7581970742987237390_o.jpg\"><img decoding=\"async\" class=\"aligncenter size-full wp-image-79612\" src=\"\/2016\/08\/13925562_1342983819048589_7581970742987237390_o.jpg\" alt=\"13925562_1342983819048589_7581970742987237390_o\" width=\"800\" height=\"267\" \/><\/a><\/p>\n<p><strong>L&rsquo;Ag\u00f4ra 2016, comprenez l&rsquo;\u00e9v\u00e8nement estival de la Vigie de l&rsquo;eau, fait son retour pour une 4\u00e8me \u00e9dition dimanche 21 ao\u00fbt. <\/strong>Un apr\u00e8s-midi festif pour petits et grands o\u00f9 des animations pour tous les go\u00fbts vous seront propos\u00e9es.<\/p>\n<p class=\"rtecenter\">Rendez-vous le dimanche 21 Ao\u00fbt entre 13h et 19h devant la Vigie de l&rsquo;Eau, \u00e0 l&rsquo;entr\u00e9e de la galerie thermale et venez participer \u00e0 de nombreux ateliers pour vous amuser en d\u00e9couvrant l&rsquo;eau sous toutes ses facettes !<\/p>\n<p class=\"rtecenter\"><strong>Au programme de l&rsquo;apr\u00e8s-midi :<\/strong><\/p>\n<ul class=\"rteindent1\">\n<li><strong>Les ateliers de la Vigie de l&rsquo;eau <\/strong>&#8211; Enfants \u00e0 partir de 4 ans<\/li>\n<\/ul>\n<p>Ateliers ludiques et p\u00e9dagogiques : ki mange ki ?, maquette \u00e9cluse, papier marbr\u00e9, fus\u00e9es \u00e0 eau, bulles de savon\u2026<\/p>\n<ul class=\"rteindent1\">\n<li><strong>Oh\u00e9 du bateau ! par Dani\u00e8le Schulthess<\/strong> &#8211; Enfants de 3 \u00e0 7 ans<\/li>\n<\/ul>\n<p>Chantier naval ! Venez fabriquer votre bateau\u2026 en v\u00e9g\u00e9taux !<\/p>\n<p><em>8 enfants par groupe. 20 \u00e0 25 min par atelier.<\/em><\/p>\n<ul class=\"rteindent1\">\n<li><strong>Clip it !<\/strong> &#8211; Tout public. Bouchons fournis mais vous pouvez en ramener !<\/li>\n<\/ul>\n<p>Ramenez des bouchons de toutes les formes et toutes les couleurs pour cr\u00e9er de v\u00e9ritables \u0153uvres d\u2019art !<\/p>\n<ul class=\"rteindent1\">\n<li><strong>D&amp;C&rsquo;eau ! Fresque aquatique <\/strong>&#8211; Tout public<\/li>\n<\/ul>\n<p>Artistes en herbe, exprimez-vous sur les parois de l\u2019aquarium&#8230; g\u00e9ant !<\/p>\n<ul class=\"rteindent1\">\n<li><strong>Ferme itin\u00e9rante<\/strong> &#8211; Tout public<\/li>\n<\/ul>\n<p>Venez d\u00e9couvrir et prendre soin des animaux de la ferme et pr\u00e9parer votre jus de pomme artisanal !<\/p>\n<ul class=\"rteindent1\">\n<li class=\"rtejustify\"><strong>Buvette<\/strong><\/li>\n<\/ul>\n<p>Cr\u00e8pes artisanales, boissons chaudes, jus de fruits, etc.<\/p>\n<p><strong>Et tout l\u2019apr\u00e8s-midi, portes ouvertes \u00e0 la Vigie de l&rsquo;eau !<\/strong><\/p>\n","protected":false},"excerpt":{"rendered":"<p>L&rsquo;Ag\u00f4ra 2016, comprenez l&rsquo;\u00e9v\u00e8nement estival de la Vigie de l&rsquo;eau, fait son retour pour une 4\u00e8me \u00e9dition dimanche 21 ao\u00fbt. [&hellip;]<\/p>\n","protected":false},"author":1,"featured_media":6280,"comment_status":"open","ping_status":"open","sticky":false,"template":"","format":"standard","meta":{"footnotes":""},"categories":[29,37,38],"tags":[2005,2006,871,77],"class_list":["post-6279","post","type-post","status-publish","format-standard","has-post-thumbnail","hentry","category-a-la-une","category-la-plaine","category-vittel-la-plaine","tag-agora","tag-apres-midi-scientifique","tag-vigie-de-leau","tag-vittel"],"acf":[],"yoast_head":"<!-- This site is optimized with the Yoast SEO plugin v22.5 - https:\/\/yoast.com\/wordpress\/plugins\/seo\/ -->\n<title>Vittel - L&#039;Ag\u00f4ra, moment estival et festif autour de l&#039;eau - La Plaine des Vosges<\/title>\n<meta name=\"robots\" content=\"index, follow, max-snippet:-1, max-image-preview:large, max-video-preview:-1\" \/>\n<link rel=\"canonical\" href=\"https:\/\/vosgesinfo.fr\/laplainedesvosgesinfo\/2016\/08\/vittel-lagora-moment-estival-et-festif-autour-de-leau\/\" \/>\n<meta name=\"twitter:card\" content=\"summary_large_image\" \/>\n<meta name=\"twitter:title\" content=\"Vittel - L&#039;Ag\u00f4ra, moment estival et festif autour de l&#039;eau - La Plaine des Vosges\" \/>\n<meta name=\"twitter:description\" content=\"L&rsquo;Ag\u00f4ra 2016, comprenez l&rsquo;\u00e9v\u00e8nement estival de la Vigie de l&rsquo;eau, fait son retour pour une 4\u00e8me \u00e9dition dimanche 21 ao\u00fbt. [&hellip;]\" \/>\n<meta name=\"twitter:image\" content=\"https:\/\/vosgesinfo.fr\/app\/uploads\/sites\/2\/2024\/06\/201608vigie-eau-vittel.jpg\" \/>\n<meta name=\"twitter:creator\" content=\"@VosgesInfo88\" \/>\n<meta name=\"twitter:site\" content=\"@VosgesInfo88\" \/>\n<meta name=\"twitter:label1\" content=\"\u00c9crit par\" \/>\n\t<meta name=\"twitter:data1\" content=\"qs_admin\" \/>\n\t<meta name=\"twitter:label2\" content=\"Dur\u00e9e de lecture estim\u00e9e\" \/>\n\t<meta name=\"twitter:data2\" content=\"1 minute\" \/>\n<script type=\"application\/ld+json\" class=\"yoast-schema-graph\">{\"@context\":\"https:\/\/schema.org\",\"@graph\":[{\"@type\":\"Article\",\"@id\":\"https:\/\/vosgesinfo.fr\/laplainedesvosgesinfo\/2016\/08\/vittel-lagora-moment-estival-et-festif-autour-de-leau\/#article\",\"isPartOf\":{\"@id\":\"https:\/\/vosgesinfo.fr\/laplainedesvosgesinfo\/2016\/08\/vittel-lagora-moment-estival-et-festif-autour-de-leau\/\"},\"author\":{\"name\":\"qs_admin\",\"@id\":\"https:\/\/vosgesinfo.fr\/laplainedesvosgesinfo\/#\/schema\/person\/bc5d02d71e6932e81b6dadb7386667b1\"},\"headline\":\"Vittel &#8211; L&rsquo;Ag\u00f4ra, moment estival et festif autour de l&rsquo;eau\",\"datePublished\":\"2016-08-19T10:28:36+00:00\",\"dateModified\":\"2016-08-19T10:28:36+00:00\",\"mainEntityOfPage\":{\"@id\":\"https:\/\/vosgesinfo.fr\/laplainedesvosgesinfo\/2016\/08\/vittel-lagora-moment-estival-et-festif-autour-de-leau\/\"},\"wordCount\":261,\"commentCount\":0,\"publisher\":{\"@id\":\"https:\/\/vosgesinfo.fr\/laplainedesvosgesinfo\/#organization\"},\"image\":{\"@id\":\"https:\/\/vosgesinfo.fr\/laplainedesvosgesinfo\/2016\/08\/vittel-lagora-moment-estival-et-festif-autour-de-leau\/#primaryimage\"},\"thumbnailUrl\":\"https:\/\/vosgesinfo.fr\/app\/uploads\/sites\/2\/2024\/06\/201608vigie-eau-vittel.jpg\",\"keywords\":[\"ag\u00f4ra\",\"apr\u00e8s-midi scientifique\",\"Vigie de l'Eau\",\"Vittel\"],\"articleSection\":[\"A la Une\",\"La Plaine\",\"Vittel\"],\"inLanguage\":\"fr-FR\",\"potentialAction\":[{\"@type\":\"CommentAction\",\"name\":\"Comment\",\"target\":[\"https:\/\/vosgesinfo.fr\/laplainedesvosgesinfo\/2016\/08\/vittel-lagora-moment-estival-et-festif-autour-de-leau\/#respond\"]}]},{\"@type\":\"WebPage\",\"@id\":\"https:\/\/vosgesinfo.fr\/laplainedesvosgesinfo\/2016\/08\/vittel-lagora-moment-estival-et-festif-autour-de-leau\/\",\"url\":\"https:\/\/vosgesinfo.fr\/laplainedesvosgesinfo\/2016\/08\/vittel-lagora-moment-estival-et-festif-autour-de-leau\/\",\"name\":\"Vittel - L'Ag\u00f4ra, moment estival et festif autour de l'eau - La Plaine des Vosges\",\"isPartOf\":{\"@id\":\"https:\/\/vosgesinfo.fr\/laplainedesvosgesinfo\/#website\"},\"primaryImageOfPage\":{\"@id\":\"https:\/\/vosgesinfo.fr\/laplainedesvosgesinfo\/2016\/08\/vittel-lagora-moment-estival-et-festif-autour-de-leau\/#primaryimage\"},\"image\":{\"@id\":\"https:\/\/vosgesinfo.fr\/laplainedesvosgesinfo\/2016\/08\/vittel-lagora-moment-estival-et-festif-autour-de-leau\/#primaryimage\"},\"thumbnailUrl\":\"https:\/\/vosgesinfo.fr\/app\/uploads\/sites\/2\/2024\/06\/201608vigie-eau-vittel.jpg\",\"datePublished\":\"2016-08-19T10:28:36+00:00\",\"dateModified\":\"2016-08-19T10:28:36+00:00\",\"breadcrumb\":{\"@id\":\"https:\/\/vosgesinfo.fr\/laplainedesvosgesinfo\/2016\/08\/vittel-lagora-moment-estival-et-festif-autour-de-leau\/#breadcrumb\"},\"inLanguage\":\"fr-FR\",\"potentialAction\":[{\"@type\":\"ReadAction\",\"target\":[\"https:\/\/vosgesinfo.fr\/laplainedesvosgesinfo\/2016\/08\/vittel-lagora-moment-estival-et-festif-autour-de-leau\/\"]}]},{\"@type\":\"ImageObject\",\"inLanguage\":\"fr-FR\",\"@id\":\"https:\/\/vosgesinfo.fr\/laplainedesvosgesinfo\/2016\/08\/vittel-lagora-moment-estival-et-festif-autour-de-leau\/#primaryimage\",\"url\":\"https:\/\/vosgesinfo.fr\/app\/uploads\/sites\/2\/2024\/06\/201608vigie-eau-vittel.jpg\",\"contentUrl\":\"https:\/\/vosgesinfo.fr\/app\/uploads\/sites\/2\/2024\/06\/201608vigie-eau-vittel.jpg\",\"width\":800,\"height\":623},{\"@type\":\"BreadcrumbList\",\"@id\":\"https:\/\/vosgesinfo.fr\/laplainedesvosgesinfo\/2016\/08\/vittel-lagora-moment-estival-et-festif-autour-de-leau\/#breadcrumb\",\"itemListElement\":[{\"@type\":\"ListItem\",\"position\":1,\"name\":\"Home\",\"item\":\"https:\/\/vosgesinfo.fr\/laplainedesvosgesinfo\/\"},{\"@type\":\"ListItem\",\"position\":2,\"name\":\"Vittel &#8211; L&rsquo;Ag\u00f4ra, moment estival et festif autour de l&rsquo;eau\"}]},{\"@type\":\"WebSite\",\"@id\":\"https:\/\/vosgesinfo.fr\/laplainedesvosgesinfo\/#website\",\"url\":\"https:\/\/vosgesinfo.fr\/laplainedesvosgesinfo\/\",\"name\":\"La Plaine des Vosges\",\"description\":\"Toute l&#039;actualit\u00e9 de la plaine de Vosges\",\"publisher\":{\"@id\":\"https:\/\/vosgesinfo.fr\/laplainedesvosgesinfo\/#organization\"},\"alternateName\":\"Toute l'actualit\u00e9 de la plaine des Vosges\",\"potentialAction\":[{\"@type\":\"SearchAction\",\"target\":{\"@type\":\"EntryPoint\",\"urlTemplate\":\"https:\/\/vosgesinfo.fr\/laplainedesvosgesinfo\/?s={search_term_string}\"},\"query-input\":\"required name=search_term_string\"}],\"inLanguage\":\"fr-FR\"},{\"@type\":\"Organization\",\"@id\":\"https:\/\/vosgesinfo.fr\/laplainedesvosgesinfo\/#organization\",\"name\":\"La Plaine des Vosges\",\"url\":\"https:\/\/vosgesinfo.fr\/laplainedesvosgesinfo\/\",\"logo\":{\"@type\":\"ImageObject\",\"inLanguage\":\"fr-FR\",\"@id\":\"https:\/\/vosgesinfo.fr\/laplainedesvosgesinfo\/#\/schema\/logo\/image\/\",\"url\":\"https:\/\/vosgesinfo.fr\/app\/uploads\/sites\/2\/2023\/08\/logo-laplaineinfo.svg\",\"contentUrl\":\"https:\/\/vosgesinfo.fr\/app\/uploads\/sites\/2\/2023\/08\/logo-laplaineinfo.svg\",\"width\":1,\"height\":1,\"caption\":\"La Plaine des Vosges\"},\"image\":{\"@id\":\"https:\/\/vosgesinfo.fr\/laplainedesvosgesinfo\/#\/schema\/logo\/image\/\"},\"sameAs\":[\"https:\/\/www.facebook.com\/laplainedesvosges\",\"https:\/\/x.com\/VosgesInfo88\",\"https:\/\/www.youtube.com\/@vosgesinfo\"]},{\"@type\":\"Person\",\"@id\":\"https:\/\/vosgesinfo.fr\/laplainedesvosgesinfo\/#\/schema\/person\/bc5d02d71e6932e81b6dadb7386667b1\",\"name\":\"qs_admin\",\"image\":{\"@type\":\"ImageObject\",\"inLanguage\":\"fr-FR\",\"@id\":\"https:\/\/vosgesinfo.fr\/laplainedesvosgesinfo\/#\/schema\/person\/image\/\",\"url\":\"https:\/\/secure.gravatar.com\/avatar\/94b18ee0ed79e4a42ea2f2931277b6841a8999fc6fde214600c78057cf1fe1de?s=96&d=mm&r=g\",\"contentUrl\":\"https:\/\/secure.gravatar.com\/avatar\/94b18ee0ed79e4a42ea2f2931277b6841a8999fc6fde214600c78057cf1fe1de?s=96&d=mm&r=g\",\"caption\":\"qs_admin\"},\"sameAs\":[\"https:\/\/vosgesinfo.fr\/wp\"],\"url\":\"https:\/\/vosgesinfo.fr\/laplainedesvosgesinfo\/author\/qs_admin\/\"}]}<\/script>\n<!-- \/ Yoast SEO plugin. -->","yoast_head_json":{"title":"Vittel - L'Ag\u00f4ra, moment estival et festif autour de l'eau - La Plaine des Vosges","robots":{"index":"index","follow":"follow","max-snippet":"max-snippet:-1","max-image-preview":"max-image-preview:large","max-video-preview":"max-video-preview:-1"},"canonical":"https:\/\/vosgesinfo.fr\/laplainedesvosgesinfo\/2016\/08\/vittel-lagora-moment-estival-et-festif-autour-de-leau\/","twitter_card":"summary_large_image","twitter_title":"Vittel - L'Ag\u00f4ra, moment estival et festif autour de l'eau - La Plaine des Vosges","twitter_description":"L&rsquo;Ag\u00f4ra 2016, comprenez l&rsquo;\u00e9v\u00e8nement estival de la Vigie de l&rsquo;eau, fait son retour pour une 4\u00e8me \u00e9dition dimanche 21 ao\u00fbt. [&hellip;]","twitter_image":"https:\/\/vosgesinfo.fr\/app\/uploads\/sites\/2\/2024\/06\/201608vigie-eau-vittel.jpg","twitter_creator":"@VosgesInfo88","twitter_site":"@VosgesInfo88","twitter_misc":{"\u00c9crit par":"qs_admin","Dur\u00e9e de lecture estim\u00e9e":"1 minute"},"schema":{"@context":"https:\/\/schema.org","@graph":[{"@type":"Article","@id":"https:\/\/vosgesinfo.fr\/laplainedesvosgesinfo\/2016\/08\/vittel-lagora-moment-estival-et-festif-autour-de-leau\/#article","isPartOf":{"@id":"https:\/\/vosgesinfo.fr\/laplainedesvosgesinfo\/2016\/08\/vittel-lagora-moment-estival-et-festif-autour-de-leau\/"},"author":{"name":"qs_admin","@id":"https:\/\/vosgesinfo.fr\/laplainedesvosgesinfo\/#\/schema\/person\/bc5d02d71e6932e81b6dadb7386667b1"},"headline":"Vittel &#8211; L&rsquo;Ag\u00f4ra, moment estival et festif autour de l&rsquo;eau","datePublished":"2016-08-19T10:28:36+00:00","dateModified":"2016-08-19T10:28:36+00:00","mainEntityOfPage":{"@id":"https:\/\/vosgesinfo.fr\/laplainedesvosgesinfo\/2016\/08\/vittel-lagora-moment-estival-et-festif-autour-de-leau\/"},"wordCount":261,"commentCount":0,"publisher":{"@id":"https:\/\/vosgesinfo.fr\/laplainedesvosgesinfo\/#organization"},"image":{"@id":"https:\/\/vosgesinfo.fr\/laplainedesvosgesinfo\/2016\/08\/vittel-lagora-moment-estival-et-festif-autour-de-leau\/#primaryimage"},"thumbnailUrl":"https:\/\/vosgesinfo.fr\/app\/uploads\/sites\/2\/2024\/06\/201608vigie-eau-vittel.jpg","keywords":["ag\u00f4ra","apr\u00e8s-midi scientifique","Vigie de l'Eau","Vittel"],"articleSection":["A la Une","La Plaine","Vittel"],"inLanguage":"fr-FR","potentialAction":[{"@type":"CommentAction","name":"Comment","target":["https:\/\/vosgesinfo.fr\/laplainedesvosgesinfo\/2016\/08\/vittel-lagora-moment-estival-et-festif-autour-de-leau\/#respond"]}]},{"@type":"WebPage","@id":"https:\/\/vosgesinfo.fr\/laplainedesvosgesinfo\/2016\/08\/vittel-lagora-moment-estival-et-festif-autour-de-leau\/","url":"https:\/\/vosgesinfo.fr\/laplainedesvosgesinfo\/2016\/08\/vittel-lagora-moment-estival-et-festif-autour-de-leau\/","name":"Vittel - L'Ag\u00f4ra, moment estival et festif autour de l'eau - La Plaine des Vosges","isPartOf":{"@id":"https:\/\/vosgesinfo.fr\/laplainedesvosgesinfo\/#website"},"primaryImageOfPage":{"@id":"https:\/\/vosgesinfo.fr\/laplainedesvosgesinfo\/2016\/08\/vittel-lagora-moment-estival-et-festif-autour-de-leau\/#primaryimage"},"image":{"@id":"https:\/\/vosgesinfo.fr\/laplainedesvosgesinfo\/2016\/08\/vittel-lagora-moment-estival-et-festif-autour-de-leau\/#primaryimage"},"thumbnailUrl":"https:\/\/vosgesinfo.fr\/app\/uploads\/sites\/2\/2024\/06\/201608vigie-eau-vittel.jpg","datePublished":"2016-08-19T10:28:36+00:00","dateModified":"2016-08-19T10:28:36+00:00","breadcrumb":{"@id":"https:\/\/vosgesinfo.fr\/laplainedesvosgesinfo\/2016\/08\/vittel-lagora-moment-estival-et-festif-autour-de-leau\/#breadcrumb"},"inLanguage":"fr-FR","potentialAction":[{"@type":"ReadAction","target":["https:\/\/vosgesinfo.fr\/laplainedesvosgesinfo\/2016\/08\/vittel-lagora-moment-estival-et-festif-autour-de-leau\/"]}]},{"@type":"ImageObject","inLanguage":"fr-FR","@id":"https:\/\/vosgesinfo.fr\/laplainedesvosgesinfo\/2016\/08\/vittel-lagora-moment-estival-et-festif-autour-de-leau\/#primaryimage","url":"https:\/\/vosgesinfo.fr\/app\/uploads\/sites\/2\/2024\/06\/201608vigie-eau-vittel.jpg","contentUrl":"https:\/\/vosgesinfo.fr\/app\/uploads\/sites\/2\/2024\/06\/201608vigie-eau-vittel.jpg","width":800,"height":623},{"@type":"BreadcrumbList","@id":"https:\/\/vosgesinfo.fr\/laplainedesvosgesinfo\/2016\/08\/vittel-lagora-moment-estival-et-festif-autour-de-leau\/#breadcrumb","itemListElement":[{"@type":"ListItem","position":1,"name":"Home","item":"https:\/\/vosgesinfo.fr\/laplainedesvosgesinfo\/"},{"@type":"ListItem","position":2,"name":"Vittel &#8211; L&rsquo;Ag\u00f4ra, moment estival et festif autour de l&rsquo;eau"}]},{"@type":"WebSite","@id":"https:\/\/vosgesinfo.fr\/laplainedesvosgesinfo\/#website","url":"https:\/\/vosgesinfo.fr\/laplainedesvosgesinfo\/","name":"La Plaine des Vosges","description":"Toute l&#039;actualit\u00e9 de la plaine de Vosges","publisher":{"@id":"https:\/\/vosgesinfo.fr\/laplainedesvosgesinfo\/#organization"},"alternateName":"Toute l'actualit\u00e9 de la plaine des Vosges","potentialAction":[{"@type":"SearchAction","target":{"@type":"EntryPoint","urlTemplate":"https:\/\/vosgesinfo.fr\/laplainedesvosgesinfo\/?s={search_term_string}"},"query-input":"required name=search_term_string"}],"inLanguage":"fr-FR"},{"@type":"Organization","@id":"https:\/\/vosgesinfo.fr\/laplainedesvosgesinfo\/#organization","name":"La Plaine des Vosges","url":"https:\/\/vosgesinfo.fr\/laplainedesvosgesinfo\/","logo":{"@type":"ImageObject","inLanguage":"fr-FR","@id":"https:\/\/vosgesinfo.fr\/laplainedesvosgesinfo\/#\/schema\/logo\/image\/","url":"https:\/\/vosgesinfo.fr\/app\/uploads\/sites\/2\/2023\/08\/logo-laplaineinfo.svg","contentUrl":"https:\/\/vosgesinfo.fr\/app\/uploads\/sites\/2\/2023\/08\/logo-laplaineinfo.svg","width":1,"height":1,"caption":"La Plaine des Vosges"},"image":{"@id":"https:\/\/vosgesinfo.fr\/laplainedesvosgesinfo\/#\/schema\/logo\/image\/"},"sameAs":["https:\/\/www.facebook.com\/laplainedesvosges","https:\/\/x.com\/VosgesInfo88","https:\/\/www.youtube.com\/@vosgesinfo"]},{"@type":"Person","@id":"https:\/\/vosgesinfo.fr\/laplainedesvosgesinfo\/#\/schema\/person\/bc5d02d71e6932e81b6dadb7386667b1","name":"qs_admin","image":{"@type":"ImageObject","inLanguage":"fr-FR","@id":"https:\/\/vosgesinfo.fr\/laplainedesvosgesinfo\/#\/schema\/person\/image\/","url":"https:\/\/secure.gravatar.com\/avatar\/94b18ee0ed79e4a42ea2f2931277b6841a8999fc6fde214600c78057cf1fe1de?s=96&d=mm&r=g","contentUrl":"https:\/\/secure.gravatar.com\/avatar\/94b18ee0ed79e4a42ea2f2931277b6841a8999fc6fde214600c78057cf1fe1de?s=96&d=mm&r=g","caption":"qs_admin"},"sameAs":["https:\/\/vosgesinfo.fr\/wp"],"url":"https:\/\/vosgesinfo.fr\/laplainedesvosgesinfo\/author\/qs_admin\/"}]}},"_links":{"self":[{"href":"https:\/\/vosgesinfo.fr\/laplainedesvosgesinfo\/wp-json\/wp\/v2\/posts\/6279","targetHints":{"allow":["GET"]}}],"collection":[{"href":"https:\/\/vosgesinfo.fr\/laplainedesvosgesinfo\/wp-json\/wp\/v2\/posts"}],"about":[{"href":"https:\/\/vosgesinfo.fr\/laplainedesvosgesinfo\/wp-json\/wp\/v2\/types\/post"}],"author":[{"embeddable":true,"href":"https:\/\/vosgesinfo.fr\/laplainedesvosgesinfo\/wp-json\/wp\/v2\/users\/1"}],"replies":[{"embeddable":true,"href":"https:\/\/vosgesinfo.fr\/laplainedesvosgesinfo\/wp-json\/wp\/v2\/comments?post=6279"}],"version-history":[{"count":0,"href":"https:\/\/vosgesinfo.fr\/laplainedesvosgesinfo\/wp-json\/wp\/v2\/posts\/6279\/revisions"}],"wp:featuredmedia":[{"embeddable":true,"href":"https:\/\/vosgesinfo.fr\/laplainedesvosgesinfo\/wp-json\/wp\/v2\/media\/6280"}],"wp:attachment":[{"href":"https:\/\/vosgesinfo.fr\/laplainedesvosgesinfo\/wp-json\/wp\/v2\/media?parent=6279"}],"wp:term":[{"taxonomy":"category","embeddable":true,"href":"https:\/\/vosgesinfo.fr\/laplainedesvosgesinfo\/wp-json\/wp\/v2\/categories?post=6279"},{"taxonomy":"post_tag","embeddable":true,"href":"https:\/\/vosgesinfo.fr\/laplainedesvosgesinfo\/wp-json\/wp\/v2\/tags?post=6279"}],"curies":[{"name":"wp","href":"https:\/\/api.w.org\/{rel}","templated":true}]}}