{"id":6295,"date":"2016-08-20T10:38:55","date_gmt":"2016-08-20T08:38:55","guid":{"rendered":"https:\/\/vosgesinfo.fr\/laplainedesvosgesinfo\/2016\/08\/en-10-ans-la-production-de-miel-a-ete-divisee-par-3\/"},"modified":"2016-08-20T10:38:55","modified_gmt":"2016-08-20T08:38:55","slug":"en-10-ans-la-production-de-miel-a-ete-divisee-par-3","status":"publish","type":"post","link":"https:\/\/vosgesinfo.fr\/laplainedesvosgesinfo\/2016\/08\/en-10-ans-la-production-de-miel-a-ete-divisee-par-3\/","title":{"rendered":"En 10 ans la production de miel a \u00e9t\u00e9 divis\u00e9e par 3"},"content":{"rendered":"<p style=\"text-align: justify;\"><a href=\"\/2016\/08\/P1190195.jpg\"><img decoding=\"async\" class=\"aligncenter  wp-image-79641\" src=\"\/2016\/08\/P1190195.jpg\" alt=\"P1190195\" width=\"683\" height=\"512\" \/><\/a><\/p>\n<p style=\"text-align: justify;\"><strong><em>\u00ab\u00a0La France manque cruellement de miel et d\u2019apiculteurs\u00a0\u00bb<\/em> explique Christian Morel, le pr\u00e9sident de l\u2019Abeille vosgienne. \u00a0Ce week-end le rucher \u00e9cole de la Tranch\u00e9e de Docelles ouvre ses portes au public. <\/strong><\/p>\n<p style=\"text-align: justify;\">La production de miel est en chute libre. En 1995, les abeilles produisaient 32\u00a0000 tonnes de miel en France, aujourd\u2019hui elles n\u2019en produisent plus que 10\u00a0000 !<\/p>\n<p style=\"text-align: justify;\"><a href=\"http:\/\/epinalinfos.fr\/2016\/08\/10-ans-production-de-miel-a-ete-divisee-3\/p1190193\/\" rel=\"attachment wp-att-98701\"><img decoding=\"async\" class=\" wp-image-98701 alignleft\" src=\"http:\/\/epinalinfos.fr\/wp-content\/uploads\/2016\/08\/P1190193.jpg\" alt=\"P1190193\" width=\"446\" height=\"335\" \/><\/a>La raison, la pluie du printemps a perturb\u00e9 la pollinisation par les abeilles, mais pas seulement.\u00a0Les abeilles vosgiennes sont aussi victimes des pesticides. \u00ab<em>\u00a0Les \u00e9tudes scientifiques d\u00e9montrent le r\u00f4le des pesticides sur la mortalit\u00e9 excessive des abeilles\u00a0\u00bb<\/em> poursuit Christian Morel. Ainsi avant l\u2019apparition des n\u00e9onicotino\u00efdes, une famille de pesticides, sur le march\u00e9 fran\u00e7ais, les mortalit\u00e9s avoisinaient seulement les 5%, contre 30% aujourd\u2019hui, chiffrent plusieurs ONG.<\/p>\n<p style=\"text-align: justify;\"><em>\u00ab\u00a0Les n\u00e9onicotino\u00efdes jouent aussi un r\u00f4le sur notre sant\u00e9. Il est grand temps de sauver ce qu\u2019il reste d\u2019abeilles\u00a0\u00bb<\/em> s\u2019alarme le pr\u00e9sident de l\u2019Abeille vosgienne. Des \u00e9tudes scientifiques r\u00e9alis\u00e9es par l\u2019Agence nationale de s\u00e9curit\u00e9 sanitaire de l\u2019alimentation, de l\u2019environnement et du travail (Anses) d\u00e9montrent que ces pesticides auraient des <em>\u00ab\u00a0effets n\u00e9gatifs sur les esp\u00e8ces pollinisatrices\u00a0\u00bb<\/em>.<\/p>\n<p style=\"text-align: justify;\">Les apiculteurs doivent aussi faire face au frelon asiatique qui attaque les ruches. <em>\u00ab\u00a0Il est aux portes des Vosges. Le frelon s\u2019attaque \u00e0 l\u2019Alsace et arrive dans le d\u00e9partement. On s\u2019attend au pire\u00a0\u00bb<\/em> d\u00e9plore Christian Morel.<\/p>\n<p style=\"text-align: justify;\">Autre probl\u00e8me pour les apiculteurs, le varroa, un parasite destructeur de ruches. Il peut se r\u00e9v\u00e9ler particuli\u00e8rement dangereux.<\/p>\n<p>C.K.N.<\/p>\n","protected":false},"excerpt":{"rendered":"<p>\u00ab\u00a0La France manque cruellement de miel et d\u2019apiculteurs\u00a0\u00bb explique Christian Morel, le pr\u00e9sident de l\u2019Abeille vosgienne. \u00a0Ce week-end le rucher [&hellip;]<\/p>\n","protected":false},"author":1,"featured_media":6296,"comment_status":"open","ping_status":"open","sticky":false,"template":"","format":"standard","meta":{"footnotes":""},"categories":[13,18],"tags":[2012,2013,320,2014,2015,233],"class_list":["post-6295","post","type-post","status-publish","format-standard","has-post-thumbnail","hentry","category-societe","category-vosges","tag-abeille-vosgienne","tag-apiculteurs","tag-ecole","tag-rucher","tag-tranchee-de-docelles","tag-vosges"],"acf":[],"yoast_head":"<!-- This site is optimized with the Yoast SEO plugin v22.5 - https:\/\/yoast.com\/wordpress\/plugins\/seo\/ -->\n<title>En 10 ans la production de miel a \u00e9t\u00e9 divis\u00e9e par 3 - La Plaine des Vosges<\/title>\n<meta name=\"robots\" content=\"index, follow, max-snippet:-1, max-image-preview:large, max-video-preview:-1\" \/>\n<link rel=\"canonical\" href=\"https:\/\/vosgesinfo.fr\/laplainedesvosgesinfo\/2016\/08\/en-10-ans-la-production-de-miel-a-ete-divisee-par-3\/\" \/>\n<meta name=\"twitter:card\" content=\"summary_large_image\" \/>\n<meta name=\"twitter:title\" content=\"En 10 ans la production de miel a \u00e9t\u00e9 divis\u00e9e par 3 - La Plaine des Vosges\" \/>\n<meta name=\"twitter:description\" content=\"\u00ab\u00a0La France manque cruellement de miel et d\u2019apiculteurs\u00a0\u00bb explique Christian Morel, le pr\u00e9sident de l\u2019Abeille vosgienne. \u00a0Ce week-end le rucher [&hellip;]\" \/>\n<meta name=\"twitter:image\" content=\"https:\/\/vosgesinfo.fr\/app\/uploads\/sites\/2\/2024\/06\/201608p1190195.jpg\" \/>\n<meta name=\"twitter:creator\" content=\"@VosgesInfo88\" \/>\n<meta name=\"twitter:site\" content=\"@VosgesInfo88\" \/>\n<meta name=\"twitter:label1\" content=\"\u00c9crit par\" \/>\n\t<meta name=\"twitter:data1\" content=\"qs_admin\" \/>\n\t<meta name=\"twitter:label2\" content=\"Dur\u00e9e de lecture estim\u00e9e\" \/>\n\t<meta name=\"twitter:data2\" content=\"1 minute\" \/>\n<script type=\"application\/ld+json\" class=\"yoast-schema-graph\">{\"@context\":\"https:\/\/schema.org\",\"@graph\":[{\"@type\":\"Article\",\"@id\":\"https:\/\/vosgesinfo.fr\/laplainedesvosgesinfo\/2016\/08\/en-10-ans-la-production-de-miel-a-ete-divisee-par-3\/#article\",\"isPartOf\":{\"@id\":\"https:\/\/vosgesinfo.fr\/laplainedesvosgesinfo\/2016\/08\/en-10-ans-la-production-de-miel-a-ete-divisee-par-3\/\"},\"author\":{\"name\":\"qs_admin\",\"@id\":\"https:\/\/vosgesinfo.fr\/laplainedesvosgesinfo\/#\/schema\/person\/bc5d02d71e6932e81b6dadb7386667b1\"},\"headline\":\"En 10 ans la production de miel a \u00e9t\u00e9 divis\u00e9e par 3\",\"datePublished\":\"2016-08-20T08:38:55+00:00\",\"dateModified\":\"2016-08-20T08:38:55+00:00\",\"mainEntityOfPage\":{\"@id\":\"https:\/\/vosgesinfo.fr\/laplainedesvosgesinfo\/2016\/08\/en-10-ans-la-production-de-miel-a-ete-divisee-par-3\/\"},\"wordCount\":280,\"commentCount\":0,\"publisher\":{\"@id\":\"https:\/\/vosgesinfo.fr\/laplainedesvosgesinfo\/#organization\"},\"image\":{\"@id\":\"https:\/\/vosgesinfo.fr\/laplainedesvosgesinfo\/2016\/08\/en-10-ans-la-production-de-miel-a-ete-divisee-par-3\/#primaryimage\"},\"thumbnailUrl\":\"https:\/\/vosgesinfo.fr\/app\/uploads\/sites\/2\/2024\/06\/201608p1190195.jpg\",\"keywords\":[\"Abeille vosgienne\",\"apiculteurs\",\"\u00e9cole\",\"Rucher\",\"Tranch\u00e9e de Docelles\",\"Vosges\"],\"articleSection\":[\"Soci\u00e9t\u00e9\",\"Vosges\"],\"inLanguage\":\"fr-FR\",\"potentialAction\":[{\"@type\":\"CommentAction\",\"name\":\"Comment\",\"target\":[\"https:\/\/vosgesinfo.fr\/laplainedesvosgesinfo\/2016\/08\/en-10-ans-la-production-de-miel-a-ete-divisee-par-3\/#respond\"]}]},{\"@type\":\"WebPage\",\"@id\":\"https:\/\/vosgesinfo.fr\/laplainedesvosgesinfo\/2016\/08\/en-10-ans-la-production-de-miel-a-ete-divisee-par-3\/\",\"url\":\"https:\/\/vosgesinfo.fr\/laplainedesvosgesinfo\/2016\/08\/en-10-ans-la-production-de-miel-a-ete-divisee-par-3\/\",\"name\":\"En 10 ans la production de miel a \u00e9t\u00e9 divis\u00e9e par 3 - La Plaine des Vosges\",\"isPartOf\":{\"@id\":\"https:\/\/vosgesinfo.fr\/laplainedesvosgesinfo\/#website\"},\"primaryImageOfPage\":{\"@id\":\"https:\/\/vosgesinfo.fr\/laplainedesvosgesinfo\/2016\/08\/en-10-ans-la-production-de-miel-a-ete-divisee-par-3\/#primaryimage\"},\"image\":{\"@id\":\"https:\/\/vosgesinfo.fr\/laplainedesvosgesinfo\/2016\/08\/en-10-ans-la-production-de-miel-a-ete-divisee-par-3\/#primaryimage\"},\"thumbnailUrl\":\"https:\/\/vosgesinfo.fr\/app\/uploads\/sites\/2\/2024\/06\/201608p1190195.jpg\",\"datePublished\":\"2016-08-20T08:38:55+00:00\",\"dateModified\":\"2016-08-20T08:38:55+00:00\",\"breadcrumb\":{\"@id\":\"https:\/\/vosgesinfo.fr\/laplainedesvosgesinfo\/2016\/08\/en-10-ans-la-production-de-miel-a-ete-divisee-par-3\/#breadcrumb\"},\"inLanguage\":\"fr-FR\",\"potentialAction\":[{\"@type\":\"ReadAction\",\"target\":[\"https:\/\/vosgesinfo.fr\/laplainedesvosgesinfo\/2016\/08\/en-10-ans-la-production-de-miel-a-ete-divisee-par-3\/\"]}]},{\"@type\":\"ImageObject\",\"inLanguage\":\"fr-FR\",\"@id\":\"https:\/\/vosgesinfo.fr\/laplainedesvosgesinfo\/2016\/08\/en-10-ans-la-production-de-miel-a-ete-divisee-par-3\/#primaryimage\",\"url\":\"https:\/\/vosgesinfo.fr\/app\/uploads\/sites\/2\/2024\/06\/201608p1190195.jpg\",\"contentUrl\":\"https:\/\/vosgesinfo.fr\/app\/uploads\/sites\/2\/2024\/06\/201608p1190195.jpg\",\"width\":800,\"height\":600},{\"@type\":\"BreadcrumbList\",\"@id\":\"https:\/\/vosgesinfo.fr\/laplainedesvosgesinfo\/2016\/08\/en-10-ans-la-production-de-miel-a-ete-divisee-par-3\/#breadcrumb\",\"itemListElement\":[{\"@type\":\"ListItem\",\"position\":1,\"name\":\"Home\",\"item\":\"https:\/\/vosgesinfo.fr\/laplainedesvosgesinfo\/\"},{\"@type\":\"ListItem\",\"position\":2,\"name\":\"En 10 ans la production de miel a \u00e9t\u00e9 divis\u00e9e par 3\"}]},{\"@type\":\"WebSite\",\"@id\":\"https:\/\/vosgesinfo.fr\/laplainedesvosgesinfo\/#website\",\"url\":\"https:\/\/vosgesinfo.fr\/laplainedesvosgesinfo\/\",\"name\":\"La Plaine des Vosges\",\"description\":\"Toute l&#039;actualit\u00e9 de la plaine de Vosges\",\"publisher\":{\"@id\":\"https:\/\/vosgesinfo.fr\/laplainedesvosgesinfo\/#organization\"},\"alternateName\":\"Toute l'actualit\u00e9 de la plaine des Vosges\",\"potentialAction\":[{\"@type\":\"SearchAction\",\"target\":{\"@type\":\"EntryPoint\",\"urlTemplate\":\"https:\/\/vosgesinfo.fr\/laplainedesvosgesinfo\/?s={search_term_string}\"},\"query-input\":\"required name=search_term_string\"}],\"inLanguage\":\"fr-FR\"},{\"@type\":\"Organization\",\"@id\":\"https:\/\/vosgesinfo.fr\/laplainedesvosgesinfo\/#organization\",\"name\":\"La Plaine des Vosges\",\"url\":\"https:\/\/vosgesinfo.fr\/laplainedesvosgesinfo\/\",\"logo\":{\"@type\":\"ImageObject\",\"inLanguage\":\"fr-FR\",\"@id\":\"https:\/\/vosgesinfo.fr\/laplainedesvosgesinfo\/#\/schema\/logo\/image\/\",\"url\":\"https:\/\/vosgesinfo.fr\/app\/uploads\/sites\/2\/2023\/08\/logo-laplaineinfo.svg\",\"contentUrl\":\"https:\/\/vosgesinfo.fr\/app\/uploads\/sites\/2\/2023\/08\/logo-laplaineinfo.svg\",\"width\":1,\"height\":1,\"caption\":\"La Plaine des Vosges\"},\"image\":{\"@id\":\"https:\/\/vosgesinfo.fr\/laplainedesvosgesinfo\/#\/schema\/logo\/image\/\"},\"sameAs\":[\"https:\/\/www.facebook.com\/laplainedesvosges\",\"https:\/\/x.com\/VosgesInfo88\",\"https:\/\/www.youtube.com\/@vosgesinfo\"]},{\"@type\":\"Person\",\"@id\":\"https:\/\/vosgesinfo.fr\/laplainedesvosgesinfo\/#\/schema\/person\/bc5d02d71e6932e81b6dadb7386667b1\",\"name\":\"qs_admin\",\"image\":{\"@type\":\"ImageObject\",\"inLanguage\":\"fr-FR\",\"@id\":\"https:\/\/vosgesinfo.fr\/laplainedesvosgesinfo\/#\/schema\/person\/image\/\",\"url\":\"https:\/\/secure.gravatar.com\/avatar\/94b18ee0ed79e4a42ea2f2931277b6841a8999fc6fde214600c78057cf1fe1de?s=96&d=mm&r=g\",\"contentUrl\":\"https:\/\/secure.gravatar.com\/avatar\/94b18ee0ed79e4a42ea2f2931277b6841a8999fc6fde214600c78057cf1fe1de?s=96&d=mm&r=g\",\"caption\":\"qs_admin\"},\"sameAs\":[\"https:\/\/vosgesinfo.fr\/wp\"],\"url\":\"https:\/\/vosgesinfo.fr\/laplainedesvosgesinfo\/author\/qs_admin\/\"}]}<\/script>\n<!-- \/ Yoast SEO plugin. -->","yoast_head_json":{"title":"En 10 ans la production de miel a \u00e9t\u00e9 divis\u00e9e par 3 - La Plaine des Vosges","robots":{"index":"index","follow":"follow","max-snippet":"max-snippet:-1","max-image-preview":"max-image-preview:large","max-video-preview":"max-video-preview:-1"},"canonical":"https:\/\/vosgesinfo.fr\/laplainedesvosgesinfo\/2016\/08\/en-10-ans-la-production-de-miel-a-ete-divisee-par-3\/","twitter_card":"summary_large_image","twitter_title":"En 10 ans la production de miel a \u00e9t\u00e9 divis\u00e9e par 3 - La Plaine des Vosges","twitter_description":"\u00ab\u00a0La France manque cruellement de miel et d\u2019apiculteurs\u00a0\u00bb explique Christian Morel, le pr\u00e9sident de l\u2019Abeille vosgienne. \u00a0Ce week-end le rucher [&hellip;]","twitter_image":"https:\/\/vosgesinfo.fr\/app\/uploads\/sites\/2\/2024\/06\/201608p1190195.jpg","twitter_creator":"@VosgesInfo88","twitter_site":"@VosgesInfo88","twitter_misc":{"\u00c9crit par":"qs_admin","Dur\u00e9e de lecture estim\u00e9e":"1 minute"},"schema":{"@context":"https:\/\/schema.org","@graph":[{"@type":"Article","@id":"https:\/\/vosgesinfo.fr\/laplainedesvosgesinfo\/2016\/08\/en-10-ans-la-production-de-miel-a-ete-divisee-par-3\/#article","isPartOf":{"@id":"https:\/\/vosgesinfo.fr\/laplainedesvosgesinfo\/2016\/08\/en-10-ans-la-production-de-miel-a-ete-divisee-par-3\/"},"author":{"name":"qs_admin","@id":"https:\/\/vosgesinfo.fr\/laplainedesvosgesinfo\/#\/schema\/person\/bc5d02d71e6932e81b6dadb7386667b1"},"headline":"En 10 ans la production de miel a \u00e9t\u00e9 divis\u00e9e par 3","datePublished":"2016-08-20T08:38:55+00:00","dateModified":"2016-08-20T08:38:55+00:00","mainEntityOfPage":{"@id":"https:\/\/vosgesinfo.fr\/laplainedesvosgesinfo\/2016\/08\/en-10-ans-la-production-de-miel-a-ete-divisee-par-3\/"},"wordCount":280,"commentCount":0,"publisher":{"@id":"https:\/\/vosgesinfo.fr\/laplainedesvosgesinfo\/#organization"},"image":{"@id":"https:\/\/vosgesinfo.fr\/laplainedesvosgesinfo\/2016\/08\/en-10-ans-la-production-de-miel-a-ete-divisee-par-3\/#primaryimage"},"thumbnailUrl":"https:\/\/vosgesinfo.fr\/app\/uploads\/sites\/2\/2024\/06\/201608p1190195.jpg","keywords":["Abeille vosgienne","apiculteurs","\u00e9cole","Rucher","Tranch\u00e9e de Docelles","Vosges"],"articleSection":["Soci\u00e9t\u00e9","Vosges"],"inLanguage":"fr-FR","potentialAction":[{"@type":"CommentAction","name":"Comment","target":["https:\/\/vosgesinfo.fr\/laplainedesvosgesinfo\/2016\/08\/en-10-ans-la-production-de-miel-a-ete-divisee-par-3\/#respond"]}]},{"@type":"WebPage","@id":"https:\/\/vosgesinfo.fr\/laplainedesvosgesinfo\/2016\/08\/en-10-ans-la-production-de-miel-a-ete-divisee-par-3\/","url":"https:\/\/vosgesinfo.fr\/laplainedesvosgesinfo\/2016\/08\/en-10-ans-la-production-de-miel-a-ete-divisee-par-3\/","name":"En 10 ans la production de miel a \u00e9t\u00e9 divis\u00e9e par 3 - La Plaine des Vosges","isPartOf":{"@id":"https:\/\/vosgesinfo.fr\/laplainedesvosgesinfo\/#website"},"primaryImageOfPage":{"@id":"https:\/\/vosgesinfo.fr\/laplainedesvosgesinfo\/2016\/08\/en-10-ans-la-production-de-miel-a-ete-divisee-par-3\/#primaryimage"},"image":{"@id":"https:\/\/vosgesinfo.fr\/laplainedesvosgesinfo\/2016\/08\/en-10-ans-la-production-de-miel-a-ete-divisee-par-3\/#primaryimage"},"thumbnailUrl":"https:\/\/vosgesinfo.fr\/app\/uploads\/sites\/2\/2024\/06\/201608p1190195.jpg","datePublished":"2016-08-20T08:38:55+00:00","dateModified":"2016-08-20T08:38:55+00:00","breadcrumb":{"@id":"https:\/\/vosgesinfo.fr\/laplainedesvosgesinfo\/2016\/08\/en-10-ans-la-production-de-miel-a-ete-divisee-par-3\/#breadcrumb"},"inLanguage":"fr-FR","potentialAction":[{"@type":"ReadAction","target":["https:\/\/vosgesinfo.fr\/laplainedesvosgesinfo\/2016\/08\/en-10-ans-la-production-de-miel-a-ete-divisee-par-3\/"]}]},{"@type":"ImageObject","inLanguage":"fr-FR","@id":"https:\/\/vosgesinfo.fr\/laplainedesvosgesinfo\/2016\/08\/en-10-ans-la-production-de-miel-a-ete-divisee-par-3\/#primaryimage","url":"https:\/\/vosgesinfo.fr\/app\/uploads\/sites\/2\/2024\/06\/201608p1190195.jpg","contentUrl":"https:\/\/vosgesinfo.fr\/app\/uploads\/sites\/2\/2024\/06\/201608p1190195.jpg","width":800,"height":600},{"@type":"BreadcrumbList","@id":"https:\/\/vosgesinfo.fr\/laplainedesvosgesinfo\/2016\/08\/en-10-ans-la-production-de-miel-a-ete-divisee-par-3\/#breadcrumb","itemListElement":[{"@type":"ListItem","position":1,"name":"Home","item":"https:\/\/vosgesinfo.fr\/laplainedesvosgesinfo\/"},{"@type":"ListItem","position":2,"name":"En 10 ans la production de miel a \u00e9t\u00e9 divis\u00e9e par 3"}]},{"@type":"WebSite","@id":"https:\/\/vosgesinfo.fr\/laplainedesvosgesinfo\/#website","url":"https:\/\/vosgesinfo.fr\/laplainedesvosgesinfo\/","name":"La Plaine des Vosges","description":"Toute l&#039;actualit\u00e9 de la plaine de Vosges","publisher":{"@id":"https:\/\/vosgesinfo.fr\/laplainedesvosgesinfo\/#organization"},"alternateName":"Toute l'actualit\u00e9 de la plaine des Vosges","potentialAction":[{"@type":"SearchAction","target":{"@type":"EntryPoint","urlTemplate":"https:\/\/vosgesinfo.fr\/laplainedesvosgesinfo\/?s={search_term_string}"},"query-input":"required name=search_term_string"}],"inLanguage":"fr-FR"},{"@type":"Organization","@id":"https:\/\/vosgesinfo.fr\/laplainedesvosgesinfo\/#organization","name":"La Plaine des Vosges","url":"https:\/\/vosgesinfo.fr\/laplainedesvosgesinfo\/","logo":{"@type":"ImageObject","inLanguage":"fr-FR","@id":"https:\/\/vosgesinfo.fr\/laplainedesvosgesinfo\/#\/schema\/logo\/image\/","url":"https:\/\/vosgesinfo.fr\/app\/uploads\/sites\/2\/2023\/08\/logo-laplaineinfo.svg","contentUrl":"https:\/\/vosgesinfo.fr\/app\/uploads\/sites\/2\/2023\/08\/logo-laplaineinfo.svg","width":1,"height":1,"caption":"La Plaine des Vosges"},"image":{"@id":"https:\/\/vosgesinfo.fr\/laplainedesvosgesinfo\/#\/schema\/logo\/image\/"},"sameAs":["https:\/\/www.facebook.com\/laplainedesvosges","https:\/\/x.com\/VosgesInfo88","https:\/\/www.youtube.com\/@vosgesinfo"]},{"@type":"Person","@id":"https:\/\/vosgesinfo.fr\/laplainedesvosgesinfo\/#\/schema\/person\/bc5d02d71e6932e81b6dadb7386667b1","name":"qs_admin","image":{"@type":"ImageObject","inLanguage":"fr-FR","@id":"https:\/\/vosgesinfo.fr\/laplainedesvosgesinfo\/#\/schema\/person\/image\/","url":"https:\/\/secure.gravatar.com\/avatar\/94b18ee0ed79e4a42ea2f2931277b6841a8999fc6fde214600c78057cf1fe1de?s=96&d=mm&r=g","contentUrl":"https:\/\/secure.gravatar.com\/avatar\/94b18ee0ed79e4a42ea2f2931277b6841a8999fc6fde214600c78057cf1fe1de?s=96&d=mm&r=g","caption":"qs_admin"},"sameAs":["https:\/\/vosgesinfo.fr\/wp"],"url":"https:\/\/vosgesinfo.fr\/laplainedesvosgesinfo\/author\/qs_admin\/"}]}},"_links":{"self":[{"href":"https:\/\/vosgesinfo.fr\/laplainedesvosgesinfo\/wp-json\/wp\/v2\/posts\/6295","targetHints":{"allow":["GET"]}}],"collection":[{"href":"https:\/\/vosgesinfo.fr\/laplainedesvosgesinfo\/wp-json\/wp\/v2\/posts"}],"about":[{"href":"https:\/\/vosgesinfo.fr\/laplainedesvosgesinfo\/wp-json\/wp\/v2\/types\/post"}],"author":[{"embeddable":true,"href":"https:\/\/vosgesinfo.fr\/laplainedesvosgesinfo\/wp-json\/wp\/v2\/users\/1"}],"replies":[{"embeddable":true,"href":"https:\/\/vosgesinfo.fr\/laplainedesvosgesinfo\/wp-json\/wp\/v2\/comments?post=6295"}],"version-history":[{"count":0,"href":"https:\/\/vosgesinfo.fr\/laplainedesvosgesinfo\/wp-json\/wp\/v2\/posts\/6295\/revisions"}],"wp:featuredmedia":[{"embeddable":true,"href":"https:\/\/vosgesinfo.fr\/laplainedesvosgesinfo\/wp-json\/wp\/v2\/media\/6296"}],"wp:attachment":[{"href":"https:\/\/vosgesinfo.fr\/laplainedesvosgesinfo\/wp-json\/wp\/v2\/media?parent=6295"}],"wp:term":[{"taxonomy":"category","embeddable":true,"href":"https:\/\/vosgesinfo.fr\/laplainedesvosgesinfo\/wp-json\/wp\/v2\/categories?post=6295"},{"taxonomy":"post_tag","embeddable":true,"href":"https:\/\/vosgesinfo.fr\/laplainedesvosgesinfo\/wp-json\/wp\/v2\/tags?post=6295"}],"curies":[{"name":"wp","href":"https:\/\/api.w.org\/{rel}","templated":true}]}}