{"id":6863,"date":"2016-09-19T15:10:14","date_gmt":"2016-09-19T13:10:14","guid":{"rendered":"https:\/\/vosgesinfo.fr\/laplainedesvosgesinfo\/2016\/09\/lamenagement-du-rond-point-sur-la-rd165-a-debute\/"},"modified":"2016-09-19T15:10:14","modified_gmt":"2016-09-19T13:10:14","slug":"lamenagement-du-rond-point-sur-la-rd165-a-debute","status":"publish","type":"post","link":"https:\/\/vosgesinfo.fr\/laplainedesvosgesinfo\/2016\/09\/lamenagement-du-rond-point-sur-la-rd165-a-debute\/","title":{"rendered":"L&rsquo;am\u00e9nagement du rond-point sur la RD165 a d\u00e9but\u00e9"},"content":{"rendered":"<p style=\"text-align: justify;\"><a href=\"\/2016\/09\/route-rd165-fermee-1.jpg\"><img decoding=\"async\" class=\"aligncenter size-full wp-image-80486\" src=\"\/2016\/09\/route-rd165-fermee-1.jpg\" alt=\"route-rd165-fermee (1)\" width=\"800\" height=\"600\" \/><\/a><\/p>\n<p style=\"text-align: justify;\"><strong>Le Conseil d\u00e9partemental a entrepris des travaux au niveau de Begn\u00e9court, en vue d&rsquo;y cr\u00e9er un rond-point. Afin de faciliter les travaux, une d\u00e9viation a \u00e9t\u00e9 mise en place depuis ce lundi matin.<\/strong><\/p>\n<p style=\"text-align: justify;\">Les usagers de la RD165 devront changer leurs habitudes et prendre la d\u00e9viation mise en place jusqu&rsquo;au 18 novembre. Au d\u00e9part de Vittel, les v\u00e9hicules l\u00e9gers et poids-lourds sont d\u00e9vi\u00e9s par Har\u00e9ville, Remoncourt, Hymont et Mattaincourt afin de rallier la RD166 en direction de Dompaire. La fermeture de la RD165 ne concerne pas les v\u00e9hicules souhaitant se rendre \u00e0 Darney, Bains-les-Bains, Valleroy-le-sec ou Valfroicourt.<\/p>\n<p style=\"text-align: justify;\">L&rsquo;axe Vittel-Dompaire est emprunt\u00e9 par plus de 5 000 v\u00e9hicules par jour, dont 575 poids-lourds. Depuis 2001, 17 personnes y ont perdu la vie. Cette d\u00e9viation a \u00e9t\u00e9 mise en place pour la s\u00e9curit\u00e9 de tous et afin de permettre une r\u00e9alisation des travaux plus rapide.<\/p>\n<p style=\"text-align: justify;\">Une d\u00e9viation provisoire certes, mais pour vos trajets en direction d&rsquo;Epinal, pr\u00e9voyez quelques minutes en plus sur votre itin\u00e9raire !<\/p>\n<p style=\"text-align: justify;\">\n<p style=\"text-align: justify;\">A.J.<\/p>\n<p style=\"text-align: justify;\">\n\n","protected":false},"excerpt":{"rendered":"<p>Le Conseil d\u00e9partemental a entrepris des travaux au niveau de Begn\u00e9court, en vue d&rsquo;y cr\u00e9er un rond-point. Afin de faciliter [&hellip;]<\/p>\n","protected":false},"author":1,"featured_media":6864,"comment_status":"open","ping_status":"open","sticky":false,"template":"","format":"standard","meta":{"footnotes":""},"categories":[29,37,38],"tags":[1764,782,2135,2241,1464],"class_list":["post-6863","post","type-post","status-publish","format-standard","has-post-thumbnail","hentry","category-a-la-une","category-la-plaine","category-vittel-la-plaine","tag-begnecourt","tag-conseil-departemental","tag-creation-dun-rond-point","tag-deviation","tag-rd165"],"acf":[],"yoast_head":"<!-- This site is optimized with the Yoast SEO plugin v22.5 - https:\/\/yoast.com\/wordpress\/plugins\/seo\/ -->\n<title>L&#039;am\u00e9nagement du rond-point sur la RD165 a d\u00e9but\u00e9 - La Plaine des Vosges<\/title>\n<meta name=\"robots\" content=\"index, follow, max-snippet:-1, max-image-preview:large, max-video-preview:-1\" \/>\n<link rel=\"canonical\" href=\"https:\/\/vosgesinfo.fr\/laplainedesvosgesinfo\/2016\/09\/lamenagement-du-rond-point-sur-la-rd165-a-debute\/\" \/>\n<meta name=\"twitter:card\" content=\"summary_large_image\" \/>\n<meta name=\"twitter:title\" content=\"L&#039;am\u00e9nagement du rond-point sur la RD165 a d\u00e9but\u00e9 - La Plaine des Vosges\" \/>\n<meta name=\"twitter:description\" content=\"Le Conseil d\u00e9partemental a entrepris des travaux au niveau de Begn\u00e9court, en vue d&rsquo;y cr\u00e9er un rond-point. Afin de faciliter [&hellip;]\" \/>\n<meta name=\"twitter:image\" content=\"https:\/\/vosgesinfo.fr\/app\/uploads\/sites\/2\/2024\/06\/201609route-rd165-fermee-1.jpg\" \/>\n<meta name=\"twitter:creator\" content=\"@VosgesInfo88\" \/>\n<meta name=\"twitter:site\" content=\"@VosgesInfo88\" \/>\n<meta name=\"twitter:label1\" content=\"\u00c9crit par\" \/>\n\t<meta name=\"twitter:data1\" content=\"qs_admin\" \/>\n\t<meta name=\"twitter:label2\" content=\"Dur\u00e9e de lecture estim\u00e9e\" \/>\n\t<meta name=\"twitter:data2\" content=\"1 minute\" \/>\n<script type=\"application\/ld+json\" class=\"yoast-schema-graph\">{\"@context\":\"https:\/\/schema.org\",\"@graph\":[{\"@type\":\"Article\",\"@id\":\"https:\/\/vosgesinfo.fr\/laplainedesvosgesinfo\/2016\/09\/lamenagement-du-rond-point-sur-la-rd165-a-debute\/#article\",\"isPartOf\":{\"@id\":\"https:\/\/vosgesinfo.fr\/laplainedesvosgesinfo\/2016\/09\/lamenagement-du-rond-point-sur-la-rd165-a-debute\/\"},\"author\":{\"name\":\"qs_admin\",\"@id\":\"https:\/\/vosgesinfo.fr\/laplainedesvosgesinfo\/#\/schema\/person\/bc5d02d71e6932e81b6dadb7386667b1\"},\"headline\":\"L&rsquo;am\u00e9nagement du rond-point sur la RD165 a d\u00e9but\u00e9\",\"datePublished\":\"2016-09-19T13:10:14+00:00\",\"dateModified\":\"2016-09-19T13:10:14+00:00\",\"mainEntityOfPage\":{\"@id\":\"https:\/\/vosgesinfo.fr\/laplainedesvosgesinfo\/2016\/09\/lamenagement-du-rond-point-sur-la-rd165-a-debute\/\"},\"wordCount\":199,\"commentCount\":0,\"publisher\":{\"@id\":\"https:\/\/vosgesinfo.fr\/laplainedesvosgesinfo\/#organization\"},\"image\":{\"@id\":\"https:\/\/vosgesinfo.fr\/laplainedesvosgesinfo\/2016\/09\/lamenagement-du-rond-point-sur-la-rd165-a-debute\/#primaryimage\"},\"thumbnailUrl\":\"https:\/\/vosgesinfo.fr\/app\/uploads\/sites\/2\/2024\/06\/201609route-rd165-fermee-1.jpg\",\"keywords\":[\"Begn\u00e9court\",\"conseil d\u00e9partemental\",\"cr\u00e9ation d'un rond-point\",\"d\u00e9viation\",\"RD165\"],\"articleSection\":[\"A la Une\",\"La Plaine\",\"Vittel\"],\"inLanguage\":\"fr-FR\",\"potentialAction\":[{\"@type\":\"CommentAction\",\"name\":\"Comment\",\"target\":[\"https:\/\/vosgesinfo.fr\/laplainedesvosgesinfo\/2016\/09\/lamenagement-du-rond-point-sur-la-rd165-a-debute\/#respond\"]}]},{\"@type\":\"WebPage\",\"@id\":\"https:\/\/vosgesinfo.fr\/laplainedesvosgesinfo\/2016\/09\/lamenagement-du-rond-point-sur-la-rd165-a-debute\/\",\"url\":\"https:\/\/vosgesinfo.fr\/laplainedesvosgesinfo\/2016\/09\/lamenagement-du-rond-point-sur-la-rd165-a-debute\/\",\"name\":\"L'am\u00e9nagement du rond-point sur la RD165 a d\u00e9but\u00e9 - La Plaine des Vosges\",\"isPartOf\":{\"@id\":\"https:\/\/vosgesinfo.fr\/laplainedesvosgesinfo\/#website\"},\"primaryImageOfPage\":{\"@id\":\"https:\/\/vosgesinfo.fr\/laplainedesvosgesinfo\/2016\/09\/lamenagement-du-rond-point-sur-la-rd165-a-debute\/#primaryimage\"},\"image\":{\"@id\":\"https:\/\/vosgesinfo.fr\/laplainedesvosgesinfo\/2016\/09\/lamenagement-du-rond-point-sur-la-rd165-a-debute\/#primaryimage\"},\"thumbnailUrl\":\"https:\/\/vosgesinfo.fr\/app\/uploads\/sites\/2\/2024\/06\/201609route-rd165-fermee-1.jpg\",\"datePublished\":\"2016-09-19T13:10:14+00:00\",\"dateModified\":\"2016-09-19T13:10:14+00:00\",\"breadcrumb\":{\"@id\":\"https:\/\/vosgesinfo.fr\/laplainedesvosgesinfo\/2016\/09\/lamenagement-du-rond-point-sur-la-rd165-a-debute\/#breadcrumb\"},\"inLanguage\":\"fr-FR\",\"potentialAction\":[{\"@type\":\"ReadAction\",\"target\":[\"https:\/\/vosgesinfo.fr\/laplainedesvosgesinfo\/2016\/09\/lamenagement-du-rond-point-sur-la-rd165-a-debute\/\"]}]},{\"@type\":\"ImageObject\",\"inLanguage\":\"fr-FR\",\"@id\":\"https:\/\/vosgesinfo.fr\/laplainedesvosgesinfo\/2016\/09\/lamenagement-du-rond-point-sur-la-rd165-a-debute\/#primaryimage\",\"url\":\"https:\/\/vosgesinfo.fr\/app\/uploads\/sites\/2\/2024\/06\/201609route-rd165-fermee-1.jpg\",\"contentUrl\":\"https:\/\/vosgesinfo.fr\/app\/uploads\/sites\/2\/2024\/06\/201609route-rd165-fermee-1.jpg\",\"width\":800,\"height\":600},{\"@type\":\"BreadcrumbList\",\"@id\":\"https:\/\/vosgesinfo.fr\/laplainedesvosgesinfo\/2016\/09\/lamenagement-du-rond-point-sur-la-rd165-a-debute\/#breadcrumb\",\"itemListElement\":[{\"@type\":\"ListItem\",\"position\":1,\"name\":\"Home\",\"item\":\"https:\/\/vosgesinfo.fr\/laplainedesvosgesinfo\/\"},{\"@type\":\"ListItem\",\"position\":2,\"name\":\"L&rsquo;am\u00e9nagement du rond-point sur la RD165 a d\u00e9but\u00e9\"}]},{\"@type\":\"WebSite\",\"@id\":\"https:\/\/vosgesinfo.fr\/laplainedesvosgesinfo\/#website\",\"url\":\"https:\/\/vosgesinfo.fr\/laplainedesvosgesinfo\/\",\"name\":\"La Plaine des Vosges\",\"description\":\"Toute l&#039;actualit\u00e9 de la plaine de Vosges\",\"publisher\":{\"@id\":\"https:\/\/vosgesinfo.fr\/laplainedesvosgesinfo\/#organization\"},\"alternateName\":\"Toute l'actualit\u00e9 de la plaine des Vosges\",\"potentialAction\":[{\"@type\":\"SearchAction\",\"target\":{\"@type\":\"EntryPoint\",\"urlTemplate\":\"https:\/\/vosgesinfo.fr\/laplainedesvosgesinfo\/?s={search_term_string}\"},\"query-input\":\"required name=search_term_string\"}],\"inLanguage\":\"fr-FR\"},{\"@type\":\"Organization\",\"@id\":\"https:\/\/vosgesinfo.fr\/laplainedesvosgesinfo\/#organization\",\"name\":\"La Plaine des Vosges\",\"url\":\"https:\/\/vosgesinfo.fr\/laplainedesvosgesinfo\/\",\"logo\":{\"@type\":\"ImageObject\",\"inLanguage\":\"fr-FR\",\"@id\":\"https:\/\/vosgesinfo.fr\/laplainedesvosgesinfo\/#\/schema\/logo\/image\/\",\"url\":\"https:\/\/vosgesinfo.fr\/app\/uploads\/sites\/2\/2023\/08\/logo-laplaineinfo.svg\",\"contentUrl\":\"https:\/\/vosgesinfo.fr\/app\/uploads\/sites\/2\/2023\/08\/logo-laplaineinfo.svg\",\"width\":1,\"height\":1,\"caption\":\"La Plaine des Vosges\"},\"image\":{\"@id\":\"https:\/\/vosgesinfo.fr\/laplainedesvosgesinfo\/#\/schema\/logo\/image\/\"},\"sameAs\":[\"https:\/\/www.facebook.com\/laplainedesvosges\",\"https:\/\/x.com\/VosgesInfo88\",\"https:\/\/www.youtube.com\/@vosgesinfo\"]},{\"@type\":\"Person\",\"@id\":\"https:\/\/vosgesinfo.fr\/laplainedesvosgesinfo\/#\/schema\/person\/bc5d02d71e6932e81b6dadb7386667b1\",\"name\":\"qs_admin\",\"image\":{\"@type\":\"ImageObject\",\"inLanguage\":\"fr-FR\",\"@id\":\"https:\/\/vosgesinfo.fr\/laplainedesvosgesinfo\/#\/schema\/person\/image\/\",\"url\":\"https:\/\/secure.gravatar.com\/avatar\/94b18ee0ed79e4a42ea2f2931277b6841a8999fc6fde214600c78057cf1fe1de?s=96&d=mm&r=g\",\"contentUrl\":\"https:\/\/secure.gravatar.com\/avatar\/94b18ee0ed79e4a42ea2f2931277b6841a8999fc6fde214600c78057cf1fe1de?s=96&d=mm&r=g\",\"caption\":\"qs_admin\"},\"sameAs\":[\"https:\/\/vosgesinfo.fr\/wp\"],\"url\":\"https:\/\/vosgesinfo.fr\/laplainedesvosgesinfo\/author\/qs_admin\/\"}]}<\/script>\n<!-- \/ Yoast SEO plugin. -->","yoast_head_json":{"title":"L'am\u00e9nagement du rond-point sur la RD165 a d\u00e9but\u00e9 - La Plaine des Vosges","robots":{"index":"index","follow":"follow","max-snippet":"max-snippet:-1","max-image-preview":"max-image-preview:large","max-video-preview":"max-video-preview:-1"},"canonical":"https:\/\/vosgesinfo.fr\/laplainedesvosgesinfo\/2016\/09\/lamenagement-du-rond-point-sur-la-rd165-a-debute\/","twitter_card":"summary_large_image","twitter_title":"L'am\u00e9nagement du rond-point sur la RD165 a d\u00e9but\u00e9 - La Plaine des Vosges","twitter_description":"Le Conseil d\u00e9partemental a entrepris des travaux au niveau de Begn\u00e9court, en vue d&rsquo;y cr\u00e9er un rond-point. Afin de faciliter [&hellip;]","twitter_image":"https:\/\/vosgesinfo.fr\/app\/uploads\/sites\/2\/2024\/06\/201609route-rd165-fermee-1.jpg","twitter_creator":"@VosgesInfo88","twitter_site":"@VosgesInfo88","twitter_misc":{"\u00c9crit par":"qs_admin","Dur\u00e9e de lecture estim\u00e9e":"1 minute"},"schema":{"@context":"https:\/\/schema.org","@graph":[{"@type":"Article","@id":"https:\/\/vosgesinfo.fr\/laplainedesvosgesinfo\/2016\/09\/lamenagement-du-rond-point-sur-la-rd165-a-debute\/#article","isPartOf":{"@id":"https:\/\/vosgesinfo.fr\/laplainedesvosgesinfo\/2016\/09\/lamenagement-du-rond-point-sur-la-rd165-a-debute\/"},"author":{"name":"qs_admin","@id":"https:\/\/vosgesinfo.fr\/laplainedesvosgesinfo\/#\/schema\/person\/bc5d02d71e6932e81b6dadb7386667b1"},"headline":"L&rsquo;am\u00e9nagement du rond-point sur la RD165 a d\u00e9but\u00e9","datePublished":"2016-09-19T13:10:14+00:00","dateModified":"2016-09-19T13:10:14+00:00","mainEntityOfPage":{"@id":"https:\/\/vosgesinfo.fr\/laplainedesvosgesinfo\/2016\/09\/lamenagement-du-rond-point-sur-la-rd165-a-debute\/"},"wordCount":199,"commentCount":0,"publisher":{"@id":"https:\/\/vosgesinfo.fr\/laplainedesvosgesinfo\/#organization"},"image":{"@id":"https:\/\/vosgesinfo.fr\/laplainedesvosgesinfo\/2016\/09\/lamenagement-du-rond-point-sur-la-rd165-a-debute\/#primaryimage"},"thumbnailUrl":"https:\/\/vosgesinfo.fr\/app\/uploads\/sites\/2\/2024\/06\/201609route-rd165-fermee-1.jpg","keywords":["Begn\u00e9court","conseil d\u00e9partemental","cr\u00e9ation d'un rond-point","d\u00e9viation","RD165"],"articleSection":["A la Une","La Plaine","Vittel"],"inLanguage":"fr-FR","potentialAction":[{"@type":"CommentAction","name":"Comment","target":["https:\/\/vosgesinfo.fr\/laplainedesvosgesinfo\/2016\/09\/lamenagement-du-rond-point-sur-la-rd165-a-debute\/#respond"]}]},{"@type":"WebPage","@id":"https:\/\/vosgesinfo.fr\/laplainedesvosgesinfo\/2016\/09\/lamenagement-du-rond-point-sur-la-rd165-a-debute\/","url":"https:\/\/vosgesinfo.fr\/laplainedesvosgesinfo\/2016\/09\/lamenagement-du-rond-point-sur-la-rd165-a-debute\/","name":"L'am\u00e9nagement du rond-point sur la RD165 a d\u00e9but\u00e9 - La Plaine des Vosges","isPartOf":{"@id":"https:\/\/vosgesinfo.fr\/laplainedesvosgesinfo\/#website"},"primaryImageOfPage":{"@id":"https:\/\/vosgesinfo.fr\/laplainedesvosgesinfo\/2016\/09\/lamenagement-du-rond-point-sur-la-rd165-a-debute\/#primaryimage"},"image":{"@id":"https:\/\/vosgesinfo.fr\/laplainedesvosgesinfo\/2016\/09\/lamenagement-du-rond-point-sur-la-rd165-a-debute\/#primaryimage"},"thumbnailUrl":"https:\/\/vosgesinfo.fr\/app\/uploads\/sites\/2\/2024\/06\/201609route-rd165-fermee-1.jpg","datePublished":"2016-09-19T13:10:14+00:00","dateModified":"2016-09-19T13:10:14+00:00","breadcrumb":{"@id":"https:\/\/vosgesinfo.fr\/laplainedesvosgesinfo\/2016\/09\/lamenagement-du-rond-point-sur-la-rd165-a-debute\/#breadcrumb"},"inLanguage":"fr-FR","potentialAction":[{"@type":"ReadAction","target":["https:\/\/vosgesinfo.fr\/laplainedesvosgesinfo\/2016\/09\/lamenagement-du-rond-point-sur-la-rd165-a-debute\/"]}]},{"@type":"ImageObject","inLanguage":"fr-FR","@id":"https:\/\/vosgesinfo.fr\/laplainedesvosgesinfo\/2016\/09\/lamenagement-du-rond-point-sur-la-rd165-a-debute\/#primaryimage","url":"https:\/\/vosgesinfo.fr\/app\/uploads\/sites\/2\/2024\/06\/201609route-rd165-fermee-1.jpg","contentUrl":"https:\/\/vosgesinfo.fr\/app\/uploads\/sites\/2\/2024\/06\/201609route-rd165-fermee-1.jpg","width":800,"height":600},{"@type":"BreadcrumbList","@id":"https:\/\/vosgesinfo.fr\/laplainedesvosgesinfo\/2016\/09\/lamenagement-du-rond-point-sur-la-rd165-a-debute\/#breadcrumb","itemListElement":[{"@type":"ListItem","position":1,"name":"Home","item":"https:\/\/vosgesinfo.fr\/laplainedesvosgesinfo\/"},{"@type":"ListItem","position":2,"name":"L&rsquo;am\u00e9nagement du rond-point sur la RD165 a d\u00e9but\u00e9"}]},{"@type":"WebSite","@id":"https:\/\/vosgesinfo.fr\/laplainedesvosgesinfo\/#website","url":"https:\/\/vosgesinfo.fr\/laplainedesvosgesinfo\/","name":"La Plaine des Vosges","description":"Toute l&#039;actualit\u00e9 de la plaine de Vosges","publisher":{"@id":"https:\/\/vosgesinfo.fr\/laplainedesvosgesinfo\/#organization"},"alternateName":"Toute l'actualit\u00e9 de la plaine des Vosges","potentialAction":[{"@type":"SearchAction","target":{"@type":"EntryPoint","urlTemplate":"https:\/\/vosgesinfo.fr\/laplainedesvosgesinfo\/?s={search_term_string}"},"query-input":"required name=search_term_string"}],"inLanguage":"fr-FR"},{"@type":"Organization","@id":"https:\/\/vosgesinfo.fr\/laplainedesvosgesinfo\/#organization","name":"La Plaine des Vosges","url":"https:\/\/vosgesinfo.fr\/laplainedesvosgesinfo\/","logo":{"@type":"ImageObject","inLanguage":"fr-FR","@id":"https:\/\/vosgesinfo.fr\/laplainedesvosgesinfo\/#\/schema\/logo\/image\/","url":"https:\/\/vosgesinfo.fr\/app\/uploads\/sites\/2\/2023\/08\/logo-laplaineinfo.svg","contentUrl":"https:\/\/vosgesinfo.fr\/app\/uploads\/sites\/2\/2023\/08\/logo-laplaineinfo.svg","width":1,"height":1,"caption":"La Plaine des Vosges"},"image":{"@id":"https:\/\/vosgesinfo.fr\/laplainedesvosgesinfo\/#\/schema\/logo\/image\/"},"sameAs":["https:\/\/www.facebook.com\/laplainedesvosges","https:\/\/x.com\/VosgesInfo88","https:\/\/www.youtube.com\/@vosgesinfo"]},{"@type":"Person","@id":"https:\/\/vosgesinfo.fr\/laplainedesvosgesinfo\/#\/schema\/person\/bc5d02d71e6932e81b6dadb7386667b1","name":"qs_admin","image":{"@type":"ImageObject","inLanguage":"fr-FR","@id":"https:\/\/vosgesinfo.fr\/laplainedesvosgesinfo\/#\/schema\/person\/image\/","url":"https:\/\/secure.gravatar.com\/avatar\/94b18ee0ed79e4a42ea2f2931277b6841a8999fc6fde214600c78057cf1fe1de?s=96&d=mm&r=g","contentUrl":"https:\/\/secure.gravatar.com\/avatar\/94b18ee0ed79e4a42ea2f2931277b6841a8999fc6fde214600c78057cf1fe1de?s=96&d=mm&r=g","caption":"qs_admin"},"sameAs":["https:\/\/vosgesinfo.fr\/wp"],"url":"https:\/\/vosgesinfo.fr\/laplainedesvosgesinfo\/author\/qs_admin\/"}]}},"_links":{"self":[{"href":"https:\/\/vosgesinfo.fr\/laplainedesvosgesinfo\/wp-json\/wp\/v2\/posts\/6863","targetHints":{"allow":["GET"]}}],"collection":[{"href":"https:\/\/vosgesinfo.fr\/laplainedesvosgesinfo\/wp-json\/wp\/v2\/posts"}],"about":[{"href":"https:\/\/vosgesinfo.fr\/laplainedesvosgesinfo\/wp-json\/wp\/v2\/types\/post"}],"author":[{"embeddable":true,"href":"https:\/\/vosgesinfo.fr\/laplainedesvosgesinfo\/wp-json\/wp\/v2\/users\/1"}],"replies":[{"embeddable":true,"href":"https:\/\/vosgesinfo.fr\/laplainedesvosgesinfo\/wp-json\/wp\/v2\/comments?post=6863"}],"version-history":[{"count":0,"href":"https:\/\/vosgesinfo.fr\/laplainedesvosgesinfo\/wp-json\/wp\/v2\/posts\/6863\/revisions"}],"wp:featuredmedia":[{"embeddable":true,"href":"https:\/\/vosgesinfo.fr\/laplainedesvosgesinfo\/wp-json\/wp\/v2\/media\/6864"}],"wp:attachment":[{"href":"https:\/\/vosgesinfo.fr\/laplainedesvosgesinfo\/wp-json\/wp\/v2\/media?parent=6863"}],"wp:term":[{"taxonomy":"category","embeddable":true,"href":"https:\/\/vosgesinfo.fr\/laplainedesvosgesinfo\/wp-json\/wp\/v2\/categories?post=6863"},{"taxonomy":"post_tag","embeddable":true,"href":"https:\/\/vosgesinfo.fr\/laplainedesvosgesinfo\/wp-json\/wp\/v2\/tags?post=6863"}],"curies":[{"name":"wp","href":"https:\/\/api.w.org\/{rel}","templated":true}]}}