{"id":6884,"date":"2016-10-01T06:30:09","date_gmt":"2016-10-01T04:30:09","guid":{"rendered":"https:\/\/vosgesinfo.fr\/laplainedesvosgesinfo\/2016\/10\/mirecourt-octobre-rose-le-cancer-du-sein-parlons-en\/"},"modified":"2016-10-01T06:30:09","modified_gmt":"2016-10-01T04:30:09","slug":"mirecourt-octobre-rose-le-cancer-du-sein-parlons-en","status":"publish","type":"post","link":"https:\/\/vosgesinfo.fr\/laplainedesvosgesinfo\/2016\/10\/mirecourt-octobre-rose-le-cancer-du-sein-parlons-en\/","title":{"rendered":"Mirecourt &#8211; Octobre Rose : le cancer du sein, parlons-en !"},"content":{"rendered":"<p style=\"text-align: justify;\"><a href=\"\/2016\/09\/14317482_935306886598332_7759963123715898879_n.jpg\"><img decoding=\"async\" class=\"aligncenter wp-image-80519\" src=\"\/2016\/09\/14317482_935306886598332_7759963123715898879_n.jpg\" alt=\"14317482_935306886598332_7759963123715898879_n\" width=\"334\" height=\"368\" \/><\/a><\/p>\n<p style=\"text-align: justify;\">Chaque ann\u00e9e en octobre, c\u2019est le grand retour d\u2019Octobre Rose, une op\u00e9ration de sensibilisation autour de la lutte contre le cancer du sein, ce cancer f\u00e9minin que trop de femmes d\u00e9couvrent trop tard. De nombreuses animations sont d\u00e9j\u00e0 programm\u00e9es dans les Vosges. A Mirecourt, une marche est pr\u00e9vue le dimanche 2 octobre.<\/p>\n<ul style=\"text-align: justify;\">\n<li><strong>Marche Rose \u00e0 Mirecourt\u00a0 : <\/strong>Tous ensemble contre le cancer<\/li>\n<\/ul>\n<p style=\"text-align: justify;\">D\u00e9part Salle Dervaux (proche de la piscine)<\/p>\n<p style=\"text-align: justify;\">Marche ouverte \u00e0 tous &#8211; d\u00e9part 10h30<\/p>\n<p style=\"text-align: justify;\">Une boucle de 5 kms (marche ou course \u00e0 pied \u00e0 faire 1 ou 2 fois)<\/p>\n<p style=\"text-align: justify;\">Cette marche est organis\u00e9e par la Communaut\u00e9 de Communes de Mirecourt avec le soutien de la Ville de Mirecourt, la Ligue contre le Cancer, le Cin\u00e9ma Rio, l&rsquo;Union des Commer\u00e7ants et de l&rsquo;Office de Tourisme.<\/p>\n<ul>\n<li style=\"text-align: justify;\"><strong>Cin\u00e9 d\u00e9bat \u00ab\u00a0Dragon Ladies\u00a0\u00bb<\/strong>\u00a0: Jeudi 20 octobre \u00e0 20h.<\/li>\n<\/ul>\n","protected":false},"excerpt":{"rendered":"<p>Chaque ann\u00e9e en octobre, c\u2019est le grand retour d\u2019Octobre Rose, une op\u00e9ration de sensibilisation autour de la lutte contre le [&hellip;]<\/p>\n","protected":false},"author":1,"featured_media":6885,"comment_status":"open","ping_status":"open","sticky":false,"template":"","format":"standard","meta":{"footnotes":""},"categories":[37,195],"tags":[2250,220,210],"class_list":["post-6884","post","type-post","status-publish","format-standard","has-post-thumbnail","hentry","category-la-plaine","category-mirecourt-la-plaine","tag-marche-rose","tag-mirecourt","tag-octobre-rose"],"acf":[],"yoast_head":"<!-- This site is optimized with the Yoast SEO plugin v22.5 - https:\/\/yoast.com\/wordpress\/plugins\/seo\/ -->\n<title>Mirecourt - Octobre Rose : le cancer du sein, parlons-en ! - La Plaine des Vosges<\/title>\n<meta name=\"robots\" content=\"index, follow, max-snippet:-1, max-image-preview:large, max-video-preview:-1\" \/>\n<link rel=\"canonical\" href=\"https:\/\/vosgesinfo.fr\/laplainedesvosgesinfo\/2016\/10\/mirecourt-octobre-rose-le-cancer-du-sein-parlons-en\/\" \/>\n<meta name=\"twitter:card\" content=\"summary_large_image\" \/>\n<meta name=\"twitter:title\" content=\"Mirecourt - Octobre Rose : le cancer du sein, parlons-en ! - La Plaine des Vosges\" \/>\n<meta name=\"twitter:description\" content=\"Chaque ann\u00e9e en octobre, c\u2019est le grand retour d\u2019Octobre Rose, une op\u00e9ration de sensibilisation autour de la lutte contre le [&hellip;]\" \/>\n<meta name=\"twitter:image\" content=\"https:\/\/vosgesinfo.fr\/app\/uploads\/sites\/2\/2024\/06\/20160914317482-935306886598332-7759963123715898879-n.jpg\" \/>\n<meta name=\"twitter:creator\" content=\"@VosgesInfo88\" \/>\n<meta name=\"twitter:site\" content=\"@VosgesInfo88\" \/>\n<meta name=\"twitter:label1\" content=\"\u00c9crit par\" \/>\n\t<meta name=\"twitter:data1\" content=\"qs_admin\" \/>\n\t<meta name=\"twitter:label2\" content=\"Dur\u00e9e de lecture estim\u00e9e\" \/>\n\t<meta name=\"twitter:data2\" content=\"1 minute\" \/>\n<script type=\"application\/ld+json\" class=\"yoast-schema-graph\">{\"@context\":\"https:\/\/schema.org\",\"@graph\":[{\"@type\":\"Article\",\"@id\":\"https:\/\/vosgesinfo.fr\/laplainedesvosgesinfo\/2016\/10\/mirecourt-octobre-rose-le-cancer-du-sein-parlons-en\/#article\",\"isPartOf\":{\"@id\":\"https:\/\/vosgesinfo.fr\/laplainedesvosgesinfo\/2016\/10\/mirecourt-octobre-rose-le-cancer-du-sein-parlons-en\/\"},\"author\":{\"name\":\"qs_admin\",\"@id\":\"https:\/\/vosgesinfo.fr\/laplainedesvosgesinfo\/#\/schema\/person\/bc5d02d71e6932e81b6dadb7386667b1\"},\"headline\":\"Mirecourt &#8211; Octobre Rose : le cancer du sein, parlons-en !\",\"datePublished\":\"2016-10-01T04:30:09+00:00\",\"dateModified\":\"2016-10-01T04:30:09+00:00\",\"mainEntityOfPage\":{\"@id\":\"https:\/\/vosgesinfo.fr\/laplainedesvosgesinfo\/2016\/10\/mirecourt-octobre-rose-le-cancer-du-sein-parlons-en\/\"},\"wordCount\":151,\"commentCount\":0,\"publisher\":{\"@id\":\"https:\/\/vosgesinfo.fr\/laplainedesvosgesinfo\/#organization\"},\"image\":{\"@id\":\"https:\/\/vosgesinfo.fr\/laplainedesvosgesinfo\/2016\/10\/mirecourt-octobre-rose-le-cancer-du-sein-parlons-en\/#primaryimage\"},\"thumbnailUrl\":\"https:\/\/vosgesinfo.fr\/app\/uploads\/sites\/2\/2024\/06\/20160914317482-935306886598332-7759963123715898879-n.jpg\",\"keywords\":[\"Marche rose\",\"Mirecourt\",\"Octobre Rose\"],\"articleSection\":[\"La Plaine\",\"Mirecourt\"],\"inLanguage\":\"fr-FR\",\"potentialAction\":[{\"@type\":\"CommentAction\",\"name\":\"Comment\",\"target\":[\"https:\/\/vosgesinfo.fr\/laplainedesvosgesinfo\/2016\/10\/mirecourt-octobre-rose-le-cancer-du-sein-parlons-en\/#respond\"]}]},{\"@type\":\"WebPage\",\"@id\":\"https:\/\/vosgesinfo.fr\/laplainedesvosgesinfo\/2016\/10\/mirecourt-octobre-rose-le-cancer-du-sein-parlons-en\/\",\"url\":\"https:\/\/vosgesinfo.fr\/laplainedesvosgesinfo\/2016\/10\/mirecourt-octobre-rose-le-cancer-du-sein-parlons-en\/\",\"name\":\"Mirecourt - Octobre Rose : le cancer du sein, parlons-en ! - La Plaine des Vosges\",\"isPartOf\":{\"@id\":\"https:\/\/vosgesinfo.fr\/laplainedesvosgesinfo\/#website\"},\"primaryImageOfPage\":{\"@id\":\"https:\/\/vosgesinfo.fr\/laplainedesvosgesinfo\/2016\/10\/mirecourt-octobre-rose-le-cancer-du-sein-parlons-en\/#primaryimage\"},\"image\":{\"@id\":\"https:\/\/vosgesinfo.fr\/laplainedesvosgesinfo\/2016\/10\/mirecourt-octobre-rose-le-cancer-du-sein-parlons-en\/#primaryimage\"},\"thumbnailUrl\":\"https:\/\/vosgesinfo.fr\/app\/uploads\/sites\/2\/2024\/06\/20160914317482-935306886598332-7759963123715898879-n.jpg\",\"datePublished\":\"2016-10-01T04:30:09+00:00\",\"dateModified\":\"2016-10-01T04:30:09+00:00\",\"breadcrumb\":{\"@id\":\"https:\/\/vosgesinfo.fr\/laplainedesvosgesinfo\/2016\/10\/mirecourt-octobre-rose-le-cancer-du-sein-parlons-en\/#breadcrumb\"},\"inLanguage\":\"fr-FR\",\"potentialAction\":[{\"@type\":\"ReadAction\",\"target\":[\"https:\/\/vosgesinfo.fr\/laplainedesvosgesinfo\/2016\/10\/mirecourt-octobre-rose-le-cancer-du-sein-parlons-en\/\"]}]},{\"@type\":\"ImageObject\",\"inLanguage\":\"fr-FR\",\"@id\":\"https:\/\/vosgesinfo.fr\/laplainedesvosgesinfo\/2016\/10\/mirecourt-octobre-rose-le-cancer-du-sein-parlons-en\/#primaryimage\",\"url\":\"https:\/\/vosgesinfo.fr\/app\/uploads\/sites\/2\/2024\/06\/20160914317482-935306886598332-7759963123715898879-n.jpg\",\"contentUrl\":\"https:\/\/vosgesinfo.fr\/app\/uploads\/sites\/2\/2024\/06\/20160914317482-935306886598332-7759963123715898879-n.jpg\",\"width\":686,\"height\":756},{\"@type\":\"BreadcrumbList\",\"@id\":\"https:\/\/vosgesinfo.fr\/laplainedesvosgesinfo\/2016\/10\/mirecourt-octobre-rose-le-cancer-du-sein-parlons-en\/#breadcrumb\",\"itemListElement\":[{\"@type\":\"ListItem\",\"position\":1,\"name\":\"Home\",\"item\":\"https:\/\/vosgesinfo.fr\/laplainedesvosgesinfo\/\"},{\"@type\":\"ListItem\",\"position\":2,\"name\":\"Mirecourt &#8211; Octobre Rose : le cancer du sein, parlons-en !\"}]},{\"@type\":\"WebSite\",\"@id\":\"https:\/\/vosgesinfo.fr\/laplainedesvosgesinfo\/#website\",\"url\":\"https:\/\/vosgesinfo.fr\/laplainedesvosgesinfo\/\",\"name\":\"La Plaine des Vosges\",\"description\":\"Toute l&#039;actualit\u00e9 de la plaine de Vosges\",\"publisher\":{\"@id\":\"https:\/\/vosgesinfo.fr\/laplainedesvosgesinfo\/#organization\"},\"alternateName\":\"Toute l'actualit\u00e9 de la plaine des Vosges\",\"potentialAction\":[{\"@type\":\"SearchAction\",\"target\":{\"@type\":\"EntryPoint\",\"urlTemplate\":\"https:\/\/vosgesinfo.fr\/laplainedesvosgesinfo\/?s={search_term_string}\"},\"query-input\":\"required name=search_term_string\"}],\"inLanguage\":\"fr-FR\"},{\"@type\":\"Organization\",\"@id\":\"https:\/\/vosgesinfo.fr\/laplainedesvosgesinfo\/#organization\",\"name\":\"La Plaine des Vosges\",\"url\":\"https:\/\/vosgesinfo.fr\/laplainedesvosgesinfo\/\",\"logo\":{\"@type\":\"ImageObject\",\"inLanguage\":\"fr-FR\",\"@id\":\"https:\/\/vosgesinfo.fr\/laplainedesvosgesinfo\/#\/schema\/logo\/image\/\",\"url\":\"https:\/\/vosgesinfo.fr\/app\/uploads\/sites\/2\/2023\/08\/logo-laplaineinfo.svg\",\"contentUrl\":\"https:\/\/vosgesinfo.fr\/app\/uploads\/sites\/2\/2023\/08\/logo-laplaineinfo.svg\",\"width\":1,\"height\":1,\"caption\":\"La Plaine des Vosges\"},\"image\":{\"@id\":\"https:\/\/vosgesinfo.fr\/laplainedesvosgesinfo\/#\/schema\/logo\/image\/\"},\"sameAs\":[\"https:\/\/www.facebook.com\/laplainedesvosges\",\"https:\/\/x.com\/VosgesInfo88\",\"https:\/\/www.youtube.com\/@vosgesinfo\"]},{\"@type\":\"Person\",\"@id\":\"https:\/\/vosgesinfo.fr\/laplainedesvosgesinfo\/#\/schema\/person\/bc5d02d71e6932e81b6dadb7386667b1\",\"name\":\"qs_admin\",\"image\":{\"@type\":\"ImageObject\",\"inLanguage\":\"fr-FR\",\"@id\":\"https:\/\/vosgesinfo.fr\/laplainedesvosgesinfo\/#\/schema\/person\/image\/\",\"url\":\"https:\/\/secure.gravatar.com\/avatar\/94b18ee0ed79e4a42ea2f2931277b6841a8999fc6fde214600c78057cf1fe1de?s=96&d=mm&r=g\",\"contentUrl\":\"https:\/\/secure.gravatar.com\/avatar\/94b18ee0ed79e4a42ea2f2931277b6841a8999fc6fde214600c78057cf1fe1de?s=96&d=mm&r=g\",\"caption\":\"qs_admin\"},\"sameAs\":[\"https:\/\/vosgesinfo.fr\/wp\"],\"url\":\"https:\/\/vosgesinfo.fr\/laplainedesvosgesinfo\/author\/qs_admin\/\"}]}<\/script>\n<!-- \/ Yoast SEO plugin. -->","yoast_head_json":{"title":"Mirecourt - Octobre Rose : le cancer du sein, parlons-en ! - La Plaine des Vosges","robots":{"index":"index","follow":"follow","max-snippet":"max-snippet:-1","max-image-preview":"max-image-preview:large","max-video-preview":"max-video-preview:-1"},"canonical":"https:\/\/vosgesinfo.fr\/laplainedesvosgesinfo\/2016\/10\/mirecourt-octobre-rose-le-cancer-du-sein-parlons-en\/","twitter_card":"summary_large_image","twitter_title":"Mirecourt - Octobre Rose : le cancer du sein, parlons-en ! - La Plaine des Vosges","twitter_description":"Chaque ann\u00e9e en octobre, c\u2019est le grand retour d\u2019Octobre Rose, une op\u00e9ration de sensibilisation autour de la lutte contre le [&hellip;]","twitter_image":"https:\/\/vosgesinfo.fr\/app\/uploads\/sites\/2\/2024\/06\/20160914317482-935306886598332-7759963123715898879-n.jpg","twitter_creator":"@VosgesInfo88","twitter_site":"@VosgesInfo88","twitter_misc":{"\u00c9crit par":"qs_admin","Dur\u00e9e de lecture estim\u00e9e":"1 minute"},"schema":{"@context":"https:\/\/schema.org","@graph":[{"@type":"Article","@id":"https:\/\/vosgesinfo.fr\/laplainedesvosgesinfo\/2016\/10\/mirecourt-octobre-rose-le-cancer-du-sein-parlons-en\/#article","isPartOf":{"@id":"https:\/\/vosgesinfo.fr\/laplainedesvosgesinfo\/2016\/10\/mirecourt-octobre-rose-le-cancer-du-sein-parlons-en\/"},"author":{"name":"qs_admin","@id":"https:\/\/vosgesinfo.fr\/laplainedesvosgesinfo\/#\/schema\/person\/bc5d02d71e6932e81b6dadb7386667b1"},"headline":"Mirecourt &#8211; Octobre Rose : le cancer du sein, parlons-en !","datePublished":"2016-10-01T04:30:09+00:00","dateModified":"2016-10-01T04:30:09+00:00","mainEntityOfPage":{"@id":"https:\/\/vosgesinfo.fr\/laplainedesvosgesinfo\/2016\/10\/mirecourt-octobre-rose-le-cancer-du-sein-parlons-en\/"},"wordCount":151,"commentCount":0,"publisher":{"@id":"https:\/\/vosgesinfo.fr\/laplainedesvosgesinfo\/#organization"},"image":{"@id":"https:\/\/vosgesinfo.fr\/laplainedesvosgesinfo\/2016\/10\/mirecourt-octobre-rose-le-cancer-du-sein-parlons-en\/#primaryimage"},"thumbnailUrl":"https:\/\/vosgesinfo.fr\/app\/uploads\/sites\/2\/2024\/06\/20160914317482-935306886598332-7759963123715898879-n.jpg","keywords":["Marche rose","Mirecourt","Octobre Rose"],"articleSection":["La Plaine","Mirecourt"],"inLanguage":"fr-FR","potentialAction":[{"@type":"CommentAction","name":"Comment","target":["https:\/\/vosgesinfo.fr\/laplainedesvosgesinfo\/2016\/10\/mirecourt-octobre-rose-le-cancer-du-sein-parlons-en\/#respond"]}]},{"@type":"WebPage","@id":"https:\/\/vosgesinfo.fr\/laplainedesvosgesinfo\/2016\/10\/mirecourt-octobre-rose-le-cancer-du-sein-parlons-en\/","url":"https:\/\/vosgesinfo.fr\/laplainedesvosgesinfo\/2016\/10\/mirecourt-octobre-rose-le-cancer-du-sein-parlons-en\/","name":"Mirecourt - Octobre Rose : le cancer du sein, parlons-en ! - La Plaine des Vosges","isPartOf":{"@id":"https:\/\/vosgesinfo.fr\/laplainedesvosgesinfo\/#website"},"primaryImageOfPage":{"@id":"https:\/\/vosgesinfo.fr\/laplainedesvosgesinfo\/2016\/10\/mirecourt-octobre-rose-le-cancer-du-sein-parlons-en\/#primaryimage"},"image":{"@id":"https:\/\/vosgesinfo.fr\/laplainedesvosgesinfo\/2016\/10\/mirecourt-octobre-rose-le-cancer-du-sein-parlons-en\/#primaryimage"},"thumbnailUrl":"https:\/\/vosgesinfo.fr\/app\/uploads\/sites\/2\/2024\/06\/20160914317482-935306886598332-7759963123715898879-n.jpg","datePublished":"2016-10-01T04:30:09+00:00","dateModified":"2016-10-01T04:30:09+00:00","breadcrumb":{"@id":"https:\/\/vosgesinfo.fr\/laplainedesvosgesinfo\/2016\/10\/mirecourt-octobre-rose-le-cancer-du-sein-parlons-en\/#breadcrumb"},"inLanguage":"fr-FR","potentialAction":[{"@type":"ReadAction","target":["https:\/\/vosgesinfo.fr\/laplainedesvosgesinfo\/2016\/10\/mirecourt-octobre-rose-le-cancer-du-sein-parlons-en\/"]}]},{"@type":"ImageObject","inLanguage":"fr-FR","@id":"https:\/\/vosgesinfo.fr\/laplainedesvosgesinfo\/2016\/10\/mirecourt-octobre-rose-le-cancer-du-sein-parlons-en\/#primaryimage","url":"https:\/\/vosgesinfo.fr\/app\/uploads\/sites\/2\/2024\/06\/20160914317482-935306886598332-7759963123715898879-n.jpg","contentUrl":"https:\/\/vosgesinfo.fr\/app\/uploads\/sites\/2\/2024\/06\/20160914317482-935306886598332-7759963123715898879-n.jpg","width":686,"height":756},{"@type":"BreadcrumbList","@id":"https:\/\/vosgesinfo.fr\/laplainedesvosgesinfo\/2016\/10\/mirecourt-octobre-rose-le-cancer-du-sein-parlons-en\/#breadcrumb","itemListElement":[{"@type":"ListItem","position":1,"name":"Home","item":"https:\/\/vosgesinfo.fr\/laplainedesvosgesinfo\/"},{"@type":"ListItem","position":2,"name":"Mirecourt &#8211; Octobre Rose : le cancer du sein, parlons-en !"}]},{"@type":"WebSite","@id":"https:\/\/vosgesinfo.fr\/laplainedesvosgesinfo\/#website","url":"https:\/\/vosgesinfo.fr\/laplainedesvosgesinfo\/","name":"La Plaine des Vosges","description":"Toute l&#039;actualit\u00e9 de la plaine de Vosges","publisher":{"@id":"https:\/\/vosgesinfo.fr\/laplainedesvosgesinfo\/#organization"},"alternateName":"Toute l'actualit\u00e9 de la plaine des Vosges","potentialAction":[{"@type":"SearchAction","target":{"@type":"EntryPoint","urlTemplate":"https:\/\/vosgesinfo.fr\/laplainedesvosgesinfo\/?s={search_term_string}"},"query-input":"required name=search_term_string"}],"inLanguage":"fr-FR"},{"@type":"Organization","@id":"https:\/\/vosgesinfo.fr\/laplainedesvosgesinfo\/#organization","name":"La Plaine des Vosges","url":"https:\/\/vosgesinfo.fr\/laplainedesvosgesinfo\/","logo":{"@type":"ImageObject","inLanguage":"fr-FR","@id":"https:\/\/vosgesinfo.fr\/laplainedesvosgesinfo\/#\/schema\/logo\/image\/","url":"https:\/\/vosgesinfo.fr\/app\/uploads\/sites\/2\/2023\/08\/logo-laplaineinfo.svg","contentUrl":"https:\/\/vosgesinfo.fr\/app\/uploads\/sites\/2\/2023\/08\/logo-laplaineinfo.svg","width":1,"height":1,"caption":"La Plaine des Vosges"},"image":{"@id":"https:\/\/vosgesinfo.fr\/laplainedesvosgesinfo\/#\/schema\/logo\/image\/"},"sameAs":["https:\/\/www.facebook.com\/laplainedesvosges","https:\/\/x.com\/VosgesInfo88","https:\/\/www.youtube.com\/@vosgesinfo"]},{"@type":"Person","@id":"https:\/\/vosgesinfo.fr\/laplainedesvosgesinfo\/#\/schema\/person\/bc5d02d71e6932e81b6dadb7386667b1","name":"qs_admin","image":{"@type":"ImageObject","inLanguage":"fr-FR","@id":"https:\/\/vosgesinfo.fr\/laplainedesvosgesinfo\/#\/schema\/person\/image\/","url":"https:\/\/secure.gravatar.com\/avatar\/94b18ee0ed79e4a42ea2f2931277b6841a8999fc6fde214600c78057cf1fe1de?s=96&d=mm&r=g","contentUrl":"https:\/\/secure.gravatar.com\/avatar\/94b18ee0ed79e4a42ea2f2931277b6841a8999fc6fde214600c78057cf1fe1de?s=96&d=mm&r=g","caption":"qs_admin"},"sameAs":["https:\/\/vosgesinfo.fr\/wp"],"url":"https:\/\/vosgesinfo.fr\/laplainedesvosgesinfo\/author\/qs_admin\/"}]}},"_links":{"self":[{"href":"https:\/\/vosgesinfo.fr\/laplainedesvosgesinfo\/wp-json\/wp\/v2\/posts\/6884","targetHints":{"allow":["GET"]}}],"collection":[{"href":"https:\/\/vosgesinfo.fr\/laplainedesvosgesinfo\/wp-json\/wp\/v2\/posts"}],"about":[{"href":"https:\/\/vosgesinfo.fr\/laplainedesvosgesinfo\/wp-json\/wp\/v2\/types\/post"}],"author":[{"embeddable":true,"href":"https:\/\/vosgesinfo.fr\/laplainedesvosgesinfo\/wp-json\/wp\/v2\/users\/1"}],"replies":[{"embeddable":true,"href":"https:\/\/vosgesinfo.fr\/laplainedesvosgesinfo\/wp-json\/wp\/v2\/comments?post=6884"}],"version-history":[{"count":0,"href":"https:\/\/vosgesinfo.fr\/laplainedesvosgesinfo\/wp-json\/wp\/v2\/posts\/6884\/revisions"}],"wp:featuredmedia":[{"embeddable":true,"href":"https:\/\/vosgesinfo.fr\/laplainedesvosgesinfo\/wp-json\/wp\/v2\/media\/6885"}],"wp:attachment":[{"href":"https:\/\/vosgesinfo.fr\/laplainedesvosgesinfo\/wp-json\/wp\/v2\/media?parent=6884"}],"wp:term":[{"taxonomy":"category","embeddable":true,"href":"https:\/\/vosgesinfo.fr\/laplainedesvosgesinfo\/wp-json\/wp\/v2\/categories?post=6884"},{"taxonomy":"post_tag","embeddable":true,"href":"https:\/\/vosgesinfo.fr\/laplainedesvosgesinfo\/wp-json\/wp\/v2\/tags?post=6884"}],"curies":[{"name":"wp","href":"https:\/\/api.w.org\/{rel}","templated":true}]}}