{"id":7101,"date":"2016-10-01T16:10:07","date_gmt":"2016-10-01T14:10:07","guid":{"rendered":"https:\/\/vosgesinfo.fr\/laplainedesvosgesinfo\/2016\/10\/jean-jacques-gaultier-officiellement-candidat-aux-elections-legislatives-de-2017\/"},"modified":"2016-10-01T16:10:07","modified_gmt":"2016-10-01T14:10:07","slug":"jean-jacques-gaultier-officiellement-candidat-aux-elections-legislatives-de-2017","status":"publish","type":"post","link":"https:\/\/vosgesinfo.fr\/laplainedesvosgesinfo\/2016\/10\/jean-jacques-gaultier-officiellement-candidat-aux-elections-legislatives-de-2017\/","title":{"rendered":"Jean-Jacques Gaultier officiellement candidat aux \u00e9lections l\u00e9gislatives de 2017"},"content":{"rendered":"<div id=\"attachment_80857\" style=\"width: 557px\" class=\"wp-caption aligncenter\"><a href=\"\/2016\/10\/jean-jacques-gaultier.jpg\"><img decoding=\"async\" aria-describedby=\"caption-attachment-80857\" class=\"wp-image-80857\" src=\"\/2016\/10\/jean-jacques-gaultier.jpg\" alt=\"jean-jacques-gaultier\" width=\"547\" height=\"492\" \/><\/a><p id=\"caption-attachment-80857\" class=\"wp-caption-text\">Jean-Jacques Gaultier, maire (LR) de Vittel.<\/p><\/div>\n<p style=\"text-align: justify;\"><strong>C&rsquo;est officiel depuis quelques heures, Jean-Jacques Gaultier (Les R\u00e9publicains) est candidat aux \u00e9lections l\u00e9gislatives de juin 2017.<\/strong><\/p>\n<p style=\"text-align: justify;\">Sa candidature a \u00e9t\u00e9 annonc\u00e9e lors d&rsquo;une r\u00e9union de Les R\u00e9publicains, qui s&rsquo;est tenue ce vendredi soir \u00e0 Vittel. Il rejoint donc une autre candidate du m\u00eame groupe politique la mirecurtienne Nathalie Babouhot. Il est bon de rappeler que le maire de la cit\u00e9 thermale avait d\u00e9j\u00e0 \u00e9t\u00e9 \u00e9lu en qualit\u00e9 de d\u00e9put\u00e9 de la 4\u00e8me circonscription de 2002 \u00e0 2012.<\/p>\n","protected":false},"excerpt":{"rendered":"<p>C&rsquo;est officiel depuis quelques heures, Jean-Jacques Gaultier (Les R\u00e9publicains) est candidat aux \u00e9lections l\u00e9gislatives de juin 2017. Sa candidature a [&hellip;]<\/p>\n","protected":false},"author":1,"featured_media":7102,"comment_status":"open","ping_status":"open","sticky":false,"template":"","format":"standard","meta":{"footnotes":""},"categories":[29,37,10,38],"tags":[2363,242,2364],"class_list":["post-7101","post","type-post","status-publish","format-standard","has-post-thumbnail","hentry","category-a-la-une","category-la-plaine","category-politique","category-vittel-la-plaine","tag-elections-legislatives","tag-jean-jacques-gaultier","tag-les-republicains"],"acf":[],"yoast_head":"<!-- This site is optimized with the Yoast SEO plugin v22.5 - https:\/\/yoast.com\/wordpress\/plugins\/seo\/ -->\n<title>Jean-Jacques Gaultier officiellement candidat aux \u00e9lections l\u00e9gislatives de 2017 - La Plaine des Vosges<\/title>\n<meta name=\"robots\" content=\"index, follow, max-snippet:-1, max-image-preview:large, max-video-preview:-1\" \/>\n<link rel=\"canonical\" href=\"https:\/\/vosgesinfo.fr\/laplainedesvosgesinfo\/2016\/10\/jean-jacques-gaultier-officiellement-candidat-aux-elections-legislatives-de-2017\/\" \/>\n<meta name=\"twitter:card\" content=\"summary_large_image\" \/>\n<meta name=\"twitter:title\" content=\"Jean-Jacques Gaultier officiellement candidat aux \u00e9lections l\u00e9gislatives de 2017 - La Plaine des Vosges\" \/>\n<meta name=\"twitter:description\" content=\"C&rsquo;est officiel depuis quelques heures, Jean-Jacques Gaultier (Les R\u00e9publicains) est candidat aux \u00e9lections l\u00e9gislatives de juin 2017. Sa candidature a [&hellip;]\" \/>\n<meta name=\"twitter:image\" content=\"https:\/\/vosgesinfo.fr\/app\/uploads\/sites\/2\/2024\/06\/201610jean-jacques-gaultier.jpg\" \/>\n<meta name=\"twitter:creator\" content=\"@VosgesInfo88\" \/>\n<meta name=\"twitter:site\" content=\"@VosgesInfo88\" \/>\n<meta name=\"twitter:label1\" content=\"\u00c9crit par\" \/>\n\t<meta name=\"twitter:data1\" content=\"qs_admin\" \/>\n<script type=\"application\/ld+json\" class=\"yoast-schema-graph\">{\"@context\":\"https:\/\/schema.org\",\"@graph\":[{\"@type\":\"Article\",\"@id\":\"https:\/\/vosgesinfo.fr\/laplainedesvosgesinfo\/2016\/10\/jean-jacques-gaultier-officiellement-candidat-aux-elections-legislatives-de-2017\/#article\",\"isPartOf\":{\"@id\":\"https:\/\/vosgesinfo.fr\/laplainedesvosgesinfo\/2016\/10\/jean-jacques-gaultier-officiellement-candidat-aux-elections-legislatives-de-2017\/\"},\"author\":{\"name\":\"qs_admin\",\"@id\":\"https:\/\/vosgesinfo.fr\/laplainedesvosgesinfo\/#\/schema\/person\/bc5d02d71e6932e81b6dadb7386667b1\"},\"headline\":\"Jean-Jacques Gaultier officiellement candidat aux \u00e9lections l\u00e9gislatives de 2017\",\"datePublished\":\"2016-10-01T14:10:07+00:00\",\"dateModified\":\"2016-10-01T14:10:07+00:00\",\"mainEntityOfPage\":{\"@id\":\"https:\/\/vosgesinfo.fr\/laplainedesvosgesinfo\/2016\/10\/jean-jacques-gaultier-officiellement-candidat-aux-elections-legislatives-de-2017\/\"},\"wordCount\":106,\"commentCount\":0,\"publisher\":{\"@id\":\"https:\/\/vosgesinfo.fr\/laplainedesvosgesinfo\/#organization\"},\"image\":{\"@id\":\"https:\/\/vosgesinfo.fr\/laplainedesvosgesinfo\/2016\/10\/jean-jacques-gaultier-officiellement-candidat-aux-elections-legislatives-de-2017\/#primaryimage\"},\"thumbnailUrl\":\"https:\/\/vosgesinfo.fr\/app\/uploads\/sites\/2\/2024\/06\/201610jean-jacques-gaultier.jpg\",\"keywords\":[\"\u00e9lections l\u00e9gislatives\",\"Jean-Jacques Gaultier\",\"Les R\u00e9publicains\"],\"articleSection\":[\"A la Une\",\"La Plaine\",\"Politique\",\"Vittel\"],\"inLanguage\":\"fr-FR\",\"potentialAction\":[{\"@type\":\"CommentAction\",\"name\":\"Comment\",\"target\":[\"https:\/\/vosgesinfo.fr\/laplainedesvosgesinfo\/2016\/10\/jean-jacques-gaultier-officiellement-candidat-aux-elections-legislatives-de-2017\/#respond\"]}]},{\"@type\":\"WebPage\",\"@id\":\"https:\/\/vosgesinfo.fr\/laplainedesvosgesinfo\/2016\/10\/jean-jacques-gaultier-officiellement-candidat-aux-elections-legislatives-de-2017\/\",\"url\":\"https:\/\/vosgesinfo.fr\/laplainedesvosgesinfo\/2016\/10\/jean-jacques-gaultier-officiellement-candidat-aux-elections-legislatives-de-2017\/\",\"name\":\"Jean-Jacques Gaultier officiellement candidat aux \u00e9lections l\u00e9gislatives de 2017 - La Plaine des Vosges\",\"isPartOf\":{\"@id\":\"https:\/\/vosgesinfo.fr\/laplainedesvosgesinfo\/#website\"},\"primaryImageOfPage\":{\"@id\":\"https:\/\/vosgesinfo.fr\/laplainedesvosgesinfo\/2016\/10\/jean-jacques-gaultier-officiellement-candidat-aux-elections-legislatives-de-2017\/#primaryimage\"},\"image\":{\"@id\":\"https:\/\/vosgesinfo.fr\/laplainedesvosgesinfo\/2016\/10\/jean-jacques-gaultier-officiellement-candidat-aux-elections-legislatives-de-2017\/#primaryimage\"},\"thumbnailUrl\":\"https:\/\/vosgesinfo.fr\/app\/uploads\/sites\/2\/2024\/06\/201610jean-jacques-gaultier.jpg\",\"datePublished\":\"2016-10-01T14:10:07+00:00\",\"dateModified\":\"2016-10-01T14:10:07+00:00\",\"breadcrumb\":{\"@id\":\"https:\/\/vosgesinfo.fr\/laplainedesvosgesinfo\/2016\/10\/jean-jacques-gaultier-officiellement-candidat-aux-elections-legislatives-de-2017\/#breadcrumb\"},\"inLanguage\":\"fr-FR\",\"potentialAction\":[{\"@type\":\"ReadAction\",\"target\":[\"https:\/\/vosgesinfo.fr\/laplainedesvosgesinfo\/2016\/10\/jean-jacques-gaultier-officiellement-candidat-aux-elections-legislatives-de-2017\/\"]}]},{\"@type\":\"ImageObject\",\"inLanguage\":\"fr-FR\",\"@id\":\"https:\/\/vosgesinfo.fr\/laplainedesvosgesinfo\/2016\/10\/jean-jacques-gaultier-officiellement-candidat-aux-elections-legislatives-de-2017\/#primaryimage\",\"url\":\"https:\/\/vosgesinfo.fr\/app\/uploads\/sites\/2\/2024\/06\/201610jean-jacques-gaultier.jpg\",\"contentUrl\":\"https:\/\/vosgesinfo.fr\/app\/uploads\/sites\/2\/2024\/06\/201610jean-jacques-gaultier.jpg\",\"width\":800,\"height\":719},{\"@type\":\"BreadcrumbList\",\"@id\":\"https:\/\/vosgesinfo.fr\/laplainedesvosgesinfo\/2016\/10\/jean-jacques-gaultier-officiellement-candidat-aux-elections-legislatives-de-2017\/#breadcrumb\",\"itemListElement\":[{\"@type\":\"ListItem\",\"position\":1,\"name\":\"Home\",\"item\":\"https:\/\/vosgesinfo.fr\/laplainedesvosgesinfo\/\"},{\"@type\":\"ListItem\",\"position\":2,\"name\":\"Jean-Jacques Gaultier officiellement candidat aux \u00e9lections l\u00e9gislatives de 2017\"}]},{\"@type\":\"WebSite\",\"@id\":\"https:\/\/vosgesinfo.fr\/laplainedesvosgesinfo\/#website\",\"url\":\"https:\/\/vosgesinfo.fr\/laplainedesvosgesinfo\/\",\"name\":\"La Plaine des Vosges\",\"description\":\"Toute l&#039;actualit\u00e9 de la plaine de Vosges\",\"publisher\":{\"@id\":\"https:\/\/vosgesinfo.fr\/laplainedesvosgesinfo\/#organization\"},\"alternateName\":\"Toute l'actualit\u00e9 de la plaine des Vosges\",\"potentialAction\":[{\"@type\":\"SearchAction\",\"target\":{\"@type\":\"EntryPoint\",\"urlTemplate\":\"https:\/\/vosgesinfo.fr\/laplainedesvosgesinfo\/?s={search_term_string}\"},\"query-input\":\"required name=search_term_string\"}],\"inLanguage\":\"fr-FR\"},{\"@type\":\"Organization\",\"@id\":\"https:\/\/vosgesinfo.fr\/laplainedesvosgesinfo\/#organization\",\"name\":\"La Plaine des Vosges\",\"url\":\"https:\/\/vosgesinfo.fr\/laplainedesvosgesinfo\/\",\"logo\":{\"@type\":\"ImageObject\",\"inLanguage\":\"fr-FR\",\"@id\":\"https:\/\/vosgesinfo.fr\/laplainedesvosgesinfo\/#\/schema\/logo\/image\/\",\"url\":\"https:\/\/vosgesinfo.fr\/app\/uploads\/sites\/2\/2023\/08\/logo-laplaineinfo.svg\",\"contentUrl\":\"https:\/\/vosgesinfo.fr\/app\/uploads\/sites\/2\/2023\/08\/logo-laplaineinfo.svg\",\"width\":1,\"height\":1,\"caption\":\"La Plaine des Vosges\"},\"image\":{\"@id\":\"https:\/\/vosgesinfo.fr\/laplainedesvosgesinfo\/#\/schema\/logo\/image\/\"},\"sameAs\":[\"https:\/\/www.facebook.com\/laplainedesvosges\",\"https:\/\/x.com\/VosgesInfo88\",\"https:\/\/www.youtube.com\/@vosgesinfo\"]},{\"@type\":\"Person\",\"@id\":\"https:\/\/vosgesinfo.fr\/laplainedesvosgesinfo\/#\/schema\/person\/bc5d02d71e6932e81b6dadb7386667b1\",\"name\":\"qs_admin\",\"image\":{\"@type\":\"ImageObject\",\"inLanguage\":\"fr-FR\",\"@id\":\"https:\/\/vosgesinfo.fr\/laplainedesvosgesinfo\/#\/schema\/person\/image\/\",\"url\":\"https:\/\/secure.gravatar.com\/avatar\/94b18ee0ed79e4a42ea2f2931277b6841a8999fc6fde214600c78057cf1fe1de?s=96&d=mm&r=g\",\"contentUrl\":\"https:\/\/secure.gravatar.com\/avatar\/94b18ee0ed79e4a42ea2f2931277b6841a8999fc6fde214600c78057cf1fe1de?s=96&d=mm&r=g\",\"caption\":\"qs_admin\"},\"sameAs\":[\"https:\/\/vosgesinfo.fr\/wp\"],\"url\":\"https:\/\/vosgesinfo.fr\/laplainedesvosgesinfo\/author\/qs_admin\/\"}]}<\/script>\n<!-- \/ Yoast SEO plugin. -->","yoast_head_json":{"title":"Jean-Jacques Gaultier officiellement candidat aux \u00e9lections l\u00e9gislatives de 2017 - La Plaine des Vosges","robots":{"index":"index","follow":"follow","max-snippet":"max-snippet:-1","max-image-preview":"max-image-preview:large","max-video-preview":"max-video-preview:-1"},"canonical":"https:\/\/vosgesinfo.fr\/laplainedesvosgesinfo\/2016\/10\/jean-jacques-gaultier-officiellement-candidat-aux-elections-legislatives-de-2017\/","twitter_card":"summary_large_image","twitter_title":"Jean-Jacques Gaultier officiellement candidat aux \u00e9lections l\u00e9gislatives de 2017 - La Plaine des Vosges","twitter_description":"C&rsquo;est officiel depuis quelques heures, Jean-Jacques Gaultier (Les R\u00e9publicains) est candidat aux \u00e9lections l\u00e9gislatives de juin 2017. Sa candidature a [&hellip;]","twitter_image":"https:\/\/vosgesinfo.fr\/app\/uploads\/sites\/2\/2024\/06\/201610jean-jacques-gaultier.jpg","twitter_creator":"@VosgesInfo88","twitter_site":"@VosgesInfo88","twitter_misc":{"\u00c9crit par":"qs_admin"},"schema":{"@context":"https:\/\/schema.org","@graph":[{"@type":"Article","@id":"https:\/\/vosgesinfo.fr\/laplainedesvosgesinfo\/2016\/10\/jean-jacques-gaultier-officiellement-candidat-aux-elections-legislatives-de-2017\/#article","isPartOf":{"@id":"https:\/\/vosgesinfo.fr\/laplainedesvosgesinfo\/2016\/10\/jean-jacques-gaultier-officiellement-candidat-aux-elections-legislatives-de-2017\/"},"author":{"name":"qs_admin","@id":"https:\/\/vosgesinfo.fr\/laplainedesvosgesinfo\/#\/schema\/person\/bc5d02d71e6932e81b6dadb7386667b1"},"headline":"Jean-Jacques Gaultier officiellement candidat aux \u00e9lections l\u00e9gislatives de 2017","datePublished":"2016-10-01T14:10:07+00:00","dateModified":"2016-10-01T14:10:07+00:00","mainEntityOfPage":{"@id":"https:\/\/vosgesinfo.fr\/laplainedesvosgesinfo\/2016\/10\/jean-jacques-gaultier-officiellement-candidat-aux-elections-legislatives-de-2017\/"},"wordCount":106,"commentCount":0,"publisher":{"@id":"https:\/\/vosgesinfo.fr\/laplainedesvosgesinfo\/#organization"},"image":{"@id":"https:\/\/vosgesinfo.fr\/laplainedesvosgesinfo\/2016\/10\/jean-jacques-gaultier-officiellement-candidat-aux-elections-legislatives-de-2017\/#primaryimage"},"thumbnailUrl":"https:\/\/vosgesinfo.fr\/app\/uploads\/sites\/2\/2024\/06\/201610jean-jacques-gaultier.jpg","keywords":["\u00e9lections l\u00e9gislatives","Jean-Jacques Gaultier","Les R\u00e9publicains"],"articleSection":["A la Une","La Plaine","Politique","Vittel"],"inLanguage":"fr-FR","potentialAction":[{"@type":"CommentAction","name":"Comment","target":["https:\/\/vosgesinfo.fr\/laplainedesvosgesinfo\/2016\/10\/jean-jacques-gaultier-officiellement-candidat-aux-elections-legislatives-de-2017\/#respond"]}]},{"@type":"WebPage","@id":"https:\/\/vosgesinfo.fr\/laplainedesvosgesinfo\/2016\/10\/jean-jacques-gaultier-officiellement-candidat-aux-elections-legislatives-de-2017\/","url":"https:\/\/vosgesinfo.fr\/laplainedesvosgesinfo\/2016\/10\/jean-jacques-gaultier-officiellement-candidat-aux-elections-legislatives-de-2017\/","name":"Jean-Jacques Gaultier officiellement candidat aux \u00e9lections l\u00e9gislatives de 2017 - La Plaine des Vosges","isPartOf":{"@id":"https:\/\/vosgesinfo.fr\/laplainedesvosgesinfo\/#website"},"primaryImageOfPage":{"@id":"https:\/\/vosgesinfo.fr\/laplainedesvosgesinfo\/2016\/10\/jean-jacques-gaultier-officiellement-candidat-aux-elections-legislatives-de-2017\/#primaryimage"},"image":{"@id":"https:\/\/vosgesinfo.fr\/laplainedesvosgesinfo\/2016\/10\/jean-jacques-gaultier-officiellement-candidat-aux-elections-legislatives-de-2017\/#primaryimage"},"thumbnailUrl":"https:\/\/vosgesinfo.fr\/app\/uploads\/sites\/2\/2024\/06\/201610jean-jacques-gaultier.jpg","datePublished":"2016-10-01T14:10:07+00:00","dateModified":"2016-10-01T14:10:07+00:00","breadcrumb":{"@id":"https:\/\/vosgesinfo.fr\/laplainedesvosgesinfo\/2016\/10\/jean-jacques-gaultier-officiellement-candidat-aux-elections-legislatives-de-2017\/#breadcrumb"},"inLanguage":"fr-FR","potentialAction":[{"@type":"ReadAction","target":["https:\/\/vosgesinfo.fr\/laplainedesvosgesinfo\/2016\/10\/jean-jacques-gaultier-officiellement-candidat-aux-elections-legislatives-de-2017\/"]}]},{"@type":"ImageObject","inLanguage":"fr-FR","@id":"https:\/\/vosgesinfo.fr\/laplainedesvosgesinfo\/2016\/10\/jean-jacques-gaultier-officiellement-candidat-aux-elections-legislatives-de-2017\/#primaryimage","url":"https:\/\/vosgesinfo.fr\/app\/uploads\/sites\/2\/2024\/06\/201610jean-jacques-gaultier.jpg","contentUrl":"https:\/\/vosgesinfo.fr\/app\/uploads\/sites\/2\/2024\/06\/201610jean-jacques-gaultier.jpg","width":800,"height":719},{"@type":"BreadcrumbList","@id":"https:\/\/vosgesinfo.fr\/laplainedesvosgesinfo\/2016\/10\/jean-jacques-gaultier-officiellement-candidat-aux-elections-legislatives-de-2017\/#breadcrumb","itemListElement":[{"@type":"ListItem","position":1,"name":"Home","item":"https:\/\/vosgesinfo.fr\/laplainedesvosgesinfo\/"},{"@type":"ListItem","position":2,"name":"Jean-Jacques Gaultier officiellement candidat aux \u00e9lections l\u00e9gislatives de 2017"}]},{"@type":"WebSite","@id":"https:\/\/vosgesinfo.fr\/laplainedesvosgesinfo\/#website","url":"https:\/\/vosgesinfo.fr\/laplainedesvosgesinfo\/","name":"La Plaine des Vosges","description":"Toute l&#039;actualit\u00e9 de la plaine de Vosges","publisher":{"@id":"https:\/\/vosgesinfo.fr\/laplainedesvosgesinfo\/#organization"},"alternateName":"Toute l'actualit\u00e9 de la plaine des Vosges","potentialAction":[{"@type":"SearchAction","target":{"@type":"EntryPoint","urlTemplate":"https:\/\/vosgesinfo.fr\/laplainedesvosgesinfo\/?s={search_term_string}"},"query-input":"required name=search_term_string"}],"inLanguage":"fr-FR"},{"@type":"Organization","@id":"https:\/\/vosgesinfo.fr\/laplainedesvosgesinfo\/#organization","name":"La Plaine des Vosges","url":"https:\/\/vosgesinfo.fr\/laplainedesvosgesinfo\/","logo":{"@type":"ImageObject","inLanguage":"fr-FR","@id":"https:\/\/vosgesinfo.fr\/laplainedesvosgesinfo\/#\/schema\/logo\/image\/","url":"https:\/\/vosgesinfo.fr\/app\/uploads\/sites\/2\/2023\/08\/logo-laplaineinfo.svg","contentUrl":"https:\/\/vosgesinfo.fr\/app\/uploads\/sites\/2\/2023\/08\/logo-laplaineinfo.svg","width":1,"height":1,"caption":"La Plaine des Vosges"},"image":{"@id":"https:\/\/vosgesinfo.fr\/laplainedesvosgesinfo\/#\/schema\/logo\/image\/"},"sameAs":["https:\/\/www.facebook.com\/laplainedesvosges","https:\/\/x.com\/VosgesInfo88","https:\/\/www.youtube.com\/@vosgesinfo"]},{"@type":"Person","@id":"https:\/\/vosgesinfo.fr\/laplainedesvosgesinfo\/#\/schema\/person\/bc5d02d71e6932e81b6dadb7386667b1","name":"qs_admin","image":{"@type":"ImageObject","inLanguage":"fr-FR","@id":"https:\/\/vosgesinfo.fr\/laplainedesvosgesinfo\/#\/schema\/person\/image\/","url":"https:\/\/secure.gravatar.com\/avatar\/94b18ee0ed79e4a42ea2f2931277b6841a8999fc6fde214600c78057cf1fe1de?s=96&d=mm&r=g","contentUrl":"https:\/\/secure.gravatar.com\/avatar\/94b18ee0ed79e4a42ea2f2931277b6841a8999fc6fde214600c78057cf1fe1de?s=96&d=mm&r=g","caption":"qs_admin"},"sameAs":["https:\/\/vosgesinfo.fr\/wp"],"url":"https:\/\/vosgesinfo.fr\/laplainedesvosgesinfo\/author\/qs_admin\/"}]}},"_links":{"self":[{"href":"https:\/\/vosgesinfo.fr\/laplainedesvosgesinfo\/wp-json\/wp\/v2\/posts\/7101","targetHints":{"allow":["GET"]}}],"collection":[{"href":"https:\/\/vosgesinfo.fr\/laplainedesvosgesinfo\/wp-json\/wp\/v2\/posts"}],"about":[{"href":"https:\/\/vosgesinfo.fr\/laplainedesvosgesinfo\/wp-json\/wp\/v2\/types\/post"}],"author":[{"embeddable":true,"href":"https:\/\/vosgesinfo.fr\/laplainedesvosgesinfo\/wp-json\/wp\/v2\/users\/1"}],"replies":[{"embeddable":true,"href":"https:\/\/vosgesinfo.fr\/laplainedesvosgesinfo\/wp-json\/wp\/v2\/comments?post=7101"}],"version-history":[{"count":0,"href":"https:\/\/vosgesinfo.fr\/laplainedesvosgesinfo\/wp-json\/wp\/v2\/posts\/7101\/revisions"}],"wp:featuredmedia":[{"embeddable":true,"href":"https:\/\/vosgesinfo.fr\/laplainedesvosgesinfo\/wp-json\/wp\/v2\/media\/7102"}],"wp:attachment":[{"href":"https:\/\/vosgesinfo.fr\/laplainedesvosgesinfo\/wp-json\/wp\/v2\/media?parent=7101"}],"wp:term":[{"taxonomy":"category","embeddable":true,"href":"https:\/\/vosgesinfo.fr\/laplainedesvosgesinfo\/wp-json\/wp\/v2\/categories?post=7101"},{"taxonomy":"post_tag","embeddable":true,"href":"https:\/\/vosgesinfo.fr\/laplainedesvosgesinfo\/wp-json\/wp\/v2\/tags?post=7101"}],"curies":[{"name":"wp","href":"https:\/\/api.w.org\/{rel}","templated":true}]}}