{"id":7283,"date":"2016-10-10T06:00:19","date_gmt":"2016-10-10T04:00:19","guid":{"rendered":"https:\/\/vosgesinfo.fr\/laplainedesvosgesinfo\/2016\/10\/mirecourt-octobre-rose-forum-sante-a-la-maison-des-pampres\/"},"modified":"2016-10-10T06:00:19","modified_gmt":"2016-10-10T04:00:19","slug":"mirecourt-octobre-rose-forum-sante-a-la-maison-des-pampres","status":"publish","type":"post","link":"https:\/\/vosgesinfo.fr\/laplainedesvosgesinfo\/2016\/10\/mirecourt-octobre-rose-forum-sante-a-la-maison-des-pampres\/","title":{"rendered":"Mirecourt &#8211; Octobre rose : forum sant\u00e9 \u00e0 la Maison des Pampres"},"content":{"rendered":"<p style=\"text-align: justify;\"><a href=\"\/2016\/10\/otobre-rose-ARS.jpg\"><img decoding=\"async\" class=\"aligncenter size-full wp-image-81128\" src=\"\/2016\/10\/otobre-rose-ARS.jpg\" alt=\"otobre-rose-ARS\" width=\"427\" height=\"299\" \/><\/a><\/p>\n<p style=\"text-align: justify;\">Avec 49 000 nouveaux cas par an en France, le cancer du sein se situe au premier rang des cancers de la femme. On estime qu\u2019il est responsable de pr\u00e8s de 12 000 d\u00e9c\u00e8s par an. Pourtant, s\u2019il est d\u00e9tect\u00e9 suffisamment t\u00f4t, la gu\u00e9rison peut \u00eatre obtenue dans plus de 9 cas sur 10.<\/p>\n<p style=\"text-align: justify;\">Parall\u00e8lement au dispositif d\u2019information national (campagne grand public et \u00e0 destination des professionnels de sant\u00e9), des actions d\u2019information et de communication sont mises en place dans le d\u00e9partement des Vosges, notamment par les r\u00e9gimes d\u2019Assurance Maladie, les mutuelles, les ligues contre le cancer, les structures de gestion\u2026<\/p>\n<p style=\"text-align: justify;\">A Mirecourt, apr\u00e8s la Marche Rose organis\u00e9e dimanche 2 octobre dernier, un forum sant\u00e9 est organis\u00e9 mardi 11 octobre, \u00e0 la Maison des Prampres. Venez vous informez sur cette maladie, de 14h \u00e0 17h.<\/p>\n","protected":false},"excerpt":{"rendered":"<p>Avec 49 000 nouveaux cas par an en France, le cancer du sein se situe au premier rang des cancers [&hellip;]<\/p>\n","protected":false},"author":1,"featured_media":7284,"comment_status":"open","ping_status":"open","sticky":false,"template":"","format":"standard","meta":{"footnotes":""},"categories":[37,195],"tags":[2446,220,210],"class_list":["post-7283","post","type-post","status-publish","format-standard","has-post-thumbnail","hentry","category-la-plaine","category-mirecourt-la-plaine","tag-forum-sante","tag-mirecourt","tag-octobre-rose"],"acf":[],"yoast_head":"<!-- This site is optimized with the Yoast SEO plugin v22.5 - https:\/\/yoast.com\/wordpress\/plugins\/seo\/ -->\n<title>Mirecourt - Octobre rose : forum sant\u00e9 \u00e0 la Maison des Pampres - La Plaine des Vosges<\/title>\n<meta name=\"robots\" content=\"index, follow, max-snippet:-1, max-image-preview:large, max-video-preview:-1\" \/>\n<link rel=\"canonical\" href=\"https:\/\/vosgesinfo.fr\/laplainedesvosgesinfo\/2016\/10\/mirecourt-octobre-rose-forum-sante-a-la-maison-des-pampres\/\" \/>\n<meta name=\"twitter:card\" content=\"summary_large_image\" \/>\n<meta name=\"twitter:title\" content=\"Mirecourt - Octobre rose : forum sant\u00e9 \u00e0 la Maison des Pampres - La Plaine des Vosges\" \/>\n<meta name=\"twitter:description\" content=\"Avec 49 000 nouveaux cas par an en France, le cancer du sein se situe au premier rang des cancers [&hellip;]\" \/>\n<meta name=\"twitter:image\" content=\"https:\/\/vosgesinfo.fr\/app\/uploads\/sites\/2\/2024\/06\/201610otobre-rose-ars.jpg\" \/>\n<meta name=\"twitter:creator\" content=\"@VosgesInfo88\" \/>\n<meta name=\"twitter:site\" content=\"@VosgesInfo88\" \/>\n<meta name=\"twitter:label1\" content=\"\u00c9crit par\" \/>\n\t<meta name=\"twitter:data1\" content=\"qs_admin\" \/>\n\t<meta name=\"twitter:label2\" content=\"Dur\u00e9e de lecture estim\u00e9e\" \/>\n\t<meta name=\"twitter:data2\" content=\"1 minute\" \/>\n<script type=\"application\/ld+json\" class=\"yoast-schema-graph\">{\"@context\":\"https:\/\/schema.org\",\"@graph\":[{\"@type\":\"Article\",\"@id\":\"https:\/\/vosgesinfo.fr\/laplainedesvosgesinfo\/2016\/10\/mirecourt-octobre-rose-forum-sante-a-la-maison-des-pampres\/#article\",\"isPartOf\":{\"@id\":\"https:\/\/vosgesinfo.fr\/laplainedesvosgesinfo\/2016\/10\/mirecourt-octobre-rose-forum-sante-a-la-maison-des-pampres\/\"},\"author\":{\"name\":\"qs_admin\",\"@id\":\"https:\/\/vosgesinfo.fr\/laplainedesvosgesinfo\/#\/schema\/person\/bc5d02d71e6932e81b6dadb7386667b1\"},\"headline\":\"Mirecourt &#8211; Octobre rose : forum sant\u00e9 \u00e0 la Maison des Pampres\",\"datePublished\":\"2016-10-10T04:00:19+00:00\",\"dateModified\":\"2016-10-10T04:00:19+00:00\",\"mainEntityOfPage\":{\"@id\":\"https:\/\/vosgesinfo.fr\/laplainedesvosgesinfo\/2016\/10\/mirecourt-octobre-rose-forum-sante-a-la-maison-des-pampres\/\"},\"wordCount\":150,\"commentCount\":0,\"publisher\":{\"@id\":\"https:\/\/vosgesinfo.fr\/laplainedesvosgesinfo\/#organization\"},\"image\":{\"@id\":\"https:\/\/vosgesinfo.fr\/laplainedesvosgesinfo\/2016\/10\/mirecourt-octobre-rose-forum-sante-a-la-maison-des-pampres\/#primaryimage\"},\"thumbnailUrl\":\"https:\/\/vosgesinfo.fr\/app\/uploads\/sites\/2\/2024\/06\/201610otobre-rose-ars.jpg\",\"keywords\":[\"forum sant\u00e9\",\"Mirecourt\",\"Octobre Rose\"],\"articleSection\":[\"La Plaine\",\"Mirecourt\"],\"inLanguage\":\"fr-FR\",\"potentialAction\":[{\"@type\":\"CommentAction\",\"name\":\"Comment\",\"target\":[\"https:\/\/vosgesinfo.fr\/laplainedesvosgesinfo\/2016\/10\/mirecourt-octobre-rose-forum-sante-a-la-maison-des-pampres\/#respond\"]}]},{\"@type\":\"WebPage\",\"@id\":\"https:\/\/vosgesinfo.fr\/laplainedesvosgesinfo\/2016\/10\/mirecourt-octobre-rose-forum-sante-a-la-maison-des-pampres\/\",\"url\":\"https:\/\/vosgesinfo.fr\/laplainedesvosgesinfo\/2016\/10\/mirecourt-octobre-rose-forum-sante-a-la-maison-des-pampres\/\",\"name\":\"Mirecourt - Octobre rose : forum sant\u00e9 \u00e0 la Maison des Pampres - La Plaine des Vosges\",\"isPartOf\":{\"@id\":\"https:\/\/vosgesinfo.fr\/laplainedesvosgesinfo\/#website\"},\"primaryImageOfPage\":{\"@id\":\"https:\/\/vosgesinfo.fr\/laplainedesvosgesinfo\/2016\/10\/mirecourt-octobre-rose-forum-sante-a-la-maison-des-pampres\/#primaryimage\"},\"image\":{\"@id\":\"https:\/\/vosgesinfo.fr\/laplainedesvosgesinfo\/2016\/10\/mirecourt-octobre-rose-forum-sante-a-la-maison-des-pampres\/#primaryimage\"},\"thumbnailUrl\":\"https:\/\/vosgesinfo.fr\/app\/uploads\/sites\/2\/2024\/06\/201610otobre-rose-ars.jpg\",\"datePublished\":\"2016-10-10T04:00:19+00:00\",\"dateModified\":\"2016-10-10T04:00:19+00:00\",\"breadcrumb\":{\"@id\":\"https:\/\/vosgesinfo.fr\/laplainedesvosgesinfo\/2016\/10\/mirecourt-octobre-rose-forum-sante-a-la-maison-des-pampres\/#breadcrumb\"},\"inLanguage\":\"fr-FR\",\"potentialAction\":[{\"@type\":\"ReadAction\",\"target\":[\"https:\/\/vosgesinfo.fr\/laplainedesvosgesinfo\/2016\/10\/mirecourt-octobre-rose-forum-sante-a-la-maison-des-pampres\/\"]}]},{\"@type\":\"ImageObject\",\"inLanguage\":\"fr-FR\",\"@id\":\"https:\/\/vosgesinfo.fr\/laplainedesvosgesinfo\/2016\/10\/mirecourt-octobre-rose-forum-sante-a-la-maison-des-pampres\/#primaryimage\",\"url\":\"https:\/\/vosgesinfo.fr\/app\/uploads\/sites\/2\/2024\/06\/201610otobre-rose-ars.jpg\",\"contentUrl\":\"https:\/\/vosgesinfo.fr\/app\/uploads\/sites\/2\/2024\/06\/201610otobre-rose-ars.jpg\",\"width\":427,\"height\":299},{\"@type\":\"BreadcrumbList\",\"@id\":\"https:\/\/vosgesinfo.fr\/laplainedesvosgesinfo\/2016\/10\/mirecourt-octobre-rose-forum-sante-a-la-maison-des-pampres\/#breadcrumb\",\"itemListElement\":[{\"@type\":\"ListItem\",\"position\":1,\"name\":\"Home\",\"item\":\"https:\/\/vosgesinfo.fr\/laplainedesvosgesinfo\/\"},{\"@type\":\"ListItem\",\"position\":2,\"name\":\"Mirecourt &#8211; Octobre rose : forum sant\u00e9 \u00e0 la Maison des Pampres\"}]},{\"@type\":\"WebSite\",\"@id\":\"https:\/\/vosgesinfo.fr\/laplainedesvosgesinfo\/#website\",\"url\":\"https:\/\/vosgesinfo.fr\/laplainedesvosgesinfo\/\",\"name\":\"La Plaine des Vosges\",\"description\":\"Toute l&#039;actualit\u00e9 de la plaine de Vosges\",\"publisher\":{\"@id\":\"https:\/\/vosgesinfo.fr\/laplainedesvosgesinfo\/#organization\"},\"alternateName\":\"Toute l'actualit\u00e9 de la plaine des Vosges\",\"potentialAction\":[{\"@type\":\"SearchAction\",\"target\":{\"@type\":\"EntryPoint\",\"urlTemplate\":\"https:\/\/vosgesinfo.fr\/laplainedesvosgesinfo\/?s={search_term_string}\"},\"query-input\":\"required name=search_term_string\"}],\"inLanguage\":\"fr-FR\"},{\"@type\":\"Organization\",\"@id\":\"https:\/\/vosgesinfo.fr\/laplainedesvosgesinfo\/#organization\",\"name\":\"La Plaine des Vosges\",\"url\":\"https:\/\/vosgesinfo.fr\/laplainedesvosgesinfo\/\",\"logo\":{\"@type\":\"ImageObject\",\"inLanguage\":\"fr-FR\",\"@id\":\"https:\/\/vosgesinfo.fr\/laplainedesvosgesinfo\/#\/schema\/logo\/image\/\",\"url\":\"https:\/\/vosgesinfo.fr\/app\/uploads\/sites\/2\/2023\/08\/logo-laplaineinfo.svg\",\"contentUrl\":\"https:\/\/vosgesinfo.fr\/app\/uploads\/sites\/2\/2023\/08\/logo-laplaineinfo.svg\",\"width\":1,\"height\":1,\"caption\":\"La Plaine des Vosges\"},\"image\":{\"@id\":\"https:\/\/vosgesinfo.fr\/laplainedesvosgesinfo\/#\/schema\/logo\/image\/\"},\"sameAs\":[\"https:\/\/www.facebook.com\/laplainedesvosges\",\"https:\/\/x.com\/VosgesInfo88\",\"https:\/\/www.youtube.com\/@vosgesinfo\"]},{\"@type\":\"Person\",\"@id\":\"https:\/\/vosgesinfo.fr\/laplainedesvosgesinfo\/#\/schema\/person\/bc5d02d71e6932e81b6dadb7386667b1\",\"name\":\"qs_admin\",\"image\":{\"@type\":\"ImageObject\",\"inLanguage\":\"fr-FR\",\"@id\":\"https:\/\/vosgesinfo.fr\/laplainedesvosgesinfo\/#\/schema\/person\/image\/\",\"url\":\"https:\/\/secure.gravatar.com\/avatar\/94b18ee0ed79e4a42ea2f2931277b6841a8999fc6fde214600c78057cf1fe1de?s=96&d=mm&r=g\",\"contentUrl\":\"https:\/\/secure.gravatar.com\/avatar\/94b18ee0ed79e4a42ea2f2931277b6841a8999fc6fde214600c78057cf1fe1de?s=96&d=mm&r=g\",\"caption\":\"qs_admin\"},\"sameAs\":[\"https:\/\/vosgesinfo.fr\/wp\"],\"url\":\"https:\/\/vosgesinfo.fr\/laplainedesvosgesinfo\/author\/qs_admin\/\"}]}<\/script>\n<!-- \/ Yoast SEO plugin. -->","yoast_head_json":{"title":"Mirecourt - Octobre rose : forum sant\u00e9 \u00e0 la Maison des Pampres - La Plaine des Vosges","robots":{"index":"index","follow":"follow","max-snippet":"max-snippet:-1","max-image-preview":"max-image-preview:large","max-video-preview":"max-video-preview:-1"},"canonical":"https:\/\/vosgesinfo.fr\/laplainedesvosgesinfo\/2016\/10\/mirecourt-octobre-rose-forum-sante-a-la-maison-des-pampres\/","twitter_card":"summary_large_image","twitter_title":"Mirecourt - Octobre rose : forum sant\u00e9 \u00e0 la Maison des Pampres - La Plaine des Vosges","twitter_description":"Avec 49 000 nouveaux cas par an en France, le cancer du sein se situe au premier rang des cancers [&hellip;]","twitter_image":"https:\/\/vosgesinfo.fr\/app\/uploads\/sites\/2\/2024\/06\/201610otobre-rose-ars.jpg","twitter_creator":"@VosgesInfo88","twitter_site":"@VosgesInfo88","twitter_misc":{"\u00c9crit par":"qs_admin","Dur\u00e9e de lecture estim\u00e9e":"1 minute"},"schema":{"@context":"https:\/\/schema.org","@graph":[{"@type":"Article","@id":"https:\/\/vosgesinfo.fr\/laplainedesvosgesinfo\/2016\/10\/mirecourt-octobre-rose-forum-sante-a-la-maison-des-pampres\/#article","isPartOf":{"@id":"https:\/\/vosgesinfo.fr\/laplainedesvosgesinfo\/2016\/10\/mirecourt-octobre-rose-forum-sante-a-la-maison-des-pampres\/"},"author":{"name":"qs_admin","@id":"https:\/\/vosgesinfo.fr\/laplainedesvosgesinfo\/#\/schema\/person\/bc5d02d71e6932e81b6dadb7386667b1"},"headline":"Mirecourt &#8211; Octobre rose : forum sant\u00e9 \u00e0 la Maison des Pampres","datePublished":"2016-10-10T04:00:19+00:00","dateModified":"2016-10-10T04:00:19+00:00","mainEntityOfPage":{"@id":"https:\/\/vosgesinfo.fr\/laplainedesvosgesinfo\/2016\/10\/mirecourt-octobre-rose-forum-sante-a-la-maison-des-pampres\/"},"wordCount":150,"commentCount":0,"publisher":{"@id":"https:\/\/vosgesinfo.fr\/laplainedesvosgesinfo\/#organization"},"image":{"@id":"https:\/\/vosgesinfo.fr\/laplainedesvosgesinfo\/2016\/10\/mirecourt-octobre-rose-forum-sante-a-la-maison-des-pampres\/#primaryimage"},"thumbnailUrl":"https:\/\/vosgesinfo.fr\/app\/uploads\/sites\/2\/2024\/06\/201610otobre-rose-ars.jpg","keywords":["forum sant\u00e9","Mirecourt","Octobre Rose"],"articleSection":["La Plaine","Mirecourt"],"inLanguage":"fr-FR","potentialAction":[{"@type":"CommentAction","name":"Comment","target":["https:\/\/vosgesinfo.fr\/laplainedesvosgesinfo\/2016\/10\/mirecourt-octobre-rose-forum-sante-a-la-maison-des-pampres\/#respond"]}]},{"@type":"WebPage","@id":"https:\/\/vosgesinfo.fr\/laplainedesvosgesinfo\/2016\/10\/mirecourt-octobre-rose-forum-sante-a-la-maison-des-pampres\/","url":"https:\/\/vosgesinfo.fr\/laplainedesvosgesinfo\/2016\/10\/mirecourt-octobre-rose-forum-sante-a-la-maison-des-pampres\/","name":"Mirecourt - Octobre rose : forum sant\u00e9 \u00e0 la Maison des Pampres - La Plaine des Vosges","isPartOf":{"@id":"https:\/\/vosgesinfo.fr\/laplainedesvosgesinfo\/#website"},"primaryImageOfPage":{"@id":"https:\/\/vosgesinfo.fr\/laplainedesvosgesinfo\/2016\/10\/mirecourt-octobre-rose-forum-sante-a-la-maison-des-pampres\/#primaryimage"},"image":{"@id":"https:\/\/vosgesinfo.fr\/laplainedesvosgesinfo\/2016\/10\/mirecourt-octobre-rose-forum-sante-a-la-maison-des-pampres\/#primaryimage"},"thumbnailUrl":"https:\/\/vosgesinfo.fr\/app\/uploads\/sites\/2\/2024\/06\/201610otobre-rose-ars.jpg","datePublished":"2016-10-10T04:00:19+00:00","dateModified":"2016-10-10T04:00:19+00:00","breadcrumb":{"@id":"https:\/\/vosgesinfo.fr\/laplainedesvosgesinfo\/2016\/10\/mirecourt-octobre-rose-forum-sante-a-la-maison-des-pampres\/#breadcrumb"},"inLanguage":"fr-FR","potentialAction":[{"@type":"ReadAction","target":["https:\/\/vosgesinfo.fr\/laplainedesvosgesinfo\/2016\/10\/mirecourt-octobre-rose-forum-sante-a-la-maison-des-pampres\/"]}]},{"@type":"ImageObject","inLanguage":"fr-FR","@id":"https:\/\/vosgesinfo.fr\/laplainedesvosgesinfo\/2016\/10\/mirecourt-octobre-rose-forum-sante-a-la-maison-des-pampres\/#primaryimage","url":"https:\/\/vosgesinfo.fr\/app\/uploads\/sites\/2\/2024\/06\/201610otobre-rose-ars.jpg","contentUrl":"https:\/\/vosgesinfo.fr\/app\/uploads\/sites\/2\/2024\/06\/201610otobre-rose-ars.jpg","width":427,"height":299},{"@type":"BreadcrumbList","@id":"https:\/\/vosgesinfo.fr\/laplainedesvosgesinfo\/2016\/10\/mirecourt-octobre-rose-forum-sante-a-la-maison-des-pampres\/#breadcrumb","itemListElement":[{"@type":"ListItem","position":1,"name":"Home","item":"https:\/\/vosgesinfo.fr\/laplainedesvosgesinfo\/"},{"@type":"ListItem","position":2,"name":"Mirecourt &#8211; Octobre rose : forum sant\u00e9 \u00e0 la Maison des Pampres"}]},{"@type":"WebSite","@id":"https:\/\/vosgesinfo.fr\/laplainedesvosgesinfo\/#website","url":"https:\/\/vosgesinfo.fr\/laplainedesvosgesinfo\/","name":"La Plaine des Vosges","description":"Toute l&#039;actualit\u00e9 de la plaine de Vosges","publisher":{"@id":"https:\/\/vosgesinfo.fr\/laplainedesvosgesinfo\/#organization"},"alternateName":"Toute l'actualit\u00e9 de la plaine des Vosges","potentialAction":[{"@type":"SearchAction","target":{"@type":"EntryPoint","urlTemplate":"https:\/\/vosgesinfo.fr\/laplainedesvosgesinfo\/?s={search_term_string}"},"query-input":"required name=search_term_string"}],"inLanguage":"fr-FR"},{"@type":"Organization","@id":"https:\/\/vosgesinfo.fr\/laplainedesvosgesinfo\/#organization","name":"La Plaine des Vosges","url":"https:\/\/vosgesinfo.fr\/laplainedesvosgesinfo\/","logo":{"@type":"ImageObject","inLanguage":"fr-FR","@id":"https:\/\/vosgesinfo.fr\/laplainedesvosgesinfo\/#\/schema\/logo\/image\/","url":"https:\/\/vosgesinfo.fr\/app\/uploads\/sites\/2\/2023\/08\/logo-laplaineinfo.svg","contentUrl":"https:\/\/vosgesinfo.fr\/app\/uploads\/sites\/2\/2023\/08\/logo-laplaineinfo.svg","width":1,"height":1,"caption":"La Plaine des Vosges"},"image":{"@id":"https:\/\/vosgesinfo.fr\/laplainedesvosgesinfo\/#\/schema\/logo\/image\/"},"sameAs":["https:\/\/www.facebook.com\/laplainedesvosges","https:\/\/x.com\/VosgesInfo88","https:\/\/www.youtube.com\/@vosgesinfo"]},{"@type":"Person","@id":"https:\/\/vosgesinfo.fr\/laplainedesvosgesinfo\/#\/schema\/person\/bc5d02d71e6932e81b6dadb7386667b1","name":"qs_admin","image":{"@type":"ImageObject","inLanguage":"fr-FR","@id":"https:\/\/vosgesinfo.fr\/laplainedesvosgesinfo\/#\/schema\/person\/image\/","url":"https:\/\/secure.gravatar.com\/avatar\/94b18ee0ed79e4a42ea2f2931277b6841a8999fc6fde214600c78057cf1fe1de?s=96&d=mm&r=g","contentUrl":"https:\/\/secure.gravatar.com\/avatar\/94b18ee0ed79e4a42ea2f2931277b6841a8999fc6fde214600c78057cf1fe1de?s=96&d=mm&r=g","caption":"qs_admin"},"sameAs":["https:\/\/vosgesinfo.fr\/wp"],"url":"https:\/\/vosgesinfo.fr\/laplainedesvosgesinfo\/author\/qs_admin\/"}]}},"_links":{"self":[{"href":"https:\/\/vosgesinfo.fr\/laplainedesvosgesinfo\/wp-json\/wp\/v2\/posts\/7283","targetHints":{"allow":["GET"]}}],"collection":[{"href":"https:\/\/vosgesinfo.fr\/laplainedesvosgesinfo\/wp-json\/wp\/v2\/posts"}],"about":[{"href":"https:\/\/vosgesinfo.fr\/laplainedesvosgesinfo\/wp-json\/wp\/v2\/types\/post"}],"author":[{"embeddable":true,"href":"https:\/\/vosgesinfo.fr\/laplainedesvosgesinfo\/wp-json\/wp\/v2\/users\/1"}],"replies":[{"embeddable":true,"href":"https:\/\/vosgesinfo.fr\/laplainedesvosgesinfo\/wp-json\/wp\/v2\/comments?post=7283"}],"version-history":[{"count":0,"href":"https:\/\/vosgesinfo.fr\/laplainedesvosgesinfo\/wp-json\/wp\/v2\/posts\/7283\/revisions"}],"wp:featuredmedia":[{"embeddable":true,"href":"https:\/\/vosgesinfo.fr\/laplainedesvosgesinfo\/wp-json\/wp\/v2\/media\/7284"}],"wp:attachment":[{"href":"https:\/\/vosgesinfo.fr\/laplainedesvosgesinfo\/wp-json\/wp\/v2\/media?parent=7283"}],"wp:term":[{"taxonomy":"category","embeddable":true,"href":"https:\/\/vosgesinfo.fr\/laplainedesvosgesinfo\/wp-json\/wp\/v2\/categories?post=7283"},{"taxonomy":"post_tag","embeddable":true,"href":"https:\/\/vosgesinfo.fr\/laplainedesvosgesinfo\/wp-json\/wp\/v2\/tags?post=7283"}],"curies":[{"name":"wp","href":"https:\/\/api.w.org\/{rel}","templated":true}]}}