{"id":7287,"date":"2016-10-10T05:45:38","date_gmt":"2016-10-10T03:45:38","guid":{"rendered":"https:\/\/vosgesinfo.fr\/laplainedesvosgesinfo\/2016\/10\/les-rencontres-de-la-securite-2016-cest-du-10-au-15-octobre\/"},"modified":"2016-10-10T05:45:38","modified_gmt":"2016-10-10T03:45:38","slug":"les-rencontres-de-la-securite-2016-cest-du-10-au-15-octobre","status":"publish","type":"post","link":"https:\/\/vosgesinfo.fr\/laplainedesvosgesinfo\/2016\/10\/les-rencontres-de-la-securite-2016-cest-du-10-au-15-octobre\/","title":{"rendered":"Les Rencontres de la S\u00e9curit\u00e9 2016, c\u2019est du 10 au 15 octobre !"},"content":{"rendered":"<p style=\"text-align: justify;\"><a href=\"\/2016\/10\/Rencontres_S\u00e9curit\u00e9_01.jpg\"><img decoding=\"async\" class=\"wp-image-81133 alignright\" src=\"\/2016\/10\/Rencontres_S\u00e9curit\u00e9_01.jpg\" alt=\"Rencontres_S\u00e9curit\u00e9_01\" width=\"205\" height=\"290\" \/><\/a><\/p>\n<p style=\"text-align: justify;\"><strong>A l&rsquo;occasion des Rencontres de la S\u00e9curit\u00e9, b\u00e9n\u00e9ficiez gratuitement d&rsquo;initiation aux \u00ab\u00a0gestes qui sauvent\u00a0\u00bb en vous inscrivant directement aupr\u00e8s des associations participantes.<\/strong><\/p>\n<p style=\"text-align: justify;\">Les Rencontres de la s\u00e9curit\u00e9 sont une d\u00e9marche de dialogue entre les acteurs de la s\u00e9curit\u00e9 et la population. La relation entre les concitoyens et les services qui concourent \u00e0 leur s\u00e9curit\u00e9 constitue un enjeu important.<\/p>\n<p style=\"text-align: justify;\">L\u2019objectif est d\u2019aider chacun \u00e0 se pr\u00e9munir des dangers de la vie quotidienne (d\u00e9linquance, accidents de la route ou domestiques\u2026) et \u00e0 pouvoir bien r\u00e9agir lors des situations exceptionnelles (attentats, inondations, incendies\u2026) en adoptant les bons r\u00e9flexes et les gestes qui sauvent.<\/p>\n<p style=\"text-align: justify;\">En plaine, plusieurs rendez-vous sont propos\u00e9s :<\/p>\n<ul>\n<li style=\"text-align: justify;\"><strong>Mercredi 12 octobre 2016 :<\/strong><\/li>\n<\/ul>\n<p>Croix Rouge Fran\u00e7aise &#8211; 14h \u00e0 16 &#8211; Local de la Croix Rouge de NEUFCH\u00c2TEAU &#8211; Salle Solf\u00e9rino \u2013 Quartier Rebeval 88300 NEUFCH\u00c2TEAU<\/p>\n<div data-canvas-width=\"102.04198445123188\">10 \u00e0 12 personnes. S&rsquo;inscrire aupr\u00e8s de DAOULAS Jean-Louis au 06.77.55.39.44.<\/div>\n<div data-canvas-width=\"102.04198445123188\"><\/div>\n<ul>\n<li data-canvas-width=\"102.04198445123188\"><strong>Vendredi 14 octobre 2016 :<\/strong><\/li>\n<\/ul>\n<div data-canvas-width=\"102.04198445123188\">\n<div data-canvas-width=\"102.04198322094541\">Croix Rouge Fran\u00e7aise &#8211; 19h30 \u00e0 21h30 &#8211; Local de la Croix Rouge de VITTEL &#8211; 10, Rue Mar\u00e9chal Foch 88800 VITTEL<\/div>\n<div data-canvas-width=\"102.04198322094541\">10 personnes. Inscriptions aupr\u00e8s de VILLEMINOT Daniel au 06.86.04.71.93.<\/div>\n<\/div>\n<div data-canvas-width=\"102.04198322094541\"><\/div>\n<ul>\n<li data-canvas-width=\"102.04198322094541\"><strong>Samedi 15 octobre 2016 :<\/strong><\/li>\n<\/ul>\n<div data-canvas-width=\"102.04198322094541\">\n<div data-canvas-width=\"202.7992387861512\">Croix Rouge Fran\u00e7aise &#8211; 14h \u00e0 16h &#8211; Local de la Croix Rouge de VITTEL &#8211; 10, Rue Mar\u00e9chal Foch 88800 VITTEL<\/div>\n<div data-canvas-width=\"102.04198445123188\">10 personnes. Inscriptions aupr\u00e8s de VILLEMINOT Daniel au 06.86.04.71.93.<\/div>\n<div data-canvas-width=\"102.04198445123188\"><\/div>\n<\/div>\n<div data-canvas-width=\"102.04198445123188\"><\/div>\n<div data-canvas-width=\"102.04198445123188\"><\/div>\n","protected":false},"excerpt":{"rendered":"<p>A l&rsquo;occasion des Rencontres de la S\u00e9curit\u00e9, b\u00e9n\u00e9ficiez gratuitement d&rsquo;initiation aux \u00ab\u00a0gestes qui sauvent\u00a0\u00bb en vous inscrivant directement aupr\u00e8s des [&hellip;]<\/p>\n","protected":false},"author":1,"featured_media":7288,"comment_status":"open","ping_status":"open","sticky":false,"template":"","format":"standard","meta":{"footnotes":""},"categories":[37,13],"tags":[2448,1821,455,2413,77],"class_list":["post-7287","post","type-post","status-publish","format-standard","has-post-thumbnail","hentry","category-la-plaine","category-societe","tag-croix-rouge-francaise","tag-la-plaine","tag-neufchateau","tag-rencontres-de-la-securite","tag-vittel"],"acf":[],"yoast_head":"<!-- This site is optimized with the Yoast SEO plugin v22.5 - https:\/\/yoast.com\/wordpress\/plugins\/seo\/ -->\n<title>Les Rencontres de la S\u00e9curit\u00e9 2016, c\u2019est du 10 au 15 octobre ! - La Plaine des Vosges<\/title>\n<meta name=\"robots\" content=\"index, follow, max-snippet:-1, max-image-preview:large, max-video-preview:-1\" \/>\n<link rel=\"canonical\" href=\"https:\/\/vosgesinfo.fr\/laplainedesvosgesinfo\/2016\/10\/les-rencontres-de-la-securite-2016-cest-du-10-au-15-octobre\/\" \/>\n<meta name=\"twitter:card\" content=\"summary_large_image\" \/>\n<meta name=\"twitter:title\" content=\"Les Rencontres de la S\u00e9curit\u00e9 2016, c\u2019est du 10 au 15 octobre ! - La Plaine des Vosges\" \/>\n<meta name=\"twitter:description\" content=\"A l&rsquo;occasion des Rencontres de la S\u00e9curit\u00e9, b\u00e9n\u00e9ficiez gratuitement d&rsquo;initiation aux \u00ab\u00a0gestes qui sauvent\u00a0\u00bb en vous inscrivant directement aupr\u00e8s des [&hellip;]\" \/>\n<meta name=\"twitter:image\" content=\"https:\/\/vosgesinfo.fr\/app\/uploads\/sites\/2\/2024\/06\/201610rencontres-securite-01.jpg\" \/>\n<meta name=\"twitter:creator\" content=\"@VosgesInfo88\" \/>\n<meta name=\"twitter:site\" content=\"@VosgesInfo88\" \/>\n<meta name=\"twitter:label1\" content=\"\u00c9crit par\" \/>\n\t<meta name=\"twitter:data1\" content=\"qs_admin\" \/>\n\t<meta name=\"twitter:label2\" content=\"Dur\u00e9e de lecture estim\u00e9e\" \/>\n\t<meta name=\"twitter:data2\" content=\"1 minute\" \/>\n<script type=\"application\/ld+json\" class=\"yoast-schema-graph\">{\"@context\":\"https:\/\/schema.org\",\"@graph\":[{\"@type\":\"Article\",\"@id\":\"https:\/\/vosgesinfo.fr\/laplainedesvosgesinfo\/2016\/10\/les-rencontres-de-la-securite-2016-cest-du-10-au-15-octobre\/#article\",\"isPartOf\":{\"@id\":\"https:\/\/vosgesinfo.fr\/laplainedesvosgesinfo\/2016\/10\/les-rencontres-de-la-securite-2016-cest-du-10-au-15-octobre\/\"},\"author\":{\"name\":\"qs_admin\",\"@id\":\"https:\/\/vosgesinfo.fr\/laplainedesvosgesinfo\/#\/schema\/person\/bc5d02d71e6932e81b6dadb7386667b1\"},\"headline\":\"Les Rencontres de la S\u00e9curit\u00e9 2016, c\u2019est du 10 au 15 octobre !\",\"datePublished\":\"2016-10-10T03:45:38+00:00\",\"dateModified\":\"2016-10-10T03:45:38+00:00\",\"mainEntityOfPage\":{\"@id\":\"https:\/\/vosgesinfo.fr\/laplainedesvosgesinfo\/2016\/10\/les-rencontres-de-la-securite-2016-cest-du-10-au-15-octobre\/\"},\"wordCount\":227,\"commentCount\":0,\"publisher\":{\"@id\":\"https:\/\/vosgesinfo.fr\/laplainedesvosgesinfo\/#organization\"},\"image\":{\"@id\":\"https:\/\/vosgesinfo.fr\/laplainedesvosgesinfo\/2016\/10\/les-rencontres-de-la-securite-2016-cest-du-10-au-15-octobre\/#primaryimage\"},\"thumbnailUrl\":\"https:\/\/vosgesinfo.fr\/app\/uploads\/sites\/2\/2024\/06\/201610rencontres-securite-01.jpg\",\"keywords\":[\"Croix Rouge fran\u00e7aise\",\"La plaine\",\"neufchateau\",\"rencontres de la s\u00e9curit\u00e9\",\"Vittel\"],\"articleSection\":[\"La Plaine\",\"Soci\u00e9t\u00e9\"],\"inLanguage\":\"fr-FR\",\"potentialAction\":[{\"@type\":\"CommentAction\",\"name\":\"Comment\",\"target\":[\"https:\/\/vosgesinfo.fr\/laplainedesvosgesinfo\/2016\/10\/les-rencontres-de-la-securite-2016-cest-du-10-au-15-octobre\/#respond\"]}]},{\"@type\":\"WebPage\",\"@id\":\"https:\/\/vosgesinfo.fr\/laplainedesvosgesinfo\/2016\/10\/les-rencontres-de-la-securite-2016-cest-du-10-au-15-octobre\/\",\"url\":\"https:\/\/vosgesinfo.fr\/laplainedesvosgesinfo\/2016\/10\/les-rencontres-de-la-securite-2016-cest-du-10-au-15-octobre\/\",\"name\":\"Les Rencontres de la S\u00e9curit\u00e9 2016, c\u2019est du 10 au 15 octobre ! - La Plaine des Vosges\",\"isPartOf\":{\"@id\":\"https:\/\/vosgesinfo.fr\/laplainedesvosgesinfo\/#website\"},\"primaryImageOfPage\":{\"@id\":\"https:\/\/vosgesinfo.fr\/laplainedesvosgesinfo\/2016\/10\/les-rencontres-de-la-securite-2016-cest-du-10-au-15-octobre\/#primaryimage\"},\"image\":{\"@id\":\"https:\/\/vosgesinfo.fr\/laplainedesvosgesinfo\/2016\/10\/les-rencontres-de-la-securite-2016-cest-du-10-au-15-octobre\/#primaryimage\"},\"thumbnailUrl\":\"https:\/\/vosgesinfo.fr\/app\/uploads\/sites\/2\/2024\/06\/201610rencontres-securite-01.jpg\",\"datePublished\":\"2016-10-10T03:45:38+00:00\",\"dateModified\":\"2016-10-10T03:45:38+00:00\",\"breadcrumb\":{\"@id\":\"https:\/\/vosgesinfo.fr\/laplainedesvosgesinfo\/2016\/10\/les-rencontres-de-la-securite-2016-cest-du-10-au-15-octobre\/#breadcrumb\"},\"inLanguage\":\"fr-FR\",\"potentialAction\":[{\"@type\":\"ReadAction\",\"target\":[\"https:\/\/vosgesinfo.fr\/laplainedesvosgesinfo\/2016\/10\/les-rencontres-de-la-securite-2016-cest-du-10-au-15-octobre\/\"]}]},{\"@type\":\"ImageObject\",\"inLanguage\":\"fr-FR\",\"@id\":\"https:\/\/vosgesinfo.fr\/laplainedesvosgesinfo\/2016\/10\/les-rencontres-de-la-securite-2016-cest-du-10-au-15-octobre\/#primaryimage\",\"url\":\"https:\/\/vosgesinfo.fr\/app\/uploads\/sites\/2\/2024\/06\/201610rencontres-securite-01.jpg\",\"contentUrl\":\"https:\/\/vosgesinfo.fr\/app\/uploads\/sites\/2\/2024\/06\/201610rencontres-securite-01.jpg\",\"width\":565,\"height\":800},{\"@type\":\"BreadcrumbList\",\"@id\":\"https:\/\/vosgesinfo.fr\/laplainedesvosgesinfo\/2016\/10\/les-rencontres-de-la-securite-2016-cest-du-10-au-15-octobre\/#breadcrumb\",\"itemListElement\":[{\"@type\":\"ListItem\",\"position\":1,\"name\":\"Home\",\"item\":\"https:\/\/vosgesinfo.fr\/laplainedesvosgesinfo\/\"},{\"@type\":\"ListItem\",\"position\":2,\"name\":\"Les Rencontres de la S\u00e9curit\u00e9 2016, c\u2019est du 10 au 15 octobre !\"}]},{\"@type\":\"WebSite\",\"@id\":\"https:\/\/vosgesinfo.fr\/laplainedesvosgesinfo\/#website\",\"url\":\"https:\/\/vosgesinfo.fr\/laplainedesvosgesinfo\/\",\"name\":\"La Plaine des Vosges\",\"description\":\"Toute l&#039;actualit\u00e9 de la plaine de Vosges\",\"publisher\":{\"@id\":\"https:\/\/vosgesinfo.fr\/laplainedesvosgesinfo\/#organization\"},\"alternateName\":\"Toute l'actualit\u00e9 de la plaine des Vosges\",\"potentialAction\":[{\"@type\":\"SearchAction\",\"target\":{\"@type\":\"EntryPoint\",\"urlTemplate\":\"https:\/\/vosgesinfo.fr\/laplainedesvosgesinfo\/?s={search_term_string}\"},\"query-input\":\"required name=search_term_string\"}],\"inLanguage\":\"fr-FR\"},{\"@type\":\"Organization\",\"@id\":\"https:\/\/vosgesinfo.fr\/laplainedesvosgesinfo\/#organization\",\"name\":\"La Plaine des Vosges\",\"url\":\"https:\/\/vosgesinfo.fr\/laplainedesvosgesinfo\/\",\"logo\":{\"@type\":\"ImageObject\",\"inLanguage\":\"fr-FR\",\"@id\":\"https:\/\/vosgesinfo.fr\/laplainedesvosgesinfo\/#\/schema\/logo\/image\/\",\"url\":\"https:\/\/vosgesinfo.fr\/app\/uploads\/sites\/2\/2023\/08\/logo-laplaineinfo.svg\",\"contentUrl\":\"https:\/\/vosgesinfo.fr\/app\/uploads\/sites\/2\/2023\/08\/logo-laplaineinfo.svg\",\"width\":1,\"height\":1,\"caption\":\"La Plaine des Vosges\"},\"image\":{\"@id\":\"https:\/\/vosgesinfo.fr\/laplainedesvosgesinfo\/#\/schema\/logo\/image\/\"},\"sameAs\":[\"https:\/\/www.facebook.com\/laplainedesvosges\",\"https:\/\/x.com\/VosgesInfo88\",\"https:\/\/www.youtube.com\/@vosgesinfo\"]},{\"@type\":\"Person\",\"@id\":\"https:\/\/vosgesinfo.fr\/laplainedesvosgesinfo\/#\/schema\/person\/bc5d02d71e6932e81b6dadb7386667b1\",\"name\":\"qs_admin\",\"image\":{\"@type\":\"ImageObject\",\"inLanguage\":\"fr-FR\",\"@id\":\"https:\/\/vosgesinfo.fr\/laplainedesvosgesinfo\/#\/schema\/person\/image\/\",\"url\":\"https:\/\/secure.gravatar.com\/avatar\/94b18ee0ed79e4a42ea2f2931277b6841a8999fc6fde214600c78057cf1fe1de?s=96&d=mm&r=g\",\"contentUrl\":\"https:\/\/secure.gravatar.com\/avatar\/94b18ee0ed79e4a42ea2f2931277b6841a8999fc6fde214600c78057cf1fe1de?s=96&d=mm&r=g\",\"caption\":\"qs_admin\"},\"sameAs\":[\"https:\/\/vosgesinfo.fr\/wp\"],\"url\":\"https:\/\/vosgesinfo.fr\/laplainedesvosgesinfo\/author\/qs_admin\/\"}]}<\/script>\n<!-- \/ Yoast SEO plugin. -->","yoast_head_json":{"title":"Les Rencontres de la S\u00e9curit\u00e9 2016, c\u2019est du 10 au 15 octobre ! - La Plaine des Vosges","robots":{"index":"index","follow":"follow","max-snippet":"max-snippet:-1","max-image-preview":"max-image-preview:large","max-video-preview":"max-video-preview:-1"},"canonical":"https:\/\/vosgesinfo.fr\/laplainedesvosgesinfo\/2016\/10\/les-rencontres-de-la-securite-2016-cest-du-10-au-15-octobre\/","twitter_card":"summary_large_image","twitter_title":"Les Rencontres de la S\u00e9curit\u00e9 2016, c\u2019est du 10 au 15 octobre ! - La Plaine des Vosges","twitter_description":"A l&rsquo;occasion des Rencontres de la S\u00e9curit\u00e9, b\u00e9n\u00e9ficiez gratuitement d&rsquo;initiation aux \u00ab\u00a0gestes qui sauvent\u00a0\u00bb en vous inscrivant directement aupr\u00e8s des [&hellip;]","twitter_image":"https:\/\/vosgesinfo.fr\/app\/uploads\/sites\/2\/2024\/06\/201610rencontres-securite-01.jpg","twitter_creator":"@VosgesInfo88","twitter_site":"@VosgesInfo88","twitter_misc":{"\u00c9crit par":"qs_admin","Dur\u00e9e de lecture estim\u00e9e":"1 minute"},"schema":{"@context":"https:\/\/schema.org","@graph":[{"@type":"Article","@id":"https:\/\/vosgesinfo.fr\/laplainedesvosgesinfo\/2016\/10\/les-rencontres-de-la-securite-2016-cest-du-10-au-15-octobre\/#article","isPartOf":{"@id":"https:\/\/vosgesinfo.fr\/laplainedesvosgesinfo\/2016\/10\/les-rencontres-de-la-securite-2016-cest-du-10-au-15-octobre\/"},"author":{"name":"qs_admin","@id":"https:\/\/vosgesinfo.fr\/laplainedesvosgesinfo\/#\/schema\/person\/bc5d02d71e6932e81b6dadb7386667b1"},"headline":"Les Rencontres de la S\u00e9curit\u00e9 2016, c\u2019est du 10 au 15 octobre !","datePublished":"2016-10-10T03:45:38+00:00","dateModified":"2016-10-10T03:45:38+00:00","mainEntityOfPage":{"@id":"https:\/\/vosgesinfo.fr\/laplainedesvosgesinfo\/2016\/10\/les-rencontres-de-la-securite-2016-cest-du-10-au-15-octobre\/"},"wordCount":227,"commentCount":0,"publisher":{"@id":"https:\/\/vosgesinfo.fr\/laplainedesvosgesinfo\/#organization"},"image":{"@id":"https:\/\/vosgesinfo.fr\/laplainedesvosgesinfo\/2016\/10\/les-rencontres-de-la-securite-2016-cest-du-10-au-15-octobre\/#primaryimage"},"thumbnailUrl":"https:\/\/vosgesinfo.fr\/app\/uploads\/sites\/2\/2024\/06\/201610rencontres-securite-01.jpg","keywords":["Croix Rouge fran\u00e7aise","La plaine","neufchateau","rencontres de la s\u00e9curit\u00e9","Vittel"],"articleSection":["La Plaine","Soci\u00e9t\u00e9"],"inLanguage":"fr-FR","potentialAction":[{"@type":"CommentAction","name":"Comment","target":["https:\/\/vosgesinfo.fr\/laplainedesvosgesinfo\/2016\/10\/les-rencontres-de-la-securite-2016-cest-du-10-au-15-octobre\/#respond"]}]},{"@type":"WebPage","@id":"https:\/\/vosgesinfo.fr\/laplainedesvosgesinfo\/2016\/10\/les-rencontres-de-la-securite-2016-cest-du-10-au-15-octobre\/","url":"https:\/\/vosgesinfo.fr\/laplainedesvosgesinfo\/2016\/10\/les-rencontres-de-la-securite-2016-cest-du-10-au-15-octobre\/","name":"Les Rencontres de la S\u00e9curit\u00e9 2016, c\u2019est du 10 au 15 octobre ! - La Plaine des Vosges","isPartOf":{"@id":"https:\/\/vosgesinfo.fr\/laplainedesvosgesinfo\/#website"},"primaryImageOfPage":{"@id":"https:\/\/vosgesinfo.fr\/laplainedesvosgesinfo\/2016\/10\/les-rencontres-de-la-securite-2016-cest-du-10-au-15-octobre\/#primaryimage"},"image":{"@id":"https:\/\/vosgesinfo.fr\/laplainedesvosgesinfo\/2016\/10\/les-rencontres-de-la-securite-2016-cest-du-10-au-15-octobre\/#primaryimage"},"thumbnailUrl":"https:\/\/vosgesinfo.fr\/app\/uploads\/sites\/2\/2024\/06\/201610rencontres-securite-01.jpg","datePublished":"2016-10-10T03:45:38+00:00","dateModified":"2016-10-10T03:45:38+00:00","breadcrumb":{"@id":"https:\/\/vosgesinfo.fr\/laplainedesvosgesinfo\/2016\/10\/les-rencontres-de-la-securite-2016-cest-du-10-au-15-octobre\/#breadcrumb"},"inLanguage":"fr-FR","potentialAction":[{"@type":"ReadAction","target":["https:\/\/vosgesinfo.fr\/laplainedesvosgesinfo\/2016\/10\/les-rencontres-de-la-securite-2016-cest-du-10-au-15-octobre\/"]}]},{"@type":"ImageObject","inLanguage":"fr-FR","@id":"https:\/\/vosgesinfo.fr\/laplainedesvosgesinfo\/2016\/10\/les-rencontres-de-la-securite-2016-cest-du-10-au-15-octobre\/#primaryimage","url":"https:\/\/vosgesinfo.fr\/app\/uploads\/sites\/2\/2024\/06\/201610rencontres-securite-01.jpg","contentUrl":"https:\/\/vosgesinfo.fr\/app\/uploads\/sites\/2\/2024\/06\/201610rencontres-securite-01.jpg","width":565,"height":800},{"@type":"BreadcrumbList","@id":"https:\/\/vosgesinfo.fr\/laplainedesvosgesinfo\/2016\/10\/les-rencontres-de-la-securite-2016-cest-du-10-au-15-octobre\/#breadcrumb","itemListElement":[{"@type":"ListItem","position":1,"name":"Home","item":"https:\/\/vosgesinfo.fr\/laplainedesvosgesinfo\/"},{"@type":"ListItem","position":2,"name":"Les Rencontres de la S\u00e9curit\u00e9 2016, c\u2019est du 10 au 15 octobre !"}]},{"@type":"WebSite","@id":"https:\/\/vosgesinfo.fr\/laplainedesvosgesinfo\/#website","url":"https:\/\/vosgesinfo.fr\/laplainedesvosgesinfo\/","name":"La Plaine des Vosges","description":"Toute l&#039;actualit\u00e9 de la plaine de Vosges","publisher":{"@id":"https:\/\/vosgesinfo.fr\/laplainedesvosgesinfo\/#organization"},"alternateName":"Toute l'actualit\u00e9 de la plaine des Vosges","potentialAction":[{"@type":"SearchAction","target":{"@type":"EntryPoint","urlTemplate":"https:\/\/vosgesinfo.fr\/laplainedesvosgesinfo\/?s={search_term_string}"},"query-input":"required name=search_term_string"}],"inLanguage":"fr-FR"},{"@type":"Organization","@id":"https:\/\/vosgesinfo.fr\/laplainedesvosgesinfo\/#organization","name":"La Plaine des Vosges","url":"https:\/\/vosgesinfo.fr\/laplainedesvosgesinfo\/","logo":{"@type":"ImageObject","inLanguage":"fr-FR","@id":"https:\/\/vosgesinfo.fr\/laplainedesvosgesinfo\/#\/schema\/logo\/image\/","url":"https:\/\/vosgesinfo.fr\/app\/uploads\/sites\/2\/2023\/08\/logo-laplaineinfo.svg","contentUrl":"https:\/\/vosgesinfo.fr\/app\/uploads\/sites\/2\/2023\/08\/logo-laplaineinfo.svg","width":1,"height":1,"caption":"La Plaine des Vosges"},"image":{"@id":"https:\/\/vosgesinfo.fr\/laplainedesvosgesinfo\/#\/schema\/logo\/image\/"},"sameAs":["https:\/\/www.facebook.com\/laplainedesvosges","https:\/\/x.com\/VosgesInfo88","https:\/\/www.youtube.com\/@vosgesinfo"]},{"@type":"Person","@id":"https:\/\/vosgesinfo.fr\/laplainedesvosgesinfo\/#\/schema\/person\/bc5d02d71e6932e81b6dadb7386667b1","name":"qs_admin","image":{"@type":"ImageObject","inLanguage":"fr-FR","@id":"https:\/\/vosgesinfo.fr\/laplainedesvosgesinfo\/#\/schema\/person\/image\/","url":"https:\/\/secure.gravatar.com\/avatar\/94b18ee0ed79e4a42ea2f2931277b6841a8999fc6fde214600c78057cf1fe1de?s=96&d=mm&r=g","contentUrl":"https:\/\/secure.gravatar.com\/avatar\/94b18ee0ed79e4a42ea2f2931277b6841a8999fc6fde214600c78057cf1fe1de?s=96&d=mm&r=g","caption":"qs_admin"},"sameAs":["https:\/\/vosgesinfo.fr\/wp"],"url":"https:\/\/vosgesinfo.fr\/laplainedesvosgesinfo\/author\/qs_admin\/"}]}},"_links":{"self":[{"href":"https:\/\/vosgesinfo.fr\/laplainedesvosgesinfo\/wp-json\/wp\/v2\/posts\/7287","targetHints":{"allow":["GET"]}}],"collection":[{"href":"https:\/\/vosgesinfo.fr\/laplainedesvosgesinfo\/wp-json\/wp\/v2\/posts"}],"about":[{"href":"https:\/\/vosgesinfo.fr\/laplainedesvosgesinfo\/wp-json\/wp\/v2\/types\/post"}],"author":[{"embeddable":true,"href":"https:\/\/vosgesinfo.fr\/laplainedesvosgesinfo\/wp-json\/wp\/v2\/users\/1"}],"replies":[{"embeddable":true,"href":"https:\/\/vosgesinfo.fr\/laplainedesvosgesinfo\/wp-json\/wp\/v2\/comments?post=7287"}],"version-history":[{"count":0,"href":"https:\/\/vosgesinfo.fr\/laplainedesvosgesinfo\/wp-json\/wp\/v2\/posts\/7287\/revisions"}],"wp:featuredmedia":[{"embeddable":true,"href":"https:\/\/vosgesinfo.fr\/laplainedesvosgesinfo\/wp-json\/wp\/v2\/media\/7288"}],"wp:attachment":[{"href":"https:\/\/vosgesinfo.fr\/laplainedesvosgesinfo\/wp-json\/wp\/v2\/media?parent=7287"}],"wp:term":[{"taxonomy":"category","embeddable":true,"href":"https:\/\/vosgesinfo.fr\/laplainedesvosgesinfo\/wp-json\/wp\/v2\/categories?post=7287"},{"taxonomy":"post_tag","embeddable":true,"href":"https:\/\/vosgesinfo.fr\/laplainedesvosgesinfo\/wp-json\/wp\/v2\/tags?post=7287"}],"curies":[{"name":"wp","href":"https:\/\/api.w.org\/{rel}","templated":true}]}}