{"id":7297,"date":"2016-10-11T04:50:19","date_gmt":"2016-10-11T02:50:19","guid":{"rendered":"https:\/\/vosgesinfo.fr\/laplainedesvosgesinfo\/2016\/10\/la-vosgienne-ligotee-et-violee-a-tout-invente-suite-a-la-perte-des-cles-de-la-superette\/"},"modified":"2016-10-11T04:50:19","modified_gmt":"2016-10-11T02:50:19","slug":"la-vosgienne-ligotee-et-violee-a-tout-invente-suite-a-la-perte-des-cles-de-la-superette","status":"publish","type":"post","link":"https:\/\/vosgesinfo.fr\/laplainedesvosgesinfo\/2016\/10\/la-vosgienne-ligotee-et-violee-a-tout-invente-suite-a-la-perte-des-cles-de-la-superette\/","title":{"rendered":"La Vosgienne ligot\u00e9e et viol\u00e9e a tout invent\u00e9 suite \u00e0 la perte des cl\u00e9s de la sup\u00e9rette !"},"content":{"rendered":"<p style=\"text-align: justify;\"><a href=\"\/2016\/10\/girl-1586408_960_720.jpg\"><img decoding=\"async\" class=\"aligncenter size-full wp-image-81147\" src=\"\/2016\/10\/girl-1586408_960_720.jpg\" alt=\"girl-1586408_960_720\" width=\"749\" height=\"461\" \/><\/a><\/p>\n<p style=\"text-align: justify;\">C\u2019est une sordide histoire qui a fait se d\u00e9placer nombre de gendarmes et d\u2019enqu\u00eateurs ce 22 septembre dernier. La salari\u00e9e d\u2019une sup\u00e9rette situ\u00e9e pr\u00e8s de Moyenmoutier avait \u00e9t\u00e9 retrouv\u00e9e pr\u00e8s de la voie verte, ligot\u00e9e, b\u00e2illonn\u00e9e, et affirmant avoir \u00e9t\u00e9 victime d\u2019une tentative de viol.<\/p>\n<p style=\"text-align: justify;\">Les \u00e9l\u00e9ments discordants de l\u2019enqu\u00eate ont men\u00e9 les enqu\u00eateurs sur une piste qui pourra surprendre. La fausse victime avait en r\u00e9alit\u00e9 perdu les cl\u00e9s de la sup\u00e9rette dont elle \u00e9tait salari\u00e9e. Ne sachant comment justifier cette \u00e9garement, la jeune femme de 26 ans a pr\u00e9f\u00e9r\u00e9 simuler la tentative de viol ! \u00ab\u00a0Une expertise psychiatrique va \u00eatre r\u00e9alis\u00e9e pour d\u00e9terminer le profil de cette femme\u00a0\u00bb affirme Etienne Manteaux, procureur de la R\u00e9publique.<\/p>\n<p style=\"text-align: justify;\">C.K.N.<\/p>\n","protected":false},"excerpt":{"rendered":"<p>C\u2019est une sordide histoire qui a fait se d\u00e9placer nombre de gendarmes et d\u2019enqu\u00eateurs ce 22 septembre dernier. La salari\u00e9e [&hellip;]<\/p>\n","protected":false},"author":1,"featured_media":7298,"comment_status":"open","ping_status":"open","sticky":false,"template":"","format":"standard","meta":{"footnotes":""},"categories":[8,18],"tags":[2459,2460],"class_list":["post-7297","post","type-post","status-publish","format-standard","has-post-thumbnail","hentry","category-faits-divers","category-vosges","tag-femme-ligotee","tag-moyenmoutier"],"acf":[],"yoast_head":"<!-- This site is optimized with the Yoast SEO plugin v22.5 - https:\/\/yoast.com\/wordpress\/plugins\/seo\/ -->\n<title>La Vosgienne ligot\u00e9e et viol\u00e9e a tout invent\u00e9 suite \u00e0 la perte des cl\u00e9s de la sup\u00e9rette ! - La Plaine des Vosges<\/title>\n<meta name=\"robots\" content=\"index, follow, max-snippet:-1, max-image-preview:large, max-video-preview:-1\" \/>\n<link rel=\"canonical\" href=\"https:\/\/vosgesinfo.fr\/laplainedesvosgesinfo\/2016\/10\/la-vosgienne-ligotee-et-violee-a-tout-invente-suite-a-la-perte-des-cles-de-la-superette\/\" \/>\n<meta name=\"twitter:card\" content=\"summary_large_image\" \/>\n<meta name=\"twitter:title\" content=\"La Vosgienne ligot\u00e9e et viol\u00e9e a tout invent\u00e9 suite \u00e0 la perte des cl\u00e9s de la sup\u00e9rette ! - La Plaine des Vosges\" \/>\n<meta name=\"twitter:description\" content=\"C\u2019est une sordide histoire qui a fait se d\u00e9placer nombre de gendarmes et d\u2019enqu\u00eateurs ce 22 septembre dernier. La salari\u00e9e [&hellip;]\" \/>\n<meta name=\"twitter:image\" content=\"https:\/\/vosgesinfo.fr\/app\/uploads\/sites\/2\/2024\/06\/201610girl-1586408-960-720.jpg\" \/>\n<meta name=\"twitter:creator\" content=\"@VosgesInfo88\" \/>\n<meta name=\"twitter:site\" content=\"@VosgesInfo88\" \/>\n<meta name=\"twitter:label1\" content=\"\u00c9crit par\" \/>\n\t<meta name=\"twitter:data1\" content=\"qs_admin\" \/>\n\t<meta name=\"twitter:label2\" content=\"Dur\u00e9e de lecture estim\u00e9e\" \/>\n\t<meta name=\"twitter:data2\" content=\"1 minute\" \/>\n<script type=\"application\/ld+json\" class=\"yoast-schema-graph\">{\"@context\":\"https:\/\/schema.org\",\"@graph\":[{\"@type\":\"Article\",\"@id\":\"https:\/\/vosgesinfo.fr\/laplainedesvosgesinfo\/2016\/10\/la-vosgienne-ligotee-et-violee-a-tout-invente-suite-a-la-perte-des-cles-de-la-superette\/#article\",\"isPartOf\":{\"@id\":\"https:\/\/vosgesinfo.fr\/laplainedesvosgesinfo\/2016\/10\/la-vosgienne-ligotee-et-violee-a-tout-invente-suite-a-la-perte-des-cles-de-la-superette\/\"},\"author\":{\"name\":\"qs_admin\",\"@id\":\"https:\/\/vosgesinfo.fr\/laplainedesvosgesinfo\/#\/schema\/person\/bc5d02d71e6932e81b6dadb7386667b1\"},\"headline\":\"La Vosgienne ligot\u00e9e et viol\u00e9e a tout invent\u00e9 suite \u00e0 la perte des cl\u00e9s de la sup\u00e9rette !\",\"datePublished\":\"2016-10-11T02:50:19+00:00\",\"dateModified\":\"2016-10-11T02:50:19+00:00\",\"mainEntityOfPage\":{\"@id\":\"https:\/\/vosgesinfo.fr\/laplainedesvosgesinfo\/2016\/10\/la-vosgienne-ligotee-et-violee-a-tout-invente-suite-a-la-perte-des-cles-de-la-superette\/\"},\"wordCount\":165,\"commentCount\":0,\"publisher\":{\"@id\":\"https:\/\/vosgesinfo.fr\/laplainedesvosgesinfo\/#organization\"},\"image\":{\"@id\":\"https:\/\/vosgesinfo.fr\/laplainedesvosgesinfo\/2016\/10\/la-vosgienne-ligotee-et-violee-a-tout-invente-suite-a-la-perte-des-cles-de-la-superette\/#primaryimage\"},\"thumbnailUrl\":\"https:\/\/vosgesinfo.fr\/app\/uploads\/sites\/2\/2024\/06\/201610girl-1586408-960-720.jpg\",\"keywords\":[\"femme ligot\u00e9e\",\"Moyenmoutier\"],\"articleSection\":[\"Faits-divers\",\"Vosges\"],\"inLanguage\":\"fr-FR\",\"potentialAction\":[{\"@type\":\"CommentAction\",\"name\":\"Comment\",\"target\":[\"https:\/\/vosgesinfo.fr\/laplainedesvosgesinfo\/2016\/10\/la-vosgienne-ligotee-et-violee-a-tout-invente-suite-a-la-perte-des-cles-de-la-superette\/#respond\"]}]},{\"@type\":\"WebPage\",\"@id\":\"https:\/\/vosgesinfo.fr\/laplainedesvosgesinfo\/2016\/10\/la-vosgienne-ligotee-et-violee-a-tout-invente-suite-a-la-perte-des-cles-de-la-superette\/\",\"url\":\"https:\/\/vosgesinfo.fr\/laplainedesvosgesinfo\/2016\/10\/la-vosgienne-ligotee-et-violee-a-tout-invente-suite-a-la-perte-des-cles-de-la-superette\/\",\"name\":\"La Vosgienne ligot\u00e9e et viol\u00e9e a tout invent\u00e9 suite \u00e0 la perte des cl\u00e9s de la sup\u00e9rette ! - La Plaine des Vosges\",\"isPartOf\":{\"@id\":\"https:\/\/vosgesinfo.fr\/laplainedesvosgesinfo\/#website\"},\"primaryImageOfPage\":{\"@id\":\"https:\/\/vosgesinfo.fr\/laplainedesvosgesinfo\/2016\/10\/la-vosgienne-ligotee-et-violee-a-tout-invente-suite-a-la-perte-des-cles-de-la-superette\/#primaryimage\"},\"image\":{\"@id\":\"https:\/\/vosgesinfo.fr\/laplainedesvosgesinfo\/2016\/10\/la-vosgienne-ligotee-et-violee-a-tout-invente-suite-a-la-perte-des-cles-de-la-superette\/#primaryimage\"},\"thumbnailUrl\":\"https:\/\/vosgesinfo.fr\/app\/uploads\/sites\/2\/2024\/06\/201610girl-1586408-960-720.jpg\",\"datePublished\":\"2016-10-11T02:50:19+00:00\",\"dateModified\":\"2016-10-11T02:50:19+00:00\",\"breadcrumb\":{\"@id\":\"https:\/\/vosgesinfo.fr\/laplainedesvosgesinfo\/2016\/10\/la-vosgienne-ligotee-et-violee-a-tout-invente-suite-a-la-perte-des-cles-de-la-superette\/#breadcrumb\"},\"inLanguage\":\"fr-FR\",\"potentialAction\":[{\"@type\":\"ReadAction\",\"target\":[\"https:\/\/vosgesinfo.fr\/laplainedesvosgesinfo\/2016\/10\/la-vosgienne-ligotee-et-violee-a-tout-invente-suite-a-la-perte-des-cles-de-la-superette\/\"]}]},{\"@type\":\"ImageObject\",\"inLanguage\":\"fr-FR\",\"@id\":\"https:\/\/vosgesinfo.fr\/laplainedesvosgesinfo\/2016\/10\/la-vosgienne-ligotee-et-violee-a-tout-invente-suite-a-la-perte-des-cles-de-la-superette\/#primaryimage\",\"url\":\"https:\/\/vosgesinfo.fr\/app\/uploads\/sites\/2\/2024\/06\/201610girl-1586408-960-720.jpg\",\"contentUrl\":\"https:\/\/vosgesinfo.fr\/app\/uploads\/sites\/2\/2024\/06\/201610girl-1586408-960-720.jpg\",\"width\":749,\"height\":461},{\"@type\":\"BreadcrumbList\",\"@id\":\"https:\/\/vosgesinfo.fr\/laplainedesvosgesinfo\/2016\/10\/la-vosgienne-ligotee-et-violee-a-tout-invente-suite-a-la-perte-des-cles-de-la-superette\/#breadcrumb\",\"itemListElement\":[{\"@type\":\"ListItem\",\"position\":1,\"name\":\"Home\",\"item\":\"https:\/\/vosgesinfo.fr\/laplainedesvosgesinfo\/\"},{\"@type\":\"ListItem\",\"position\":2,\"name\":\"La Vosgienne ligot\u00e9e et viol\u00e9e a tout invent\u00e9 suite \u00e0 la perte des cl\u00e9s de la sup\u00e9rette !\"}]},{\"@type\":\"WebSite\",\"@id\":\"https:\/\/vosgesinfo.fr\/laplainedesvosgesinfo\/#website\",\"url\":\"https:\/\/vosgesinfo.fr\/laplainedesvosgesinfo\/\",\"name\":\"La Plaine des Vosges\",\"description\":\"Toute l&#039;actualit\u00e9 de la plaine de Vosges\",\"publisher\":{\"@id\":\"https:\/\/vosgesinfo.fr\/laplainedesvosgesinfo\/#organization\"},\"alternateName\":\"Toute l'actualit\u00e9 de la plaine des Vosges\",\"potentialAction\":[{\"@type\":\"SearchAction\",\"target\":{\"@type\":\"EntryPoint\",\"urlTemplate\":\"https:\/\/vosgesinfo.fr\/laplainedesvosgesinfo\/?s={search_term_string}\"},\"query-input\":\"required name=search_term_string\"}],\"inLanguage\":\"fr-FR\"},{\"@type\":\"Organization\",\"@id\":\"https:\/\/vosgesinfo.fr\/laplainedesvosgesinfo\/#organization\",\"name\":\"La Plaine des Vosges\",\"url\":\"https:\/\/vosgesinfo.fr\/laplainedesvosgesinfo\/\",\"logo\":{\"@type\":\"ImageObject\",\"inLanguage\":\"fr-FR\",\"@id\":\"https:\/\/vosgesinfo.fr\/laplainedesvosgesinfo\/#\/schema\/logo\/image\/\",\"url\":\"https:\/\/vosgesinfo.fr\/app\/uploads\/sites\/2\/2023\/08\/logo-laplaineinfo.svg\",\"contentUrl\":\"https:\/\/vosgesinfo.fr\/app\/uploads\/sites\/2\/2023\/08\/logo-laplaineinfo.svg\",\"width\":1,\"height\":1,\"caption\":\"La Plaine des Vosges\"},\"image\":{\"@id\":\"https:\/\/vosgesinfo.fr\/laplainedesvosgesinfo\/#\/schema\/logo\/image\/\"},\"sameAs\":[\"https:\/\/www.facebook.com\/laplainedesvosges\",\"https:\/\/x.com\/VosgesInfo88\",\"https:\/\/www.youtube.com\/@vosgesinfo\"]},{\"@type\":\"Person\",\"@id\":\"https:\/\/vosgesinfo.fr\/laplainedesvosgesinfo\/#\/schema\/person\/bc5d02d71e6932e81b6dadb7386667b1\",\"name\":\"qs_admin\",\"image\":{\"@type\":\"ImageObject\",\"inLanguage\":\"fr-FR\",\"@id\":\"https:\/\/vosgesinfo.fr\/laplainedesvosgesinfo\/#\/schema\/person\/image\/\",\"url\":\"https:\/\/secure.gravatar.com\/avatar\/94b18ee0ed79e4a42ea2f2931277b6841a8999fc6fde214600c78057cf1fe1de?s=96&d=mm&r=g\",\"contentUrl\":\"https:\/\/secure.gravatar.com\/avatar\/94b18ee0ed79e4a42ea2f2931277b6841a8999fc6fde214600c78057cf1fe1de?s=96&d=mm&r=g\",\"caption\":\"qs_admin\"},\"sameAs\":[\"https:\/\/vosgesinfo.fr\/wp\"],\"url\":\"https:\/\/vosgesinfo.fr\/laplainedesvosgesinfo\/author\/qs_admin\/\"}]}<\/script>\n<!-- \/ Yoast SEO plugin. -->","yoast_head_json":{"title":"La Vosgienne ligot\u00e9e et viol\u00e9e a tout invent\u00e9 suite \u00e0 la perte des cl\u00e9s de la sup\u00e9rette ! - La Plaine des Vosges","robots":{"index":"index","follow":"follow","max-snippet":"max-snippet:-1","max-image-preview":"max-image-preview:large","max-video-preview":"max-video-preview:-1"},"canonical":"https:\/\/vosgesinfo.fr\/laplainedesvosgesinfo\/2016\/10\/la-vosgienne-ligotee-et-violee-a-tout-invente-suite-a-la-perte-des-cles-de-la-superette\/","twitter_card":"summary_large_image","twitter_title":"La Vosgienne ligot\u00e9e et viol\u00e9e a tout invent\u00e9 suite \u00e0 la perte des cl\u00e9s de la sup\u00e9rette ! - La Plaine des Vosges","twitter_description":"C\u2019est une sordide histoire qui a fait se d\u00e9placer nombre de gendarmes et d\u2019enqu\u00eateurs ce 22 septembre dernier. La salari\u00e9e [&hellip;]","twitter_image":"https:\/\/vosgesinfo.fr\/app\/uploads\/sites\/2\/2024\/06\/201610girl-1586408-960-720.jpg","twitter_creator":"@VosgesInfo88","twitter_site":"@VosgesInfo88","twitter_misc":{"\u00c9crit par":"qs_admin","Dur\u00e9e de lecture estim\u00e9e":"1 minute"},"schema":{"@context":"https:\/\/schema.org","@graph":[{"@type":"Article","@id":"https:\/\/vosgesinfo.fr\/laplainedesvosgesinfo\/2016\/10\/la-vosgienne-ligotee-et-violee-a-tout-invente-suite-a-la-perte-des-cles-de-la-superette\/#article","isPartOf":{"@id":"https:\/\/vosgesinfo.fr\/laplainedesvosgesinfo\/2016\/10\/la-vosgienne-ligotee-et-violee-a-tout-invente-suite-a-la-perte-des-cles-de-la-superette\/"},"author":{"name":"qs_admin","@id":"https:\/\/vosgesinfo.fr\/laplainedesvosgesinfo\/#\/schema\/person\/bc5d02d71e6932e81b6dadb7386667b1"},"headline":"La Vosgienne ligot\u00e9e et viol\u00e9e a tout invent\u00e9 suite \u00e0 la perte des cl\u00e9s de la sup\u00e9rette !","datePublished":"2016-10-11T02:50:19+00:00","dateModified":"2016-10-11T02:50:19+00:00","mainEntityOfPage":{"@id":"https:\/\/vosgesinfo.fr\/laplainedesvosgesinfo\/2016\/10\/la-vosgienne-ligotee-et-violee-a-tout-invente-suite-a-la-perte-des-cles-de-la-superette\/"},"wordCount":165,"commentCount":0,"publisher":{"@id":"https:\/\/vosgesinfo.fr\/laplainedesvosgesinfo\/#organization"},"image":{"@id":"https:\/\/vosgesinfo.fr\/laplainedesvosgesinfo\/2016\/10\/la-vosgienne-ligotee-et-violee-a-tout-invente-suite-a-la-perte-des-cles-de-la-superette\/#primaryimage"},"thumbnailUrl":"https:\/\/vosgesinfo.fr\/app\/uploads\/sites\/2\/2024\/06\/201610girl-1586408-960-720.jpg","keywords":["femme ligot\u00e9e","Moyenmoutier"],"articleSection":["Faits-divers","Vosges"],"inLanguage":"fr-FR","potentialAction":[{"@type":"CommentAction","name":"Comment","target":["https:\/\/vosgesinfo.fr\/laplainedesvosgesinfo\/2016\/10\/la-vosgienne-ligotee-et-violee-a-tout-invente-suite-a-la-perte-des-cles-de-la-superette\/#respond"]}]},{"@type":"WebPage","@id":"https:\/\/vosgesinfo.fr\/laplainedesvosgesinfo\/2016\/10\/la-vosgienne-ligotee-et-violee-a-tout-invente-suite-a-la-perte-des-cles-de-la-superette\/","url":"https:\/\/vosgesinfo.fr\/laplainedesvosgesinfo\/2016\/10\/la-vosgienne-ligotee-et-violee-a-tout-invente-suite-a-la-perte-des-cles-de-la-superette\/","name":"La Vosgienne ligot\u00e9e et viol\u00e9e a tout invent\u00e9 suite \u00e0 la perte des cl\u00e9s de la sup\u00e9rette ! - La Plaine des Vosges","isPartOf":{"@id":"https:\/\/vosgesinfo.fr\/laplainedesvosgesinfo\/#website"},"primaryImageOfPage":{"@id":"https:\/\/vosgesinfo.fr\/laplainedesvosgesinfo\/2016\/10\/la-vosgienne-ligotee-et-violee-a-tout-invente-suite-a-la-perte-des-cles-de-la-superette\/#primaryimage"},"image":{"@id":"https:\/\/vosgesinfo.fr\/laplainedesvosgesinfo\/2016\/10\/la-vosgienne-ligotee-et-violee-a-tout-invente-suite-a-la-perte-des-cles-de-la-superette\/#primaryimage"},"thumbnailUrl":"https:\/\/vosgesinfo.fr\/app\/uploads\/sites\/2\/2024\/06\/201610girl-1586408-960-720.jpg","datePublished":"2016-10-11T02:50:19+00:00","dateModified":"2016-10-11T02:50:19+00:00","breadcrumb":{"@id":"https:\/\/vosgesinfo.fr\/laplainedesvosgesinfo\/2016\/10\/la-vosgienne-ligotee-et-violee-a-tout-invente-suite-a-la-perte-des-cles-de-la-superette\/#breadcrumb"},"inLanguage":"fr-FR","potentialAction":[{"@type":"ReadAction","target":["https:\/\/vosgesinfo.fr\/laplainedesvosgesinfo\/2016\/10\/la-vosgienne-ligotee-et-violee-a-tout-invente-suite-a-la-perte-des-cles-de-la-superette\/"]}]},{"@type":"ImageObject","inLanguage":"fr-FR","@id":"https:\/\/vosgesinfo.fr\/laplainedesvosgesinfo\/2016\/10\/la-vosgienne-ligotee-et-violee-a-tout-invente-suite-a-la-perte-des-cles-de-la-superette\/#primaryimage","url":"https:\/\/vosgesinfo.fr\/app\/uploads\/sites\/2\/2024\/06\/201610girl-1586408-960-720.jpg","contentUrl":"https:\/\/vosgesinfo.fr\/app\/uploads\/sites\/2\/2024\/06\/201610girl-1586408-960-720.jpg","width":749,"height":461},{"@type":"BreadcrumbList","@id":"https:\/\/vosgesinfo.fr\/laplainedesvosgesinfo\/2016\/10\/la-vosgienne-ligotee-et-violee-a-tout-invente-suite-a-la-perte-des-cles-de-la-superette\/#breadcrumb","itemListElement":[{"@type":"ListItem","position":1,"name":"Home","item":"https:\/\/vosgesinfo.fr\/laplainedesvosgesinfo\/"},{"@type":"ListItem","position":2,"name":"La Vosgienne ligot\u00e9e et viol\u00e9e a tout invent\u00e9 suite \u00e0 la perte des cl\u00e9s de la sup\u00e9rette !"}]},{"@type":"WebSite","@id":"https:\/\/vosgesinfo.fr\/laplainedesvosgesinfo\/#website","url":"https:\/\/vosgesinfo.fr\/laplainedesvosgesinfo\/","name":"La Plaine des Vosges","description":"Toute l&#039;actualit\u00e9 de la plaine de Vosges","publisher":{"@id":"https:\/\/vosgesinfo.fr\/laplainedesvosgesinfo\/#organization"},"alternateName":"Toute l'actualit\u00e9 de la plaine des Vosges","potentialAction":[{"@type":"SearchAction","target":{"@type":"EntryPoint","urlTemplate":"https:\/\/vosgesinfo.fr\/laplainedesvosgesinfo\/?s={search_term_string}"},"query-input":"required name=search_term_string"}],"inLanguage":"fr-FR"},{"@type":"Organization","@id":"https:\/\/vosgesinfo.fr\/laplainedesvosgesinfo\/#organization","name":"La Plaine des Vosges","url":"https:\/\/vosgesinfo.fr\/laplainedesvosgesinfo\/","logo":{"@type":"ImageObject","inLanguage":"fr-FR","@id":"https:\/\/vosgesinfo.fr\/laplainedesvosgesinfo\/#\/schema\/logo\/image\/","url":"https:\/\/vosgesinfo.fr\/app\/uploads\/sites\/2\/2023\/08\/logo-laplaineinfo.svg","contentUrl":"https:\/\/vosgesinfo.fr\/app\/uploads\/sites\/2\/2023\/08\/logo-laplaineinfo.svg","width":1,"height":1,"caption":"La Plaine des Vosges"},"image":{"@id":"https:\/\/vosgesinfo.fr\/laplainedesvosgesinfo\/#\/schema\/logo\/image\/"},"sameAs":["https:\/\/www.facebook.com\/laplainedesvosges","https:\/\/x.com\/VosgesInfo88","https:\/\/www.youtube.com\/@vosgesinfo"]},{"@type":"Person","@id":"https:\/\/vosgesinfo.fr\/laplainedesvosgesinfo\/#\/schema\/person\/bc5d02d71e6932e81b6dadb7386667b1","name":"qs_admin","image":{"@type":"ImageObject","inLanguage":"fr-FR","@id":"https:\/\/vosgesinfo.fr\/laplainedesvosgesinfo\/#\/schema\/person\/image\/","url":"https:\/\/secure.gravatar.com\/avatar\/94b18ee0ed79e4a42ea2f2931277b6841a8999fc6fde214600c78057cf1fe1de?s=96&d=mm&r=g","contentUrl":"https:\/\/secure.gravatar.com\/avatar\/94b18ee0ed79e4a42ea2f2931277b6841a8999fc6fde214600c78057cf1fe1de?s=96&d=mm&r=g","caption":"qs_admin"},"sameAs":["https:\/\/vosgesinfo.fr\/wp"],"url":"https:\/\/vosgesinfo.fr\/laplainedesvosgesinfo\/author\/qs_admin\/"}]}},"_links":{"self":[{"href":"https:\/\/vosgesinfo.fr\/laplainedesvosgesinfo\/wp-json\/wp\/v2\/posts\/7297","targetHints":{"allow":["GET"]}}],"collection":[{"href":"https:\/\/vosgesinfo.fr\/laplainedesvosgesinfo\/wp-json\/wp\/v2\/posts"}],"about":[{"href":"https:\/\/vosgesinfo.fr\/laplainedesvosgesinfo\/wp-json\/wp\/v2\/types\/post"}],"author":[{"embeddable":true,"href":"https:\/\/vosgesinfo.fr\/laplainedesvosgesinfo\/wp-json\/wp\/v2\/users\/1"}],"replies":[{"embeddable":true,"href":"https:\/\/vosgesinfo.fr\/laplainedesvosgesinfo\/wp-json\/wp\/v2\/comments?post=7297"}],"version-history":[{"count":0,"href":"https:\/\/vosgesinfo.fr\/laplainedesvosgesinfo\/wp-json\/wp\/v2\/posts\/7297\/revisions"}],"wp:featuredmedia":[{"embeddable":true,"href":"https:\/\/vosgesinfo.fr\/laplainedesvosgesinfo\/wp-json\/wp\/v2\/media\/7298"}],"wp:attachment":[{"href":"https:\/\/vosgesinfo.fr\/laplainedesvosgesinfo\/wp-json\/wp\/v2\/media?parent=7297"}],"wp:term":[{"taxonomy":"category","embeddable":true,"href":"https:\/\/vosgesinfo.fr\/laplainedesvosgesinfo\/wp-json\/wp\/v2\/categories?post=7297"},{"taxonomy":"post_tag","embeddable":true,"href":"https:\/\/vosgesinfo.fr\/laplainedesvosgesinfo\/wp-json\/wp\/v2\/tags?post=7297"}],"curies":[{"name":"wp","href":"https:\/\/api.w.org\/{rel}","templated":true}]}}