{"id":7310,"date":"2016-10-11T05:55:21","date_gmt":"2016-10-11T03:55:21","guid":{"rendered":"https:\/\/vosgesinfo.fr\/laplainedesvosgesinfo\/2016\/10\/premiere-formation-regionale-ferme-pedagogique-par-la-chambre-dagriculture\/"},"modified":"2016-10-11T05:55:21","modified_gmt":"2016-10-11T03:55:21","slug":"premiere-formation-regionale-ferme-pedagogique-par-la-chambre-dagriculture","status":"publish","type":"post","link":"https:\/\/vosgesinfo.fr\/laplainedesvosgesinfo\/2016\/10\/premiere-formation-regionale-ferme-pedagogique-par-la-chambre-dagriculture\/","title":{"rendered":"Premi\u00e8re formation r\u00e9gionale \u00ab\u00a0Ferme P\u00e9dagogique\u00a0\u00bb par la Chambre d&rsquo;Agriculture"},"content":{"rendered":"<p style=\"text-align: justify;\"><a href=\"\/2016\/10\/formation-CA-ferme-Norroy.jpg\"><img decoding=\"async\" class=\"aligncenter size-full wp-image-81165\" src=\"\/2016\/10\/formation-CA-ferme-Norroy.jpg\" alt=\"formation-CA-ferme-Norroy\" width=\"800\" height=\"600\" \/><\/a><\/p>\n<p style=\"text-align: justify;\">Dans le cadre de l&rsquo;animation de son r\u00e9seau \u00ab\u00a0Bienvenue \u00e0 la Ferme\u00a0\u00bb, la Chambre d&rsquo;Agriculture des Vosges organise une formation destin\u00e9e aux agriculteurs qui souhaitent une labellisation \u00ab\u00a0Ferme p\u00e9dagogique\u00a0\u00bb. Une premi\u00e8re formation r\u00e9gionale, o\u00f9 des agriculteurs vosgiens et mosellans se sont inscrits. Hier apr\u00e8s-midi, les agriculteurs en formation avait rendez-vous \u00e0 la Ferme du Pichet \u00e0 Norroy-sur-Vair, pour une pr\u00e9sentation des outils p\u00e9dagogiques.<\/p>\n<p style=\"text-align: justify;\">Cette formation s&rsquo;inscrit dans le cadre de la convention de partenariat, sign\u00e9e en mai dernier, entre le Conseil d\u00e9partemental des Vosges, la Direction des Services D\u00e9partementaux de l&rsquo;Education Nationale des Vosges et la Chambre d&rsquo;Agriculture.<\/p>\n<p style=\"text-align: justify;\"><span style=\"font-size: 14pt;\"><strong>P\u00e9dagogie \u00e0 la ferme<\/strong><\/span><\/p>\n<p style=\"text-align: justify;\">Dans une ferme p\u00e9dagogique, les m\u00e9tiers de la ferme sont expliqu\u00e9s aux enfants dans le cadre de leur scolarit\u00e9 ou de leurs loisirs accompagn\u00e9s. Sur place, les enfants peuvent ainsi observer le fonctionnement des machines agricoles et s&rsquo;approcher des animaux pour apprendre \u00e0 mieux les connaitre. Une d\u00e9couverte vivante et p\u00e9dagogique de la nature et du monde rural. Chaque visite ou s\u00e9jour fait l&rsquo;objet d&rsquo;un programme adapt\u00e9, \u00e9tabli entre l&rsquo;enseignant ou l&rsquo;animateur et l&rsquo;agriculteur.<\/p>\n<p style=\"text-align: justify;\">Bienvenue \u00e0 la ferme dans les Vosges, c&rsquo;est une quarantaine d&rsquo;agriculteurs adh\u00e9rents, avec 9 fermes p\u00e9dagogiques. \u00ab\u00a0Dans ces fermes, le but est d&rsquo;initier les plus petits ainsi que de les sensibiliser aux produits locaux et au d\u00e9veloppement durable\u00a0\u00bb explique Tatiana Demeester, conseill\u00e8re agri-tourisme \u00e0 la chambre d&rsquo;agriculture.<\/p>\n<p style=\"text-align: justify;\">\n<p style=\"text-align: justify;\">A.J.<\/p>\n","protected":false},"excerpt":{"rendered":"<p>Dans le cadre de l&rsquo;animation de son r\u00e9seau \u00ab\u00a0Bienvenue \u00e0 la Ferme\u00a0\u00bb, la Chambre d&rsquo;Agriculture des Vosges organise une formation [&hellip;]<\/p>\n","protected":false},"author":1,"featured_media":7311,"comment_status":"open","ping_status":"open","sticky":false,"template":"","format":"standard","meta":{"footnotes":""},"categories":[29,37,13,18],"tags":[1074,1093,531,975,233],"class_list":["post-7310","post","type-post","status-publish","format-standard","has-post-thumbnail","hentry","category-a-la-une","category-la-plaine","category-societe","category-vosges","tag-chambre-dagriculture","tag-ferme-pedagogique","tag-formation","tag-norroy-sur-vair","tag-vosges"],"acf":[],"yoast_head":"<!-- This site is optimized with the Yoast SEO plugin v22.5 - https:\/\/yoast.com\/wordpress\/plugins\/seo\/ -->\n<title>Premi\u00e8re formation r\u00e9gionale &quot;Ferme P\u00e9dagogique&quot; par la Chambre d&#039;Agriculture - La Plaine des Vosges<\/title>\n<meta name=\"robots\" content=\"index, follow, max-snippet:-1, max-image-preview:large, max-video-preview:-1\" \/>\n<link rel=\"canonical\" href=\"https:\/\/vosgesinfo.fr\/laplainedesvosgesinfo\/2016\/10\/premiere-formation-regionale-ferme-pedagogique-par-la-chambre-dagriculture\/\" \/>\n<meta name=\"twitter:card\" content=\"summary_large_image\" \/>\n<meta name=\"twitter:title\" content=\"Premi\u00e8re formation r\u00e9gionale &quot;Ferme P\u00e9dagogique&quot; par la Chambre d&#039;Agriculture - La Plaine des Vosges\" \/>\n<meta name=\"twitter:description\" content=\"Dans le cadre de l&rsquo;animation de son r\u00e9seau \u00ab\u00a0Bienvenue \u00e0 la Ferme\u00a0\u00bb, la Chambre d&rsquo;Agriculture des Vosges organise une formation [&hellip;]\" \/>\n<meta name=\"twitter:image\" content=\"https:\/\/vosgesinfo.fr\/app\/uploads\/sites\/2\/2024\/06\/201610formation-ca-ferme-norroy.jpg\" \/>\n<meta name=\"twitter:creator\" content=\"@VosgesInfo88\" \/>\n<meta name=\"twitter:site\" content=\"@VosgesInfo88\" \/>\n<meta name=\"twitter:label1\" content=\"\u00c9crit par\" \/>\n\t<meta name=\"twitter:data1\" content=\"qs_admin\" \/>\n\t<meta name=\"twitter:label2\" content=\"Dur\u00e9e de lecture estim\u00e9e\" \/>\n\t<meta name=\"twitter:data2\" content=\"1 minute\" \/>\n<script type=\"application\/ld+json\" class=\"yoast-schema-graph\">{\"@context\":\"https:\/\/schema.org\",\"@graph\":[{\"@type\":\"Article\",\"@id\":\"https:\/\/vosgesinfo.fr\/laplainedesvosgesinfo\/2016\/10\/premiere-formation-regionale-ferme-pedagogique-par-la-chambre-dagriculture\/#article\",\"isPartOf\":{\"@id\":\"https:\/\/vosgesinfo.fr\/laplainedesvosgesinfo\/2016\/10\/premiere-formation-regionale-ferme-pedagogique-par-la-chambre-dagriculture\/\"},\"author\":{\"name\":\"qs_admin\",\"@id\":\"https:\/\/vosgesinfo.fr\/laplainedesvosgesinfo\/#\/schema\/person\/bc5d02d71e6932e81b6dadb7386667b1\"},\"headline\":\"Premi\u00e8re formation r\u00e9gionale \u00ab\u00a0Ferme P\u00e9dagogique\u00a0\u00bb par la Chambre d&rsquo;Agriculture\",\"datePublished\":\"2016-10-11T03:55:21+00:00\",\"dateModified\":\"2016-10-11T03:55:21+00:00\",\"mainEntityOfPage\":{\"@id\":\"https:\/\/vosgesinfo.fr\/laplainedesvosgesinfo\/2016\/10\/premiere-formation-regionale-ferme-pedagogique-par-la-chambre-dagriculture\/\"},\"wordCount\":268,\"commentCount\":0,\"publisher\":{\"@id\":\"https:\/\/vosgesinfo.fr\/laplainedesvosgesinfo\/#organization\"},\"image\":{\"@id\":\"https:\/\/vosgesinfo.fr\/laplainedesvosgesinfo\/2016\/10\/premiere-formation-regionale-ferme-pedagogique-par-la-chambre-dagriculture\/#primaryimage\"},\"thumbnailUrl\":\"https:\/\/vosgesinfo.fr\/app\/uploads\/sites\/2\/2024\/06\/201610formation-ca-ferme-norroy.jpg\",\"keywords\":[\"Chambre d'Agriculture\",\"Ferme p\u00e9dagogique\",\"formation\",\"Norroy-sur-Vair\",\"Vosges\"],\"articleSection\":[\"A la Une\",\"La Plaine\",\"Soci\u00e9t\u00e9\",\"Vosges\"],\"inLanguage\":\"fr-FR\",\"potentialAction\":[{\"@type\":\"CommentAction\",\"name\":\"Comment\",\"target\":[\"https:\/\/vosgesinfo.fr\/laplainedesvosgesinfo\/2016\/10\/premiere-formation-regionale-ferme-pedagogique-par-la-chambre-dagriculture\/#respond\"]}]},{\"@type\":\"WebPage\",\"@id\":\"https:\/\/vosgesinfo.fr\/laplainedesvosgesinfo\/2016\/10\/premiere-formation-regionale-ferme-pedagogique-par-la-chambre-dagriculture\/\",\"url\":\"https:\/\/vosgesinfo.fr\/laplainedesvosgesinfo\/2016\/10\/premiere-formation-regionale-ferme-pedagogique-par-la-chambre-dagriculture\/\",\"name\":\"Premi\u00e8re formation r\u00e9gionale \\\"Ferme P\u00e9dagogique\\\" par la Chambre d'Agriculture - La Plaine des Vosges\",\"isPartOf\":{\"@id\":\"https:\/\/vosgesinfo.fr\/laplainedesvosgesinfo\/#website\"},\"primaryImageOfPage\":{\"@id\":\"https:\/\/vosgesinfo.fr\/laplainedesvosgesinfo\/2016\/10\/premiere-formation-regionale-ferme-pedagogique-par-la-chambre-dagriculture\/#primaryimage\"},\"image\":{\"@id\":\"https:\/\/vosgesinfo.fr\/laplainedesvosgesinfo\/2016\/10\/premiere-formation-regionale-ferme-pedagogique-par-la-chambre-dagriculture\/#primaryimage\"},\"thumbnailUrl\":\"https:\/\/vosgesinfo.fr\/app\/uploads\/sites\/2\/2024\/06\/201610formation-ca-ferme-norroy.jpg\",\"datePublished\":\"2016-10-11T03:55:21+00:00\",\"dateModified\":\"2016-10-11T03:55:21+00:00\",\"breadcrumb\":{\"@id\":\"https:\/\/vosgesinfo.fr\/laplainedesvosgesinfo\/2016\/10\/premiere-formation-regionale-ferme-pedagogique-par-la-chambre-dagriculture\/#breadcrumb\"},\"inLanguage\":\"fr-FR\",\"potentialAction\":[{\"@type\":\"ReadAction\",\"target\":[\"https:\/\/vosgesinfo.fr\/laplainedesvosgesinfo\/2016\/10\/premiere-formation-regionale-ferme-pedagogique-par-la-chambre-dagriculture\/\"]}]},{\"@type\":\"ImageObject\",\"inLanguage\":\"fr-FR\",\"@id\":\"https:\/\/vosgesinfo.fr\/laplainedesvosgesinfo\/2016\/10\/premiere-formation-regionale-ferme-pedagogique-par-la-chambre-dagriculture\/#primaryimage\",\"url\":\"https:\/\/vosgesinfo.fr\/app\/uploads\/sites\/2\/2024\/06\/201610formation-ca-ferme-norroy.jpg\",\"contentUrl\":\"https:\/\/vosgesinfo.fr\/app\/uploads\/sites\/2\/2024\/06\/201610formation-ca-ferme-norroy.jpg\",\"width\":800,\"height\":600},{\"@type\":\"BreadcrumbList\",\"@id\":\"https:\/\/vosgesinfo.fr\/laplainedesvosgesinfo\/2016\/10\/premiere-formation-regionale-ferme-pedagogique-par-la-chambre-dagriculture\/#breadcrumb\",\"itemListElement\":[{\"@type\":\"ListItem\",\"position\":1,\"name\":\"Home\",\"item\":\"https:\/\/vosgesinfo.fr\/laplainedesvosgesinfo\/\"},{\"@type\":\"ListItem\",\"position\":2,\"name\":\"Premi\u00e8re formation r\u00e9gionale \u00ab\u00a0Ferme P\u00e9dagogique\u00a0\u00bb par la Chambre d&rsquo;Agriculture\"}]},{\"@type\":\"WebSite\",\"@id\":\"https:\/\/vosgesinfo.fr\/laplainedesvosgesinfo\/#website\",\"url\":\"https:\/\/vosgesinfo.fr\/laplainedesvosgesinfo\/\",\"name\":\"La Plaine des Vosges\",\"description\":\"Toute l&#039;actualit\u00e9 de la plaine de Vosges\",\"publisher\":{\"@id\":\"https:\/\/vosgesinfo.fr\/laplainedesvosgesinfo\/#organization\"},\"alternateName\":\"Toute l'actualit\u00e9 de la plaine des Vosges\",\"potentialAction\":[{\"@type\":\"SearchAction\",\"target\":{\"@type\":\"EntryPoint\",\"urlTemplate\":\"https:\/\/vosgesinfo.fr\/laplainedesvosgesinfo\/?s={search_term_string}\"},\"query-input\":\"required name=search_term_string\"}],\"inLanguage\":\"fr-FR\"},{\"@type\":\"Organization\",\"@id\":\"https:\/\/vosgesinfo.fr\/laplainedesvosgesinfo\/#organization\",\"name\":\"La Plaine des Vosges\",\"url\":\"https:\/\/vosgesinfo.fr\/laplainedesvosgesinfo\/\",\"logo\":{\"@type\":\"ImageObject\",\"inLanguage\":\"fr-FR\",\"@id\":\"https:\/\/vosgesinfo.fr\/laplainedesvosgesinfo\/#\/schema\/logo\/image\/\",\"url\":\"https:\/\/vosgesinfo.fr\/app\/uploads\/sites\/2\/2023\/08\/logo-laplaineinfo.svg\",\"contentUrl\":\"https:\/\/vosgesinfo.fr\/app\/uploads\/sites\/2\/2023\/08\/logo-laplaineinfo.svg\",\"width\":1,\"height\":1,\"caption\":\"La Plaine des Vosges\"},\"image\":{\"@id\":\"https:\/\/vosgesinfo.fr\/laplainedesvosgesinfo\/#\/schema\/logo\/image\/\"},\"sameAs\":[\"https:\/\/www.facebook.com\/laplainedesvosges\",\"https:\/\/x.com\/VosgesInfo88\",\"https:\/\/www.youtube.com\/@vosgesinfo\"]},{\"@type\":\"Person\",\"@id\":\"https:\/\/vosgesinfo.fr\/laplainedesvosgesinfo\/#\/schema\/person\/bc5d02d71e6932e81b6dadb7386667b1\",\"name\":\"qs_admin\",\"image\":{\"@type\":\"ImageObject\",\"inLanguage\":\"fr-FR\",\"@id\":\"https:\/\/vosgesinfo.fr\/laplainedesvosgesinfo\/#\/schema\/person\/image\/\",\"url\":\"https:\/\/secure.gravatar.com\/avatar\/94b18ee0ed79e4a42ea2f2931277b6841a8999fc6fde214600c78057cf1fe1de?s=96&d=mm&r=g\",\"contentUrl\":\"https:\/\/secure.gravatar.com\/avatar\/94b18ee0ed79e4a42ea2f2931277b6841a8999fc6fde214600c78057cf1fe1de?s=96&d=mm&r=g\",\"caption\":\"qs_admin\"},\"sameAs\":[\"https:\/\/vosgesinfo.fr\/wp\"],\"url\":\"https:\/\/vosgesinfo.fr\/laplainedesvosgesinfo\/author\/qs_admin\/\"}]}<\/script>\n<!-- \/ Yoast SEO plugin. -->","yoast_head_json":{"title":"Premi\u00e8re formation r\u00e9gionale \"Ferme P\u00e9dagogique\" par la Chambre d'Agriculture - La Plaine des Vosges","robots":{"index":"index","follow":"follow","max-snippet":"max-snippet:-1","max-image-preview":"max-image-preview:large","max-video-preview":"max-video-preview:-1"},"canonical":"https:\/\/vosgesinfo.fr\/laplainedesvosgesinfo\/2016\/10\/premiere-formation-regionale-ferme-pedagogique-par-la-chambre-dagriculture\/","twitter_card":"summary_large_image","twitter_title":"Premi\u00e8re formation r\u00e9gionale \"Ferme P\u00e9dagogique\" par la Chambre d'Agriculture - La Plaine des Vosges","twitter_description":"Dans le cadre de l&rsquo;animation de son r\u00e9seau \u00ab\u00a0Bienvenue \u00e0 la Ferme\u00a0\u00bb, la Chambre d&rsquo;Agriculture des Vosges organise une formation [&hellip;]","twitter_image":"https:\/\/vosgesinfo.fr\/app\/uploads\/sites\/2\/2024\/06\/201610formation-ca-ferme-norroy.jpg","twitter_creator":"@VosgesInfo88","twitter_site":"@VosgesInfo88","twitter_misc":{"\u00c9crit par":"qs_admin","Dur\u00e9e de lecture estim\u00e9e":"1 minute"},"schema":{"@context":"https:\/\/schema.org","@graph":[{"@type":"Article","@id":"https:\/\/vosgesinfo.fr\/laplainedesvosgesinfo\/2016\/10\/premiere-formation-regionale-ferme-pedagogique-par-la-chambre-dagriculture\/#article","isPartOf":{"@id":"https:\/\/vosgesinfo.fr\/laplainedesvosgesinfo\/2016\/10\/premiere-formation-regionale-ferme-pedagogique-par-la-chambre-dagriculture\/"},"author":{"name":"qs_admin","@id":"https:\/\/vosgesinfo.fr\/laplainedesvosgesinfo\/#\/schema\/person\/bc5d02d71e6932e81b6dadb7386667b1"},"headline":"Premi\u00e8re formation r\u00e9gionale \u00ab\u00a0Ferme P\u00e9dagogique\u00a0\u00bb par la Chambre d&rsquo;Agriculture","datePublished":"2016-10-11T03:55:21+00:00","dateModified":"2016-10-11T03:55:21+00:00","mainEntityOfPage":{"@id":"https:\/\/vosgesinfo.fr\/laplainedesvosgesinfo\/2016\/10\/premiere-formation-regionale-ferme-pedagogique-par-la-chambre-dagriculture\/"},"wordCount":268,"commentCount":0,"publisher":{"@id":"https:\/\/vosgesinfo.fr\/laplainedesvosgesinfo\/#organization"},"image":{"@id":"https:\/\/vosgesinfo.fr\/laplainedesvosgesinfo\/2016\/10\/premiere-formation-regionale-ferme-pedagogique-par-la-chambre-dagriculture\/#primaryimage"},"thumbnailUrl":"https:\/\/vosgesinfo.fr\/app\/uploads\/sites\/2\/2024\/06\/201610formation-ca-ferme-norroy.jpg","keywords":["Chambre d'Agriculture","Ferme p\u00e9dagogique","formation","Norroy-sur-Vair","Vosges"],"articleSection":["A la Une","La Plaine","Soci\u00e9t\u00e9","Vosges"],"inLanguage":"fr-FR","potentialAction":[{"@type":"CommentAction","name":"Comment","target":["https:\/\/vosgesinfo.fr\/laplainedesvosgesinfo\/2016\/10\/premiere-formation-regionale-ferme-pedagogique-par-la-chambre-dagriculture\/#respond"]}]},{"@type":"WebPage","@id":"https:\/\/vosgesinfo.fr\/laplainedesvosgesinfo\/2016\/10\/premiere-formation-regionale-ferme-pedagogique-par-la-chambre-dagriculture\/","url":"https:\/\/vosgesinfo.fr\/laplainedesvosgesinfo\/2016\/10\/premiere-formation-regionale-ferme-pedagogique-par-la-chambre-dagriculture\/","name":"Premi\u00e8re formation r\u00e9gionale \"Ferme P\u00e9dagogique\" par la Chambre d'Agriculture - La Plaine des Vosges","isPartOf":{"@id":"https:\/\/vosgesinfo.fr\/laplainedesvosgesinfo\/#website"},"primaryImageOfPage":{"@id":"https:\/\/vosgesinfo.fr\/laplainedesvosgesinfo\/2016\/10\/premiere-formation-regionale-ferme-pedagogique-par-la-chambre-dagriculture\/#primaryimage"},"image":{"@id":"https:\/\/vosgesinfo.fr\/laplainedesvosgesinfo\/2016\/10\/premiere-formation-regionale-ferme-pedagogique-par-la-chambre-dagriculture\/#primaryimage"},"thumbnailUrl":"https:\/\/vosgesinfo.fr\/app\/uploads\/sites\/2\/2024\/06\/201610formation-ca-ferme-norroy.jpg","datePublished":"2016-10-11T03:55:21+00:00","dateModified":"2016-10-11T03:55:21+00:00","breadcrumb":{"@id":"https:\/\/vosgesinfo.fr\/laplainedesvosgesinfo\/2016\/10\/premiere-formation-regionale-ferme-pedagogique-par-la-chambre-dagriculture\/#breadcrumb"},"inLanguage":"fr-FR","potentialAction":[{"@type":"ReadAction","target":["https:\/\/vosgesinfo.fr\/laplainedesvosgesinfo\/2016\/10\/premiere-formation-regionale-ferme-pedagogique-par-la-chambre-dagriculture\/"]}]},{"@type":"ImageObject","inLanguage":"fr-FR","@id":"https:\/\/vosgesinfo.fr\/laplainedesvosgesinfo\/2016\/10\/premiere-formation-regionale-ferme-pedagogique-par-la-chambre-dagriculture\/#primaryimage","url":"https:\/\/vosgesinfo.fr\/app\/uploads\/sites\/2\/2024\/06\/201610formation-ca-ferme-norroy.jpg","contentUrl":"https:\/\/vosgesinfo.fr\/app\/uploads\/sites\/2\/2024\/06\/201610formation-ca-ferme-norroy.jpg","width":800,"height":600},{"@type":"BreadcrumbList","@id":"https:\/\/vosgesinfo.fr\/laplainedesvosgesinfo\/2016\/10\/premiere-formation-regionale-ferme-pedagogique-par-la-chambre-dagriculture\/#breadcrumb","itemListElement":[{"@type":"ListItem","position":1,"name":"Home","item":"https:\/\/vosgesinfo.fr\/laplainedesvosgesinfo\/"},{"@type":"ListItem","position":2,"name":"Premi\u00e8re formation r\u00e9gionale \u00ab\u00a0Ferme P\u00e9dagogique\u00a0\u00bb par la Chambre d&rsquo;Agriculture"}]},{"@type":"WebSite","@id":"https:\/\/vosgesinfo.fr\/laplainedesvosgesinfo\/#website","url":"https:\/\/vosgesinfo.fr\/laplainedesvosgesinfo\/","name":"La Plaine des Vosges","description":"Toute l&#039;actualit\u00e9 de la plaine de Vosges","publisher":{"@id":"https:\/\/vosgesinfo.fr\/laplainedesvosgesinfo\/#organization"},"alternateName":"Toute l'actualit\u00e9 de la plaine des Vosges","potentialAction":[{"@type":"SearchAction","target":{"@type":"EntryPoint","urlTemplate":"https:\/\/vosgesinfo.fr\/laplainedesvosgesinfo\/?s={search_term_string}"},"query-input":"required name=search_term_string"}],"inLanguage":"fr-FR"},{"@type":"Organization","@id":"https:\/\/vosgesinfo.fr\/laplainedesvosgesinfo\/#organization","name":"La Plaine des Vosges","url":"https:\/\/vosgesinfo.fr\/laplainedesvosgesinfo\/","logo":{"@type":"ImageObject","inLanguage":"fr-FR","@id":"https:\/\/vosgesinfo.fr\/laplainedesvosgesinfo\/#\/schema\/logo\/image\/","url":"https:\/\/vosgesinfo.fr\/app\/uploads\/sites\/2\/2023\/08\/logo-laplaineinfo.svg","contentUrl":"https:\/\/vosgesinfo.fr\/app\/uploads\/sites\/2\/2023\/08\/logo-laplaineinfo.svg","width":1,"height":1,"caption":"La Plaine des Vosges"},"image":{"@id":"https:\/\/vosgesinfo.fr\/laplainedesvosgesinfo\/#\/schema\/logo\/image\/"},"sameAs":["https:\/\/www.facebook.com\/laplainedesvosges","https:\/\/x.com\/VosgesInfo88","https:\/\/www.youtube.com\/@vosgesinfo"]},{"@type":"Person","@id":"https:\/\/vosgesinfo.fr\/laplainedesvosgesinfo\/#\/schema\/person\/bc5d02d71e6932e81b6dadb7386667b1","name":"qs_admin","image":{"@type":"ImageObject","inLanguage":"fr-FR","@id":"https:\/\/vosgesinfo.fr\/laplainedesvosgesinfo\/#\/schema\/person\/image\/","url":"https:\/\/secure.gravatar.com\/avatar\/94b18ee0ed79e4a42ea2f2931277b6841a8999fc6fde214600c78057cf1fe1de?s=96&d=mm&r=g","contentUrl":"https:\/\/secure.gravatar.com\/avatar\/94b18ee0ed79e4a42ea2f2931277b6841a8999fc6fde214600c78057cf1fe1de?s=96&d=mm&r=g","caption":"qs_admin"},"sameAs":["https:\/\/vosgesinfo.fr\/wp"],"url":"https:\/\/vosgesinfo.fr\/laplainedesvosgesinfo\/author\/qs_admin\/"}]}},"_links":{"self":[{"href":"https:\/\/vosgesinfo.fr\/laplainedesvosgesinfo\/wp-json\/wp\/v2\/posts\/7310","targetHints":{"allow":["GET"]}}],"collection":[{"href":"https:\/\/vosgesinfo.fr\/laplainedesvosgesinfo\/wp-json\/wp\/v2\/posts"}],"about":[{"href":"https:\/\/vosgesinfo.fr\/laplainedesvosgesinfo\/wp-json\/wp\/v2\/types\/post"}],"author":[{"embeddable":true,"href":"https:\/\/vosgesinfo.fr\/laplainedesvosgesinfo\/wp-json\/wp\/v2\/users\/1"}],"replies":[{"embeddable":true,"href":"https:\/\/vosgesinfo.fr\/laplainedesvosgesinfo\/wp-json\/wp\/v2\/comments?post=7310"}],"version-history":[{"count":0,"href":"https:\/\/vosgesinfo.fr\/laplainedesvosgesinfo\/wp-json\/wp\/v2\/posts\/7310\/revisions"}],"wp:featuredmedia":[{"embeddable":true,"href":"https:\/\/vosgesinfo.fr\/laplainedesvosgesinfo\/wp-json\/wp\/v2\/media\/7311"}],"wp:attachment":[{"href":"https:\/\/vosgesinfo.fr\/laplainedesvosgesinfo\/wp-json\/wp\/v2\/media?parent=7310"}],"wp:term":[{"taxonomy":"category","embeddable":true,"href":"https:\/\/vosgesinfo.fr\/laplainedesvosgesinfo\/wp-json\/wp\/v2\/categories?post=7310"},{"taxonomy":"post_tag","embeddable":true,"href":"https:\/\/vosgesinfo.fr\/laplainedesvosgesinfo\/wp-json\/wp\/v2\/tags?post=7310"}],"curies":[{"name":"wp","href":"https:\/\/api.w.org\/{rel}","templated":true}]}}