{"id":7316,"date":"2016-10-12T14:09:23","date_gmt":"2016-10-12T12:09:23","guid":{"rendered":"https:\/\/vosgesinfo.fr\/laplainedesvosgesinfo\/2016\/10\/une-conference-sur-lobesite-un-corps-en-souffrance-psychologique-et-corporelle\/"},"modified":"2016-10-12T14:09:23","modified_gmt":"2016-10-12T12:09:23","slug":"une-conference-sur-lobesite-un-corps-en-souffrance-psychologique-et-corporelle","status":"publish","type":"post","link":"https:\/\/vosgesinfo.fr\/laplainedesvosgesinfo\/2016\/10\/une-conference-sur-lobesite-un-corps-en-souffrance-psychologique-et-corporelle\/","title":{"rendered":"Une conf\u00e9rence sur \u00ab\u00a0&lsquo;L&rsquo;ob\u00e9sit\u00e9: un corps en souffrance psychologique et corporelle\u00a0\u00bb"},"content":{"rendered":"<div style=\"text-align: justify;\"><a href=\"\/2016\/10\/affiche_conference_14_10_2016-3.jpg\"><img decoding=\"async\" class=\"aligncenter  wp-image-81176\" src=\"\/2016\/10\/affiche_conference_14_10_2016-3.jpg\" alt=\"affiche_conference_14_10_2016-3\" width=\"463\" height=\"654\" \/><\/a><\/div>\n<div style=\"text-align: justify;\"><\/div>\n<div style=\"text-align: justify;\">Le P\u00f4le des Vosges Centrales du CH RAVENEL organise sa prochaine conf\u00e9rence <strong>VENDREDI 14 octobre 2016<\/strong> \u00e0 20 h (Facult\u00e9 de droit d\u2019Epinal) sur le th\u00e8me<strong> \u00ab\u00a0L\u2019ob\u00e8se : un corps en souffrance psychologique et corporelle\u00a0\u00bb. <\/strong><\/div>\n<div style=\"text-align: justify;\"><strong><br \/>\n<\/strong>Intervenant : <strong>Mme le Dr Pierrette WITKOWSKI<\/strong> \u2013\u00a0 Praticien Hospitalier, psychiatre des h\u00f4pitaux \u2013 Service de Diab\u00e9tologie \/ maladies m\u00e9taboliques \/ nutrition \u2013 CHU NANCY \u2013 H\u00f4pitaux de Brabois.<\/div>\n<div style=\"text-align: justify;\"><\/div>\n<div style=\"text-align: justify;\">Projection d\u2019un reportage r\u00e9alis\u00e9 par le CH Ravenel en tout d\u00e9but de s\u00e9ance.<\/div>\n<div style=\"text-align: justify;\"><\/div>\n<div style=\"text-align: justify;\">TOUT PUBLIC \u2013 GRATUIT<\/div>\n","protected":false},"excerpt":{"rendered":"<p>Le P\u00f4le des Vosges Centrales du CH RAVENEL organise sa prochaine conf\u00e9rence VENDREDI 14 octobre 2016 \u00e0 20 h (Facult\u00e9 [&hellip;]<\/p>\n","protected":false},"author":1,"featured_media":7317,"comment_status":"open","ping_status":"open","sticky":false,"template":"","format":"standard","meta":{"footnotes":""},"categories":[37,195],"tags":[2471,2472,462,220],"class_list":["post-7316","post","type-post","status-publish","format-standard","has-post-thumbnail","hentry","category-la-plaine","category-mirecourt-la-plaine","tag-ch-ravenel","tag-conference-sur-lobesite","tag-epinal","tag-mirecourt"],"acf":[],"yoast_head":"<!-- This site is optimized with the Yoast SEO plugin v22.5 - https:\/\/yoast.com\/wordpress\/plugins\/seo\/ -->\n<title>Une conf\u00e9rence sur &quot;&#039;L&#039;ob\u00e9sit\u00e9: un corps en souffrance psychologique et corporelle&quot; - La Plaine des Vosges<\/title>\n<meta name=\"robots\" content=\"index, follow, max-snippet:-1, max-image-preview:large, max-video-preview:-1\" \/>\n<link rel=\"canonical\" href=\"https:\/\/vosgesinfo.fr\/laplainedesvosgesinfo\/2016\/10\/une-conference-sur-lobesite-un-corps-en-souffrance-psychologique-et-corporelle\/\" \/>\n<meta name=\"twitter:card\" content=\"summary_large_image\" \/>\n<meta name=\"twitter:title\" content=\"Une conf\u00e9rence sur &quot;&#039;L&#039;ob\u00e9sit\u00e9: un corps en souffrance psychologique et corporelle&quot; - La Plaine des Vosges\" \/>\n<meta name=\"twitter:description\" content=\"Le P\u00f4le des Vosges Centrales du CH RAVENEL organise sa prochaine conf\u00e9rence VENDREDI 14 octobre 2016 \u00e0 20 h (Facult\u00e9 [&hellip;]\" \/>\n<meta name=\"twitter:image\" content=\"https:\/\/vosgesinfo.fr\/app\/uploads\/sites\/2\/2024\/06\/201610affiche-conference-14-10-2016-3.jpg\" \/>\n<meta name=\"twitter:creator\" content=\"@VosgesInfo88\" \/>\n<meta name=\"twitter:site\" content=\"@VosgesInfo88\" \/>\n<meta name=\"twitter:label1\" content=\"\u00c9crit par\" \/>\n\t<meta name=\"twitter:data1\" content=\"qs_admin\" \/>\n<script type=\"application\/ld+json\" class=\"yoast-schema-graph\">{\"@context\":\"https:\/\/schema.org\",\"@graph\":[{\"@type\":\"Article\",\"@id\":\"https:\/\/vosgesinfo.fr\/laplainedesvosgesinfo\/2016\/10\/une-conference-sur-lobesite-un-corps-en-souffrance-psychologique-et-corporelle\/#article\",\"isPartOf\":{\"@id\":\"https:\/\/vosgesinfo.fr\/laplainedesvosgesinfo\/2016\/10\/une-conference-sur-lobesite-un-corps-en-souffrance-psychologique-et-corporelle\/\"},\"author\":{\"name\":\"qs_admin\",\"@id\":\"https:\/\/vosgesinfo.fr\/laplainedesvosgesinfo\/#\/schema\/person\/bc5d02d71e6932e81b6dadb7386667b1\"},\"headline\":\"Une conf\u00e9rence sur \u00ab\u00a0&lsquo;L&rsquo;ob\u00e9sit\u00e9: un corps en souffrance psychologique et corporelle\u00a0\u00bb\",\"datePublished\":\"2016-10-12T12:09:23+00:00\",\"dateModified\":\"2016-10-12T12:09:23+00:00\",\"mainEntityOfPage\":{\"@id\":\"https:\/\/vosgesinfo.fr\/laplainedesvosgesinfo\/2016\/10\/une-conference-sur-lobesite-un-corps-en-souffrance-psychologique-et-corporelle\/\"},\"wordCount\":96,\"commentCount\":0,\"publisher\":{\"@id\":\"https:\/\/vosgesinfo.fr\/laplainedesvosgesinfo\/#organization\"},\"image\":{\"@id\":\"https:\/\/vosgesinfo.fr\/laplainedesvosgesinfo\/2016\/10\/une-conference-sur-lobesite-un-corps-en-souffrance-psychologique-et-corporelle\/#primaryimage\"},\"thumbnailUrl\":\"https:\/\/vosgesinfo.fr\/app\/uploads\/sites\/2\/2024\/06\/201610affiche-conference-14-10-2016-3.jpg\",\"keywords\":[\"CH Ravenel\",\"conf\u00e9rence sur l'ob\u00e9sit\u00e9\",\"Epinal\",\"Mirecourt\"],\"articleSection\":[\"La Plaine\",\"Mirecourt\"],\"inLanguage\":\"fr-FR\",\"potentialAction\":[{\"@type\":\"CommentAction\",\"name\":\"Comment\",\"target\":[\"https:\/\/vosgesinfo.fr\/laplainedesvosgesinfo\/2016\/10\/une-conference-sur-lobesite-un-corps-en-souffrance-psychologique-et-corporelle\/#respond\"]}]},{\"@type\":\"WebPage\",\"@id\":\"https:\/\/vosgesinfo.fr\/laplainedesvosgesinfo\/2016\/10\/une-conference-sur-lobesite-un-corps-en-souffrance-psychologique-et-corporelle\/\",\"url\":\"https:\/\/vosgesinfo.fr\/laplainedesvosgesinfo\/2016\/10\/une-conference-sur-lobesite-un-corps-en-souffrance-psychologique-et-corporelle\/\",\"name\":\"Une conf\u00e9rence sur \\\"'L'ob\u00e9sit\u00e9: un corps en souffrance psychologique et corporelle\\\" - La Plaine des Vosges\",\"isPartOf\":{\"@id\":\"https:\/\/vosgesinfo.fr\/laplainedesvosgesinfo\/#website\"},\"primaryImageOfPage\":{\"@id\":\"https:\/\/vosgesinfo.fr\/laplainedesvosgesinfo\/2016\/10\/une-conference-sur-lobesite-un-corps-en-souffrance-psychologique-et-corporelle\/#primaryimage\"},\"image\":{\"@id\":\"https:\/\/vosgesinfo.fr\/laplainedesvosgesinfo\/2016\/10\/une-conference-sur-lobesite-un-corps-en-souffrance-psychologique-et-corporelle\/#primaryimage\"},\"thumbnailUrl\":\"https:\/\/vosgesinfo.fr\/app\/uploads\/sites\/2\/2024\/06\/201610affiche-conference-14-10-2016-3.jpg\",\"datePublished\":\"2016-10-12T12:09:23+00:00\",\"dateModified\":\"2016-10-12T12:09:23+00:00\",\"breadcrumb\":{\"@id\":\"https:\/\/vosgesinfo.fr\/laplainedesvosgesinfo\/2016\/10\/une-conference-sur-lobesite-un-corps-en-souffrance-psychologique-et-corporelle\/#breadcrumb\"},\"inLanguage\":\"fr-FR\",\"potentialAction\":[{\"@type\":\"ReadAction\",\"target\":[\"https:\/\/vosgesinfo.fr\/laplainedesvosgesinfo\/2016\/10\/une-conference-sur-lobesite-un-corps-en-souffrance-psychologique-et-corporelle\/\"]}]},{\"@type\":\"ImageObject\",\"inLanguage\":\"fr-FR\",\"@id\":\"https:\/\/vosgesinfo.fr\/laplainedesvosgesinfo\/2016\/10\/une-conference-sur-lobesite-un-corps-en-souffrance-psychologique-et-corporelle\/#primaryimage\",\"url\":\"https:\/\/vosgesinfo.fr\/app\/uploads\/sites\/2\/2024\/06\/201610affiche-conference-14-10-2016-3.jpg\",\"contentUrl\":\"https:\/\/vosgesinfo.fr\/app\/uploads\/sites\/2\/2024\/06\/201610affiche-conference-14-10-2016-3.jpg\",\"width\":566,\"height\":800},{\"@type\":\"BreadcrumbList\",\"@id\":\"https:\/\/vosgesinfo.fr\/laplainedesvosgesinfo\/2016\/10\/une-conference-sur-lobesite-un-corps-en-souffrance-psychologique-et-corporelle\/#breadcrumb\",\"itemListElement\":[{\"@type\":\"ListItem\",\"position\":1,\"name\":\"Home\",\"item\":\"https:\/\/vosgesinfo.fr\/laplainedesvosgesinfo\/\"},{\"@type\":\"ListItem\",\"position\":2,\"name\":\"Une conf\u00e9rence sur \u00ab\u00a0&lsquo;L&rsquo;ob\u00e9sit\u00e9: un corps en souffrance psychologique et corporelle\u00a0\u00bb\"}]},{\"@type\":\"WebSite\",\"@id\":\"https:\/\/vosgesinfo.fr\/laplainedesvosgesinfo\/#website\",\"url\":\"https:\/\/vosgesinfo.fr\/laplainedesvosgesinfo\/\",\"name\":\"La Plaine des Vosges\",\"description\":\"Toute l&#039;actualit\u00e9 de la plaine de Vosges\",\"publisher\":{\"@id\":\"https:\/\/vosgesinfo.fr\/laplainedesvosgesinfo\/#organization\"},\"alternateName\":\"Toute l'actualit\u00e9 de la plaine des Vosges\",\"potentialAction\":[{\"@type\":\"SearchAction\",\"target\":{\"@type\":\"EntryPoint\",\"urlTemplate\":\"https:\/\/vosgesinfo.fr\/laplainedesvosgesinfo\/?s={search_term_string}\"},\"query-input\":\"required name=search_term_string\"}],\"inLanguage\":\"fr-FR\"},{\"@type\":\"Organization\",\"@id\":\"https:\/\/vosgesinfo.fr\/laplainedesvosgesinfo\/#organization\",\"name\":\"La Plaine des Vosges\",\"url\":\"https:\/\/vosgesinfo.fr\/laplainedesvosgesinfo\/\",\"logo\":{\"@type\":\"ImageObject\",\"inLanguage\":\"fr-FR\",\"@id\":\"https:\/\/vosgesinfo.fr\/laplainedesvosgesinfo\/#\/schema\/logo\/image\/\",\"url\":\"https:\/\/vosgesinfo.fr\/app\/uploads\/sites\/2\/2023\/08\/logo-laplaineinfo.svg\",\"contentUrl\":\"https:\/\/vosgesinfo.fr\/app\/uploads\/sites\/2\/2023\/08\/logo-laplaineinfo.svg\",\"width\":1,\"height\":1,\"caption\":\"La Plaine des Vosges\"},\"image\":{\"@id\":\"https:\/\/vosgesinfo.fr\/laplainedesvosgesinfo\/#\/schema\/logo\/image\/\"},\"sameAs\":[\"https:\/\/www.facebook.com\/laplainedesvosges\",\"https:\/\/x.com\/VosgesInfo88\",\"https:\/\/www.youtube.com\/@vosgesinfo\"]},{\"@type\":\"Person\",\"@id\":\"https:\/\/vosgesinfo.fr\/laplainedesvosgesinfo\/#\/schema\/person\/bc5d02d71e6932e81b6dadb7386667b1\",\"name\":\"qs_admin\",\"image\":{\"@type\":\"ImageObject\",\"inLanguage\":\"fr-FR\",\"@id\":\"https:\/\/vosgesinfo.fr\/laplainedesvosgesinfo\/#\/schema\/person\/image\/\",\"url\":\"https:\/\/secure.gravatar.com\/avatar\/94b18ee0ed79e4a42ea2f2931277b6841a8999fc6fde214600c78057cf1fe1de?s=96&d=mm&r=g\",\"contentUrl\":\"https:\/\/secure.gravatar.com\/avatar\/94b18ee0ed79e4a42ea2f2931277b6841a8999fc6fde214600c78057cf1fe1de?s=96&d=mm&r=g\",\"caption\":\"qs_admin\"},\"sameAs\":[\"https:\/\/vosgesinfo.fr\/wp\"],\"url\":\"https:\/\/vosgesinfo.fr\/laplainedesvosgesinfo\/author\/qs_admin\/\"}]}<\/script>\n<!-- \/ Yoast SEO plugin. -->","yoast_head_json":{"title":"Une conf\u00e9rence sur \"'L'ob\u00e9sit\u00e9: un corps en souffrance psychologique et corporelle\" - La Plaine des Vosges","robots":{"index":"index","follow":"follow","max-snippet":"max-snippet:-1","max-image-preview":"max-image-preview:large","max-video-preview":"max-video-preview:-1"},"canonical":"https:\/\/vosgesinfo.fr\/laplainedesvosgesinfo\/2016\/10\/une-conference-sur-lobesite-un-corps-en-souffrance-psychologique-et-corporelle\/","twitter_card":"summary_large_image","twitter_title":"Une conf\u00e9rence sur \"'L'ob\u00e9sit\u00e9: un corps en souffrance psychologique et corporelle\" - La Plaine des Vosges","twitter_description":"Le P\u00f4le des Vosges Centrales du CH RAVENEL organise sa prochaine conf\u00e9rence VENDREDI 14 octobre 2016 \u00e0 20 h (Facult\u00e9 [&hellip;]","twitter_image":"https:\/\/vosgesinfo.fr\/app\/uploads\/sites\/2\/2024\/06\/201610affiche-conference-14-10-2016-3.jpg","twitter_creator":"@VosgesInfo88","twitter_site":"@VosgesInfo88","twitter_misc":{"\u00c9crit par":"qs_admin"},"schema":{"@context":"https:\/\/schema.org","@graph":[{"@type":"Article","@id":"https:\/\/vosgesinfo.fr\/laplainedesvosgesinfo\/2016\/10\/une-conference-sur-lobesite-un-corps-en-souffrance-psychologique-et-corporelle\/#article","isPartOf":{"@id":"https:\/\/vosgesinfo.fr\/laplainedesvosgesinfo\/2016\/10\/une-conference-sur-lobesite-un-corps-en-souffrance-psychologique-et-corporelle\/"},"author":{"name":"qs_admin","@id":"https:\/\/vosgesinfo.fr\/laplainedesvosgesinfo\/#\/schema\/person\/bc5d02d71e6932e81b6dadb7386667b1"},"headline":"Une conf\u00e9rence sur \u00ab\u00a0&lsquo;L&rsquo;ob\u00e9sit\u00e9: un corps en souffrance psychologique et corporelle\u00a0\u00bb","datePublished":"2016-10-12T12:09:23+00:00","dateModified":"2016-10-12T12:09:23+00:00","mainEntityOfPage":{"@id":"https:\/\/vosgesinfo.fr\/laplainedesvosgesinfo\/2016\/10\/une-conference-sur-lobesite-un-corps-en-souffrance-psychologique-et-corporelle\/"},"wordCount":96,"commentCount":0,"publisher":{"@id":"https:\/\/vosgesinfo.fr\/laplainedesvosgesinfo\/#organization"},"image":{"@id":"https:\/\/vosgesinfo.fr\/laplainedesvosgesinfo\/2016\/10\/une-conference-sur-lobesite-un-corps-en-souffrance-psychologique-et-corporelle\/#primaryimage"},"thumbnailUrl":"https:\/\/vosgesinfo.fr\/app\/uploads\/sites\/2\/2024\/06\/201610affiche-conference-14-10-2016-3.jpg","keywords":["CH Ravenel","conf\u00e9rence sur l'ob\u00e9sit\u00e9","Epinal","Mirecourt"],"articleSection":["La Plaine","Mirecourt"],"inLanguage":"fr-FR","potentialAction":[{"@type":"CommentAction","name":"Comment","target":["https:\/\/vosgesinfo.fr\/laplainedesvosgesinfo\/2016\/10\/une-conference-sur-lobesite-un-corps-en-souffrance-psychologique-et-corporelle\/#respond"]}]},{"@type":"WebPage","@id":"https:\/\/vosgesinfo.fr\/laplainedesvosgesinfo\/2016\/10\/une-conference-sur-lobesite-un-corps-en-souffrance-psychologique-et-corporelle\/","url":"https:\/\/vosgesinfo.fr\/laplainedesvosgesinfo\/2016\/10\/une-conference-sur-lobesite-un-corps-en-souffrance-psychologique-et-corporelle\/","name":"Une conf\u00e9rence sur \"'L'ob\u00e9sit\u00e9: un corps en souffrance psychologique et corporelle\" - La Plaine des Vosges","isPartOf":{"@id":"https:\/\/vosgesinfo.fr\/laplainedesvosgesinfo\/#website"},"primaryImageOfPage":{"@id":"https:\/\/vosgesinfo.fr\/laplainedesvosgesinfo\/2016\/10\/une-conference-sur-lobesite-un-corps-en-souffrance-psychologique-et-corporelle\/#primaryimage"},"image":{"@id":"https:\/\/vosgesinfo.fr\/laplainedesvosgesinfo\/2016\/10\/une-conference-sur-lobesite-un-corps-en-souffrance-psychologique-et-corporelle\/#primaryimage"},"thumbnailUrl":"https:\/\/vosgesinfo.fr\/app\/uploads\/sites\/2\/2024\/06\/201610affiche-conference-14-10-2016-3.jpg","datePublished":"2016-10-12T12:09:23+00:00","dateModified":"2016-10-12T12:09:23+00:00","breadcrumb":{"@id":"https:\/\/vosgesinfo.fr\/laplainedesvosgesinfo\/2016\/10\/une-conference-sur-lobesite-un-corps-en-souffrance-psychologique-et-corporelle\/#breadcrumb"},"inLanguage":"fr-FR","potentialAction":[{"@type":"ReadAction","target":["https:\/\/vosgesinfo.fr\/laplainedesvosgesinfo\/2016\/10\/une-conference-sur-lobesite-un-corps-en-souffrance-psychologique-et-corporelle\/"]}]},{"@type":"ImageObject","inLanguage":"fr-FR","@id":"https:\/\/vosgesinfo.fr\/laplainedesvosgesinfo\/2016\/10\/une-conference-sur-lobesite-un-corps-en-souffrance-psychologique-et-corporelle\/#primaryimage","url":"https:\/\/vosgesinfo.fr\/app\/uploads\/sites\/2\/2024\/06\/201610affiche-conference-14-10-2016-3.jpg","contentUrl":"https:\/\/vosgesinfo.fr\/app\/uploads\/sites\/2\/2024\/06\/201610affiche-conference-14-10-2016-3.jpg","width":566,"height":800},{"@type":"BreadcrumbList","@id":"https:\/\/vosgesinfo.fr\/laplainedesvosgesinfo\/2016\/10\/une-conference-sur-lobesite-un-corps-en-souffrance-psychologique-et-corporelle\/#breadcrumb","itemListElement":[{"@type":"ListItem","position":1,"name":"Home","item":"https:\/\/vosgesinfo.fr\/laplainedesvosgesinfo\/"},{"@type":"ListItem","position":2,"name":"Une conf\u00e9rence sur \u00ab\u00a0&lsquo;L&rsquo;ob\u00e9sit\u00e9: un corps en souffrance psychologique et corporelle\u00a0\u00bb"}]},{"@type":"WebSite","@id":"https:\/\/vosgesinfo.fr\/laplainedesvosgesinfo\/#website","url":"https:\/\/vosgesinfo.fr\/laplainedesvosgesinfo\/","name":"La Plaine des Vosges","description":"Toute l&#039;actualit\u00e9 de la plaine de Vosges","publisher":{"@id":"https:\/\/vosgesinfo.fr\/laplainedesvosgesinfo\/#organization"},"alternateName":"Toute l'actualit\u00e9 de la plaine des Vosges","potentialAction":[{"@type":"SearchAction","target":{"@type":"EntryPoint","urlTemplate":"https:\/\/vosgesinfo.fr\/laplainedesvosgesinfo\/?s={search_term_string}"},"query-input":"required name=search_term_string"}],"inLanguage":"fr-FR"},{"@type":"Organization","@id":"https:\/\/vosgesinfo.fr\/laplainedesvosgesinfo\/#organization","name":"La Plaine des Vosges","url":"https:\/\/vosgesinfo.fr\/laplainedesvosgesinfo\/","logo":{"@type":"ImageObject","inLanguage":"fr-FR","@id":"https:\/\/vosgesinfo.fr\/laplainedesvosgesinfo\/#\/schema\/logo\/image\/","url":"https:\/\/vosgesinfo.fr\/app\/uploads\/sites\/2\/2023\/08\/logo-laplaineinfo.svg","contentUrl":"https:\/\/vosgesinfo.fr\/app\/uploads\/sites\/2\/2023\/08\/logo-laplaineinfo.svg","width":1,"height":1,"caption":"La Plaine des Vosges"},"image":{"@id":"https:\/\/vosgesinfo.fr\/laplainedesvosgesinfo\/#\/schema\/logo\/image\/"},"sameAs":["https:\/\/www.facebook.com\/laplainedesvosges","https:\/\/x.com\/VosgesInfo88","https:\/\/www.youtube.com\/@vosgesinfo"]},{"@type":"Person","@id":"https:\/\/vosgesinfo.fr\/laplainedesvosgesinfo\/#\/schema\/person\/bc5d02d71e6932e81b6dadb7386667b1","name":"qs_admin","image":{"@type":"ImageObject","inLanguage":"fr-FR","@id":"https:\/\/vosgesinfo.fr\/laplainedesvosgesinfo\/#\/schema\/person\/image\/","url":"https:\/\/secure.gravatar.com\/avatar\/94b18ee0ed79e4a42ea2f2931277b6841a8999fc6fde214600c78057cf1fe1de?s=96&d=mm&r=g","contentUrl":"https:\/\/secure.gravatar.com\/avatar\/94b18ee0ed79e4a42ea2f2931277b6841a8999fc6fde214600c78057cf1fe1de?s=96&d=mm&r=g","caption":"qs_admin"},"sameAs":["https:\/\/vosgesinfo.fr\/wp"],"url":"https:\/\/vosgesinfo.fr\/laplainedesvosgesinfo\/author\/qs_admin\/"}]}},"_links":{"self":[{"href":"https:\/\/vosgesinfo.fr\/laplainedesvosgesinfo\/wp-json\/wp\/v2\/posts\/7316","targetHints":{"allow":["GET"]}}],"collection":[{"href":"https:\/\/vosgesinfo.fr\/laplainedesvosgesinfo\/wp-json\/wp\/v2\/posts"}],"about":[{"href":"https:\/\/vosgesinfo.fr\/laplainedesvosgesinfo\/wp-json\/wp\/v2\/types\/post"}],"author":[{"embeddable":true,"href":"https:\/\/vosgesinfo.fr\/laplainedesvosgesinfo\/wp-json\/wp\/v2\/users\/1"}],"replies":[{"embeddable":true,"href":"https:\/\/vosgesinfo.fr\/laplainedesvosgesinfo\/wp-json\/wp\/v2\/comments?post=7316"}],"version-history":[{"count":0,"href":"https:\/\/vosgesinfo.fr\/laplainedesvosgesinfo\/wp-json\/wp\/v2\/posts\/7316\/revisions"}],"wp:featuredmedia":[{"embeddable":true,"href":"https:\/\/vosgesinfo.fr\/laplainedesvosgesinfo\/wp-json\/wp\/v2\/media\/7317"}],"wp:attachment":[{"href":"https:\/\/vosgesinfo.fr\/laplainedesvosgesinfo\/wp-json\/wp\/v2\/media?parent=7316"}],"wp:term":[{"taxonomy":"category","embeddable":true,"href":"https:\/\/vosgesinfo.fr\/laplainedesvosgesinfo\/wp-json\/wp\/v2\/categories?post=7316"},{"taxonomy":"post_tag","embeddable":true,"href":"https:\/\/vosgesinfo.fr\/laplainedesvosgesinfo\/wp-json\/wp\/v2\/tags?post=7316"}],"curies":[{"name":"wp","href":"https:\/\/api.w.org\/{rel}","templated":true}]}}