{"id":7333,"date":"2016-10-13T07:25:26","date_gmt":"2016-10-13T05:25:26","guid":{"rendered":"https:\/\/vosgesinfo.fr\/laplainedesvosgesinfo\/2016\/10\/vosges-on-ouvre-le-bal-cest-parti-pour-graines-des-toiles\/"},"modified":"2016-10-13T07:25:26","modified_gmt":"2016-10-13T05:25:26","slug":"vosges-on-ouvre-le-bal-cest-parti-pour-graines-des-toiles","status":"publish","type":"post","link":"https:\/\/vosgesinfo.fr\/laplainedesvosgesinfo\/2016\/10\/vosges-on-ouvre-le-bal-cest-parti-pour-graines-des-toiles\/","title":{"rendered":"Vosges &#8211; On ouvre le bal, c\u2019est parti pour Graines des Toiles !"},"content":{"rendered":"<p><iframe loading=\"lazy\" title=\"Inaugurations Graines Des Toiles 2016 MCL G\u00e9rardmer\" width=\"500\" height=\"281\" src=\"https:\/\/www.youtube.com\/embed\/2De6S4TRf7g?feature=oembed\" frameborder=\"0\" allow=\"accelerometer; autoplay; clipboard-write; encrypted-media; gyroscope; picture-in-picture; web-share\" referrerpolicy=\"strict-origin-when-cross-origin\" allowfullscreen><\/iframe><\/p>\n<h2>On ouvre le bal (des vampires !!) avec la 9\u00e8me \u00e9dition du festival de cin\u00e9ma jeune public de G\u00e9rardmer inaugur\u00e9 ce mercredi soir \u00e0 la MCL de G\u00e9rardmer, structure organisatrice de l\u2019\u00e9v\u00e9nement.<\/h2>\n<div>\n<p><a href=\"http:\/\/gerardmerinfo.fr\/wp-content\/uploads\/2016\/10\/Inauguration-Graines-des-Toiles-2016-2.jpg\" data-featherlight=\"image\"><img decoding=\"async\" class=\" wp-image-96201\" src=\"https:\/\/vosgesinfo.fr\/app\/uploads\/sites\/2\/2016\/10\/inauguration-graines-des-toiles-2016-2-340x255-1.jpg\" alt=\"De gauche \u00e0 droite : Delphine Aubry, St\u00e9phane Lalev\u00e9e, Vincent Oudot, Martine Crouvezier &amp; Lo\u00efc Moresi\" width=\"329\" height=\"247\" \/><\/a><\/p>\n<p>Et c\u2019est avec un plaisir non dissimul\u00e9 que la pr\u00e9sidente de la maiso, Martine Crouvezier, a lanc\u00e9 les r\u00e9jouissances qui, rappelons-le, dureront pas moins de 3 semaines du 12 octobre au 1er novembre. Ce 9\u00e8me Graines des Toiles se la joue donc marathon avec un programme aussi qualitatif que quantitatif, mettant l\u2019accent sur une programmation vari\u00e9e et de nombreuses animations, le tout \u00e0 destination des enfants mais aussi des plus grands. On en frissonne d\u2019avance\u2026<\/p>\n<\/div>\n<div>Tout cela aura \u00e9t\u00e9 possible par le travail intensif de la commission cin\u00e9ma de la MCL pilot\u00e9 par Lo\u00efc Moresi, mais aussi les nombreux partenaires du festival que Martine Crouvezier a tenu \u00e0 citer lors de son allocution : Passeur d\u2019images, le conseil D\u00e9partemental et le conseil r\u00e9gional, la Ville de G\u00e9rardmer, La Confiserie des Hautes Vosges, mais aussi le Festival du Film Fantastique de G\u00e9rardmer. C\u2019est d\u2019ailleurs ce dernier qui parrainera la nuit Tim Burton programm\u00e9e le 28 octobre prochain (voir nos pr\u00e9c\u00e9dents articles).<\/div>\n<div>A ce propos, le directeur de la MCL Vincent Oudot n\u2019a pas manqu\u00e9 de faire un petit clin d\u2019\u0153il \u00e0 Justine Degois, actuellement en service civique et qui quittera un festival pour en rejoindre un autre. Apr\u00e8s avoir effectu\u00e9 un travail remarquable au sein de la MCL pour Graines des Toiles entre autre, la jeune G\u00e9r\u00f4moise concentrera bient\u00f4t ses efforts sur le festival du Film Fantastique, cr\u00e9ant ainsi une sorte de pont entre ces deux rendez-vous cin\u00e9matographiques bien inscrits dans le paysage culturel r\u00e9gional.<\/div>\n<div>\n<p><a href=\"http:\/\/gerardmerinfo.fr\/wp-content\/uploads\/2016\/10\/Inauguration-Graines-des-Toiles-2016-1.jpg\" data-featherlight=\"image\"><img decoding=\"async\" class=\" wp-image-96200\" src=\"https:\/\/vosgesinfo.fr\/app\/uploads\/sites\/2\/2016\/10\/inauguration-graines-des-toiles-2016-1-340x255-1.jpg\" alt=\"La classe de fl\u00fbte de Sophie Marc acompagn\u00e9e d'Aliz\u00e9e Rivot \u00e0 la contrebasse a mis en musique cette inauguration\" width=\"331\" height=\"248\" \/><\/a><\/p>\n<p>Car la Perle des Vosges est d\u00e9finitivement \u00ab\u00a0une terre d\u2019accueil du 7\u00e8me art\u00a0\u00bb , comme le rappellera Karine B\u00e9dez. La conseill\u00e8re municipale d\u00e9l\u00e9gu\u00e9e \u00e0 la jeunesse qui a par ailleurs f\u00e9licit\u00e9 l\u2019organisation pour son travail transversal avec les autres structures communales, \u00e0 l\u2019image d\u2019Innov\u2019LAc, de la m\u00e9diath\u00e8que et de la ludoth\u00e8que qui vont activement prendre part \u00e0 ce Graines des Toiles par le biais de multiples animations. Tout cela semble bien engag\u00e9 et la bonne humeur \u00e9tait de la partie lors de l\u2019inauguration qui a \u00e9galement permis de pr\u00e9senter l\u2019exposition install\u00e9e sp\u00e9cialement pour l\u2019occasion dans la galerie de la maison.<\/p>\n<\/div>\n<div>Une exposition qui r\u00e9unit deux artistes, \u00e0 commencer par Delphine Aubry, salari\u00e9e de la MCL qui s\u2019occupe notamment de la programmation de la galerie en question et qui a aussi une vie d\u2019artistes. C\u2019est \u00e0 travers un bestiaire qu\u2019elle qualifie elle-m\u00eame d\u2019onirique et satirique que Delphine aime s\u2019exprimer, soit par le biais de l\u2019illustration ou de travaux manuels. En l\u2019occurrence, elle a produit sp\u00e9cialement pour l\u2019occasion une flop\u00e9e de chauve-souris et autres volatiles, emmenant dans son d\u00e9lire artistique fort sympathique les enfants de la l\u2019accueil de loisirs de la MCL\u2026<\/div>\n<div><a href=\"http:\/\/gerardmerinfo.fr\/wp-content\/uploads\/2016\/10\/Inauguration-Graines-des-Toiles-2016-6.jpg\" data-featherlight=\"image\"><img decoding=\"async\" class=\"alignright  wp-image-96205\" src=\"https:\/\/vosgesinfo.fr\/app\/uploads\/sites\/2\/2016\/10\/inauguration-graines-des-toiles-2016-6-340x255-1.jpg\" alt=\"Inauguration Graines des Toiles 2016 (6)\" width=\"324\" height=\"243\" \/><\/a>Delphine partage l\u2019espace avec un autre r\u00eaveur et n\u00e9anmoins sculpteur : St\u00e9phane Lalev\u00e9e. Ce dernier travaille en taille directe depuis 16 ans maintenant et il a eu la bonne id\u00e9e de ramener un petit \u00e9chantillon de sa production. \u00ab\u00a0Des sortes de gargouilles faites \u00e0 partir de pierres qui ont d\u00e9j\u00e0 une histoire, un pass\u00e9, qui proviennent d\u2019\u00e9glises ou d\u2019autres b\u00e2timents et que mon coll\u00e8gue \u00a0confie. J\u2019essaye de leur redonner vie, c\u2019est la pierre qui me donne l\u2019id\u00e9e du chemin que je vais prendre pour la sculpter, et parfois \u00e7a peut mettre du temps !\u00a0\u00bb , pr\u00e9cise l\u2019artiste. Entre deux s\u00e9ances de cin\u00e9, vous savez donc ce qu\u2019il vous reste \u00e0 faire !<\/div>\n<div>Et n\u2019oubliez pas qu\u2019un programme complet vous attend \u00e0 la MCL et un peu partout o\u00f9 la culture a voix au chapitre\u00a0 !\u00a0 Sinon, rendez-vous le site de l\u2019\u00e9v\u00e9nement : <a href=\"http:\/\/www.grainesdestoiles.com\/\" target=\"_blank\" rel=\"noopener\">http:\/\/www.grainesdestoiles.com\/<\/a><\/div>\n<div><\/div>\n<div><\/div>\n<h3>Le programme de la 1\u00e8re semaine :<\/h3>\n<div><\/div>\n<div><b><a href=\"http:\/\/gerardmerinfo.fr\/wp-content\/uploads\/2016\/10\/Inauguration-Graines-des-Toiles-2016-3.jpg\" data-featherlight=\"image\"><img decoding=\"async\" class=\"alignright  wp-image-96202\" src=\"https:\/\/vosgesinfo.fr\/app\/uploads\/sites\/2\/2016\/10\/inauguration-graines-des-toiles-2016-3-340x255-1.jpg\" alt=\"Inauguration Graines des Toiles 2016 (3)\" width=\"328\" height=\"246\" \/><\/a>jeudi 13 octobre<\/b><\/div>\n<div><b><br \/>\n<\/b><\/div>\n<div>09:00 Spectacle \u00ab\u00a0les b\u00e2tons dans les roues\u00a0\u00bb suivi de Monsieur Bout de bois<\/div>\n<div>10:30 Les nouvelles aventures de Pat et Mat<\/div>\n<div>14:00 Le voyage de Chihiro<\/div>\n<div>20:00 E.T. L\u2019extra terrestre<\/div>\n<div><\/div>\n<div><b>vendredi 14 octobre<\/b><\/div>\n<div><b><br \/>\n<\/b><\/div>\n<div>09:00 Spectacle \u00ab\u00a0les b\u00e2tons dans les roues\u00a0\u00bb suivi de Monsieur Bout de bois<\/div>\n<div>10:30 Promenons nous avec les petits loups<\/div>\n<div>14:00 E.T l\u2019extra terrestre<\/div>\n<div><\/div>\n<div>\n<p><a href=\"https:\/\/vosgesinfo.fr\/app\/uploads\/sites\/2\/2016\/10\/inauguration-graines-des-toiles-2016-5.jpg\" data-featherlight=\"image\"><img decoding=\"async\" class=\"wp-image-96204\" src=\"https:\/\/vosgesinfo.fr\/app\/uploads\/sites\/2\/2016\/10\/inauguration-graines-des-toiles-2016-5.jpg\" alt=\"Qui sont les myst\u00e9rieuses chuchoteuses ?....\" width=\"269\" height=\"358\" \/><\/a><\/p>\n<p><b>samedi 15 octobre<\/b><\/p>\n<\/div>\n<div><b><br \/>\n<\/b><\/div>\n<div>14:30 Le voyage de Chihiro<\/div>\n<div>17:00 Les nouvelles aventures de Pat et Mat<\/div>\n<div>18:00: ANNULE \u2013 Piano Bar \u2013 ANNULE<\/div>\n<div>20:30 E.T l\u2019extra terrestre<\/div>\n<div><\/div>\n<div><b>dimanche 16 octobre<\/b><\/div>\n<div><b><br \/>\n<\/b><\/div>\n<div>09:45<b> Cin\u00e9 p\u2019tit d\u00e9j <\/b>\u00ab\u00a0Promenons nous avec les petits loups\u00a0\u00bb<\/div>\n<div><i>Un Cin\u00e9 P\u2019tit D\u00e9j\u2019 c\u2019est :<\/i><\/div>\n<div><i>un petit d\u00e9jeuner convivial et familial avant la s\u00e9ance de cin\u00e9ma le dimanche matin !<\/i><\/div>\n<div><i>Rendez-vous \u00e0 9h45 pour le p\u2019tit d\u00e9j\u2019 et \u00e0 10h30 pour le film. Tarif Unique : 4.50\u20ac pour tous<\/i><\/div>\n<div>15:00 Ivan Tsarevitch et la princesse changeante<\/div>\n<div>17:00 <b>Concert \u2013 Sleepy Monster<\/b><\/div>\n<div>\n<div><i>Sleepy Monster distille avant tout un style vivant et \u00e9volutif que chacun peut s\u2019approprier. C\u2019est ainsi que Pierre-Yves Donz\u00e9, pianiste compositeur, pr\u00e9sente ce projet. Un concert qui se veut p\u00e9dagogique puisque le<\/i><\/div>\n<div><i>compositeur Lorrain expliquera la cr\u00e9ation d\u2019effets, les improvisations, la musique assist\u00e9e par ordinateur\u2026<\/i><\/div>\n<div><i>Propos\u00e9 par la commission Musiques actuelles de la MCL\u2013 Entr\u00e9e Libre<\/i><\/div>\n<\/div>\n<div>18:30 Nocturna la nuit magique<\/div>\n<div><\/div>\n<div><b>lundi 17 octobre<\/b><\/div>\n<div><b><br \/>\n<\/b><\/div>\n<div>09:00 Les nouvelles aventures de Pat et Mat<\/div>\n<div>10:15 Monsieur Bout de bois<\/div>\n<div>14:00 Nocturna la nuit magique<\/div>\n<div><\/div>\n<div><b>mardi 18 octobre<\/b><\/div>\n<div><b><br \/>\n<\/b><\/div>\n<div>09:00 E.T l\u2019extra terrestre<\/div>\n<div>14:00 Le voyage de Chihiro<\/div>\n<div>18:30 Ivan Tsarevitch et la princesse changeante<\/div>\n<div>20:00 <b>Th\u00e9\u00e2tre Improvisation \u00ab\u00a0Frissons\u00a0\u00bb<\/b><\/div>\n<div><i>Le Plateau Ivre investit la MCL pour un cours de th\u00e9\u00e2tre d\u2019improvisation sur le th\u00e8me \u00ab\u00a0Frissons\u00a0\u00bb\u2026\u00a0<\/i><i>\u2013 Entr\u00e9e Libre<\/i><\/div>\n","protected":false},"excerpt":{"rendered":"<p>On ouvre le bal (des vampires !!) avec la 9\u00e8me \u00e9dition du festival de cin\u00e9ma jeune public de G\u00e9rardmer inaugur\u00e9 [&hellip;]<\/p>\n","protected":false},"author":1,"featured_media":7334,"comment_status":"open","ping_status":"open","sticky":false,"template":"","format":"standard","meta":{"footnotes":""},"categories":[29,4,18],"tags":[2480,526],"class_list":["post-7333","post","type-post","status-publish","format-standard","has-post-thumbnail","hentry","category-a-la-une","category-culture","category-vosges","tag-festival-graines-de-toiles","tag-gerardmer"],"acf":[],"yoast_head":"<!-- This site is optimized with the Yoast SEO plugin v22.5 - https:\/\/yoast.com\/wordpress\/plugins\/seo\/ -->\n<title>Vosges - On ouvre le bal, c\u2019est parti pour Graines des Toiles ! - La Plaine des Vosges<\/title>\n<meta name=\"robots\" content=\"index, follow, max-snippet:-1, max-image-preview:large, max-video-preview:-1\" \/>\n<link rel=\"canonical\" href=\"https:\/\/vosgesinfo.fr\/laplainedesvosgesinfo\/2016\/10\/vosges-on-ouvre-le-bal-cest-parti-pour-graines-des-toiles\/\" \/>\n<meta name=\"twitter:card\" content=\"summary_large_image\" \/>\n<meta name=\"twitter:title\" content=\"Vosges - On ouvre le bal, c\u2019est parti pour Graines des Toiles ! - La Plaine des Vosges\" \/>\n<meta name=\"twitter:description\" content=\"On ouvre le bal (des vampires !!) avec la 9\u00e8me \u00e9dition du festival de cin\u00e9ma jeune public de G\u00e9rardmer inaugur\u00e9 [&hellip;]\" \/>\n<meta name=\"twitter:image\" content=\"https:\/\/vosgesinfo.fr\/app\/uploads\/sites\/2\/2024\/06\/201610inauguration-graines-des-toiles-2016-1.jpg\" \/>\n<meta name=\"twitter:creator\" content=\"@VosgesInfo88\" \/>\n<meta name=\"twitter:site\" content=\"@VosgesInfo88\" \/>\n<meta name=\"twitter:label1\" content=\"\u00c9crit par\" \/>\n\t<meta name=\"twitter:data1\" content=\"qs_admin\" \/>\n\t<meta name=\"twitter:label2\" content=\"Dur\u00e9e de lecture estim\u00e9e\" \/>\n\t<meta name=\"twitter:data2\" content=\"5 minutes\" \/>\n<script type=\"application\/ld+json\" class=\"yoast-schema-graph\">{\"@context\":\"https:\/\/schema.org\",\"@graph\":[{\"@type\":\"Article\",\"@id\":\"https:\/\/vosgesinfo.fr\/laplainedesvosgesinfo\/2016\/10\/vosges-on-ouvre-le-bal-cest-parti-pour-graines-des-toiles\/#article\",\"isPartOf\":{\"@id\":\"https:\/\/vosgesinfo.fr\/laplainedesvosgesinfo\/2016\/10\/vosges-on-ouvre-le-bal-cest-parti-pour-graines-des-toiles\/\"},\"author\":{\"name\":\"qs_admin\",\"@id\":\"https:\/\/vosgesinfo.fr\/laplainedesvosgesinfo\/#\/schema\/person\/bc5d02d71e6932e81b6dadb7386667b1\"},\"headline\":\"Vosges &#8211; On ouvre le bal, c\u2019est parti pour Graines des Toiles !\",\"datePublished\":\"2016-10-13T05:25:26+00:00\",\"dateModified\":\"2016-10-13T05:25:26+00:00\",\"mainEntityOfPage\":{\"@id\":\"https:\/\/vosgesinfo.fr\/laplainedesvosgesinfo\/2016\/10\/vosges-on-ouvre-le-bal-cest-parti-pour-graines-des-toiles\/\"},\"wordCount\":979,\"commentCount\":0,\"publisher\":{\"@id\":\"https:\/\/vosgesinfo.fr\/laplainedesvosgesinfo\/#organization\"},\"image\":{\"@id\":\"https:\/\/vosgesinfo.fr\/laplainedesvosgesinfo\/2016\/10\/vosges-on-ouvre-le-bal-cest-parti-pour-graines-des-toiles\/#primaryimage\"},\"thumbnailUrl\":\"https:\/\/vosgesinfo.fr\/app\/uploads\/sites\/2\/2024\/06\/201610inauguration-graines-des-toiles-2016-1.jpg\",\"keywords\":[\"Festival graines de Toiles\",\"G\u00e9rardmer\"],\"articleSection\":[\"A la Une\",\"Culture\",\"Vosges\"],\"inLanguage\":\"fr-FR\",\"potentialAction\":[{\"@type\":\"CommentAction\",\"name\":\"Comment\",\"target\":[\"https:\/\/vosgesinfo.fr\/laplainedesvosgesinfo\/2016\/10\/vosges-on-ouvre-le-bal-cest-parti-pour-graines-des-toiles\/#respond\"]}]},{\"@type\":\"WebPage\",\"@id\":\"https:\/\/vosgesinfo.fr\/laplainedesvosgesinfo\/2016\/10\/vosges-on-ouvre-le-bal-cest-parti-pour-graines-des-toiles\/\",\"url\":\"https:\/\/vosgesinfo.fr\/laplainedesvosgesinfo\/2016\/10\/vosges-on-ouvre-le-bal-cest-parti-pour-graines-des-toiles\/\",\"name\":\"Vosges - On ouvre le bal, c\u2019est parti pour Graines des Toiles ! - La Plaine des Vosges\",\"isPartOf\":{\"@id\":\"https:\/\/vosgesinfo.fr\/laplainedesvosgesinfo\/#website\"},\"primaryImageOfPage\":{\"@id\":\"https:\/\/vosgesinfo.fr\/laplainedesvosgesinfo\/2016\/10\/vosges-on-ouvre-le-bal-cest-parti-pour-graines-des-toiles\/#primaryimage\"},\"image\":{\"@id\":\"https:\/\/vosgesinfo.fr\/laplainedesvosgesinfo\/2016\/10\/vosges-on-ouvre-le-bal-cest-parti-pour-graines-des-toiles\/#primaryimage\"},\"thumbnailUrl\":\"https:\/\/vosgesinfo.fr\/app\/uploads\/sites\/2\/2024\/06\/201610inauguration-graines-des-toiles-2016-1.jpg\",\"datePublished\":\"2016-10-13T05:25:26+00:00\",\"dateModified\":\"2016-10-13T05:25:26+00:00\",\"breadcrumb\":{\"@id\":\"https:\/\/vosgesinfo.fr\/laplainedesvosgesinfo\/2016\/10\/vosges-on-ouvre-le-bal-cest-parti-pour-graines-des-toiles\/#breadcrumb\"},\"inLanguage\":\"fr-FR\",\"potentialAction\":[{\"@type\":\"ReadAction\",\"target\":[\"https:\/\/vosgesinfo.fr\/laplainedesvosgesinfo\/2016\/10\/vosges-on-ouvre-le-bal-cest-parti-pour-graines-des-toiles\/\"]}]},{\"@type\":\"ImageObject\",\"inLanguage\":\"fr-FR\",\"@id\":\"https:\/\/vosgesinfo.fr\/laplainedesvosgesinfo\/2016\/10\/vosges-on-ouvre-le-bal-cest-parti-pour-graines-des-toiles\/#primaryimage\",\"url\":\"https:\/\/vosgesinfo.fr\/app\/uploads\/sites\/2\/2024\/06\/201610inauguration-graines-des-toiles-2016-1.jpg\",\"contentUrl\":\"https:\/\/vosgesinfo.fr\/app\/uploads\/sites\/2\/2024\/06\/201610inauguration-graines-des-toiles-2016-1.jpg\",\"width\":800,\"height\":600},{\"@type\":\"BreadcrumbList\",\"@id\":\"https:\/\/vosgesinfo.fr\/laplainedesvosgesinfo\/2016\/10\/vosges-on-ouvre-le-bal-cest-parti-pour-graines-des-toiles\/#breadcrumb\",\"itemListElement\":[{\"@type\":\"ListItem\",\"position\":1,\"name\":\"Home\",\"item\":\"https:\/\/vosgesinfo.fr\/laplainedesvosgesinfo\/\"},{\"@type\":\"ListItem\",\"position\":2,\"name\":\"Vosges &#8211; On ouvre le bal, c\u2019est parti pour Graines des Toiles !\"}]},{\"@type\":\"WebSite\",\"@id\":\"https:\/\/vosgesinfo.fr\/laplainedesvosgesinfo\/#website\",\"url\":\"https:\/\/vosgesinfo.fr\/laplainedesvosgesinfo\/\",\"name\":\"La Plaine des Vosges\",\"description\":\"Toute l&#039;actualit\u00e9 de la plaine de Vosges\",\"publisher\":{\"@id\":\"https:\/\/vosgesinfo.fr\/laplainedesvosgesinfo\/#organization\"},\"alternateName\":\"Toute l'actualit\u00e9 de la plaine des Vosges\",\"potentialAction\":[{\"@type\":\"SearchAction\",\"target\":{\"@type\":\"EntryPoint\",\"urlTemplate\":\"https:\/\/vosgesinfo.fr\/laplainedesvosgesinfo\/?s={search_term_string}\"},\"query-input\":\"required name=search_term_string\"}],\"inLanguage\":\"fr-FR\"},{\"@type\":\"Organization\",\"@id\":\"https:\/\/vosgesinfo.fr\/laplainedesvosgesinfo\/#organization\",\"name\":\"La Plaine des Vosges\",\"url\":\"https:\/\/vosgesinfo.fr\/laplainedesvosgesinfo\/\",\"logo\":{\"@type\":\"ImageObject\",\"inLanguage\":\"fr-FR\",\"@id\":\"https:\/\/vosgesinfo.fr\/laplainedesvosgesinfo\/#\/schema\/logo\/image\/\",\"url\":\"https:\/\/vosgesinfo.fr\/app\/uploads\/sites\/2\/2023\/08\/logo-laplaineinfo.svg\",\"contentUrl\":\"https:\/\/vosgesinfo.fr\/app\/uploads\/sites\/2\/2023\/08\/logo-laplaineinfo.svg\",\"width\":1,\"height\":1,\"caption\":\"La Plaine des Vosges\"},\"image\":{\"@id\":\"https:\/\/vosgesinfo.fr\/laplainedesvosgesinfo\/#\/schema\/logo\/image\/\"},\"sameAs\":[\"https:\/\/www.facebook.com\/laplainedesvosges\",\"https:\/\/x.com\/VosgesInfo88\",\"https:\/\/www.youtube.com\/@vosgesinfo\"]},{\"@type\":\"Person\",\"@id\":\"https:\/\/vosgesinfo.fr\/laplainedesvosgesinfo\/#\/schema\/person\/bc5d02d71e6932e81b6dadb7386667b1\",\"name\":\"qs_admin\",\"image\":{\"@type\":\"ImageObject\",\"inLanguage\":\"fr-FR\",\"@id\":\"https:\/\/vosgesinfo.fr\/laplainedesvosgesinfo\/#\/schema\/person\/image\/\",\"url\":\"https:\/\/secure.gravatar.com\/avatar\/94b18ee0ed79e4a42ea2f2931277b6841a8999fc6fde214600c78057cf1fe1de?s=96&d=mm&r=g\",\"contentUrl\":\"https:\/\/secure.gravatar.com\/avatar\/94b18ee0ed79e4a42ea2f2931277b6841a8999fc6fde214600c78057cf1fe1de?s=96&d=mm&r=g\",\"caption\":\"qs_admin\"},\"sameAs\":[\"https:\/\/vosgesinfo.fr\/wp\"],\"url\":\"https:\/\/vosgesinfo.fr\/laplainedesvosgesinfo\/author\/qs_admin\/\"}]}<\/script>\n<!-- \/ Yoast SEO plugin. -->","yoast_head_json":{"title":"Vosges - On ouvre le bal, c\u2019est parti pour Graines des Toiles ! - La Plaine des Vosges","robots":{"index":"index","follow":"follow","max-snippet":"max-snippet:-1","max-image-preview":"max-image-preview:large","max-video-preview":"max-video-preview:-1"},"canonical":"https:\/\/vosgesinfo.fr\/laplainedesvosgesinfo\/2016\/10\/vosges-on-ouvre-le-bal-cest-parti-pour-graines-des-toiles\/","twitter_card":"summary_large_image","twitter_title":"Vosges - On ouvre le bal, c\u2019est parti pour Graines des Toiles ! - La Plaine des Vosges","twitter_description":"On ouvre le bal (des vampires !!) avec la 9\u00e8me \u00e9dition du festival de cin\u00e9ma jeune public de G\u00e9rardmer inaugur\u00e9 [&hellip;]","twitter_image":"https:\/\/vosgesinfo.fr\/app\/uploads\/sites\/2\/2024\/06\/201610inauguration-graines-des-toiles-2016-1.jpg","twitter_creator":"@VosgesInfo88","twitter_site":"@VosgesInfo88","twitter_misc":{"\u00c9crit par":"qs_admin","Dur\u00e9e de lecture estim\u00e9e":"5 minutes"},"schema":{"@context":"https:\/\/schema.org","@graph":[{"@type":"Article","@id":"https:\/\/vosgesinfo.fr\/laplainedesvosgesinfo\/2016\/10\/vosges-on-ouvre-le-bal-cest-parti-pour-graines-des-toiles\/#article","isPartOf":{"@id":"https:\/\/vosgesinfo.fr\/laplainedesvosgesinfo\/2016\/10\/vosges-on-ouvre-le-bal-cest-parti-pour-graines-des-toiles\/"},"author":{"name":"qs_admin","@id":"https:\/\/vosgesinfo.fr\/laplainedesvosgesinfo\/#\/schema\/person\/bc5d02d71e6932e81b6dadb7386667b1"},"headline":"Vosges &#8211; On ouvre le bal, c\u2019est parti pour Graines des Toiles !","datePublished":"2016-10-13T05:25:26+00:00","dateModified":"2016-10-13T05:25:26+00:00","mainEntityOfPage":{"@id":"https:\/\/vosgesinfo.fr\/laplainedesvosgesinfo\/2016\/10\/vosges-on-ouvre-le-bal-cest-parti-pour-graines-des-toiles\/"},"wordCount":979,"commentCount":0,"publisher":{"@id":"https:\/\/vosgesinfo.fr\/laplainedesvosgesinfo\/#organization"},"image":{"@id":"https:\/\/vosgesinfo.fr\/laplainedesvosgesinfo\/2016\/10\/vosges-on-ouvre-le-bal-cest-parti-pour-graines-des-toiles\/#primaryimage"},"thumbnailUrl":"https:\/\/vosgesinfo.fr\/app\/uploads\/sites\/2\/2024\/06\/201610inauguration-graines-des-toiles-2016-1.jpg","keywords":["Festival graines de Toiles","G\u00e9rardmer"],"articleSection":["A la Une","Culture","Vosges"],"inLanguage":"fr-FR","potentialAction":[{"@type":"CommentAction","name":"Comment","target":["https:\/\/vosgesinfo.fr\/laplainedesvosgesinfo\/2016\/10\/vosges-on-ouvre-le-bal-cest-parti-pour-graines-des-toiles\/#respond"]}]},{"@type":"WebPage","@id":"https:\/\/vosgesinfo.fr\/laplainedesvosgesinfo\/2016\/10\/vosges-on-ouvre-le-bal-cest-parti-pour-graines-des-toiles\/","url":"https:\/\/vosgesinfo.fr\/laplainedesvosgesinfo\/2016\/10\/vosges-on-ouvre-le-bal-cest-parti-pour-graines-des-toiles\/","name":"Vosges - On ouvre le bal, c\u2019est parti pour Graines des Toiles ! - La Plaine des Vosges","isPartOf":{"@id":"https:\/\/vosgesinfo.fr\/laplainedesvosgesinfo\/#website"},"primaryImageOfPage":{"@id":"https:\/\/vosgesinfo.fr\/laplainedesvosgesinfo\/2016\/10\/vosges-on-ouvre-le-bal-cest-parti-pour-graines-des-toiles\/#primaryimage"},"image":{"@id":"https:\/\/vosgesinfo.fr\/laplainedesvosgesinfo\/2016\/10\/vosges-on-ouvre-le-bal-cest-parti-pour-graines-des-toiles\/#primaryimage"},"thumbnailUrl":"https:\/\/vosgesinfo.fr\/app\/uploads\/sites\/2\/2024\/06\/201610inauguration-graines-des-toiles-2016-1.jpg","datePublished":"2016-10-13T05:25:26+00:00","dateModified":"2016-10-13T05:25:26+00:00","breadcrumb":{"@id":"https:\/\/vosgesinfo.fr\/laplainedesvosgesinfo\/2016\/10\/vosges-on-ouvre-le-bal-cest-parti-pour-graines-des-toiles\/#breadcrumb"},"inLanguage":"fr-FR","potentialAction":[{"@type":"ReadAction","target":["https:\/\/vosgesinfo.fr\/laplainedesvosgesinfo\/2016\/10\/vosges-on-ouvre-le-bal-cest-parti-pour-graines-des-toiles\/"]}]},{"@type":"ImageObject","inLanguage":"fr-FR","@id":"https:\/\/vosgesinfo.fr\/laplainedesvosgesinfo\/2016\/10\/vosges-on-ouvre-le-bal-cest-parti-pour-graines-des-toiles\/#primaryimage","url":"https:\/\/vosgesinfo.fr\/app\/uploads\/sites\/2\/2024\/06\/201610inauguration-graines-des-toiles-2016-1.jpg","contentUrl":"https:\/\/vosgesinfo.fr\/app\/uploads\/sites\/2\/2024\/06\/201610inauguration-graines-des-toiles-2016-1.jpg","width":800,"height":600},{"@type":"BreadcrumbList","@id":"https:\/\/vosgesinfo.fr\/laplainedesvosgesinfo\/2016\/10\/vosges-on-ouvre-le-bal-cest-parti-pour-graines-des-toiles\/#breadcrumb","itemListElement":[{"@type":"ListItem","position":1,"name":"Home","item":"https:\/\/vosgesinfo.fr\/laplainedesvosgesinfo\/"},{"@type":"ListItem","position":2,"name":"Vosges &#8211; On ouvre le bal, c\u2019est parti pour Graines des Toiles !"}]},{"@type":"WebSite","@id":"https:\/\/vosgesinfo.fr\/laplainedesvosgesinfo\/#website","url":"https:\/\/vosgesinfo.fr\/laplainedesvosgesinfo\/","name":"La Plaine des Vosges","description":"Toute l&#039;actualit\u00e9 de la plaine de Vosges","publisher":{"@id":"https:\/\/vosgesinfo.fr\/laplainedesvosgesinfo\/#organization"},"alternateName":"Toute l'actualit\u00e9 de la plaine des Vosges","potentialAction":[{"@type":"SearchAction","target":{"@type":"EntryPoint","urlTemplate":"https:\/\/vosgesinfo.fr\/laplainedesvosgesinfo\/?s={search_term_string}"},"query-input":"required name=search_term_string"}],"inLanguage":"fr-FR"},{"@type":"Organization","@id":"https:\/\/vosgesinfo.fr\/laplainedesvosgesinfo\/#organization","name":"La Plaine des Vosges","url":"https:\/\/vosgesinfo.fr\/laplainedesvosgesinfo\/","logo":{"@type":"ImageObject","inLanguage":"fr-FR","@id":"https:\/\/vosgesinfo.fr\/laplainedesvosgesinfo\/#\/schema\/logo\/image\/","url":"https:\/\/vosgesinfo.fr\/app\/uploads\/sites\/2\/2023\/08\/logo-laplaineinfo.svg","contentUrl":"https:\/\/vosgesinfo.fr\/app\/uploads\/sites\/2\/2023\/08\/logo-laplaineinfo.svg","width":1,"height":1,"caption":"La Plaine des Vosges"},"image":{"@id":"https:\/\/vosgesinfo.fr\/laplainedesvosgesinfo\/#\/schema\/logo\/image\/"},"sameAs":["https:\/\/www.facebook.com\/laplainedesvosges","https:\/\/x.com\/VosgesInfo88","https:\/\/www.youtube.com\/@vosgesinfo"]},{"@type":"Person","@id":"https:\/\/vosgesinfo.fr\/laplainedesvosgesinfo\/#\/schema\/person\/bc5d02d71e6932e81b6dadb7386667b1","name":"qs_admin","image":{"@type":"ImageObject","inLanguage":"fr-FR","@id":"https:\/\/vosgesinfo.fr\/laplainedesvosgesinfo\/#\/schema\/person\/image\/","url":"https:\/\/secure.gravatar.com\/avatar\/94b18ee0ed79e4a42ea2f2931277b6841a8999fc6fde214600c78057cf1fe1de?s=96&d=mm&r=g","contentUrl":"https:\/\/secure.gravatar.com\/avatar\/94b18ee0ed79e4a42ea2f2931277b6841a8999fc6fde214600c78057cf1fe1de?s=96&d=mm&r=g","caption":"qs_admin"},"sameAs":["https:\/\/vosgesinfo.fr\/wp"],"url":"https:\/\/vosgesinfo.fr\/laplainedesvosgesinfo\/author\/qs_admin\/"}]}},"_links":{"self":[{"href":"https:\/\/vosgesinfo.fr\/laplainedesvosgesinfo\/wp-json\/wp\/v2\/posts\/7333","targetHints":{"allow":["GET"]}}],"collection":[{"href":"https:\/\/vosgesinfo.fr\/laplainedesvosgesinfo\/wp-json\/wp\/v2\/posts"}],"about":[{"href":"https:\/\/vosgesinfo.fr\/laplainedesvosgesinfo\/wp-json\/wp\/v2\/types\/post"}],"author":[{"embeddable":true,"href":"https:\/\/vosgesinfo.fr\/laplainedesvosgesinfo\/wp-json\/wp\/v2\/users\/1"}],"replies":[{"embeddable":true,"href":"https:\/\/vosgesinfo.fr\/laplainedesvosgesinfo\/wp-json\/wp\/v2\/comments?post=7333"}],"version-history":[{"count":0,"href":"https:\/\/vosgesinfo.fr\/laplainedesvosgesinfo\/wp-json\/wp\/v2\/posts\/7333\/revisions"}],"wp:featuredmedia":[{"embeddable":true,"href":"https:\/\/vosgesinfo.fr\/laplainedesvosgesinfo\/wp-json\/wp\/v2\/media\/7334"}],"wp:attachment":[{"href":"https:\/\/vosgesinfo.fr\/laplainedesvosgesinfo\/wp-json\/wp\/v2\/media?parent=7333"}],"wp:term":[{"taxonomy":"category","embeddable":true,"href":"https:\/\/vosgesinfo.fr\/laplainedesvosgesinfo\/wp-json\/wp\/v2\/categories?post=7333"},{"taxonomy":"post_tag","embeddable":true,"href":"https:\/\/vosgesinfo.fr\/laplainedesvosgesinfo\/wp-json\/wp\/v2\/tags?post=7333"}],"curies":[{"name":"wp","href":"https:\/\/api.w.org\/{rel}","templated":true}]}}