{"id":7349,"date":"2016-10-13T13:03:10","date_gmt":"2016-10-13T11:03:10","guid":{"rendered":"https:\/\/vosgesinfo.fr\/laplainedesvosgesinfo\/2016\/10\/un-32eme-congres-de-lanem-mi-deodatien-mi-geromois-autour-de-la-nouvelle-loi-montagne\/"},"modified":"2016-10-13T13:03:10","modified_gmt":"2016-10-13T11:03:10","slug":"un-32eme-congres-de-lanem-mi-deodatien-mi-geromois-autour-de-la-nouvelle-loi-montagne","status":"publish","type":"post","link":"https:\/\/vosgesinfo.fr\/laplainedesvosgesinfo\/2016\/10\/un-32eme-congres-de-lanem-mi-deodatien-mi-geromois-autour-de-la-nouvelle-loi-montagne\/","title":{"rendered":"Un 32\u00e8me congr\u00e8s de l\u2019ANEM mi-d\u00e9odatien mi-g\u00e9r\u00f4mois autour de la nouvelle loi Montagne"},"content":{"rendered":"<p style=\"text-align: justify;\"><a href=\"\/2016\/10\/ANEM_02.jpg\"><img decoding=\"async\" class=\"aligncenter size-full wp-image-81215\" src=\"\/2016\/10\/ANEM_02.jpg\" alt=\"ANEM_02\" width=\"800\" height=\"534\" \/><\/a><\/p>\n<p style=\"text-align: justify;\"><strong>L\u2019Association Nationale des Elus de la Montagne \u2013 ANEM \u2013 se mobilise depuis maintenant plus de 30 ans pour faire respecter la sp\u00e9cificit\u00e9 des territoires de montagne, dont le d\u00e9veloppement \u00e9quitable et durable constitue un objectif d\u2019int\u00e9r\u00eat national.<\/strong><\/p>\n<p style=\"text-align: justify;\">L\u2019association rassemble quelques 4000 communes et intercommunalit\u00e9s, r\u00e9parties dans 43 d\u00e9partements et 7 r\u00e9gions de France. Chaque ann\u00e9e, l\u2019ANEM organise un congr\u00e8s r\u00e9unissant les \u00e9lus et acteurs de la Montagne ainsi que des repr\u00e9sentants de l\u2019Etat autour de th\u00e9matiques relatives au vaste territoire montagnard fran\u00e7ais, qui repr\u00e9sente un quart du territoire national. Le 32\u00e8me congr\u00e8s de l\u2019ANEM se tient ces jeudi 13 et vendredi 14 \u00e0 Saint-Di\u00e9-des-Vosges et G\u00e9rardmer, au sein de l\u2019Espace Fran\u00e7ois-Mitterrand dans un premier temps, puis \u00e0 l\u2019Espace LAC ensuite. Constatant \u00ab un nouveau souffle pour la Montagne \u00bb, les d\u00e9bats de cette premi\u00e8re \u00e9dition mi-d\u00e9odatienne mi-g\u00e9r\u00f4moise sont centr\u00e9s sur le projet de loi de modernisation, de d\u00e9veloppement et de protection des territoires de montagne.<\/p>\n<div class=\"tiled-gallery type-rectangular\" data-original-width=\"960\" data-carousel-extra=\"null\">\n<div class=\"gallery-row\" data-original-width=\"960\" data-original-height=\"321\">\n<div class=\"gallery-group images-1\" data-original-width=\"480\" data-original-height=\"321\">\n<div class=\"tiled-gallery-item tiled-gallery-item-large\"><a href=\"http:\/\/saintdieinfo.fr\/wp-content\/uploads\/2016\/10\/ANEM_12.jpg\" data-featherlight=\"image\"> <img decoding=\"async\" class=\"\" title=\"ANEM_12\" src=\"http:\/\/i1.wp.com\/saintdieinfo.fr\/wp-content\/uploads\/2016\/10\/ANEM_12.jpg?resize=476%2C317\" alt=\"ANEM_12\" width=\"302\" height=\"201\" data-attachment-id=\"94317\" data-orig-file=\"http:\/\/saintdieinfo.fr\/wp-content\/uploads\/2016\/10\/ANEM_12.jpg\" data-orig-size=\"1000,667\" data-comments-opened=\"1\" data-image-meta=\"{&quot;aperture&quot;:&quot;0&quot;,&quot;credit&quot;:&quot;&quot;,&quot;camera&quot;:&quot;&quot;,&quot;caption&quot;:&quot;&quot;,&quot;created_timestamp&quot;:&quot;0&quot;,&quot;copyright&quot;:&quot;&quot;,&quot;focal_length&quot;:&quot;0&quot;,&quot;iso&quot;:&quot;0&quot;,&quot;shutter_speed&quot;:&quot;0&quot;,&quot;title&quot;:&quot;&quot;,&quot;orientation&quot;:&quot;1&quot;}\" data-image-title=\"ANEM_12\" data-image-description=\"\" data-medium-file=\"http:\/\/saintdieinfo.fr\/wp-content\/uploads\/2016\/10\/ANEM_12-382x255.jpg\" data-large-file=\"http:\/\/saintdieinfo.fr\/wp-content\/uploads\/2016\/10\/ANEM_12.jpg\" data-original-width=\"476\" data-original-height=\"317\" data-recalc-dims=\"1\" \/> <\/a><\/div>\n<\/div>\n<div class=\"gallery-group images-1\" data-original-width=\"480\" data-original-height=\"321\">\n<div class=\"tiled-gallery-item tiled-gallery-item-large\"><a href=\"http:\/\/saintdieinfo.fr\/wp-content\/uploads\/2016\/10\/ANEM_03.jpg\" data-featherlight=\"image\"> <img decoding=\"async\" class=\"\" title=\"ANEM_03\" src=\"http:\/\/i2.wp.com\/saintdieinfo.fr\/wp-content\/uploads\/2016\/10\/ANEM_03.jpg?resize=476%2C317\" alt=\"ANEM_03\" width=\"302\" height=\"201\" data-attachment-id=\"94308\" data-orig-file=\"http:\/\/saintdieinfo.fr\/wp-content\/uploads\/2016\/10\/ANEM_03.jpg\" data-orig-size=\"1000,667\" data-comments-opened=\"1\" data-image-meta=\"{&quot;aperture&quot;:&quot;0&quot;,&quot;credit&quot;:&quot;&quot;,&quot;camera&quot;:&quot;&quot;,&quot;caption&quot;:&quot;&quot;,&quot;created_timestamp&quot;:&quot;0&quot;,&quot;copyright&quot;:&quot;&quot;,&quot;focal_length&quot;:&quot;0&quot;,&quot;iso&quot;:&quot;0&quot;,&quot;shutter_speed&quot;:&quot;0&quot;,&quot;title&quot;:&quot;&quot;,&quot;orientation&quot;:&quot;1&quot;}\" data-image-title=\"ANEM_03\" data-image-description=\"\" data-medium-file=\"http:\/\/saintdieinfo.fr\/wp-content\/uploads\/2016\/10\/ANEM_03-382x255.jpg\" data-large-file=\"http:\/\/saintdieinfo.fr\/wp-content\/uploads\/2016\/10\/ANEM_03.jpg\" data-original-width=\"476\" data-original-height=\"317\" data-recalc-dims=\"1\" \/> <\/a><\/div>\n<\/div>\n<\/div>\n<\/div>\n<p style=\"text-align: justify;\">Longtemps r\u00e9clam\u00e9 par l\u2019ANEM, ce projet de loi a \u00e9t\u00e9 adopt\u00e9 \u00e0 l\u2019unanimit\u00e9 en premi\u00e8re lecture \u00e0 l\u2019Assembl\u00e9e Nationale dans la nuit de mercredi \u00e0 jeudi, soit il y a seulement quelques heures. En vue de son adoption d\u00e9finitive, il sera prochainement soumis au vote du S\u00e9nat. Le texte comporte 3 objectifs principaux, \u00e0 savoir moderniser les dispositifs et les instances de gouvernance actuels des massifs de montagne et conforter les moyens de leur essor et de leur pr\u00e9servation; adapter la mani\u00e8re dont les politiques publiques appr\u00e9hendent les territoires de montagne, pour compenser les contraintes g\u00e9ographiques, valoriser leurs atouts et mobiliser leur potentiel d\u2019innovation; r\u00e9pondre aux besoins de la vie quotidienne des habitants, entreprises et usagers, tout particuli\u00e8rement dans l\u2019acc\u00e8s aux services publics, aux soins, aux transports ou aux services num\u00e9riques.<\/p>\n<div class=\"tiled-gallery type-rectangular\" data-original-width=\"960\" data-carousel-extra=\"null\">\n<div class=\"gallery-row\" data-original-width=\"960\" data-original-height=\"321\">\n<div class=\"gallery-group images-1\" data-original-width=\"480\" data-original-height=\"321\">\n<div class=\"tiled-gallery-item tiled-gallery-item-large\"><a href=\"http:\/\/saintdieinfo.fr\/wp-content\/uploads\/2016\/10\/ANEM_01.jpg\" data-featherlight=\"image\"> <img decoding=\"async\" class=\"\" title=\"ANEM_01\" src=\"http:\/\/i0.wp.com\/saintdieinfo.fr\/wp-content\/uploads\/2016\/10\/ANEM_01.jpg?resize=476%2C317\" alt=\"ANEM_01\" width=\"302\" height=\"201\" data-attachment-id=\"94306\" data-orig-file=\"http:\/\/saintdieinfo.fr\/wp-content\/uploads\/2016\/10\/ANEM_01.jpg\" data-orig-size=\"1000,667\" data-comments-opened=\"1\" data-image-meta=\"{&quot;aperture&quot;:&quot;0&quot;,&quot;credit&quot;:&quot;&quot;,&quot;camera&quot;:&quot;&quot;,&quot;caption&quot;:&quot;&quot;,&quot;created_timestamp&quot;:&quot;0&quot;,&quot;copyright&quot;:&quot;&quot;,&quot;focal_length&quot;:&quot;0&quot;,&quot;iso&quot;:&quot;0&quot;,&quot;shutter_speed&quot;:&quot;0&quot;,&quot;title&quot;:&quot;&quot;,&quot;orientation&quot;:&quot;1&quot;}\" data-image-title=\"ANEM_01\" data-image-description=\"\" data-medium-file=\"http:\/\/saintdieinfo.fr\/wp-content\/uploads\/2016\/10\/ANEM_01-382x255.jpg\" data-large-file=\"http:\/\/saintdieinfo.fr\/wp-content\/uploads\/2016\/10\/ANEM_01.jpg\" data-original-width=\"476\" data-original-height=\"317\" data-recalc-dims=\"1\" \/> <\/a><\/div>\n<\/div>\n<div class=\"gallery-group images-1\" data-original-width=\"480\" data-original-height=\"321\">\n<div class=\"tiled-gallery-item tiled-gallery-item-large\"><a href=\"http:\/\/saintdieinfo.fr\/wp-content\/uploads\/2016\/10\/ANEM_04.jpg\" data-featherlight=\"image\"> <img decoding=\"async\" class=\"\" title=\"ANEM_04\" src=\"http:\/\/i1.wp.com\/saintdieinfo.fr\/wp-content\/uploads\/2016\/10\/ANEM_04.jpg?resize=476%2C317\" alt=\"ANEM_04\" width=\"302\" height=\"201\" data-attachment-id=\"94309\" data-orig-file=\"http:\/\/saintdieinfo.fr\/wp-content\/uploads\/2016\/10\/ANEM_04.jpg\" data-orig-size=\"1000,667\" data-comments-opened=\"1\" data-image-meta=\"{&quot;aperture&quot;:&quot;0&quot;,&quot;credit&quot;:&quot;&quot;,&quot;camera&quot;:&quot;&quot;,&quot;caption&quot;:&quot;&quot;,&quot;created_timestamp&quot;:&quot;0&quot;,&quot;copyright&quot;:&quot;&quot;,&quot;focal_length&quot;:&quot;0&quot;,&quot;iso&quot;:&quot;0&quot;,&quot;shutter_speed&quot;:&quot;0&quot;,&quot;title&quot;:&quot;&quot;,&quot;orientation&quot;:&quot;1&quot;}\" data-image-title=\"ANEM_04\" data-image-description=\"\" data-medium-file=\"http:\/\/saintdieinfo.fr\/wp-content\/uploads\/2016\/10\/ANEM_04-382x255.jpg\" data-large-file=\"http:\/\/saintdieinfo.fr\/wp-content\/uploads\/2016\/10\/ANEM_04.jpg\" data-original-width=\"476\" data-original-height=\"317\" data-recalc-dims=\"1\" \/> <\/a><\/div>\n<\/div>\n<\/div>\n<\/div>\n<p style=\"text-align: justify;\"><em>\u00ab Nous avons ici un seul int\u00e9r\u00eat et un seul parti, qui est la Montagne \u00bb<\/em> a d\u00e9clar\u00e9 le pr\u00e9sident de l\u2019ANEM Laurent Wauquiez ce jeudi apr\u00e8s-midi, dans ses mots d\u2019introduction du volet d\u00e9odatien du congr\u00e8s, qui s\u2019est articul\u00e9 autour des 2 tables-rondes \u00ab Atouts et moyens du tourisme en montagne \u00bb et \u00ab Couverture num\u00e9rique int\u00e9grale du territoire \u00bb. Le pr\u00e9sident de l\u2019association d\u2019\u00e9lus, par ailleurs d\u00e9put\u00e9 de la Haute-Loire et ancien Ministre sous Fran\u00e7ois Fillon, c\u00e9da ensuite la parole \u00e0 Martine Pinville, secr\u00e9taire d\u2019Etat charg\u00e9e du Commerce, de l\u2019Artisanat de la Consommation et de l\u2019Economie sociale et solidaire. <em>\u00ab Je souhaiterais tout d\u2019abord saluer le travail men\u00e9 au quotidien pour faire respecter les sp\u00e9cificit\u00e9s du territoire de montagne. La mobilisation doit se maintenir quant \u00e0 l\u2019attractivit\u00e9 touristique fran\u00e7aise. Le tourisme constitue un enjeu \u00e9conomique et social majeur, repr\u00e9sentant 9 milliards de chiffre d\u2019affaires annuel. Il est l\u2019une des priorit\u00e9s du pr\u00e9sident de la R\u00e9publique depuis 2012. Les 4 grands axes de ce projet de loi de d\u00e9veloppement et de protection des territoires de montagne, pour lequel l\u2019ANEM s\u2019est largement impliqu\u00e9e, sont la protection du travail saisonnier, la conservation pour les communes class\u00e9es stations touristiques de leur office de tourisme, la modernisation de la proc\u00e9dure d\u2019Unit\u00e9 Touristique Nouvelle et la r\u00e9habilitation de l\u2019immobilier de loisir par un urbanisme adapt\u00e9 \u00bb<\/em>.<\/p>\n<div class=\"tiled-gallery type-rectangular\" data-original-width=\"960\" data-carousel-extra=\"null\">\n<div class=\"gallery-row\" data-original-width=\"960\" data-original-height=\"321\">\n<div class=\"gallery-group images-1\" data-original-width=\"480\" data-original-height=\"321\">\n<div class=\"tiled-gallery-item tiled-gallery-item-large\"><a href=\"http:\/\/saintdieinfo.fr\/wp-content\/uploads\/2016\/10\/ANEM_05.jpg\" data-featherlight=\"image\"> <img decoding=\"async\" class=\"\" title=\"ANEM_05\" src=\"http:\/\/i0.wp.com\/saintdieinfo.fr\/wp-content\/uploads\/2016\/10\/ANEM_05.jpg?resize=476%2C317\" alt=\"ANEM_05\" width=\"302\" height=\"201\" data-attachment-id=\"94310\" data-orig-file=\"http:\/\/saintdieinfo.fr\/wp-content\/uploads\/2016\/10\/ANEM_05.jpg\" data-orig-size=\"1000,667\" data-comments-opened=\"1\" data-image-meta=\"{&quot;aperture&quot;:&quot;0&quot;,&quot;credit&quot;:&quot;&quot;,&quot;camera&quot;:&quot;&quot;,&quot;caption&quot;:&quot;&quot;,&quot;created_timestamp&quot;:&quot;0&quot;,&quot;copyright&quot;:&quot;&quot;,&quot;focal_length&quot;:&quot;0&quot;,&quot;iso&quot;:&quot;0&quot;,&quot;shutter_speed&quot;:&quot;0&quot;,&quot;title&quot;:&quot;&quot;,&quot;orientation&quot;:&quot;1&quot;}\" data-image-title=\"ANEM_05\" data-image-description=\"\" data-medium-file=\"http:\/\/saintdieinfo.fr\/wp-content\/uploads\/2016\/10\/ANEM_05-382x255.jpg\" data-large-file=\"http:\/\/saintdieinfo.fr\/wp-content\/uploads\/2016\/10\/ANEM_05.jpg\" data-original-width=\"476\" data-original-height=\"317\" data-recalc-dims=\"1\" \/> <\/a><\/div>\n<\/div>\n<div class=\"gallery-group images-1\" data-original-width=\"480\" data-original-height=\"321\">\n<div class=\"tiled-gallery-item tiled-gallery-item-large\"><a href=\"http:\/\/saintdieinfo.fr\/wp-content\/uploads\/2016\/10\/ANEM_07.jpg\" data-featherlight=\"image\"> <img decoding=\"async\" class=\"\" title=\"ANEM_07\" src=\"http:\/\/i2.wp.com\/saintdieinfo.fr\/wp-content\/uploads\/2016\/10\/ANEM_07.jpg?resize=476%2C317\" alt=\"ANEM_07\" width=\"302\" height=\"201\" data-attachment-id=\"94312\" data-orig-file=\"http:\/\/saintdieinfo.fr\/wp-content\/uploads\/2016\/10\/ANEM_07.jpg\" data-orig-size=\"1000,667\" data-comments-opened=\"1\" data-image-meta=\"{&quot;aperture&quot;:&quot;0&quot;,&quot;credit&quot;:&quot;&quot;,&quot;camera&quot;:&quot;&quot;,&quot;caption&quot;:&quot;&quot;,&quot;created_timestamp&quot;:&quot;0&quot;,&quot;copyright&quot;:&quot;&quot;,&quot;focal_length&quot;:&quot;0&quot;,&quot;iso&quot;:&quot;0&quot;,&quot;shutter_speed&quot;:&quot;0&quot;,&quot;title&quot;:&quot;&quot;,&quot;orientation&quot;:&quot;1&quot;}\" data-image-title=\"ANEM_07\" data-image-description=\"\" data-medium-file=\"http:\/\/saintdieinfo.fr\/wp-content\/uploads\/2016\/10\/ANEM_07-382x255.jpg\" data-large-file=\"http:\/\/saintdieinfo.fr\/wp-content\/uploads\/2016\/10\/ANEM_07.jpg\" data-original-width=\"476\" data-original-height=\"317\" data-recalc-dims=\"1\" \/> <\/a><\/div>\n<\/div>\n<\/div>\n<\/div>\n<p style=\"text-align: justify;\">Pour le maire d\u00e9odatien David Valence, <em>\u00ab c\u2019est une fiert\u00e9 que l\u2019ANEM se r\u00e9unisse pour la premi\u00e8re fois \u00e0 Saint-Di\u00e9-des-Vosges \u00bb<\/em>. <em>\u00ab C\u2019est l\u2019unit\u00e9 qui a permis l\u2019adoption en premi\u00e8re lecture de la nouvelle loi Montagne. Nous avons montr\u00e9 l\u2019unit\u00e9 du front Montagne \u00bb<\/em> souligne le premier magistrat, \u00e9galement pr\u00e9sident la Communaut\u00e9 de Communes de Saint-Di\u00e9-des-Vosges, avant d\u2019ajouter que <em>\u00ab le territoire de montagne est un territoire d\u2019innovation et d\u2019imagination. Nous demandons \u00e0 l\u2019Etat de nous laisser vivre notre autonomie de montagnard, de nous organiser selon la r\u00e9alit\u00e9 de notre quotidien \u00bb<\/em>. Demain vendredi \u00e0 l\u2019Espace LAC de G\u00e9rardmer, le Ministre de l\u2019Am\u00e9nagement du territoire, de la Ruralit\u00e9 et des Collectivit\u00e9s territoriales Jean-Michel Baylet cl\u00f4turera les travaux de ce 32\u00e8me congr\u00e8s, \u00e0 12h15 apr\u00e8s le d\u00e9bat sur \u00ab L\u2019acte II de la loi Montagne pour un nouveau pacte avec la nation \u00bb.<\/p>\n<p>J.J.<\/p>\n<div class=\"tiled-gallery type-rectangular\" data-original-width=\"960\" data-carousel-extra=\"null\">\n<div class=\"gallery-row\" data-original-width=\"960\" data-original-height=\"321\">\n<div class=\"gallery-group images-1\" data-original-width=\"480\" data-original-height=\"321\">\n<div class=\"tiled-gallery-item tiled-gallery-item-large\"><a href=\"http:\/\/saintdieinfo.fr\/wp-content\/uploads\/2016\/10\/ANEM_06.jpg\" data-featherlight=\"image\"> <img decoding=\"async\" class=\"\" title=\"ANEM_06\" src=\"http:\/\/i1.wp.com\/saintdieinfo.fr\/wp-content\/uploads\/2016\/10\/ANEM_06.jpg?resize=476%2C317\" alt=\"ANEM_06\" width=\"302\" height=\"201\" data-attachment-id=\"94311\" data-orig-file=\"http:\/\/saintdieinfo.fr\/wp-content\/uploads\/2016\/10\/ANEM_06.jpg\" data-orig-size=\"1000,667\" data-comments-opened=\"1\" data-image-meta=\"{&quot;aperture&quot;:&quot;0&quot;,&quot;credit&quot;:&quot;&quot;,&quot;camera&quot;:&quot;&quot;,&quot;caption&quot;:&quot;&quot;,&quot;created_timestamp&quot;:&quot;0&quot;,&quot;copyright&quot;:&quot;&quot;,&quot;focal_length&quot;:&quot;0&quot;,&quot;iso&quot;:&quot;0&quot;,&quot;shutter_speed&quot;:&quot;0&quot;,&quot;title&quot;:&quot;&quot;,&quot;orientation&quot;:&quot;1&quot;}\" data-image-title=\"ANEM_06\" data-image-description=\"\" data-medium-file=\"http:\/\/saintdieinfo.fr\/wp-content\/uploads\/2016\/10\/ANEM_06-382x255.jpg\" data-large-file=\"http:\/\/saintdieinfo.fr\/wp-content\/uploads\/2016\/10\/ANEM_06.jpg\" data-original-width=\"476\" data-original-height=\"317\" data-recalc-dims=\"1\" \/> <\/a><\/div>\n<\/div>\n<div class=\"gallery-group images-1\" data-original-width=\"480\" data-original-height=\"321\">\n<div class=\"tiled-gallery-item tiled-gallery-item-large\"><a href=\"http:\/\/saintdieinfo.fr\/wp-content\/uploads\/2016\/10\/ANEM_08.jpg\" data-featherlight=\"image\"> <img decoding=\"async\" class=\"\" title=\"ANEM_08\" src=\"http:\/\/i0.wp.com\/saintdieinfo.fr\/wp-content\/uploads\/2016\/10\/ANEM_08.jpg?resize=476%2C317\" alt=\"ANEM_08\" width=\"302\" height=\"201\" data-attachment-id=\"94313\" data-orig-file=\"http:\/\/saintdieinfo.fr\/wp-content\/uploads\/2016\/10\/ANEM_08.jpg\" data-orig-size=\"1000,667\" data-comments-opened=\"1\" data-image-meta=\"{&quot;aperture&quot;:&quot;0&quot;,&quot;credit&quot;:&quot;&quot;,&quot;camera&quot;:&quot;&quot;,&quot;caption&quot;:&quot;&quot;,&quot;created_timestamp&quot;:&quot;0&quot;,&quot;copyright&quot;:&quot;&quot;,&quot;focal_length&quot;:&quot;0&quot;,&quot;iso&quot;:&quot;0&quot;,&quot;shutter_speed&quot;:&quot;0&quot;,&quot;title&quot;:&quot;&quot;,&quot;orientation&quot;:&quot;1&quot;}\" data-image-title=\"ANEM_08\" data-image-description=\"\" data-medium-file=\"http:\/\/saintdieinfo.fr\/wp-content\/uploads\/2016\/10\/ANEM_08-382x255.jpg\" data-large-file=\"http:\/\/saintdieinfo.fr\/wp-content\/uploads\/2016\/10\/ANEM_08.jpg\" data-original-width=\"476\" data-original-height=\"317\" data-recalc-dims=\"1\" \/> <\/a><\/div>\n<\/div>\n<\/div>\n<\/div>\n","protected":false},"excerpt":{"rendered":"<p>L\u2019Association Nationale des Elus de la Montagne \u2013 ANEM \u2013 se mobilise depuis maintenant plus de 30 ans pour faire [&hellip;]<\/p>\n","protected":false},"author":1,"featured_media":7350,"comment_status":"open","ping_status":"open","sticky":false,"template":"","format":"standard","meta":{"footnotes":""},"categories":[29,13,18],"tags":[2491,2492,2493,2494,908,2495],"class_list":["post-7349","post","type-post","status-publish","format-standard","has-post-thumbnail","hentry","category-a-la-une","category-societe","category-vosges","tag-32eme-congres-de-lanem","tag-anem","tag-association-nationale-des-elus-de-la-montagne","tag-espace-francois-mitterrand","tag-espace-lac","tag-nouvelle-loi-montagne"],"acf":[],"yoast_head":"<!-- This site is optimized with the Yoast SEO plugin v22.5 - https:\/\/yoast.com\/wordpress\/plugins\/seo\/ -->\n<title>Un 32\u00e8me congr\u00e8s de l\u2019ANEM mi-d\u00e9odatien mi-g\u00e9r\u00f4mois autour de la nouvelle loi Montagne - La Plaine des Vosges<\/title>\n<meta name=\"robots\" content=\"index, follow, max-snippet:-1, max-image-preview:large, max-video-preview:-1\" \/>\n<link rel=\"canonical\" href=\"https:\/\/vosgesinfo.fr\/laplainedesvosgesinfo\/2016\/10\/un-32eme-congres-de-lanem-mi-deodatien-mi-geromois-autour-de-la-nouvelle-loi-montagne\/\" \/>\n<meta name=\"twitter:card\" content=\"summary_large_image\" \/>\n<meta name=\"twitter:title\" content=\"Un 32\u00e8me congr\u00e8s de l\u2019ANEM mi-d\u00e9odatien mi-g\u00e9r\u00f4mois autour de la nouvelle loi Montagne - La Plaine des Vosges\" \/>\n<meta name=\"twitter:description\" content=\"L\u2019Association Nationale des Elus de la Montagne \u2013 ANEM \u2013 se mobilise depuis maintenant plus de 30 ans pour faire [&hellip;]\" \/>\n<meta name=\"twitter:image\" content=\"https:\/\/vosgesinfo.fr\/app\/uploads\/sites\/2\/2024\/06\/201610anem-02.jpg\" \/>\n<meta name=\"twitter:creator\" content=\"@VosgesInfo88\" \/>\n<meta name=\"twitter:site\" content=\"@VosgesInfo88\" \/>\n<meta name=\"twitter:label1\" content=\"\u00c9crit par\" \/>\n\t<meta name=\"twitter:data1\" content=\"qs_admin\" \/>\n\t<meta name=\"twitter:label2\" content=\"Dur\u00e9e de lecture estim\u00e9e\" \/>\n\t<meta name=\"twitter:data2\" content=\"4 minutes\" \/>\n<script type=\"application\/ld+json\" class=\"yoast-schema-graph\">{\"@context\":\"https:\/\/schema.org\",\"@graph\":[{\"@type\":\"Article\",\"@id\":\"https:\/\/vosgesinfo.fr\/laplainedesvosgesinfo\/2016\/10\/un-32eme-congres-de-lanem-mi-deodatien-mi-geromois-autour-de-la-nouvelle-loi-montagne\/#article\",\"isPartOf\":{\"@id\":\"https:\/\/vosgesinfo.fr\/laplainedesvosgesinfo\/2016\/10\/un-32eme-congres-de-lanem-mi-deodatien-mi-geromois-autour-de-la-nouvelle-loi-montagne\/\"},\"author\":{\"name\":\"qs_admin\",\"@id\":\"https:\/\/vosgesinfo.fr\/laplainedesvosgesinfo\/#\/schema\/person\/bc5d02d71e6932e81b6dadb7386667b1\"},\"headline\":\"Un 32\u00e8me congr\u00e8s de l\u2019ANEM mi-d\u00e9odatien mi-g\u00e9r\u00f4mois autour de la nouvelle loi Montagne\",\"datePublished\":\"2016-10-13T11:03:10+00:00\",\"dateModified\":\"2016-10-13T11:03:10+00:00\",\"mainEntityOfPage\":{\"@id\":\"https:\/\/vosgesinfo.fr\/laplainedesvosgesinfo\/2016\/10\/un-32eme-congres-de-lanem-mi-deodatien-mi-geromois-autour-de-la-nouvelle-loi-montagne\/\"},\"wordCount\":750,\"commentCount\":0,\"publisher\":{\"@id\":\"https:\/\/vosgesinfo.fr\/laplainedesvosgesinfo\/#organization\"},\"image\":{\"@id\":\"https:\/\/vosgesinfo.fr\/laplainedesvosgesinfo\/2016\/10\/un-32eme-congres-de-lanem-mi-deodatien-mi-geromois-autour-de-la-nouvelle-loi-montagne\/#primaryimage\"},\"thumbnailUrl\":\"https:\/\/vosgesinfo.fr\/app\/uploads\/sites\/2\/2024\/06\/201610anem-02.jpg\",\"keywords\":[\"32\u00e8me congr\u00e8s de l'ANEM\",\"ANEM\",\"Association Nationale des Elus de la Montagne\",\"Espace Fran\u00e7ois-Mitterrand\",\"Espace Lac\",\"Nouvelle loi Montagne\"],\"articleSection\":[\"A la Une\",\"Soci\u00e9t\u00e9\",\"Vosges\"],\"inLanguage\":\"fr-FR\",\"potentialAction\":[{\"@type\":\"CommentAction\",\"name\":\"Comment\",\"target\":[\"https:\/\/vosgesinfo.fr\/laplainedesvosgesinfo\/2016\/10\/un-32eme-congres-de-lanem-mi-deodatien-mi-geromois-autour-de-la-nouvelle-loi-montagne\/#respond\"]}]},{\"@type\":\"WebPage\",\"@id\":\"https:\/\/vosgesinfo.fr\/laplainedesvosgesinfo\/2016\/10\/un-32eme-congres-de-lanem-mi-deodatien-mi-geromois-autour-de-la-nouvelle-loi-montagne\/\",\"url\":\"https:\/\/vosgesinfo.fr\/laplainedesvosgesinfo\/2016\/10\/un-32eme-congres-de-lanem-mi-deodatien-mi-geromois-autour-de-la-nouvelle-loi-montagne\/\",\"name\":\"Un 32\u00e8me congr\u00e8s de l\u2019ANEM mi-d\u00e9odatien mi-g\u00e9r\u00f4mois autour de la nouvelle loi Montagne - La Plaine des Vosges\",\"isPartOf\":{\"@id\":\"https:\/\/vosgesinfo.fr\/laplainedesvosgesinfo\/#website\"},\"primaryImageOfPage\":{\"@id\":\"https:\/\/vosgesinfo.fr\/laplainedesvosgesinfo\/2016\/10\/un-32eme-congres-de-lanem-mi-deodatien-mi-geromois-autour-de-la-nouvelle-loi-montagne\/#primaryimage\"},\"image\":{\"@id\":\"https:\/\/vosgesinfo.fr\/laplainedesvosgesinfo\/2016\/10\/un-32eme-congres-de-lanem-mi-deodatien-mi-geromois-autour-de-la-nouvelle-loi-montagne\/#primaryimage\"},\"thumbnailUrl\":\"https:\/\/vosgesinfo.fr\/app\/uploads\/sites\/2\/2024\/06\/201610anem-02.jpg\",\"datePublished\":\"2016-10-13T11:03:10+00:00\",\"dateModified\":\"2016-10-13T11:03:10+00:00\",\"breadcrumb\":{\"@id\":\"https:\/\/vosgesinfo.fr\/laplainedesvosgesinfo\/2016\/10\/un-32eme-congres-de-lanem-mi-deodatien-mi-geromois-autour-de-la-nouvelle-loi-montagne\/#breadcrumb\"},\"inLanguage\":\"fr-FR\",\"potentialAction\":[{\"@type\":\"ReadAction\",\"target\":[\"https:\/\/vosgesinfo.fr\/laplainedesvosgesinfo\/2016\/10\/un-32eme-congres-de-lanem-mi-deodatien-mi-geromois-autour-de-la-nouvelle-loi-montagne\/\"]}]},{\"@type\":\"ImageObject\",\"inLanguage\":\"fr-FR\",\"@id\":\"https:\/\/vosgesinfo.fr\/laplainedesvosgesinfo\/2016\/10\/un-32eme-congres-de-lanem-mi-deodatien-mi-geromois-autour-de-la-nouvelle-loi-montagne\/#primaryimage\",\"url\":\"https:\/\/vosgesinfo.fr\/app\/uploads\/sites\/2\/2024\/06\/201610anem-02.jpg\",\"contentUrl\":\"https:\/\/vosgesinfo.fr\/app\/uploads\/sites\/2\/2024\/06\/201610anem-02.jpg\",\"width\":800,\"height\":534},{\"@type\":\"BreadcrumbList\",\"@id\":\"https:\/\/vosgesinfo.fr\/laplainedesvosgesinfo\/2016\/10\/un-32eme-congres-de-lanem-mi-deodatien-mi-geromois-autour-de-la-nouvelle-loi-montagne\/#breadcrumb\",\"itemListElement\":[{\"@type\":\"ListItem\",\"position\":1,\"name\":\"Home\",\"item\":\"https:\/\/vosgesinfo.fr\/laplainedesvosgesinfo\/\"},{\"@type\":\"ListItem\",\"position\":2,\"name\":\"Un 32\u00e8me congr\u00e8s de l\u2019ANEM mi-d\u00e9odatien mi-g\u00e9r\u00f4mois autour de la nouvelle loi Montagne\"}]},{\"@type\":\"WebSite\",\"@id\":\"https:\/\/vosgesinfo.fr\/laplainedesvosgesinfo\/#website\",\"url\":\"https:\/\/vosgesinfo.fr\/laplainedesvosgesinfo\/\",\"name\":\"La Plaine des Vosges\",\"description\":\"Toute l&#039;actualit\u00e9 de la plaine de Vosges\",\"publisher\":{\"@id\":\"https:\/\/vosgesinfo.fr\/laplainedesvosgesinfo\/#organization\"},\"alternateName\":\"Toute l'actualit\u00e9 de la plaine des Vosges\",\"potentialAction\":[{\"@type\":\"SearchAction\",\"target\":{\"@type\":\"EntryPoint\",\"urlTemplate\":\"https:\/\/vosgesinfo.fr\/laplainedesvosgesinfo\/?s={search_term_string}\"},\"query-input\":\"required name=search_term_string\"}],\"inLanguage\":\"fr-FR\"},{\"@type\":\"Organization\",\"@id\":\"https:\/\/vosgesinfo.fr\/laplainedesvosgesinfo\/#organization\",\"name\":\"La Plaine des Vosges\",\"url\":\"https:\/\/vosgesinfo.fr\/laplainedesvosgesinfo\/\",\"logo\":{\"@type\":\"ImageObject\",\"inLanguage\":\"fr-FR\",\"@id\":\"https:\/\/vosgesinfo.fr\/laplainedesvosgesinfo\/#\/schema\/logo\/image\/\",\"url\":\"https:\/\/vosgesinfo.fr\/app\/uploads\/sites\/2\/2023\/08\/logo-laplaineinfo.svg\",\"contentUrl\":\"https:\/\/vosgesinfo.fr\/app\/uploads\/sites\/2\/2023\/08\/logo-laplaineinfo.svg\",\"width\":1,\"height\":1,\"caption\":\"La Plaine des Vosges\"},\"image\":{\"@id\":\"https:\/\/vosgesinfo.fr\/laplainedesvosgesinfo\/#\/schema\/logo\/image\/\"},\"sameAs\":[\"https:\/\/www.facebook.com\/laplainedesvosges\",\"https:\/\/x.com\/VosgesInfo88\",\"https:\/\/www.youtube.com\/@vosgesinfo\"]},{\"@type\":\"Person\",\"@id\":\"https:\/\/vosgesinfo.fr\/laplainedesvosgesinfo\/#\/schema\/person\/bc5d02d71e6932e81b6dadb7386667b1\",\"name\":\"qs_admin\",\"image\":{\"@type\":\"ImageObject\",\"inLanguage\":\"fr-FR\",\"@id\":\"https:\/\/vosgesinfo.fr\/laplainedesvosgesinfo\/#\/schema\/person\/image\/\",\"url\":\"https:\/\/secure.gravatar.com\/avatar\/94b18ee0ed79e4a42ea2f2931277b6841a8999fc6fde214600c78057cf1fe1de?s=96&d=mm&r=g\",\"contentUrl\":\"https:\/\/secure.gravatar.com\/avatar\/94b18ee0ed79e4a42ea2f2931277b6841a8999fc6fde214600c78057cf1fe1de?s=96&d=mm&r=g\",\"caption\":\"qs_admin\"},\"sameAs\":[\"https:\/\/vosgesinfo.fr\/wp\"],\"url\":\"https:\/\/vosgesinfo.fr\/laplainedesvosgesinfo\/author\/qs_admin\/\"}]}<\/script>\n<!-- \/ Yoast SEO plugin. -->","yoast_head_json":{"title":"Un 32\u00e8me congr\u00e8s de l\u2019ANEM mi-d\u00e9odatien mi-g\u00e9r\u00f4mois autour de la nouvelle loi Montagne - La Plaine des Vosges","robots":{"index":"index","follow":"follow","max-snippet":"max-snippet:-1","max-image-preview":"max-image-preview:large","max-video-preview":"max-video-preview:-1"},"canonical":"https:\/\/vosgesinfo.fr\/laplainedesvosgesinfo\/2016\/10\/un-32eme-congres-de-lanem-mi-deodatien-mi-geromois-autour-de-la-nouvelle-loi-montagne\/","twitter_card":"summary_large_image","twitter_title":"Un 32\u00e8me congr\u00e8s de l\u2019ANEM mi-d\u00e9odatien mi-g\u00e9r\u00f4mois autour de la nouvelle loi Montagne - La Plaine des Vosges","twitter_description":"L\u2019Association Nationale des Elus de la Montagne \u2013 ANEM \u2013 se mobilise depuis maintenant plus de 30 ans pour faire [&hellip;]","twitter_image":"https:\/\/vosgesinfo.fr\/app\/uploads\/sites\/2\/2024\/06\/201610anem-02.jpg","twitter_creator":"@VosgesInfo88","twitter_site":"@VosgesInfo88","twitter_misc":{"\u00c9crit par":"qs_admin","Dur\u00e9e de lecture estim\u00e9e":"4 minutes"},"schema":{"@context":"https:\/\/schema.org","@graph":[{"@type":"Article","@id":"https:\/\/vosgesinfo.fr\/laplainedesvosgesinfo\/2016\/10\/un-32eme-congres-de-lanem-mi-deodatien-mi-geromois-autour-de-la-nouvelle-loi-montagne\/#article","isPartOf":{"@id":"https:\/\/vosgesinfo.fr\/laplainedesvosgesinfo\/2016\/10\/un-32eme-congres-de-lanem-mi-deodatien-mi-geromois-autour-de-la-nouvelle-loi-montagne\/"},"author":{"name":"qs_admin","@id":"https:\/\/vosgesinfo.fr\/laplainedesvosgesinfo\/#\/schema\/person\/bc5d02d71e6932e81b6dadb7386667b1"},"headline":"Un 32\u00e8me congr\u00e8s de l\u2019ANEM mi-d\u00e9odatien mi-g\u00e9r\u00f4mois autour de la nouvelle loi Montagne","datePublished":"2016-10-13T11:03:10+00:00","dateModified":"2016-10-13T11:03:10+00:00","mainEntityOfPage":{"@id":"https:\/\/vosgesinfo.fr\/laplainedesvosgesinfo\/2016\/10\/un-32eme-congres-de-lanem-mi-deodatien-mi-geromois-autour-de-la-nouvelle-loi-montagne\/"},"wordCount":750,"commentCount":0,"publisher":{"@id":"https:\/\/vosgesinfo.fr\/laplainedesvosgesinfo\/#organization"},"image":{"@id":"https:\/\/vosgesinfo.fr\/laplainedesvosgesinfo\/2016\/10\/un-32eme-congres-de-lanem-mi-deodatien-mi-geromois-autour-de-la-nouvelle-loi-montagne\/#primaryimage"},"thumbnailUrl":"https:\/\/vosgesinfo.fr\/app\/uploads\/sites\/2\/2024\/06\/201610anem-02.jpg","keywords":["32\u00e8me congr\u00e8s de l'ANEM","ANEM","Association Nationale des Elus de la Montagne","Espace Fran\u00e7ois-Mitterrand","Espace Lac","Nouvelle loi Montagne"],"articleSection":["A la Une","Soci\u00e9t\u00e9","Vosges"],"inLanguage":"fr-FR","potentialAction":[{"@type":"CommentAction","name":"Comment","target":["https:\/\/vosgesinfo.fr\/laplainedesvosgesinfo\/2016\/10\/un-32eme-congres-de-lanem-mi-deodatien-mi-geromois-autour-de-la-nouvelle-loi-montagne\/#respond"]}]},{"@type":"WebPage","@id":"https:\/\/vosgesinfo.fr\/laplainedesvosgesinfo\/2016\/10\/un-32eme-congres-de-lanem-mi-deodatien-mi-geromois-autour-de-la-nouvelle-loi-montagne\/","url":"https:\/\/vosgesinfo.fr\/laplainedesvosgesinfo\/2016\/10\/un-32eme-congres-de-lanem-mi-deodatien-mi-geromois-autour-de-la-nouvelle-loi-montagne\/","name":"Un 32\u00e8me congr\u00e8s de l\u2019ANEM mi-d\u00e9odatien mi-g\u00e9r\u00f4mois autour de la nouvelle loi Montagne - La Plaine des Vosges","isPartOf":{"@id":"https:\/\/vosgesinfo.fr\/laplainedesvosgesinfo\/#website"},"primaryImageOfPage":{"@id":"https:\/\/vosgesinfo.fr\/laplainedesvosgesinfo\/2016\/10\/un-32eme-congres-de-lanem-mi-deodatien-mi-geromois-autour-de-la-nouvelle-loi-montagne\/#primaryimage"},"image":{"@id":"https:\/\/vosgesinfo.fr\/laplainedesvosgesinfo\/2016\/10\/un-32eme-congres-de-lanem-mi-deodatien-mi-geromois-autour-de-la-nouvelle-loi-montagne\/#primaryimage"},"thumbnailUrl":"https:\/\/vosgesinfo.fr\/app\/uploads\/sites\/2\/2024\/06\/201610anem-02.jpg","datePublished":"2016-10-13T11:03:10+00:00","dateModified":"2016-10-13T11:03:10+00:00","breadcrumb":{"@id":"https:\/\/vosgesinfo.fr\/laplainedesvosgesinfo\/2016\/10\/un-32eme-congres-de-lanem-mi-deodatien-mi-geromois-autour-de-la-nouvelle-loi-montagne\/#breadcrumb"},"inLanguage":"fr-FR","potentialAction":[{"@type":"ReadAction","target":["https:\/\/vosgesinfo.fr\/laplainedesvosgesinfo\/2016\/10\/un-32eme-congres-de-lanem-mi-deodatien-mi-geromois-autour-de-la-nouvelle-loi-montagne\/"]}]},{"@type":"ImageObject","inLanguage":"fr-FR","@id":"https:\/\/vosgesinfo.fr\/laplainedesvosgesinfo\/2016\/10\/un-32eme-congres-de-lanem-mi-deodatien-mi-geromois-autour-de-la-nouvelle-loi-montagne\/#primaryimage","url":"https:\/\/vosgesinfo.fr\/app\/uploads\/sites\/2\/2024\/06\/201610anem-02.jpg","contentUrl":"https:\/\/vosgesinfo.fr\/app\/uploads\/sites\/2\/2024\/06\/201610anem-02.jpg","width":800,"height":534},{"@type":"BreadcrumbList","@id":"https:\/\/vosgesinfo.fr\/laplainedesvosgesinfo\/2016\/10\/un-32eme-congres-de-lanem-mi-deodatien-mi-geromois-autour-de-la-nouvelle-loi-montagne\/#breadcrumb","itemListElement":[{"@type":"ListItem","position":1,"name":"Home","item":"https:\/\/vosgesinfo.fr\/laplainedesvosgesinfo\/"},{"@type":"ListItem","position":2,"name":"Un 32\u00e8me congr\u00e8s de l\u2019ANEM mi-d\u00e9odatien mi-g\u00e9r\u00f4mois autour de la nouvelle loi Montagne"}]},{"@type":"WebSite","@id":"https:\/\/vosgesinfo.fr\/laplainedesvosgesinfo\/#website","url":"https:\/\/vosgesinfo.fr\/laplainedesvosgesinfo\/","name":"La Plaine des Vosges","description":"Toute l&#039;actualit\u00e9 de la plaine de Vosges","publisher":{"@id":"https:\/\/vosgesinfo.fr\/laplainedesvosgesinfo\/#organization"},"alternateName":"Toute l'actualit\u00e9 de la plaine des Vosges","potentialAction":[{"@type":"SearchAction","target":{"@type":"EntryPoint","urlTemplate":"https:\/\/vosgesinfo.fr\/laplainedesvosgesinfo\/?s={search_term_string}"},"query-input":"required name=search_term_string"}],"inLanguage":"fr-FR"},{"@type":"Organization","@id":"https:\/\/vosgesinfo.fr\/laplainedesvosgesinfo\/#organization","name":"La Plaine des Vosges","url":"https:\/\/vosgesinfo.fr\/laplainedesvosgesinfo\/","logo":{"@type":"ImageObject","inLanguage":"fr-FR","@id":"https:\/\/vosgesinfo.fr\/laplainedesvosgesinfo\/#\/schema\/logo\/image\/","url":"https:\/\/vosgesinfo.fr\/app\/uploads\/sites\/2\/2023\/08\/logo-laplaineinfo.svg","contentUrl":"https:\/\/vosgesinfo.fr\/app\/uploads\/sites\/2\/2023\/08\/logo-laplaineinfo.svg","width":1,"height":1,"caption":"La Plaine des Vosges"},"image":{"@id":"https:\/\/vosgesinfo.fr\/laplainedesvosgesinfo\/#\/schema\/logo\/image\/"},"sameAs":["https:\/\/www.facebook.com\/laplainedesvosges","https:\/\/x.com\/VosgesInfo88","https:\/\/www.youtube.com\/@vosgesinfo"]},{"@type":"Person","@id":"https:\/\/vosgesinfo.fr\/laplainedesvosgesinfo\/#\/schema\/person\/bc5d02d71e6932e81b6dadb7386667b1","name":"qs_admin","image":{"@type":"ImageObject","inLanguage":"fr-FR","@id":"https:\/\/vosgesinfo.fr\/laplainedesvosgesinfo\/#\/schema\/person\/image\/","url":"https:\/\/secure.gravatar.com\/avatar\/94b18ee0ed79e4a42ea2f2931277b6841a8999fc6fde214600c78057cf1fe1de?s=96&d=mm&r=g","contentUrl":"https:\/\/secure.gravatar.com\/avatar\/94b18ee0ed79e4a42ea2f2931277b6841a8999fc6fde214600c78057cf1fe1de?s=96&d=mm&r=g","caption":"qs_admin"},"sameAs":["https:\/\/vosgesinfo.fr\/wp"],"url":"https:\/\/vosgesinfo.fr\/laplainedesvosgesinfo\/author\/qs_admin\/"}]}},"_links":{"self":[{"href":"https:\/\/vosgesinfo.fr\/laplainedesvosgesinfo\/wp-json\/wp\/v2\/posts\/7349","targetHints":{"allow":["GET"]}}],"collection":[{"href":"https:\/\/vosgesinfo.fr\/laplainedesvosgesinfo\/wp-json\/wp\/v2\/posts"}],"about":[{"href":"https:\/\/vosgesinfo.fr\/laplainedesvosgesinfo\/wp-json\/wp\/v2\/types\/post"}],"author":[{"embeddable":true,"href":"https:\/\/vosgesinfo.fr\/laplainedesvosgesinfo\/wp-json\/wp\/v2\/users\/1"}],"replies":[{"embeddable":true,"href":"https:\/\/vosgesinfo.fr\/laplainedesvosgesinfo\/wp-json\/wp\/v2\/comments?post=7349"}],"version-history":[{"count":0,"href":"https:\/\/vosgesinfo.fr\/laplainedesvosgesinfo\/wp-json\/wp\/v2\/posts\/7349\/revisions"}],"wp:featuredmedia":[{"embeddable":true,"href":"https:\/\/vosgesinfo.fr\/laplainedesvosgesinfo\/wp-json\/wp\/v2\/media\/7350"}],"wp:attachment":[{"href":"https:\/\/vosgesinfo.fr\/laplainedesvosgesinfo\/wp-json\/wp\/v2\/media?parent=7349"}],"wp:term":[{"taxonomy":"category","embeddable":true,"href":"https:\/\/vosgesinfo.fr\/laplainedesvosgesinfo\/wp-json\/wp\/v2\/categories?post=7349"},{"taxonomy":"post_tag","embeddable":true,"href":"https:\/\/vosgesinfo.fr\/laplainedesvosgesinfo\/wp-json\/wp\/v2\/tags?post=7349"}],"curies":[{"name":"wp","href":"https:\/\/api.w.org\/{rel}","templated":true}]}}