{"id":7428,"date":"2016-10-17T15:58:47","date_gmt":"2016-10-17T13:58:47","guid":{"rendered":"https:\/\/vosgesinfo.fr\/laplainedesvosgesinfo\/2016\/10\/mirecourt-mouvement-de-greve-a-lhopital-de-ravenel\/"},"modified":"2016-10-17T15:58:47","modified_gmt":"2016-10-17T13:58:47","slug":"mirecourt-mouvement-de-greve-a-lhopital-de-ravenel","status":"publish","type":"post","link":"https:\/\/vosgesinfo.fr\/laplainedesvosgesinfo\/2016\/10\/mirecourt-mouvement-de-greve-a-lhopital-de-ravenel\/","title":{"rendered":"Mirecourt \u2013 Mouvement de gr\u00e8ve \u00e0 l&rsquo;h\u00f4pital de Ravenel"},"content":{"rendered":"<p style=\"text-align: justify;\"><a href=\"\/2016\/10\/manif-Ravenel-Mirecourt-4.jpg\"><img decoding=\"async\" class=\"aligncenter size-full wp-image-81341\" src=\"\/2016\/10\/manif-Ravenel-Mirecourt-4.jpg\" alt=\"manif-Ravenel-Mirecourt (4)\" width=\"800\" height=\"600\" \/><\/a><\/p>\n<p style=\"text-align: justify;\"><strong>Le personnel du centre hospitalier de Ravenel a r\u00e9alis\u00e9 un mouvement de gr\u00e8ve ce lundi apr\u00e8s-midi. D\u00e8s 13h30, les gr\u00e9vistes se sont r\u00e9unis devant la salle des f\u00eates du centre, pour une gr\u00e8ve pr\u00e9vue jusqu&rsquo;\u00e0 16h30.<\/strong><\/p>\n<p style=\"text-align: justify;\">Ce mouvement \u00e9tait r\u00e9alis\u00e9 afin de d\u00e9noncer les mesures du plan de retour \u00e0 l&rsquo;\u00e9quilibre et les d\u00e9gradations des conditions de travail en lien avec l&rsquo;application de ce plan. La CGT d\u00e9nonce \u00e9galement la diminution drastique des effectifs, avec 22 postes non remplac\u00e9s suite \u00e0 des d\u00e9parts en retraite. L&rsquo;accroissement des contractuels et la r\u00e9alisation <a href=\"\/2016\/10\/manif-Ravenel-Mirecourt-9.jpg\"><img decoding=\"async\" class=\"wp-image-81349 alignleft\" src=\"\/2016\/10\/manif-Ravenel-Mirecourt-9.jpg\" alt=\"manif-Ravenel-Mirecourt (9)\" width=\"271\" height=\"203\" \/><\/a>de contrats de tr\u00e8s courtes dur\u00e9es sont \u00e9galement dans le viseur de la CGT. \u00ab\u00a0<em>Beaucoup trop de contractuels sont engag\u00e9s sur des postes qui sont n\u00e9cessaires, ce qui est dommageable au bon fonctionnement des services.<\/em>\u00a0\u00bb Note Sylvain Faillon, secr\u00e9taire g\u00e9n\u00e9ral d\u00e9partemental sant\u00e9 de la CGT. Mis en place le 1er ao\u00fbt dernier, le plan de retour \u00e0 l&rsquo;\u00e9quilibre pr\u00e9voit d&rsquo;autres suppressions de postes, ce que d\u00e9noncent le syndicat et le personnel du CH Ravenel.<\/p>\n<p style=\"text-align: justify;\">Le centre hospitalier compte 1150 employ\u00e9s. Cet apr\u00e8s-midi, 250 personnes ont r\u00e9pondu pr\u00e9sentes \u00e0 la manifestation. Apr\u00e8s un mouvement statique, les manifestants sont all\u00e9s \u00e0 la rencontre de la direction du centre hospitalier. \u00ab\u00a0<em>Si rien ne change, ce mouvement de gr\u00e8ve pourrait \u00eatre reconductible.<\/em>\u00a0\u00bb Annonce Bruno Hubert, secr\u00e9taire g\u00e9n\u00e9ral CGT de Ravenel.<\/p>\n<p style=\"text-align: justify;\">\n<p style=\"text-align: justify;\">A.J.<\/p>\n<p style=\"text-align: justify;\">\n\n","protected":false},"excerpt":{"rendered":"<p>Le personnel du centre hospitalier de Ravenel a r\u00e9alis\u00e9 un mouvement de gr\u00e8ve ce lundi apr\u00e8s-midi. D\u00e8s 13h30, les gr\u00e9vistes [&hellip;]<\/p>\n","protected":false},"author":1,"featured_media":7429,"comment_status":"open","ping_status":"open","sticky":false,"template":"","format":"standard","meta":{"footnotes":""},"categories":[29,37,195,13],"tags":[2542,1223,2543,220],"class_list":["post-7428","post","type-post","status-publish","format-standard","has-post-thumbnail","hentry","category-a-la-une","category-la-plaine","category-mirecourt-la-plaine","category-societe","tag-centre-psychiatrique-de-ravenel","tag-cgt","tag-greve-du-personnel","tag-mirecourt"],"acf":[],"yoast_head":"<!-- This site is optimized with the Yoast SEO plugin v22.5 - https:\/\/yoast.com\/wordpress\/plugins\/seo\/ -->\n<title>Mirecourt \u2013 Mouvement de gr\u00e8ve \u00e0 l&#039;h\u00f4pital de Ravenel - La Plaine des Vosges<\/title>\n<meta name=\"robots\" content=\"index, follow, max-snippet:-1, max-image-preview:large, max-video-preview:-1\" \/>\n<link rel=\"canonical\" href=\"https:\/\/vosgesinfo.fr\/laplainedesvosgesinfo\/2016\/10\/mirecourt-mouvement-de-greve-a-lhopital-de-ravenel\/\" \/>\n<meta name=\"twitter:card\" content=\"summary_large_image\" \/>\n<meta name=\"twitter:title\" content=\"Mirecourt \u2013 Mouvement de gr\u00e8ve \u00e0 l&#039;h\u00f4pital de Ravenel - La Plaine des Vosges\" \/>\n<meta name=\"twitter:description\" content=\"Le personnel du centre hospitalier de Ravenel a r\u00e9alis\u00e9 un mouvement de gr\u00e8ve ce lundi apr\u00e8s-midi. D\u00e8s 13h30, les gr\u00e9vistes [&hellip;]\" \/>\n<meta name=\"twitter:image\" content=\"https:\/\/vosgesinfo.fr\/app\/uploads\/sites\/2\/2024\/06\/201610manif-ravenel-mirecourt-3.jpg\" \/>\n<meta name=\"twitter:creator\" content=\"@VosgesInfo88\" \/>\n<meta name=\"twitter:site\" content=\"@VosgesInfo88\" \/>\n<meta name=\"twitter:label1\" content=\"\u00c9crit par\" \/>\n\t<meta name=\"twitter:data1\" content=\"qs_admin\" \/>\n\t<meta name=\"twitter:label2\" content=\"Dur\u00e9e de lecture estim\u00e9e\" \/>\n\t<meta name=\"twitter:data2\" content=\"1 minute\" \/>\n<script type=\"application\/ld+json\" class=\"yoast-schema-graph\">{\"@context\":\"https:\/\/schema.org\",\"@graph\":[{\"@type\":\"Article\",\"@id\":\"https:\/\/vosgesinfo.fr\/laplainedesvosgesinfo\/2016\/10\/mirecourt-mouvement-de-greve-a-lhopital-de-ravenel\/#article\",\"isPartOf\":{\"@id\":\"https:\/\/vosgesinfo.fr\/laplainedesvosgesinfo\/2016\/10\/mirecourt-mouvement-de-greve-a-lhopital-de-ravenel\/\"},\"author\":{\"name\":\"qs_admin\",\"@id\":\"https:\/\/vosgesinfo.fr\/laplainedesvosgesinfo\/#\/schema\/person\/bc5d02d71e6932e81b6dadb7386667b1\"},\"headline\":\"Mirecourt \u2013 Mouvement de gr\u00e8ve \u00e0 l&rsquo;h\u00f4pital de Ravenel\",\"datePublished\":\"2016-10-17T13:58:47+00:00\",\"dateModified\":\"2016-10-17T13:58:47+00:00\",\"mainEntityOfPage\":{\"@id\":\"https:\/\/vosgesinfo.fr\/laplainedesvosgesinfo\/2016\/10\/mirecourt-mouvement-de-greve-a-lhopital-de-ravenel\/\"},\"wordCount\":271,\"commentCount\":0,\"publisher\":{\"@id\":\"https:\/\/vosgesinfo.fr\/laplainedesvosgesinfo\/#organization\"},\"image\":{\"@id\":\"https:\/\/vosgesinfo.fr\/laplainedesvosgesinfo\/2016\/10\/mirecourt-mouvement-de-greve-a-lhopital-de-ravenel\/#primaryimage\"},\"thumbnailUrl\":\"https:\/\/vosgesinfo.fr\/app\/uploads\/sites\/2\/2024\/06\/201610manif-ravenel-mirecourt-3.jpg\",\"keywords\":[\"Centre psychiatrique de Ravenel\",\"CGT\",\"gr\u00e8ve du personnel\",\"Mirecourt\"],\"articleSection\":[\"A la Une\",\"La Plaine\",\"Mirecourt\",\"Soci\u00e9t\u00e9\"],\"inLanguage\":\"fr-FR\",\"potentialAction\":[{\"@type\":\"CommentAction\",\"name\":\"Comment\",\"target\":[\"https:\/\/vosgesinfo.fr\/laplainedesvosgesinfo\/2016\/10\/mirecourt-mouvement-de-greve-a-lhopital-de-ravenel\/#respond\"]}]},{\"@type\":\"WebPage\",\"@id\":\"https:\/\/vosgesinfo.fr\/laplainedesvosgesinfo\/2016\/10\/mirecourt-mouvement-de-greve-a-lhopital-de-ravenel\/\",\"url\":\"https:\/\/vosgesinfo.fr\/laplainedesvosgesinfo\/2016\/10\/mirecourt-mouvement-de-greve-a-lhopital-de-ravenel\/\",\"name\":\"Mirecourt \u2013 Mouvement de gr\u00e8ve \u00e0 l'h\u00f4pital de Ravenel - La Plaine des Vosges\",\"isPartOf\":{\"@id\":\"https:\/\/vosgesinfo.fr\/laplainedesvosgesinfo\/#website\"},\"primaryImageOfPage\":{\"@id\":\"https:\/\/vosgesinfo.fr\/laplainedesvosgesinfo\/2016\/10\/mirecourt-mouvement-de-greve-a-lhopital-de-ravenel\/#primaryimage\"},\"image\":{\"@id\":\"https:\/\/vosgesinfo.fr\/laplainedesvosgesinfo\/2016\/10\/mirecourt-mouvement-de-greve-a-lhopital-de-ravenel\/#primaryimage\"},\"thumbnailUrl\":\"https:\/\/vosgesinfo.fr\/app\/uploads\/sites\/2\/2024\/06\/201610manif-ravenel-mirecourt-3.jpg\",\"datePublished\":\"2016-10-17T13:58:47+00:00\",\"dateModified\":\"2016-10-17T13:58:47+00:00\",\"breadcrumb\":{\"@id\":\"https:\/\/vosgesinfo.fr\/laplainedesvosgesinfo\/2016\/10\/mirecourt-mouvement-de-greve-a-lhopital-de-ravenel\/#breadcrumb\"},\"inLanguage\":\"fr-FR\",\"potentialAction\":[{\"@type\":\"ReadAction\",\"target\":[\"https:\/\/vosgesinfo.fr\/laplainedesvosgesinfo\/2016\/10\/mirecourt-mouvement-de-greve-a-lhopital-de-ravenel\/\"]}]},{\"@type\":\"ImageObject\",\"inLanguage\":\"fr-FR\",\"@id\":\"https:\/\/vosgesinfo.fr\/laplainedesvosgesinfo\/2016\/10\/mirecourt-mouvement-de-greve-a-lhopital-de-ravenel\/#primaryimage\",\"url\":\"https:\/\/vosgesinfo.fr\/app\/uploads\/sites\/2\/2024\/06\/201610manif-ravenel-mirecourt-3.jpg\",\"contentUrl\":\"https:\/\/vosgesinfo.fr\/app\/uploads\/sites\/2\/2024\/06\/201610manif-ravenel-mirecourt-3.jpg\",\"width\":800,\"height\":600},{\"@type\":\"BreadcrumbList\",\"@id\":\"https:\/\/vosgesinfo.fr\/laplainedesvosgesinfo\/2016\/10\/mirecourt-mouvement-de-greve-a-lhopital-de-ravenel\/#breadcrumb\",\"itemListElement\":[{\"@type\":\"ListItem\",\"position\":1,\"name\":\"Home\",\"item\":\"https:\/\/vosgesinfo.fr\/laplainedesvosgesinfo\/\"},{\"@type\":\"ListItem\",\"position\":2,\"name\":\"Mirecourt \u2013 Mouvement de gr\u00e8ve \u00e0 l&rsquo;h\u00f4pital de Ravenel\"}]},{\"@type\":\"WebSite\",\"@id\":\"https:\/\/vosgesinfo.fr\/laplainedesvosgesinfo\/#website\",\"url\":\"https:\/\/vosgesinfo.fr\/laplainedesvosgesinfo\/\",\"name\":\"La Plaine des Vosges\",\"description\":\"Toute l&#039;actualit\u00e9 de la plaine de Vosges\",\"publisher\":{\"@id\":\"https:\/\/vosgesinfo.fr\/laplainedesvosgesinfo\/#organization\"},\"alternateName\":\"Toute l'actualit\u00e9 de la plaine des Vosges\",\"potentialAction\":[{\"@type\":\"SearchAction\",\"target\":{\"@type\":\"EntryPoint\",\"urlTemplate\":\"https:\/\/vosgesinfo.fr\/laplainedesvosgesinfo\/?s={search_term_string}\"},\"query-input\":\"required name=search_term_string\"}],\"inLanguage\":\"fr-FR\"},{\"@type\":\"Organization\",\"@id\":\"https:\/\/vosgesinfo.fr\/laplainedesvosgesinfo\/#organization\",\"name\":\"La Plaine des Vosges\",\"url\":\"https:\/\/vosgesinfo.fr\/laplainedesvosgesinfo\/\",\"logo\":{\"@type\":\"ImageObject\",\"inLanguage\":\"fr-FR\",\"@id\":\"https:\/\/vosgesinfo.fr\/laplainedesvosgesinfo\/#\/schema\/logo\/image\/\",\"url\":\"https:\/\/vosgesinfo.fr\/app\/uploads\/sites\/2\/2023\/08\/logo-laplaineinfo.svg\",\"contentUrl\":\"https:\/\/vosgesinfo.fr\/app\/uploads\/sites\/2\/2023\/08\/logo-laplaineinfo.svg\",\"width\":1,\"height\":1,\"caption\":\"La Plaine des Vosges\"},\"image\":{\"@id\":\"https:\/\/vosgesinfo.fr\/laplainedesvosgesinfo\/#\/schema\/logo\/image\/\"},\"sameAs\":[\"https:\/\/www.facebook.com\/laplainedesvosges\",\"https:\/\/x.com\/VosgesInfo88\",\"https:\/\/www.youtube.com\/@vosgesinfo\"]},{\"@type\":\"Person\",\"@id\":\"https:\/\/vosgesinfo.fr\/laplainedesvosgesinfo\/#\/schema\/person\/bc5d02d71e6932e81b6dadb7386667b1\",\"name\":\"qs_admin\",\"image\":{\"@type\":\"ImageObject\",\"inLanguage\":\"fr-FR\",\"@id\":\"https:\/\/vosgesinfo.fr\/laplainedesvosgesinfo\/#\/schema\/person\/image\/\",\"url\":\"https:\/\/secure.gravatar.com\/avatar\/94b18ee0ed79e4a42ea2f2931277b6841a8999fc6fde214600c78057cf1fe1de?s=96&d=mm&r=g\",\"contentUrl\":\"https:\/\/secure.gravatar.com\/avatar\/94b18ee0ed79e4a42ea2f2931277b6841a8999fc6fde214600c78057cf1fe1de?s=96&d=mm&r=g\",\"caption\":\"qs_admin\"},\"sameAs\":[\"https:\/\/vosgesinfo.fr\/wp\"],\"url\":\"https:\/\/vosgesinfo.fr\/laplainedesvosgesinfo\/author\/qs_admin\/\"}]}<\/script>\n<!-- \/ Yoast SEO plugin. -->","yoast_head_json":{"title":"Mirecourt \u2013 Mouvement de gr\u00e8ve \u00e0 l'h\u00f4pital de Ravenel - La Plaine des Vosges","robots":{"index":"index","follow":"follow","max-snippet":"max-snippet:-1","max-image-preview":"max-image-preview:large","max-video-preview":"max-video-preview:-1"},"canonical":"https:\/\/vosgesinfo.fr\/laplainedesvosgesinfo\/2016\/10\/mirecourt-mouvement-de-greve-a-lhopital-de-ravenel\/","twitter_card":"summary_large_image","twitter_title":"Mirecourt \u2013 Mouvement de gr\u00e8ve \u00e0 l'h\u00f4pital de Ravenel - La Plaine des Vosges","twitter_description":"Le personnel du centre hospitalier de Ravenel a r\u00e9alis\u00e9 un mouvement de gr\u00e8ve ce lundi apr\u00e8s-midi. D\u00e8s 13h30, les gr\u00e9vistes [&hellip;]","twitter_image":"https:\/\/vosgesinfo.fr\/app\/uploads\/sites\/2\/2024\/06\/201610manif-ravenel-mirecourt-3.jpg","twitter_creator":"@VosgesInfo88","twitter_site":"@VosgesInfo88","twitter_misc":{"\u00c9crit par":"qs_admin","Dur\u00e9e de lecture estim\u00e9e":"1 minute"},"schema":{"@context":"https:\/\/schema.org","@graph":[{"@type":"Article","@id":"https:\/\/vosgesinfo.fr\/laplainedesvosgesinfo\/2016\/10\/mirecourt-mouvement-de-greve-a-lhopital-de-ravenel\/#article","isPartOf":{"@id":"https:\/\/vosgesinfo.fr\/laplainedesvosgesinfo\/2016\/10\/mirecourt-mouvement-de-greve-a-lhopital-de-ravenel\/"},"author":{"name":"qs_admin","@id":"https:\/\/vosgesinfo.fr\/laplainedesvosgesinfo\/#\/schema\/person\/bc5d02d71e6932e81b6dadb7386667b1"},"headline":"Mirecourt \u2013 Mouvement de gr\u00e8ve \u00e0 l&rsquo;h\u00f4pital de Ravenel","datePublished":"2016-10-17T13:58:47+00:00","dateModified":"2016-10-17T13:58:47+00:00","mainEntityOfPage":{"@id":"https:\/\/vosgesinfo.fr\/laplainedesvosgesinfo\/2016\/10\/mirecourt-mouvement-de-greve-a-lhopital-de-ravenel\/"},"wordCount":271,"commentCount":0,"publisher":{"@id":"https:\/\/vosgesinfo.fr\/laplainedesvosgesinfo\/#organization"},"image":{"@id":"https:\/\/vosgesinfo.fr\/laplainedesvosgesinfo\/2016\/10\/mirecourt-mouvement-de-greve-a-lhopital-de-ravenel\/#primaryimage"},"thumbnailUrl":"https:\/\/vosgesinfo.fr\/app\/uploads\/sites\/2\/2024\/06\/201610manif-ravenel-mirecourt-3.jpg","keywords":["Centre psychiatrique de Ravenel","CGT","gr\u00e8ve du personnel","Mirecourt"],"articleSection":["A la Une","La Plaine","Mirecourt","Soci\u00e9t\u00e9"],"inLanguage":"fr-FR","potentialAction":[{"@type":"CommentAction","name":"Comment","target":["https:\/\/vosgesinfo.fr\/laplainedesvosgesinfo\/2016\/10\/mirecourt-mouvement-de-greve-a-lhopital-de-ravenel\/#respond"]}]},{"@type":"WebPage","@id":"https:\/\/vosgesinfo.fr\/laplainedesvosgesinfo\/2016\/10\/mirecourt-mouvement-de-greve-a-lhopital-de-ravenel\/","url":"https:\/\/vosgesinfo.fr\/laplainedesvosgesinfo\/2016\/10\/mirecourt-mouvement-de-greve-a-lhopital-de-ravenel\/","name":"Mirecourt \u2013 Mouvement de gr\u00e8ve \u00e0 l'h\u00f4pital de Ravenel - La Plaine des Vosges","isPartOf":{"@id":"https:\/\/vosgesinfo.fr\/laplainedesvosgesinfo\/#website"},"primaryImageOfPage":{"@id":"https:\/\/vosgesinfo.fr\/laplainedesvosgesinfo\/2016\/10\/mirecourt-mouvement-de-greve-a-lhopital-de-ravenel\/#primaryimage"},"image":{"@id":"https:\/\/vosgesinfo.fr\/laplainedesvosgesinfo\/2016\/10\/mirecourt-mouvement-de-greve-a-lhopital-de-ravenel\/#primaryimage"},"thumbnailUrl":"https:\/\/vosgesinfo.fr\/app\/uploads\/sites\/2\/2024\/06\/201610manif-ravenel-mirecourt-3.jpg","datePublished":"2016-10-17T13:58:47+00:00","dateModified":"2016-10-17T13:58:47+00:00","breadcrumb":{"@id":"https:\/\/vosgesinfo.fr\/laplainedesvosgesinfo\/2016\/10\/mirecourt-mouvement-de-greve-a-lhopital-de-ravenel\/#breadcrumb"},"inLanguage":"fr-FR","potentialAction":[{"@type":"ReadAction","target":["https:\/\/vosgesinfo.fr\/laplainedesvosgesinfo\/2016\/10\/mirecourt-mouvement-de-greve-a-lhopital-de-ravenel\/"]}]},{"@type":"ImageObject","inLanguage":"fr-FR","@id":"https:\/\/vosgesinfo.fr\/laplainedesvosgesinfo\/2016\/10\/mirecourt-mouvement-de-greve-a-lhopital-de-ravenel\/#primaryimage","url":"https:\/\/vosgesinfo.fr\/app\/uploads\/sites\/2\/2024\/06\/201610manif-ravenel-mirecourt-3.jpg","contentUrl":"https:\/\/vosgesinfo.fr\/app\/uploads\/sites\/2\/2024\/06\/201610manif-ravenel-mirecourt-3.jpg","width":800,"height":600},{"@type":"BreadcrumbList","@id":"https:\/\/vosgesinfo.fr\/laplainedesvosgesinfo\/2016\/10\/mirecourt-mouvement-de-greve-a-lhopital-de-ravenel\/#breadcrumb","itemListElement":[{"@type":"ListItem","position":1,"name":"Home","item":"https:\/\/vosgesinfo.fr\/laplainedesvosgesinfo\/"},{"@type":"ListItem","position":2,"name":"Mirecourt \u2013 Mouvement de gr\u00e8ve \u00e0 l&rsquo;h\u00f4pital de Ravenel"}]},{"@type":"WebSite","@id":"https:\/\/vosgesinfo.fr\/laplainedesvosgesinfo\/#website","url":"https:\/\/vosgesinfo.fr\/laplainedesvosgesinfo\/","name":"La Plaine des Vosges","description":"Toute l&#039;actualit\u00e9 de la plaine de Vosges","publisher":{"@id":"https:\/\/vosgesinfo.fr\/laplainedesvosgesinfo\/#organization"},"alternateName":"Toute l'actualit\u00e9 de la plaine des Vosges","potentialAction":[{"@type":"SearchAction","target":{"@type":"EntryPoint","urlTemplate":"https:\/\/vosgesinfo.fr\/laplainedesvosgesinfo\/?s={search_term_string}"},"query-input":"required name=search_term_string"}],"inLanguage":"fr-FR"},{"@type":"Organization","@id":"https:\/\/vosgesinfo.fr\/laplainedesvosgesinfo\/#organization","name":"La Plaine des Vosges","url":"https:\/\/vosgesinfo.fr\/laplainedesvosgesinfo\/","logo":{"@type":"ImageObject","inLanguage":"fr-FR","@id":"https:\/\/vosgesinfo.fr\/laplainedesvosgesinfo\/#\/schema\/logo\/image\/","url":"https:\/\/vosgesinfo.fr\/app\/uploads\/sites\/2\/2023\/08\/logo-laplaineinfo.svg","contentUrl":"https:\/\/vosgesinfo.fr\/app\/uploads\/sites\/2\/2023\/08\/logo-laplaineinfo.svg","width":1,"height":1,"caption":"La Plaine des Vosges"},"image":{"@id":"https:\/\/vosgesinfo.fr\/laplainedesvosgesinfo\/#\/schema\/logo\/image\/"},"sameAs":["https:\/\/www.facebook.com\/laplainedesvosges","https:\/\/x.com\/VosgesInfo88","https:\/\/www.youtube.com\/@vosgesinfo"]},{"@type":"Person","@id":"https:\/\/vosgesinfo.fr\/laplainedesvosgesinfo\/#\/schema\/person\/bc5d02d71e6932e81b6dadb7386667b1","name":"qs_admin","image":{"@type":"ImageObject","inLanguage":"fr-FR","@id":"https:\/\/vosgesinfo.fr\/laplainedesvosgesinfo\/#\/schema\/person\/image\/","url":"https:\/\/secure.gravatar.com\/avatar\/94b18ee0ed79e4a42ea2f2931277b6841a8999fc6fde214600c78057cf1fe1de?s=96&d=mm&r=g","contentUrl":"https:\/\/secure.gravatar.com\/avatar\/94b18ee0ed79e4a42ea2f2931277b6841a8999fc6fde214600c78057cf1fe1de?s=96&d=mm&r=g","caption":"qs_admin"},"sameAs":["https:\/\/vosgesinfo.fr\/wp"],"url":"https:\/\/vosgesinfo.fr\/laplainedesvosgesinfo\/author\/qs_admin\/"}]}},"_links":{"self":[{"href":"https:\/\/vosgesinfo.fr\/laplainedesvosgesinfo\/wp-json\/wp\/v2\/posts\/7428","targetHints":{"allow":["GET"]}}],"collection":[{"href":"https:\/\/vosgesinfo.fr\/laplainedesvosgesinfo\/wp-json\/wp\/v2\/posts"}],"about":[{"href":"https:\/\/vosgesinfo.fr\/laplainedesvosgesinfo\/wp-json\/wp\/v2\/types\/post"}],"author":[{"embeddable":true,"href":"https:\/\/vosgesinfo.fr\/laplainedesvosgesinfo\/wp-json\/wp\/v2\/users\/1"}],"replies":[{"embeddable":true,"href":"https:\/\/vosgesinfo.fr\/laplainedesvosgesinfo\/wp-json\/wp\/v2\/comments?post=7428"}],"version-history":[{"count":0,"href":"https:\/\/vosgesinfo.fr\/laplainedesvosgesinfo\/wp-json\/wp\/v2\/posts\/7428\/revisions"}],"wp:featuredmedia":[{"embeddable":true,"href":"https:\/\/vosgesinfo.fr\/laplainedesvosgesinfo\/wp-json\/wp\/v2\/media\/7429"}],"wp:attachment":[{"href":"https:\/\/vosgesinfo.fr\/laplainedesvosgesinfo\/wp-json\/wp\/v2\/media?parent=7428"}],"wp:term":[{"taxonomy":"category","embeddable":true,"href":"https:\/\/vosgesinfo.fr\/laplainedesvosgesinfo\/wp-json\/wp\/v2\/categories?post=7428"},{"taxonomy":"post_tag","embeddable":true,"href":"https:\/\/vosgesinfo.fr\/laplainedesvosgesinfo\/wp-json\/wp\/v2\/tags?post=7428"}],"curies":[{"name":"wp","href":"https:\/\/api.w.org\/{rel}","templated":true}]}}