{"id":7463,"date":"2016-10-19T05:01:43","date_gmt":"2016-10-19T03:01:43","guid":{"rendered":"https:\/\/vosgesinfo.fr\/laplainedesvosgesinfo\/2016\/10\/une-premiere-rencontre-entre-monseigneur-didier-berthet-et-le-pape-francois\/"},"modified":"2016-10-19T05:01:43","modified_gmt":"2016-10-19T03:01:43","slug":"une-premiere-rencontre-entre-monseigneur-didier-berthet-et-le-pape-francois","status":"publish","type":"post","link":"https:\/\/vosgesinfo.fr\/laplainedesvosgesinfo\/2016\/10\/une-premiere-rencontre-entre-monseigneur-didier-berthet-et-le-pape-francois\/","title":{"rendered":"Une premi\u00e8re rencontre entre Monseigneur Didier Berthet et le pape Fran\u00e7ois"},"content":{"rendered":"<p style=\"text-align: justify;\"><a href=\"\/2016\/10\/mgr_berthet_pape_francois_c_osservatore_romano.jpg\"><img decoding=\"async\" class=\"aligncenter  wp-image-81403\" src=\"\/2016\/10\/mgr_berthet_pape_francois_c_osservatore_romano.jpg\" alt=\"mgr_berthet_pape_francois_c_osservatore_romano\" width=\"530\" height=\"353\" \/><\/a><\/p>\n<p style=\"text-align: justify;\">C\u2019\u00e9tait \u00e0 l\u2019occasion de la formation des nouveaux \u00e9v\u00eaques qui se d\u00e9roulait mi-septembre \u00e0 Rome que Monseigneur Didier Berthet, le nouvel \u00e9v\u00eaque des Vosges, a \u00e9t\u00e9 pr\u00e9sent\u00e9 de mani\u00e8re officielle au\u00a0Pape Fran\u00e7ois.<\/p>\n<p style=\"text-align: justify;\">Une session de formation qui a r\u00e9unit autour de sa Saintet\u00e9 de nombreux \u00e9v\u00eaques, \u00ab\u00a0tous d\u00e9sireux d\u2019avoir un petit moment \u00e0 partager avec lui et le Christ\u00a0\u00bb selon le communiqu\u00e9 de l\u2019\u00e9v\u00each\u00e9 de Saint-Di\u00e9-des-Vosges.<\/p>\n<p style=\"text-align: justify;\">Une rencontre forc\u00e9ment \u00e0 placer sous le signe de l\u2019\u00e9motion pour le\u00a0nouvel \u00e9v\u00eaque des Vosges.<\/p>\n","protected":false},"excerpt":{"rendered":"<p>C\u2019\u00e9tait \u00e0 l\u2019occasion de la formation des nouveaux \u00e9v\u00eaques qui se d\u00e9roulait mi-septembre \u00e0 Rome que Monseigneur Didier Berthet, le [&hellip;]<\/p>\n","protected":false},"author":1,"featured_media":7464,"comment_status":"open","ping_status":"open","sticky":false,"template":"","format":"standard","meta":{"footnotes":""},"categories":[13,18],"tags":[2123,2557,529,233],"class_list":["post-7463","post","type-post","status-publish","format-standard","has-post-thumbnail","hentry","category-societe","category-vosges","tag-monseigneur-didier-berthet","tag-pape-francois","tag-rencontre","tag-vosges"],"acf":[],"yoast_head":"<!-- This site is optimized with the Yoast SEO plugin v22.5 - https:\/\/yoast.com\/wordpress\/plugins\/seo\/ -->\n<title>Une premi\u00e8re rencontre entre Monseigneur Didier Berthet et le pape Fran\u00e7ois - La Plaine des Vosges<\/title>\n<meta name=\"robots\" content=\"index, follow, max-snippet:-1, max-image-preview:large, max-video-preview:-1\" \/>\n<link rel=\"canonical\" href=\"https:\/\/vosgesinfo.fr\/laplainedesvosgesinfo\/2016\/10\/une-premiere-rencontre-entre-monseigneur-didier-berthet-et-le-pape-francois\/\" \/>\n<meta name=\"twitter:card\" content=\"summary_large_image\" \/>\n<meta name=\"twitter:title\" content=\"Une premi\u00e8re rencontre entre Monseigneur Didier Berthet et le pape Fran\u00e7ois - La Plaine des Vosges\" \/>\n<meta name=\"twitter:description\" content=\"C\u2019\u00e9tait \u00e0 l\u2019occasion de la formation des nouveaux \u00e9v\u00eaques qui se d\u00e9roulait mi-septembre \u00e0 Rome que Monseigneur Didier Berthet, le [&hellip;]\" \/>\n<meta name=\"twitter:image\" content=\"https:\/\/vosgesinfo.fr\/app\/uploads\/sites\/2\/2024\/06\/201610mgr-berthet-pape-francois-c-osservatore-romano.jpg\" \/>\n<meta name=\"twitter:creator\" content=\"@VosgesInfo88\" \/>\n<meta name=\"twitter:site\" content=\"@VosgesInfo88\" \/>\n<meta name=\"twitter:label1\" content=\"\u00c9crit par\" \/>\n\t<meta name=\"twitter:data1\" content=\"qs_admin\" \/>\n<script type=\"application\/ld+json\" class=\"yoast-schema-graph\">{\"@context\":\"https:\/\/schema.org\",\"@graph\":[{\"@type\":\"Article\",\"@id\":\"https:\/\/vosgesinfo.fr\/laplainedesvosgesinfo\/2016\/10\/une-premiere-rencontre-entre-monseigneur-didier-berthet-et-le-pape-francois\/#article\",\"isPartOf\":{\"@id\":\"https:\/\/vosgesinfo.fr\/laplainedesvosgesinfo\/2016\/10\/une-premiere-rencontre-entre-monseigneur-didier-berthet-et-le-pape-francois\/\"},\"author\":{\"name\":\"qs_admin\",\"@id\":\"https:\/\/vosgesinfo.fr\/laplainedesvosgesinfo\/#\/schema\/person\/bc5d02d71e6932e81b6dadb7386667b1\"},\"headline\":\"Une premi\u00e8re rencontre entre Monseigneur Didier Berthet et le pape Fran\u00e7ois\",\"datePublished\":\"2016-10-19T03:01:43+00:00\",\"dateModified\":\"2016-10-19T03:01:43+00:00\",\"mainEntityOfPage\":{\"@id\":\"https:\/\/vosgesinfo.fr\/laplainedesvosgesinfo\/2016\/10\/une-premiere-rencontre-entre-monseigneur-didier-berthet-et-le-pape-francois\/\"},\"wordCount\":110,\"commentCount\":0,\"publisher\":{\"@id\":\"https:\/\/vosgesinfo.fr\/laplainedesvosgesinfo\/#organization\"},\"image\":{\"@id\":\"https:\/\/vosgesinfo.fr\/laplainedesvosgesinfo\/2016\/10\/une-premiere-rencontre-entre-monseigneur-didier-berthet-et-le-pape-francois\/#primaryimage\"},\"thumbnailUrl\":\"https:\/\/vosgesinfo.fr\/app\/uploads\/sites\/2\/2024\/06\/201610mgr-berthet-pape-francois-c-osservatore-romano.jpg\",\"keywords\":[\"Monseigneur Didier Berthet\",\"pape Fran\u00e7ois\",\"rencontre\",\"Vosges\"],\"articleSection\":[\"Soci\u00e9t\u00e9\",\"Vosges\"],\"inLanguage\":\"fr-FR\",\"potentialAction\":[{\"@type\":\"CommentAction\",\"name\":\"Comment\",\"target\":[\"https:\/\/vosgesinfo.fr\/laplainedesvosgesinfo\/2016\/10\/une-premiere-rencontre-entre-monseigneur-didier-berthet-et-le-pape-francois\/#respond\"]}]},{\"@type\":\"WebPage\",\"@id\":\"https:\/\/vosgesinfo.fr\/laplainedesvosgesinfo\/2016\/10\/une-premiere-rencontre-entre-monseigneur-didier-berthet-et-le-pape-francois\/\",\"url\":\"https:\/\/vosgesinfo.fr\/laplainedesvosgesinfo\/2016\/10\/une-premiere-rencontre-entre-monseigneur-didier-berthet-et-le-pape-francois\/\",\"name\":\"Une premi\u00e8re rencontre entre Monseigneur Didier Berthet et le pape Fran\u00e7ois - La Plaine des Vosges\",\"isPartOf\":{\"@id\":\"https:\/\/vosgesinfo.fr\/laplainedesvosgesinfo\/#website\"},\"primaryImageOfPage\":{\"@id\":\"https:\/\/vosgesinfo.fr\/laplainedesvosgesinfo\/2016\/10\/une-premiere-rencontre-entre-monseigneur-didier-berthet-et-le-pape-francois\/#primaryimage\"},\"image\":{\"@id\":\"https:\/\/vosgesinfo.fr\/laplainedesvosgesinfo\/2016\/10\/une-premiere-rencontre-entre-monseigneur-didier-berthet-et-le-pape-francois\/#primaryimage\"},\"thumbnailUrl\":\"https:\/\/vosgesinfo.fr\/app\/uploads\/sites\/2\/2024\/06\/201610mgr-berthet-pape-francois-c-osservatore-romano.jpg\",\"datePublished\":\"2016-10-19T03:01:43+00:00\",\"dateModified\":\"2016-10-19T03:01:43+00:00\",\"breadcrumb\":{\"@id\":\"https:\/\/vosgesinfo.fr\/laplainedesvosgesinfo\/2016\/10\/une-premiere-rencontre-entre-monseigneur-didier-berthet-et-le-pape-francois\/#breadcrumb\"},\"inLanguage\":\"fr-FR\",\"potentialAction\":[{\"@type\":\"ReadAction\",\"target\":[\"https:\/\/vosgesinfo.fr\/laplainedesvosgesinfo\/2016\/10\/une-premiere-rencontre-entre-monseigneur-didier-berthet-et-le-pape-francois\/\"]}]},{\"@type\":\"ImageObject\",\"inLanguage\":\"fr-FR\",\"@id\":\"https:\/\/vosgesinfo.fr\/laplainedesvosgesinfo\/2016\/10\/une-premiere-rencontre-entre-monseigneur-didier-berthet-et-le-pape-francois\/#primaryimage\",\"url\":\"https:\/\/vosgesinfo.fr\/app\/uploads\/sites\/2\/2024\/06\/201610mgr-berthet-pape-francois-c-osservatore-romano.jpg\",\"contentUrl\":\"https:\/\/vosgesinfo.fr\/app\/uploads\/sites\/2\/2024\/06\/201610mgr-berthet-pape-francois-c-osservatore-romano.jpg\",\"width\":800,\"height\":533},{\"@type\":\"BreadcrumbList\",\"@id\":\"https:\/\/vosgesinfo.fr\/laplainedesvosgesinfo\/2016\/10\/une-premiere-rencontre-entre-monseigneur-didier-berthet-et-le-pape-francois\/#breadcrumb\",\"itemListElement\":[{\"@type\":\"ListItem\",\"position\":1,\"name\":\"Home\",\"item\":\"https:\/\/vosgesinfo.fr\/laplainedesvosgesinfo\/\"},{\"@type\":\"ListItem\",\"position\":2,\"name\":\"Une premi\u00e8re rencontre entre Monseigneur Didier Berthet et le pape Fran\u00e7ois\"}]},{\"@type\":\"WebSite\",\"@id\":\"https:\/\/vosgesinfo.fr\/laplainedesvosgesinfo\/#website\",\"url\":\"https:\/\/vosgesinfo.fr\/laplainedesvosgesinfo\/\",\"name\":\"La Plaine des Vosges\",\"description\":\"Toute l&#039;actualit\u00e9 de la plaine de Vosges\",\"publisher\":{\"@id\":\"https:\/\/vosgesinfo.fr\/laplainedesvosgesinfo\/#organization\"},\"alternateName\":\"Toute l'actualit\u00e9 de la plaine des Vosges\",\"potentialAction\":[{\"@type\":\"SearchAction\",\"target\":{\"@type\":\"EntryPoint\",\"urlTemplate\":\"https:\/\/vosgesinfo.fr\/laplainedesvosgesinfo\/?s={search_term_string}\"},\"query-input\":\"required name=search_term_string\"}],\"inLanguage\":\"fr-FR\"},{\"@type\":\"Organization\",\"@id\":\"https:\/\/vosgesinfo.fr\/laplainedesvosgesinfo\/#organization\",\"name\":\"La Plaine des Vosges\",\"url\":\"https:\/\/vosgesinfo.fr\/laplainedesvosgesinfo\/\",\"logo\":{\"@type\":\"ImageObject\",\"inLanguage\":\"fr-FR\",\"@id\":\"https:\/\/vosgesinfo.fr\/laplainedesvosgesinfo\/#\/schema\/logo\/image\/\",\"url\":\"https:\/\/vosgesinfo.fr\/app\/uploads\/sites\/2\/2023\/08\/logo-laplaineinfo.svg\",\"contentUrl\":\"https:\/\/vosgesinfo.fr\/app\/uploads\/sites\/2\/2023\/08\/logo-laplaineinfo.svg\",\"width\":1,\"height\":1,\"caption\":\"La Plaine des Vosges\"},\"image\":{\"@id\":\"https:\/\/vosgesinfo.fr\/laplainedesvosgesinfo\/#\/schema\/logo\/image\/\"},\"sameAs\":[\"https:\/\/www.facebook.com\/laplainedesvosges\",\"https:\/\/x.com\/VosgesInfo88\",\"https:\/\/www.youtube.com\/@vosgesinfo\"]},{\"@type\":\"Person\",\"@id\":\"https:\/\/vosgesinfo.fr\/laplainedesvosgesinfo\/#\/schema\/person\/bc5d02d71e6932e81b6dadb7386667b1\",\"name\":\"qs_admin\",\"image\":{\"@type\":\"ImageObject\",\"inLanguage\":\"fr-FR\",\"@id\":\"https:\/\/vosgesinfo.fr\/laplainedesvosgesinfo\/#\/schema\/person\/image\/\",\"url\":\"https:\/\/secure.gravatar.com\/avatar\/94b18ee0ed79e4a42ea2f2931277b6841a8999fc6fde214600c78057cf1fe1de?s=96&d=mm&r=g\",\"contentUrl\":\"https:\/\/secure.gravatar.com\/avatar\/94b18ee0ed79e4a42ea2f2931277b6841a8999fc6fde214600c78057cf1fe1de?s=96&d=mm&r=g\",\"caption\":\"qs_admin\"},\"sameAs\":[\"https:\/\/vosgesinfo.fr\/wp\"],\"url\":\"https:\/\/vosgesinfo.fr\/laplainedesvosgesinfo\/author\/qs_admin\/\"}]}<\/script>\n<!-- \/ Yoast SEO plugin. -->","yoast_head_json":{"title":"Une premi\u00e8re rencontre entre Monseigneur Didier Berthet et le pape Fran\u00e7ois - La Plaine des Vosges","robots":{"index":"index","follow":"follow","max-snippet":"max-snippet:-1","max-image-preview":"max-image-preview:large","max-video-preview":"max-video-preview:-1"},"canonical":"https:\/\/vosgesinfo.fr\/laplainedesvosgesinfo\/2016\/10\/une-premiere-rencontre-entre-monseigneur-didier-berthet-et-le-pape-francois\/","twitter_card":"summary_large_image","twitter_title":"Une premi\u00e8re rencontre entre Monseigneur Didier Berthet et le pape Fran\u00e7ois - La Plaine des Vosges","twitter_description":"C\u2019\u00e9tait \u00e0 l\u2019occasion de la formation des nouveaux \u00e9v\u00eaques qui se d\u00e9roulait mi-septembre \u00e0 Rome que Monseigneur Didier Berthet, le [&hellip;]","twitter_image":"https:\/\/vosgesinfo.fr\/app\/uploads\/sites\/2\/2024\/06\/201610mgr-berthet-pape-francois-c-osservatore-romano.jpg","twitter_creator":"@VosgesInfo88","twitter_site":"@VosgesInfo88","twitter_misc":{"\u00c9crit par":"qs_admin"},"schema":{"@context":"https:\/\/schema.org","@graph":[{"@type":"Article","@id":"https:\/\/vosgesinfo.fr\/laplainedesvosgesinfo\/2016\/10\/une-premiere-rencontre-entre-monseigneur-didier-berthet-et-le-pape-francois\/#article","isPartOf":{"@id":"https:\/\/vosgesinfo.fr\/laplainedesvosgesinfo\/2016\/10\/une-premiere-rencontre-entre-monseigneur-didier-berthet-et-le-pape-francois\/"},"author":{"name":"qs_admin","@id":"https:\/\/vosgesinfo.fr\/laplainedesvosgesinfo\/#\/schema\/person\/bc5d02d71e6932e81b6dadb7386667b1"},"headline":"Une premi\u00e8re rencontre entre Monseigneur Didier Berthet et le pape Fran\u00e7ois","datePublished":"2016-10-19T03:01:43+00:00","dateModified":"2016-10-19T03:01:43+00:00","mainEntityOfPage":{"@id":"https:\/\/vosgesinfo.fr\/laplainedesvosgesinfo\/2016\/10\/une-premiere-rencontre-entre-monseigneur-didier-berthet-et-le-pape-francois\/"},"wordCount":110,"commentCount":0,"publisher":{"@id":"https:\/\/vosgesinfo.fr\/laplainedesvosgesinfo\/#organization"},"image":{"@id":"https:\/\/vosgesinfo.fr\/laplainedesvosgesinfo\/2016\/10\/une-premiere-rencontre-entre-monseigneur-didier-berthet-et-le-pape-francois\/#primaryimage"},"thumbnailUrl":"https:\/\/vosgesinfo.fr\/app\/uploads\/sites\/2\/2024\/06\/201610mgr-berthet-pape-francois-c-osservatore-romano.jpg","keywords":["Monseigneur Didier Berthet","pape Fran\u00e7ois","rencontre","Vosges"],"articleSection":["Soci\u00e9t\u00e9","Vosges"],"inLanguage":"fr-FR","potentialAction":[{"@type":"CommentAction","name":"Comment","target":["https:\/\/vosgesinfo.fr\/laplainedesvosgesinfo\/2016\/10\/une-premiere-rencontre-entre-monseigneur-didier-berthet-et-le-pape-francois\/#respond"]}]},{"@type":"WebPage","@id":"https:\/\/vosgesinfo.fr\/laplainedesvosgesinfo\/2016\/10\/une-premiere-rencontre-entre-monseigneur-didier-berthet-et-le-pape-francois\/","url":"https:\/\/vosgesinfo.fr\/laplainedesvosgesinfo\/2016\/10\/une-premiere-rencontre-entre-monseigneur-didier-berthet-et-le-pape-francois\/","name":"Une premi\u00e8re rencontre entre Monseigneur Didier Berthet et le pape Fran\u00e7ois - La Plaine des Vosges","isPartOf":{"@id":"https:\/\/vosgesinfo.fr\/laplainedesvosgesinfo\/#website"},"primaryImageOfPage":{"@id":"https:\/\/vosgesinfo.fr\/laplainedesvosgesinfo\/2016\/10\/une-premiere-rencontre-entre-monseigneur-didier-berthet-et-le-pape-francois\/#primaryimage"},"image":{"@id":"https:\/\/vosgesinfo.fr\/laplainedesvosgesinfo\/2016\/10\/une-premiere-rencontre-entre-monseigneur-didier-berthet-et-le-pape-francois\/#primaryimage"},"thumbnailUrl":"https:\/\/vosgesinfo.fr\/app\/uploads\/sites\/2\/2024\/06\/201610mgr-berthet-pape-francois-c-osservatore-romano.jpg","datePublished":"2016-10-19T03:01:43+00:00","dateModified":"2016-10-19T03:01:43+00:00","breadcrumb":{"@id":"https:\/\/vosgesinfo.fr\/laplainedesvosgesinfo\/2016\/10\/une-premiere-rencontre-entre-monseigneur-didier-berthet-et-le-pape-francois\/#breadcrumb"},"inLanguage":"fr-FR","potentialAction":[{"@type":"ReadAction","target":["https:\/\/vosgesinfo.fr\/laplainedesvosgesinfo\/2016\/10\/une-premiere-rencontre-entre-monseigneur-didier-berthet-et-le-pape-francois\/"]}]},{"@type":"ImageObject","inLanguage":"fr-FR","@id":"https:\/\/vosgesinfo.fr\/laplainedesvosgesinfo\/2016\/10\/une-premiere-rencontre-entre-monseigneur-didier-berthet-et-le-pape-francois\/#primaryimage","url":"https:\/\/vosgesinfo.fr\/app\/uploads\/sites\/2\/2024\/06\/201610mgr-berthet-pape-francois-c-osservatore-romano.jpg","contentUrl":"https:\/\/vosgesinfo.fr\/app\/uploads\/sites\/2\/2024\/06\/201610mgr-berthet-pape-francois-c-osservatore-romano.jpg","width":800,"height":533},{"@type":"BreadcrumbList","@id":"https:\/\/vosgesinfo.fr\/laplainedesvosgesinfo\/2016\/10\/une-premiere-rencontre-entre-monseigneur-didier-berthet-et-le-pape-francois\/#breadcrumb","itemListElement":[{"@type":"ListItem","position":1,"name":"Home","item":"https:\/\/vosgesinfo.fr\/laplainedesvosgesinfo\/"},{"@type":"ListItem","position":2,"name":"Une premi\u00e8re rencontre entre Monseigneur Didier Berthet et le pape Fran\u00e7ois"}]},{"@type":"WebSite","@id":"https:\/\/vosgesinfo.fr\/laplainedesvosgesinfo\/#website","url":"https:\/\/vosgesinfo.fr\/laplainedesvosgesinfo\/","name":"La Plaine des Vosges","description":"Toute l&#039;actualit\u00e9 de la plaine de Vosges","publisher":{"@id":"https:\/\/vosgesinfo.fr\/laplainedesvosgesinfo\/#organization"},"alternateName":"Toute l'actualit\u00e9 de la plaine des Vosges","potentialAction":[{"@type":"SearchAction","target":{"@type":"EntryPoint","urlTemplate":"https:\/\/vosgesinfo.fr\/laplainedesvosgesinfo\/?s={search_term_string}"},"query-input":"required name=search_term_string"}],"inLanguage":"fr-FR"},{"@type":"Organization","@id":"https:\/\/vosgesinfo.fr\/laplainedesvosgesinfo\/#organization","name":"La Plaine des Vosges","url":"https:\/\/vosgesinfo.fr\/laplainedesvosgesinfo\/","logo":{"@type":"ImageObject","inLanguage":"fr-FR","@id":"https:\/\/vosgesinfo.fr\/laplainedesvosgesinfo\/#\/schema\/logo\/image\/","url":"https:\/\/vosgesinfo.fr\/app\/uploads\/sites\/2\/2023\/08\/logo-laplaineinfo.svg","contentUrl":"https:\/\/vosgesinfo.fr\/app\/uploads\/sites\/2\/2023\/08\/logo-laplaineinfo.svg","width":1,"height":1,"caption":"La Plaine des Vosges"},"image":{"@id":"https:\/\/vosgesinfo.fr\/laplainedesvosgesinfo\/#\/schema\/logo\/image\/"},"sameAs":["https:\/\/www.facebook.com\/laplainedesvosges","https:\/\/x.com\/VosgesInfo88","https:\/\/www.youtube.com\/@vosgesinfo"]},{"@type":"Person","@id":"https:\/\/vosgesinfo.fr\/laplainedesvosgesinfo\/#\/schema\/person\/bc5d02d71e6932e81b6dadb7386667b1","name":"qs_admin","image":{"@type":"ImageObject","inLanguage":"fr-FR","@id":"https:\/\/vosgesinfo.fr\/laplainedesvosgesinfo\/#\/schema\/person\/image\/","url":"https:\/\/secure.gravatar.com\/avatar\/94b18ee0ed79e4a42ea2f2931277b6841a8999fc6fde214600c78057cf1fe1de?s=96&d=mm&r=g","contentUrl":"https:\/\/secure.gravatar.com\/avatar\/94b18ee0ed79e4a42ea2f2931277b6841a8999fc6fde214600c78057cf1fe1de?s=96&d=mm&r=g","caption":"qs_admin"},"sameAs":["https:\/\/vosgesinfo.fr\/wp"],"url":"https:\/\/vosgesinfo.fr\/laplainedesvosgesinfo\/author\/qs_admin\/"}]}},"_links":{"self":[{"href":"https:\/\/vosgesinfo.fr\/laplainedesvosgesinfo\/wp-json\/wp\/v2\/posts\/7463","targetHints":{"allow":["GET"]}}],"collection":[{"href":"https:\/\/vosgesinfo.fr\/laplainedesvosgesinfo\/wp-json\/wp\/v2\/posts"}],"about":[{"href":"https:\/\/vosgesinfo.fr\/laplainedesvosgesinfo\/wp-json\/wp\/v2\/types\/post"}],"author":[{"embeddable":true,"href":"https:\/\/vosgesinfo.fr\/laplainedesvosgesinfo\/wp-json\/wp\/v2\/users\/1"}],"replies":[{"embeddable":true,"href":"https:\/\/vosgesinfo.fr\/laplainedesvosgesinfo\/wp-json\/wp\/v2\/comments?post=7463"}],"version-history":[{"count":0,"href":"https:\/\/vosgesinfo.fr\/laplainedesvosgesinfo\/wp-json\/wp\/v2\/posts\/7463\/revisions"}],"wp:featuredmedia":[{"embeddable":true,"href":"https:\/\/vosgesinfo.fr\/laplainedesvosgesinfo\/wp-json\/wp\/v2\/media\/7464"}],"wp:attachment":[{"href":"https:\/\/vosgesinfo.fr\/laplainedesvosgesinfo\/wp-json\/wp\/v2\/media?parent=7463"}],"wp:term":[{"taxonomy":"category","embeddable":true,"href":"https:\/\/vosgesinfo.fr\/laplainedesvosgesinfo\/wp-json\/wp\/v2\/categories?post=7463"},{"taxonomy":"post_tag","embeddable":true,"href":"https:\/\/vosgesinfo.fr\/laplainedesvosgesinfo\/wp-json\/wp\/v2\/tags?post=7463"}],"curies":[{"name":"wp","href":"https:\/\/api.w.org\/{rel}","templated":true}]}}