{"id":756,"date":"2023-10-09T16:38:31","date_gmt":"2023-10-09T14:38:31","guid":{"rendered":"https:\/\/vosgesinfo.fr\/laplainedesvosgesinfo\/2023\/10\/la-textile-race-2023-dans-les-ecoles-de-louest-vosgien\/"},"modified":"2023-10-09T16:38:31","modified_gmt":"2023-10-09T14:38:31","slug":"la-textile-race-2023-dans-les-ecoles-de-louest-vosgien","status":"publish","type":"post","link":"https:\/\/vosgesinfo.fr\/laplainedesvosgesinfo\/2023\/10\/la-textile-race-2023-dans-les-ecoles-de-louest-vosgien\/","title":{"rendered":"La Textile Race 2023 dans les \u00e9coles de l&rsquo;Ouest Vosgien"},"content":{"rendered":"<p><a href=\"https:\/\/laplainedesvosgesinfo.fr\/wp-content\/uploads\/2023\/10\/22.jpg\"><img decoding=\"async\" class=\"alignnone size-medium wp-image-141977 aligncenter\" src=\"https:\/\/vosgesinfo.fr\/app\/uploads\/sites\/2\/2023\/08\/22.jpg\" alt=\"2\" width=\"400\" height=\"200\" \/><\/a><\/p>\n<p><span id=\"p64\">La Textile Race est un d\u00e9fi inter-\u00e9coles.<\/span><span id=\"p65\">\u00a0L&rsquo;objectif ?<\/span><span id=\"p66\">\u00a0Collecter et valoriser un maximum de textiles usag\u00e9s.<\/span><span id=\"p67\">\u00a0Sur une dur\u00e9e de 4 semaines, apportez vos textiles \u00e0 une \u00e9cole participante.<\/span><span id=\"p68\">\u00a0Chaque kilo de textile r\u00e9cup\u00e9r\u00e9 permet \u00e0 l&rsquo;\u00e9cole d&rsquo;obtenir des points.<\/span><\/p>\n<p><span id=\"p4\">\u00c0 l&rsquo;issue des 4 semaines, l&rsquo;\u00e9tablissement ayant cumul\u00e9 le plus de points remportera le d\u00e9fi et se verra offrir une sortie p\u00e9dagogique.<\/span><span id=\"p5\">\u00a0Par ailleurs, des challenges li\u00e9s \u00e0 la r\u00e9duction, la r\u00e9paration, la r\u00e9utilisation et le recyclage seront lanc\u00e9s pour offrir aux \u00e9l\u00e8ves la chance de gagner des\u00a0<span id=\"51\">points bonus.<\/span><\/span><\/p>\n<p><span id=\"p6\">Coup d\u2019envoi ce jeudi 05 octobre 2023 \u00e0 l\u2019\u00e9cole\u00a0<span id=\"52\" class=\"s-rg\">Marcel-Pagnol<\/span>\u00a0du quartier de la\u00a0<span id=\"53\" class=\"s-rg\">Maladi\u00e8re<\/span>.<\/span><span id=\"p7\">\u00a0Simon Leclerc,\u00a0<span id=\"54\" class=\"s-rg\">Vice-Pr\u00e9sident<\/span>\u00a0du Conseil D\u00e9partemental des Vosges, Pr\u00e9sident de la Communaut\u00e9 de Communes de l\u2019Ouest Vosgien et Maire de Neufch\u00e2teau et Bernard\u00a0<span id=\"55\" class=\"s-rg\">Tacquard<\/span>,\u00a0<span id=\"56\" class=\"s-rg\">Vice-Pr\u00e9sident<\/span>\u00a0de la Communaut\u00e9 de Communes Terre d\u2019Eau,\u00a0<span id=\"57\" class=\"s-rg\">Vice-Pr\u00e9sident<\/span>\u00a0d\u2019<span id=\"58\" class=\"s-rg\">Evodia<\/span>\u00a0et Maire de Remoncourt recevaient pour l&rsquo;occasion Patrick LAGARDE, Pr\u00e9sident d\u2019<span id=\"59\" class=\"s-rg\">Evodia<\/span>\u00a0et de Vosges\u00a0<span id=\"60\" class=\"s-rg\">TLC<\/span>\u00a0accompagn\u00e9\u00a0d&rsquo;Ana\u00efs\u00a0BOURBON repr\u00e9sentante de\u00a0<span id=\"62\" class=\"s-rg\">Refashion<\/span>.<\/span><\/p>\n<p><span id=\"p75\">Si les Vosgiens d\u00e9posent plus de 4 kg de textiles par an dans les bornes de Vosges\u00a0<span id=\"79\" class=\"s-rg\">TLC<\/span>\u00a0<span id=\"p74\">(plus que la moyenne nationale)<\/span>, des efforts restent \u00e0 faire !<\/span><span id=\"p76\">\u00a0On retrouve encore et en effet plus de 6 kg de textiles dans la poubelle d\u2019ordures m\u00e9nag\u00e8res et 3 kg dans les bennes de \u00ab tout-venant \u00bb des d\u00e9chetteries.<\/span><span id=\"p77\">\u00a0Autant de v\u00eatements, chaussures\u2026<\/span><span id=\"p78\">\u00a0Qui sont\u00a0<span id=\"80\" class=\"s-ve\">incin\u00e9r\u00e9s<\/span>\u00a0et \u00e9chappent donc \u00e0 une seconde vie.<\/span><\/p>\n<p><span id=\"p81\">La Textile Race, tout en \u00e9tant divertissante, simple et \u00e9ducative, sensibilise les \u00e9l\u00e8ves \u00e0 l&rsquo;importance de donner une seconde vie \u00e0 nos textiles.<\/span><span id=\"p82\">\u00a0\u00ab Ce sont souvent les enfants qui \u00e9duquent les parents \u00bb a soulign\u00e9 Simon Leclerc.<\/span><\/p>\n<p><span id=\"p83\">Du 5 octobre au 16 novembre, 10 \u00e9coles primaires participantes seront initi\u00e9s aux bons gestes \u00e0 adopter pour leurs textiles et chaussures.<\/span><\/p>\n<p><span id=\"p84\">Les 10 \u00e9coles participantes :<\/span><span id=\"p85\">\u00a0\u00e9cole primaire de Rouvres-la-Ch\u00e9tive, \u00e9cole \u00e9l\u00e9mentaire de\u00a0<span id=\"86\" class=\"s-rg\">Ch\u00e2tenois<\/span>, \u00e9cole primaire de\u00a0<span id=\"87\" class=\"s-rg\">Soulosse-sous-Saint-Elophe<\/span>, \u00e9cole primaire de\u00a0<span id=\"88\" class=\"s-rg\">Coussey<\/span>, \u00e9cole \u00e9l\u00e9mentaire de l&rsquo;Orme de Liffol-le-Grand, \u00e9cole primaire de Gironcourt-sur-Vraine, \u00e9cole primaire de\u00a0<span id=\"89\" class=\"s-rg\">Saint-Remiremont<\/span>, \u00e9cole \u00e9l\u00e9mentaire Marcel Pagnol de Neufch\u00e2teau, \u00e9cole primaire de Saint-Ouen-l\u00e8s-Parey, \u00e9cole primaire priv\u00e9e Jeanne d&rsquo;Arc de Neufch\u00e2teau.<\/span><\/p>\n<p><span id=\"p18\">1000 \u00e9l\u00e8ves en course pour remporter de nombreux lots mis en jeu.<\/span><span id=\"p19\">\u00a0Alexis\u00a0<span id=\"40\" class=\"s-rg\">Louat<\/span>\u00a0a\u00a0sensibilis\u00e9\u00a0les \u00e9l\u00e8ves de la classe de CE2 de l\u2019\u00e9cole\u00a0<span id=\"42\" class=\"s-rg\">Marcel-Pagnol<\/span>\u00a0qui seront les ambassadeurs pour l&rsquo;ensemble des autres classes de l&rsquo;\u00e9tablissement.<\/span><span id=\"p20\">\u00a0De nombreuses id\u00e9es ont tr\u00e8s vite\u00a0<span id=\"43\" class=\"s-ve\">fus\u00e9es<\/span>\u00a0pour r\u00e9cup\u00e9rer un maximum de v\u00eatements et chaussures.<\/span><\/p>\n<p><span id=\"p21\">Chez les grands-parents\u00a0<span id=\"44\">chambres<\/span>\u00a0et\u00a0<span id=\"45\">greniers<\/span>\u00a0semble \u00eatre des endroits\u00a0<span id=\"46\">cibles<\/span>\u00a0pour d\u00e9nicher des tr\u00e9sors devenus inutiles pour beaucoup d&rsquo;\u00e9l\u00e8ves.<\/span><\/p>\n<p><span id=\"p90\">Julien a propos\u00e9 de demander \u00e0 sa maman de lui donner les v\u00eatements qu&rsquo;elle met toujours en vente sur le net&#8230;<\/span><span id=\"p91\">\u00a0\u00c0 voir si la maman sera facilement coop\u00e9rante.<\/span><\/p>\n<p><span id=\"p92\">L\u00e9a a propos\u00e9 de voir avec sa famille, ses amies et son voisinage.<\/span><\/p>\n<p><span id=\"p93\">L&rsquo;animateur a pr\u00e9cis\u00e9 que pour le voisinage, par prudence, il ne faut jamais s&rsquo;y rendre seul et seulement avec autorisation des parents.<\/span><\/p>\n<p><span id=\"p94\">Une r\u00e9ponse \u00e9tait tr\u00e8s attendue :<\/span><span id=\"p95\">\u00a0le gros lot<\/span><\/p>\n<p><span id=\"p96\">Une sortie scolaire au centre d&rsquo;Animation de la Pr\u00e9histoire de\u00a0<span id=\"97\" class=\"s-rg\">Darney<\/span>\u00a0pour l&rsquo;\u00e9cole qui aura le plus de point \u00e0 la fin des 4 semaines.<\/span><\/p>\n<p><a href=\"https:\/\/laplainedesvosgesinfo.fr\/wp-content\/uploads\/2023\/10\/15.jpg\"><img decoding=\"async\" class=\"alignnone size-medium wp-image-141974 aligncenter\" src=\"https:\/\/vosgesinfo.fr\/app\/uploads\/sites\/2\/2023\/09\/15.jpg\" alt=\"1\" width=\"400\" height=\"180\" \/><\/a><\/p>\n<p>&nbsp;<\/p>\n","protected":false},"excerpt":{"rendered":"<p>La Textile Race est un d\u00e9fi inter-\u00e9coles.\u00a0L&rsquo;objectif ?\u00a0Collecter et valoriser un maximum de textiles usag\u00e9s.\u00a0Sur une dur\u00e9e de 4 semaines, [&hellip;]<\/p>\n","protected":false},"author":1,"featured_media":256,"comment_status":"open","ping_status":"open","sticky":false,"template":"","format":"standard","meta":{"footnotes":""},"categories":[29,110],"tags":[257,258,31],"class_list":["post-756","post","type-post","status-publish","format-standard","has-post-thumbnail","hentry","category-a-la-une","category-ouest-vosgien","tag-com-com-terre-deau","tag-communaute-de-communes-de-louest-vosgien","tag-ville-de-neufchateau"],"acf":[],"yoast_head":"<!-- This site is optimized with the Yoast SEO plugin v22.5 - https:\/\/yoast.com\/wordpress\/plugins\/seo\/ -->\n<title>La Textile Race 2023 dans les \u00e9coles de l&#039;Ouest Vosgien - La Plaine des Vosges<\/title>\n<meta name=\"robots\" content=\"index, follow, max-snippet:-1, max-image-preview:large, max-video-preview:-1\" \/>\n<link rel=\"canonical\" href=\"https:\/\/vosgesinfo.fr\/laplainedesvosgesinfo\/2023\/10\/la-textile-race-2023-dans-les-ecoles-de-louest-vosgien\/\" \/>\n<meta name=\"twitter:card\" content=\"summary_large_image\" \/>\n<meta name=\"twitter:title\" content=\"La Textile Race 2023 dans les \u00e9coles de l&#039;Ouest Vosgien - La Plaine des Vosges\" \/>\n<meta name=\"twitter:description\" content=\"La Textile Race est un d\u00e9fi inter-\u00e9coles.\u00a0L&rsquo;objectif ?\u00a0Collecter et valoriser un maximum de textiles usag\u00e9s.\u00a0Sur une dur\u00e9e de 4 semaines, [&hellip;]\" \/>\n<meta name=\"twitter:image\" content=\"https:\/\/vosgesinfo.fr\/app\/uploads\/sites\/2\/2023\/08\/22.jpg\" \/>\n<meta name=\"twitter:creator\" content=\"@VosgesInfo88\" \/>\n<meta name=\"twitter:site\" content=\"@VosgesInfo88\" \/>\n<meta name=\"twitter:label1\" content=\"\u00c9crit par\" \/>\n\t<meta name=\"twitter:data1\" content=\"qs_admin\" \/>\n\t<meta name=\"twitter:label2\" content=\"Dur\u00e9e de lecture estim\u00e9e\" \/>\n\t<meta name=\"twitter:data2\" content=\"3 minutes\" \/>\n<script type=\"application\/ld+json\" class=\"yoast-schema-graph\">{\"@context\":\"https:\/\/schema.org\",\"@graph\":[{\"@type\":\"Article\",\"@id\":\"https:\/\/vosgesinfo.fr\/laplainedesvosgesinfo\/2023\/10\/la-textile-race-2023-dans-les-ecoles-de-louest-vosgien\/#article\",\"isPartOf\":{\"@id\":\"https:\/\/vosgesinfo.fr\/laplainedesvosgesinfo\/2023\/10\/la-textile-race-2023-dans-les-ecoles-de-louest-vosgien\/\"},\"author\":{\"name\":\"qs_admin\",\"@id\":\"https:\/\/vosgesinfo.fr\/laplainedesvosgesinfo\/#\/schema\/person\/bc5d02d71e6932e81b6dadb7386667b1\"},\"headline\":\"La Textile Race 2023 dans les \u00e9coles de l&rsquo;Ouest Vosgien\",\"datePublished\":\"2023-10-09T14:38:31+00:00\",\"dateModified\":\"2023-10-09T14:38:31+00:00\",\"mainEntityOfPage\":{\"@id\":\"https:\/\/vosgesinfo.fr\/laplainedesvosgesinfo\/2023\/10\/la-textile-race-2023-dans-les-ecoles-de-louest-vosgien\/\"},\"wordCount\":578,\"commentCount\":0,\"publisher\":{\"@id\":\"https:\/\/vosgesinfo.fr\/laplainedesvosgesinfo\/#organization\"},\"image\":{\"@id\":\"https:\/\/vosgesinfo.fr\/laplainedesvosgesinfo\/2023\/10\/la-textile-race-2023-dans-les-ecoles-de-louest-vosgien\/#primaryimage\"},\"thumbnailUrl\":\"https:\/\/vosgesinfo.fr\/app\/uploads\/sites\/2\/2023\/08\/22.jpg\",\"keywords\":[\"Com-Com terre d'Eau\",\"Communaut\u00e9 de communes de l'ouest vosgien\",\"Ville de Neufch\u00e2teau\"],\"articleSection\":[\"A la Une\",\"Ouest Vosgien\"],\"inLanguage\":\"fr-FR\",\"potentialAction\":[{\"@type\":\"CommentAction\",\"name\":\"Comment\",\"target\":[\"https:\/\/vosgesinfo.fr\/laplainedesvosgesinfo\/2023\/10\/la-textile-race-2023-dans-les-ecoles-de-louest-vosgien\/#respond\"]}]},{\"@type\":\"WebPage\",\"@id\":\"https:\/\/vosgesinfo.fr\/laplainedesvosgesinfo\/2023\/10\/la-textile-race-2023-dans-les-ecoles-de-louest-vosgien\/\",\"url\":\"https:\/\/vosgesinfo.fr\/laplainedesvosgesinfo\/2023\/10\/la-textile-race-2023-dans-les-ecoles-de-louest-vosgien\/\",\"name\":\"La Textile Race 2023 dans les \u00e9coles de l'Ouest Vosgien - La Plaine des Vosges\",\"isPartOf\":{\"@id\":\"https:\/\/vosgesinfo.fr\/laplainedesvosgesinfo\/#website\"},\"primaryImageOfPage\":{\"@id\":\"https:\/\/vosgesinfo.fr\/laplainedesvosgesinfo\/2023\/10\/la-textile-race-2023-dans-les-ecoles-de-louest-vosgien\/#primaryimage\"},\"image\":{\"@id\":\"https:\/\/vosgesinfo.fr\/laplainedesvosgesinfo\/2023\/10\/la-textile-race-2023-dans-les-ecoles-de-louest-vosgien\/#primaryimage\"},\"thumbnailUrl\":\"https:\/\/vosgesinfo.fr\/app\/uploads\/sites\/2\/2023\/08\/22.jpg\",\"datePublished\":\"2023-10-09T14:38:31+00:00\",\"dateModified\":\"2023-10-09T14:38:31+00:00\",\"breadcrumb\":{\"@id\":\"https:\/\/vosgesinfo.fr\/laplainedesvosgesinfo\/2023\/10\/la-textile-race-2023-dans-les-ecoles-de-louest-vosgien\/#breadcrumb\"},\"inLanguage\":\"fr-FR\",\"potentialAction\":[{\"@type\":\"ReadAction\",\"target\":[\"https:\/\/vosgesinfo.fr\/laplainedesvosgesinfo\/2023\/10\/la-textile-race-2023-dans-les-ecoles-de-louest-vosgien\/\"]}]},{\"@type\":\"ImageObject\",\"inLanguage\":\"fr-FR\",\"@id\":\"https:\/\/vosgesinfo.fr\/laplainedesvosgesinfo\/2023\/10\/la-textile-race-2023-dans-les-ecoles-de-louest-vosgien\/#primaryimage\",\"url\":\"https:\/\/vosgesinfo.fr\/app\/uploads\/sites\/2\/2023\/08\/22.jpg\",\"contentUrl\":\"https:\/\/vosgesinfo.fr\/app\/uploads\/sites\/2\/2023\/08\/22.jpg\",\"width\":469,\"height\":107},{\"@type\":\"BreadcrumbList\",\"@id\":\"https:\/\/vosgesinfo.fr\/laplainedesvosgesinfo\/2023\/10\/la-textile-race-2023-dans-les-ecoles-de-louest-vosgien\/#breadcrumb\",\"itemListElement\":[{\"@type\":\"ListItem\",\"position\":1,\"name\":\"Home\",\"item\":\"https:\/\/vosgesinfo.fr\/laplainedesvosgesinfo\/\"},{\"@type\":\"ListItem\",\"position\":2,\"name\":\"La Textile Race 2023 dans les \u00e9coles de l&rsquo;Ouest Vosgien\"}]},{\"@type\":\"WebSite\",\"@id\":\"https:\/\/vosgesinfo.fr\/laplainedesvosgesinfo\/#website\",\"url\":\"https:\/\/vosgesinfo.fr\/laplainedesvosgesinfo\/\",\"name\":\"La Plaine des Vosges\",\"description\":\"Toute l&#039;actualit\u00e9 de la plaine de Vosges\",\"publisher\":{\"@id\":\"https:\/\/vosgesinfo.fr\/laplainedesvosgesinfo\/#organization\"},\"alternateName\":\"Toute l'actualit\u00e9 de la plaine des Vosges\",\"potentialAction\":[{\"@type\":\"SearchAction\",\"target\":{\"@type\":\"EntryPoint\",\"urlTemplate\":\"https:\/\/vosgesinfo.fr\/laplainedesvosgesinfo\/?s={search_term_string}\"},\"query-input\":\"required name=search_term_string\"}],\"inLanguage\":\"fr-FR\"},{\"@type\":\"Organization\",\"@id\":\"https:\/\/vosgesinfo.fr\/laplainedesvosgesinfo\/#organization\",\"name\":\"La Plaine des Vosges\",\"url\":\"https:\/\/vosgesinfo.fr\/laplainedesvosgesinfo\/\",\"logo\":{\"@type\":\"ImageObject\",\"inLanguage\":\"fr-FR\",\"@id\":\"https:\/\/vosgesinfo.fr\/laplainedesvosgesinfo\/#\/schema\/logo\/image\/\",\"url\":\"https:\/\/vosgesinfo.fr\/app\/uploads\/sites\/2\/2023\/08\/logo-laplaineinfo.svg\",\"contentUrl\":\"https:\/\/vosgesinfo.fr\/app\/uploads\/sites\/2\/2023\/08\/logo-laplaineinfo.svg\",\"width\":1,\"height\":1,\"caption\":\"La Plaine des Vosges\"},\"image\":{\"@id\":\"https:\/\/vosgesinfo.fr\/laplainedesvosgesinfo\/#\/schema\/logo\/image\/\"},\"sameAs\":[\"https:\/\/www.facebook.com\/laplainedesvosges\",\"https:\/\/x.com\/VosgesInfo88\",\"https:\/\/www.youtube.com\/@vosgesinfo\"]},{\"@type\":\"Person\",\"@id\":\"https:\/\/vosgesinfo.fr\/laplainedesvosgesinfo\/#\/schema\/person\/bc5d02d71e6932e81b6dadb7386667b1\",\"name\":\"qs_admin\",\"image\":{\"@type\":\"ImageObject\",\"inLanguage\":\"fr-FR\",\"@id\":\"https:\/\/vosgesinfo.fr\/laplainedesvosgesinfo\/#\/schema\/person\/image\/\",\"url\":\"https:\/\/secure.gravatar.com\/avatar\/94b18ee0ed79e4a42ea2f2931277b6841a8999fc6fde214600c78057cf1fe1de?s=96&d=mm&r=g\",\"contentUrl\":\"https:\/\/secure.gravatar.com\/avatar\/94b18ee0ed79e4a42ea2f2931277b6841a8999fc6fde214600c78057cf1fe1de?s=96&d=mm&r=g\",\"caption\":\"qs_admin\"},\"sameAs\":[\"https:\/\/vosgesinfo.fr\/wp\"],\"url\":\"https:\/\/vosgesinfo.fr\/laplainedesvosgesinfo\/author\/qs_admin\/\"}]}<\/script>\n<!-- \/ Yoast SEO plugin. -->","yoast_head_json":{"title":"La Textile Race 2023 dans les \u00e9coles de l'Ouest Vosgien - La Plaine des Vosges","robots":{"index":"index","follow":"follow","max-snippet":"max-snippet:-1","max-image-preview":"max-image-preview:large","max-video-preview":"max-video-preview:-1"},"canonical":"https:\/\/vosgesinfo.fr\/laplainedesvosgesinfo\/2023\/10\/la-textile-race-2023-dans-les-ecoles-de-louest-vosgien\/","twitter_card":"summary_large_image","twitter_title":"La Textile Race 2023 dans les \u00e9coles de l'Ouest Vosgien - La Plaine des Vosges","twitter_description":"La Textile Race est un d\u00e9fi inter-\u00e9coles.\u00a0L&rsquo;objectif ?\u00a0Collecter et valoriser un maximum de textiles usag\u00e9s.\u00a0Sur une dur\u00e9e de 4 semaines, [&hellip;]","twitter_image":"https:\/\/vosgesinfo.fr\/app\/uploads\/sites\/2\/2023\/08\/22.jpg","twitter_creator":"@VosgesInfo88","twitter_site":"@VosgesInfo88","twitter_misc":{"\u00c9crit par":"qs_admin","Dur\u00e9e de lecture estim\u00e9e":"3 minutes"},"schema":{"@context":"https:\/\/schema.org","@graph":[{"@type":"Article","@id":"https:\/\/vosgesinfo.fr\/laplainedesvosgesinfo\/2023\/10\/la-textile-race-2023-dans-les-ecoles-de-louest-vosgien\/#article","isPartOf":{"@id":"https:\/\/vosgesinfo.fr\/laplainedesvosgesinfo\/2023\/10\/la-textile-race-2023-dans-les-ecoles-de-louest-vosgien\/"},"author":{"name":"qs_admin","@id":"https:\/\/vosgesinfo.fr\/laplainedesvosgesinfo\/#\/schema\/person\/bc5d02d71e6932e81b6dadb7386667b1"},"headline":"La Textile Race 2023 dans les \u00e9coles de l&rsquo;Ouest Vosgien","datePublished":"2023-10-09T14:38:31+00:00","dateModified":"2023-10-09T14:38:31+00:00","mainEntityOfPage":{"@id":"https:\/\/vosgesinfo.fr\/laplainedesvosgesinfo\/2023\/10\/la-textile-race-2023-dans-les-ecoles-de-louest-vosgien\/"},"wordCount":578,"commentCount":0,"publisher":{"@id":"https:\/\/vosgesinfo.fr\/laplainedesvosgesinfo\/#organization"},"image":{"@id":"https:\/\/vosgesinfo.fr\/laplainedesvosgesinfo\/2023\/10\/la-textile-race-2023-dans-les-ecoles-de-louest-vosgien\/#primaryimage"},"thumbnailUrl":"https:\/\/vosgesinfo.fr\/app\/uploads\/sites\/2\/2023\/08\/22.jpg","keywords":["Com-Com terre d'Eau","Communaut\u00e9 de communes de l'ouest vosgien","Ville de Neufch\u00e2teau"],"articleSection":["A la Une","Ouest Vosgien"],"inLanguage":"fr-FR","potentialAction":[{"@type":"CommentAction","name":"Comment","target":["https:\/\/vosgesinfo.fr\/laplainedesvosgesinfo\/2023\/10\/la-textile-race-2023-dans-les-ecoles-de-louest-vosgien\/#respond"]}]},{"@type":"WebPage","@id":"https:\/\/vosgesinfo.fr\/laplainedesvosgesinfo\/2023\/10\/la-textile-race-2023-dans-les-ecoles-de-louest-vosgien\/","url":"https:\/\/vosgesinfo.fr\/laplainedesvosgesinfo\/2023\/10\/la-textile-race-2023-dans-les-ecoles-de-louest-vosgien\/","name":"La Textile Race 2023 dans les \u00e9coles de l'Ouest Vosgien - La Plaine des Vosges","isPartOf":{"@id":"https:\/\/vosgesinfo.fr\/laplainedesvosgesinfo\/#website"},"primaryImageOfPage":{"@id":"https:\/\/vosgesinfo.fr\/laplainedesvosgesinfo\/2023\/10\/la-textile-race-2023-dans-les-ecoles-de-louest-vosgien\/#primaryimage"},"image":{"@id":"https:\/\/vosgesinfo.fr\/laplainedesvosgesinfo\/2023\/10\/la-textile-race-2023-dans-les-ecoles-de-louest-vosgien\/#primaryimage"},"thumbnailUrl":"https:\/\/vosgesinfo.fr\/app\/uploads\/sites\/2\/2023\/08\/22.jpg","datePublished":"2023-10-09T14:38:31+00:00","dateModified":"2023-10-09T14:38:31+00:00","breadcrumb":{"@id":"https:\/\/vosgesinfo.fr\/laplainedesvosgesinfo\/2023\/10\/la-textile-race-2023-dans-les-ecoles-de-louest-vosgien\/#breadcrumb"},"inLanguage":"fr-FR","potentialAction":[{"@type":"ReadAction","target":["https:\/\/vosgesinfo.fr\/laplainedesvosgesinfo\/2023\/10\/la-textile-race-2023-dans-les-ecoles-de-louest-vosgien\/"]}]},{"@type":"ImageObject","inLanguage":"fr-FR","@id":"https:\/\/vosgesinfo.fr\/laplainedesvosgesinfo\/2023\/10\/la-textile-race-2023-dans-les-ecoles-de-louest-vosgien\/#primaryimage","url":"https:\/\/vosgesinfo.fr\/app\/uploads\/sites\/2\/2023\/08\/22.jpg","contentUrl":"https:\/\/vosgesinfo.fr\/app\/uploads\/sites\/2\/2023\/08\/22.jpg","width":469,"height":107},{"@type":"BreadcrumbList","@id":"https:\/\/vosgesinfo.fr\/laplainedesvosgesinfo\/2023\/10\/la-textile-race-2023-dans-les-ecoles-de-louest-vosgien\/#breadcrumb","itemListElement":[{"@type":"ListItem","position":1,"name":"Home","item":"https:\/\/vosgesinfo.fr\/laplainedesvosgesinfo\/"},{"@type":"ListItem","position":2,"name":"La Textile Race 2023 dans les \u00e9coles de l&rsquo;Ouest Vosgien"}]},{"@type":"WebSite","@id":"https:\/\/vosgesinfo.fr\/laplainedesvosgesinfo\/#website","url":"https:\/\/vosgesinfo.fr\/laplainedesvosgesinfo\/","name":"La Plaine des Vosges","description":"Toute l&#039;actualit\u00e9 de la plaine de Vosges","publisher":{"@id":"https:\/\/vosgesinfo.fr\/laplainedesvosgesinfo\/#organization"},"alternateName":"Toute l'actualit\u00e9 de la plaine des Vosges","potentialAction":[{"@type":"SearchAction","target":{"@type":"EntryPoint","urlTemplate":"https:\/\/vosgesinfo.fr\/laplainedesvosgesinfo\/?s={search_term_string}"},"query-input":"required name=search_term_string"}],"inLanguage":"fr-FR"},{"@type":"Organization","@id":"https:\/\/vosgesinfo.fr\/laplainedesvosgesinfo\/#organization","name":"La Plaine des Vosges","url":"https:\/\/vosgesinfo.fr\/laplainedesvosgesinfo\/","logo":{"@type":"ImageObject","inLanguage":"fr-FR","@id":"https:\/\/vosgesinfo.fr\/laplainedesvosgesinfo\/#\/schema\/logo\/image\/","url":"https:\/\/vosgesinfo.fr\/app\/uploads\/sites\/2\/2023\/08\/logo-laplaineinfo.svg","contentUrl":"https:\/\/vosgesinfo.fr\/app\/uploads\/sites\/2\/2023\/08\/logo-laplaineinfo.svg","width":1,"height":1,"caption":"La Plaine des Vosges"},"image":{"@id":"https:\/\/vosgesinfo.fr\/laplainedesvosgesinfo\/#\/schema\/logo\/image\/"},"sameAs":["https:\/\/www.facebook.com\/laplainedesvosges","https:\/\/x.com\/VosgesInfo88","https:\/\/www.youtube.com\/@vosgesinfo"]},{"@type":"Person","@id":"https:\/\/vosgesinfo.fr\/laplainedesvosgesinfo\/#\/schema\/person\/bc5d02d71e6932e81b6dadb7386667b1","name":"qs_admin","image":{"@type":"ImageObject","inLanguage":"fr-FR","@id":"https:\/\/vosgesinfo.fr\/laplainedesvosgesinfo\/#\/schema\/person\/image\/","url":"https:\/\/secure.gravatar.com\/avatar\/94b18ee0ed79e4a42ea2f2931277b6841a8999fc6fde214600c78057cf1fe1de?s=96&d=mm&r=g","contentUrl":"https:\/\/secure.gravatar.com\/avatar\/94b18ee0ed79e4a42ea2f2931277b6841a8999fc6fde214600c78057cf1fe1de?s=96&d=mm&r=g","caption":"qs_admin"},"sameAs":["https:\/\/vosgesinfo.fr\/wp"],"url":"https:\/\/vosgesinfo.fr\/laplainedesvosgesinfo\/author\/qs_admin\/"}]}},"_links":{"self":[{"href":"https:\/\/vosgesinfo.fr\/laplainedesvosgesinfo\/wp-json\/wp\/v2\/posts\/756","targetHints":{"allow":["GET"]}}],"collection":[{"href":"https:\/\/vosgesinfo.fr\/laplainedesvosgesinfo\/wp-json\/wp\/v2\/posts"}],"about":[{"href":"https:\/\/vosgesinfo.fr\/laplainedesvosgesinfo\/wp-json\/wp\/v2\/types\/post"}],"author":[{"embeddable":true,"href":"https:\/\/vosgesinfo.fr\/laplainedesvosgesinfo\/wp-json\/wp\/v2\/users\/1"}],"replies":[{"embeddable":true,"href":"https:\/\/vosgesinfo.fr\/laplainedesvosgesinfo\/wp-json\/wp\/v2\/comments?post=756"}],"version-history":[{"count":0,"href":"https:\/\/vosgesinfo.fr\/laplainedesvosgesinfo\/wp-json\/wp\/v2\/posts\/756\/revisions"}],"wp:featuredmedia":[{"embeddable":true,"href":"https:\/\/vosgesinfo.fr\/laplainedesvosgesinfo\/wp-json\/wp\/v2\/media\/256"}],"wp:attachment":[{"href":"https:\/\/vosgesinfo.fr\/laplainedesvosgesinfo\/wp-json\/wp\/v2\/media?parent=756"}],"wp:term":[{"taxonomy":"category","embeddable":true,"href":"https:\/\/vosgesinfo.fr\/laplainedesvosgesinfo\/wp-json\/wp\/v2\/categories?post=756"},{"taxonomy":"post_tag","embeddable":true,"href":"https:\/\/vosgesinfo.fr\/laplainedesvosgesinfo\/wp-json\/wp\/v2\/tags?post=756"}],"curies":[{"name":"wp","href":"https:\/\/api.w.org\/{rel}","templated":true}]}}