{"id":7606,"date":"2016-10-26T18:15:40","date_gmt":"2016-10-26T16:15:40","guid":{"rendered":"https:\/\/vosgesinfo.fr\/laplainedesvosgesinfo\/2016\/10\/installation-de-50-migrants-de-la-jungle-de-calais-a-monthureux-sur-saone\/"},"modified":"2016-10-26T18:15:40","modified_gmt":"2016-10-26T16:15:40","slug":"installation-de-50-migrants-de-la-jungle-de-calais-a-monthureux-sur-saone","status":"publish","type":"post","link":"https:\/\/vosgesinfo.fr\/laplainedesvosgesinfo\/2016\/10\/installation-de-50-migrants-de-la-jungle-de-calais-a-monthureux-sur-saone\/","title":{"rendered":"Installation de 50 migrants de la Jungle de Calais \u00e0 Monthureux-sur-Sa\u00f4ne"},"content":{"rendered":"<p style=\"text-align: justify;\"><a href=\"\/2016\/10\/arrivee-migrants-Monthureux-6.jpg\"><img decoding=\"async\" class=\"aligncenter size-full wp-image-81596\" src=\"\/2016\/10\/arrivee-migrants-Monthureux-6.jpg\" alt=\"arrivee-migrants-Monthureux (6)\" width=\"800\" height=\"488\" \/><\/a><\/p>\n<p style=\"text-align: justify;\"><strong>Cinquante migrants de la jungle de Calais sont arriv\u00e9s ce mercredi apr\u00e8s-midi, au centre d&rsquo;accueil et d&rsquo;orientation (CAO) de Monthureux-sur-Sa\u00f4ne. Au total, une centaine de r\u00e9fugi\u00e9s a \u00e9t\u00e9 accueillie dans les Vosges.<\/strong><\/p>\n<p style=\"text-align: justify;\">Les migrants ont \u00e9t\u00e9 accueillis par Christian Michel, directeur de l&rsquo;ADOMA Vosges, Gilles Furno, le directeur d&rsquo;\u00e9tablissement du Grand-Est d&rsquo;ADOMA, Jean-Pierre Cazenave-Lacrouts, Pr\u00e9fet des Vosges et par le maire de la commune, Raynald Magnien-Coeurdacier. L&rsquo;antenne de Vittel \u2013 Contrex\u00e9ville de la Croix Rouge \u00e9tait \u00e9galement pr\u00e9sente pour l&rsquo;accueil des r\u00e9fugi\u00e9s. Les cinq b\u00e9n\u00e9voles leur ont servis boissons chaudes, g\u00e2teaux et un kit <em>\u00ab\u00a0<\/em>hygi\u00e8ne et bien-\u00eatre\u00a0\u00bb.<\/p>\n<p style=\"text-align: justify;\"><a href=\"\/2016\/10\/arrivee-migrants-Monthureux-4.jpg\"><img decoding=\"async\" class=\"wp-image-81598 alignleft\" src=\"\/2016\/10\/arrivee-migrants-Monthureux-4.jpg\" alt=\"arrivee-migrants-Monthureux (4)\" width=\"338\" height=\"225\" \/><\/a>\u00ab\u00a0<em>Accueillir ces personnes fuyant les guerres et les pers\u00e9cutions, c&rsquo;est avant tout r\u00e9pondre \u00e0 un objectif humanitaire, celui de leur mise \u00e0 l&rsquo;abri.\u00a0\u00bb <\/em>explique Jean-Pierre Cazenave-Lacrouts, Pr\u00e9fet des Vosges. \u00ab\u00a0<em>Cet accueil rel\u00e8ve aussi de la solidarit\u00e9 nationale et comme d&rsquo;autres territoires, notre d\u00e9partement doit r\u00e9pondre \u00e0 cet imp\u00e9ratif.<\/em>\u00ab\u00a0<\/p>\n<p style=\"text-align: justify;\">L&rsquo;ancienne gendarmerie de Monthureux-sur-Sa\u00f4ne a subi des travaux de r\u00e9novation durant toute la semaine afin d&rsquo;accueillir cette cinquantaine de r\u00e9fugi\u00e9s. 45 Soudanais, 5 \u00c9rythr\u00e9en et un Tchadien, se sont donc install\u00e9s dans cette structure. Cette mise \u00e0 \u00ab\u00a0l&rsquo;abri\u00a0\u00bb sera temporaire et elle doit permettre aux acteurs associatifs d&rsquo;aider les migrants \u00e0 constituer un dossier de demande d&rsquo;asile. Il sera proc\u00e9d\u00e9 ensuite \u00e0 leur r\u00e9orientation dans le dispositif d&rsquo;h\u00e9bergement d\u00e9j\u00e0 existant, d\u00e9di\u00e9 aux demandes d&rsquo;asiles.<\/p>\n<p style=\"text-align: justify;\">Le CAO des Vosges, situ\u00e9 sur trois sites (\u00c9pinal, Saint-Di\u00e9-des-Vosges et Monthureux), est g\u00e9r\u00e9 par l&rsquo;ADOMA. Outre un accompagnement administratif, il sera propos\u00e9 \u00e0 ces personnes un soutien sanitaire et social.<\/p>\n<p style=\"text-align: justify;\">Pour Abdelhafiz, le seul r\u00e9fugi\u00e9 Tchadien arriv\u00e9 aujourd&rsquo;hui \u00e0 Monthureux t\u00e9moigne, \u00ab\u00a0<em>\u00catre \u00e0 Calais c&rsquo;\u00e9tait vraiment dur, je n&rsquo;y suis rest\u00e9 que neuf jours, mais c&rsquo;est tr\u00e8s difficile de vivre l\u00e0-bas.<\/em>\u00a0\u00bb Ce jeune homme de 23 ans, a d\u00fb quitter son pays suite \u00e0 des probl\u00e8mes avec la police Tchadienne. \u00ab\u00a0<em>Je n&rsquo;ai pas de famille en France, mais j&rsquo;ai quelques connaissances ici.<\/em>\u00a0\u00bb explique Abdelhafiz. \u00ab\u00a0<em>Quand nous sommes partis ce matin de Calais, on ne nous a pas dit o\u00f9 nous allions, le voyage \u00e9tait un peu long, mais je suis content d&rsquo;\u00eatre ici.<\/em>\u00ab\u00a0<\/p>\n<p style=\"text-align: justify;\">A.J.<\/p>\n\n","protected":false},"excerpt":{"rendered":"<p>Cinquante migrants de la jungle de Calais sont arriv\u00e9s ce mercredi apr\u00e8s-midi, au centre d&rsquo;accueil et d&rsquo;orientation (CAO) de Monthureux-sur-Sa\u00f4ne. [&hellip;]<\/p>\n","protected":false},"author":1,"featured_media":7607,"comment_status":"open","ping_status":"open","sticky":false,"template":"","format":"standard","meta":{"footnotes":""},"categories":[29,37,13],"tags":[2233,2640,2506],"class_list":["post-7606","post","type-post","status-publish","format-standard","has-post-thumbnail","hentry","category-a-la-une","category-la-plaine","category-societe","tag-migrants-de-la-jungle-de-calais","tag-monthureux-sur-saone","tag-refugies"],"acf":[],"yoast_head":"<!-- This site is optimized with the Yoast SEO plugin v22.5 - https:\/\/yoast.com\/wordpress\/plugins\/seo\/ -->\n<title>Installation de 50 migrants de la Jungle de Calais \u00e0 Monthureux-sur-Sa\u00f4ne - La Plaine des Vosges<\/title>\n<meta name=\"robots\" content=\"index, follow, max-snippet:-1, max-image-preview:large, max-video-preview:-1\" \/>\n<link rel=\"canonical\" href=\"https:\/\/vosgesinfo.fr\/laplainedesvosgesinfo\/2016\/10\/installation-de-50-migrants-de-la-jungle-de-calais-a-monthureux-sur-saone\/\" \/>\n<meta name=\"twitter:card\" content=\"summary_large_image\" \/>\n<meta name=\"twitter:title\" content=\"Installation de 50 migrants de la Jungle de Calais \u00e0 Monthureux-sur-Sa\u00f4ne - La Plaine des Vosges\" \/>\n<meta name=\"twitter:description\" content=\"Cinquante migrants de la jungle de Calais sont arriv\u00e9s ce mercredi apr\u00e8s-midi, au centre d&rsquo;accueil et d&rsquo;orientation (CAO) de Monthureux-sur-Sa\u00f4ne. [&hellip;]\" \/>\n<meta name=\"twitter:image\" content=\"https:\/\/vosgesinfo.fr\/app\/uploads\/sites\/2\/2024\/06\/201610arrivee-migrants-monthureux-6.jpg\" \/>\n<meta name=\"twitter:creator\" content=\"@VosgesInfo88\" \/>\n<meta name=\"twitter:site\" content=\"@VosgesInfo88\" \/>\n<meta name=\"twitter:label1\" content=\"\u00c9crit par\" \/>\n\t<meta name=\"twitter:data1\" content=\"qs_admin\" \/>\n\t<meta name=\"twitter:label2\" content=\"Dur\u00e9e de lecture estim\u00e9e\" \/>\n\t<meta name=\"twitter:data2\" content=\"2 minutes\" \/>\n<script type=\"application\/ld+json\" class=\"yoast-schema-graph\">{\"@context\":\"https:\/\/schema.org\",\"@graph\":[{\"@type\":\"Article\",\"@id\":\"https:\/\/vosgesinfo.fr\/laplainedesvosgesinfo\/2016\/10\/installation-de-50-migrants-de-la-jungle-de-calais-a-monthureux-sur-saone\/#article\",\"isPartOf\":{\"@id\":\"https:\/\/vosgesinfo.fr\/laplainedesvosgesinfo\/2016\/10\/installation-de-50-migrants-de-la-jungle-de-calais-a-monthureux-sur-saone\/\"},\"author\":{\"name\":\"qs_admin\",\"@id\":\"https:\/\/vosgesinfo.fr\/laplainedesvosgesinfo\/#\/schema\/person\/bc5d02d71e6932e81b6dadb7386667b1\"},\"headline\":\"Installation de 50 migrants de la Jungle de Calais \u00e0 Monthureux-sur-Sa\u00f4ne\",\"datePublished\":\"2016-10-26T16:15:40+00:00\",\"dateModified\":\"2016-10-26T16:15:40+00:00\",\"mainEntityOfPage\":{\"@id\":\"https:\/\/vosgesinfo.fr\/laplainedesvosgesinfo\/2016\/10\/installation-de-50-migrants-de-la-jungle-de-calais-a-monthureux-sur-saone\/\"},\"wordCount\":414,\"commentCount\":0,\"publisher\":{\"@id\":\"https:\/\/vosgesinfo.fr\/laplainedesvosgesinfo\/#organization\"},\"image\":{\"@id\":\"https:\/\/vosgesinfo.fr\/laplainedesvosgesinfo\/2016\/10\/installation-de-50-migrants-de-la-jungle-de-calais-a-monthureux-sur-saone\/#primaryimage\"},\"thumbnailUrl\":\"https:\/\/vosgesinfo.fr\/app\/uploads\/sites\/2\/2024\/06\/201610arrivee-migrants-monthureux-6.jpg\",\"keywords\":[\"migrants de la jungle de Calais\",\"Monthureux-sur-Sa\u00f4ne\",\"r\u00e9fugi\u00e9s\"],\"articleSection\":[\"A la Une\",\"La Plaine\",\"Soci\u00e9t\u00e9\"],\"inLanguage\":\"fr-FR\",\"potentialAction\":[{\"@type\":\"CommentAction\",\"name\":\"Comment\",\"target\":[\"https:\/\/vosgesinfo.fr\/laplainedesvosgesinfo\/2016\/10\/installation-de-50-migrants-de-la-jungle-de-calais-a-monthureux-sur-saone\/#respond\"]}]},{\"@type\":\"WebPage\",\"@id\":\"https:\/\/vosgesinfo.fr\/laplainedesvosgesinfo\/2016\/10\/installation-de-50-migrants-de-la-jungle-de-calais-a-monthureux-sur-saone\/\",\"url\":\"https:\/\/vosgesinfo.fr\/laplainedesvosgesinfo\/2016\/10\/installation-de-50-migrants-de-la-jungle-de-calais-a-monthureux-sur-saone\/\",\"name\":\"Installation de 50 migrants de la Jungle de Calais \u00e0 Monthureux-sur-Sa\u00f4ne - La Plaine des Vosges\",\"isPartOf\":{\"@id\":\"https:\/\/vosgesinfo.fr\/laplainedesvosgesinfo\/#website\"},\"primaryImageOfPage\":{\"@id\":\"https:\/\/vosgesinfo.fr\/laplainedesvosgesinfo\/2016\/10\/installation-de-50-migrants-de-la-jungle-de-calais-a-monthureux-sur-saone\/#primaryimage\"},\"image\":{\"@id\":\"https:\/\/vosgesinfo.fr\/laplainedesvosgesinfo\/2016\/10\/installation-de-50-migrants-de-la-jungle-de-calais-a-monthureux-sur-saone\/#primaryimage\"},\"thumbnailUrl\":\"https:\/\/vosgesinfo.fr\/app\/uploads\/sites\/2\/2024\/06\/201610arrivee-migrants-monthureux-6.jpg\",\"datePublished\":\"2016-10-26T16:15:40+00:00\",\"dateModified\":\"2016-10-26T16:15:40+00:00\",\"breadcrumb\":{\"@id\":\"https:\/\/vosgesinfo.fr\/laplainedesvosgesinfo\/2016\/10\/installation-de-50-migrants-de-la-jungle-de-calais-a-monthureux-sur-saone\/#breadcrumb\"},\"inLanguage\":\"fr-FR\",\"potentialAction\":[{\"@type\":\"ReadAction\",\"target\":[\"https:\/\/vosgesinfo.fr\/laplainedesvosgesinfo\/2016\/10\/installation-de-50-migrants-de-la-jungle-de-calais-a-monthureux-sur-saone\/\"]}]},{\"@type\":\"ImageObject\",\"inLanguage\":\"fr-FR\",\"@id\":\"https:\/\/vosgesinfo.fr\/laplainedesvosgesinfo\/2016\/10\/installation-de-50-migrants-de-la-jungle-de-calais-a-monthureux-sur-saone\/#primaryimage\",\"url\":\"https:\/\/vosgesinfo.fr\/app\/uploads\/sites\/2\/2024\/06\/201610arrivee-migrants-monthureux-6.jpg\",\"contentUrl\":\"https:\/\/vosgesinfo.fr\/app\/uploads\/sites\/2\/2024\/06\/201610arrivee-migrants-monthureux-6.jpg\",\"width\":800,\"height\":488},{\"@type\":\"BreadcrumbList\",\"@id\":\"https:\/\/vosgesinfo.fr\/laplainedesvosgesinfo\/2016\/10\/installation-de-50-migrants-de-la-jungle-de-calais-a-monthureux-sur-saone\/#breadcrumb\",\"itemListElement\":[{\"@type\":\"ListItem\",\"position\":1,\"name\":\"Home\",\"item\":\"https:\/\/vosgesinfo.fr\/laplainedesvosgesinfo\/\"},{\"@type\":\"ListItem\",\"position\":2,\"name\":\"Installation de 50 migrants de la Jungle de Calais \u00e0 Monthureux-sur-Sa\u00f4ne\"}]},{\"@type\":\"WebSite\",\"@id\":\"https:\/\/vosgesinfo.fr\/laplainedesvosgesinfo\/#website\",\"url\":\"https:\/\/vosgesinfo.fr\/laplainedesvosgesinfo\/\",\"name\":\"La Plaine des Vosges\",\"description\":\"Toute l&#039;actualit\u00e9 de la plaine de Vosges\",\"publisher\":{\"@id\":\"https:\/\/vosgesinfo.fr\/laplainedesvosgesinfo\/#organization\"},\"alternateName\":\"Toute l'actualit\u00e9 de la plaine des Vosges\",\"potentialAction\":[{\"@type\":\"SearchAction\",\"target\":{\"@type\":\"EntryPoint\",\"urlTemplate\":\"https:\/\/vosgesinfo.fr\/laplainedesvosgesinfo\/?s={search_term_string}\"},\"query-input\":\"required name=search_term_string\"}],\"inLanguage\":\"fr-FR\"},{\"@type\":\"Organization\",\"@id\":\"https:\/\/vosgesinfo.fr\/laplainedesvosgesinfo\/#organization\",\"name\":\"La Plaine des Vosges\",\"url\":\"https:\/\/vosgesinfo.fr\/laplainedesvosgesinfo\/\",\"logo\":{\"@type\":\"ImageObject\",\"inLanguage\":\"fr-FR\",\"@id\":\"https:\/\/vosgesinfo.fr\/laplainedesvosgesinfo\/#\/schema\/logo\/image\/\",\"url\":\"https:\/\/vosgesinfo.fr\/app\/uploads\/sites\/2\/2023\/08\/logo-laplaineinfo.svg\",\"contentUrl\":\"https:\/\/vosgesinfo.fr\/app\/uploads\/sites\/2\/2023\/08\/logo-laplaineinfo.svg\",\"width\":1,\"height\":1,\"caption\":\"La Plaine des Vosges\"},\"image\":{\"@id\":\"https:\/\/vosgesinfo.fr\/laplainedesvosgesinfo\/#\/schema\/logo\/image\/\"},\"sameAs\":[\"https:\/\/www.facebook.com\/laplainedesvosges\",\"https:\/\/x.com\/VosgesInfo88\",\"https:\/\/www.youtube.com\/@vosgesinfo\"]},{\"@type\":\"Person\",\"@id\":\"https:\/\/vosgesinfo.fr\/laplainedesvosgesinfo\/#\/schema\/person\/bc5d02d71e6932e81b6dadb7386667b1\",\"name\":\"qs_admin\",\"image\":{\"@type\":\"ImageObject\",\"inLanguage\":\"fr-FR\",\"@id\":\"https:\/\/vosgesinfo.fr\/laplainedesvosgesinfo\/#\/schema\/person\/image\/\",\"url\":\"https:\/\/secure.gravatar.com\/avatar\/94b18ee0ed79e4a42ea2f2931277b6841a8999fc6fde214600c78057cf1fe1de?s=96&d=mm&r=g\",\"contentUrl\":\"https:\/\/secure.gravatar.com\/avatar\/94b18ee0ed79e4a42ea2f2931277b6841a8999fc6fde214600c78057cf1fe1de?s=96&d=mm&r=g\",\"caption\":\"qs_admin\"},\"sameAs\":[\"https:\/\/vosgesinfo.fr\/wp\"],\"url\":\"https:\/\/vosgesinfo.fr\/laplainedesvosgesinfo\/author\/qs_admin\/\"}]}<\/script>\n<!-- \/ Yoast SEO plugin. -->","yoast_head_json":{"title":"Installation de 50 migrants de la Jungle de Calais \u00e0 Monthureux-sur-Sa\u00f4ne - La Plaine des Vosges","robots":{"index":"index","follow":"follow","max-snippet":"max-snippet:-1","max-image-preview":"max-image-preview:large","max-video-preview":"max-video-preview:-1"},"canonical":"https:\/\/vosgesinfo.fr\/laplainedesvosgesinfo\/2016\/10\/installation-de-50-migrants-de-la-jungle-de-calais-a-monthureux-sur-saone\/","twitter_card":"summary_large_image","twitter_title":"Installation de 50 migrants de la Jungle de Calais \u00e0 Monthureux-sur-Sa\u00f4ne - La Plaine des Vosges","twitter_description":"Cinquante migrants de la jungle de Calais sont arriv\u00e9s ce mercredi apr\u00e8s-midi, au centre d&rsquo;accueil et d&rsquo;orientation (CAO) de Monthureux-sur-Sa\u00f4ne. [&hellip;]","twitter_image":"https:\/\/vosgesinfo.fr\/app\/uploads\/sites\/2\/2024\/06\/201610arrivee-migrants-monthureux-6.jpg","twitter_creator":"@VosgesInfo88","twitter_site":"@VosgesInfo88","twitter_misc":{"\u00c9crit par":"qs_admin","Dur\u00e9e de lecture estim\u00e9e":"2 minutes"},"schema":{"@context":"https:\/\/schema.org","@graph":[{"@type":"Article","@id":"https:\/\/vosgesinfo.fr\/laplainedesvosgesinfo\/2016\/10\/installation-de-50-migrants-de-la-jungle-de-calais-a-monthureux-sur-saone\/#article","isPartOf":{"@id":"https:\/\/vosgesinfo.fr\/laplainedesvosgesinfo\/2016\/10\/installation-de-50-migrants-de-la-jungle-de-calais-a-monthureux-sur-saone\/"},"author":{"name":"qs_admin","@id":"https:\/\/vosgesinfo.fr\/laplainedesvosgesinfo\/#\/schema\/person\/bc5d02d71e6932e81b6dadb7386667b1"},"headline":"Installation de 50 migrants de la Jungle de Calais \u00e0 Monthureux-sur-Sa\u00f4ne","datePublished":"2016-10-26T16:15:40+00:00","dateModified":"2016-10-26T16:15:40+00:00","mainEntityOfPage":{"@id":"https:\/\/vosgesinfo.fr\/laplainedesvosgesinfo\/2016\/10\/installation-de-50-migrants-de-la-jungle-de-calais-a-monthureux-sur-saone\/"},"wordCount":414,"commentCount":0,"publisher":{"@id":"https:\/\/vosgesinfo.fr\/laplainedesvosgesinfo\/#organization"},"image":{"@id":"https:\/\/vosgesinfo.fr\/laplainedesvosgesinfo\/2016\/10\/installation-de-50-migrants-de-la-jungle-de-calais-a-monthureux-sur-saone\/#primaryimage"},"thumbnailUrl":"https:\/\/vosgesinfo.fr\/app\/uploads\/sites\/2\/2024\/06\/201610arrivee-migrants-monthureux-6.jpg","keywords":["migrants de la jungle de Calais","Monthureux-sur-Sa\u00f4ne","r\u00e9fugi\u00e9s"],"articleSection":["A la Une","La Plaine","Soci\u00e9t\u00e9"],"inLanguage":"fr-FR","potentialAction":[{"@type":"CommentAction","name":"Comment","target":["https:\/\/vosgesinfo.fr\/laplainedesvosgesinfo\/2016\/10\/installation-de-50-migrants-de-la-jungle-de-calais-a-monthureux-sur-saone\/#respond"]}]},{"@type":"WebPage","@id":"https:\/\/vosgesinfo.fr\/laplainedesvosgesinfo\/2016\/10\/installation-de-50-migrants-de-la-jungle-de-calais-a-monthureux-sur-saone\/","url":"https:\/\/vosgesinfo.fr\/laplainedesvosgesinfo\/2016\/10\/installation-de-50-migrants-de-la-jungle-de-calais-a-monthureux-sur-saone\/","name":"Installation de 50 migrants de la Jungle de Calais \u00e0 Monthureux-sur-Sa\u00f4ne - La Plaine des Vosges","isPartOf":{"@id":"https:\/\/vosgesinfo.fr\/laplainedesvosgesinfo\/#website"},"primaryImageOfPage":{"@id":"https:\/\/vosgesinfo.fr\/laplainedesvosgesinfo\/2016\/10\/installation-de-50-migrants-de-la-jungle-de-calais-a-monthureux-sur-saone\/#primaryimage"},"image":{"@id":"https:\/\/vosgesinfo.fr\/laplainedesvosgesinfo\/2016\/10\/installation-de-50-migrants-de-la-jungle-de-calais-a-monthureux-sur-saone\/#primaryimage"},"thumbnailUrl":"https:\/\/vosgesinfo.fr\/app\/uploads\/sites\/2\/2024\/06\/201610arrivee-migrants-monthureux-6.jpg","datePublished":"2016-10-26T16:15:40+00:00","dateModified":"2016-10-26T16:15:40+00:00","breadcrumb":{"@id":"https:\/\/vosgesinfo.fr\/laplainedesvosgesinfo\/2016\/10\/installation-de-50-migrants-de-la-jungle-de-calais-a-monthureux-sur-saone\/#breadcrumb"},"inLanguage":"fr-FR","potentialAction":[{"@type":"ReadAction","target":["https:\/\/vosgesinfo.fr\/laplainedesvosgesinfo\/2016\/10\/installation-de-50-migrants-de-la-jungle-de-calais-a-monthureux-sur-saone\/"]}]},{"@type":"ImageObject","inLanguage":"fr-FR","@id":"https:\/\/vosgesinfo.fr\/laplainedesvosgesinfo\/2016\/10\/installation-de-50-migrants-de-la-jungle-de-calais-a-monthureux-sur-saone\/#primaryimage","url":"https:\/\/vosgesinfo.fr\/app\/uploads\/sites\/2\/2024\/06\/201610arrivee-migrants-monthureux-6.jpg","contentUrl":"https:\/\/vosgesinfo.fr\/app\/uploads\/sites\/2\/2024\/06\/201610arrivee-migrants-monthureux-6.jpg","width":800,"height":488},{"@type":"BreadcrumbList","@id":"https:\/\/vosgesinfo.fr\/laplainedesvosgesinfo\/2016\/10\/installation-de-50-migrants-de-la-jungle-de-calais-a-monthureux-sur-saone\/#breadcrumb","itemListElement":[{"@type":"ListItem","position":1,"name":"Home","item":"https:\/\/vosgesinfo.fr\/laplainedesvosgesinfo\/"},{"@type":"ListItem","position":2,"name":"Installation de 50 migrants de la Jungle de Calais \u00e0 Monthureux-sur-Sa\u00f4ne"}]},{"@type":"WebSite","@id":"https:\/\/vosgesinfo.fr\/laplainedesvosgesinfo\/#website","url":"https:\/\/vosgesinfo.fr\/laplainedesvosgesinfo\/","name":"La Plaine des Vosges","description":"Toute l&#039;actualit\u00e9 de la plaine de Vosges","publisher":{"@id":"https:\/\/vosgesinfo.fr\/laplainedesvosgesinfo\/#organization"},"alternateName":"Toute l'actualit\u00e9 de la plaine des Vosges","potentialAction":[{"@type":"SearchAction","target":{"@type":"EntryPoint","urlTemplate":"https:\/\/vosgesinfo.fr\/laplainedesvosgesinfo\/?s={search_term_string}"},"query-input":"required name=search_term_string"}],"inLanguage":"fr-FR"},{"@type":"Organization","@id":"https:\/\/vosgesinfo.fr\/laplainedesvosgesinfo\/#organization","name":"La Plaine des Vosges","url":"https:\/\/vosgesinfo.fr\/laplainedesvosgesinfo\/","logo":{"@type":"ImageObject","inLanguage":"fr-FR","@id":"https:\/\/vosgesinfo.fr\/laplainedesvosgesinfo\/#\/schema\/logo\/image\/","url":"https:\/\/vosgesinfo.fr\/app\/uploads\/sites\/2\/2023\/08\/logo-laplaineinfo.svg","contentUrl":"https:\/\/vosgesinfo.fr\/app\/uploads\/sites\/2\/2023\/08\/logo-laplaineinfo.svg","width":1,"height":1,"caption":"La Plaine des Vosges"},"image":{"@id":"https:\/\/vosgesinfo.fr\/laplainedesvosgesinfo\/#\/schema\/logo\/image\/"},"sameAs":["https:\/\/www.facebook.com\/laplainedesvosges","https:\/\/x.com\/VosgesInfo88","https:\/\/www.youtube.com\/@vosgesinfo"]},{"@type":"Person","@id":"https:\/\/vosgesinfo.fr\/laplainedesvosgesinfo\/#\/schema\/person\/bc5d02d71e6932e81b6dadb7386667b1","name":"qs_admin","image":{"@type":"ImageObject","inLanguage":"fr-FR","@id":"https:\/\/vosgesinfo.fr\/laplainedesvosgesinfo\/#\/schema\/person\/image\/","url":"https:\/\/secure.gravatar.com\/avatar\/94b18ee0ed79e4a42ea2f2931277b6841a8999fc6fde214600c78057cf1fe1de?s=96&d=mm&r=g","contentUrl":"https:\/\/secure.gravatar.com\/avatar\/94b18ee0ed79e4a42ea2f2931277b6841a8999fc6fde214600c78057cf1fe1de?s=96&d=mm&r=g","caption":"qs_admin"},"sameAs":["https:\/\/vosgesinfo.fr\/wp"],"url":"https:\/\/vosgesinfo.fr\/laplainedesvosgesinfo\/author\/qs_admin\/"}]}},"_links":{"self":[{"href":"https:\/\/vosgesinfo.fr\/laplainedesvosgesinfo\/wp-json\/wp\/v2\/posts\/7606","targetHints":{"allow":["GET"]}}],"collection":[{"href":"https:\/\/vosgesinfo.fr\/laplainedesvosgesinfo\/wp-json\/wp\/v2\/posts"}],"about":[{"href":"https:\/\/vosgesinfo.fr\/laplainedesvosgesinfo\/wp-json\/wp\/v2\/types\/post"}],"author":[{"embeddable":true,"href":"https:\/\/vosgesinfo.fr\/laplainedesvosgesinfo\/wp-json\/wp\/v2\/users\/1"}],"replies":[{"embeddable":true,"href":"https:\/\/vosgesinfo.fr\/laplainedesvosgesinfo\/wp-json\/wp\/v2\/comments?post=7606"}],"version-history":[{"count":0,"href":"https:\/\/vosgesinfo.fr\/laplainedesvosgesinfo\/wp-json\/wp\/v2\/posts\/7606\/revisions"}],"wp:featuredmedia":[{"embeddable":true,"href":"https:\/\/vosgesinfo.fr\/laplainedesvosgesinfo\/wp-json\/wp\/v2\/media\/7607"}],"wp:attachment":[{"href":"https:\/\/vosgesinfo.fr\/laplainedesvosgesinfo\/wp-json\/wp\/v2\/media?parent=7606"}],"wp:term":[{"taxonomy":"category","embeddable":true,"href":"https:\/\/vosgesinfo.fr\/laplainedesvosgesinfo\/wp-json\/wp\/v2\/categories?post=7606"},{"taxonomy":"post_tag","embeddable":true,"href":"https:\/\/vosgesinfo.fr\/laplainedesvosgesinfo\/wp-json\/wp\/v2\/tags?post=7606"}],"curies":[{"name":"wp","href":"https:\/\/api.w.org\/{rel}","templated":true}]}}