{"id":771,"date":"2023-10-11T17:00:34","date_gmt":"2023-10-11T15:00:34","guid":{"rendered":"https:\/\/vosgesinfo.fr\/laplainedesvosgesinfo\/2023\/10\/affaire-gregory-lun-des-corbeaux-a-ete-identifie-grace-a-son-adn\/"},"modified":"2023-10-11T17:00:34","modified_gmt":"2023-10-11T15:00:34","slug":"affaire-gregory-lun-des-corbeaux-a-ete-identifie-grace-a-son-adn","status":"publish","type":"post","link":"https:\/\/vosgesinfo.fr\/laplainedesvosgesinfo\/2023\/10\/affaire-gregory-lun-des-corbeaux-a-ete-identifie-grace-a-son-adn\/","title":{"rendered":"Affaire Gr\u00e9gory : l\u2019un des corbeaux a \u00e9t\u00e9 identifi\u00e9 gr\u00e2ce \u00e0 son ADN"},"content":{"rendered":"<h2 class=\"col subheadline margin_bottom_subheadline widescreen-12 desktop-10\">Les expertises ADN ont enfin livr\u00e9 leurs secrets ! Dans le cadre de l\u2019affaire Gr\u00e9gory, la justice a identifi\u00e9 l\u2019un des auteurs des courriers adress\u00e9s \u00e0 la famille Villemin.<\/h2>\n<p dir=\"ltr\">Pr\u00e8s de 40 ans apr\u00e8s l\u2019assassinat de Gr\u00e9gory Villemin, 4 ans, retrouv\u00e9 pieds et poings li\u00e9s dans la Vologne \u00e0 L\u00e9panges-sur-Vologne, de r\u00e9centes expertises ont permis d\u2019identifier l\u2019auteur d\u2019une des lettres anonymes re\u00e7ues par la famille. \u00ab Je vous ferez <i data-original-fontsize=\"20px\" data-original-lineheight=\"30px\">(sic)<\/i> \u00e0 nouveau votre peau \u00e0 la famille Villemain (\u2026) Prochaine victime, Monique \u00bb Ce message a \u00e9t\u00e9 envoy\u00e9 anonymement dans une enveloppe le 24 juillet 1985 \u00e0 l\u2019attention de Monique et Albert Villemin, les grands-parents du petit Gr\u00e9gory, assassin\u00e9 \u00e0 L\u00e9panges-sur-Vologne quelques mois plus t\u00f4t.<\/p>\n","protected":false},"excerpt":{"rendered":"<p>Les expertises ADN ont enfin livr\u00e9 leurs secrets ! Dans le cadre de l\u2019affaire Gr\u00e9gory, la justice a identifi\u00e9 l\u2019un [&hellip;]<\/p>\n","protected":false},"author":42,"featured_media":772,"comment_status":"open","ping_status":"open","sticky":false,"template":"","format":"standard","meta":{"footnotes":""},"categories":[29,18],"tags":[],"class_list":["post-771","post","type-post","status-publish","format-standard","has-post-thumbnail","hentry","category-a-la-une","category-vosges"],"acf":[],"yoast_head":"<!-- This site is optimized with the Yoast SEO plugin v22.5 - https:\/\/yoast.com\/wordpress\/plugins\/seo\/ -->\n<title>Affaire Gr\u00e9gory : l\u2019un des corbeaux a \u00e9t\u00e9 identifi\u00e9 gr\u00e2ce \u00e0 son ADN - La Plaine des Vosges<\/title>\n<meta name=\"robots\" content=\"index, follow, max-snippet:-1, max-image-preview:large, max-video-preview:-1\" \/>\n<link rel=\"canonical\" href=\"https:\/\/vosgesinfo.fr\/laplainedesvosgesinfo\/2023\/10\/affaire-gregory-lun-des-corbeaux-a-ete-identifie-grace-a-son-adn\/\" \/>\n<meta name=\"twitter:card\" content=\"summary_large_image\" \/>\n<meta name=\"twitter:title\" content=\"Affaire Gr\u00e9gory : l\u2019un des corbeaux a \u00e9t\u00e9 identifi\u00e9 gr\u00e2ce \u00e0 son ADN - La Plaine des Vosges\" \/>\n<meta name=\"twitter:description\" content=\"Les expertises ADN ont enfin livr\u00e9 leurs secrets ! Dans le cadre de l\u2019affaire Gr\u00e9gory, la justice a identifi\u00e9 l\u2019un [&hellip;]\" \/>\n<meta name=\"twitter:image\" content=\"https:\/\/vosgesinfo.fr\/app\/uploads\/sites\/2\/2020\/01\/petit-gregory.png\" \/>\n<meta name=\"twitter:creator\" content=\"@VosgesInfo88\" \/>\n<meta name=\"twitter:site\" content=\"@VosgesInfo88\" \/>\n<meta name=\"twitter:label1\" content=\"\u00c9crit par\" \/>\n\t<meta name=\"twitter:data1\" content=\"QG\" \/>\n\t<meta name=\"twitter:label2\" content=\"Dur\u00e9e de lecture estim\u00e9e\" \/>\n\t<meta name=\"twitter:data2\" content=\"1 minute\" \/>\n<script type=\"application\/ld+json\" class=\"yoast-schema-graph\">{\"@context\":\"https:\/\/schema.org\",\"@graph\":[{\"@type\":\"Article\",\"@id\":\"https:\/\/vosgesinfo.fr\/laplainedesvosgesinfo\/2023\/10\/affaire-gregory-lun-des-corbeaux-a-ete-identifie-grace-a-son-adn\/#article\",\"isPartOf\":{\"@id\":\"https:\/\/vosgesinfo.fr\/laplainedesvosgesinfo\/2023\/10\/affaire-gregory-lun-des-corbeaux-a-ete-identifie-grace-a-son-adn\/\"},\"author\":{\"name\":\"QG\",\"@id\":\"https:\/\/vosgesinfo.fr\/laplainedesvosgesinfo\/#\/schema\/person\/db5605779a843dad16b5368f3e7613a5\"},\"headline\":\"Affaire Gr\u00e9gory : l\u2019un des corbeaux a \u00e9t\u00e9 identifi\u00e9 gr\u00e2ce \u00e0 son ADN\",\"datePublished\":\"2023-10-11T15:00:34+00:00\",\"dateModified\":\"2023-10-11T15:00:34+00:00\",\"mainEntityOfPage\":{\"@id\":\"https:\/\/vosgesinfo.fr\/laplainedesvosgesinfo\/2023\/10\/affaire-gregory-lun-des-corbeaux-a-ete-identifie-grace-a-son-adn\/\"},\"wordCount\":134,\"commentCount\":0,\"publisher\":{\"@id\":\"https:\/\/vosgesinfo.fr\/laplainedesvosgesinfo\/#organization\"},\"image\":{\"@id\":\"https:\/\/vosgesinfo.fr\/laplainedesvosgesinfo\/2023\/10\/affaire-gregory-lun-des-corbeaux-a-ete-identifie-grace-a-son-adn\/#primaryimage\"},\"thumbnailUrl\":\"https:\/\/vosgesinfo.fr\/app\/uploads\/sites\/2\/2020\/01\/petit-gregory.png\",\"articleSection\":[\"A la Une\",\"Vosges\"],\"inLanguage\":\"fr-FR\",\"potentialAction\":[{\"@type\":\"CommentAction\",\"name\":\"Comment\",\"target\":[\"https:\/\/vosgesinfo.fr\/laplainedesvosgesinfo\/2023\/10\/affaire-gregory-lun-des-corbeaux-a-ete-identifie-grace-a-son-adn\/#respond\"]}]},{\"@type\":\"WebPage\",\"@id\":\"https:\/\/vosgesinfo.fr\/laplainedesvosgesinfo\/2023\/10\/affaire-gregory-lun-des-corbeaux-a-ete-identifie-grace-a-son-adn\/\",\"url\":\"https:\/\/vosgesinfo.fr\/laplainedesvosgesinfo\/2023\/10\/affaire-gregory-lun-des-corbeaux-a-ete-identifie-grace-a-son-adn\/\",\"name\":\"Affaire Gr\u00e9gory : l\u2019un des corbeaux a \u00e9t\u00e9 identifi\u00e9 gr\u00e2ce \u00e0 son ADN - La Plaine des Vosges\",\"isPartOf\":{\"@id\":\"https:\/\/vosgesinfo.fr\/laplainedesvosgesinfo\/#website\"},\"primaryImageOfPage\":{\"@id\":\"https:\/\/vosgesinfo.fr\/laplainedesvosgesinfo\/2023\/10\/affaire-gregory-lun-des-corbeaux-a-ete-identifie-grace-a-son-adn\/#primaryimage\"},\"image\":{\"@id\":\"https:\/\/vosgesinfo.fr\/laplainedesvosgesinfo\/2023\/10\/affaire-gregory-lun-des-corbeaux-a-ete-identifie-grace-a-son-adn\/#primaryimage\"},\"thumbnailUrl\":\"https:\/\/vosgesinfo.fr\/app\/uploads\/sites\/2\/2020\/01\/petit-gregory.png\",\"datePublished\":\"2023-10-11T15:00:34+00:00\",\"dateModified\":\"2023-10-11T15:00:34+00:00\",\"breadcrumb\":{\"@id\":\"https:\/\/vosgesinfo.fr\/laplainedesvosgesinfo\/2023\/10\/affaire-gregory-lun-des-corbeaux-a-ete-identifie-grace-a-son-adn\/#breadcrumb\"},\"inLanguage\":\"fr-FR\",\"potentialAction\":[{\"@type\":\"ReadAction\",\"target\":[\"https:\/\/vosgesinfo.fr\/laplainedesvosgesinfo\/2023\/10\/affaire-gregory-lun-des-corbeaux-a-ete-identifie-grace-a-son-adn\/\"]}]},{\"@type\":\"ImageObject\",\"inLanguage\":\"fr-FR\",\"@id\":\"https:\/\/vosgesinfo.fr\/laplainedesvosgesinfo\/2023\/10\/affaire-gregory-lun-des-corbeaux-a-ete-identifie-grace-a-son-adn\/#primaryimage\",\"url\":\"https:\/\/vosgesinfo.fr\/app\/uploads\/sites\/2\/2020\/01\/petit-gregory.png\",\"contentUrl\":\"https:\/\/vosgesinfo.fr\/app\/uploads\/sites\/2\/2020\/01\/petit-gregory.png\",\"width\":275,\"height\":183},{\"@type\":\"BreadcrumbList\",\"@id\":\"https:\/\/vosgesinfo.fr\/laplainedesvosgesinfo\/2023\/10\/affaire-gregory-lun-des-corbeaux-a-ete-identifie-grace-a-son-adn\/#breadcrumb\",\"itemListElement\":[{\"@type\":\"ListItem\",\"position\":1,\"name\":\"Home\",\"item\":\"https:\/\/vosgesinfo.fr\/laplainedesvosgesinfo\/\"},{\"@type\":\"ListItem\",\"position\":2,\"name\":\"Affaire Gr\u00e9gory : l\u2019un des corbeaux a \u00e9t\u00e9 identifi\u00e9 gr\u00e2ce \u00e0 son ADN\"}]},{\"@type\":\"WebSite\",\"@id\":\"https:\/\/vosgesinfo.fr\/laplainedesvosgesinfo\/#website\",\"url\":\"https:\/\/vosgesinfo.fr\/laplainedesvosgesinfo\/\",\"name\":\"La Plaine des Vosges\",\"description\":\"Toute l&#039;actualit\u00e9 de la plaine de Vosges\",\"publisher\":{\"@id\":\"https:\/\/vosgesinfo.fr\/laplainedesvosgesinfo\/#organization\"},\"alternateName\":\"Toute l'actualit\u00e9 de la plaine des Vosges\",\"potentialAction\":[{\"@type\":\"SearchAction\",\"target\":{\"@type\":\"EntryPoint\",\"urlTemplate\":\"https:\/\/vosgesinfo.fr\/laplainedesvosgesinfo\/?s={search_term_string}\"},\"query-input\":\"required name=search_term_string\"}],\"inLanguage\":\"fr-FR\"},{\"@type\":\"Organization\",\"@id\":\"https:\/\/vosgesinfo.fr\/laplainedesvosgesinfo\/#organization\",\"name\":\"La Plaine des Vosges\",\"url\":\"https:\/\/vosgesinfo.fr\/laplainedesvosgesinfo\/\",\"logo\":{\"@type\":\"ImageObject\",\"inLanguage\":\"fr-FR\",\"@id\":\"https:\/\/vosgesinfo.fr\/laplainedesvosgesinfo\/#\/schema\/logo\/image\/\",\"url\":\"https:\/\/vosgesinfo.fr\/app\/uploads\/sites\/2\/2023\/08\/logo-laplaineinfo.svg\",\"contentUrl\":\"https:\/\/vosgesinfo.fr\/app\/uploads\/sites\/2\/2023\/08\/logo-laplaineinfo.svg\",\"width\":1,\"height\":1,\"caption\":\"La Plaine des Vosges\"},\"image\":{\"@id\":\"https:\/\/vosgesinfo.fr\/laplainedesvosgesinfo\/#\/schema\/logo\/image\/\"},\"sameAs\":[\"https:\/\/www.facebook.com\/laplainedesvosges\",\"https:\/\/x.com\/VosgesInfo88\",\"https:\/\/www.youtube.com\/@vosgesinfo\"]},{\"@type\":\"Person\",\"@id\":\"https:\/\/vosgesinfo.fr\/laplainedesvosgesinfo\/#\/schema\/person\/db5605779a843dad16b5368f3e7613a5\",\"name\":\"QG\",\"image\":{\"@type\":\"ImageObject\",\"inLanguage\":\"fr-FR\",\"@id\":\"https:\/\/vosgesinfo.fr\/laplainedesvosgesinfo\/#\/schema\/person\/image\/\",\"url\":\"https:\/\/secure.gravatar.com\/avatar\/ea80c42c204b534408512832fde52504ecabb9706bcb6151cf6175e5b64e6793?s=96&d=mm&r=g\",\"contentUrl\":\"https:\/\/secure.gravatar.com\/avatar\/ea80c42c204b534408512832fde52504ecabb9706bcb6151cf6175e5b64e6793?s=96&d=mm&r=g\",\"caption\":\"QG\"},\"url\":\"https:\/\/vosgesinfo.fr\/laplainedesvosgesinfo\/author\/quentin88\/\"}]}<\/script>\n<!-- \/ Yoast SEO plugin. -->","yoast_head_json":{"title":"Affaire Gr\u00e9gory : l\u2019un des corbeaux a \u00e9t\u00e9 identifi\u00e9 gr\u00e2ce \u00e0 son ADN - La Plaine des Vosges","robots":{"index":"index","follow":"follow","max-snippet":"max-snippet:-1","max-image-preview":"max-image-preview:large","max-video-preview":"max-video-preview:-1"},"canonical":"https:\/\/vosgesinfo.fr\/laplainedesvosgesinfo\/2023\/10\/affaire-gregory-lun-des-corbeaux-a-ete-identifie-grace-a-son-adn\/","twitter_card":"summary_large_image","twitter_title":"Affaire Gr\u00e9gory : l\u2019un des corbeaux a \u00e9t\u00e9 identifi\u00e9 gr\u00e2ce \u00e0 son ADN - La Plaine des Vosges","twitter_description":"Les expertises ADN ont enfin livr\u00e9 leurs secrets ! Dans le cadre de l\u2019affaire Gr\u00e9gory, la justice a identifi\u00e9 l\u2019un [&hellip;]","twitter_image":"https:\/\/vosgesinfo.fr\/app\/uploads\/sites\/2\/2020\/01\/petit-gregory.png","twitter_creator":"@VosgesInfo88","twitter_site":"@VosgesInfo88","twitter_misc":{"\u00c9crit par":"QG","Dur\u00e9e de lecture estim\u00e9e":"1 minute"},"schema":{"@context":"https:\/\/schema.org","@graph":[{"@type":"Article","@id":"https:\/\/vosgesinfo.fr\/laplainedesvosgesinfo\/2023\/10\/affaire-gregory-lun-des-corbeaux-a-ete-identifie-grace-a-son-adn\/#article","isPartOf":{"@id":"https:\/\/vosgesinfo.fr\/laplainedesvosgesinfo\/2023\/10\/affaire-gregory-lun-des-corbeaux-a-ete-identifie-grace-a-son-adn\/"},"author":{"name":"QG","@id":"https:\/\/vosgesinfo.fr\/laplainedesvosgesinfo\/#\/schema\/person\/db5605779a843dad16b5368f3e7613a5"},"headline":"Affaire Gr\u00e9gory : l\u2019un des corbeaux a \u00e9t\u00e9 identifi\u00e9 gr\u00e2ce \u00e0 son ADN","datePublished":"2023-10-11T15:00:34+00:00","dateModified":"2023-10-11T15:00:34+00:00","mainEntityOfPage":{"@id":"https:\/\/vosgesinfo.fr\/laplainedesvosgesinfo\/2023\/10\/affaire-gregory-lun-des-corbeaux-a-ete-identifie-grace-a-son-adn\/"},"wordCount":134,"commentCount":0,"publisher":{"@id":"https:\/\/vosgesinfo.fr\/laplainedesvosgesinfo\/#organization"},"image":{"@id":"https:\/\/vosgesinfo.fr\/laplainedesvosgesinfo\/2023\/10\/affaire-gregory-lun-des-corbeaux-a-ete-identifie-grace-a-son-adn\/#primaryimage"},"thumbnailUrl":"https:\/\/vosgesinfo.fr\/app\/uploads\/sites\/2\/2020\/01\/petit-gregory.png","articleSection":["A la Une","Vosges"],"inLanguage":"fr-FR","potentialAction":[{"@type":"CommentAction","name":"Comment","target":["https:\/\/vosgesinfo.fr\/laplainedesvosgesinfo\/2023\/10\/affaire-gregory-lun-des-corbeaux-a-ete-identifie-grace-a-son-adn\/#respond"]}]},{"@type":"WebPage","@id":"https:\/\/vosgesinfo.fr\/laplainedesvosgesinfo\/2023\/10\/affaire-gregory-lun-des-corbeaux-a-ete-identifie-grace-a-son-adn\/","url":"https:\/\/vosgesinfo.fr\/laplainedesvosgesinfo\/2023\/10\/affaire-gregory-lun-des-corbeaux-a-ete-identifie-grace-a-son-adn\/","name":"Affaire Gr\u00e9gory : l\u2019un des corbeaux a \u00e9t\u00e9 identifi\u00e9 gr\u00e2ce \u00e0 son ADN - La Plaine des Vosges","isPartOf":{"@id":"https:\/\/vosgesinfo.fr\/laplainedesvosgesinfo\/#website"},"primaryImageOfPage":{"@id":"https:\/\/vosgesinfo.fr\/laplainedesvosgesinfo\/2023\/10\/affaire-gregory-lun-des-corbeaux-a-ete-identifie-grace-a-son-adn\/#primaryimage"},"image":{"@id":"https:\/\/vosgesinfo.fr\/laplainedesvosgesinfo\/2023\/10\/affaire-gregory-lun-des-corbeaux-a-ete-identifie-grace-a-son-adn\/#primaryimage"},"thumbnailUrl":"https:\/\/vosgesinfo.fr\/app\/uploads\/sites\/2\/2020\/01\/petit-gregory.png","datePublished":"2023-10-11T15:00:34+00:00","dateModified":"2023-10-11T15:00:34+00:00","breadcrumb":{"@id":"https:\/\/vosgesinfo.fr\/laplainedesvosgesinfo\/2023\/10\/affaire-gregory-lun-des-corbeaux-a-ete-identifie-grace-a-son-adn\/#breadcrumb"},"inLanguage":"fr-FR","potentialAction":[{"@type":"ReadAction","target":["https:\/\/vosgesinfo.fr\/laplainedesvosgesinfo\/2023\/10\/affaire-gregory-lun-des-corbeaux-a-ete-identifie-grace-a-son-adn\/"]}]},{"@type":"ImageObject","inLanguage":"fr-FR","@id":"https:\/\/vosgesinfo.fr\/laplainedesvosgesinfo\/2023\/10\/affaire-gregory-lun-des-corbeaux-a-ete-identifie-grace-a-son-adn\/#primaryimage","url":"https:\/\/vosgesinfo.fr\/app\/uploads\/sites\/2\/2020\/01\/petit-gregory.png","contentUrl":"https:\/\/vosgesinfo.fr\/app\/uploads\/sites\/2\/2020\/01\/petit-gregory.png","width":275,"height":183},{"@type":"BreadcrumbList","@id":"https:\/\/vosgesinfo.fr\/laplainedesvosgesinfo\/2023\/10\/affaire-gregory-lun-des-corbeaux-a-ete-identifie-grace-a-son-adn\/#breadcrumb","itemListElement":[{"@type":"ListItem","position":1,"name":"Home","item":"https:\/\/vosgesinfo.fr\/laplainedesvosgesinfo\/"},{"@type":"ListItem","position":2,"name":"Affaire Gr\u00e9gory : l\u2019un des corbeaux a \u00e9t\u00e9 identifi\u00e9 gr\u00e2ce \u00e0 son ADN"}]},{"@type":"WebSite","@id":"https:\/\/vosgesinfo.fr\/laplainedesvosgesinfo\/#website","url":"https:\/\/vosgesinfo.fr\/laplainedesvosgesinfo\/","name":"La Plaine des Vosges","description":"Toute l&#039;actualit\u00e9 de la plaine de Vosges","publisher":{"@id":"https:\/\/vosgesinfo.fr\/laplainedesvosgesinfo\/#organization"},"alternateName":"Toute l'actualit\u00e9 de la plaine des Vosges","potentialAction":[{"@type":"SearchAction","target":{"@type":"EntryPoint","urlTemplate":"https:\/\/vosgesinfo.fr\/laplainedesvosgesinfo\/?s={search_term_string}"},"query-input":"required name=search_term_string"}],"inLanguage":"fr-FR"},{"@type":"Organization","@id":"https:\/\/vosgesinfo.fr\/laplainedesvosgesinfo\/#organization","name":"La Plaine des Vosges","url":"https:\/\/vosgesinfo.fr\/laplainedesvosgesinfo\/","logo":{"@type":"ImageObject","inLanguage":"fr-FR","@id":"https:\/\/vosgesinfo.fr\/laplainedesvosgesinfo\/#\/schema\/logo\/image\/","url":"https:\/\/vosgesinfo.fr\/app\/uploads\/sites\/2\/2023\/08\/logo-laplaineinfo.svg","contentUrl":"https:\/\/vosgesinfo.fr\/app\/uploads\/sites\/2\/2023\/08\/logo-laplaineinfo.svg","width":1,"height":1,"caption":"La Plaine des Vosges"},"image":{"@id":"https:\/\/vosgesinfo.fr\/laplainedesvosgesinfo\/#\/schema\/logo\/image\/"},"sameAs":["https:\/\/www.facebook.com\/laplainedesvosges","https:\/\/x.com\/VosgesInfo88","https:\/\/www.youtube.com\/@vosgesinfo"]},{"@type":"Person","@id":"https:\/\/vosgesinfo.fr\/laplainedesvosgesinfo\/#\/schema\/person\/db5605779a843dad16b5368f3e7613a5","name":"QG","image":{"@type":"ImageObject","inLanguage":"fr-FR","@id":"https:\/\/vosgesinfo.fr\/laplainedesvosgesinfo\/#\/schema\/person\/image\/","url":"https:\/\/secure.gravatar.com\/avatar\/ea80c42c204b534408512832fde52504ecabb9706bcb6151cf6175e5b64e6793?s=96&d=mm&r=g","contentUrl":"https:\/\/secure.gravatar.com\/avatar\/ea80c42c204b534408512832fde52504ecabb9706bcb6151cf6175e5b64e6793?s=96&d=mm&r=g","caption":"QG"},"url":"https:\/\/vosgesinfo.fr\/laplainedesvosgesinfo\/author\/quentin88\/"}]}},"_links":{"self":[{"href":"https:\/\/vosgesinfo.fr\/laplainedesvosgesinfo\/wp-json\/wp\/v2\/posts\/771","targetHints":{"allow":["GET"]}}],"collection":[{"href":"https:\/\/vosgesinfo.fr\/laplainedesvosgesinfo\/wp-json\/wp\/v2\/posts"}],"about":[{"href":"https:\/\/vosgesinfo.fr\/laplainedesvosgesinfo\/wp-json\/wp\/v2\/types\/post"}],"author":[{"embeddable":true,"href":"https:\/\/vosgesinfo.fr\/laplainedesvosgesinfo\/wp-json\/wp\/v2\/users\/42"}],"replies":[{"embeddable":true,"href":"https:\/\/vosgesinfo.fr\/laplainedesvosgesinfo\/wp-json\/wp\/v2\/comments?post=771"}],"version-history":[{"count":0,"href":"https:\/\/vosgesinfo.fr\/laplainedesvosgesinfo\/wp-json\/wp\/v2\/posts\/771\/revisions"}],"wp:featuredmedia":[{"embeddable":true,"href":"https:\/\/vosgesinfo.fr\/laplainedesvosgesinfo\/wp-json\/wp\/v2\/media\/772"}],"wp:attachment":[{"href":"https:\/\/vosgesinfo.fr\/laplainedesvosgesinfo\/wp-json\/wp\/v2\/media?parent=771"}],"wp:term":[{"taxonomy":"category","embeddable":true,"href":"https:\/\/vosgesinfo.fr\/laplainedesvosgesinfo\/wp-json\/wp\/v2\/categories?post=771"},{"taxonomy":"post_tag","embeddable":true,"href":"https:\/\/vosgesinfo.fr\/laplainedesvosgesinfo\/wp-json\/wp\/v2\/tags?post=771"}],"curies":[{"name":"wp","href":"https:\/\/api.w.org\/{rel}","templated":true}]}}