{"id":780,"date":"2023-10-13T11:25:33","date_gmt":"2023-10-13T09:25:33","guid":{"rendered":"https:\/\/vosgesinfo.fr\/laplainedesvosgesinfo\/2023\/10\/vosges-greve-des-medecins-des-generalistes-jugent-insuffisant-le-tarif-de-la-consultation-a-2650-euros\/"},"modified":"2023-10-13T11:25:33","modified_gmt":"2023-10-13T09:25:33","slug":"vosges-greve-des-medecins-des-generalistes-jugent-insuffisant-le-tarif-de-la-consultation-a-2650-euros","status":"publish","type":"post","link":"https:\/\/vosgesinfo.fr\/laplainedesvosgesinfo\/2023\/10\/vosges-greve-des-medecins-des-generalistes-jugent-insuffisant-le-tarif-de-la-consultation-a-2650-euros\/","title":{"rendered":"Vosges \u2013 Gr\u00e8ve des m\u00e9decins : des g\u00e9n\u00e9ralistes jugent insuffisant le tarif de la consultation \u00e0 26,50 euros"},"content":{"rendered":"<h2><strong>Dans les Vosges, comme dans toute la France, les m\u00e9decins lib\u00e9raux sont en col\u00e8re ! Ce vendredi 13 octobre ils sont en gr\u00e8ve pour demander une revalorisation de la consultation. Les m\u00e9decins demandent que le prix d\u2019une consultation de base passe au moins \u00e0 30 euros voire 50 euros pour le syndicat UFML.<\/strong><\/h2>\n<p>Ce vendredi, les m\u00e9decins g\u00e9n\u00e9ralistes ont pr\u00e9vu de fermer leurs portes. 13 organisations syndicales de m\u00e9decins lib\u00e9raux\u00a0se mobilisent pour r\u00e9clamer notamment une revalorisation du tarif des consultations.<\/p>\n","protected":false},"excerpt":{"rendered":"<p>Dans les Vosges, comme dans toute la France, les m\u00e9decins lib\u00e9raux sont en col\u00e8re ! Ce vendredi 13 octobre ils [&hellip;]<\/p>\n","protected":false},"author":42,"featured_media":781,"comment_status":"open","ping_status":"open","sticky":false,"template":"","format":"standard","meta":{"footnotes":""},"categories":[29,12,18],"tags":[],"class_list":["post-780","post","type-post","status-publish","format-standard","has-post-thumbnail","hentry","category-a-la-une","category-sante","category-vosges"],"acf":[],"yoast_head":"<!-- This site is optimized with the Yoast SEO plugin v22.5 - https:\/\/yoast.com\/wordpress\/plugins\/seo\/ -->\n<title>Vosges \u2013 Gr\u00e8ve des m\u00e9decins : des g\u00e9n\u00e9ralistes jugent insuffisant le tarif de la consultation \u00e0 26,50 euros - La Plaine des Vosges<\/title>\n<meta name=\"robots\" content=\"index, follow, max-snippet:-1, max-image-preview:large, max-video-preview:-1\" \/>\n<link rel=\"canonical\" href=\"https:\/\/vosgesinfo.fr\/laplainedesvosgesinfo\/2023\/10\/vosges-greve-des-medecins-des-generalistes-jugent-insuffisant-le-tarif-de-la-consultation-a-2650-euros\/\" \/>\n<meta name=\"twitter:card\" content=\"summary_large_image\" \/>\n<meta name=\"twitter:title\" content=\"Vosges \u2013 Gr\u00e8ve des m\u00e9decins : des g\u00e9n\u00e9ralistes jugent insuffisant le tarif de la consultation \u00e0 26,50 euros - La Plaine des Vosges\" \/>\n<meta name=\"twitter:description\" content=\"Dans les Vosges, comme dans toute la France, les m\u00e9decins lib\u00e9raux sont en col\u00e8re ! Ce vendredi 13 octobre ils [&hellip;]\" \/>\n<meta name=\"twitter:image\" content=\"https:\/\/vosgesinfo.fr\/app\/uploads\/sites\/2\/2023\/06\/medecins-800x534-1.jpg\" \/>\n<meta name=\"twitter:creator\" content=\"@VosgesInfo88\" \/>\n<meta name=\"twitter:site\" content=\"@VosgesInfo88\" \/>\n<meta name=\"twitter:label1\" content=\"\u00c9crit par\" \/>\n\t<meta name=\"twitter:data1\" content=\"QG\" \/>\n<script type=\"application\/ld+json\" class=\"yoast-schema-graph\">{\"@context\":\"https:\/\/schema.org\",\"@graph\":[{\"@type\":\"Article\",\"@id\":\"https:\/\/vosgesinfo.fr\/laplainedesvosgesinfo\/2023\/10\/vosges-greve-des-medecins-des-generalistes-jugent-insuffisant-le-tarif-de-la-consultation-a-2650-euros\/#article\",\"isPartOf\":{\"@id\":\"https:\/\/vosgesinfo.fr\/laplainedesvosgesinfo\/2023\/10\/vosges-greve-des-medecins-des-generalistes-jugent-insuffisant-le-tarif-de-la-consultation-a-2650-euros\/\"},\"author\":{\"name\":\"QG\",\"@id\":\"https:\/\/vosgesinfo.fr\/laplainedesvosgesinfo\/#\/schema\/person\/db5605779a843dad16b5368f3e7613a5\"},\"headline\":\"Vosges \u2013 Gr\u00e8ve des m\u00e9decins : des g\u00e9n\u00e9ralistes jugent insuffisant le tarif de la consultation \u00e0 26,50 euros\",\"datePublished\":\"2023-10-13T09:25:33+00:00\",\"dateModified\":\"2023-10-13T09:25:33+00:00\",\"mainEntityOfPage\":{\"@id\":\"https:\/\/vosgesinfo.fr\/laplainedesvosgesinfo\/2023\/10\/vosges-greve-des-medecins-des-generalistes-jugent-insuffisant-le-tarif-de-la-consultation-a-2650-euros\/\"},\"wordCount\":106,\"commentCount\":0,\"publisher\":{\"@id\":\"https:\/\/vosgesinfo.fr\/laplainedesvosgesinfo\/#organization\"},\"image\":{\"@id\":\"https:\/\/vosgesinfo.fr\/laplainedesvosgesinfo\/2023\/10\/vosges-greve-des-medecins-des-generalistes-jugent-insuffisant-le-tarif-de-la-consultation-a-2650-euros\/#primaryimage\"},\"thumbnailUrl\":\"https:\/\/vosgesinfo.fr\/app\/uploads\/sites\/2\/2023\/06\/medecins-800x534-1.jpg\",\"articleSection\":[\"A la Une\",\"Sant\u00e9\",\"Vosges\"],\"inLanguage\":\"fr-FR\",\"potentialAction\":[{\"@type\":\"CommentAction\",\"name\":\"Comment\",\"target\":[\"https:\/\/vosgesinfo.fr\/laplainedesvosgesinfo\/2023\/10\/vosges-greve-des-medecins-des-generalistes-jugent-insuffisant-le-tarif-de-la-consultation-a-2650-euros\/#respond\"]}]},{\"@type\":\"WebPage\",\"@id\":\"https:\/\/vosgesinfo.fr\/laplainedesvosgesinfo\/2023\/10\/vosges-greve-des-medecins-des-generalistes-jugent-insuffisant-le-tarif-de-la-consultation-a-2650-euros\/\",\"url\":\"https:\/\/vosgesinfo.fr\/laplainedesvosgesinfo\/2023\/10\/vosges-greve-des-medecins-des-generalistes-jugent-insuffisant-le-tarif-de-la-consultation-a-2650-euros\/\",\"name\":\"Vosges \u2013 Gr\u00e8ve des m\u00e9decins : des g\u00e9n\u00e9ralistes jugent insuffisant le tarif de la consultation \u00e0 26,50 euros - La Plaine des Vosges\",\"isPartOf\":{\"@id\":\"https:\/\/vosgesinfo.fr\/laplainedesvosgesinfo\/#website\"},\"primaryImageOfPage\":{\"@id\":\"https:\/\/vosgesinfo.fr\/laplainedesvosgesinfo\/2023\/10\/vosges-greve-des-medecins-des-generalistes-jugent-insuffisant-le-tarif-de-la-consultation-a-2650-euros\/#primaryimage\"},\"image\":{\"@id\":\"https:\/\/vosgesinfo.fr\/laplainedesvosgesinfo\/2023\/10\/vosges-greve-des-medecins-des-generalistes-jugent-insuffisant-le-tarif-de-la-consultation-a-2650-euros\/#primaryimage\"},\"thumbnailUrl\":\"https:\/\/vosgesinfo.fr\/app\/uploads\/sites\/2\/2023\/06\/medecins-800x534-1.jpg\",\"datePublished\":\"2023-10-13T09:25:33+00:00\",\"dateModified\":\"2023-10-13T09:25:33+00:00\",\"breadcrumb\":{\"@id\":\"https:\/\/vosgesinfo.fr\/laplainedesvosgesinfo\/2023\/10\/vosges-greve-des-medecins-des-generalistes-jugent-insuffisant-le-tarif-de-la-consultation-a-2650-euros\/#breadcrumb\"},\"inLanguage\":\"fr-FR\",\"potentialAction\":[{\"@type\":\"ReadAction\",\"target\":[\"https:\/\/vosgesinfo.fr\/laplainedesvosgesinfo\/2023\/10\/vosges-greve-des-medecins-des-generalistes-jugent-insuffisant-le-tarif-de-la-consultation-a-2650-euros\/\"]}]},{\"@type\":\"ImageObject\",\"inLanguage\":\"fr-FR\",\"@id\":\"https:\/\/vosgesinfo.fr\/laplainedesvosgesinfo\/2023\/10\/vosges-greve-des-medecins-des-generalistes-jugent-insuffisant-le-tarif-de-la-consultation-a-2650-euros\/#primaryimage\",\"url\":\"https:\/\/vosgesinfo.fr\/app\/uploads\/sites\/2\/2023\/06\/medecins-800x534-1.jpg\",\"contentUrl\":\"https:\/\/vosgesinfo.fr\/app\/uploads\/sites\/2\/2023\/06\/medecins-800x534-1.jpg\",\"width\":800,\"height\":534},{\"@type\":\"BreadcrumbList\",\"@id\":\"https:\/\/vosgesinfo.fr\/laplainedesvosgesinfo\/2023\/10\/vosges-greve-des-medecins-des-generalistes-jugent-insuffisant-le-tarif-de-la-consultation-a-2650-euros\/#breadcrumb\",\"itemListElement\":[{\"@type\":\"ListItem\",\"position\":1,\"name\":\"Home\",\"item\":\"https:\/\/vosgesinfo.fr\/laplainedesvosgesinfo\/\"},{\"@type\":\"ListItem\",\"position\":2,\"name\":\"Vosges \u2013 Gr\u00e8ve des m\u00e9decins : des g\u00e9n\u00e9ralistes jugent insuffisant le tarif de la consultation \u00e0 26,50 euros\"}]},{\"@type\":\"WebSite\",\"@id\":\"https:\/\/vosgesinfo.fr\/laplainedesvosgesinfo\/#website\",\"url\":\"https:\/\/vosgesinfo.fr\/laplainedesvosgesinfo\/\",\"name\":\"La Plaine des Vosges\",\"description\":\"Toute l&#039;actualit\u00e9 de la plaine de Vosges\",\"publisher\":{\"@id\":\"https:\/\/vosgesinfo.fr\/laplainedesvosgesinfo\/#organization\"},\"alternateName\":\"Toute l'actualit\u00e9 de la plaine des Vosges\",\"potentialAction\":[{\"@type\":\"SearchAction\",\"target\":{\"@type\":\"EntryPoint\",\"urlTemplate\":\"https:\/\/vosgesinfo.fr\/laplainedesvosgesinfo\/?s={search_term_string}\"},\"query-input\":\"required name=search_term_string\"}],\"inLanguage\":\"fr-FR\"},{\"@type\":\"Organization\",\"@id\":\"https:\/\/vosgesinfo.fr\/laplainedesvosgesinfo\/#organization\",\"name\":\"La Plaine des Vosges\",\"url\":\"https:\/\/vosgesinfo.fr\/laplainedesvosgesinfo\/\",\"logo\":{\"@type\":\"ImageObject\",\"inLanguage\":\"fr-FR\",\"@id\":\"https:\/\/vosgesinfo.fr\/laplainedesvosgesinfo\/#\/schema\/logo\/image\/\",\"url\":\"https:\/\/vosgesinfo.fr\/app\/uploads\/sites\/2\/2023\/08\/logo-laplaineinfo.svg\",\"contentUrl\":\"https:\/\/vosgesinfo.fr\/app\/uploads\/sites\/2\/2023\/08\/logo-laplaineinfo.svg\",\"width\":1,\"height\":1,\"caption\":\"La Plaine des Vosges\"},\"image\":{\"@id\":\"https:\/\/vosgesinfo.fr\/laplainedesvosgesinfo\/#\/schema\/logo\/image\/\"},\"sameAs\":[\"https:\/\/www.facebook.com\/laplainedesvosges\",\"https:\/\/x.com\/VosgesInfo88\",\"https:\/\/www.youtube.com\/@vosgesinfo\"]},{\"@type\":\"Person\",\"@id\":\"https:\/\/vosgesinfo.fr\/laplainedesvosgesinfo\/#\/schema\/person\/db5605779a843dad16b5368f3e7613a5\",\"name\":\"QG\",\"image\":{\"@type\":\"ImageObject\",\"inLanguage\":\"fr-FR\",\"@id\":\"https:\/\/vosgesinfo.fr\/laplainedesvosgesinfo\/#\/schema\/person\/image\/\",\"url\":\"https:\/\/secure.gravatar.com\/avatar\/ea80c42c204b534408512832fde52504ecabb9706bcb6151cf6175e5b64e6793?s=96&d=mm&r=g\",\"contentUrl\":\"https:\/\/secure.gravatar.com\/avatar\/ea80c42c204b534408512832fde52504ecabb9706bcb6151cf6175e5b64e6793?s=96&d=mm&r=g\",\"caption\":\"QG\"},\"url\":\"https:\/\/vosgesinfo.fr\/laplainedesvosgesinfo\/author\/quentin88\/\"}]}<\/script>\n<!-- \/ Yoast SEO plugin. -->","yoast_head_json":{"title":"Vosges \u2013 Gr\u00e8ve des m\u00e9decins : des g\u00e9n\u00e9ralistes jugent insuffisant le tarif de la consultation \u00e0 26,50 euros - La Plaine des Vosges","robots":{"index":"index","follow":"follow","max-snippet":"max-snippet:-1","max-image-preview":"max-image-preview:large","max-video-preview":"max-video-preview:-1"},"canonical":"https:\/\/vosgesinfo.fr\/laplainedesvosgesinfo\/2023\/10\/vosges-greve-des-medecins-des-generalistes-jugent-insuffisant-le-tarif-de-la-consultation-a-2650-euros\/","twitter_card":"summary_large_image","twitter_title":"Vosges \u2013 Gr\u00e8ve des m\u00e9decins : des g\u00e9n\u00e9ralistes jugent insuffisant le tarif de la consultation \u00e0 26,50 euros - La Plaine des Vosges","twitter_description":"Dans les Vosges, comme dans toute la France, les m\u00e9decins lib\u00e9raux sont en col\u00e8re ! Ce vendredi 13 octobre ils [&hellip;]","twitter_image":"https:\/\/vosgesinfo.fr\/app\/uploads\/sites\/2\/2023\/06\/medecins-800x534-1.jpg","twitter_creator":"@VosgesInfo88","twitter_site":"@VosgesInfo88","twitter_misc":{"\u00c9crit par":"QG"},"schema":{"@context":"https:\/\/schema.org","@graph":[{"@type":"Article","@id":"https:\/\/vosgesinfo.fr\/laplainedesvosgesinfo\/2023\/10\/vosges-greve-des-medecins-des-generalistes-jugent-insuffisant-le-tarif-de-la-consultation-a-2650-euros\/#article","isPartOf":{"@id":"https:\/\/vosgesinfo.fr\/laplainedesvosgesinfo\/2023\/10\/vosges-greve-des-medecins-des-generalistes-jugent-insuffisant-le-tarif-de-la-consultation-a-2650-euros\/"},"author":{"name":"QG","@id":"https:\/\/vosgesinfo.fr\/laplainedesvosgesinfo\/#\/schema\/person\/db5605779a843dad16b5368f3e7613a5"},"headline":"Vosges \u2013 Gr\u00e8ve des m\u00e9decins : des g\u00e9n\u00e9ralistes jugent insuffisant le tarif de la consultation \u00e0 26,50 euros","datePublished":"2023-10-13T09:25:33+00:00","dateModified":"2023-10-13T09:25:33+00:00","mainEntityOfPage":{"@id":"https:\/\/vosgesinfo.fr\/laplainedesvosgesinfo\/2023\/10\/vosges-greve-des-medecins-des-generalistes-jugent-insuffisant-le-tarif-de-la-consultation-a-2650-euros\/"},"wordCount":106,"commentCount":0,"publisher":{"@id":"https:\/\/vosgesinfo.fr\/laplainedesvosgesinfo\/#organization"},"image":{"@id":"https:\/\/vosgesinfo.fr\/laplainedesvosgesinfo\/2023\/10\/vosges-greve-des-medecins-des-generalistes-jugent-insuffisant-le-tarif-de-la-consultation-a-2650-euros\/#primaryimage"},"thumbnailUrl":"https:\/\/vosgesinfo.fr\/app\/uploads\/sites\/2\/2023\/06\/medecins-800x534-1.jpg","articleSection":["A la Une","Sant\u00e9","Vosges"],"inLanguage":"fr-FR","potentialAction":[{"@type":"CommentAction","name":"Comment","target":["https:\/\/vosgesinfo.fr\/laplainedesvosgesinfo\/2023\/10\/vosges-greve-des-medecins-des-generalistes-jugent-insuffisant-le-tarif-de-la-consultation-a-2650-euros\/#respond"]}]},{"@type":"WebPage","@id":"https:\/\/vosgesinfo.fr\/laplainedesvosgesinfo\/2023\/10\/vosges-greve-des-medecins-des-generalistes-jugent-insuffisant-le-tarif-de-la-consultation-a-2650-euros\/","url":"https:\/\/vosgesinfo.fr\/laplainedesvosgesinfo\/2023\/10\/vosges-greve-des-medecins-des-generalistes-jugent-insuffisant-le-tarif-de-la-consultation-a-2650-euros\/","name":"Vosges \u2013 Gr\u00e8ve des m\u00e9decins : des g\u00e9n\u00e9ralistes jugent insuffisant le tarif de la consultation \u00e0 26,50 euros - La Plaine des Vosges","isPartOf":{"@id":"https:\/\/vosgesinfo.fr\/laplainedesvosgesinfo\/#website"},"primaryImageOfPage":{"@id":"https:\/\/vosgesinfo.fr\/laplainedesvosgesinfo\/2023\/10\/vosges-greve-des-medecins-des-generalistes-jugent-insuffisant-le-tarif-de-la-consultation-a-2650-euros\/#primaryimage"},"image":{"@id":"https:\/\/vosgesinfo.fr\/laplainedesvosgesinfo\/2023\/10\/vosges-greve-des-medecins-des-generalistes-jugent-insuffisant-le-tarif-de-la-consultation-a-2650-euros\/#primaryimage"},"thumbnailUrl":"https:\/\/vosgesinfo.fr\/app\/uploads\/sites\/2\/2023\/06\/medecins-800x534-1.jpg","datePublished":"2023-10-13T09:25:33+00:00","dateModified":"2023-10-13T09:25:33+00:00","breadcrumb":{"@id":"https:\/\/vosgesinfo.fr\/laplainedesvosgesinfo\/2023\/10\/vosges-greve-des-medecins-des-generalistes-jugent-insuffisant-le-tarif-de-la-consultation-a-2650-euros\/#breadcrumb"},"inLanguage":"fr-FR","potentialAction":[{"@type":"ReadAction","target":["https:\/\/vosgesinfo.fr\/laplainedesvosgesinfo\/2023\/10\/vosges-greve-des-medecins-des-generalistes-jugent-insuffisant-le-tarif-de-la-consultation-a-2650-euros\/"]}]},{"@type":"ImageObject","inLanguage":"fr-FR","@id":"https:\/\/vosgesinfo.fr\/laplainedesvosgesinfo\/2023\/10\/vosges-greve-des-medecins-des-generalistes-jugent-insuffisant-le-tarif-de-la-consultation-a-2650-euros\/#primaryimage","url":"https:\/\/vosgesinfo.fr\/app\/uploads\/sites\/2\/2023\/06\/medecins-800x534-1.jpg","contentUrl":"https:\/\/vosgesinfo.fr\/app\/uploads\/sites\/2\/2023\/06\/medecins-800x534-1.jpg","width":800,"height":534},{"@type":"BreadcrumbList","@id":"https:\/\/vosgesinfo.fr\/laplainedesvosgesinfo\/2023\/10\/vosges-greve-des-medecins-des-generalistes-jugent-insuffisant-le-tarif-de-la-consultation-a-2650-euros\/#breadcrumb","itemListElement":[{"@type":"ListItem","position":1,"name":"Home","item":"https:\/\/vosgesinfo.fr\/laplainedesvosgesinfo\/"},{"@type":"ListItem","position":2,"name":"Vosges \u2013 Gr\u00e8ve des m\u00e9decins : des g\u00e9n\u00e9ralistes jugent insuffisant le tarif de la consultation \u00e0 26,50 euros"}]},{"@type":"WebSite","@id":"https:\/\/vosgesinfo.fr\/laplainedesvosgesinfo\/#website","url":"https:\/\/vosgesinfo.fr\/laplainedesvosgesinfo\/","name":"La Plaine des Vosges","description":"Toute l&#039;actualit\u00e9 de la plaine de Vosges","publisher":{"@id":"https:\/\/vosgesinfo.fr\/laplainedesvosgesinfo\/#organization"},"alternateName":"Toute l'actualit\u00e9 de la plaine des Vosges","potentialAction":[{"@type":"SearchAction","target":{"@type":"EntryPoint","urlTemplate":"https:\/\/vosgesinfo.fr\/laplainedesvosgesinfo\/?s={search_term_string}"},"query-input":"required name=search_term_string"}],"inLanguage":"fr-FR"},{"@type":"Organization","@id":"https:\/\/vosgesinfo.fr\/laplainedesvosgesinfo\/#organization","name":"La Plaine des Vosges","url":"https:\/\/vosgesinfo.fr\/laplainedesvosgesinfo\/","logo":{"@type":"ImageObject","inLanguage":"fr-FR","@id":"https:\/\/vosgesinfo.fr\/laplainedesvosgesinfo\/#\/schema\/logo\/image\/","url":"https:\/\/vosgesinfo.fr\/app\/uploads\/sites\/2\/2023\/08\/logo-laplaineinfo.svg","contentUrl":"https:\/\/vosgesinfo.fr\/app\/uploads\/sites\/2\/2023\/08\/logo-laplaineinfo.svg","width":1,"height":1,"caption":"La Plaine des Vosges"},"image":{"@id":"https:\/\/vosgesinfo.fr\/laplainedesvosgesinfo\/#\/schema\/logo\/image\/"},"sameAs":["https:\/\/www.facebook.com\/laplainedesvosges","https:\/\/x.com\/VosgesInfo88","https:\/\/www.youtube.com\/@vosgesinfo"]},{"@type":"Person","@id":"https:\/\/vosgesinfo.fr\/laplainedesvosgesinfo\/#\/schema\/person\/db5605779a843dad16b5368f3e7613a5","name":"QG","image":{"@type":"ImageObject","inLanguage":"fr-FR","@id":"https:\/\/vosgesinfo.fr\/laplainedesvosgesinfo\/#\/schema\/person\/image\/","url":"https:\/\/secure.gravatar.com\/avatar\/ea80c42c204b534408512832fde52504ecabb9706bcb6151cf6175e5b64e6793?s=96&d=mm&r=g","contentUrl":"https:\/\/secure.gravatar.com\/avatar\/ea80c42c204b534408512832fde52504ecabb9706bcb6151cf6175e5b64e6793?s=96&d=mm&r=g","caption":"QG"},"url":"https:\/\/vosgesinfo.fr\/laplainedesvosgesinfo\/author\/quentin88\/"}]}},"_links":{"self":[{"href":"https:\/\/vosgesinfo.fr\/laplainedesvosgesinfo\/wp-json\/wp\/v2\/posts\/780","targetHints":{"allow":["GET"]}}],"collection":[{"href":"https:\/\/vosgesinfo.fr\/laplainedesvosgesinfo\/wp-json\/wp\/v2\/posts"}],"about":[{"href":"https:\/\/vosgesinfo.fr\/laplainedesvosgesinfo\/wp-json\/wp\/v2\/types\/post"}],"author":[{"embeddable":true,"href":"https:\/\/vosgesinfo.fr\/laplainedesvosgesinfo\/wp-json\/wp\/v2\/users\/42"}],"replies":[{"embeddable":true,"href":"https:\/\/vosgesinfo.fr\/laplainedesvosgesinfo\/wp-json\/wp\/v2\/comments?post=780"}],"version-history":[{"count":0,"href":"https:\/\/vosgesinfo.fr\/laplainedesvosgesinfo\/wp-json\/wp\/v2\/posts\/780\/revisions"}],"wp:featuredmedia":[{"embeddable":true,"href":"https:\/\/vosgesinfo.fr\/laplainedesvosgesinfo\/wp-json\/wp\/v2\/media\/781"}],"wp:attachment":[{"href":"https:\/\/vosgesinfo.fr\/laplainedesvosgesinfo\/wp-json\/wp\/v2\/media?parent=780"}],"wp:term":[{"taxonomy":"category","embeddable":true,"href":"https:\/\/vosgesinfo.fr\/laplainedesvosgesinfo\/wp-json\/wp\/v2\/categories?post=780"},{"taxonomy":"post_tag","embeddable":true,"href":"https:\/\/vosgesinfo.fr\/laplainedesvosgesinfo\/wp-json\/wp\/v2\/tags?post=780"}],"curies":[{"name":"wp","href":"https:\/\/api.w.org\/{rel}","templated":true}]}}