{"id":782,"date":"2023-10-13T11:29:19","date_gmt":"2023-10-13T09:29:19","guid":{"rendered":"https:\/\/vosgesinfo.fr\/laplainedesvosgesinfo\/2023\/10\/budget-le-conseil-departemental-maintient-le-cap-malgre-des-depenses-obligatoires-en-hausses-et-un-contexte-economique-global-incertain\/"},"modified":"2023-10-13T11:29:19","modified_gmt":"2023-10-13T09:29:19","slug":"budget-le-conseil-departemental-maintient-le-cap-malgre-des-depenses-obligatoires-en-hausses-et-un-contexte-economique-global-incertain","status":"publish","type":"post","link":"https:\/\/vosgesinfo.fr\/laplainedesvosgesinfo\/2023\/10\/budget-le-conseil-departemental-maintient-le-cap-malgre-des-depenses-obligatoires-en-hausses-et-un-contexte-economique-global-incertain\/","title":{"rendered":"Budget : Le Conseil d\u00e9partemental maintient le cap malgr\u00e9 des d\u00e9penses obligatoires en hausses et un contexte \u00e9conomique global incertain"},"content":{"rendered":"<h2 class=\"x\"><strong>L\u2019Assembl\u00e9e D\u00e9partementale s\u2019est r\u00e9unie Vendredi 13 octobre 2023 pour examiner et voter les rapports de la D\u00e9cision Modificative n\u00b02. Sous la Pr\u00e9sidence de Fran\u00e7ois VANNSON, les \u00e9lus d\u00e9partementaux ont vot\u00e9 les mouvements de cr\u00e9dits\u00a0du budget de la collectivit\u00e9 pour cette fin d\u2019ann\u00e9e 2023.<\/strong><\/h2>\n<p class=\"x\">Apr\u00e8s d\u2019importantes hausses inscrites lors des pr\u00e9c\u00e9dentes \u00e9tapes budg\u00e9taires, la D\u00e9cision Modificative n\u00b02 apporte essentiellement des ajustements\u00a0sur les principales d\u00e9penses d\u2019exploitation du budget 2023.<\/p>\n","protected":false},"excerpt":{"rendered":"<p>L\u2019Assembl\u00e9e D\u00e9partementale s\u2019est r\u00e9unie Vendredi 13 octobre 2023 pour examiner et voter les rapports de la D\u00e9cision Modificative n\u00b02. Sous [&hellip;]<\/p>\n","protected":false},"author":42,"featured_media":783,"comment_status":"open","ping_status":"open","sticky":false,"template":"","format":"standard","meta":{"footnotes":""},"categories":[29,5,18],"tags":[127],"class_list":["post-782","post","type-post","status-publish","format-standard","has-post-thumbnail","hentry","category-a-la-une","category-economie","category-vosges","tag-francois-vannson"],"acf":[],"yoast_head":"<!-- This site is optimized with the Yoast SEO plugin v22.5 - https:\/\/yoast.com\/wordpress\/plugins\/seo\/ -->\n<title>Budget : Le Conseil d\u00e9partemental maintient le cap malgr\u00e9 des d\u00e9penses obligatoires en hausses et un contexte \u00e9conomique global incertain - La Plaine des Vosges<\/title>\n<meta name=\"robots\" content=\"index, follow, max-snippet:-1, max-image-preview:large, max-video-preview:-1\" \/>\n<link rel=\"canonical\" href=\"https:\/\/vosgesinfo.fr\/laplainedesvosgesinfo\/2023\/10\/budget-le-conseil-departemental-maintient-le-cap-malgre-des-depenses-obligatoires-en-hausses-et-un-contexte-economique-global-incertain\/\" \/>\n<meta name=\"twitter:card\" content=\"summary_large_image\" \/>\n<meta name=\"twitter:title\" content=\"Budget : Le Conseil d\u00e9partemental maintient le cap malgr\u00e9 des d\u00e9penses obligatoires en hausses et un contexte \u00e9conomique global incertain - La Plaine des Vosges\" \/>\n<meta name=\"twitter:description\" content=\"L\u2019Assembl\u00e9e D\u00e9partementale s\u2019est r\u00e9unie Vendredi 13 octobre 2023 pour examiner et voter les rapports de la D\u00e9cision Modificative n\u00b02. Sous [&hellip;]\" \/>\n<meta name=\"twitter:image\" content=\"https:\/\/vosgesinfo.fr\/app\/uploads\/sites\/2\/2020\/10\/conseil-departemental-400x255-1.jpg\" \/>\n<meta name=\"twitter:creator\" content=\"@VosgesInfo88\" \/>\n<meta name=\"twitter:site\" content=\"@VosgesInfo88\" \/>\n<meta name=\"twitter:label1\" content=\"\u00c9crit par\" \/>\n\t<meta name=\"twitter:data1\" content=\"QG\" \/>\n<script type=\"application\/ld+json\" class=\"yoast-schema-graph\">{\"@context\":\"https:\/\/schema.org\",\"@graph\":[{\"@type\":\"Article\",\"@id\":\"https:\/\/vosgesinfo.fr\/laplainedesvosgesinfo\/2023\/10\/budget-le-conseil-departemental-maintient-le-cap-malgre-des-depenses-obligatoires-en-hausses-et-un-contexte-economique-global-incertain\/#article\",\"isPartOf\":{\"@id\":\"https:\/\/vosgesinfo.fr\/laplainedesvosgesinfo\/2023\/10\/budget-le-conseil-departemental-maintient-le-cap-malgre-des-depenses-obligatoires-en-hausses-et-un-contexte-economique-global-incertain\/\"},\"author\":{\"name\":\"QG\",\"@id\":\"https:\/\/vosgesinfo.fr\/laplainedesvosgesinfo\/#\/schema\/person\/db5605779a843dad16b5368f3e7613a5\"},\"headline\":\"Budget : Le Conseil d\u00e9partemental maintient le cap malgr\u00e9 des d\u00e9penses obligatoires en hausses et un contexte \u00e9conomique global incertain\",\"datePublished\":\"2023-10-13T09:29:19+00:00\",\"dateModified\":\"2023-10-13T09:29:19+00:00\",\"mainEntityOfPage\":{\"@id\":\"https:\/\/vosgesinfo.fr\/laplainedesvosgesinfo\/2023\/10\/budget-le-conseil-departemental-maintient-le-cap-malgre-des-depenses-obligatoires-en-hausses-et-un-contexte-economique-global-incertain\/\"},\"wordCount\":106,\"commentCount\":0,\"publisher\":{\"@id\":\"https:\/\/vosgesinfo.fr\/laplainedesvosgesinfo\/#organization\"},\"image\":{\"@id\":\"https:\/\/vosgesinfo.fr\/laplainedesvosgesinfo\/2023\/10\/budget-le-conseil-departemental-maintient-le-cap-malgre-des-depenses-obligatoires-en-hausses-et-un-contexte-economique-global-incertain\/#primaryimage\"},\"thumbnailUrl\":\"https:\/\/vosgesinfo.fr\/app\/uploads\/sites\/2\/2020\/10\/conseil-departemental-400x255-1.jpg\",\"keywords\":[\"Fran\u00e7ois Vannson\"],\"articleSection\":[\"A la Une\",\"\u00c9conomie\",\"Vosges\"],\"inLanguage\":\"fr-FR\",\"potentialAction\":[{\"@type\":\"CommentAction\",\"name\":\"Comment\",\"target\":[\"https:\/\/vosgesinfo.fr\/laplainedesvosgesinfo\/2023\/10\/budget-le-conseil-departemental-maintient-le-cap-malgre-des-depenses-obligatoires-en-hausses-et-un-contexte-economique-global-incertain\/#respond\"]}]},{\"@type\":\"WebPage\",\"@id\":\"https:\/\/vosgesinfo.fr\/laplainedesvosgesinfo\/2023\/10\/budget-le-conseil-departemental-maintient-le-cap-malgre-des-depenses-obligatoires-en-hausses-et-un-contexte-economique-global-incertain\/\",\"url\":\"https:\/\/vosgesinfo.fr\/laplainedesvosgesinfo\/2023\/10\/budget-le-conseil-departemental-maintient-le-cap-malgre-des-depenses-obligatoires-en-hausses-et-un-contexte-economique-global-incertain\/\",\"name\":\"Budget : Le Conseil d\u00e9partemental maintient le cap malgr\u00e9 des d\u00e9penses obligatoires en hausses et un contexte \u00e9conomique global incertain - La Plaine des Vosges\",\"isPartOf\":{\"@id\":\"https:\/\/vosgesinfo.fr\/laplainedesvosgesinfo\/#website\"},\"primaryImageOfPage\":{\"@id\":\"https:\/\/vosgesinfo.fr\/laplainedesvosgesinfo\/2023\/10\/budget-le-conseil-departemental-maintient-le-cap-malgre-des-depenses-obligatoires-en-hausses-et-un-contexte-economique-global-incertain\/#primaryimage\"},\"image\":{\"@id\":\"https:\/\/vosgesinfo.fr\/laplainedesvosgesinfo\/2023\/10\/budget-le-conseil-departemental-maintient-le-cap-malgre-des-depenses-obligatoires-en-hausses-et-un-contexte-economique-global-incertain\/#primaryimage\"},\"thumbnailUrl\":\"https:\/\/vosgesinfo.fr\/app\/uploads\/sites\/2\/2020\/10\/conseil-departemental-400x255-1.jpg\",\"datePublished\":\"2023-10-13T09:29:19+00:00\",\"dateModified\":\"2023-10-13T09:29:19+00:00\",\"breadcrumb\":{\"@id\":\"https:\/\/vosgesinfo.fr\/laplainedesvosgesinfo\/2023\/10\/budget-le-conseil-departemental-maintient-le-cap-malgre-des-depenses-obligatoires-en-hausses-et-un-contexte-economique-global-incertain\/#breadcrumb\"},\"inLanguage\":\"fr-FR\",\"potentialAction\":[{\"@type\":\"ReadAction\",\"target\":[\"https:\/\/vosgesinfo.fr\/laplainedesvosgesinfo\/2023\/10\/budget-le-conseil-departemental-maintient-le-cap-malgre-des-depenses-obligatoires-en-hausses-et-un-contexte-economique-global-incertain\/\"]}]},{\"@type\":\"ImageObject\",\"inLanguage\":\"fr-FR\",\"@id\":\"https:\/\/vosgesinfo.fr\/laplainedesvosgesinfo\/2023\/10\/budget-le-conseil-departemental-maintient-le-cap-malgre-des-depenses-obligatoires-en-hausses-et-un-contexte-economique-global-incertain\/#primaryimage\",\"url\":\"https:\/\/vosgesinfo.fr\/app\/uploads\/sites\/2\/2020\/10\/conseil-departemental-400x255-1.jpg\",\"contentUrl\":\"https:\/\/vosgesinfo.fr\/app\/uploads\/sites\/2\/2020\/10\/conseil-departemental-400x255-1.jpg\",\"width\":400,\"height\":255},{\"@type\":\"BreadcrumbList\",\"@id\":\"https:\/\/vosgesinfo.fr\/laplainedesvosgesinfo\/2023\/10\/budget-le-conseil-departemental-maintient-le-cap-malgre-des-depenses-obligatoires-en-hausses-et-un-contexte-economique-global-incertain\/#breadcrumb\",\"itemListElement\":[{\"@type\":\"ListItem\",\"position\":1,\"name\":\"Home\",\"item\":\"https:\/\/vosgesinfo.fr\/laplainedesvosgesinfo\/\"},{\"@type\":\"ListItem\",\"position\":2,\"name\":\"Budget : Le Conseil d\u00e9partemental maintient le cap malgr\u00e9 des d\u00e9penses obligatoires en hausses et un contexte \u00e9conomique global incertain\"}]},{\"@type\":\"WebSite\",\"@id\":\"https:\/\/vosgesinfo.fr\/laplainedesvosgesinfo\/#website\",\"url\":\"https:\/\/vosgesinfo.fr\/laplainedesvosgesinfo\/\",\"name\":\"La Plaine des Vosges\",\"description\":\"Toute l&#039;actualit\u00e9 de la plaine de Vosges\",\"publisher\":{\"@id\":\"https:\/\/vosgesinfo.fr\/laplainedesvosgesinfo\/#organization\"},\"alternateName\":\"Toute l'actualit\u00e9 de la plaine des Vosges\",\"potentialAction\":[{\"@type\":\"SearchAction\",\"target\":{\"@type\":\"EntryPoint\",\"urlTemplate\":\"https:\/\/vosgesinfo.fr\/laplainedesvosgesinfo\/?s={search_term_string}\"},\"query-input\":\"required name=search_term_string\"}],\"inLanguage\":\"fr-FR\"},{\"@type\":\"Organization\",\"@id\":\"https:\/\/vosgesinfo.fr\/laplainedesvosgesinfo\/#organization\",\"name\":\"La Plaine des Vosges\",\"url\":\"https:\/\/vosgesinfo.fr\/laplainedesvosgesinfo\/\",\"logo\":{\"@type\":\"ImageObject\",\"inLanguage\":\"fr-FR\",\"@id\":\"https:\/\/vosgesinfo.fr\/laplainedesvosgesinfo\/#\/schema\/logo\/image\/\",\"url\":\"https:\/\/vosgesinfo.fr\/app\/uploads\/sites\/2\/2023\/08\/logo-laplaineinfo.svg\",\"contentUrl\":\"https:\/\/vosgesinfo.fr\/app\/uploads\/sites\/2\/2023\/08\/logo-laplaineinfo.svg\",\"width\":1,\"height\":1,\"caption\":\"La Plaine des Vosges\"},\"image\":{\"@id\":\"https:\/\/vosgesinfo.fr\/laplainedesvosgesinfo\/#\/schema\/logo\/image\/\"},\"sameAs\":[\"https:\/\/www.facebook.com\/laplainedesvosges\",\"https:\/\/x.com\/VosgesInfo88\",\"https:\/\/www.youtube.com\/@vosgesinfo\"]},{\"@type\":\"Person\",\"@id\":\"https:\/\/vosgesinfo.fr\/laplainedesvosgesinfo\/#\/schema\/person\/db5605779a843dad16b5368f3e7613a5\",\"name\":\"QG\",\"image\":{\"@type\":\"ImageObject\",\"inLanguage\":\"fr-FR\",\"@id\":\"https:\/\/vosgesinfo.fr\/laplainedesvosgesinfo\/#\/schema\/person\/image\/\",\"url\":\"https:\/\/secure.gravatar.com\/avatar\/ea80c42c204b534408512832fde52504ecabb9706bcb6151cf6175e5b64e6793?s=96&d=mm&r=g\",\"contentUrl\":\"https:\/\/secure.gravatar.com\/avatar\/ea80c42c204b534408512832fde52504ecabb9706bcb6151cf6175e5b64e6793?s=96&d=mm&r=g\",\"caption\":\"QG\"},\"url\":\"https:\/\/vosgesinfo.fr\/laplainedesvosgesinfo\/author\/quentin88\/\"}]}<\/script>\n<!-- \/ Yoast SEO plugin. -->","yoast_head_json":{"title":"Budget : Le Conseil d\u00e9partemental maintient le cap malgr\u00e9 des d\u00e9penses obligatoires en hausses et un contexte \u00e9conomique global incertain - La Plaine des Vosges","robots":{"index":"index","follow":"follow","max-snippet":"max-snippet:-1","max-image-preview":"max-image-preview:large","max-video-preview":"max-video-preview:-1"},"canonical":"https:\/\/vosgesinfo.fr\/laplainedesvosgesinfo\/2023\/10\/budget-le-conseil-departemental-maintient-le-cap-malgre-des-depenses-obligatoires-en-hausses-et-un-contexte-economique-global-incertain\/","twitter_card":"summary_large_image","twitter_title":"Budget : Le Conseil d\u00e9partemental maintient le cap malgr\u00e9 des d\u00e9penses obligatoires en hausses et un contexte \u00e9conomique global incertain - La Plaine des Vosges","twitter_description":"L\u2019Assembl\u00e9e D\u00e9partementale s\u2019est r\u00e9unie Vendredi 13 octobre 2023 pour examiner et voter les rapports de la D\u00e9cision Modificative n\u00b02. Sous [&hellip;]","twitter_image":"https:\/\/vosgesinfo.fr\/app\/uploads\/sites\/2\/2020\/10\/conseil-departemental-400x255-1.jpg","twitter_creator":"@VosgesInfo88","twitter_site":"@VosgesInfo88","twitter_misc":{"\u00c9crit par":"QG"},"schema":{"@context":"https:\/\/schema.org","@graph":[{"@type":"Article","@id":"https:\/\/vosgesinfo.fr\/laplainedesvosgesinfo\/2023\/10\/budget-le-conseil-departemental-maintient-le-cap-malgre-des-depenses-obligatoires-en-hausses-et-un-contexte-economique-global-incertain\/#article","isPartOf":{"@id":"https:\/\/vosgesinfo.fr\/laplainedesvosgesinfo\/2023\/10\/budget-le-conseil-departemental-maintient-le-cap-malgre-des-depenses-obligatoires-en-hausses-et-un-contexte-economique-global-incertain\/"},"author":{"name":"QG","@id":"https:\/\/vosgesinfo.fr\/laplainedesvosgesinfo\/#\/schema\/person\/db5605779a843dad16b5368f3e7613a5"},"headline":"Budget : Le Conseil d\u00e9partemental maintient le cap malgr\u00e9 des d\u00e9penses obligatoires en hausses et un contexte \u00e9conomique global incertain","datePublished":"2023-10-13T09:29:19+00:00","dateModified":"2023-10-13T09:29:19+00:00","mainEntityOfPage":{"@id":"https:\/\/vosgesinfo.fr\/laplainedesvosgesinfo\/2023\/10\/budget-le-conseil-departemental-maintient-le-cap-malgre-des-depenses-obligatoires-en-hausses-et-un-contexte-economique-global-incertain\/"},"wordCount":106,"commentCount":0,"publisher":{"@id":"https:\/\/vosgesinfo.fr\/laplainedesvosgesinfo\/#organization"},"image":{"@id":"https:\/\/vosgesinfo.fr\/laplainedesvosgesinfo\/2023\/10\/budget-le-conseil-departemental-maintient-le-cap-malgre-des-depenses-obligatoires-en-hausses-et-un-contexte-economique-global-incertain\/#primaryimage"},"thumbnailUrl":"https:\/\/vosgesinfo.fr\/app\/uploads\/sites\/2\/2020\/10\/conseil-departemental-400x255-1.jpg","keywords":["Fran\u00e7ois Vannson"],"articleSection":["A la Une","\u00c9conomie","Vosges"],"inLanguage":"fr-FR","potentialAction":[{"@type":"CommentAction","name":"Comment","target":["https:\/\/vosgesinfo.fr\/laplainedesvosgesinfo\/2023\/10\/budget-le-conseil-departemental-maintient-le-cap-malgre-des-depenses-obligatoires-en-hausses-et-un-contexte-economique-global-incertain\/#respond"]}]},{"@type":"WebPage","@id":"https:\/\/vosgesinfo.fr\/laplainedesvosgesinfo\/2023\/10\/budget-le-conseil-departemental-maintient-le-cap-malgre-des-depenses-obligatoires-en-hausses-et-un-contexte-economique-global-incertain\/","url":"https:\/\/vosgesinfo.fr\/laplainedesvosgesinfo\/2023\/10\/budget-le-conseil-departemental-maintient-le-cap-malgre-des-depenses-obligatoires-en-hausses-et-un-contexte-economique-global-incertain\/","name":"Budget : Le Conseil d\u00e9partemental maintient le cap malgr\u00e9 des d\u00e9penses obligatoires en hausses et un contexte \u00e9conomique global incertain - La Plaine des Vosges","isPartOf":{"@id":"https:\/\/vosgesinfo.fr\/laplainedesvosgesinfo\/#website"},"primaryImageOfPage":{"@id":"https:\/\/vosgesinfo.fr\/laplainedesvosgesinfo\/2023\/10\/budget-le-conseil-departemental-maintient-le-cap-malgre-des-depenses-obligatoires-en-hausses-et-un-contexte-economique-global-incertain\/#primaryimage"},"image":{"@id":"https:\/\/vosgesinfo.fr\/laplainedesvosgesinfo\/2023\/10\/budget-le-conseil-departemental-maintient-le-cap-malgre-des-depenses-obligatoires-en-hausses-et-un-contexte-economique-global-incertain\/#primaryimage"},"thumbnailUrl":"https:\/\/vosgesinfo.fr\/app\/uploads\/sites\/2\/2020\/10\/conseil-departemental-400x255-1.jpg","datePublished":"2023-10-13T09:29:19+00:00","dateModified":"2023-10-13T09:29:19+00:00","breadcrumb":{"@id":"https:\/\/vosgesinfo.fr\/laplainedesvosgesinfo\/2023\/10\/budget-le-conseil-departemental-maintient-le-cap-malgre-des-depenses-obligatoires-en-hausses-et-un-contexte-economique-global-incertain\/#breadcrumb"},"inLanguage":"fr-FR","potentialAction":[{"@type":"ReadAction","target":["https:\/\/vosgesinfo.fr\/laplainedesvosgesinfo\/2023\/10\/budget-le-conseil-departemental-maintient-le-cap-malgre-des-depenses-obligatoires-en-hausses-et-un-contexte-economique-global-incertain\/"]}]},{"@type":"ImageObject","inLanguage":"fr-FR","@id":"https:\/\/vosgesinfo.fr\/laplainedesvosgesinfo\/2023\/10\/budget-le-conseil-departemental-maintient-le-cap-malgre-des-depenses-obligatoires-en-hausses-et-un-contexte-economique-global-incertain\/#primaryimage","url":"https:\/\/vosgesinfo.fr\/app\/uploads\/sites\/2\/2020\/10\/conseil-departemental-400x255-1.jpg","contentUrl":"https:\/\/vosgesinfo.fr\/app\/uploads\/sites\/2\/2020\/10\/conseil-departemental-400x255-1.jpg","width":400,"height":255},{"@type":"BreadcrumbList","@id":"https:\/\/vosgesinfo.fr\/laplainedesvosgesinfo\/2023\/10\/budget-le-conseil-departemental-maintient-le-cap-malgre-des-depenses-obligatoires-en-hausses-et-un-contexte-economique-global-incertain\/#breadcrumb","itemListElement":[{"@type":"ListItem","position":1,"name":"Home","item":"https:\/\/vosgesinfo.fr\/laplainedesvosgesinfo\/"},{"@type":"ListItem","position":2,"name":"Budget : Le Conseil d\u00e9partemental maintient le cap malgr\u00e9 des d\u00e9penses obligatoires en hausses et un contexte \u00e9conomique global incertain"}]},{"@type":"WebSite","@id":"https:\/\/vosgesinfo.fr\/laplainedesvosgesinfo\/#website","url":"https:\/\/vosgesinfo.fr\/laplainedesvosgesinfo\/","name":"La Plaine des Vosges","description":"Toute l&#039;actualit\u00e9 de la plaine de Vosges","publisher":{"@id":"https:\/\/vosgesinfo.fr\/laplainedesvosgesinfo\/#organization"},"alternateName":"Toute l'actualit\u00e9 de la plaine des Vosges","potentialAction":[{"@type":"SearchAction","target":{"@type":"EntryPoint","urlTemplate":"https:\/\/vosgesinfo.fr\/laplainedesvosgesinfo\/?s={search_term_string}"},"query-input":"required name=search_term_string"}],"inLanguage":"fr-FR"},{"@type":"Organization","@id":"https:\/\/vosgesinfo.fr\/laplainedesvosgesinfo\/#organization","name":"La Plaine des Vosges","url":"https:\/\/vosgesinfo.fr\/laplainedesvosgesinfo\/","logo":{"@type":"ImageObject","inLanguage":"fr-FR","@id":"https:\/\/vosgesinfo.fr\/laplainedesvosgesinfo\/#\/schema\/logo\/image\/","url":"https:\/\/vosgesinfo.fr\/app\/uploads\/sites\/2\/2023\/08\/logo-laplaineinfo.svg","contentUrl":"https:\/\/vosgesinfo.fr\/app\/uploads\/sites\/2\/2023\/08\/logo-laplaineinfo.svg","width":1,"height":1,"caption":"La Plaine des Vosges"},"image":{"@id":"https:\/\/vosgesinfo.fr\/laplainedesvosgesinfo\/#\/schema\/logo\/image\/"},"sameAs":["https:\/\/www.facebook.com\/laplainedesvosges","https:\/\/x.com\/VosgesInfo88","https:\/\/www.youtube.com\/@vosgesinfo"]},{"@type":"Person","@id":"https:\/\/vosgesinfo.fr\/laplainedesvosgesinfo\/#\/schema\/person\/db5605779a843dad16b5368f3e7613a5","name":"QG","image":{"@type":"ImageObject","inLanguage":"fr-FR","@id":"https:\/\/vosgesinfo.fr\/laplainedesvosgesinfo\/#\/schema\/person\/image\/","url":"https:\/\/secure.gravatar.com\/avatar\/ea80c42c204b534408512832fde52504ecabb9706bcb6151cf6175e5b64e6793?s=96&d=mm&r=g","contentUrl":"https:\/\/secure.gravatar.com\/avatar\/ea80c42c204b534408512832fde52504ecabb9706bcb6151cf6175e5b64e6793?s=96&d=mm&r=g","caption":"QG"},"url":"https:\/\/vosgesinfo.fr\/laplainedesvosgesinfo\/author\/quentin88\/"}]}},"_links":{"self":[{"href":"https:\/\/vosgesinfo.fr\/laplainedesvosgesinfo\/wp-json\/wp\/v2\/posts\/782","targetHints":{"allow":["GET"]}}],"collection":[{"href":"https:\/\/vosgesinfo.fr\/laplainedesvosgesinfo\/wp-json\/wp\/v2\/posts"}],"about":[{"href":"https:\/\/vosgesinfo.fr\/laplainedesvosgesinfo\/wp-json\/wp\/v2\/types\/post"}],"author":[{"embeddable":true,"href":"https:\/\/vosgesinfo.fr\/laplainedesvosgesinfo\/wp-json\/wp\/v2\/users\/42"}],"replies":[{"embeddable":true,"href":"https:\/\/vosgesinfo.fr\/laplainedesvosgesinfo\/wp-json\/wp\/v2\/comments?post=782"}],"version-history":[{"count":0,"href":"https:\/\/vosgesinfo.fr\/laplainedesvosgesinfo\/wp-json\/wp\/v2\/posts\/782\/revisions"}],"wp:featuredmedia":[{"embeddable":true,"href":"https:\/\/vosgesinfo.fr\/laplainedesvosgesinfo\/wp-json\/wp\/v2\/media\/783"}],"wp:attachment":[{"href":"https:\/\/vosgesinfo.fr\/laplainedesvosgesinfo\/wp-json\/wp\/v2\/media?parent=782"}],"wp:term":[{"taxonomy":"category","embeddable":true,"href":"https:\/\/vosgesinfo.fr\/laplainedesvosgesinfo\/wp-json\/wp\/v2\/categories?post=782"},{"taxonomy":"post_tag","embeddable":true,"href":"https:\/\/vosgesinfo.fr\/laplainedesvosgesinfo\/wp-json\/wp\/v2\/tags?post=782"}],"curies":[{"name":"wp","href":"https:\/\/api.w.org\/{rel}","templated":true}]}}