{"id":7833,"date":"2016-11-08T07:10:33","date_gmt":"2016-11-08T06:10:33","guid":{"rendered":"https:\/\/vosgesinfo.fr\/laplainedesvosgesinfo\/2016\/11\/la-plaine-les-programmes-des-cinemas-rio-alhambra-et-scala-du-9-au-15-novembre\/"},"modified":"2016-11-08T07:10:33","modified_gmt":"2016-11-08T06:10:33","slug":"la-plaine-les-programmes-des-cinemas-rio-alhambra-et-scala-du-9-au-15-novembre","status":"publish","type":"post","link":"https:\/\/vosgesinfo.fr\/laplainedesvosgesinfo\/2016\/11\/la-plaine-les-programmes-des-cinemas-rio-alhambra-et-scala-du-9-au-15-novembre\/","title":{"rendered":"La Plaine \u2013 Les programmes des cin\u00e9mas Rio, Alhambra et Scala du 9 au 15 novembre"},"content":{"rendered":"<p style=\"text-align: center;\"><span style=\"font-size: 18pt;\"><strong>Cin\u00e9ma Rio<\/strong><\/span><\/p>\n<p><strong>Mercredi 9 :<\/strong><\/p>\n<p>-14h : Miss Peregrine et les enfants particuliers<\/p>\n<p>-16h30 : Les Trolls<\/p>\n<p>-20h : Mal de Pierres<\/p>\n<p><strong>Vendredi 11 :<\/strong><\/p>\n<p>-15h : Les Trolls<\/p>\n<p>-17h : Miss Peregrine et les enfants particuliers<\/p>\n<p>-20h30 : Mal de Pierres<\/p>\n<p><strong>Samedi 12 :<\/strong><\/p>\n<p>-14h30 : Les Trolls<\/p>\n<p>-16h30 : Mal de Pierres<\/p>\n<p>-20h30 : Miss Peregrine et les enfants particuliers<\/p>\n<p><strong>Dimanche 13 :<\/strong><\/p>\n<p>-14h30 : Miss Peregrine et les enfants particuliers<\/p>\n<p>-17h : Mal de Pierres<\/p>\n<p style=\"text-align: center;\"><span style=\"font-size: 18pt;\"><strong>Cin\u00e9ma l&rsquo;Alhambra<\/strong><\/span><\/p>\n<p><strong>Mercredi 9 :<\/strong><\/p>\n<p>-16h : Miss Peregrine et les enfants particuliers<\/p>\n<p>-20h30 : Frantz<\/p>\n<p><strong>Jeudi 10 :<\/strong><\/p>\n<p>-20h30 : Le ciel attendra<\/p>\n<p><strong>Vendredi 11 :<\/strong><\/p>\n<p>-16h : Frantz<\/p>\n<p>-20h30 : Miss Peregrine et les enfants particuliers<\/p>\n<p><strong>Samedi 12 :<\/strong><\/p>\n<p>-16h et 20h30 : Miss Peregrine et les enfants particuliers<\/p>\n<p><strong>Dimanche 13 :<\/strong><\/p>\n<p>-15h30 : Concert par la chorale Accroch&rsquo;Notes<\/p>\n<p>-20h30 : Le ciel attendra<\/p>\n<p><strong>Mardi 15 :<\/strong><\/p>\n<p>-14h30 : Le ciel attendra<\/p>\n<p>-20h30 : Frantz<\/p>\n<p style=\"text-align: center;\"><span style=\"font-size: 18pt;\"><strong>Cin\u00e9ma le Scala<\/strong><\/span><\/p>\n<p><strong>Mercredi 9 :<\/strong><\/p>\n<p>-13h30 et 21h : Inferno<\/p>\n<p>-15h45 et 19h15 : La folle aventure de Max et L\u00e9on<\/p>\n<p>-17h30 : Brice 3<\/p>\n<p><strong>Jeudi 10 :<\/strong><\/p>\n<p>-16h (SME) : La folle aventure de Max et L\u00e9on<\/p>\n<p>-18h : Docteur Strange<\/p>\n<p>-20h15 : Inferno<\/p>\n<p><strong>Vendredi 11 :<\/strong><\/p>\n<p>-14h : Les Trolls<\/p>\n<p>-15h45 et 22h15 : Inferno<\/p>\n<p>-18h : La folle aventure de Max et L\u00e9on<\/p>\n<p>-20h : La fille du train<\/p>\n<p><strong>Samedi 12 :<\/strong><\/p>\n<p>-10h30 : La folle aventure de Max et L\u00e9on<\/p>\n<p>-13h45 et 20h30 : Inferno<\/p>\n<p>-16h et 22h45 : Docteur Strange<\/p>\n<p>-18h15 : La fille du train<\/p>\n<p><strong>Dimanche 13 :<\/strong><\/p>\n<p>-10h30 et 20h30 : Captain Fantastic<\/p>\n<p>-13h45 : La folle aventure de Max et L\u00e9on<\/p>\n<p>-15h45 : La fille du train<\/p>\n<p>-18h : Inferno<\/p>\n<p><strong>Lundi 14 :<\/strong><\/p>\n<p>-14h30 et 17h30 (SME) : Cin\u00e9 S\u00e9niors \u2013 C\u00e9zanne et moi<\/p>\n<p>-20h : Inferno<\/p>\n<p><strong>Mardi 15 :<\/strong><\/p>\n<p>-16h : Captain Fantastic<\/p>\n<p>-18h15 : Inferno<\/p>\n<p>-20h30 : Les animaux fantastiques<\/p>\n<p><strong>\u00a0<\/strong><\/p>\n","protected":false},"excerpt":{"rendered":"<p>Cin\u00e9ma Rio Mercredi 9 : -14h : Miss Peregrine et les enfants particuliers -16h30 : Les Trolls -20h : Mal [&hellip;]<\/p>\n","protected":false},"author":1,"featured_media":7834,"comment_status":"open","ping_status":"open","sticky":false,"template":"","format":"standard","meta":{"footnotes":""},"categories":[4,37],"tags":[1638,220,455,994,77],"class_list":["post-7833","post","type-post","status-publish","format-standard","has-post-thumbnail","hentry","category-culture","category-la-plaine","tag-cinemas","tag-mirecourt","tag-neufchateau","tag-programmation","tag-vittel"],"acf":[],"yoast_head":"<!-- This site is optimized with the Yoast SEO plugin v22.5 - https:\/\/yoast.com\/wordpress\/plugins\/seo\/ -->\n<title>La Plaine \u2013 Les programmes des cin\u00e9mas Rio, Alhambra et Scala du 9 au 15 novembre - La Plaine des Vosges<\/title>\n<meta name=\"robots\" content=\"index, follow, max-snippet:-1, max-image-preview:large, max-video-preview:-1\" \/>\n<link rel=\"canonical\" href=\"https:\/\/vosgesinfo.fr\/laplainedesvosgesinfo\/2016\/11\/la-plaine-les-programmes-des-cinemas-rio-alhambra-et-scala-du-9-au-15-novembre\/\" \/>\n<meta name=\"twitter:card\" content=\"summary_large_image\" \/>\n<meta name=\"twitter:title\" content=\"La Plaine \u2013 Les programmes des cin\u00e9mas Rio, Alhambra et Scala du 9 au 15 novembre - La Plaine des Vosges\" \/>\n<meta name=\"twitter:description\" content=\"Cin\u00e9ma Rio Mercredi 9 : -14h : Miss Peregrine et les enfants particuliers -16h30 : Les Trolls -20h : Mal [&hellip;]\" \/>\n<meta name=\"twitter:image\" content=\"https:\/\/vosgesinfo.fr\/app\/uploads\/sites\/2\/2024\/06\/201602cinema-bleu-19.jpg\" \/>\n<meta name=\"twitter:creator\" content=\"@VosgesInfo88\" \/>\n<meta name=\"twitter:site\" content=\"@VosgesInfo88\" \/>\n<meta name=\"twitter:label1\" content=\"\u00c9crit par\" \/>\n\t<meta name=\"twitter:data1\" content=\"qs_admin\" \/>\n\t<meta name=\"twitter:label2\" content=\"Dur\u00e9e de lecture estim\u00e9e\" \/>\n\t<meta name=\"twitter:data2\" content=\"1 minute\" \/>\n<script type=\"application\/ld+json\" class=\"yoast-schema-graph\">{\"@context\":\"https:\/\/schema.org\",\"@graph\":[{\"@type\":\"Article\",\"@id\":\"https:\/\/vosgesinfo.fr\/laplainedesvosgesinfo\/2016\/11\/la-plaine-les-programmes-des-cinemas-rio-alhambra-et-scala-du-9-au-15-novembre\/#article\",\"isPartOf\":{\"@id\":\"https:\/\/vosgesinfo.fr\/laplainedesvosgesinfo\/2016\/11\/la-plaine-les-programmes-des-cinemas-rio-alhambra-et-scala-du-9-au-15-novembre\/\"},\"author\":{\"name\":\"qs_admin\",\"@id\":\"https:\/\/vosgesinfo.fr\/laplainedesvosgesinfo\/#\/schema\/person\/bc5d02d71e6932e81b6dadb7386667b1\"},\"headline\":\"La Plaine \u2013 Les programmes des cin\u00e9mas Rio, Alhambra et Scala du 9 au 15 novembre\",\"datePublished\":\"2016-11-08T06:10:33+00:00\",\"dateModified\":\"2016-11-08T06:10:33+00:00\",\"mainEntityOfPage\":{\"@id\":\"https:\/\/vosgesinfo.fr\/laplainedesvosgesinfo\/2016\/11\/la-plaine-les-programmes-des-cinemas-rio-alhambra-et-scala-du-9-au-15-novembre\/\"},\"wordCount\":306,\"commentCount\":0,\"publisher\":{\"@id\":\"https:\/\/vosgesinfo.fr\/laplainedesvosgesinfo\/#organization\"},\"image\":{\"@id\":\"https:\/\/vosgesinfo.fr\/laplainedesvosgesinfo\/2016\/11\/la-plaine-les-programmes-des-cinemas-rio-alhambra-et-scala-du-9-au-15-novembre\/#primaryimage\"},\"thumbnailUrl\":\"https:\/\/vosgesinfo.fr\/app\/uploads\/sites\/2\/2024\/06\/201602cinema-bleu-19.jpg\",\"keywords\":[\"cin\u00e9mas\",\"Mirecourt\",\"neufchateau\",\"programmation\",\"Vittel\"],\"articleSection\":[\"Culture\",\"La Plaine\"],\"inLanguage\":\"fr-FR\",\"potentialAction\":[{\"@type\":\"CommentAction\",\"name\":\"Comment\",\"target\":[\"https:\/\/vosgesinfo.fr\/laplainedesvosgesinfo\/2016\/11\/la-plaine-les-programmes-des-cinemas-rio-alhambra-et-scala-du-9-au-15-novembre\/#respond\"]}]},{\"@type\":\"WebPage\",\"@id\":\"https:\/\/vosgesinfo.fr\/laplainedesvosgesinfo\/2016\/11\/la-plaine-les-programmes-des-cinemas-rio-alhambra-et-scala-du-9-au-15-novembre\/\",\"url\":\"https:\/\/vosgesinfo.fr\/laplainedesvosgesinfo\/2016\/11\/la-plaine-les-programmes-des-cinemas-rio-alhambra-et-scala-du-9-au-15-novembre\/\",\"name\":\"La Plaine \u2013 Les programmes des cin\u00e9mas Rio, Alhambra et Scala du 9 au 15 novembre - La Plaine des Vosges\",\"isPartOf\":{\"@id\":\"https:\/\/vosgesinfo.fr\/laplainedesvosgesinfo\/#website\"},\"primaryImageOfPage\":{\"@id\":\"https:\/\/vosgesinfo.fr\/laplainedesvosgesinfo\/2016\/11\/la-plaine-les-programmes-des-cinemas-rio-alhambra-et-scala-du-9-au-15-novembre\/#primaryimage\"},\"image\":{\"@id\":\"https:\/\/vosgesinfo.fr\/laplainedesvosgesinfo\/2016\/11\/la-plaine-les-programmes-des-cinemas-rio-alhambra-et-scala-du-9-au-15-novembre\/#primaryimage\"},\"thumbnailUrl\":\"https:\/\/vosgesinfo.fr\/app\/uploads\/sites\/2\/2024\/06\/201602cinema-bleu-19.jpg\",\"datePublished\":\"2016-11-08T06:10:33+00:00\",\"dateModified\":\"2016-11-08T06:10:33+00:00\",\"breadcrumb\":{\"@id\":\"https:\/\/vosgesinfo.fr\/laplainedesvosgesinfo\/2016\/11\/la-plaine-les-programmes-des-cinemas-rio-alhambra-et-scala-du-9-au-15-novembre\/#breadcrumb\"},\"inLanguage\":\"fr-FR\",\"potentialAction\":[{\"@type\":\"ReadAction\",\"target\":[\"https:\/\/vosgesinfo.fr\/laplainedesvosgesinfo\/2016\/11\/la-plaine-les-programmes-des-cinemas-rio-alhambra-et-scala-du-9-au-15-novembre\/\"]}]},{\"@type\":\"ImageObject\",\"inLanguage\":\"fr-FR\",\"@id\":\"https:\/\/vosgesinfo.fr\/laplainedesvosgesinfo\/2016\/11\/la-plaine-les-programmes-des-cinemas-rio-alhambra-et-scala-du-9-au-15-novembre\/#primaryimage\",\"url\":\"https:\/\/vosgesinfo.fr\/app\/uploads\/sites\/2\/2024\/06\/201602cinema-bleu-19.jpg\",\"contentUrl\":\"https:\/\/vosgesinfo.fr\/app\/uploads\/sites\/2\/2024\/06\/201602cinema-bleu-19.jpg\",\"width\":800,\"height\":600},{\"@type\":\"BreadcrumbList\",\"@id\":\"https:\/\/vosgesinfo.fr\/laplainedesvosgesinfo\/2016\/11\/la-plaine-les-programmes-des-cinemas-rio-alhambra-et-scala-du-9-au-15-novembre\/#breadcrumb\",\"itemListElement\":[{\"@type\":\"ListItem\",\"position\":1,\"name\":\"Home\",\"item\":\"https:\/\/vosgesinfo.fr\/laplainedesvosgesinfo\/\"},{\"@type\":\"ListItem\",\"position\":2,\"name\":\"La Plaine \u2013 Les programmes des cin\u00e9mas Rio, Alhambra et Scala du 9 au 15 novembre\"}]},{\"@type\":\"WebSite\",\"@id\":\"https:\/\/vosgesinfo.fr\/laplainedesvosgesinfo\/#website\",\"url\":\"https:\/\/vosgesinfo.fr\/laplainedesvosgesinfo\/\",\"name\":\"La Plaine des Vosges\",\"description\":\"Toute l&#039;actualit\u00e9 de la plaine de Vosges\",\"publisher\":{\"@id\":\"https:\/\/vosgesinfo.fr\/laplainedesvosgesinfo\/#organization\"},\"alternateName\":\"Toute l'actualit\u00e9 de la plaine des Vosges\",\"potentialAction\":[{\"@type\":\"SearchAction\",\"target\":{\"@type\":\"EntryPoint\",\"urlTemplate\":\"https:\/\/vosgesinfo.fr\/laplainedesvosgesinfo\/?s={search_term_string}\"},\"query-input\":\"required name=search_term_string\"}],\"inLanguage\":\"fr-FR\"},{\"@type\":\"Organization\",\"@id\":\"https:\/\/vosgesinfo.fr\/laplainedesvosgesinfo\/#organization\",\"name\":\"La Plaine des Vosges\",\"url\":\"https:\/\/vosgesinfo.fr\/laplainedesvosgesinfo\/\",\"logo\":{\"@type\":\"ImageObject\",\"inLanguage\":\"fr-FR\",\"@id\":\"https:\/\/vosgesinfo.fr\/laplainedesvosgesinfo\/#\/schema\/logo\/image\/\",\"url\":\"https:\/\/vosgesinfo.fr\/app\/uploads\/sites\/2\/2023\/08\/logo-laplaineinfo.svg\",\"contentUrl\":\"https:\/\/vosgesinfo.fr\/app\/uploads\/sites\/2\/2023\/08\/logo-laplaineinfo.svg\",\"width\":1,\"height\":1,\"caption\":\"La Plaine des Vosges\"},\"image\":{\"@id\":\"https:\/\/vosgesinfo.fr\/laplainedesvosgesinfo\/#\/schema\/logo\/image\/\"},\"sameAs\":[\"https:\/\/www.facebook.com\/laplainedesvosges\",\"https:\/\/x.com\/VosgesInfo88\",\"https:\/\/www.youtube.com\/@vosgesinfo\"]},{\"@type\":\"Person\",\"@id\":\"https:\/\/vosgesinfo.fr\/laplainedesvosgesinfo\/#\/schema\/person\/bc5d02d71e6932e81b6dadb7386667b1\",\"name\":\"qs_admin\",\"image\":{\"@type\":\"ImageObject\",\"inLanguage\":\"fr-FR\",\"@id\":\"https:\/\/vosgesinfo.fr\/laplainedesvosgesinfo\/#\/schema\/person\/image\/\",\"url\":\"https:\/\/secure.gravatar.com\/avatar\/94b18ee0ed79e4a42ea2f2931277b6841a8999fc6fde214600c78057cf1fe1de?s=96&d=mm&r=g\",\"contentUrl\":\"https:\/\/secure.gravatar.com\/avatar\/94b18ee0ed79e4a42ea2f2931277b6841a8999fc6fde214600c78057cf1fe1de?s=96&d=mm&r=g\",\"caption\":\"qs_admin\"},\"sameAs\":[\"https:\/\/vosgesinfo.fr\/wp\"],\"url\":\"https:\/\/vosgesinfo.fr\/laplainedesvosgesinfo\/author\/qs_admin\/\"}]}<\/script>\n<!-- \/ Yoast SEO plugin. -->","yoast_head_json":{"title":"La Plaine \u2013 Les programmes des cin\u00e9mas Rio, Alhambra et Scala du 9 au 15 novembre - La Plaine des Vosges","robots":{"index":"index","follow":"follow","max-snippet":"max-snippet:-1","max-image-preview":"max-image-preview:large","max-video-preview":"max-video-preview:-1"},"canonical":"https:\/\/vosgesinfo.fr\/laplainedesvosgesinfo\/2016\/11\/la-plaine-les-programmes-des-cinemas-rio-alhambra-et-scala-du-9-au-15-novembre\/","twitter_card":"summary_large_image","twitter_title":"La Plaine \u2013 Les programmes des cin\u00e9mas Rio, Alhambra et Scala du 9 au 15 novembre - La Plaine des Vosges","twitter_description":"Cin\u00e9ma Rio Mercredi 9 : -14h : Miss Peregrine et les enfants particuliers -16h30 : Les Trolls -20h : Mal [&hellip;]","twitter_image":"https:\/\/vosgesinfo.fr\/app\/uploads\/sites\/2\/2024\/06\/201602cinema-bleu-19.jpg","twitter_creator":"@VosgesInfo88","twitter_site":"@VosgesInfo88","twitter_misc":{"\u00c9crit par":"qs_admin","Dur\u00e9e de lecture estim\u00e9e":"1 minute"},"schema":{"@context":"https:\/\/schema.org","@graph":[{"@type":"Article","@id":"https:\/\/vosgesinfo.fr\/laplainedesvosgesinfo\/2016\/11\/la-plaine-les-programmes-des-cinemas-rio-alhambra-et-scala-du-9-au-15-novembre\/#article","isPartOf":{"@id":"https:\/\/vosgesinfo.fr\/laplainedesvosgesinfo\/2016\/11\/la-plaine-les-programmes-des-cinemas-rio-alhambra-et-scala-du-9-au-15-novembre\/"},"author":{"name":"qs_admin","@id":"https:\/\/vosgesinfo.fr\/laplainedesvosgesinfo\/#\/schema\/person\/bc5d02d71e6932e81b6dadb7386667b1"},"headline":"La Plaine \u2013 Les programmes des cin\u00e9mas Rio, Alhambra et Scala du 9 au 15 novembre","datePublished":"2016-11-08T06:10:33+00:00","dateModified":"2016-11-08T06:10:33+00:00","mainEntityOfPage":{"@id":"https:\/\/vosgesinfo.fr\/laplainedesvosgesinfo\/2016\/11\/la-plaine-les-programmes-des-cinemas-rio-alhambra-et-scala-du-9-au-15-novembre\/"},"wordCount":306,"commentCount":0,"publisher":{"@id":"https:\/\/vosgesinfo.fr\/laplainedesvosgesinfo\/#organization"},"image":{"@id":"https:\/\/vosgesinfo.fr\/laplainedesvosgesinfo\/2016\/11\/la-plaine-les-programmes-des-cinemas-rio-alhambra-et-scala-du-9-au-15-novembre\/#primaryimage"},"thumbnailUrl":"https:\/\/vosgesinfo.fr\/app\/uploads\/sites\/2\/2024\/06\/201602cinema-bleu-19.jpg","keywords":["cin\u00e9mas","Mirecourt","neufchateau","programmation","Vittel"],"articleSection":["Culture","La Plaine"],"inLanguage":"fr-FR","potentialAction":[{"@type":"CommentAction","name":"Comment","target":["https:\/\/vosgesinfo.fr\/laplainedesvosgesinfo\/2016\/11\/la-plaine-les-programmes-des-cinemas-rio-alhambra-et-scala-du-9-au-15-novembre\/#respond"]}]},{"@type":"WebPage","@id":"https:\/\/vosgesinfo.fr\/laplainedesvosgesinfo\/2016\/11\/la-plaine-les-programmes-des-cinemas-rio-alhambra-et-scala-du-9-au-15-novembre\/","url":"https:\/\/vosgesinfo.fr\/laplainedesvosgesinfo\/2016\/11\/la-plaine-les-programmes-des-cinemas-rio-alhambra-et-scala-du-9-au-15-novembre\/","name":"La Plaine \u2013 Les programmes des cin\u00e9mas Rio, Alhambra et Scala du 9 au 15 novembre - La Plaine des Vosges","isPartOf":{"@id":"https:\/\/vosgesinfo.fr\/laplainedesvosgesinfo\/#website"},"primaryImageOfPage":{"@id":"https:\/\/vosgesinfo.fr\/laplainedesvosgesinfo\/2016\/11\/la-plaine-les-programmes-des-cinemas-rio-alhambra-et-scala-du-9-au-15-novembre\/#primaryimage"},"image":{"@id":"https:\/\/vosgesinfo.fr\/laplainedesvosgesinfo\/2016\/11\/la-plaine-les-programmes-des-cinemas-rio-alhambra-et-scala-du-9-au-15-novembre\/#primaryimage"},"thumbnailUrl":"https:\/\/vosgesinfo.fr\/app\/uploads\/sites\/2\/2024\/06\/201602cinema-bleu-19.jpg","datePublished":"2016-11-08T06:10:33+00:00","dateModified":"2016-11-08T06:10:33+00:00","breadcrumb":{"@id":"https:\/\/vosgesinfo.fr\/laplainedesvosgesinfo\/2016\/11\/la-plaine-les-programmes-des-cinemas-rio-alhambra-et-scala-du-9-au-15-novembre\/#breadcrumb"},"inLanguage":"fr-FR","potentialAction":[{"@type":"ReadAction","target":["https:\/\/vosgesinfo.fr\/laplainedesvosgesinfo\/2016\/11\/la-plaine-les-programmes-des-cinemas-rio-alhambra-et-scala-du-9-au-15-novembre\/"]}]},{"@type":"ImageObject","inLanguage":"fr-FR","@id":"https:\/\/vosgesinfo.fr\/laplainedesvosgesinfo\/2016\/11\/la-plaine-les-programmes-des-cinemas-rio-alhambra-et-scala-du-9-au-15-novembre\/#primaryimage","url":"https:\/\/vosgesinfo.fr\/app\/uploads\/sites\/2\/2024\/06\/201602cinema-bleu-19.jpg","contentUrl":"https:\/\/vosgesinfo.fr\/app\/uploads\/sites\/2\/2024\/06\/201602cinema-bleu-19.jpg","width":800,"height":600},{"@type":"BreadcrumbList","@id":"https:\/\/vosgesinfo.fr\/laplainedesvosgesinfo\/2016\/11\/la-plaine-les-programmes-des-cinemas-rio-alhambra-et-scala-du-9-au-15-novembre\/#breadcrumb","itemListElement":[{"@type":"ListItem","position":1,"name":"Home","item":"https:\/\/vosgesinfo.fr\/laplainedesvosgesinfo\/"},{"@type":"ListItem","position":2,"name":"La Plaine \u2013 Les programmes des cin\u00e9mas Rio, Alhambra et Scala du 9 au 15 novembre"}]},{"@type":"WebSite","@id":"https:\/\/vosgesinfo.fr\/laplainedesvosgesinfo\/#website","url":"https:\/\/vosgesinfo.fr\/laplainedesvosgesinfo\/","name":"La Plaine des Vosges","description":"Toute l&#039;actualit\u00e9 de la plaine de Vosges","publisher":{"@id":"https:\/\/vosgesinfo.fr\/laplainedesvosgesinfo\/#organization"},"alternateName":"Toute l'actualit\u00e9 de la plaine des Vosges","potentialAction":[{"@type":"SearchAction","target":{"@type":"EntryPoint","urlTemplate":"https:\/\/vosgesinfo.fr\/laplainedesvosgesinfo\/?s={search_term_string}"},"query-input":"required name=search_term_string"}],"inLanguage":"fr-FR"},{"@type":"Organization","@id":"https:\/\/vosgesinfo.fr\/laplainedesvosgesinfo\/#organization","name":"La Plaine des Vosges","url":"https:\/\/vosgesinfo.fr\/laplainedesvosgesinfo\/","logo":{"@type":"ImageObject","inLanguage":"fr-FR","@id":"https:\/\/vosgesinfo.fr\/laplainedesvosgesinfo\/#\/schema\/logo\/image\/","url":"https:\/\/vosgesinfo.fr\/app\/uploads\/sites\/2\/2023\/08\/logo-laplaineinfo.svg","contentUrl":"https:\/\/vosgesinfo.fr\/app\/uploads\/sites\/2\/2023\/08\/logo-laplaineinfo.svg","width":1,"height":1,"caption":"La Plaine des Vosges"},"image":{"@id":"https:\/\/vosgesinfo.fr\/laplainedesvosgesinfo\/#\/schema\/logo\/image\/"},"sameAs":["https:\/\/www.facebook.com\/laplainedesvosges","https:\/\/x.com\/VosgesInfo88","https:\/\/www.youtube.com\/@vosgesinfo"]},{"@type":"Person","@id":"https:\/\/vosgesinfo.fr\/laplainedesvosgesinfo\/#\/schema\/person\/bc5d02d71e6932e81b6dadb7386667b1","name":"qs_admin","image":{"@type":"ImageObject","inLanguage":"fr-FR","@id":"https:\/\/vosgesinfo.fr\/laplainedesvosgesinfo\/#\/schema\/person\/image\/","url":"https:\/\/secure.gravatar.com\/avatar\/94b18ee0ed79e4a42ea2f2931277b6841a8999fc6fde214600c78057cf1fe1de?s=96&d=mm&r=g","contentUrl":"https:\/\/secure.gravatar.com\/avatar\/94b18ee0ed79e4a42ea2f2931277b6841a8999fc6fde214600c78057cf1fe1de?s=96&d=mm&r=g","caption":"qs_admin"},"sameAs":["https:\/\/vosgesinfo.fr\/wp"],"url":"https:\/\/vosgesinfo.fr\/laplainedesvosgesinfo\/author\/qs_admin\/"}]}},"_links":{"self":[{"href":"https:\/\/vosgesinfo.fr\/laplainedesvosgesinfo\/wp-json\/wp\/v2\/posts\/7833","targetHints":{"allow":["GET"]}}],"collection":[{"href":"https:\/\/vosgesinfo.fr\/laplainedesvosgesinfo\/wp-json\/wp\/v2\/posts"}],"about":[{"href":"https:\/\/vosgesinfo.fr\/laplainedesvosgesinfo\/wp-json\/wp\/v2\/types\/post"}],"author":[{"embeddable":true,"href":"https:\/\/vosgesinfo.fr\/laplainedesvosgesinfo\/wp-json\/wp\/v2\/users\/1"}],"replies":[{"embeddable":true,"href":"https:\/\/vosgesinfo.fr\/laplainedesvosgesinfo\/wp-json\/wp\/v2\/comments?post=7833"}],"version-history":[{"count":0,"href":"https:\/\/vosgesinfo.fr\/laplainedesvosgesinfo\/wp-json\/wp\/v2\/posts\/7833\/revisions"}],"wp:featuredmedia":[{"embeddable":true,"href":"https:\/\/vosgesinfo.fr\/laplainedesvosgesinfo\/wp-json\/wp\/v2\/media\/7834"}],"wp:attachment":[{"href":"https:\/\/vosgesinfo.fr\/laplainedesvosgesinfo\/wp-json\/wp\/v2\/media?parent=7833"}],"wp:term":[{"taxonomy":"category","embeddable":true,"href":"https:\/\/vosgesinfo.fr\/laplainedesvosgesinfo\/wp-json\/wp\/v2\/categories?post=7833"},{"taxonomy":"post_tag","embeddable":true,"href":"https:\/\/vosgesinfo.fr\/laplainedesvosgesinfo\/wp-json\/wp\/v2\/tags?post=7833"}],"curies":[{"name":"wp","href":"https:\/\/api.w.org\/{rel}","templated":true}]}}