{"id":7997,"date":"2016-11-15T09:30:54","date_gmt":"2016-11-15T08:30:54","guid":{"rendered":"https:\/\/vosgesinfo.fr\/laplainedesvosgesinfo\/2016\/11\/juvaincourt-francois-vannson-visite-tech-rts-specialiste-en-thermolaquage\/"},"modified":"2016-11-15T09:30:54","modified_gmt":"2016-11-15T08:30:54","slug":"juvaincourt-francois-vannson-visite-tech-rts-specialiste-en-thermolaquage","status":"publish","type":"post","link":"https:\/\/vosgesinfo.fr\/laplainedesvosgesinfo\/2016\/11\/juvaincourt-francois-vannson-visite-tech-rts-specialiste-en-thermolaquage\/","title":{"rendered":"Juvaincourt &#8211; Fran\u00e7ois Vannson visite Tech RTS, sp\u00e9cialiste en thermolaquage"},"content":{"rendered":"<p style=\"text-align: justify;\"><a href=\"\/2016\/11\/visite-juvaincourt-techrts-2.jpg\"><img decoding=\"async\" class=\"aligncenter size-full wp-image-82166\" src=\"\/2016\/11\/visite-juvaincourt-techrts-2.jpg\" alt=\"visite-juvaincourt-techrts (2)\" width=\"800\" height=\"600\" \/><\/a><\/p>\n<p style=\"text-align: justify;\"><strong>Dans le cadre de la derni\u00e8re r\u00e9union cantonale du premier bilan du plan Vosges Ambitions 2021, Fran\u00e7ois Vannson, pr\u00e9sident du Conseil d\u00e9partemental des Vosges, a visit\u00e9 l&rsquo;entreprise Tech RTS, implant\u00e9e \u00e0 Juvaincourt.<\/strong><\/p>\n<p style=\"text-align: justify;\">Install\u00e9e dans la zone de l&rsquo;A\u00e9ropole Sud depuis 1991, l&rsquo;entreprise est sp\u00e9cialis\u00e9e dans la pr\u00e9paration de surface et application peinture industrielle (thermolaquage) sur m\u00e9taux tels que acier noir, acier galvanis\u00e9, aluminium ou fonte. \u00ab\u00a0<em>Nous nous sommes diversifi\u00e9s, on se diversifie encore et nous devons nous adapter aux changements. On continue \u00e0 se battre et on regarde uniquement devant nous.<\/em>\u00a0\u00bb Explique R\u00e9gis David, directeur d&rsquo;exploitation. En perp\u00e9tuelle innovation depuis leur cr\u00e9ation, la gamme de prestations propos\u00e9e par la soci\u00e9t\u00e9 vosgienne, permet de couvrir les principaux besoins en termes de d\u00e9coration et d&rsquo;anticorrosion.<\/p>\n<p style=\"text-align: justify;\">Implant\u00e9es sur un site de 30 000m\u00b2, dont 10 000 couverts, l&rsquo;entreprise compte cinq cha\u00eenes de traitements de surface. \u00ab\u00a0<em>C&rsquo;est lorsqu&rsquo;on visite des entreprises comme Tech RTS que l&rsquo;on constate qu&rsquo;il y a de tr\u00e8s belles entreprises dans les Vosges et qui, comme vous, travaillent au del\u00e0 de nos fronti\u00e8res et surtout, qui ont un r\u00e9el savoir-faire.<\/em>\u00a0\u00bb Note Fran\u00e7ois Vannson. Actuellement, 42 personnes travaillent dans cette soci\u00e9t\u00e9.<\/p>\n<p style=\"text-align: justify;\">\n<p style=\"text-align: justify;\">A.J.<\/p>\n<p style=\"text-align: justify;\">\n\n","protected":false},"excerpt":{"rendered":"<p>Dans le cadre de la derni\u00e8re r\u00e9union cantonale du premier bilan du plan Vosges Ambitions 2021, Fran\u00e7ois Vannson, pr\u00e9sident du [&hellip;]<\/p>\n","protected":false},"author":1,"featured_media":7998,"comment_status":"open","ping_status":"open","sticky":false,"template":"","format":"standard","meta":{"footnotes":""},"categories":[29,37,10],"tags":[865,127,2799,2535,2800,2801],"class_list":["post-7997","post","type-post","status-publish","format-standard","has-post-thumbnail","hentry","category-a-la-une","category-la-plaine","category-politique","tag-conseil-departemental-des-vosges","tag-francois-vannson","tag-juvaincourt","tag-plan-vosges-ambition-2021","tag-specialiste-en-thermolaquage","tag-tech-rts"],"acf":[],"yoast_head":"<!-- This site is optimized with the Yoast SEO plugin v22.5 - https:\/\/yoast.com\/wordpress\/plugins\/seo\/ -->\n<title>Juvaincourt - Fran\u00e7ois Vannson visite Tech RTS, sp\u00e9cialiste en thermolaquage - La Plaine des Vosges<\/title>\n<meta name=\"robots\" content=\"index, follow, max-snippet:-1, max-image-preview:large, max-video-preview:-1\" \/>\n<link rel=\"canonical\" href=\"https:\/\/vosgesinfo.fr\/laplainedesvosgesinfo\/2016\/11\/juvaincourt-francois-vannson-visite-tech-rts-specialiste-en-thermolaquage\/\" \/>\n<meta name=\"twitter:card\" content=\"summary_large_image\" \/>\n<meta name=\"twitter:title\" content=\"Juvaincourt - Fran\u00e7ois Vannson visite Tech RTS, sp\u00e9cialiste en thermolaquage - La Plaine des Vosges\" \/>\n<meta name=\"twitter:description\" content=\"Dans le cadre de la derni\u00e8re r\u00e9union cantonale du premier bilan du plan Vosges Ambitions 2021, Fran\u00e7ois Vannson, pr\u00e9sident du [&hellip;]\" \/>\n<meta name=\"twitter:image\" content=\"https:\/\/vosgesinfo.fr\/app\/uploads\/sites\/2\/2024\/06\/201611visite-juvaincourt-techrts-2.jpg\" \/>\n<meta name=\"twitter:creator\" content=\"@VosgesInfo88\" \/>\n<meta name=\"twitter:site\" content=\"@VosgesInfo88\" \/>\n<meta name=\"twitter:label1\" content=\"\u00c9crit par\" \/>\n\t<meta name=\"twitter:data1\" content=\"qs_admin\" \/>\n\t<meta name=\"twitter:label2\" content=\"Dur\u00e9e de lecture estim\u00e9e\" \/>\n\t<meta name=\"twitter:data2\" content=\"1 minute\" \/>\n<script type=\"application\/ld+json\" class=\"yoast-schema-graph\">{\"@context\":\"https:\/\/schema.org\",\"@graph\":[{\"@type\":\"Article\",\"@id\":\"https:\/\/vosgesinfo.fr\/laplainedesvosgesinfo\/2016\/11\/juvaincourt-francois-vannson-visite-tech-rts-specialiste-en-thermolaquage\/#article\",\"isPartOf\":{\"@id\":\"https:\/\/vosgesinfo.fr\/laplainedesvosgesinfo\/2016\/11\/juvaincourt-francois-vannson-visite-tech-rts-specialiste-en-thermolaquage\/\"},\"author\":{\"name\":\"qs_admin\",\"@id\":\"https:\/\/vosgesinfo.fr\/laplainedesvosgesinfo\/#\/schema\/person\/bc5d02d71e6932e81b6dadb7386667b1\"},\"headline\":\"Juvaincourt &#8211; Fran\u00e7ois Vannson visite Tech RTS, sp\u00e9cialiste en thermolaquage\",\"datePublished\":\"2016-11-15T08:30:54+00:00\",\"dateModified\":\"2016-11-15T08:30:54+00:00\",\"mainEntityOfPage\":{\"@id\":\"https:\/\/vosgesinfo.fr\/laplainedesvosgesinfo\/2016\/11\/juvaincourt-francois-vannson-visite-tech-rts-specialiste-en-thermolaquage\/\"},\"wordCount\":240,\"commentCount\":0,\"publisher\":{\"@id\":\"https:\/\/vosgesinfo.fr\/laplainedesvosgesinfo\/#organization\"},\"image\":{\"@id\":\"https:\/\/vosgesinfo.fr\/laplainedesvosgesinfo\/2016\/11\/juvaincourt-francois-vannson-visite-tech-rts-specialiste-en-thermolaquage\/#primaryimage\"},\"thumbnailUrl\":\"https:\/\/vosgesinfo.fr\/app\/uploads\/sites\/2\/2024\/06\/201611visite-juvaincourt-techrts-2.jpg\",\"keywords\":[\"Conseil d\u00e9partemental des Vosges\",\"Fran\u00e7ois Vannson\",\"Juvaincourt\",\"Plan Vosges ambition 2021\",\"sp\u00e9cialiste en thermolaquage\",\"Tech RTS\"],\"articleSection\":[\"A la Une\",\"La Plaine\",\"Politique\"],\"inLanguage\":\"fr-FR\",\"potentialAction\":[{\"@type\":\"CommentAction\",\"name\":\"Comment\",\"target\":[\"https:\/\/vosgesinfo.fr\/laplainedesvosgesinfo\/2016\/11\/juvaincourt-francois-vannson-visite-tech-rts-specialiste-en-thermolaquage\/#respond\"]}]},{\"@type\":\"WebPage\",\"@id\":\"https:\/\/vosgesinfo.fr\/laplainedesvosgesinfo\/2016\/11\/juvaincourt-francois-vannson-visite-tech-rts-specialiste-en-thermolaquage\/\",\"url\":\"https:\/\/vosgesinfo.fr\/laplainedesvosgesinfo\/2016\/11\/juvaincourt-francois-vannson-visite-tech-rts-specialiste-en-thermolaquage\/\",\"name\":\"Juvaincourt - Fran\u00e7ois Vannson visite Tech RTS, sp\u00e9cialiste en thermolaquage - La Plaine des Vosges\",\"isPartOf\":{\"@id\":\"https:\/\/vosgesinfo.fr\/laplainedesvosgesinfo\/#website\"},\"primaryImageOfPage\":{\"@id\":\"https:\/\/vosgesinfo.fr\/laplainedesvosgesinfo\/2016\/11\/juvaincourt-francois-vannson-visite-tech-rts-specialiste-en-thermolaquage\/#primaryimage\"},\"image\":{\"@id\":\"https:\/\/vosgesinfo.fr\/laplainedesvosgesinfo\/2016\/11\/juvaincourt-francois-vannson-visite-tech-rts-specialiste-en-thermolaquage\/#primaryimage\"},\"thumbnailUrl\":\"https:\/\/vosgesinfo.fr\/app\/uploads\/sites\/2\/2024\/06\/201611visite-juvaincourt-techrts-2.jpg\",\"datePublished\":\"2016-11-15T08:30:54+00:00\",\"dateModified\":\"2016-11-15T08:30:54+00:00\",\"breadcrumb\":{\"@id\":\"https:\/\/vosgesinfo.fr\/laplainedesvosgesinfo\/2016\/11\/juvaincourt-francois-vannson-visite-tech-rts-specialiste-en-thermolaquage\/#breadcrumb\"},\"inLanguage\":\"fr-FR\",\"potentialAction\":[{\"@type\":\"ReadAction\",\"target\":[\"https:\/\/vosgesinfo.fr\/laplainedesvosgesinfo\/2016\/11\/juvaincourt-francois-vannson-visite-tech-rts-specialiste-en-thermolaquage\/\"]}]},{\"@type\":\"ImageObject\",\"inLanguage\":\"fr-FR\",\"@id\":\"https:\/\/vosgesinfo.fr\/laplainedesvosgesinfo\/2016\/11\/juvaincourt-francois-vannson-visite-tech-rts-specialiste-en-thermolaquage\/#primaryimage\",\"url\":\"https:\/\/vosgesinfo.fr\/app\/uploads\/sites\/2\/2024\/06\/201611visite-juvaincourt-techrts-2.jpg\",\"contentUrl\":\"https:\/\/vosgesinfo.fr\/app\/uploads\/sites\/2\/2024\/06\/201611visite-juvaincourt-techrts-2.jpg\",\"width\":800,\"height\":600},{\"@type\":\"BreadcrumbList\",\"@id\":\"https:\/\/vosgesinfo.fr\/laplainedesvosgesinfo\/2016\/11\/juvaincourt-francois-vannson-visite-tech-rts-specialiste-en-thermolaquage\/#breadcrumb\",\"itemListElement\":[{\"@type\":\"ListItem\",\"position\":1,\"name\":\"Home\",\"item\":\"https:\/\/vosgesinfo.fr\/laplainedesvosgesinfo\/\"},{\"@type\":\"ListItem\",\"position\":2,\"name\":\"Juvaincourt &#8211; Fran\u00e7ois Vannson visite Tech RTS, sp\u00e9cialiste en thermolaquage\"}]},{\"@type\":\"WebSite\",\"@id\":\"https:\/\/vosgesinfo.fr\/laplainedesvosgesinfo\/#website\",\"url\":\"https:\/\/vosgesinfo.fr\/laplainedesvosgesinfo\/\",\"name\":\"La Plaine des Vosges\",\"description\":\"Toute l&#039;actualit\u00e9 de la plaine de Vosges\",\"publisher\":{\"@id\":\"https:\/\/vosgesinfo.fr\/laplainedesvosgesinfo\/#organization\"},\"alternateName\":\"Toute l'actualit\u00e9 de la plaine des Vosges\",\"potentialAction\":[{\"@type\":\"SearchAction\",\"target\":{\"@type\":\"EntryPoint\",\"urlTemplate\":\"https:\/\/vosgesinfo.fr\/laplainedesvosgesinfo\/?s={search_term_string}\"},\"query-input\":\"required name=search_term_string\"}],\"inLanguage\":\"fr-FR\"},{\"@type\":\"Organization\",\"@id\":\"https:\/\/vosgesinfo.fr\/laplainedesvosgesinfo\/#organization\",\"name\":\"La Plaine des Vosges\",\"url\":\"https:\/\/vosgesinfo.fr\/laplainedesvosgesinfo\/\",\"logo\":{\"@type\":\"ImageObject\",\"inLanguage\":\"fr-FR\",\"@id\":\"https:\/\/vosgesinfo.fr\/laplainedesvosgesinfo\/#\/schema\/logo\/image\/\",\"url\":\"https:\/\/vosgesinfo.fr\/app\/uploads\/sites\/2\/2023\/08\/logo-laplaineinfo.svg\",\"contentUrl\":\"https:\/\/vosgesinfo.fr\/app\/uploads\/sites\/2\/2023\/08\/logo-laplaineinfo.svg\",\"width\":1,\"height\":1,\"caption\":\"La Plaine des Vosges\"},\"image\":{\"@id\":\"https:\/\/vosgesinfo.fr\/laplainedesvosgesinfo\/#\/schema\/logo\/image\/\"},\"sameAs\":[\"https:\/\/www.facebook.com\/laplainedesvosges\",\"https:\/\/x.com\/VosgesInfo88\",\"https:\/\/www.youtube.com\/@vosgesinfo\"]},{\"@type\":\"Person\",\"@id\":\"https:\/\/vosgesinfo.fr\/laplainedesvosgesinfo\/#\/schema\/person\/bc5d02d71e6932e81b6dadb7386667b1\",\"name\":\"qs_admin\",\"image\":{\"@type\":\"ImageObject\",\"inLanguage\":\"fr-FR\",\"@id\":\"https:\/\/vosgesinfo.fr\/laplainedesvosgesinfo\/#\/schema\/person\/image\/\",\"url\":\"https:\/\/secure.gravatar.com\/avatar\/94b18ee0ed79e4a42ea2f2931277b6841a8999fc6fde214600c78057cf1fe1de?s=96&d=mm&r=g\",\"contentUrl\":\"https:\/\/secure.gravatar.com\/avatar\/94b18ee0ed79e4a42ea2f2931277b6841a8999fc6fde214600c78057cf1fe1de?s=96&d=mm&r=g\",\"caption\":\"qs_admin\"},\"sameAs\":[\"https:\/\/vosgesinfo.fr\/wp\"],\"url\":\"https:\/\/vosgesinfo.fr\/laplainedesvosgesinfo\/author\/qs_admin\/\"}]}<\/script>\n<!-- \/ Yoast SEO plugin. -->","yoast_head_json":{"title":"Juvaincourt - Fran\u00e7ois Vannson visite Tech RTS, sp\u00e9cialiste en thermolaquage - La Plaine des Vosges","robots":{"index":"index","follow":"follow","max-snippet":"max-snippet:-1","max-image-preview":"max-image-preview:large","max-video-preview":"max-video-preview:-1"},"canonical":"https:\/\/vosgesinfo.fr\/laplainedesvosgesinfo\/2016\/11\/juvaincourt-francois-vannson-visite-tech-rts-specialiste-en-thermolaquage\/","twitter_card":"summary_large_image","twitter_title":"Juvaincourt - Fran\u00e7ois Vannson visite Tech RTS, sp\u00e9cialiste en thermolaquage - La Plaine des Vosges","twitter_description":"Dans le cadre de la derni\u00e8re r\u00e9union cantonale du premier bilan du plan Vosges Ambitions 2021, Fran\u00e7ois Vannson, pr\u00e9sident du [&hellip;]","twitter_image":"https:\/\/vosgesinfo.fr\/app\/uploads\/sites\/2\/2024\/06\/201611visite-juvaincourt-techrts-2.jpg","twitter_creator":"@VosgesInfo88","twitter_site":"@VosgesInfo88","twitter_misc":{"\u00c9crit par":"qs_admin","Dur\u00e9e de lecture estim\u00e9e":"1 minute"},"schema":{"@context":"https:\/\/schema.org","@graph":[{"@type":"Article","@id":"https:\/\/vosgesinfo.fr\/laplainedesvosgesinfo\/2016\/11\/juvaincourt-francois-vannson-visite-tech-rts-specialiste-en-thermolaquage\/#article","isPartOf":{"@id":"https:\/\/vosgesinfo.fr\/laplainedesvosgesinfo\/2016\/11\/juvaincourt-francois-vannson-visite-tech-rts-specialiste-en-thermolaquage\/"},"author":{"name":"qs_admin","@id":"https:\/\/vosgesinfo.fr\/laplainedesvosgesinfo\/#\/schema\/person\/bc5d02d71e6932e81b6dadb7386667b1"},"headline":"Juvaincourt &#8211; Fran\u00e7ois Vannson visite Tech RTS, sp\u00e9cialiste en thermolaquage","datePublished":"2016-11-15T08:30:54+00:00","dateModified":"2016-11-15T08:30:54+00:00","mainEntityOfPage":{"@id":"https:\/\/vosgesinfo.fr\/laplainedesvosgesinfo\/2016\/11\/juvaincourt-francois-vannson-visite-tech-rts-specialiste-en-thermolaquage\/"},"wordCount":240,"commentCount":0,"publisher":{"@id":"https:\/\/vosgesinfo.fr\/laplainedesvosgesinfo\/#organization"},"image":{"@id":"https:\/\/vosgesinfo.fr\/laplainedesvosgesinfo\/2016\/11\/juvaincourt-francois-vannson-visite-tech-rts-specialiste-en-thermolaquage\/#primaryimage"},"thumbnailUrl":"https:\/\/vosgesinfo.fr\/app\/uploads\/sites\/2\/2024\/06\/201611visite-juvaincourt-techrts-2.jpg","keywords":["Conseil d\u00e9partemental des Vosges","Fran\u00e7ois Vannson","Juvaincourt","Plan Vosges ambition 2021","sp\u00e9cialiste en thermolaquage","Tech RTS"],"articleSection":["A la Une","La Plaine","Politique"],"inLanguage":"fr-FR","potentialAction":[{"@type":"CommentAction","name":"Comment","target":["https:\/\/vosgesinfo.fr\/laplainedesvosgesinfo\/2016\/11\/juvaincourt-francois-vannson-visite-tech-rts-specialiste-en-thermolaquage\/#respond"]}]},{"@type":"WebPage","@id":"https:\/\/vosgesinfo.fr\/laplainedesvosgesinfo\/2016\/11\/juvaincourt-francois-vannson-visite-tech-rts-specialiste-en-thermolaquage\/","url":"https:\/\/vosgesinfo.fr\/laplainedesvosgesinfo\/2016\/11\/juvaincourt-francois-vannson-visite-tech-rts-specialiste-en-thermolaquage\/","name":"Juvaincourt - Fran\u00e7ois Vannson visite Tech RTS, sp\u00e9cialiste en thermolaquage - La Plaine des Vosges","isPartOf":{"@id":"https:\/\/vosgesinfo.fr\/laplainedesvosgesinfo\/#website"},"primaryImageOfPage":{"@id":"https:\/\/vosgesinfo.fr\/laplainedesvosgesinfo\/2016\/11\/juvaincourt-francois-vannson-visite-tech-rts-specialiste-en-thermolaquage\/#primaryimage"},"image":{"@id":"https:\/\/vosgesinfo.fr\/laplainedesvosgesinfo\/2016\/11\/juvaincourt-francois-vannson-visite-tech-rts-specialiste-en-thermolaquage\/#primaryimage"},"thumbnailUrl":"https:\/\/vosgesinfo.fr\/app\/uploads\/sites\/2\/2024\/06\/201611visite-juvaincourt-techrts-2.jpg","datePublished":"2016-11-15T08:30:54+00:00","dateModified":"2016-11-15T08:30:54+00:00","breadcrumb":{"@id":"https:\/\/vosgesinfo.fr\/laplainedesvosgesinfo\/2016\/11\/juvaincourt-francois-vannson-visite-tech-rts-specialiste-en-thermolaquage\/#breadcrumb"},"inLanguage":"fr-FR","potentialAction":[{"@type":"ReadAction","target":["https:\/\/vosgesinfo.fr\/laplainedesvosgesinfo\/2016\/11\/juvaincourt-francois-vannson-visite-tech-rts-specialiste-en-thermolaquage\/"]}]},{"@type":"ImageObject","inLanguage":"fr-FR","@id":"https:\/\/vosgesinfo.fr\/laplainedesvosgesinfo\/2016\/11\/juvaincourt-francois-vannson-visite-tech-rts-specialiste-en-thermolaquage\/#primaryimage","url":"https:\/\/vosgesinfo.fr\/app\/uploads\/sites\/2\/2024\/06\/201611visite-juvaincourt-techrts-2.jpg","contentUrl":"https:\/\/vosgesinfo.fr\/app\/uploads\/sites\/2\/2024\/06\/201611visite-juvaincourt-techrts-2.jpg","width":800,"height":600},{"@type":"BreadcrumbList","@id":"https:\/\/vosgesinfo.fr\/laplainedesvosgesinfo\/2016\/11\/juvaincourt-francois-vannson-visite-tech-rts-specialiste-en-thermolaquage\/#breadcrumb","itemListElement":[{"@type":"ListItem","position":1,"name":"Home","item":"https:\/\/vosgesinfo.fr\/laplainedesvosgesinfo\/"},{"@type":"ListItem","position":2,"name":"Juvaincourt &#8211; Fran\u00e7ois Vannson visite Tech RTS, sp\u00e9cialiste en thermolaquage"}]},{"@type":"WebSite","@id":"https:\/\/vosgesinfo.fr\/laplainedesvosgesinfo\/#website","url":"https:\/\/vosgesinfo.fr\/laplainedesvosgesinfo\/","name":"La Plaine des Vosges","description":"Toute l&#039;actualit\u00e9 de la plaine de Vosges","publisher":{"@id":"https:\/\/vosgesinfo.fr\/laplainedesvosgesinfo\/#organization"},"alternateName":"Toute l'actualit\u00e9 de la plaine des Vosges","potentialAction":[{"@type":"SearchAction","target":{"@type":"EntryPoint","urlTemplate":"https:\/\/vosgesinfo.fr\/laplainedesvosgesinfo\/?s={search_term_string}"},"query-input":"required name=search_term_string"}],"inLanguage":"fr-FR"},{"@type":"Organization","@id":"https:\/\/vosgesinfo.fr\/laplainedesvosgesinfo\/#organization","name":"La Plaine des Vosges","url":"https:\/\/vosgesinfo.fr\/laplainedesvosgesinfo\/","logo":{"@type":"ImageObject","inLanguage":"fr-FR","@id":"https:\/\/vosgesinfo.fr\/laplainedesvosgesinfo\/#\/schema\/logo\/image\/","url":"https:\/\/vosgesinfo.fr\/app\/uploads\/sites\/2\/2023\/08\/logo-laplaineinfo.svg","contentUrl":"https:\/\/vosgesinfo.fr\/app\/uploads\/sites\/2\/2023\/08\/logo-laplaineinfo.svg","width":1,"height":1,"caption":"La Plaine des Vosges"},"image":{"@id":"https:\/\/vosgesinfo.fr\/laplainedesvosgesinfo\/#\/schema\/logo\/image\/"},"sameAs":["https:\/\/www.facebook.com\/laplainedesvosges","https:\/\/x.com\/VosgesInfo88","https:\/\/www.youtube.com\/@vosgesinfo"]},{"@type":"Person","@id":"https:\/\/vosgesinfo.fr\/laplainedesvosgesinfo\/#\/schema\/person\/bc5d02d71e6932e81b6dadb7386667b1","name":"qs_admin","image":{"@type":"ImageObject","inLanguage":"fr-FR","@id":"https:\/\/vosgesinfo.fr\/laplainedesvosgesinfo\/#\/schema\/person\/image\/","url":"https:\/\/secure.gravatar.com\/avatar\/94b18ee0ed79e4a42ea2f2931277b6841a8999fc6fde214600c78057cf1fe1de?s=96&d=mm&r=g","contentUrl":"https:\/\/secure.gravatar.com\/avatar\/94b18ee0ed79e4a42ea2f2931277b6841a8999fc6fde214600c78057cf1fe1de?s=96&d=mm&r=g","caption":"qs_admin"},"sameAs":["https:\/\/vosgesinfo.fr\/wp"],"url":"https:\/\/vosgesinfo.fr\/laplainedesvosgesinfo\/author\/qs_admin\/"}]}},"_links":{"self":[{"href":"https:\/\/vosgesinfo.fr\/laplainedesvosgesinfo\/wp-json\/wp\/v2\/posts\/7997","targetHints":{"allow":["GET"]}}],"collection":[{"href":"https:\/\/vosgesinfo.fr\/laplainedesvosgesinfo\/wp-json\/wp\/v2\/posts"}],"about":[{"href":"https:\/\/vosgesinfo.fr\/laplainedesvosgesinfo\/wp-json\/wp\/v2\/types\/post"}],"author":[{"embeddable":true,"href":"https:\/\/vosgesinfo.fr\/laplainedesvosgesinfo\/wp-json\/wp\/v2\/users\/1"}],"replies":[{"embeddable":true,"href":"https:\/\/vosgesinfo.fr\/laplainedesvosgesinfo\/wp-json\/wp\/v2\/comments?post=7997"}],"version-history":[{"count":0,"href":"https:\/\/vosgesinfo.fr\/laplainedesvosgesinfo\/wp-json\/wp\/v2\/posts\/7997\/revisions"}],"wp:featuredmedia":[{"embeddable":true,"href":"https:\/\/vosgesinfo.fr\/laplainedesvosgesinfo\/wp-json\/wp\/v2\/media\/7998"}],"wp:attachment":[{"href":"https:\/\/vosgesinfo.fr\/laplainedesvosgesinfo\/wp-json\/wp\/v2\/media?parent=7997"}],"wp:term":[{"taxonomy":"category","embeddable":true,"href":"https:\/\/vosgesinfo.fr\/laplainedesvosgesinfo\/wp-json\/wp\/v2\/categories?post=7997"},{"taxonomy":"post_tag","embeddable":true,"href":"https:\/\/vosgesinfo.fr\/laplainedesvosgesinfo\/wp-json\/wp\/v2\/tags?post=7997"}],"curies":[{"name":"wp","href":"https:\/\/api.w.org\/{rel}","templated":true}]}}