{"id":8038,"date":"2016-11-16T14:46:50","date_gmt":"2016-11-16T13:46:50","guid":{"rendered":"https:\/\/vosgesinfo.fr\/laplainedesvosgesinfo\/2016\/11\/la-derniere-du-tournage-de-nos-patriotes-au-fort-duxegney-en-images\/"},"modified":"2016-11-16T14:46:50","modified_gmt":"2016-11-16T13:46:50","slug":"la-derniere-du-tournage-de-nos-patriotes-au-fort-duxegney-en-images","status":"publish","type":"post","link":"https:\/\/vosgesinfo.fr\/laplainedesvosgesinfo\/2016\/11\/la-derniere-du-tournage-de-nos-patriotes-au-fort-duxegney-en-images\/","title":{"rendered":"La derni\u00e8re du tournage de \u00ab Nos patriotes \u00bb au fort d\u2019Uxegney [en images]"},"content":{"rendered":"<div style=\"text-align: justify;\"><a href=\"\/2016\/11\/79A1744.jpg\"><img decoding=\"async\" class=\"aligncenter size-full wp-image-82225\" src=\"\/2016\/11\/79A1744.jpg\" alt=\"79A1744\" width=\"800\" height=\"533\" \/><\/a><\/div>\n<div style=\"text-align: justify;\"><\/div>\n<div style=\"text-align: justify;\"><strong>Ce mercredi, des s\u00e9quences du film \u00ab\u00a0Nos patriotes\u00a0\u00bb ont \u00e9t\u00e9 tourn\u00e9es au Fort d\u2019Uxegney. Cela fait trois jours que Gabriel Le Bomin, r\u00e9alisateur a investi avec son \u00e9quipe les forts d\u2019Uxegney et de Bois l\u2019Abb\u00e9 pour figurer une prison allemande (Frontstalag) dans laquelle seront cantonn\u00e9s des tirailleurs s\u00e9n\u00e9galais. Le film reprend en effet\u00a0l\u2019histoire du tirailleur s\u00e9n\u00e9galais Addi B\u00e2 mort en cit\u00e9 des images en 1943.<\/strong><\/div>\n<div style=\"text-align: justify;\"><\/div>\n<div>Ce mercredi, dernier jour de tournage a \u00a0vu l\u2019arriv\u00e9e une centaine de figurants qui jouent aux cot\u00e9s des acteurs principaux du film des sc\u00e8nes tr\u00e8s importantes. Pascal Durand, pr\u00e9sident de l\u2019association du fort d\u2019Uxegney figure parmis les figurants.C\u2019est un film d\u2019\u00e9poque qui se d\u00e9roule pendant la 2nd guerre mondiale. L\u2019histoire tourne autour d\u2019un tirailleur s\u00e9n\u00e9galais \u00e9vad\u00e9 qui, avec d\u2019autres r\u00e9sistants,\u00a0 participent \u00e0 la fondation du 1er maquis dans les Vosges. Avec pour acteurs principaux Marc Zinga, Alexandra Lamy et la chanteuse Louane.<\/p>\n<p style=\"text-align: justify;\">C.K.N.<\/p>\n<\/div>\n<p style=\"text-align: justify;\">\n\n<p style=\"text-align: justify;\">\n","protected":false},"excerpt":{"rendered":"<p>Ce mercredi, des s\u00e9quences du film \u00ab\u00a0Nos patriotes\u00a0\u00bb ont \u00e9t\u00e9 tourn\u00e9es au Fort d\u2019Uxegney. Cela fait trois jours que Gabriel [&hellip;]<\/p>\n","protected":false},"author":1,"featured_media":8039,"comment_status":"open","ping_status":"open","sticky":false,"template":"","format":"standard","meta":{"footnotes":""},"categories":[18],"tags":[2812,2813,2814],"class_list":["post-8038","post","type-post","status-publish","format-standard","has-post-thumbnail","hentry","category-vosges","tag-addi-ba","tag-fort-duxegney","tag-tournage-du-film-nos-patriotes"],"acf":[],"yoast_head":"<!-- This site is optimized with the Yoast SEO plugin v22.5 - https:\/\/yoast.com\/wordpress\/plugins\/seo\/ -->\n<title>La derni\u00e8re du tournage de \u00ab Nos patriotes \u00bb au fort d\u2019Uxegney [en images] - La Plaine des Vosges<\/title>\n<meta name=\"robots\" content=\"index, follow, max-snippet:-1, max-image-preview:large, max-video-preview:-1\" \/>\n<link rel=\"canonical\" href=\"https:\/\/vosgesinfo.fr\/laplainedesvosgesinfo\/2016\/11\/la-derniere-du-tournage-de-nos-patriotes-au-fort-duxegney-en-images\/\" \/>\n<meta name=\"twitter:card\" content=\"summary_large_image\" \/>\n<meta name=\"twitter:title\" content=\"La derni\u00e8re du tournage de \u00ab Nos patriotes \u00bb au fort d\u2019Uxegney [en images] - La Plaine des Vosges\" \/>\n<meta name=\"twitter:description\" content=\"Ce mercredi, des s\u00e9quences du film \u00ab\u00a0Nos patriotes\u00a0\u00bb ont \u00e9t\u00e9 tourn\u00e9es au Fort d\u2019Uxegney. Cela fait trois jours que Gabriel [&hellip;]\" \/>\n<meta name=\"twitter:image\" content=\"https:\/\/vosgesinfo.fr\/app\/uploads\/sites\/2\/2024\/06\/20161179a1744.jpg\" \/>\n<meta name=\"twitter:creator\" content=\"@VosgesInfo88\" \/>\n<meta name=\"twitter:site\" content=\"@VosgesInfo88\" \/>\n<meta name=\"twitter:label1\" content=\"\u00c9crit par\" \/>\n\t<meta name=\"twitter:data1\" content=\"qs_admin\" \/>\n\t<meta name=\"twitter:label2\" content=\"Dur\u00e9e de lecture estim\u00e9e\" \/>\n\t<meta name=\"twitter:data2\" content=\"1 minute\" \/>\n<script type=\"application\/ld+json\" class=\"yoast-schema-graph\">{\"@context\":\"https:\/\/schema.org\",\"@graph\":[{\"@type\":\"Article\",\"@id\":\"https:\/\/vosgesinfo.fr\/laplainedesvosgesinfo\/2016\/11\/la-derniere-du-tournage-de-nos-patriotes-au-fort-duxegney-en-images\/#article\",\"isPartOf\":{\"@id\":\"https:\/\/vosgesinfo.fr\/laplainedesvosgesinfo\/2016\/11\/la-derniere-du-tournage-de-nos-patriotes-au-fort-duxegney-en-images\/\"},\"author\":{\"name\":\"qs_admin\",\"@id\":\"https:\/\/vosgesinfo.fr\/laplainedesvosgesinfo\/#\/schema\/person\/bc5d02d71e6932e81b6dadb7386667b1\"},\"headline\":\"La derni\u00e8re du tournage de \u00ab Nos patriotes \u00bb au fort d\u2019Uxegney [en images]\",\"datePublished\":\"2016-11-16T13:46:50+00:00\",\"dateModified\":\"2016-11-16T13:46:50+00:00\",\"mainEntityOfPage\":{\"@id\":\"https:\/\/vosgesinfo.fr\/laplainedesvosgesinfo\/2016\/11\/la-derniere-du-tournage-de-nos-patriotes-au-fort-duxegney-en-images\/\"},\"wordCount\":201,\"commentCount\":0,\"publisher\":{\"@id\":\"https:\/\/vosgesinfo.fr\/laplainedesvosgesinfo\/#organization\"},\"image\":{\"@id\":\"https:\/\/vosgesinfo.fr\/laplainedesvosgesinfo\/2016\/11\/la-derniere-du-tournage-de-nos-patriotes-au-fort-duxegney-en-images\/#primaryimage\"},\"thumbnailUrl\":\"https:\/\/vosgesinfo.fr\/app\/uploads\/sites\/2\/2024\/06\/20161179a1744.jpg\",\"keywords\":[\"Addi B\u00e2\",\"fort d'Uxegney\",\"tournage du film Nos Patriotes\"],\"articleSection\":[\"Vosges\"],\"inLanguage\":\"fr-FR\",\"potentialAction\":[{\"@type\":\"CommentAction\",\"name\":\"Comment\",\"target\":[\"https:\/\/vosgesinfo.fr\/laplainedesvosgesinfo\/2016\/11\/la-derniere-du-tournage-de-nos-patriotes-au-fort-duxegney-en-images\/#respond\"]}]},{\"@type\":\"WebPage\",\"@id\":\"https:\/\/vosgesinfo.fr\/laplainedesvosgesinfo\/2016\/11\/la-derniere-du-tournage-de-nos-patriotes-au-fort-duxegney-en-images\/\",\"url\":\"https:\/\/vosgesinfo.fr\/laplainedesvosgesinfo\/2016\/11\/la-derniere-du-tournage-de-nos-patriotes-au-fort-duxegney-en-images\/\",\"name\":\"La derni\u00e8re du tournage de \u00ab Nos patriotes \u00bb au fort d\u2019Uxegney [en images] - La Plaine des Vosges\",\"isPartOf\":{\"@id\":\"https:\/\/vosgesinfo.fr\/laplainedesvosgesinfo\/#website\"},\"primaryImageOfPage\":{\"@id\":\"https:\/\/vosgesinfo.fr\/laplainedesvosgesinfo\/2016\/11\/la-derniere-du-tournage-de-nos-patriotes-au-fort-duxegney-en-images\/#primaryimage\"},\"image\":{\"@id\":\"https:\/\/vosgesinfo.fr\/laplainedesvosgesinfo\/2016\/11\/la-derniere-du-tournage-de-nos-patriotes-au-fort-duxegney-en-images\/#primaryimage\"},\"thumbnailUrl\":\"https:\/\/vosgesinfo.fr\/app\/uploads\/sites\/2\/2024\/06\/20161179a1744.jpg\",\"datePublished\":\"2016-11-16T13:46:50+00:00\",\"dateModified\":\"2016-11-16T13:46:50+00:00\",\"breadcrumb\":{\"@id\":\"https:\/\/vosgesinfo.fr\/laplainedesvosgesinfo\/2016\/11\/la-derniere-du-tournage-de-nos-patriotes-au-fort-duxegney-en-images\/#breadcrumb\"},\"inLanguage\":\"fr-FR\",\"potentialAction\":[{\"@type\":\"ReadAction\",\"target\":[\"https:\/\/vosgesinfo.fr\/laplainedesvosgesinfo\/2016\/11\/la-derniere-du-tournage-de-nos-patriotes-au-fort-duxegney-en-images\/\"]}]},{\"@type\":\"ImageObject\",\"inLanguage\":\"fr-FR\",\"@id\":\"https:\/\/vosgesinfo.fr\/laplainedesvosgesinfo\/2016\/11\/la-derniere-du-tournage-de-nos-patriotes-au-fort-duxegney-en-images\/#primaryimage\",\"url\":\"https:\/\/vosgesinfo.fr\/app\/uploads\/sites\/2\/2024\/06\/20161179a1744.jpg\",\"contentUrl\":\"https:\/\/vosgesinfo.fr\/app\/uploads\/sites\/2\/2024\/06\/20161179a1744.jpg\",\"width\":800,\"height\":533},{\"@type\":\"BreadcrumbList\",\"@id\":\"https:\/\/vosgesinfo.fr\/laplainedesvosgesinfo\/2016\/11\/la-derniere-du-tournage-de-nos-patriotes-au-fort-duxegney-en-images\/#breadcrumb\",\"itemListElement\":[{\"@type\":\"ListItem\",\"position\":1,\"name\":\"Home\",\"item\":\"https:\/\/vosgesinfo.fr\/laplainedesvosgesinfo\/\"},{\"@type\":\"ListItem\",\"position\":2,\"name\":\"La derni\u00e8re du tournage de \u00ab Nos patriotes \u00bb au fort d\u2019Uxegney [en images]\"}]},{\"@type\":\"WebSite\",\"@id\":\"https:\/\/vosgesinfo.fr\/laplainedesvosgesinfo\/#website\",\"url\":\"https:\/\/vosgesinfo.fr\/laplainedesvosgesinfo\/\",\"name\":\"La Plaine des Vosges\",\"description\":\"Toute l&#039;actualit\u00e9 de la plaine de Vosges\",\"publisher\":{\"@id\":\"https:\/\/vosgesinfo.fr\/laplainedesvosgesinfo\/#organization\"},\"alternateName\":\"Toute l'actualit\u00e9 de la plaine des Vosges\",\"potentialAction\":[{\"@type\":\"SearchAction\",\"target\":{\"@type\":\"EntryPoint\",\"urlTemplate\":\"https:\/\/vosgesinfo.fr\/laplainedesvosgesinfo\/?s={search_term_string}\"},\"query-input\":\"required name=search_term_string\"}],\"inLanguage\":\"fr-FR\"},{\"@type\":\"Organization\",\"@id\":\"https:\/\/vosgesinfo.fr\/laplainedesvosgesinfo\/#organization\",\"name\":\"La Plaine des Vosges\",\"url\":\"https:\/\/vosgesinfo.fr\/laplainedesvosgesinfo\/\",\"logo\":{\"@type\":\"ImageObject\",\"inLanguage\":\"fr-FR\",\"@id\":\"https:\/\/vosgesinfo.fr\/laplainedesvosgesinfo\/#\/schema\/logo\/image\/\",\"url\":\"https:\/\/vosgesinfo.fr\/app\/uploads\/sites\/2\/2023\/08\/logo-laplaineinfo.svg\",\"contentUrl\":\"https:\/\/vosgesinfo.fr\/app\/uploads\/sites\/2\/2023\/08\/logo-laplaineinfo.svg\",\"width\":1,\"height\":1,\"caption\":\"La Plaine des Vosges\"},\"image\":{\"@id\":\"https:\/\/vosgesinfo.fr\/laplainedesvosgesinfo\/#\/schema\/logo\/image\/\"},\"sameAs\":[\"https:\/\/www.facebook.com\/laplainedesvosges\",\"https:\/\/x.com\/VosgesInfo88\",\"https:\/\/www.youtube.com\/@vosgesinfo\"]},{\"@type\":\"Person\",\"@id\":\"https:\/\/vosgesinfo.fr\/laplainedesvosgesinfo\/#\/schema\/person\/bc5d02d71e6932e81b6dadb7386667b1\",\"name\":\"qs_admin\",\"image\":{\"@type\":\"ImageObject\",\"inLanguage\":\"fr-FR\",\"@id\":\"https:\/\/vosgesinfo.fr\/laplainedesvosgesinfo\/#\/schema\/person\/image\/\",\"url\":\"https:\/\/secure.gravatar.com\/avatar\/94b18ee0ed79e4a42ea2f2931277b6841a8999fc6fde214600c78057cf1fe1de?s=96&d=mm&r=g\",\"contentUrl\":\"https:\/\/secure.gravatar.com\/avatar\/94b18ee0ed79e4a42ea2f2931277b6841a8999fc6fde214600c78057cf1fe1de?s=96&d=mm&r=g\",\"caption\":\"qs_admin\"},\"sameAs\":[\"https:\/\/vosgesinfo.fr\/wp\"],\"url\":\"https:\/\/vosgesinfo.fr\/laplainedesvosgesinfo\/author\/qs_admin\/\"}]}<\/script>\n<!-- \/ Yoast SEO plugin. -->","yoast_head_json":{"title":"La derni\u00e8re du tournage de \u00ab Nos patriotes \u00bb au fort d\u2019Uxegney [en images] - La Plaine des Vosges","robots":{"index":"index","follow":"follow","max-snippet":"max-snippet:-1","max-image-preview":"max-image-preview:large","max-video-preview":"max-video-preview:-1"},"canonical":"https:\/\/vosgesinfo.fr\/laplainedesvosgesinfo\/2016\/11\/la-derniere-du-tournage-de-nos-patriotes-au-fort-duxegney-en-images\/","twitter_card":"summary_large_image","twitter_title":"La derni\u00e8re du tournage de \u00ab Nos patriotes \u00bb au fort d\u2019Uxegney [en images] - La Plaine des Vosges","twitter_description":"Ce mercredi, des s\u00e9quences du film \u00ab\u00a0Nos patriotes\u00a0\u00bb ont \u00e9t\u00e9 tourn\u00e9es au Fort d\u2019Uxegney. Cela fait trois jours que Gabriel [&hellip;]","twitter_image":"https:\/\/vosgesinfo.fr\/app\/uploads\/sites\/2\/2024\/06\/20161179a1744.jpg","twitter_creator":"@VosgesInfo88","twitter_site":"@VosgesInfo88","twitter_misc":{"\u00c9crit par":"qs_admin","Dur\u00e9e de lecture estim\u00e9e":"1 minute"},"schema":{"@context":"https:\/\/schema.org","@graph":[{"@type":"Article","@id":"https:\/\/vosgesinfo.fr\/laplainedesvosgesinfo\/2016\/11\/la-derniere-du-tournage-de-nos-patriotes-au-fort-duxegney-en-images\/#article","isPartOf":{"@id":"https:\/\/vosgesinfo.fr\/laplainedesvosgesinfo\/2016\/11\/la-derniere-du-tournage-de-nos-patriotes-au-fort-duxegney-en-images\/"},"author":{"name":"qs_admin","@id":"https:\/\/vosgesinfo.fr\/laplainedesvosgesinfo\/#\/schema\/person\/bc5d02d71e6932e81b6dadb7386667b1"},"headline":"La derni\u00e8re du tournage de \u00ab Nos patriotes \u00bb au fort d\u2019Uxegney [en images]","datePublished":"2016-11-16T13:46:50+00:00","dateModified":"2016-11-16T13:46:50+00:00","mainEntityOfPage":{"@id":"https:\/\/vosgesinfo.fr\/laplainedesvosgesinfo\/2016\/11\/la-derniere-du-tournage-de-nos-patriotes-au-fort-duxegney-en-images\/"},"wordCount":201,"commentCount":0,"publisher":{"@id":"https:\/\/vosgesinfo.fr\/laplainedesvosgesinfo\/#organization"},"image":{"@id":"https:\/\/vosgesinfo.fr\/laplainedesvosgesinfo\/2016\/11\/la-derniere-du-tournage-de-nos-patriotes-au-fort-duxegney-en-images\/#primaryimage"},"thumbnailUrl":"https:\/\/vosgesinfo.fr\/app\/uploads\/sites\/2\/2024\/06\/20161179a1744.jpg","keywords":["Addi B\u00e2","fort d'Uxegney","tournage du film Nos Patriotes"],"articleSection":["Vosges"],"inLanguage":"fr-FR","potentialAction":[{"@type":"CommentAction","name":"Comment","target":["https:\/\/vosgesinfo.fr\/laplainedesvosgesinfo\/2016\/11\/la-derniere-du-tournage-de-nos-patriotes-au-fort-duxegney-en-images\/#respond"]}]},{"@type":"WebPage","@id":"https:\/\/vosgesinfo.fr\/laplainedesvosgesinfo\/2016\/11\/la-derniere-du-tournage-de-nos-patriotes-au-fort-duxegney-en-images\/","url":"https:\/\/vosgesinfo.fr\/laplainedesvosgesinfo\/2016\/11\/la-derniere-du-tournage-de-nos-patriotes-au-fort-duxegney-en-images\/","name":"La derni\u00e8re du tournage de \u00ab Nos patriotes \u00bb au fort d\u2019Uxegney [en images] - La Plaine des Vosges","isPartOf":{"@id":"https:\/\/vosgesinfo.fr\/laplainedesvosgesinfo\/#website"},"primaryImageOfPage":{"@id":"https:\/\/vosgesinfo.fr\/laplainedesvosgesinfo\/2016\/11\/la-derniere-du-tournage-de-nos-patriotes-au-fort-duxegney-en-images\/#primaryimage"},"image":{"@id":"https:\/\/vosgesinfo.fr\/laplainedesvosgesinfo\/2016\/11\/la-derniere-du-tournage-de-nos-patriotes-au-fort-duxegney-en-images\/#primaryimage"},"thumbnailUrl":"https:\/\/vosgesinfo.fr\/app\/uploads\/sites\/2\/2024\/06\/20161179a1744.jpg","datePublished":"2016-11-16T13:46:50+00:00","dateModified":"2016-11-16T13:46:50+00:00","breadcrumb":{"@id":"https:\/\/vosgesinfo.fr\/laplainedesvosgesinfo\/2016\/11\/la-derniere-du-tournage-de-nos-patriotes-au-fort-duxegney-en-images\/#breadcrumb"},"inLanguage":"fr-FR","potentialAction":[{"@type":"ReadAction","target":["https:\/\/vosgesinfo.fr\/laplainedesvosgesinfo\/2016\/11\/la-derniere-du-tournage-de-nos-patriotes-au-fort-duxegney-en-images\/"]}]},{"@type":"ImageObject","inLanguage":"fr-FR","@id":"https:\/\/vosgesinfo.fr\/laplainedesvosgesinfo\/2016\/11\/la-derniere-du-tournage-de-nos-patriotes-au-fort-duxegney-en-images\/#primaryimage","url":"https:\/\/vosgesinfo.fr\/app\/uploads\/sites\/2\/2024\/06\/20161179a1744.jpg","contentUrl":"https:\/\/vosgesinfo.fr\/app\/uploads\/sites\/2\/2024\/06\/20161179a1744.jpg","width":800,"height":533},{"@type":"BreadcrumbList","@id":"https:\/\/vosgesinfo.fr\/laplainedesvosgesinfo\/2016\/11\/la-derniere-du-tournage-de-nos-patriotes-au-fort-duxegney-en-images\/#breadcrumb","itemListElement":[{"@type":"ListItem","position":1,"name":"Home","item":"https:\/\/vosgesinfo.fr\/laplainedesvosgesinfo\/"},{"@type":"ListItem","position":2,"name":"La derni\u00e8re du tournage de \u00ab Nos patriotes \u00bb au fort d\u2019Uxegney [en images]"}]},{"@type":"WebSite","@id":"https:\/\/vosgesinfo.fr\/laplainedesvosgesinfo\/#website","url":"https:\/\/vosgesinfo.fr\/laplainedesvosgesinfo\/","name":"La Plaine des Vosges","description":"Toute l&#039;actualit\u00e9 de la plaine de Vosges","publisher":{"@id":"https:\/\/vosgesinfo.fr\/laplainedesvosgesinfo\/#organization"},"alternateName":"Toute l'actualit\u00e9 de la plaine des Vosges","potentialAction":[{"@type":"SearchAction","target":{"@type":"EntryPoint","urlTemplate":"https:\/\/vosgesinfo.fr\/laplainedesvosgesinfo\/?s={search_term_string}"},"query-input":"required name=search_term_string"}],"inLanguage":"fr-FR"},{"@type":"Organization","@id":"https:\/\/vosgesinfo.fr\/laplainedesvosgesinfo\/#organization","name":"La Plaine des Vosges","url":"https:\/\/vosgesinfo.fr\/laplainedesvosgesinfo\/","logo":{"@type":"ImageObject","inLanguage":"fr-FR","@id":"https:\/\/vosgesinfo.fr\/laplainedesvosgesinfo\/#\/schema\/logo\/image\/","url":"https:\/\/vosgesinfo.fr\/app\/uploads\/sites\/2\/2023\/08\/logo-laplaineinfo.svg","contentUrl":"https:\/\/vosgesinfo.fr\/app\/uploads\/sites\/2\/2023\/08\/logo-laplaineinfo.svg","width":1,"height":1,"caption":"La Plaine des Vosges"},"image":{"@id":"https:\/\/vosgesinfo.fr\/laplainedesvosgesinfo\/#\/schema\/logo\/image\/"},"sameAs":["https:\/\/www.facebook.com\/laplainedesvosges","https:\/\/x.com\/VosgesInfo88","https:\/\/www.youtube.com\/@vosgesinfo"]},{"@type":"Person","@id":"https:\/\/vosgesinfo.fr\/laplainedesvosgesinfo\/#\/schema\/person\/bc5d02d71e6932e81b6dadb7386667b1","name":"qs_admin","image":{"@type":"ImageObject","inLanguage":"fr-FR","@id":"https:\/\/vosgesinfo.fr\/laplainedesvosgesinfo\/#\/schema\/person\/image\/","url":"https:\/\/secure.gravatar.com\/avatar\/94b18ee0ed79e4a42ea2f2931277b6841a8999fc6fde214600c78057cf1fe1de?s=96&d=mm&r=g","contentUrl":"https:\/\/secure.gravatar.com\/avatar\/94b18ee0ed79e4a42ea2f2931277b6841a8999fc6fde214600c78057cf1fe1de?s=96&d=mm&r=g","caption":"qs_admin"},"sameAs":["https:\/\/vosgesinfo.fr\/wp"],"url":"https:\/\/vosgesinfo.fr\/laplainedesvosgesinfo\/author\/qs_admin\/"}]}},"_links":{"self":[{"href":"https:\/\/vosgesinfo.fr\/laplainedesvosgesinfo\/wp-json\/wp\/v2\/posts\/8038","targetHints":{"allow":["GET"]}}],"collection":[{"href":"https:\/\/vosgesinfo.fr\/laplainedesvosgesinfo\/wp-json\/wp\/v2\/posts"}],"about":[{"href":"https:\/\/vosgesinfo.fr\/laplainedesvosgesinfo\/wp-json\/wp\/v2\/types\/post"}],"author":[{"embeddable":true,"href":"https:\/\/vosgesinfo.fr\/laplainedesvosgesinfo\/wp-json\/wp\/v2\/users\/1"}],"replies":[{"embeddable":true,"href":"https:\/\/vosgesinfo.fr\/laplainedesvosgesinfo\/wp-json\/wp\/v2\/comments?post=8038"}],"version-history":[{"count":0,"href":"https:\/\/vosgesinfo.fr\/laplainedesvosgesinfo\/wp-json\/wp\/v2\/posts\/8038\/revisions"}],"wp:featuredmedia":[{"embeddable":true,"href":"https:\/\/vosgesinfo.fr\/laplainedesvosgesinfo\/wp-json\/wp\/v2\/media\/8039"}],"wp:attachment":[{"href":"https:\/\/vosgesinfo.fr\/laplainedesvosgesinfo\/wp-json\/wp\/v2\/media?parent=8038"}],"wp:term":[{"taxonomy":"category","embeddable":true,"href":"https:\/\/vosgesinfo.fr\/laplainedesvosgesinfo\/wp-json\/wp\/v2\/categories?post=8038"},{"taxonomy":"post_tag","embeddable":true,"href":"https:\/\/vosgesinfo.fr\/laplainedesvosgesinfo\/wp-json\/wp\/v2\/tags?post=8038"}],"curies":[{"name":"wp","href":"https:\/\/api.w.org\/{rel}","templated":true}]}}