{"id":8419,"date":"2016-12-05T16:46:05","date_gmt":"2016-12-05T15:46:05","guid":{"rendered":"https:\/\/vosgesinfo.fr\/laplainedesvosgesinfo\/2016\/12\/hommage-aux-morts-pour-la-france-pendant-la-guerre-dalgerie-et-les-combats-du-maroc-et-de-la-tunisie\/"},"modified":"2016-12-05T16:46:05","modified_gmt":"2016-12-05T15:46:05","slug":"hommage-aux-morts-pour-la-france-pendant-la-guerre-dalgerie-et-les-combats-du-maroc-et-de-la-tunisie","status":"publish","type":"post","link":"https:\/\/vosgesinfo.fr\/laplainedesvosgesinfo\/2016\/12\/hommage-aux-morts-pour-la-france-pendant-la-guerre-dalgerie-et-les-combats-du-maroc-et-de-la-tunisie\/","title":{"rendered":"Hommage aux morts pour la France pendant la guerre d\u2019Alg\u00e9rie et les combats du Maroc et de la Tunisie"},"content":{"rendered":"<p style=\"text-align: justify;\"><a href=\"\/2016\/12\/ceremonie-algerie-Contrex-1.jpg\"><img decoding=\"async\" class=\"aligncenter size-full wp-image-82790\" src=\"\/2016\/12\/ceremonie-algerie-Contrex-1.jpg\" alt=\"ceremonie-algerie-Contrex (1)\" width=\"800\" height=\"534\" \/><\/a><\/p>\n<p style=\"text-align: justify;\"><strong>Le 5 d\u00e9cembre est, depuis 2003, la Journ\u00e9e nationale d&rsquo;hommage aux morts pour la France, pendant la guerre d&rsquo;Alg\u00e9rie et les combats du Maroc et de la Tunisie. A cette occasion, une c\u00e9r\u00e9monie a eu lieu au monument aux Morts \u00e0 Contrex\u00e9ville.<\/strong><\/p>\n<p style=\"text-align: justify;\">Pour ce moment de recueillement, les \u00e9lus, repr\u00e9sentants des autorit\u00e9s et d&rsquo;associations patriotiques se sont r\u00e9unis. Apr\u00e8s le d\u00e9p\u00f4t de gerbe de la section AFN, Michel Courtoisier, adjoint \u00e0 Contrex\u00e9ville a proc\u00e9d\u00e9 \u00e0 la lecture du message de Jean-Marc Todeschini, secr\u00e9taire d\u2019\u00c9tat charg\u00e9 des anciens combattants et de la m\u00e9moire. \u00ab\u00a0<em>Soldats de m\u00e9tier et volontaires, soldats des forces suppl\u00e9tives, soldats du contingent : tous connaissent les m\u00eames \u00e9preuves et luttent au service de la France. Aujourd&rsquo;hui, plus de 60 ans apr\u00e8s les faits, l&rsquo;heure est au d\u00e9passement des souffrances et \u00e0 l&rsquo;apaisement des m\u00e9moires, dont la pluralit\u00e9 doit \u00eatre respect\u00e9e et pr\u00e9serv\u00e9e, pour faire du souvenir de la guerre d&rsquo;Alg\u00e9rie et des combats du Maroc et de Tunisie un moment qui rassemble celles et ceux qui ont cette histoire en partage.<\/em>\u00ab\u00a0<\/p>\n<p style=\"text-align: justify;\">De 1952 \u00e0 1962, lors des combats en AFN, plus de deux millions d&rsquo;hommes ont servi sous les drapeaux. Tous furent marqu\u00e9s par la violence des combats. Au total, lors de ce conflit, pr\u00e8s de 25 000 militaires appel\u00e9s ou rappel\u00e9s ont perdu la vie et plus de 60 000 ont \u00e9t\u00e9 bless\u00e9s.<\/p>\n<p style=\"text-align: justify;\">\n<p style=\"text-align: justify;\">A.J.<\/p>\n<p style=\"text-align: justify;\">\n\n","protected":false},"excerpt":{"rendered":"<p>Le 5 d\u00e9cembre est, depuis 2003, la Journ\u00e9e nationale d&rsquo;hommage aux morts pour la France, pendant la guerre d&rsquo;Alg\u00e9rie et [&hellip;]<\/p>\n","protected":false},"author":1,"featured_media":8420,"comment_status":"open","ping_status":"open","sticky":false,"template":"","format":"standard","meta":{"footnotes":""},"categories":[29,79,37,13],"tags":[177,2972,2973,2974],"class_list":["post-8419","post","type-post","status-publish","format-standard","has-post-thumbnail","hentry","category-a-la-une","category-contrexeville-la-plaine","category-la-plaine","category-societe","tag-contrexeville","tag-guerre-dalgerie-et-combats-du-maroc-et-de-la-tunisie","tag-journee-nationale-dhommage-aux-morts","tag-monument-aux-morts"],"acf":[],"yoast_head":"<!-- This site is optimized with the Yoast SEO plugin v22.5 - https:\/\/yoast.com\/wordpress\/plugins\/seo\/ -->\n<title>Hommage aux morts pour la France pendant la guerre d\u2019Alg\u00e9rie et les combats du Maroc et de la Tunisie - La Plaine des Vosges<\/title>\n<meta name=\"robots\" content=\"index, follow, max-snippet:-1, max-image-preview:large, max-video-preview:-1\" \/>\n<link rel=\"canonical\" href=\"https:\/\/vosgesinfo.fr\/laplainedesvosgesinfo\/2016\/12\/hommage-aux-morts-pour-la-france-pendant-la-guerre-dalgerie-et-les-combats-du-maroc-et-de-la-tunisie\/\" \/>\n<meta name=\"twitter:card\" content=\"summary_large_image\" \/>\n<meta name=\"twitter:title\" content=\"Hommage aux morts pour la France pendant la guerre d\u2019Alg\u00e9rie et les combats du Maroc et de la Tunisie - La Plaine des Vosges\" \/>\n<meta name=\"twitter:description\" content=\"Le 5 d\u00e9cembre est, depuis 2003, la Journ\u00e9e nationale d&rsquo;hommage aux morts pour la France, pendant la guerre d&rsquo;Alg\u00e9rie et [&hellip;]\" \/>\n<meta name=\"twitter:image\" content=\"https:\/\/vosgesinfo.fr\/app\/uploads\/sites\/2\/2024\/06\/201612ceremonie-algerie-contrex-1.jpg\" \/>\n<meta name=\"twitter:creator\" content=\"@VosgesInfo88\" \/>\n<meta name=\"twitter:site\" content=\"@VosgesInfo88\" \/>\n<meta name=\"twitter:label1\" content=\"\u00c9crit par\" \/>\n\t<meta name=\"twitter:data1\" content=\"qs_admin\" \/>\n\t<meta name=\"twitter:label2\" content=\"Dur\u00e9e de lecture estim\u00e9e\" \/>\n\t<meta name=\"twitter:data2\" content=\"1 minute\" \/>\n<script type=\"application\/ld+json\" class=\"yoast-schema-graph\">{\"@context\":\"https:\/\/schema.org\",\"@graph\":[{\"@type\":\"Article\",\"@id\":\"https:\/\/vosgesinfo.fr\/laplainedesvosgesinfo\/2016\/12\/hommage-aux-morts-pour-la-france-pendant-la-guerre-dalgerie-et-les-combats-du-maroc-et-de-la-tunisie\/#article\",\"isPartOf\":{\"@id\":\"https:\/\/vosgesinfo.fr\/laplainedesvosgesinfo\/2016\/12\/hommage-aux-morts-pour-la-france-pendant-la-guerre-dalgerie-et-les-combats-du-maroc-et-de-la-tunisie\/\"},\"author\":{\"name\":\"qs_admin\",\"@id\":\"https:\/\/vosgesinfo.fr\/laplainedesvosgesinfo\/#\/schema\/person\/bc5d02d71e6932e81b6dadb7386667b1\"},\"headline\":\"Hommage aux morts pour la France pendant la guerre d\u2019Alg\u00e9rie et les combats du Maroc et de la Tunisie\",\"datePublished\":\"2016-12-05T15:46:05+00:00\",\"dateModified\":\"2016-12-05T15:46:05+00:00\",\"mainEntityOfPage\":{\"@id\":\"https:\/\/vosgesinfo.fr\/laplainedesvosgesinfo\/2016\/12\/hommage-aux-morts-pour-la-france-pendant-la-guerre-dalgerie-et-les-combats-du-maroc-et-de-la-tunisie\/\"},\"wordCount\":282,\"commentCount\":0,\"publisher\":{\"@id\":\"https:\/\/vosgesinfo.fr\/laplainedesvosgesinfo\/#organization\"},\"image\":{\"@id\":\"https:\/\/vosgesinfo.fr\/laplainedesvosgesinfo\/2016\/12\/hommage-aux-morts-pour-la-france-pendant-la-guerre-dalgerie-et-les-combats-du-maroc-et-de-la-tunisie\/#primaryimage\"},\"thumbnailUrl\":\"https:\/\/vosgesinfo.fr\/app\/uploads\/sites\/2\/2024\/06\/201612ceremonie-algerie-contrex-1.jpg\",\"keywords\":[\"Contrex\u00e9ville\",\"Guerre d'Alg\u00e9rie et combats du Maroc et de la Tunisie\",\"Journ\u00e9e Nationale d'hommage aux morts\",\"Monument aux Morts\"],\"articleSection\":[\"A la Une\",\"Contrex\u00e9ville\",\"La Plaine\",\"Soci\u00e9t\u00e9\"],\"inLanguage\":\"fr-FR\",\"potentialAction\":[{\"@type\":\"CommentAction\",\"name\":\"Comment\",\"target\":[\"https:\/\/vosgesinfo.fr\/laplainedesvosgesinfo\/2016\/12\/hommage-aux-morts-pour-la-france-pendant-la-guerre-dalgerie-et-les-combats-du-maroc-et-de-la-tunisie\/#respond\"]}]},{\"@type\":\"WebPage\",\"@id\":\"https:\/\/vosgesinfo.fr\/laplainedesvosgesinfo\/2016\/12\/hommage-aux-morts-pour-la-france-pendant-la-guerre-dalgerie-et-les-combats-du-maroc-et-de-la-tunisie\/\",\"url\":\"https:\/\/vosgesinfo.fr\/laplainedesvosgesinfo\/2016\/12\/hommage-aux-morts-pour-la-france-pendant-la-guerre-dalgerie-et-les-combats-du-maroc-et-de-la-tunisie\/\",\"name\":\"Hommage aux morts pour la France pendant la guerre d\u2019Alg\u00e9rie et les combats du Maroc et de la Tunisie - La Plaine des Vosges\",\"isPartOf\":{\"@id\":\"https:\/\/vosgesinfo.fr\/laplainedesvosgesinfo\/#website\"},\"primaryImageOfPage\":{\"@id\":\"https:\/\/vosgesinfo.fr\/laplainedesvosgesinfo\/2016\/12\/hommage-aux-morts-pour-la-france-pendant-la-guerre-dalgerie-et-les-combats-du-maroc-et-de-la-tunisie\/#primaryimage\"},\"image\":{\"@id\":\"https:\/\/vosgesinfo.fr\/laplainedesvosgesinfo\/2016\/12\/hommage-aux-morts-pour-la-france-pendant-la-guerre-dalgerie-et-les-combats-du-maroc-et-de-la-tunisie\/#primaryimage\"},\"thumbnailUrl\":\"https:\/\/vosgesinfo.fr\/app\/uploads\/sites\/2\/2024\/06\/201612ceremonie-algerie-contrex-1.jpg\",\"datePublished\":\"2016-12-05T15:46:05+00:00\",\"dateModified\":\"2016-12-05T15:46:05+00:00\",\"breadcrumb\":{\"@id\":\"https:\/\/vosgesinfo.fr\/laplainedesvosgesinfo\/2016\/12\/hommage-aux-morts-pour-la-france-pendant-la-guerre-dalgerie-et-les-combats-du-maroc-et-de-la-tunisie\/#breadcrumb\"},\"inLanguage\":\"fr-FR\",\"potentialAction\":[{\"@type\":\"ReadAction\",\"target\":[\"https:\/\/vosgesinfo.fr\/laplainedesvosgesinfo\/2016\/12\/hommage-aux-morts-pour-la-france-pendant-la-guerre-dalgerie-et-les-combats-du-maroc-et-de-la-tunisie\/\"]}]},{\"@type\":\"ImageObject\",\"inLanguage\":\"fr-FR\",\"@id\":\"https:\/\/vosgesinfo.fr\/laplainedesvosgesinfo\/2016\/12\/hommage-aux-morts-pour-la-france-pendant-la-guerre-dalgerie-et-les-combats-du-maroc-et-de-la-tunisie\/#primaryimage\",\"url\":\"https:\/\/vosgesinfo.fr\/app\/uploads\/sites\/2\/2024\/06\/201612ceremonie-algerie-contrex-1.jpg\",\"contentUrl\":\"https:\/\/vosgesinfo.fr\/app\/uploads\/sites\/2\/2024\/06\/201612ceremonie-algerie-contrex-1.jpg\",\"width\":800,\"height\":534},{\"@type\":\"BreadcrumbList\",\"@id\":\"https:\/\/vosgesinfo.fr\/laplainedesvosgesinfo\/2016\/12\/hommage-aux-morts-pour-la-france-pendant-la-guerre-dalgerie-et-les-combats-du-maroc-et-de-la-tunisie\/#breadcrumb\",\"itemListElement\":[{\"@type\":\"ListItem\",\"position\":1,\"name\":\"Home\",\"item\":\"https:\/\/vosgesinfo.fr\/laplainedesvosgesinfo\/\"},{\"@type\":\"ListItem\",\"position\":2,\"name\":\"Hommage aux morts pour la France pendant la guerre d\u2019Alg\u00e9rie et les combats du Maroc et de la Tunisie\"}]},{\"@type\":\"WebSite\",\"@id\":\"https:\/\/vosgesinfo.fr\/laplainedesvosgesinfo\/#website\",\"url\":\"https:\/\/vosgesinfo.fr\/laplainedesvosgesinfo\/\",\"name\":\"La Plaine des Vosges\",\"description\":\"Toute l&#039;actualit\u00e9 de la plaine de Vosges\",\"publisher\":{\"@id\":\"https:\/\/vosgesinfo.fr\/laplainedesvosgesinfo\/#organization\"},\"alternateName\":\"Toute l'actualit\u00e9 de la plaine des Vosges\",\"potentialAction\":[{\"@type\":\"SearchAction\",\"target\":{\"@type\":\"EntryPoint\",\"urlTemplate\":\"https:\/\/vosgesinfo.fr\/laplainedesvosgesinfo\/?s={search_term_string}\"},\"query-input\":\"required name=search_term_string\"}],\"inLanguage\":\"fr-FR\"},{\"@type\":\"Organization\",\"@id\":\"https:\/\/vosgesinfo.fr\/laplainedesvosgesinfo\/#organization\",\"name\":\"La Plaine des Vosges\",\"url\":\"https:\/\/vosgesinfo.fr\/laplainedesvosgesinfo\/\",\"logo\":{\"@type\":\"ImageObject\",\"inLanguage\":\"fr-FR\",\"@id\":\"https:\/\/vosgesinfo.fr\/laplainedesvosgesinfo\/#\/schema\/logo\/image\/\",\"url\":\"https:\/\/vosgesinfo.fr\/app\/uploads\/sites\/2\/2023\/08\/logo-laplaineinfo.svg\",\"contentUrl\":\"https:\/\/vosgesinfo.fr\/app\/uploads\/sites\/2\/2023\/08\/logo-laplaineinfo.svg\",\"width\":1,\"height\":1,\"caption\":\"La Plaine des Vosges\"},\"image\":{\"@id\":\"https:\/\/vosgesinfo.fr\/laplainedesvosgesinfo\/#\/schema\/logo\/image\/\"},\"sameAs\":[\"https:\/\/www.facebook.com\/laplainedesvosges\",\"https:\/\/x.com\/VosgesInfo88\",\"https:\/\/www.youtube.com\/@vosgesinfo\"]},{\"@type\":\"Person\",\"@id\":\"https:\/\/vosgesinfo.fr\/laplainedesvosgesinfo\/#\/schema\/person\/bc5d02d71e6932e81b6dadb7386667b1\",\"name\":\"qs_admin\",\"image\":{\"@type\":\"ImageObject\",\"inLanguage\":\"fr-FR\",\"@id\":\"https:\/\/vosgesinfo.fr\/laplainedesvosgesinfo\/#\/schema\/person\/image\/\",\"url\":\"https:\/\/secure.gravatar.com\/avatar\/94b18ee0ed79e4a42ea2f2931277b6841a8999fc6fde214600c78057cf1fe1de?s=96&d=mm&r=g\",\"contentUrl\":\"https:\/\/secure.gravatar.com\/avatar\/94b18ee0ed79e4a42ea2f2931277b6841a8999fc6fde214600c78057cf1fe1de?s=96&d=mm&r=g\",\"caption\":\"qs_admin\"},\"sameAs\":[\"https:\/\/vosgesinfo.fr\/wp\"],\"url\":\"https:\/\/vosgesinfo.fr\/laplainedesvosgesinfo\/author\/qs_admin\/\"}]}<\/script>\n<!-- \/ Yoast SEO plugin. -->","yoast_head_json":{"title":"Hommage aux morts pour la France pendant la guerre d\u2019Alg\u00e9rie et les combats du Maroc et de la Tunisie - La Plaine des Vosges","robots":{"index":"index","follow":"follow","max-snippet":"max-snippet:-1","max-image-preview":"max-image-preview:large","max-video-preview":"max-video-preview:-1"},"canonical":"https:\/\/vosgesinfo.fr\/laplainedesvosgesinfo\/2016\/12\/hommage-aux-morts-pour-la-france-pendant-la-guerre-dalgerie-et-les-combats-du-maroc-et-de-la-tunisie\/","twitter_card":"summary_large_image","twitter_title":"Hommage aux morts pour la France pendant la guerre d\u2019Alg\u00e9rie et les combats du Maroc et de la Tunisie - La Plaine des Vosges","twitter_description":"Le 5 d\u00e9cembre est, depuis 2003, la Journ\u00e9e nationale d&rsquo;hommage aux morts pour la France, pendant la guerre d&rsquo;Alg\u00e9rie et [&hellip;]","twitter_image":"https:\/\/vosgesinfo.fr\/app\/uploads\/sites\/2\/2024\/06\/201612ceremonie-algerie-contrex-1.jpg","twitter_creator":"@VosgesInfo88","twitter_site":"@VosgesInfo88","twitter_misc":{"\u00c9crit par":"qs_admin","Dur\u00e9e de lecture estim\u00e9e":"1 minute"},"schema":{"@context":"https:\/\/schema.org","@graph":[{"@type":"Article","@id":"https:\/\/vosgesinfo.fr\/laplainedesvosgesinfo\/2016\/12\/hommage-aux-morts-pour-la-france-pendant-la-guerre-dalgerie-et-les-combats-du-maroc-et-de-la-tunisie\/#article","isPartOf":{"@id":"https:\/\/vosgesinfo.fr\/laplainedesvosgesinfo\/2016\/12\/hommage-aux-morts-pour-la-france-pendant-la-guerre-dalgerie-et-les-combats-du-maroc-et-de-la-tunisie\/"},"author":{"name":"qs_admin","@id":"https:\/\/vosgesinfo.fr\/laplainedesvosgesinfo\/#\/schema\/person\/bc5d02d71e6932e81b6dadb7386667b1"},"headline":"Hommage aux morts pour la France pendant la guerre d\u2019Alg\u00e9rie et les combats du Maroc et de la Tunisie","datePublished":"2016-12-05T15:46:05+00:00","dateModified":"2016-12-05T15:46:05+00:00","mainEntityOfPage":{"@id":"https:\/\/vosgesinfo.fr\/laplainedesvosgesinfo\/2016\/12\/hommage-aux-morts-pour-la-france-pendant-la-guerre-dalgerie-et-les-combats-du-maroc-et-de-la-tunisie\/"},"wordCount":282,"commentCount":0,"publisher":{"@id":"https:\/\/vosgesinfo.fr\/laplainedesvosgesinfo\/#organization"},"image":{"@id":"https:\/\/vosgesinfo.fr\/laplainedesvosgesinfo\/2016\/12\/hommage-aux-morts-pour-la-france-pendant-la-guerre-dalgerie-et-les-combats-du-maroc-et-de-la-tunisie\/#primaryimage"},"thumbnailUrl":"https:\/\/vosgesinfo.fr\/app\/uploads\/sites\/2\/2024\/06\/201612ceremonie-algerie-contrex-1.jpg","keywords":["Contrex\u00e9ville","Guerre d'Alg\u00e9rie et combats du Maroc et de la Tunisie","Journ\u00e9e Nationale d'hommage aux morts","Monument aux Morts"],"articleSection":["A la Une","Contrex\u00e9ville","La Plaine","Soci\u00e9t\u00e9"],"inLanguage":"fr-FR","potentialAction":[{"@type":"CommentAction","name":"Comment","target":["https:\/\/vosgesinfo.fr\/laplainedesvosgesinfo\/2016\/12\/hommage-aux-morts-pour-la-france-pendant-la-guerre-dalgerie-et-les-combats-du-maroc-et-de-la-tunisie\/#respond"]}]},{"@type":"WebPage","@id":"https:\/\/vosgesinfo.fr\/laplainedesvosgesinfo\/2016\/12\/hommage-aux-morts-pour-la-france-pendant-la-guerre-dalgerie-et-les-combats-du-maroc-et-de-la-tunisie\/","url":"https:\/\/vosgesinfo.fr\/laplainedesvosgesinfo\/2016\/12\/hommage-aux-morts-pour-la-france-pendant-la-guerre-dalgerie-et-les-combats-du-maroc-et-de-la-tunisie\/","name":"Hommage aux morts pour la France pendant la guerre d\u2019Alg\u00e9rie et les combats du Maroc et de la Tunisie - La Plaine des Vosges","isPartOf":{"@id":"https:\/\/vosgesinfo.fr\/laplainedesvosgesinfo\/#website"},"primaryImageOfPage":{"@id":"https:\/\/vosgesinfo.fr\/laplainedesvosgesinfo\/2016\/12\/hommage-aux-morts-pour-la-france-pendant-la-guerre-dalgerie-et-les-combats-du-maroc-et-de-la-tunisie\/#primaryimage"},"image":{"@id":"https:\/\/vosgesinfo.fr\/laplainedesvosgesinfo\/2016\/12\/hommage-aux-morts-pour-la-france-pendant-la-guerre-dalgerie-et-les-combats-du-maroc-et-de-la-tunisie\/#primaryimage"},"thumbnailUrl":"https:\/\/vosgesinfo.fr\/app\/uploads\/sites\/2\/2024\/06\/201612ceremonie-algerie-contrex-1.jpg","datePublished":"2016-12-05T15:46:05+00:00","dateModified":"2016-12-05T15:46:05+00:00","breadcrumb":{"@id":"https:\/\/vosgesinfo.fr\/laplainedesvosgesinfo\/2016\/12\/hommage-aux-morts-pour-la-france-pendant-la-guerre-dalgerie-et-les-combats-du-maroc-et-de-la-tunisie\/#breadcrumb"},"inLanguage":"fr-FR","potentialAction":[{"@type":"ReadAction","target":["https:\/\/vosgesinfo.fr\/laplainedesvosgesinfo\/2016\/12\/hommage-aux-morts-pour-la-france-pendant-la-guerre-dalgerie-et-les-combats-du-maroc-et-de-la-tunisie\/"]}]},{"@type":"ImageObject","inLanguage":"fr-FR","@id":"https:\/\/vosgesinfo.fr\/laplainedesvosgesinfo\/2016\/12\/hommage-aux-morts-pour-la-france-pendant-la-guerre-dalgerie-et-les-combats-du-maroc-et-de-la-tunisie\/#primaryimage","url":"https:\/\/vosgesinfo.fr\/app\/uploads\/sites\/2\/2024\/06\/201612ceremonie-algerie-contrex-1.jpg","contentUrl":"https:\/\/vosgesinfo.fr\/app\/uploads\/sites\/2\/2024\/06\/201612ceremonie-algerie-contrex-1.jpg","width":800,"height":534},{"@type":"BreadcrumbList","@id":"https:\/\/vosgesinfo.fr\/laplainedesvosgesinfo\/2016\/12\/hommage-aux-morts-pour-la-france-pendant-la-guerre-dalgerie-et-les-combats-du-maroc-et-de-la-tunisie\/#breadcrumb","itemListElement":[{"@type":"ListItem","position":1,"name":"Home","item":"https:\/\/vosgesinfo.fr\/laplainedesvosgesinfo\/"},{"@type":"ListItem","position":2,"name":"Hommage aux morts pour la France pendant la guerre d\u2019Alg\u00e9rie et les combats du Maroc et de la Tunisie"}]},{"@type":"WebSite","@id":"https:\/\/vosgesinfo.fr\/laplainedesvosgesinfo\/#website","url":"https:\/\/vosgesinfo.fr\/laplainedesvosgesinfo\/","name":"La Plaine des Vosges","description":"Toute l&#039;actualit\u00e9 de la plaine de Vosges","publisher":{"@id":"https:\/\/vosgesinfo.fr\/laplainedesvosgesinfo\/#organization"},"alternateName":"Toute l'actualit\u00e9 de la plaine des Vosges","potentialAction":[{"@type":"SearchAction","target":{"@type":"EntryPoint","urlTemplate":"https:\/\/vosgesinfo.fr\/laplainedesvosgesinfo\/?s={search_term_string}"},"query-input":"required name=search_term_string"}],"inLanguage":"fr-FR"},{"@type":"Organization","@id":"https:\/\/vosgesinfo.fr\/laplainedesvosgesinfo\/#organization","name":"La Plaine des Vosges","url":"https:\/\/vosgesinfo.fr\/laplainedesvosgesinfo\/","logo":{"@type":"ImageObject","inLanguage":"fr-FR","@id":"https:\/\/vosgesinfo.fr\/laplainedesvosgesinfo\/#\/schema\/logo\/image\/","url":"https:\/\/vosgesinfo.fr\/app\/uploads\/sites\/2\/2023\/08\/logo-laplaineinfo.svg","contentUrl":"https:\/\/vosgesinfo.fr\/app\/uploads\/sites\/2\/2023\/08\/logo-laplaineinfo.svg","width":1,"height":1,"caption":"La Plaine des Vosges"},"image":{"@id":"https:\/\/vosgesinfo.fr\/laplainedesvosgesinfo\/#\/schema\/logo\/image\/"},"sameAs":["https:\/\/www.facebook.com\/laplainedesvosges","https:\/\/x.com\/VosgesInfo88","https:\/\/www.youtube.com\/@vosgesinfo"]},{"@type":"Person","@id":"https:\/\/vosgesinfo.fr\/laplainedesvosgesinfo\/#\/schema\/person\/bc5d02d71e6932e81b6dadb7386667b1","name":"qs_admin","image":{"@type":"ImageObject","inLanguage":"fr-FR","@id":"https:\/\/vosgesinfo.fr\/laplainedesvosgesinfo\/#\/schema\/person\/image\/","url":"https:\/\/secure.gravatar.com\/avatar\/94b18ee0ed79e4a42ea2f2931277b6841a8999fc6fde214600c78057cf1fe1de?s=96&d=mm&r=g","contentUrl":"https:\/\/secure.gravatar.com\/avatar\/94b18ee0ed79e4a42ea2f2931277b6841a8999fc6fde214600c78057cf1fe1de?s=96&d=mm&r=g","caption":"qs_admin"},"sameAs":["https:\/\/vosgesinfo.fr\/wp"],"url":"https:\/\/vosgesinfo.fr\/laplainedesvosgesinfo\/author\/qs_admin\/"}]}},"_links":{"self":[{"href":"https:\/\/vosgesinfo.fr\/laplainedesvosgesinfo\/wp-json\/wp\/v2\/posts\/8419","targetHints":{"allow":["GET"]}}],"collection":[{"href":"https:\/\/vosgesinfo.fr\/laplainedesvosgesinfo\/wp-json\/wp\/v2\/posts"}],"about":[{"href":"https:\/\/vosgesinfo.fr\/laplainedesvosgesinfo\/wp-json\/wp\/v2\/types\/post"}],"author":[{"embeddable":true,"href":"https:\/\/vosgesinfo.fr\/laplainedesvosgesinfo\/wp-json\/wp\/v2\/users\/1"}],"replies":[{"embeddable":true,"href":"https:\/\/vosgesinfo.fr\/laplainedesvosgesinfo\/wp-json\/wp\/v2\/comments?post=8419"}],"version-history":[{"count":0,"href":"https:\/\/vosgesinfo.fr\/laplainedesvosgesinfo\/wp-json\/wp\/v2\/posts\/8419\/revisions"}],"wp:featuredmedia":[{"embeddable":true,"href":"https:\/\/vosgesinfo.fr\/laplainedesvosgesinfo\/wp-json\/wp\/v2\/media\/8420"}],"wp:attachment":[{"href":"https:\/\/vosgesinfo.fr\/laplainedesvosgesinfo\/wp-json\/wp\/v2\/media?parent=8419"}],"wp:term":[{"taxonomy":"category","embeddable":true,"href":"https:\/\/vosgesinfo.fr\/laplainedesvosgesinfo\/wp-json\/wp\/v2\/categories?post=8419"},{"taxonomy":"post_tag","embeddable":true,"href":"https:\/\/vosgesinfo.fr\/laplainedesvosgesinfo\/wp-json\/wp\/v2\/tags?post=8419"}],"curies":[{"name":"wp","href":"https:\/\/api.w.org\/{rel}","templated":true}]}}