{"id":8740,"date":"2016-12-20T06:30:22","date_gmt":"2016-12-20T05:30:22","guid":{"rendered":"https:\/\/vosgesinfo.fr\/laplainedesvosgesinfo\/2016\/12\/vosges-le-conducteur-est-positif-aux-stups-son-passager-kosovar-a-obligation-de-quitter-la-france\/"},"modified":"2016-12-20T06:30:22","modified_gmt":"2016-12-20T05:30:22","slug":"vosges-le-conducteur-est-positif-aux-stups-son-passager-kosovar-a-obligation-de-quitter-la-france","status":"publish","type":"post","link":"https:\/\/vosgesinfo.fr\/laplainedesvosgesinfo\/2016\/12\/vosges-le-conducteur-est-positif-aux-stups-son-passager-kosovar-a-obligation-de-quitter-la-france\/","title":{"rendered":"Vosges \u2013 Le conducteur est positif aux stups, son passager kosovar a obligation de quitter la France"},"content":{"rendered":"<p style=\"text-align: justify;\"><strong>Dans la nuit de dimanche 18 \u00e0 lundi 19 d\u00e9cembre 2016, suite \u00e0 un contr\u00f4le routier op\u00e9r\u00e9 par le commissariat de police dans le faubourg d\u2019Alsace \u00e0 Remiremont, un automobiliste est positif aux stup\u00e9fiants.<\/strong><\/p>\n<p style=\"text-align: justify;\"><img decoding=\"async\" class=\"alignright wp-image-80094 \" src=\"http:\/\/saintdieinfo.fr\/wp-content\/uploads\/2016\/04\/Police_Nationale_01-400x225.jpg\" alt=\"Police_Nationale_01\" width=\"395\" height=\"222\" \/>Il r\u00e8gne une forte odeur de cannabis dans la voiture et le passager remet un sachet de 5 grammes d\u2019herbe de cannabis aux policiers. De plus, ce dernier, d\u2019origine kosovare, faisait l\u2019objet d\u2019une fiche d\u2019obligation de quitter le territoire fran\u00e7ais.<\/p>\n<p style=\"text-align: justify;\">Tous les deux \u00e2g\u00e9s de 20 ans et domicili\u00e9s \u00e0 Besan\u00e7on, ils ont \u00e9t\u00e9 plac\u00e9s en garde \u00e0 vue. Entendus, ils ont reconnu les faits.<\/p>\n<p style=\"text-align: justify;\">D\u2019origine syrienne, le conducteur a \u00e9t\u00e9 naturalis\u00e9 fran\u00e7ais depuis peu. En attendant les r\u00e9sultats de l\u2019analyse de sang, le passager s\u2019est vu notifier une nouvelle obligation de quitter le territoire. Il a pris un billet d\u2019avion pour repartir au Kosovo en fin d\u2019ann\u00e9e.<\/p>\n<p style=\"text-align: justify;\"><strong>D.J.<\/strong><\/p>\n","protected":false},"excerpt":{"rendered":"<p>Dans la nuit de dimanche 18 \u00e0 lundi 19 d\u00e9cembre 2016, suite \u00e0 un contr\u00f4le routier op\u00e9r\u00e9 par le commissariat [&hellip;]<\/p>\n","protected":false},"author":1,"featured_media":8741,"comment_status":"open","ping_status":"open","sticky":false,"template":"","format":"standard","meta":{"footnotes":""},"categories":[29,8,18],"tags":[2190,484],"class_list":["post-8740","post","type-post","status-publish","format-standard","has-post-thumbnail","hentry","category-a-la-une","category-faits-divers","category-vosges","tag-police-nationale","tag-remiremont"],"acf":[],"yoast_head":"<!-- This site is optimized with the Yoast SEO plugin v22.5 - https:\/\/yoast.com\/wordpress\/plugins\/seo\/ -->\n<title>Vosges \u2013 Le conducteur est positif aux stups, son passager kosovar a obligation de quitter la France - La Plaine des Vosges<\/title>\n<meta name=\"robots\" content=\"index, follow, max-snippet:-1, max-image-preview:large, max-video-preview:-1\" \/>\n<link rel=\"canonical\" href=\"https:\/\/vosgesinfo.fr\/laplainedesvosgesinfo\/2016\/12\/vosges-le-conducteur-est-positif-aux-stups-son-passager-kosovar-a-obligation-de-quitter-la-france\/\" \/>\n<meta name=\"twitter:card\" content=\"summary_large_image\" \/>\n<meta name=\"twitter:title\" content=\"Vosges \u2013 Le conducteur est positif aux stups, son passager kosovar a obligation de quitter la France - La Plaine des Vosges\" \/>\n<meta name=\"twitter:description\" content=\"Dans la nuit de dimanche 18 \u00e0 lundi 19 d\u00e9cembre 2016, suite \u00e0 un contr\u00f4le routier op\u00e9r\u00e9 par le commissariat [&hellip;]\" \/>\n<meta name=\"twitter:image\" content=\"https:\/\/vosgesinfo.fr\/app\/uploads\/sites\/2\/2024\/06\/201612gendarmerie-controles-1.jpg\" \/>\n<meta name=\"twitter:creator\" content=\"@VosgesInfo88\" \/>\n<meta name=\"twitter:site\" content=\"@VosgesInfo88\" \/>\n<meta name=\"twitter:label1\" content=\"\u00c9crit par\" \/>\n\t<meta name=\"twitter:data1\" content=\"qs_admin\" \/>\n\t<meta name=\"twitter:label2\" content=\"Dur\u00e9e de lecture estim\u00e9e\" \/>\n\t<meta name=\"twitter:data2\" content=\"1 minute\" \/>\n<script type=\"application\/ld+json\" class=\"yoast-schema-graph\">{\"@context\":\"https:\/\/schema.org\",\"@graph\":[{\"@type\":\"Article\",\"@id\":\"https:\/\/vosgesinfo.fr\/laplainedesvosgesinfo\/2016\/12\/vosges-le-conducteur-est-positif-aux-stups-son-passager-kosovar-a-obligation-de-quitter-la-france\/#article\",\"isPartOf\":{\"@id\":\"https:\/\/vosgesinfo.fr\/laplainedesvosgesinfo\/2016\/12\/vosges-le-conducteur-est-positif-aux-stups-son-passager-kosovar-a-obligation-de-quitter-la-france\/\"},\"author\":{\"name\":\"qs_admin\",\"@id\":\"https:\/\/vosgesinfo.fr\/laplainedesvosgesinfo\/#\/schema\/person\/bc5d02d71e6932e81b6dadb7386667b1\"},\"headline\":\"Vosges \u2013 Le conducteur est positif aux stups, son passager kosovar a obligation de quitter la France\",\"datePublished\":\"2016-12-20T05:30:22+00:00\",\"dateModified\":\"2016-12-20T05:30:22+00:00\",\"mainEntityOfPage\":{\"@id\":\"https:\/\/vosgesinfo.fr\/laplainedesvosgesinfo\/2016\/12\/vosges-le-conducteur-est-positif-aux-stups-son-passager-kosovar-a-obligation-de-quitter-la-france\/\"},\"wordCount\":174,\"commentCount\":0,\"publisher\":{\"@id\":\"https:\/\/vosgesinfo.fr\/laplainedesvosgesinfo\/#organization\"},\"image\":{\"@id\":\"https:\/\/vosgesinfo.fr\/laplainedesvosgesinfo\/2016\/12\/vosges-le-conducteur-est-positif-aux-stups-son-passager-kosovar-a-obligation-de-quitter-la-france\/#primaryimage\"},\"thumbnailUrl\":\"https:\/\/vosgesinfo.fr\/app\/uploads\/sites\/2\/2024\/06\/201612gendarmerie-controles-1.jpg\",\"keywords\":[\"Police nationale\",\"remiremont\"],\"articleSection\":[\"A la Une\",\"Faits-divers\",\"Vosges\"],\"inLanguage\":\"fr-FR\",\"potentialAction\":[{\"@type\":\"CommentAction\",\"name\":\"Comment\",\"target\":[\"https:\/\/vosgesinfo.fr\/laplainedesvosgesinfo\/2016\/12\/vosges-le-conducteur-est-positif-aux-stups-son-passager-kosovar-a-obligation-de-quitter-la-france\/#respond\"]}]},{\"@type\":\"WebPage\",\"@id\":\"https:\/\/vosgesinfo.fr\/laplainedesvosgesinfo\/2016\/12\/vosges-le-conducteur-est-positif-aux-stups-son-passager-kosovar-a-obligation-de-quitter-la-france\/\",\"url\":\"https:\/\/vosgesinfo.fr\/laplainedesvosgesinfo\/2016\/12\/vosges-le-conducteur-est-positif-aux-stups-son-passager-kosovar-a-obligation-de-quitter-la-france\/\",\"name\":\"Vosges \u2013 Le conducteur est positif aux stups, son passager kosovar a obligation de quitter la France - La Plaine des Vosges\",\"isPartOf\":{\"@id\":\"https:\/\/vosgesinfo.fr\/laplainedesvosgesinfo\/#website\"},\"primaryImageOfPage\":{\"@id\":\"https:\/\/vosgesinfo.fr\/laplainedesvosgesinfo\/2016\/12\/vosges-le-conducteur-est-positif-aux-stups-son-passager-kosovar-a-obligation-de-quitter-la-france\/#primaryimage\"},\"image\":{\"@id\":\"https:\/\/vosgesinfo.fr\/laplainedesvosgesinfo\/2016\/12\/vosges-le-conducteur-est-positif-aux-stups-son-passager-kosovar-a-obligation-de-quitter-la-france\/#primaryimage\"},\"thumbnailUrl\":\"https:\/\/vosgesinfo.fr\/app\/uploads\/sites\/2\/2024\/06\/201612gendarmerie-controles-1.jpg\",\"datePublished\":\"2016-12-20T05:30:22+00:00\",\"dateModified\":\"2016-12-20T05:30:22+00:00\",\"breadcrumb\":{\"@id\":\"https:\/\/vosgesinfo.fr\/laplainedesvosgesinfo\/2016\/12\/vosges-le-conducteur-est-positif-aux-stups-son-passager-kosovar-a-obligation-de-quitter-la-france\/#breadcrumb\"},\"inLanguage\":\"fr-FR\",\"potentialAction\":[{\"@type\":\"ReadAction\",\"target\":[\"https:\/\/vosgesinfo.fr\/laplainedesvosgesinfo\/2016\/12\/vosges-le-conducteur-est-positif-aux-stups-son-passager-kosovar-a-obligation-de-quitter-la-france\/\"]}]},{\"@type\":\"ImageObject\",\"inLanguage\":\"fr-FR\",\"@id\":\"https:\/\/vosgesinfo.fr\/laplainedesvosgesinfo\/2016\/12\/vosges-le-conducteur-est-positif-aux-stups-son-passager-kosovar-a-obligation-de-quitter-la-france\/#primaryimage\",\"url\":\"https:\/\/vosgesinfo.fr\/app\/uploads\/sites\/2\/2024\/06\/201612gendarmerie-controles-1.jpg\",\"contentUrl\":\"https:\/\/vosgesinfo.fr\/app\/uploads\/sites\/2\/2024\/06\/201612gendarmerie-controles-1.jpg\",\"width\":768,\"height\":432},{\"@type\":\"BreadcrumbList\",\"@id\":\"https:\/\/vosgesinfo.fr\/laplainedesvosgesinfo\/2016\/12\/vosges-le-conducteur-est-positif-aux-stups-son-passager-kosovar-a-obligation-de-quitter-la-france\/#breadcrumb\",\"itemListElement\":[{\"@type\":\"ListItem\",\"position\":1,\"name\":\"Home\",\"item\":\"https:\/\/vosgesinfo.fr\/laplainedesvosgesinfo\/\"},{\"@type\":\"ListItem\",\"position\":2,\"name\":\"Vosges \u2013 Le conducteur est positif aux stups, son passager kosovar a obligation de quitter la France\"}]},{\"@type\":\"WebSite\",\"@id\":\"https:\/\/vosgesinfo.fr\/laplainedesvosgesinfo\/#website\",\"url\":\"https:\/\/vosgesinfo.fr\/laplainedesvosgesinfo\/\",\"name\":\"La Plaine des Vosges\",\"description\":\"Toute l&#039;actualit\u00e9 de la plaine de Vosges\",\"publisher\":{\"@id\":\"https:\/\/vosgesinfo.fr\/laplainedesvosgesinfo\/#organization\"},\"alternateName\":\"Toute l'actualit\u00e9 de la plaine des Vosges\",\"potentialAction\":[{\"@type\":\"SearchAction\",\"target\":{\"@type\":\"EntryPoint\",\"urlTemplate\":\"https:\/\/vosgesinfo.fr\/laplainedesvosgesinfo\/?s={search_term_string}\"},\"query-input\":\"required name=search_term_string\"}],\"inLanguage\":\"fr-FR\"},{\"@type\":\"Organization\",\"@id\":\"https:\/\/vosgesinfo.fr\/laplainedesvosgesinfo\/#organization\",\"name\":\"La Plaine des Vosges\",\"url\":\"https:\/\/vosgesinfo.fr\/laplainedesvosgesinfo\/\",\"logo\":{\"@type\":\"ImageObject\",\"inLanguage\":\"fr-FR\",\"@id\":\"https:\/\/vosgesinfo.fr\/laplainedesvosgesinfo\/#\/schema\/logo\/image\/\",\"url\":\"https:\/\/vosgesinfo.fr\/app\/uploads\/sites\/2\/2023\/08\/logo-laplaineinfo.svg\",\"contentUrl\":\"https:\/\/vosgesinfo.fr\/app\/uploads\/sites\/2\/2023\/08\/logo-laplaineinfo.svg\",\"width\":1,\"height\":1,\"caption\":\"La Plaine des Vosges\"},\"image\":{\"@id\":\"https:\/\/vosgesinfo.fr\/laplainedesvosgesinfo\/#\/schema\/logo\/image\/\"},\"sameAs\":[\"https:\/\/www.facebook.com\/laplainedesvosges\",\"https:\/\/x.com\/VosgesInfo88\",\"https:\/\/www.youtube.com\/@vosgesinfo\"]},{\"@type\":\"Person\",\"@id\":\"https:\/\/vosgesinfo.fr\/laplainedesvosgesinfo\/#\/schema\/person\/bc5d02d71e6932e81b6dadb7386667b1\",\"name\":\"qs_admin\",\"image\":{\"@type\":\"ImageObject\",\"inLanguage\":\"fr-FR\",\"@id\":\"https:\/\/vosgesinfo.fr\/laplainedesvosgesinfo\/#\/schema\/person\/image\/\",\"url\":\"https:\/\/secure.gravatar.com\/avatar\/94b18ee0ed79e4a42ea2f2931277b6841a8999fc6fde214600c78057cf1fe1de?s=96&d=mm&r=g\",\"contentUrl\":\"https:\/\/secure.gravatar.com\/avatar\/94b18ee0ed79e4a42ea2f2931277b6841a8999fc6fde214600c78057cf1fe1de?s=96&d=mm&r=g\",\"caption\":\"qs_admin\"},\"sameAs\":[\"https:\/\/vosgesinfo.fr\/wp\"],\"url\":\"https:\/\/vosgesinfo.fr\/laplainedesvosgesinfo\/author\/qs_admin\/\"}]}<\/script>\n<!-- \/ Yoast SEO plugin. -->","yoast_head_json":{"title":"Vosges \u2013 Le conducteur est positif aux stups, son passager kosovar a obligation de quitter la France - La Plaine des Vosges","robots":{"index":"index","follow":"follow","max-snippet":"max-snippet:-1","max-image-preview":"max-image-preview:large","max-video-preview":"max-video-preview:-1"},"canonical":"https:\/\/vosgesinfo.fr\/laplainedesvosgesinfo\/2016\/12\/vosges-le-conducteur-est-positif-aux-stups-son-passager-kosovar-a-obligation-de-quitter-la-france\/","twitter_card":"summary_large_image","twitter_title":"Vosges \u2013 Le conducteur est positif aux stups, son passager kosovar a obligation de quitter la France - La Plaine des Vosges","twitter_description":"Dans la nuit de dimanche 18 \u00e0 lundi 19 d\u00e9cembre 2016, suite \u00e0 un contr\u00f4le routier op\u00e9r\u00e9 par le commissariat [&hellip;]","twitter_image":"https:\/\/vosgesinfo.fr\/app\/uploads\/sites\/2\/2024\/06\/201612gendarmerie-controles-1.jpg","twitter_creator":"@VosgesInfo88","twitter_site":"@VosgesInfo88","twitter_misc":{"\u00c9crit par":"qs_admin","Dur\u00e9e de lecture estim\u00e9e":"1 minute"},"schema":{"@context":"https:\/\/schema.org","@graph":[{"@type":"Article","@id":"https:\/\/vosgesinfo.fr\/laplainedesvosgesinfo\/2016\/12\/vosges-le-conducteur-est-positif-aux-stups-son-passager-kosovar-a-obligation-de-quitter-la-france\/#article","isPartOf":{"@id":"https:\/\/vosgesinfo.fr\/laplainedesvosgesinfo\/2016\/12\/vosges-le-conducteur-est-positif-aux-stups-son-passager-kosovar-a-obligation-de-quitter-la-france\/"},"author":{"name":"qs_admin","@id":"https:\/\/vosgesinfo.fr\/laplainedesvosgesinfo\/#\/schema\/person\/bc5d02d71e6932e81b6dadb7386667b1"},"headline":"Vosges \u2013 Le conducteur est positif aux stups, son passager kosovar a obligation de quitter la France","datePublished":"2016-12-20T05:30:22+00:00","dateModified":"2016-12-20T05:30:22+00:00","mainEntityOfPage":{"@id":"https:\/\/vosgesinfo.fr\/laplainedesvosgesinfo\/2016\/12\/vosges-le-conducteur-est-positif-aux-stups-son-passager-kosovar-a-obligation-de-quitter-la-france\/"},"wordCount":174,"commentCount":0,"publisher":{"@id":"https:\/\/vosgesinfo.fr\/laplainedesvosgesinfo\/#organization"},"image":{"@id":"https:\/\/vosgesinfo.fr\/laplainedesvosgesinfo\/2016\/12\/vosges-le-conducteur-est-positif-aux-stups-son-passager-kosovar-a-obligation-de-quitter-la-france\/#primaryimage"},"thumbnailUrl":"https:\/\/vosgesinfo.fr\/app\/uploads\/sites\/2\/2024\/06\/201612gendarmerie-controles-1.jpg","keywords":["Police nationale","remiremont"],"articleSection":["A la Une","Faits-divers","Vosges"],"inLanguage":"fr-FR","potentialAction":[{"@type":"CommentAction","name":"Comment","target":["https:\/\/vosgesinfo.fr\/laplainedesvosgesinfo\/2016\/12\/vosges-le-conducteur-est-positif-aux-stups-son-passager-kosovar-a-obligation-de-quitter-la-france\/#respond"]}]},{"@type":"WebPage","@id":"https:\/\/vosgesinfo.fr\/laplainedesvosgesinfo\/2016\/12\/vosges-le-conducteur-est-positif-aux-stups-son-passager-kosovar-a-obligation-de-quitter-la-france\/","url":"https:\/\/vosgesinfo.fr\/laplainedesvosgesinfo\/2016\/12\/vosges-le-conducteur-est-positif-aux-stups-son-passager-kosovar-a-obligation-de-quitter-la-france\/","name":"Vosges \u2013 Le conducteur est positif aux stups, son passager kosovar a obligation de quitter la France - La Plaine des Vosges","isPartOf":{"@id":"https:\/\/vosgesinfo.fr\/laplainedesvosgesinfo\/#website"},"primaryImageOfPage":{"@id":"https:\/\/vosgesinfo.fr\/laplainedesvosgesinfo\/2016\/12\/vosges-le-conducteur-est-positif-aux-stups-son-passager-kosovar-a-obligation-de-quitter-la-france\/#primaryimage"},"image":{"@id":"https:\/\/vosgesinfo.fr\/laplainedesvosgesinfo\/2016\/12\/vosges-le-conducteur-est-positif-aux-stups-son-passager-kosovar-a-obligation-de-quitter-la-france\/#primaryimage"},"thumbnailUrl":"https:\/\/vosgesinfo.fr\/app\/uploads\/sites\/2\/2024\/06\/201612gendarmerie-controles-1.jpg","datePublished":"2016-12-20T05:30:22+00:00","dateModified":"2016-12-20T05:30:22+00:00","breadcrumb":{"@id":"https:\/\/vosgesinfo.fr\/laplainedesvosgesinfo\/2016\/12\/vosges-le-conducteur-est-positif-aux-stups-son-passager-kosovar-a-obligation-de-quitter-la-france\/#breadcrumb"},"inLanguage":"fr-FR","potentialAction":[{"@type":"ReadAction","target":["https:\/\/vosgesinfo.fr\/laplainedesvosgesinfo\/2016\/12\/vosges-le-conducteur-est-positif-aux-stups-son-passager-kosovar-a-obligation-de-quitter-la-france\/"]}]},{"@type":"ImageObject","inLanguage":"fr-FR","@id":"https:\/\/vosgesinfo.fr\/laplainedesvosgesinfo\/2016\/12\/vosges-le-conducteur-est-positif-aux-stups-son-passager-kosovar-a-obligation-de-quitter-la-france\/#primaryimage","url":"https:\/\/vosgesinfo.fr\/app\/uploads\/sites\/2\/2024\/06\/201612gendarmerie-controles-1.jpg","contentUrl":"https:\/\/vosgesinfo.fr\/app\/uploads\/sites\/2\/2024\/06\/201612gendarmerie-controles-1.jpg","width":768,"height":432},{"@type":"BreadcrumbList","@id":"https:\/\/vosgesinfo.fr\/laplainedesvosgesinfo\/2016\/12\/vosges-le-conducteur-est-positif-aux-stups-son-passager-kosovar-a-obligation-de-quitter-la-france\/#breadcrumb","itemListElement":[{"@type":"ListItem","position":1,"name":"Home","item":"https:\/\/vosgesinfo.fr\/laplainedesvosgesinfo\/"},{"@type":"ListItem","position":2,"name":"Vosges \u2013 Le conducteur est positif aux stups, son passager kosovar a obligation de quitter la France"}]},{"@type":"WebSite","@id":"https:\/\/vosgesinfo.fr\/laplainedesvosgesinfo\/#website","url":"https:\/\/vosgesinfo.fr\/laplainedesvosgesinfo\/","name":"La Plaine des Vosges","description":"Toute l&#039;actualit\u00e9 de la plaine de Vosges","publisher":{"@id":"https:\/\/vosgesinfo.fr\/laplainedesvosgesinfo\/#organization"},"alternateName":"Toute l'actualit\u00e9 de la plaine des Vosges","potentialAction":[{"@type":"SearchAction","target":{"@type":"EntryPoint","urlTemplate":"https:\/\/vosgesinfo.fr\/laplainedesvosgesinfo\/?s={search_term_string}"},"query-input":"required name=search_term_string"}],"inLanguage":"fr-FR"},{"@type":"Organization","@id":"https:\/\/vosgesinfo.fr\/laplainedesvosgesinfo\/#organization","name":"La Plaine des Vosges","url":"https:\/\/vosgesinfo.fr\/laplainedesvosgesinfo\/","logo":{"@type":"ImageObject","inLanguage":"fr-FR","@id":"https:\/\/vosgesinfo.fr\/laplainedesvosgesinfo\/#\/schema\/logo\/image\/","url":"https:\/\/vosgesinfo.fr\/app\/uploads\/sites\/2\/2023\/08\/logo-laplaineinfo.svg","contentUrl":"https:\/\/vosgesinfo.fr\/app\/uploads\/sites\/2\/2023\/08\/logo-laplaineinfo.svg","width":1,"height":1,"caption":"La Plaine des Vosges"},"image":{"@id":"https:\/\/vosgesinfo.fr\/laplainedesvosgesinfo\/#\/schema\/logo\/image\/"},"sameAs":["https:\/\/www.facebook.com\/laplainedesvosges","https:\/\/x.com\/VosgesInfo88","https:\/\/www.youtube.com\/@vosgesinfo"]},{"@type":"Person","@id":"https:\/\/vosgesinfo.fr\/laplainedesvosgesinfo\/#\/schema\/person\/bc5d02d71e6932e81b6dadb7386667b1","name":"qs_admin","image":{"@type":"ImageObject","inLanguage":"fr-FR","@id":"https:\/\/vosgesinfo.fr\/laplainedesvosgesinfo\/#\/schema\/person\/image\/","url":"https:\/\/secure.gravatar.com\/avatar\/94b18ee0ed79e4a42ea2f2931277b6841a8999fc6fde214600c78057cf1fe1de?s=96&d=mm&r=g","contentUrl":"https:\/\/secure.gravatar.com\/avatar\/94b18ee0ed79e4a42ea2f2931277b6841a8999fc6fde214600c78057cf1fe1de?s=96&d=mm&r=g","caption":"qs_admin"},"sameAs":["https:\/\/vosgesinfo.fr\/wp"],"url":"https:\/\/vosgesinfo.fr\/laplainedesvosgesinfo\/author\/qs_admin\/"}]}},"_links":{"self":[{"href":"https:\/\/vosgesinfo.fr\/laplainedesvosgesinfo\/wp-json\/wp\/v2\/posts\/8740","targetHints":{"allow":["GET"]}}],"collection":[{"href":"https:\/\/vosgesinfo.fr\/laplainedesvosgesinfo\/wp-json\/wp\/v2\/posts"}],"about":[{"href":"https:\/\/vosgesinfo.fr\/laplainedesvosgesinfo\/wp-json\/wp\/v2\/types\/post"}],"author":[{"embeddable":true,"href":"https:\/\/vosgesinfo.fr\/laplainedesvosgesinfo\/wp-json\/wp\/v2\/users\/1"}],"replies":[{"embeddable":true,"href":"https:\/\/vosgesinfo.fr\/laplainedesvosgesinfo\/wp-json\/wp\/v2\/comments?post=8740"}],"version-history":[{"count":0,"href":"https:\/\/vosgesinfo.fr\/laplainedesvosgesinfo\/wp-json\/wp\/v2\/posts\/8740\/revisions"}],"wp:featuredmedia":[{"embeddable":true,"href":"https:\/\/vosgesinfo.fr\/laplainedesvosgesinfo\/wp-json\/wp\/v2\/media\/8741"}],"wp:attachment":[{"href":"https:\/\/vosgesinfo.fr\/laplainedesvosgesinfo\/wp-json\/wp\/v2\/media?parent=8740"}],"wp:term":[{"taxonomy":"category","embeddable":true,"href":"https:\/\/vosgesinfo.fr\/laplainedesvosgesinfo\/wp-json\/wp\/v2\/categories?post=8740"},{"taxonomy":"post_tag","embeddable":true,"href":"https:\/\/vosgesinfo.fr\/laplainedesvosgesinfo\/wp-json\/wp\/v2\/tags?post=8740"}],"curies":[{"name":"wp","href":"https:\/\/api.w.org\/{rel}","templated":true}]}}