{"id":8759,"date":"2016-12-21T05:20:41","date_gmt":"2016-12-21T04:20:41","guid":{"rendered":"https:\/\/vosgesinfo.fr\/laplainedesvosgesinfo\/2016\/12\/vosges-francois-vannson-reaffirme-le-soutien-du-departement-aux-eleveurs-de-vaches-vosgiennes\/"},"modified":"2016-12-21T05:20:41","modified_gmt":"2016-12-21T04:20:41","slug":"vosges-francois-vannson-reaffirme-le-soutien-du-departement-aux-eleveurs-de-vaches-vosgiennes","status":"publish","type":"post","link":"https:\/\/vosgesinfo.fr\/laplainedesvosgesinfo\/2016\/12\/vosges-francois-vannson-reaffirme-le-soutien-du-departement-aux-eleveurs-de-vaches-vosgiennes\/","title":{"rendered":"Vosges \u2013 Fran\u00e7ois Vannson r\u00e9affirme le soutien du D\u00e9partement aux \u00e9leveurs de vaches vosgiennes"},"content":{"rendered":"<p style=\"text-align: justify;\" align=\"JUSTIFY\"><a href=\"\/2016\/12\/199.jpg\"><img decoding=\"async\" class=\"aligncenter size-full wp-image-83280\" src=\"\/2016\/12\/199.jpg\" alt=\"199\" width=\"800\" height=\"600\" \/><\/a><\/p>\n<p style=\"text-align: justify;\" align=\"JUSTIFY\"><b>Fran\u00e7ois Vannson, pr\u00e9sident du conseil d\u00e9partemental des Vosges, s\u2019est rendu dans l\u2019exploitation de <\/b><b>Dominique Valdenaire au Thillot <\/b><b>le lundi 19 d\u00e9cembre 2016 <\/b><b>dans le cadre du dispositif de soutien du D\u00e9partement en faveur des \u00e9leveurs de race bovine vosgienne. Une visite qu\u2019il a men\u00e9e en compagnie de Louis, conseill\u00e8re d\u00e9partementale du canton du Thillot.<\/b><\/p>\n<p style=\"text-align: justify;\" align=\"JUSTIFY\">Conscient des enjeux \u00e9conomiques et patrimoniaux, le D\u00e9partement a souhait\u00e9 poursuivre l\u2019aide aux \u00e9leveurs d\u00e9but\u00e9e en 2014 afin de concourir \u00e0 la sauvegarde de cette race menac\u00e9e.<\/p>\n<p style=\"text-align: justify;\"><em>\u00ab\u00a0Une tr\u00e8s belle exploitation compos\u00e9e uniquement de vaches vosgiennes. Avec un peu d\u2019humour, on peut m\u00eame dire qu\u2019il s\u2019agit de la plus importante exploitation laiti\u00e8re de vaches vosgiennes au monde\u00a0\u00bb<\/em> a confi\u00e9 Fran\u00e7ois Vannson. Il tenait \u00e0 faire cette visite pour <em>\u00ab\u00a0r\u00e9affirmer le soutien du D\u00e9partement aux \u00e9leveurs de vaches vosgiennes dont le nombre de t\u00eates commence \u00e0 remonter. 3.000 t\u00eates en 1970 contre 8.616 aujourd\u2019hui. 32 % du cheptel national se situe dans le D\u00e9partement des Vosges. Pour que ce chiffre continue de cro\u00eetre, le Conseil D\u00e9partemental attribue une aide aux \u00e9leveurs qui renouvellent leur troupeau et prend ainsi en charge une partie des frais d\u2019ins\u00e9mination. Il faut bien l\u2019avouer : elle est splendide cette vosgienne !\u00a0\u00bb.<\/em><\/p>\n<p style=\"text-align: justify;\"><u><b>Quelques chiffres\u00a0:<\/b><\/u><\/p>\n<ul>\n<li style=\"text-align: justify;\">\n<p align=\"JUSTIFY\">Rep\u00e8res historiques\u00a0: en 1902 = 125.000 t\u00eates \/ 1970 = 3.000 t\u00eates.<\/p>\n<\/li>\n<li style=\"text-align: justify;\">\n<p align=\"JUSTIFY\">En 2015, la vache vosgienne en France\u00a0c\u2019est 8.616 femelles contre 660.000 femelles montb\u00e9liardes<\/p>\n<\/li>\n<li style=\"text-align: justify;\">\n<p style=\"text-align: justify;\" align=\"JUSTIFY\">Au 1<sup>er<\/sup> janvier 2016, la vache vosgienne (vaches et g\u00e9nisses) dans les Vosges\u00a0c\u2019est 2.761 t\u00eates contre 189.688 t\u00eates toutes races confondues soit 1,5 %.<\/p>\n<\/li>\n<li style=\"text-align: justify;\">\n<p style=\"text-align: justify;\" align=\"JUSTIFY\">32 % du cheptel national est dans le d\u00e9partement des Vosges.<\/p>\n<\/li>\n<\/ul>\n","protected":false},"excerpt":{"rendered":"<p>Fran\u00e7ois Vannson, pr\u00e9sident du conseil d\u00e9partemental des Vosges, s\u2019est rendu dans l\u2019exploitation de Dominique Valdenaire au Thillot le lundi 19 [&hellip;]<\/p>\n","protected":false},"author":1,"featured_media":8760,"comment_status":"open","ping_status":"open","sticky":false,"template":"","format":"standard","meta":{"footnotes":""},"categories":[13,18],"tags":[3095,127,233],"class_list":["post-8759","post","type-post","status-publish","format-standard","has-post-thumbnail","hentry","category-societe","category-vosges","tag-agriculteur","tag-francois-vannson","tag-vosges"],"acf":[],"yoast_head":"<!-- This site is optimized with the Yoast SEO plugin v22.5 - https:\/\/yoast.com\/wordpress\/plugins\/seo\/ -->\n<title>Vosges \u2013 Fran\u00e7ois Vannson r\u00e9affirme le soutien du D\u00e9partement aux \u00e9leveurs de vaches vosgiennes - La Plaine des Vosges<\/title>\n<meta name=\"robots\" content=\"index, follow, max-snippet:-1, max-image-preview:large, max-video-preview:-1\" \/>\n<link rel=\"canonical\" href=\"https:\/\/vosgesinfo.fr\/laplainedesvosgesinfo\/2016\/12\/vosges-francois-vannson-reaffirme-le-soutien-du-departement-aux-eleveurs-de-vaches-vosgiennes\/\" \/>\n<meta name=\"twitter:card\" content=\"summary_large_image\" \/>\n<meta name=\"twitter:title\" content=\"Vosges \u2013 Fran\u00e7ois Vannson r\u00e9affirme le soutien du D\u00e9partement aux \u00e9leveurs de vaches vosgiennes - La Plaine des Vosges\" \/>\n<meta name=\"twitter:description\" content=\"Fran\u00e7ois Vannson, pr\u00e9sident du conseil d\u00e9partemental des Vosges, s\u2019est rendu dans l\u2019exploitation de Dominique Valdenaire au Thillot le lundi 19 [&hellip;]\" \/>\n<meta name=\"twitter:image\" content=\"https:\/\/vosgesinfo.fr\/app\/uploads\/sites\/2\/2024\/06\/201612199.jpg\" \/>\n<meta name=\"twitter:creator\" content=\"@VosgesInfo88\" \/>\n<meta name=\"twitter:site\" content=\"@VosgesInfo88\" \/>\n<meta name=\"twitter:label1\" content=\"\u00c9crit par\" \/>\n\t<meta name=\"twitter:data1\" content=\"qs_admin\" \/>\n\t<meta name=\"twitter:label2\" content=\"Dur\u00e9e de lecture estim\u00e9e\" \/>\n\t<meta name=\"twitter:data2\" content=\"1 minute\" \/>\n<script type=\"application\/ld+json\" class=\"yoast-schema-graph\">{\"@context\":\"https:\/\/schema.org\",\"@graph\":[{\"@type\":\"Article\",\"@id\":\"https:\/\/vosgesinfo.fr\/laplainedesvosgesinfo\/2016\/12\/vosges-francois-vannson-reaffirme-le-soutien-du-departement-aux-eleveurs-de-vaches-vosgiennes\/#article\",\"isPartOf\":{\"@id\":\"https:\/\/vosgesinfo.fr\/laplainedesvosgesinfo\/2016\/12\/vosges-francois-vannson-reaffirme-le-soutien-du-departement-aux-eleveurs-de-vaches-vosgiennes\/\"},\"author\":{\"name\":\"qs_admin\",\"@id\":\"https:\/\/vosgesinfo.fr\/laplainedesvosgesinfo\/#\/schema\/person\/bc5d02d71e6932e81b6dadb7386667b1\"},\"headline\":\"Vosges \u2013 Fran\u00e7ois Vannson r\u00e9affirme le soutien du D\u00e9partement aux \u00e9leveurs de vaches vosgiennes\",\"datePublished\":\"2016-12-21T04:20:41+00:00\",\"dateModified\":\"2016-12-21T04:20:41+00:00\",\"mainEntityOfPage\":{\"@id\":\"https:\/\/vosgesinfo.fr\/laplainedesvosgesinfo\/2016\/12\/vosges-francois-vannson-reaffirme-le-soutien-du-departement-aux-eleveurs-de-vaches-vosgiennes\/\"},\"wordCount\":294,\"commentCount\":0,\"publisher\":{\"@id\":\"https:\/\/vosgesinfo.fr\/laplainedesvosgesinfo\/#organization\"},\"image\":{\"@id\":\"https:\/\/vosgesinfo.fr\/laplainedesvosgesinfo\/2016\/12\/vosges-francois-vannson-reaffirme-le-soutien-du-departement-aux-eleveurs-de-vaches-vosgiennes\/#primaryimage\"},\"thumbnailUrl\":\"https:\/\/vosgesinfo.fr\/app\/uploads\/sites\/2\/2024\/06\/201612199.jpg\",\"keywords\":[\"agriculteur\",\"Fran\u00e7ois Vannson\",\"Vosges\"],\"articleSection\":[\"Soci\u00e9t\u00e9\",\"Vosges\"],\"inLanguage\":\"fr-FR\",\"potentialAction\":[{\"@type\":\"CommentAction\",\"name\":\"Comment\",\"target\":[\"https:\/\/vosgesinfo.fr\/laplainedesvosgesinfo\/2016\/12\/vosges-francois-vannson-reaffirme-le-soutien-du-departement-aux-eleveurs-de-vaches-vosgiennes\/#respond\"]}]},{\"@type\":\"WebPage\",\"@id\":\"https:\/\/vosgesinfo.fr\/laplainedesvosgesinfo\/2016\/12\/vosges-francois-vannson-reaffirme-le-soutien-du-departement-aux-eleveurs-de-vaches-vosgiennes\/\",\"url\":\"https:\/\/vosgesinfo.fr\/laplainedesvosgesinfo\/2016\/12\/vosges-francois-vannson-reaffirme-le-soutien-du-departement-aux-eleveurs-de-vaches-vosgiennes\/\",\"name\":\"Vosges \u2013 Fran\u00e7ois Vannson r\u00e9affirme le soutien du D\u00e9partement aux \u00e9leveurs de vaches vosgiennes - La Plaine des Vosges\",\"isPartOf\":{\"@id\":\"https:\/\/vosgesinfo.fr\/laplainedesvosgesinfo\/#website\"},\"primaryImageOfPage\":{\"@id\":\"https:\/\/vosgesinfo.fr\/laplainedesvosgesinfo\/2016\/12\/vosges-francois-vannson-reaffirme-le-soutien-du-departement-aux-eleveurs-de-vaches-vosgiennes\/#primaryimage\"},\"image\":{\"@id\":\"https:\/\/vosgesinfo.fr\/laplainedesvosgesinfo\/2016\/12\/vosges-francois-vannson-reaffirme-le-soutien-du-departement-aux-eleveurs-de-vaches-vosgiennes\/#primaryimage\"},\"thumbnailUrl\":\"https:\/\/vosgesinfo.fr\/app\/uploads\/sites\/2\/2024\/06\/201612199.jpg\",\"datePublished\":\"2016-12-21T04:20:41+00:00\",\"dateModified\":\"2016-12-21T04:20:41+00:00\",\"breadcrumb\":{\"@id\":\"https:\/\/vosgesinfo.fr\/laplainedesvosgesinfo\/2016\/12\/vosges-francois-vannson-reaffirme-le-soutien-du-departement-aux-eleveurs-de-vaches-vosgiennes\/#breadcrumb\"},\"inLanguage\":\"fr-FR\",\"potentialAction\":[{\"@type\":\"ReadAction\",\"target\":[\"https:\/\/vosgesinfo.fr\/laplainedesvosgesinfo\/2016\/12\/vosges-francois-vannson-reaffirme-le-soutien-du-departement-aux-eleveurs-de-vaches-vosgiennes\/\"]}]},{\"@type\":\"ImageObject\",\"inLanguage\":\"fr-FR\",\"@id\":\"https:\/\/vosgesinfo.fr\/laplainedesvosgesinfo\/2016\/12\/vosges-francois-vannson-reaffirme-le-soutien-du-departement-aux-eleveurs-de-vaches-vosgiennes\/#primaryimage\",\"url\":\"https:\/\/vosgesinfo.fr\/app\/uploads\/sites\/2\/2024\/06\/201612199.jpg\",\"contentUrl\":\"https:\/\/vosgesinfo.fr\/app\/uploads\/sites\/2\/2024\/06\/201612199.jpg\",\"width\":800,\"height\":600},{\"@type\":\"BreadcrumbList\",\"@id\":\"https:\/\/vosgesinfo.fr\/laplainedesvosgesinfo\/2016\/12\/vosges-francois-vannson-reaffirme-le-soutien-du-departement-aux-eleveurs-de-vaches-vosgiennes\/#breadcrumb\",\"itemListElement\":[{\"@type\":\"ListItem\",\"position\":1,\"name\":\"Home\",\"item\":\"https:\/\/vosgesinfo.fr\/laplainedesvosgesinfo\/\"},{\"@type\":\"ListItem\",\"position\":2,\"name\":\"Vosges \u2013 Fran\u00e7ois Vannson r\u00e9affirme le soutien du D\u00e9partement aux \u00e9leveurs de vaches vosgiennes\"}]},{\"@type\":\"WebSite\",\"@id\":\"https:\/\/vosgesinfo.fr\/laplainedesvosgesinfo\/#website\",\"url\":\"https:\/\/vosgesinfo.fr\/laplainedesvosgesinfo\/\",\"name\":\"La Plaine des Vosges\",\"description\":\"Toute l&#039;actualit\u00e9 de la plaine de Vosges\",\"publisher\":{\"@id\":\"https:\/\/vosgesinfo.fr\/laplainedesvosgesinfo\/#organization\"},\"alternateName\":\"Toute l'actualit\u00e9 de la plaine des Vosges\",\"potentialAction\":[{\"@type\":\"SearchAction\",\"target\":{\"@type\":\"EntryPoint\",\"urlTemplate\":\"https:\/\/vosgesinfo.fr\/laplainedesvosgesinfo\/?s={search_term_string}\"},\"query-input\":\"required name=search_term_string\"}],\"inLanguage\":\"fr-FR\"},{\"@type\":\"Organization\",\"@id\":\"https:\/\/vosgesinfo.fr\/laplainedesvosgesinfo\/#organization\",\"name\":\"La Plaine des Vosges\",\"url\":\"https:\/\/vosgesinfo.fr\/laplainedesvosgesinfo\/\",\"logo\":{\"@type\":\"ImageObject\",\"inLanguage\":\"fr-FR\",\"@id\":\"https:\/\/vosgesinfo.fr\/laplainedesvosgesinfo\/#\/schema\/logo\/image\/\",\"url\":\"https:\/\/vosgesinfo.fr\/app\/uploads\/sites\/2\/2023\/08\/logo-laplaineinfo.svg\",\"contentUrl\":\"https:\/\/vosgesinfo.fr\/app\/uploads\/sites\/2\/2023\/08\/logo-laplaineinfo.svg\",\"width\":1,\"height\":1,\"caption\":\"La Plaine des Vosges\"},\"image\":{\"@id\":\"https:\/\/vosgesinfo.fr\/laplainedesvosgesinfo\/#\/schema\/logo\/image\/\"},\"sameAs\":[\"https:\/\/www.facebook.com\/laplainedesvosges\",\"https:\/\/x.com\/VosgesInfo88\",\"https:\/\/www.youtube.com\/@vosgesinfo\"]},{\"@type\":\"Person\",\"@id\":\"https:\/\/vosgesinfo.fr\/laplainedesvosgesinfo\/#\/schema\/person\/bc5d02d71e6932e81b6dadb7386667b1\",\"name\":\"qs_admin\",\"image\":{\"@type\":\"ImageObject\",\"inLanguage\":\"fr-FR\",\"@id\":\"https:\/\/vosgesinfo.fr\/laplainedesvosgesinfo\/#\/schema\/person\/image\/\",\"url\":\"https:\/\/secure.gravatar.com\/avatar\/94b18ee0ed79e4a42ea2f2931277b6841a8999fc6fde214600c78057cf1fe1de?s=96&d=mm&r=g\",\"contentUrl\":\"https:\/\/secure.gravatar.com\/avatar\/94b18ee0ed79e4a42ea2f2931277b6841a8999fc6fde214600c78057cf1fe1de?s=96&d=mm&r=g\",\"caption\":\"qs_admin\"},\"sameAs\":[\"https:\/\/vosgesinfo.fr\/wp\"],\"url\":\"https:\/\/vosgesinfo.fr\/laplainedesvosgesinfo\/author\/qs_admin\/\"}]}<\/script>\n<!-- \/ Yoast SEO plugin. -->","yoast_head_json":{"title":"Vosges \u2013 Fran\u00e7ois Vannson r\u00e9affirme le soutien du D\u00e9partement aux \u00e9leveurs de vaches vosgiennes - La Plaine des Vosges","robots":{"index":"index","follow":"follow","max-snippet":"max-snippet:-1","max-image-preview":"max-image-preview:large","max-video-preview":"max-video-preview:-1"},"canonical":"https:\/\/vosgesinfo.fr\/laplainedesvosgesinfo\/2016\/12\/vosges-francois-vannson-reaffirme-le-soutien-du-departement-aux-eleveurs-de-vaches-vosgiennes\/","twitter_card":"summary_large_image","twitter_title":"Vosges \u2013 Fran\u00e7ois Vannson r\u00e9affirme le soutien du D\u00e9partement aux \u00e9leveurs de vaches vosgiennes - La Plaine des Vosges","twitter_description":"Fran\u00e7ois Vannson, pr\u00e9sident du conseil d\u00e9partemental des Vosges, s\u2019est rendu dans l\u2019exploitation de Dominique Valdenaire au Thillot le lundi 19 [&hellip;]","twitter_image":"https:\/\/vosgesinfo.fr\/app\/uploads\/sites\/2\/2024\/06\/201612199.jpg","twitter_creator":"@VosgesInfo88","twitter_site":"@VosgesInfo88","twitter_misc":{"\u00c9crit par":"qs_admin","Dur\u00e9e de lecture estim\u00e9e":"1 minute"},"schema":{"@context":"https:\/\/schema.org","@graph":[{"@type":"Article","@id":"https:\/\/vosgesinfo.fr\/laplainedesvosgesinfo\/2016\/12\/vosges-francois-vannson-reaffirme-le-soutien-du-departement-aux-eleveurs-de-vaches-vosgiennes\/#article","isPartOf":{"@id":"https:\/\/vosgesinfo.fr\/laplainedesvosgesinfo\/2016\/12\/vosges-francois-vannson-reaffirme-le-soutien-du-departement-aux-eleveurs-de-vaches-vosgiennes\/"},"author":{"name":"qs_admin","@id":"https:\/\/vosgesinfo.fr\/laplainedesvosgesinfo\/#\/schema\/person\/bc5d02d71e6932e81b6dadb7386667b1"},"headline":"Vosges \u2013 Fran\u00e7ois Vannson r\u00e9affirme le soutien du D\u00e9partement aux \u00e9leveurs de vaches vosgiennes","datePublished":"2016-12-21T04:20:41+00:00","dateModified":"2016-12-21T04:20:41+00:00","mainEntityOfPage":{"@id":"https:\/\/vosgesinfo.fr\/laplainedesvosgesinfo\/2016\/12\/vosges-francois-vannson-reaffirme-le-soutien-du-departement-aux-eleveurs-de-vaches-vosgiennes\/"},"wordCount":294,"commentCount":0,"publisher":{"@id":"https:\/\/vosgesinfo.fr\/laplainedesvosgesinfo\/#organization"},"image":{"@id":"https:\/\/vosgesinfo.fr\/laplainedesvosgesinfo\/2016\/12\/vosges-francois-vannson-reaffirme-le-soutien-du-departement-aux-eleveurs-de-vaches-vosgiennes\/#primaryimage"},"thumbnailUrl":"https:\/\/vosgesinfo.fr\/app\/uploads\/sites\/2\/2024\/06\/201612199.jpg","keywords":["agriculteur","Fran\u00e7ois Vannson","Vosges"],"articleSection":["Soci\u00e9t\u00e9","Vosges"],"inLanguage":"fr-FR","potentialAction":[{"@type":"CommentAction","name":"Comment","target":["https:\/\/vosgesinfo.fr\/laplainedesvosgesinfo\/2016\/12\/vosges-francois-vannson-reaffirme-le-soutien-du-departement-aux-eleveurs-de-vaches-vosgiennes\/#respond"]}]},{"@type":"WebPage","@id":"https:\/\/vosgesinfo.fr\/laplainedesvosgesinfo\/2016\/12\/vosges-francois-vannson-reaffirme-le-soutien-du-departement-aux-eleveurs-de-vaches-vosgiennes\/","url":"https:\/\/vosgesinfo.fr\/laplainedesvosgesinfo\/2016\/12\/vosges-francois-vannson-reaffirme-le-soutien-du-departement-aux-eleveurs-de-vaches-vosgiennes\/","name":"Vosges \u2013 Fran\u00e7ois Vannson r\u00e9affirme le soutien du D\u00e9partement aux \u00e9leveurs de vaches vosgiennes - La Plaine des Vosges","isPartOf":{"@id":"https:\/\/vosgesinfo.fr\/laplainedesvosgesinfo\/#website"},"primaryImageOfPage":{"@id":"https:\/\/vosgesinfo.fr\/laplainedesvosgesinfo\/2016\/12\/vosges-francois-vannson-reaffirme-le-soutien-du-departement-aux-eleveurs-de-vaches-vosgiennes\/#primaryimage"},"image":{"@id":"https:\/\/vosgesinfo.fr\/laplainedesvosgesinfo\/2016\/12\/vosges-francois-vannson-reaffirme-le-soutien-du-departement-aux-eleveurs-de-vaches-vosgiennes\/#primaryimage"},"thumbnailUrl":"https:\/\/vosgesinfo.fr\/app\/uploads\/sites\/2\/2024\/06\/201612199.jpg","datePublished":"2016-12-21T04:20:41+00:00","dateModified":"2016-12-21T04:20:41+00:00","breadcrumb":{"@id":"https:\/\/vosgesinfo.fr\/laplainedesvosgesinfo\/2016\/12\/vosges-francois-vannson-reaffirme-le-soutien-du-departement-aux-eleveurs-de-vaches-vosgiennes\/#breadcrumb"},"inLanguage":"fr-FR","potentialAction":[{"@type":"ReadAction","target":["https:\/\/vosgesinfo.fr\/laplainedesvosgesinfo\/2016\/12\/vosges-francois-vannson-reaffirme-le-soutien-du-departement-aux-eleveurs-de-vaches-vosgiennes\/"]}]},{"@type":"ImageObject","inLanguage":"fr-FR","@id":"https:\/\/vosgesinfo.fr\/laplainedesvosgesinfo\/2016\/12\/vosges-francois-vannson-reaffirme-le-soutien-du-departement-aux-eleveurs-de-vaches-vosgiennes\/#primaryimage","url":"https:\/\/vosgesinfo.fr\/app\/uploads\/sites\/2\/2024\/06\/201612199.jpg","contentUrl":"https:\/\/vosgesinfo.fr\/app\/uploads\/sites\/2\/2024\/06\/201612199.jpg","width":800,"height":600},{"@type":"BreadcrumbList","@id":"https:\/\/vosgesinfo.fr\/laplainedesvosgesinfo\/2016\/12\/vosges-francois-vannson-reaffirme-le-soutien-du-departement-aux-eleveurs-de-vaches-vosgiennes\/#breadcrumb","itemListElement":[{"@type":"ListItem","position":1,"name":"Home","item":"https:\/\/vosgesinfo.fr\/laplainedesvosgesinfo\/"},{"@type":"ListItem","position":2,"name":"Vosges \u2013 Fran\u00e7ois Vannson r\u00e9affirme le soutien du D\u00e9partement aux \u00e9leveurs de vaches vosgiennes"}]},{"@type":"WebSite","@id":"https:\/\/vosgesinfo.fr\/laplainedesvosgesinfo\/#website","url":"https:\/\/vosgesinfo.fr\/laplainedesvosgesinfo\/","name":"La Plaine des Vosges","description":"Toute l&#039;actualit\u00e9 de la plaine de Vosges","publisher":{"@id":"https:\/\/vosgesinfo.fr\/laplainedesvosgesinfo\/#organization"},"alternateName":"Toute l'actualit\u00e9 de la plaine des Vosges","potentialAction":[{"@type":"SearchAction","target":{"@type":"EntryPoint","urlTemplate":"https:\/\/vosgesinfo.fr\/laplainedesvosgesinfo\/?s={search_term_string}"},"query-input":"required name=search_term_string"}],"inLanguage":"fr-FR"},{"@type":"Organization","@id":"https:\/\/vosgesinfo.fr\/laplainedesvosgesinfo\/#organization","name":"La Plaine des Vosges","url":"https:\/\/vosgesinfo.fr\/laplainedesvosgesinfo\/","logo":{"@type":"ImageObject","inLanguage":"fr-FR","@id":"https:\/\/vosgesinfo.fr\/laplainedesvosgesinfo\/#\/schema\/logo\/image\/","url":"https:\/\/vosgesinfo.fr\/app\/uploads\/sites\/2\/2023\/08\/logo-laplaineinfo.svg","contentUrl":"https:\/\/vosgesinfo.fr\/app\/uploads\/sites\/2\/2023\/08\/logo-laplaineinfo.svg","width":1,"height":1,"caption":"La Plaine des Vosges"},"image":{"@id":"https:\/\/vosgesinfo.fr\/laplainedesvosgesinfo\/#\/schema\/logo\/image\/"},"sameAs":["https:\/\/www.facebook.com\/laplainedesvosges","https:\/\/x.com\/VosgesInfo88","https:\/\/www.youtube.com\/@vosgesinfo"]},{"@type":"Person","@id":"https:\/\/vosgesinfo.fr\/laplainedesvosgesinfo\/#\/schema\/person\/bc5d02d71e6932e81b6dadb7386667b1","name":"qs_admin","image":{"@type":"ImageObject","inLanguage":"fr-FR","@id":"https:\/\/vosgesinfo.fr\/laplainedesvosgesinfo\/#\/schema\/person\/image\/","url":"https:\/\/secure.gravatar.com\/avatar\/94b18ee0ed79e4a42ea2f2931277b6841a8999fc6fde214600c78057cf1fe1de?s=96&d=mm&r=g","contentUrl":"https:\/\/secure.gravatar.com\/avatar\/94b18ee0ed79e4a42ea2f2931277b6841a8999fc6fde214600c78057cf1fe1de?s=96&d=mm&r=g","caption":"qs_admin"},"sameAs":["https:\/\/vosgesinfo.fr\/wp"],"url":"https:\/\/vosgesinfo.fr\/laplainedesvosgesinfo\/author\/qs_admin\/"}]}},"_links":{"self":[{"href":"https:\/\/vosgesinfo.fr\/laplainedesvosgesinfo\/wp-json\/wp\/v2\/posts\/8759","targetHints":{"allow":["GET"]}}],"collection":[{"href":"https:\/\/vosgesinfo.fr\/laplainedesvosgesinfo\/wp-json\/wp\/v2\/posts"}],"about":[{"href":"https:\/\/vosgesinfo.fr\/laplainedesvosgesinfo\/wp-json\/wp\/v2\/types\/post"}],"author":[{"embeddable":true,"href":"https:\/\/vosgesinfo.fr\/laplainedesvosgesinfo\/wp-json\/wp\/v2\/users\/1"}],"replies":[{"embeddable":true,"href":"https:\/\/vosgesinfo.fr\/laplainedesvosgesinfo\/wp-json\/wp\/v2\/comments?post=8759"}],"version-history":[{"count":0,"href":"https:\/\/vosgesinfo.fr\/laplainedesvosgesinfo\/wp-json\/wp\/v2\/posts\/8759\/revisions"}],"wp:featuredmedia":[{"embeddable":true,"href":"https:\/\/vosgesinfo.fr\/laplainedesvosgesinfo\/wp-json\/wp\/v2\/media\/8760"}],"wp:attachment":[{"href":"https:\/\/vosgesinfo.fr\/laplainedesvosgesinfo\/wp-json\/wp\/v2\/media?parent=8759"}],"wp:term":[{"taxonomy":"category","embeddable":true,"href":"https:\/\/vosgesinfo.fr\/laplainedesvosgesinfo\/wp-json\/wp\/v2\/categories?post=8759"},{"taxonomy":"post_tag","embeddable":true,"href":"https:\/\/vosgesinfo.fr\/laplainedesvosgesinfo\/wp-json\/wp\/v2\/tags?post=8759"}],"curies":[{"name":"wp","href":"https:\/\/api.w.org\/{rel}","templated":true}]}}