{"id":8928,"date":"2017-01-03T14:43:03","date_gmt":"2017-01-03T13:43:03","guid":{"rendered":"https:\/\/vosgesinfo.fr\/laplainedesvosgesinfo\/2017\/01\/vittel-creation-dun-accueil-de-jour-a-lehpad-du-petit-ban\/"},"modified":"2017-01-03T14:43:03","modified_gmt":"2017-01-03T13:43:03","slug":"vittel-creation-dun-accueil-de-jour-a-lehpad-du-petit-ban","status":"publish","type":"post","link":"https:\/\/vosgesinfo.fr\/laplainedesvosgesinfo\/2017\/01\/vittel-creation-dun-accueil-de-jour-a-lehpad-du-petit-ban\/","title":{"rendered":"Vittel &#8211; Cr\u00e9ation d&rsquo;un accueil de jour \u00e0 l&rsquo;EHPAD du Petit Ban"},"content":{"rendered":"<div id=\"attachment_83519\" style=\"width: 810px\" class=\"wp-caption aligncenter\"><a href=\"\/2017\/01\/hospice-1794351_960_720.jpg\"><img decoding=\"async\" aria-describedby=\"caption-attachment-83519\" class=\"wp-image-83519 size-full\" src=\"\/2017\/01\/hospice-1794351_960_720.jpg\" alt=\"hospice-1794351_960_720\" width=\"800\" height=\"533\" \/><\/a><p id=\"caption-attachment-83519\" class=\"wp-caption-text\">Photographie d&rsquo;illustration.<\/p><\/div>\n<p style=\"text-align: justify;\"><strong>Depuis le 1er d\u00e9cembre 2016, l&rsquo;EHPAD du Petit Ban offre aux usagers une nouvelle prestation.<\/strong><\/p>\n<p style=\"text-align: justify;\">En effet, l&rsquo;Agence R\u00e9gionale de Sant\u00e9 a autoris\u00e9 l&rsquo;ouverture de six places d&rsquo;Accueil de jour. Ce dernier est un h\u00e9bergement \u00e0 la journ\u00e9e dans les locaux d\u00e9di\u00e9s, ouvert de 9h30 \u00e0 17h, du lundi au vendredi.<\/p>\n<p style=\"text-align: justify;\">C&rsquo;est un espace adapt\u00e9 r\u00e9serv\u00e9 aux personnes ayant des troubles de la m\u00e9moire et du comportement. C&rsquo;est une solution de r\u00e9pit pour les aidants qui se retrouvent soulag\u00e9s, soutenus et accompagn\u00e9s.<\/p>\n<p style=\"text-align: justify;\">Pour la personnes aid\u00e9e, cela permet le maintien \u00e0 domicile dans de bonnes conditions le plus longtemps possible. C&rsquo;est un accompagnement personnalis\u00e9 qui permet le respect des rythmes et des d\u00e9sirs de la personne ainsi que de restaurer et maintenir les liens sociaux et familiaux.<\/p>\n<p style=\"text-align: justify;\">Une \u00e9quipe professionnelle et pluridisciplinaire (m\u00e9decine coordonnateur, cadre de sant\u00e9, psychologue, infirmiers, aides m\u00e9dico-psychologiques et aides-soignants) propose des activit\u00e9s vari\u00e9es comme des ateliers m\u00e9moire, activit\u00e9s motrices, manuelles et corporelles.<\/p>\n<p style=\"text-align: justify;\">Pour tous renseignements, prendre contact avec l&rsquo;\u00e9quipe d&rsquo;encadrement de la structure au 03.29.05.83.90.<\/p>\n","protected":false},"excerpt":{"rendered":"<p>Depuis le 1er d\u00e9cembre 2016, l&rsquo;EHPAD du Petit Ban offre aux usagers une nouvelle prestation. En effet, l&rsquo;Agence R\u00e9gionale de [&hellip;]<\/p>\n","protected":false},"author":1,"featured_media":8929,"comment_status":"open","ping_status":"open","sticky":false,"template":"","format":"standard","meta":{"footnotes":""},"categories":[29,37,38],"tags":[1441,1577,77],"class_list":["post-8928","post","type-post","status-publish","format-standard","has-post-thumbnail","hentry","category-a-la-une","category-la-plaine","category-vittel-la-plaine","tag-chov","tag-ehpad-du-petit-ban","tag-vittel"],"acf":[],"yoast_head":"<!-- This site is optimized with the Yoast SEO plugin v22.5 - https:\/\/yoast.com\/wordpress\/plugins\/seo\/ -->\n<title>Vittel - Cr\u00e9ation d&#039;un accueil de jour \u00e0 l&#039;EHPAD du Petit Ban - La Plaine des Vosges<\/title>\n<meta name=\"robots\" content=\"index, follow, max-snippet:-1, max-image-preview:large, max-video-preview:-1\" \/>\n<link rel=\"canonical\" href=\"https:\/\/vosgesinfo.fr\/laplainedesvosgesinfo\/2017\/01\/vittel-creation-dun-accueil-de-jour-a-lehpad-du-petit-ban\/\" \/>\n<meta name=\"twitter:card\" content=\"summary_large_image\" \/>\n<meta name=\"twitter:title\" content=\"Vittel - Cr\u00e9ation d&#039;un accueil de jour \u00e0 l&#039;EHPAD du Petit Ban - La Plaine des Vosges\" \/>\n<meta name=\"twitter:description\" content=\"Depuis le 1er d\u00e9cembre 2016, l&rsquo;EHPAD du Petit Ban offre aux usagers une nouvelle prestation. En effet, l&rsquo;Agence R\u00e9gionale de [&hellip;]\" \/>\n<meta name=\"twitter:image\" content=\"https:\/\/vosgesinfo.fr\/app\/uploads\/sites\/2\/2024\/06\/201701hospice-1794351-960-720.jpg\" \/>\n<meta name=\"twitter:creator\" content=\"@VosgesInfo88\" \/>\n<meta name=\"twitter:site\" content=\"@VosgesInfo88\" \/>\n<meta name=\"twitter:label1\" content=\"\u00c9crit par\" \/>\n\t<meta name=\"twitter:data1\" content=\"qs_admin\" \/>\n\t<meta name=\"twitter:label2\" content=\"Dur\u00e9e de lecture estim\u00e9e\" \/>\n\t<meta name=\"twitter:data2\" content=\"1 minute\" \/>\n<script type=\"application\/ld+json\" class=\"yoast-schema-graph\">{\"@context\":\"https:\/\/schema.org\",\"@graph\":[{\"@type\":\"Article\",\"@id\":\"https:\/\/vosgesinfo.fr\/laplainedesvosgesinfo\/2017\/01\/vittel-creation-dun-accueil-de-jour-a-lehpad-du-petit-ban\/#article\",\"isPartOf\":{\"@id\":\"https:\/\/vosgesinfo.fr\/laplainedesvosgesinfo\/2017\/01\/vittel-creation-dun-accueil-de-jour-a-lehpad-du-petit-ban\/\"},\"author\":{\"name\":\"qs_admin\",\"@id\":\"https:\/\/vosgesinfo.fr\/laplainedesvosgesinfo\/#\/schema\/person\/bc5d02d71e6932e81b6dadb7386667b1\"},\"headline\":\"Vittel &#8211; Cr\u00e9ation d&rsquo;un accueil de jour \u00e0 l&rsquo;EHPAD du Petit Ban\",\"datePublished\":\"2017-01-03T13:43:03+00:00\",\"dateModified\":\"2017-01-03T13:43:03+00:00\",\"mainEntityOfPage\":{\"@id\":\"https:\/\/vosgesinfo.fr\/laplainedesvosgesinfo\/2017\/01\/vittel-creation-dun-accueil-de-jour-a-lehpad-du-petit-ban\/\"},\"wordCount\":216,\"commentCount\":0,\"publisher\":{\"@id\":\"https:\/\/vosgesinfo.fr\/laplainedesvosgesinfo\/#organization\"},\"image\":{\"@id\":\"https:\/\/vosgesinfo.fr\/laplainedesvosgesinfo\/2017\/01\/vittel-creation-dun-accueil-de-jour-a-lehpad-du-petit-ban\/#primaryimage\"},\"thumbnailUrl\":\"https:\/\/vosgesinfo.fr\/app\/uploads\/sites\/2\/2024\/06\/201701hospice-1794351-960-720.jpg\",\"keywords\":[\"CHOV\",\"EHPAD du Petit Ban\",\"Vittel\"],\"articleSection\":[\"A la Une\",\"La Plaine\",\"Vittel\"],\"inLanguage\":\"fr-FR\",\"potentialAction\":[{\"@type\":\"CommentAction\",\"name\":\"Comment\",\"target\":[\"https:\/\/vosgesinfo.fr\/laplainedesvosgesinfo\/2017\/01\/vittel-creation-dun-accueil-de-jour-a-lehpad-du-petit-ban\/#respond\"]}]},{\"@type\":\"WebPage\",\"@id\":\"https:\/\/vosgesinfo.fr\/laplainedesvosgesinfo\/2017\/01\/vittel-creation-dun-accueil-de-jour-a-lehpad-du-petit-ban\/\",\"url\":\"https:\/\/vosgesinfo.fr\/laplainedesvosgesinfo\/2017\/01\/vittel-creation-dun-accueil-de-jour-a-lehpad-du-petit-ban\/\",\"name\":\"Vittel - Cr\u00e9ation d'un accueil de jour \u00e0 l'EHPAD du Petit Ban - La Plaine des Vosges\",\"isPartOf\":{\"@id\":\"https:\/\/vosgesinfo.fr\/laplainedesvosgesinfo\/#website\"},\"primaryImageOfPage\":{\"@id\":\"https:\/\/vosgesinfo.fr\/laplainedesvosgesinfo\/2017\/01\/vittel-creation-dun-accueil-de-jour-a-lehpad-du-petit-ban\/#primaryimage\"},\"image\":{\"@id\":\"https:\/\/vosgesinfo.fr\/laplainedesvosgesinfo\/2017\/01\/vittel-creation-dun-accueil-de-jour-a-lehpad-du-petit-ban\/#primaryimage\"},\"thumbnailUrl\":\"https:\/\/vosgesinfo.fr\/app\/uploads\/sites\/2\/2024\/06\/201701hospice-1794351-960-720.jpg\",\"datePublished\":\"2017-01-03T13:43:03+00:00\",\"dateModified\":\"2017-01-03T13:43:03+00:00\",\"breadcrumb\":{\"@id\":\"https:\/\/vosgesinfo.fr\/laplainedesvosgesinfo\/2017\/01\/vittel-creation-dun-accueil-de-jour-a-lehpad-du-petit-ban\/#breadcrumb\"},\"inLanguage\":\"fr-FR\",\"potentialAction\":[{\"@type\":\"ReadAction\",\"target\":[\"https:\/\/vosgesinfo.fr\/laplainedesvosgesinfo\/2017\/01\/vittel-creation-dun-accueil-de-jour-a-lehpad-du-petit-ban\/\"]}]},{\"@type\":\"ImageObject\",\"inLanguage\":\"fr-FR\",\"@id\":\"https:\/\/vosgesinfo.fr\/laplainedesvosgesinfo\/2017\/01\/vittel-creation-dun-accueil-de-jour-a-lehpad-du-petit-ban\/#primaryimage\",\"url\":\"https:\/\/vosgesinfo.fr\/app\/uploads\/sites\/2\/2024\/06\/201701hospice-1794351-960-720.jpg\",\"contentUrl\":\"https:\/\/vosgesinfo.fr\/app\/uploads\/sites\/2\/2024\/06\/201701hospice-1794351-960-720.jpg\",\"width\":800,\"height\":533},{\"@type\":\"BreadcrumbList\",\"@id\":\"https:\/\/vosgesinfo.fr\/laplainedesvosgesinfo\/2017\/01\/vittel-creation-dun-accueil-de-jour-a-lehpad-du-petit-ban\/#breadcrumb\",\"itemListElement\":[{\"@type\":\"ListItem\",\"position\":1,\"name\":\"Home\",\"item\":\"https:\/\/vosgesinfo.fr\/laplainedesvosgesinfo\/\"},{\"@type\":\"ListItem\",\"position\":2,\"name\":\"Vittel &#8211; Cr\u00e9ation d&rsquo;un accueil de jour \u00e0 l&rsquo;EHPAD du Petit Ban\"}]},{\"@type\":\"WebSite\",\"@id\":\"https:\/\/vosgesinfo.fr\/laplainedesvosgesinfo\/#website\",\"url\":\"https:\/\/vosgesinfo.fr\/laplainedesvosgesinfo\/\",\"name\":\"La Plaine des Vosges\",\"description\":\"Toute l&#039;actualit\u00e9 de la plaine de Vosges\",\"publisher\":{\"@id\":\"https:\/\/vosgesinfo.fr\/laplainedesvosgesinfo\/#organization\"},\"alternateName\":\"Toute l'actualit\u00e9 de la plaine des Vosges\",\"potentialAction\":[{\"@type\":\"SearchAction\",\"target\":{\"@type\":\"EntryPoint\",\"urlTemplate\":\"https:\/\/vosgesinfo.fr\/laplainedesvosgesinfo\/?s={search_term_string}\"},\"query-input\":\"required name=search_term_string\"}],\"inLanguage\":\"fr-FR\"},{\"@type\":\"Organization\",\"@id\":\"https:\/\/vosgesinfo.fr\/laplainedesvosgesinfo\/#organization\",\"name\":\"La Plaine des Vosges\",\"url\":\"https:\/\/vosgesinfo.fr\/laplainedesvosgesinfo\/\",\"logo\":{\"@type\":\"ImageObject\",\"inLanguage\":\"fr-FR\",\"@id\":\"https:\/\/vosgesinfo.fr\/laplainedesvosgesinfo\/#\/schema\/logo\/image\/\",\"url\":\"https:\/\/vosgesinfo.fr\/app\/uploads\/sites\/2\/2023\/08\/logo-laplaineinfo.svg\",\"contentUrl\":\"https:\/\/vosgesinfo.fr\/app\/uploads\/sites\/2\/2023\/08\/logo-laplaineinfo.svg\",\"width\":1,\"height\":1,\"caption\":\"La Plaine des Vosges\"},\"image\":{\"@id\":\"https:\/\/vosgesinfo.fr\/laplainedesvosgesinfo\/#\/schema\/logo\/image\/\"},\"sameAs\":[\"https:\/\/www.facebook.com\/laplainedesvosges\",\"https:\/\/x.com\/VosgesInfo88\",\"https:\/\/www.youtube.com\/@vosgesinfo\"]},{\"@type\":\"Person\",\"@id\":\"https:\/\/vosgesinfo.fr\/laplainedesvosgesinfo\/#\/schema\/person\/bc5d02d71e6932e81b6dadb7386667b1\",\"name\":\"qs_admin\",\"image\":{\"@type\":\"ImageObject\",\"inLanguage\":\"fr-FR\",\"@id\":\"https:\/\/vosgesinfo.fr\/laplainedesvosgesinfo\/#\/schema\/person\/image\/\",\"url\":\"https:\/\/secure.gravatar.com\/avatar\/94b18ee0ed79e4a42ea2f2931277b6841a8999fc6fde214600c78057cf1fe1de?s=96&d=mm&r=g\",\"contentUrl\":\"https:\/\/secure.gravatar.com\/avatar\/94b18ee0ed79e4a42ea2f2931277b6841a8999fc6fde214600c78057cf1fe1de?s=96&d=mm&r=g\",\"caption\":\"qs_admin\"},\"sameAs\":[\"https:\/\/vosgesinfo.fr\/wp\"],\"url\":\"https:\/\/vosgesinfo.fr\/laplainedesvosgesinfo\/author\/qs_admin\/\"}]}<\/script>\n<!-- \/ Yoast SEO plugin. -->","yoast_head_json":{"title":"Vittel - Cr\u00e9ation d'un accueil de jour \u00e0 l'EHPAD du Petit Ban - La Plaine des Vosges","robots":{"index":"index","follow":"follow","max-snippet":"max-snippet:-1","max-image-preview":"max-image-preview:large","max-video-preview":"max-video-preview:-1"},"canonical":"https:\/\/vosgesinfo.fr\/laplainedesvosgesinfo\/2017\/01\/vittel-creation-dun-accueil-de-jour-a-lehpad-du-petit-ban\/","twitter_card":"summary_large_image","twitter_title":"Vittel - Cr\u00e9ation d'un accueil de jour \u00e0 l'EHPAD du Petit Ban - La Plaine des Vosges","twitter_description":"Depuis le 1er d\u00e9cembre 2016, l&rsquo;EHPAD du Petit Ban offre aux usagers une nouvelle prestation. En effet, l&rsquo;Agence R\u00e9gionale de [&hellip;]","twitter_image":"https:\/\/vosgesinfo.fr\/app\/uploads\/sites\/2\/2024\/06\/201701hospice-1794351-960-720.jpg","twitter_creator":"@VosgesInfo88","twitter_site":"@VosgesInfo88","twitter_misc":{"\u00c9crit par":"qs_admin","Dur\u00e9e de lecture estim\u00e9e":"1 minute"},"schema":{"@context":"https:\/\/schema.org","@graph":[{"@type":"Article","@id":"https:\/\/vosgesinfo.fr\/laplainedesvosgesinfo\/2017\/01\/vittel-creation-dun-accueil-de-jour-a-lehpad-du-petit-ban\/#article","isPartOf":{"@id":"https:\/\/vosgesinfo.fr\/laplainedesvosgesinfo\/2017\/01\/vittel-creation-dun-accueil-de-jour-a-lehpad-du-petit-ban\/"},"author":{"name":"qs_admin","@id":"https:\/\/vosgesinfo.fr\/laplainedesvosgesinfo\/#\/schema\/person\/bc5d02d71e6932e81b6dadb7386667b1"},"headline":"Vittel &#8211; Cr\u00e9ation d&rsquo;un accueil de jour \u00e0 l&rsquo;EHPAD du Petit Ban","datePublished":"2017-01-03T13:43:03+00:00","dateModified":"2017-01-03T13:43:03+00:00","mainEntityOfPage":{"@id":"https:\/\/vosgesinfo.fr\/laplainedesvosgesinfo\/2017\/01\/vittel-creation-dun-accueil-de-jour-a-lehpad-du-petit-ban\/"},"wordCount":216,"commentCount":0,"publisher":{"@id":"https:\/\/vosgesinfo.fr\/laplainedesvosgesinfo\/#organization"},"image":{"@id":"https:\/\/vosgesinfo.fr\/laplainedesvosgesinfo\/2017\/01\/vittel-creation-dun-accueil-de-jour-a-lehpad-du-petit-ban\/#primaryimage"},"thumbnailUrl":"https:\/\/vosgesinfo.fr\/app\/uploads\/sites\/2\/2024\/06\/201701hospice-1794351-960-720.jpg","keywords":["CHOV","EHPAD du Petit Ban","Vittel"],"articleSection":["A la Une","La Plaine","Vittel"],"inLanguage":"fr-FR","potentialAction":[{"@type":"CommentAction","name":"Comment","target":["https:\/\/vosgesinfo.fr\/laplainedesvosgesinfo\/2017\/01\/vittel-creation-dun-accueil-de-jour-a-lehpad-du-petit-ban\/#respond"]}]},{"@type":"WebPage","@id":"https:\/\/vosgesinfo.fr\/laplainedesvosgesinfo\/2017\/01\/vittel-creation-dun-accueil-de-jour-a-lehpad-du-petit-ban\/","url":"https:\/\/vosgesinfo.fr\/laplainedesvosgesinfo\/2017\/01\/vittel-creation-dun-accueil-de-jour-a-lehpad-du-petit-ban\/","name":"Vittel - Cr\u00e9ation d'un accueil de jour \u00e0 l'EHPAD du Petit Ban - La Plaine des Vosges","isPartOf":{"@id":"https:\/\/vosgesinfo.fr\/laplainedesvosgesinfo\/#website"},"primaryImageOfPage":{"@id":"https:\/\/vosgesinfo.fr\/laplainedesvosgesinfo\/2017\/01\/vittel-creation-dun-accueil-de-jour-a-lehpad-du-petit-ban\/#primaryimage"},"image":{"@id":"https:\/\/vosgesinfo.fr\/laplainedesvosgesinfo\/2017\/01\/vittel-creation-dun-accueil-de-jour-a-lehpad-du-petit-ban\/#primaryimage"},"thumbnailUrl":"https:\/\/vosgesinfo.fr\/app\/uploads\/sites\/2\/2024\/06\/201701hospice-1794351-960-720.jpg","datePublished":"2017-01-03T13:43:03+00:00","dateModified":"2017-01-03T13:43:03+00:00","breadcrumb":{"@id":"https:\/\/vosgesinfo.fr\/laplainedesvosgesinfo\/2017\/01\/vittel-creation-dun-accueil-de-jour-a-lehpad-du-petit-ban\/#breadcrumb"},"inLanguage":"fr-FR","potentialAction":[{"@type":"ReadAction","target":["https:\/\/vosgesinfo.fr\/laplainedesvosgesinfo\/2017\/01\/vittel-creation-dun-accueil-de-jour-a-lehpad-du-petit-ban\/"]}]},{"@type":"ImageObject","inLanguage":"fr-FR","@id":"https:\/\/vosgesinfo.fr\/laplainedesvosgesinfo\/2017\/01\/vittel-creation-dun-accueil-de-jour-a-lehpad-du-petit-ban\/#primaryimage","url":"https:\/\/vosgesinfo.fr\/app\/uploads\/sites\/2\/2024\/06\/201701hospice-1794351-960-720.jpg","contentUrl":"https:\/\/vosgesinfo.fr\/app\/uploads\/sites\/2\/2024\/06\/201701hospice-1794351-960-720.jpg","width":800,"height":533},{"@type":"BreadcrumbList","@id":"https:\/\/vosgesinfo.fr\/laplainedesvosgesinfo\/2017\/01\/vittel-creation-dun-accueil-de-jour-a-lehpad-du-petit-ban\/#breadcrumb","itemListElement":[{"@type":"ListItem","position":1,"name":"Home","item":"https:\/\/vosgesinfo.fr\/laplainedesvosgesinfo\/"},{"@type":"ListItem","position":2,"name":"Vittel &#8211; Cr\u00e9ation d&rsquo;un accueil de jour \u00e0 l&rsquo;EHPAD du Petit Ban"}]},{"@type":"WebSite","@id":"https:\/\/vosgesinfo.fr\/laplainedesvosgesinfo\/#website","url":"https:\/\/vosgesinfo.fr\/laplainedesvosgesinfo\/","name":"La Plaine des Vosges","description":"Toute l&#039;actualit\u00e9 de la plaine de Vosges","publisher":{"@id":"https:\/\/vosgesinfo.fr\/laplainedesvosgesinfo\/#organization"},"alternateName":"Toute l'actualit\u00e9 de la plaine des Vosges","potentialAction":[{"@type":"SearchAction","target":{"@type":"EntryPoint","urlTemplate":"https:\/\/vosgesinfo.fr\/laplainedesvosgesinfo\/?s={search_term_string}"},"query-input":"required name=search_term_string"}],"inLanguage":"fr-FR"},{"@type":"Organization","@id":"https:\/\/vosgesinfo.fr\/laplainedesvosgesinfo\/#organization","name":"La Plaine des Vosges","url":"https:\/\/vosgesinfo.fr\/laplainedesvosgesinfo\/","logo":{"@type":"ImageObject","inLanguage":"fr-FR","@id":"https:\/\/vosgesinfo.fr\/laplainedesvosgesinfo\/#\/schema\/logo\/image\/","url":"https:\/\/vosgesinfo.fr\/app\/uploads\/sites\/2\/2023\/08\/logo-laplaineinfo.svg","contentUrl":"https:\/\/vosgesinfo.fr\/app\/uploads\/sites\/2\/2023\/08\/logo-laplaineinfo.svg","width":1,"height":1,"caption":"La Plaine des Vosges"},"image":{"@id":"https:\/\/vosgesinfo.fr\/laplainedesvosgesinfo\/#\/schema\/logo\/image\/"},"sameAs":["https:\/\/www.facebook.com\/laplainedesvosges","https:\/\/x.com\/VosgesInfo88","https:\/\/www.youtube.com\/@vosgesinfo"]},{"@type":"Person","@id":"https:\/\/vosgesinfo.fr\/laplainedesvosgesinfo\/#\/schema\/person\/bc5d02d71e6932e81b6dadb7386667b1","name":"qs_admin","image":{"@type":"ImageObject","inLanguage":"fr-FR","@id":"https:\/\/vosgesinfo.fr\/laplainedesvosgesinfo\/#\/schema\/person\/image\/","url":"https:\/\/secure.gravatar.com\/avatar\/94b18ee0ed79e4a42ea2f2931277b6841a8999fc6fde214600c78057cf1fe1de?s=96&d=mm&r=g","contentUrl":"https:\/\/secure.gravatar.com\/avatar\/94b18ee0ed79e4a42ea2f2931277b6841a8999fc6fde214600c78057cf1fe1de?s=96&d=mm&r=g","caption":"qs_admin"},"sameAs":["https:\/\/vosgesinfo.fr\/wp"],"url":"https:\/\/vosgesinfo.fr\/laplainedesvosgesinfo\/author\/qs_admin\/"}]}},"_links":{"self":[{"href":"https:\/\/vosgesinfo.fr\/laplainedesvosgesinfo\/wp-json\/wp\/v2\/posts\/8928","targetHints":{"allow":["GET"]}}],"collection":[{"href":"https:\/\/vosgesinfo.fr\/laplainedesvosgesinfo\/wp-json\/wp\/v2\/posts"}],"about":[{"href":"https:\/\/vosgesinfo.fr\/laplainedesvosgesinfo\/wp-json\/wp\/v2\/types\/post"}],"author":[{"embeddable":true,"href":"https:\/\/vosgesinfo.fr\/laplainedesvosgesinfo\/wp-json\/wp\/v2\/users\/1"}],"replies":[{"embeddable":true,"href":"https:\/\/vosgesinfo.fr\/laplainedesvosgesinfo\/wp-json\/wp\/v2\/comments?post=8928"}],"version-history":[{"count":0,"href":"https:\/\/vosgesinfo.fr\/laplainedesvosgesinfo\/wp-json\/wp\/v2\/posts\/8928\/revisions"}],"wp:featuredmedia":[{"embeddable":true,"href":"https:\/\/vosgesinfo.fr\/laplainedesvosgesinfo\/wp-json\/wp\/v2\/media\/8929"}],"wp:attachment":[{"href":"https:\/\/vosgesinfo.fr\/laplainedesvosgesinfo\/wp-json\/wp\/v2\/media?parent=8928"}],"wp:term":[{"taxonomy":"category","embeddable":true,"href":"https:\/\/vosgesinfo.fr\/laplainedesvosgesinfo\/wp-json\/wp\/v2\/categories?post=8928"},{"taxonomy":"post_tag","embeddable":true,"href":"https:\/\/vosgesinfo.fr\/laplainedesvosgesinfo\/wp-json\/wp\/v2\/tags?post=8928"}],"curies":[{"name":"wp","href":"https:\/\/api.w.org\/{rel}","templated":true}]}}