{"id":9182,"date":"2017-01-15T07:30:02","date_gmt":"2017-01-15T06:30:02","guid":{"rendered":"https:\/\/vosgesinfo.fr\/laplainedesvosgesinfo\/2017\/01\/vittel-the-glenn-miller-memorial-orchestra-en-concert-ce-dimanche\/"},"modified":"2017-01-15T07:30:02","modified_gmt":"2017-01-15T06:30:02","slug":"vittel-the-glenn-miller-memorial-orchestra-en-concert-ce-dimanche","status":"publish","type":"post","link":"https:\/\/vosgesinfo.fr\/laplainedesvosgesinfo\/2017\/01\/vittel-the-glenn-miller-memorial-orchestra-en-concert-ce-dimanche\/","title":{"rendered":"Vittel \u2013 The Glenn Miller Memorial Orchestra en concert ce dimanche"},"content":{"rendered":"<p><a href=\"\/2016\/12\/glenn-miller.jpg\"><img decoding=\"async\" class=\"aligncenter size-full wp-image-83439\" src=\"\/2016\/12\/glenn-miller.jpg\" alt=\"glenn-miller\" width=\"800\" height=\"439\" \/><\/a><\/p>\n<p><strong>The Glenn Miller Memorial Orchestra, sera \u00e0 Vittel <\/strong><strong>s<\/strong><strong>ur la sc\u00e8ne de l\u2019Espace Alhambra, ce dimanche apr\u00e8s-midi. Ce spectacle sera l\u2019occasion de rendre hommage \u00e0 Frank Sinatra, avec le meilleur des ann\u00e9es swing. 17 musiciens et deux chanteurs interpr\u00e9teront leurs chansons dans la tradition du Big Band.<\/strong><\/p>\n<p>Ce nouveau spectacle cr\u00e9\u00e9 et dirig\u00e9 par Frank White pour c\u00e9l\u00e9brer les 30 ans de The Glenn Miller Memorial Orchestra apporte un nouveau concept \u00e0 nos concerts, incluant la c\u00e9l\u00e9bration du centenaire de Frank Sinatra tout en continuant de jouer les morceaux les plus populaires de l\u2019\u00e8re du Swing.<br \/>\nCe concert aura pour interpr\u00e8te notre chanteur Paul Wood avec une s\u00e9lection de chansons du r\u00e9pertoire de Sinatra, chantant les arrangements originaux de Nelson Riddle et Billy May, incluant, Come Fly With Me, The Lady Is A Tramp, Mack The Knife, You Make Me Feel So Young, etc.<br \/>\nNotre chanteuse Fiona Paige interpr\u00e8tera les plus grands hits des ann\u00e9es 40 tels This Can\u2019t Be Love et Why Don\u2019t You Do Right d\u2019Ella Fitzgerald et Peggy Lee, puis sera rejointe par Paul Wood pour quelques duos.<br \/>\nApr\u00e8s l\u2019entracte, l\u2019orchestre jouera les morceaux les plus connus de Glenn Miller ainsi qu\u2019une s\u00e9lection de hits des big bands de l\u2019\u00e8re du Swing incluant l\u2019incontournable Sing Sing Sing, ex\u00e9cut\u00e9 avec brio par notre batteur Dom Metz.<\/p>\n<p><strong>Dimanche 15 janvier 2017 \u2013 Espace Alhambra \u2013 16h &#8211; Tarifs : de 28 \u00e0 42 \u20ac<br \/>\n<\/strong><\/p>\n<p><strong>Renseignements et vente billetterie : Maison des Associations \u2013 03 29 08 37 37<\/strong><\/p>\n","protected":false},"excerpt":{"rendered":"<p>The Glenn Miller Memorial Orchestra, sera \u00e0 Vittel sur la sc\u00e8ne de l\u2019Espace Alhambra, ce dimanche apr\u00e8s-midi. Ce spectacle sera [&hellip;]<\/p>\n","protected":false},"author":1,"featured_media":9183,"comment_status":"open","ping_status":"open","sticky":false,"template":"","format":"standard","meta":{"footnotes":""},"categories":[29,37,38],"tags":[537,3215,77],"class_list":["post-9182","post","type-post","status-publish","format-standard","has-post-thumbnail","hentry","category-a-la-une","category-la-plaine","category-vittel-la-plaine","tag-concert","tag-glenn-miller","tag-vittel"],"acf":[],"yoast_head":"<!-- This site is optimized with the Yoast SEO plugin v22.5 - https:\/\/yoast.com\/wordpress\/plugins\/seo\/ -->\n<title>Vittel \u2013 The Glenn Miller Memorial Orchestra en concert ce dimanche - La Plaine des Vosges<\/title>\n<meta name=\"robots\" content=\"index, follow, max-snippet:-1, max-image-preview:large, max-video-preview:-1\" \/>\n<link rel=\"canonical\" href=\"https:\/\/vosgesinfo.fr\/laplainedesvosgesinfo\/2017\/01\/vittel-the-glenn-miller-memorial-orchestra-en-concert-ce-dimanche\/\" \/>\n<meta name=\"twitter:card\" content=\"summary_large_image\" \/>\n<meta name=\"twitter:title\" content=\"Vittel \u2013 The Glenn Miller Memorial Orchestra en concert ce dimanche - La Plaine des Vosges\" \/>\n<meta name=\"twitter:description\" content=\"The Glenn Miller Memorial Orchestra, sera \u00e0 Vittel sur la sc\u00e8ne de l\u2019Espace Alhambra, ce dimanche apr\u00e8s-midi. Ce spectacle sera [&hellip;]\" \/>\n<meta name=\"twitter:image\" content=\"https:\/\/vosgesinfo.fr\/app\/uploads\/sites\/2\/2024\/06\/201612glenn-miller-2.jpg\" \/>\n<meta name=\"twitter:creator\" content=\"@VosgesInfo88\" \/>\n<meta name=\"twitter:site\" content=\"@VosgesInfo88\" \/>\n<meta name=\"twitter:label1\" content=\"\u00c9crit par\" \/>\n\t<meta name=\"twitter:data1\" content=\"qs_admin\" \/>\n\t<meta name=\"twitter:label2\" content=\"Dur\u00e9e de lecture estim\u00e9e\" \/>\n\t<meta name=\"twitter:data2\" content=\"1 minute\" \/>\n<script type=\"application\/ld+json\" class=\"yoast-schema-graph\">{\"@context\":\"https:\/\/schema.org\",\"@graph\":[{\"@type\":\"Article\",\"@id\":\"https:\/\/vosgesinfo.fr\/laplainedesvosgesinfo\/2017\/01\/vittel-the-glenn-miller-memorial-orchestra-en-concert-ce-dimanche\/#article\",\"isPartOf\":{\"@id\":\"https:\/\/vosgesinfo.fr\/laplainedesvosgesinfo\/2017\/01\/vittel-the-glenn-miller-memorial-orchestra-en-concert-ce-dimanche\/\"},\"author\":{\"name\":\"qs_admin\",\"@id\":\"https:\/\/vosgesinfo.fr\/laplainedesvosgesinfo\/#\/schema\/person\/bc5d02d71e6932e81b6dadb7386667b1\"},\"headline\":\"Vittel \u2013 The Glenn Miller Memorial Orchestra en concert ce dimanche\",\"datePublished\":\"2017-01-15T06:30:02+00:00\",\"dateModified\":\"2017-01-15T06:30:02+00:00\",\"mainEntityOfPage\":{\"@id\":\"https:\/\/vosgesinfo.fr\/laplainedesvosgesinfo\/2017\/01\/vittel-the-glenn-miller-memorial-orchestra-en-concert-ce-dimanche\/\"},\"wordCount\":265,\"commentCount\":0,\"publisher\":{\"@id\":\"https:\/\/vosgesinfo.fr\/laplainedesvosgesinfo\/#organization\"},\"image\":{\"@id\":\"https:\/\/vosgesinfo.fr\/laplainedesvosgesinfo\/2017\/01\/vittel-the-glenn-miller-memorial-orchestra-en-concert-ce-dimanche\/#primaryimage\"},\"thumbnailUrl\":\"https:\/\/vosgesinfo.fr\/app\/uploads\/sites\/2\/2024\/06\/201612glenn-miller-2.jpg\",\"keywords\":[\"concert\",\"glenn miller\",\"Vittel\"],\"articleSection\":[\"A la Une\",\"La Plaine\",\"Vittel\"],\"inLanguage\":\"fr-FR\",\"potentialAction\":[{\"@type\":\"CommentAction\",\"name\":\"Comment\",\"target\":[\"https:\/\/vosgesinfo.fr\/laplainedesvosgesinfo\/2017\/01\/vittel-the-glenn-miller-memorial-orchestra-en-concert-ce-dimanche\/#respond\"]}]},{\"@type\":\"WebPage\",\"@id\":\"https:\/\/vosgesinfo.fr\/laplainedesvosgesinfo\/2017\/01\/vittel-the-glenn-miller-memorial-orchestra-en-concert-ce-dimanche\/\",\"url\":\"https:\/\/vosgesinfo.fr\/laplainedesvosgesinfo\/2017\/01\/vittel-the-glenn-miller-memorial-orchestra-en-concert-ce-dimanche\/\",\"name\":\"Vittel \u2013 The Glenn Miller Memorial Orchestra en concert ce dimanche - La Plaine des Vosges\",\"isPartOf\":{\"@id\":\"https:\/\/vosgesinfo.fr\/laplainedesvosgesinfo\/#website\"},\"primaryImageOfPage\":{\"@id\":\"https:\/\/vosgesinfo.fr\/laplainedesvosgesinfo\/2017\/01\/vittel-the-glenn-miller-memorial-orchestra-en-concert-ce-dimanche\/#primaryimage\"},\"image\":{\"@id\":\"https:\/\/vosgesinfo.fr\/laplainedesvosgesinfo\/2017\/01\/vittel-the-glenn-miller-memorial-orchestra-en-concert-ce-dimanche\/#primaryimage\"},\"thumbnailUrl\":\"https:\/\/vosgesinfo.fr\/app\/uploads\/sites\/2\/2024\/06\/201612glenn-miller-2.jpg\",\"datePublished\":\"2017-01-15T06:30:02+00:00\",\"dateModified\":\"2017-01-15T06:30:02+00:00\",\"breadcrumb\":{\"@id\":\"https:\/\/vosgesinfo.fr\/laplainedesvosgesinfo\/2017\/01\/vittel-the-glenn-miller-memorial-orchestra-en-concert-ce-dimanche\/#breadcrumb\"},\"inLanguage\":\"fr-FR\",\"potentialAction\":[{\"@type\":\"ReadAction\",\"target\":[\"https:\/\/vosgesinfo.fr\/laplainedesvosgesinfo\/2017\/01\/vittel-the-glenn-miller-memorial-orchestra-en-concert-ce-dimanche\/\"]}]},{\"@type\":\"ImageObject\",\"inLanguage\":\"fr-FR\",\"@id\":\"https:\/\/vosgesinfo.fr\/laplainedesvosgesinfo\/2017\/01\/vittel-the-glenn-miller-memorial-orchestra-en-concert-ce-dimanche\/#primaryimage\",\"url\":\"https:\/\/vosgesinfo.fr\/app\/uploads\/sites\/2\/2024\/06\/201612glenn-miller-2.jpg\",\"contentUrl\":\"https:\/\/vosgesinfo.fr\/app\/uploads\/sites\/2\/2024\/06\/201612glenn-miller-2.jpg\",\"width\":800,\"height\":439},{\"@type\":\"BreadcrumbList\",\"@id\":\"https:\/\/vosgesinfo.fr\/laplainedesvosgesinfo\/2017\/01\/vittel-the-glenn-miller-memorial-orchestra-en-concert-ce-dimanche\/#breadcrumb\",\"itemListElement\":[{\"@type\":\"ListItem\",\"position\":1,\"name\":\"Home\",\"item\":\"https:\/\/vosgesinfo.fr\/laplainedesvosgesinfo\/\"},{\"@type\":\"ListItem\",\"position\":2,\"name\":\"Vittel \u2013 The Glenn Miller Memorial Orchestra en concert ce dimanche\"}]},{\"@type\":\"WebSite\",\"@id\":\"https:\/\/vosgesinfo.fr\/laplainedesvosgesinfo\/#website\",\"url\":\"https:\/\/vosgesinfo.fr\/laplainedesvosgesinfo\/\",\"name\":\"La Plaine des Vosges\",\"description\":\"Toute l&#039;actualit\u00e9 de la plaine de Vosges\",\"publisher\":{\"@id\":\"https:\/\/vosgesinfo.fr\/laplainedesvosgesinfo\/#organization\"},\"alternateName\":\"Toute l'actualit\u00e9 de la plaine des Vosges\",\"potentialAction\":[{\"@type\":\"SearchAction\",\"target\":{\"@type\":\"EntryPoint\",\"urlTemplate\":\"https:\/\/vosgesinfo.fr\/laplainedesvosgesinfo\/?s={search_term_string}\"},\"query-input\":\"required name=search_term_string\"}],\"inLanguage\":\"fr-FR\"},{\"@type\":\"Organization\",\"@id\":\"https:\/\/vosgesinfo.fr\/laplainedesvosgesinfo\/#organization\",\"name\":\"La Plaine des Vosges\",\"url\":\"https:\/\/vosgesinfo.fr\/laplainedesvosgesinfo\/\",\"logo\":{\"@type\":\"ImageObject\",\"inLanguage\":\"fr-FR\",\"@id\":\"https:\/\/vosgesinfo.fr\/laplainedesvosgesinfo\/#\/schema\/logo\/image\/\",\"url\":\"https:\/\/vosgesinfo.fr\/app\/uploads\/sites\/2\/2023\/08\/logo-laplaineinfo.svg\",\"contentUrl\":\"https:\/\/vosgesinfo.fr\/app\/uploads\/sites\/2\/2023\/08\/logo-laplaineinfo.svg\",\"width\":1,\"height\":1,\"caption\":\"La Plaine des Vosges\"},\"image\":{\"@id\":\"https:\/\/vosgesinfo.fr\/laplainedesvosgesinfo\/#\/schema\/logo\/image\/\"},\"sameAs\":[\"https:\/\/www.facebook.com\/laplainedesvosges\",\"https:\/\/x.com\/VosgesInfo88\",\"https:\/\/www.youtube.com\/@vosgesinfo\"]},{\"@type\":\"Person\",\"@id\":\"https:\/\/vosgesinfo.fr\/laplainedesvosgesinfo\/#\/schema\/person\/bc5d02d71e6932e81b6dadb7386667b1\",\"name\":\"qs_admin\",\"image\":{\"@type\":\"ImageObject\",\"inLanguage\":\"fr-FR\",\"@id\":\"https:\/\/vosgesinfo.fr\/laplainedesvosgesinfo\/#\/schema\/person\/image\/\",\"url\":\"https:\/\/secure.gravatar.com\/avatar\/94b18ee0ed79e4a42ea2f2931277b6841a8999fc6fde214600c78057cf1fe1de?s=96&d=mm&r=g\",\"contentUrl\":\"https:\/\/secure.gravatar.com\/avatar\/94b18ee0ed79e4a42ea2f2931277b6841a8999fc6fde214600c78057cf1fe1de?s=96&d=mm&r=g\",\"caption\":\"qs_admin\"},\"sameAs\":[\"https:\/\/vosgesinfo.fr\/wp\"],\"url\":\"https:\/\/vosgesinfo.fr\/laplainedesvosgesinfo\/author\/qs_admin\/\"}]}<\/script>\n<!-- \/ Yoast SEO plugin. -->","yoast_head_json":{"title":"Vittel \u2013 The Glenn Miller Memorial Orchestra en concert ce dimanche - La Plaine des Vosges","robots":{"index":"index","follow":"follow","max-snippet":"max-snippet:-1","max-image-preview":"max-image-preview:large","max-video-preview":"max-video-preview:-1"},"canonical":"https:\/\/vosgesinfo.fr\/laplainedesvosgesinfo\/2017\/01\/vittel-the-glenn-miller-memorial-orchestra-en-concert-ce-dimanche\/","twitter_card":"summary_large_image","twitter_title":"Vittel \u2013 The Glenn Miller Memorial Orchestra en concert ce dimanche - La Plaine des Vosges","twitter_description":"The Glenn Miller Memorial Orchestra, sera \u00e0 Vittel sur la sc\u00e8ne de l\u2019Espace Alhambra, ce dimanche apr\u00e8s-midi. Ce spectacle sera [&hellip;]","twitter_image":"https:\/\/vosgesinfo.fr\/app\/uploads\/sites\/2\/2024\/06\/201612glenn-miller-2.jpg","twitter_creator":"@VosgesInfo88","twitter_site":"@VosgesInfo88","twitter_misc":{"\u00c9crit par":"qs_admin","Dur\u00e9e de lecture estim\u00e9e":"1 minute"},"schema":{"@context":"https:\/\/schema.org","@graph":[{"@type":"Article","@id":"https:\/\/vosgesinfo.fr\/laplainedesvosgesinfo\/2017\/01\/vittel-the-glenn-miller-memorial-orchestra-en-concert-ce-dimanche\/#article","isPartOf":{"@id":"https:\/\/vosgesinfo.fr\/laplainedesvosgesinfo\/2017\/01\/vittel-the-glenn-miller-memorial-orchestra-en-concert-ce-dimanche\/"},"author":{"name":"qs_admin","@id":"https:\/\/vosgesinfo.fr\/laplainedesvosgesinfo\/#\/schema\/person\/bc5d02d71e6932e81b6dadb7386667b1"},"headline":"Vittel \u2013 The Glenn Miller Memorial Orchestra en concert ce dimanche","datePublished":"2017-01-15T06:30:02+00:00","dateModified":"2017-01-15T06:30:02+00:00","mainEntityOfPage":{"@id":"https:\/\/vosgesinfo.fr\/laplainedesvosgesinfo\/2017\/01\/vittel-the-glenn-miller-memorial-orchestra-en-concert-ce-dimanche\/"},"wordCount":265,"commentCount":0,"publisher":{"@id":"https:\/\/vosgesinfo.fr\/laplainedesvosgesinfo\/#organization"},"image":{"@id":"https:\/\/vosgesinfo.fr\/laplainedesvosgesinfo\/2017\/01\/vittel-the-glenn-miller-memorial-orchestra-en-concert-ce-dimanche\/#primaryimage"},"thumbnailUrl":"https:\/\/vosgesinfo.fr\/app\/uploads\/sites\/2\/2024\/06\/201612glenn-miller-2.jpg","keywords":["concert","glenn miller","Vittel"],"articleSection":["A la Une","La Plaine","Vittel"],"inLanguage":"fr-FR","potentialAction":[{"@type":"CommentAction","name":"Comment","target":["https:\/\/vosgesinfo.fr\/laplainedesvosgesinfo\/2017\/01\/vittel-the-glenn-miller-memorial-orchestra-en-concert-ce-dimanche\/#respond"]}]},{"@type":"WebPage","@id":"https:\/\/vosgesinfo.fr\/laplainedesvosgesinfo\/2017\/01\/vittel-the-glenn-miller-memorial-orchestra-en-concert-ce-dimanche\/","url":"https:\/\/vosgesinfo.fr\/laplainedesvosgesinfo\/2017\/01\/vittel-the-glenn-miller-memorial-orchestra-en-concert-ce-dimanche\/","name":"Vittel \u2013 The Glenn Miller Memorial Orchestra en concert ce dimanche - La Plaine des Vosges","isPartOf":{"@id":"https:\/\/vosgesinfo.fr\/laplainedesvosgesinfo\/#website"},"primaryImageOfPage":{"@id":"https:\/\/vosgesinfo.fr\/laplainedesvosgesinfo\/2017\/01\/vittel-the-glenn-miller-memorial-orchestra-en-concert-ce-dimanche\/#primaryimage"},"image":{"@id":"https:\/\/vosgesinfo.fr\/laplainedesvosgesinfo\/2017\/01\/vittel-the-glenn-miller-memorial-orchestra-en-concert-ce-dimanche\/#primaryimage"},"thumbnailUrl":"https:\/\/vosgesinfo.fr\/app\/uploads\/sites\/2\/2024\/06\/201612glenn-miller-2.jpg","datePublished":"2017-01-15T06:30:02+00:00","dateModified":"2017-01-15T06:30:02+00:00","breadcrumb":{"@id":"https:\/\/vosgesinfo.fr\/laplainedesvosgesinfo\/2017\/01\/vittel-the-glenn-miller-memorial-orchestra-en-concert-ce-dimanche\/#breadcrumb"},"inLanguage":"fr-FR","potentialAction":[{"@type":"ReadAction","target":["https:\/\/vosgesinfo.fr\/laplainedesvosgesinfo\/2017\/01\/vittel-the-glenn-miller-memorial-orchestra-en-concert-ce-dimanche\/"]}]},{"@type":"ImageObject","inLanguage":"fr-FR","@id":"https:\/\/vosgesinfo.fr\/laplainedesvosgesinfo\/2017\/01\/vittel-the-glenn-miller-memorial-orchestra-en-concert-ce-dimanche\/#primaryimage","url":"https:\/\/vosgesinfo.fr\/app\/uploads\/sites\/2\/2024\/06\/201612glenn-miller-2.jpg","contentUrl":"https:\/\/vosgesinfo.fr\/app\/uploads\/sites\/2\/2024\/06\/201612glenn-miller-2.jpg","width":800,"height":439},{"@type":"BreadcrumbList","@id":"https:\/\/vosgesinfo.fr\/laplainedesvosgesinfo\/2017\/01\/vittel-the-glenn-miller-memorial-orchestra-en-concert-ce-dimanche\/#breadcrumb","itemListElement":[{"@type":"ListItem","position":1,"name":"Home","item":"https:\/\/vosgesinfo.fr\/laplainedesvosgesinfo\/"},{"@type":"ListItem","position":2,"name":"Vittel \u2013 The Glenn Miller Memorial Orchestra en concert ce dimanche"}]},{"@type":"WebSite","@id":"https:\/\/vosgesinfo.fr\/laplainedesvosgesinfo\/#website","url":"https:\/\/vosgesinfo.fr\/laplainedesvosgesinfo\/","name":"La Plaine des Vosges","description":"Toute l&#039;actualit\u00e9 de la plaine de Vosges","publisher":{"@id":"https:\/\/vosgesinfo.fr\/laplainedesvosgesinfo\/#organization"},"alternateName":"Toute l'actualit\u00e9 de la plaine des Vosges","potentialAction":[{"@type":"SearchAction","target":{"@type":"EntryPoint","urlTemplate":"https:\/\/vosgesinfo.fr\/laplainedesvosgesinfo\/?s={search_term_string}"},"query-input":"required name=search_term_string"}],"inLanguage":"fr-FR"},{"@type":"Organization","@id":"https:\/\/vosgesinfo.fr\/laplainedesvosgesinfo\/#organization","name":"La Plaine des Vosges","url":"https:\/\/vosgesinfo.fr\/laplainedesvosgesinfo\/","logo":{"@type":"ImageObject","inLanguage":"fr-FR","@id":"https:\/\/vosgesinfo.fr\/laplainedesvosgesinfo\/#\/schema\/logo\/image\/","url":"https:\/\/vosgesinfo.fr\/app\/uploads\/sites\/2\/2023\/08\/logo-laplaineinfo.svg","contentUrl":"https:\/\/vosgesinfo.fr\/app\/uploads\/sites\/2\/2023\/08\/logo-laplaineinfo.svg","width":1,"height":1,"caption":"La Plaine des Vosges"},"image":{"@id":"https:\/\/vosgesinfo.fr\/laplainedesvosgesinfo\/#\/schema\/logo\/image\/"},"sameAs":["https:\/\/www.facebook.com\/laplainedesvosges","https:\/\/x.com\/VosgesInfo88","https:\/\/www.youtube.com\/@vosgesinfo"]},{"@type":"Person","@id":"https:\/\/vosgesinfo.fr\/laplainedesvosgesinfo\/#\/schema\/person\/bc5d02d71e6932e81b6dadb7386667b1","name":"qs_admin","image":{"@type":"ImageObject","inLanguage":"fr-FR","@id":"https:\/\/vosgesinfo.fr\/laplainedesvosgesinfo\/#\/schema\/person\/image\/","url":"https:\/\/secure.gravatar.com\/avatar\/94b18ee0ed79e4a42ea2f2931277b6841a8999fc6fde214600c78057cf1fe1de?s=96&d=mm&r=g","contentUrl":"https:\/\/secure.gravatar.com\/avatar\/94b18ee0ed79e4a42ea2f2931277b6841a8999fc6fde214600c78057cf1fe1de?s=96&d=mm&r=g","caption":"qs_admin"},"sameAs":["https:\/\/vosgesinfo.fr\/wp"],"url":"https:\/\/vosgesinfo.fr\/laplainedesvosgesinfo\/author\/qs_admin\/"}]}},"_links":{"self":[{"href":"https:\/\/vosgesinfo.fr\/laplainedesvosgesinfo\/wp-json\/wp\/v2\/posts\/9182","targetHints":{"allow":["GET"]}}],"collection":[{"href":"https:\/\/vosgesinfo.fr\/laplainedesvosgesinfo\/wp-json\/wp\/v2\/posts"}],"about":[{"href":"https:\/\/vosgesinfo.fr\/laplainedesvosgesinfo\/wp-json\/wp\/v2\/types\/post"}],"author":[{"embeddable":true,"href":"https:\/\/vosgesinfo.fr\/laplainedesvosgesinfo\/wp-json\/wp\/v2\/users\/1"}],"replies":[{"embeddable":true,"href":"https:\/\/vosgesinfo.fr\/laplainedesvosgesinfo\/wp-json\/wp\/v2\/comments?post=9182"}],"version-history":[{"count":0,"href":"https:\/\/vosgesinfo.fr\/laplainedesvosgesinfo\/wp-json\/wp\/v2\/posts\/9182\/revisions"}],"wp:featuredmedia":[{"embeddable":true,"href":"https:\/\/vosgesinfo.fr\/laplainedesvosgesinfo\/wp-json\/wp\/v2\/media\/9183"}],"wp:attachment":[{"href":"https:\/\/vosgesinfo.fr\/laplainedesvosgesinfo\/wp-json\/wp\/v2\/media?parent=9182"}],"wp:term":[{"taxonomy":"category","embeddable":true,"href":"https:\/\/vosgesinfo.fr\/laplainedesvosgesinfo\/wp-json\/wp\/v2\/categories?post=9182"},{"taxonomy":"post_tag","embeddable":true,"href":"https:\/\/vosgesinfo.fr\/laplainedesvosgesinfo\/wp-json\/wp\/v2\/tags?post=9182"}],"curies":[{"name":"wp","href":"https:\/\/api.w.org\/{rel}","templated":true}]}}