{"id":9184,"date":"2017-01-15T11:19:17","date_gmt":"2017-01-15T10:19:17","guid":{"rendered":"https:\/\/vosgesinfo.fr\/laplainedesvosgesinfo\/2017\/01\/la-plaine-les-emplacements-du-radar-mobile-du-lundi-16-au-dimanche-22-janvier\/"},"modified":"2017-01-15T11:19:17","modified_gmt":"2017-01-15T10:19:17","slug":"la-plaine-les-emplacements-du-radar-mobile-du-lundi-16-au-dimanche-22-janvier","status":"publish","type":"post","link":"https:\/\/vosgesinfo.fr\/laplainedesvosgesinfo\/2017\/01\/la-plaine-les-emplacements-du-radar-mobile-du-lundi-16-au-dimanche-22-janvier\/","title":{"rendered":"La Plaine &#8211; Les emplacements du radar mobile du lundi 16 au dimanche 22 janvier"},"content":{"rendered":"<div id=\"attachment_75805\" style=\"width: 810px\" class=\"wp-caption aligncenter\"><a href=\"\/2016\/04\/voiture-gendarme.jpg\"><img decoding=\"async\" aria-describedby=\"caption-attachment-75805\" class=\"size-full wp-image-75805\" src=\"\/2016\/04\/voiture-gendarme.jpg\" alt=\"(photographie : Gendarmerie des Vosges)\" width=\"800\" height=\"534\" \/><\/a><p id=\"caption-attachment-75805\" class=\"wp-caption-text\">(photographie : Gendarmerie des Vosges)<\/p><\/div>\n<p style=\"text-align: justify;\"><strong>La gendarmerie des Vosges vous communique l\u2019emploi des v\u00e9hicules radar mobile ETM pour la semaine du lundi 16 au dimanche 22 janvier 2017. Ces informations sont donn\u00e9es \u00e0 titre indicatif et ne pourront \u00eatre oppos\u00e9es \u00e0 la gendarmerie qui se r\u00e9serve la possibilit\u00e9 d\u2019adapter son service en permanence selon la situation op\u00e9rationnelle.<\/strong><\/p>\n<p style=\"text-align: justify;\"><a href=\"\/2017\/01\/15937116_1336404473101081_546820862858918623_o.png\"><img decoding=\"async\" class=\"aligncenter  wp-image-83875\" src=\"\/2017\/01\/15937116_1336404473101081_546820862858918623_o.png\" alt=\"15937116_1336404473101081_546820862858918623_o\" width=\"992\" height=\"379\" \/><\/a><\/p>\n","protected":false},"excerpt":{"rendered":"<p>La gendarmerie des Vosges vous communique l\u2019emploi des v\u00e9hicules radar mobile ETM pour la semaine du lundi 16 au dimanche [&hellip;]<\/p>\n","protected":false},"author":1,"featured_media":9185,"comment_status":"open","ping_status":"open","sticky":false,"template":"","format":"standard","meta":{"footnotes":""},"categories":[29,37],"tags":[1611,1002,1821,1070],"class_list":["post-9184","post","type-post","status-publish","format-standard","has-post-thumbnail","hentry","category-a-la-une","category-la-plaine","tag-etm","tag-gendarmerie-des-vosges","tag-la-plaine","tag-radar-mobile"],"acf":[],"yoast_head":"<!-- This site is optimized with the Yoast SEO plugin v22.5 - https:\/\/yoast.com\/wordpress\/plugins\/seo\/ -->\n<title>La Plaine - Les emplacements du radar mobile du lundi 16 au dimanche 22 janvier - La Plaine des Vosges<\/title>\n<meta name=\"robots\" content=\"index, follow, max-snippet:-1, max-image-preview:large, max-video-preview:-1\" \/>\n<link rel=\"canonical\" href=\"https:\/\/vosgesinfo.fr\/laplainedesvosgesinfo\/2017\/01\/la-plaine-les-emplacements-du-radar-mobile-du-lundi-16-au-dimanche-22-janvier\/\" \/>\n<meta name=\"twitter:card\" content=\"summary_large_image\" \/>\n<meta name=\"twitter:title\" content=\"La Plaine - Les emplacements du radar mobile du lundi 16 au dimanche 22 janvier - La Plaine des Vosges\" \/>\n<meta name=\"twitter:description\" content=\"La gendarmerie des Vosges vous communique l\u2019emploi des v\u00e9hicules radar mobile ETM pour la semaine du lundi 16 au dimanche [&hellip;]\" \/>\n<meta name=\"twitter:image\" content=\"https:\/\/vosgesinfo.fr\/app\/uploads\/sites\/2\/2024\/06\/201612gendarmerie-controles-3.jpg\" \/>\n<meta name=\"twitter:creator\" content=\"@VosgesInfo88\" \/>\n<meta name=\"twitter:site\" content=\"@VosgesInfo88\" \/>\n<meta name=\"twitter:label1\" content=\"\u00c9crit par\" \/>\n\t<meta name=\"twitter:data1\" content=\"qs_admin\" \/>\n<script type=\"application\/ld+json\" class=\"yoast-schema-graph\">{\"@context\":\"https:\/\/schema.org\",\"@graph\":[{\"@type\":\"Article\",\"@id\":\"https:\/\/vosgesinfo.fr\/laplainedesvosgesinfo\/2017\/01\/la-plaine-les-emplacements-du-radar-mobile-du-lundi-16-au-dimanche-22-janvier\/#article\",\"isPartOf\":{\"@id\":\"https:\/\/vosgesinfo.fr\/laplainedesvosgesinfo\/2017\/01\/la-plaine-les-emplacements-du-radar-mobile-du-lundi-16-au-dimanche-22-janvier\/\"},\"author\":{\"name\":\"qs_admin\",\"@id\":\"https:\/\/vosgesinfo.fr\/laplainedesvosgesinfo\/#\/schema\/person\/bc5d02d71e6932e81b6dadb7386667b1\"},\"headline\":\"La Plaine &#8211; Les emplacements du radar mobile du lundi 16 au dimanche 22 janvier\",\"datePublished\":\"2017-01-15T10:19:17+00:00\",\"dateModified\":\"2017-01-15T10:19:17+00:00\",\"mainEntityOfPage\":{\"@id\":\"https:\/\/vosgesinfo.fr\/laplainedesvosgesinfo\/2017\/01\/la-plaine-les-emplacements-du-radar-mobile-du-lundi-16-au-dimanche-22-janvier\/\"},\"wordCount\":78,\"commentCount\":0,\"publisher\":{\"@id\":\"https:\/\/vosgesinfo.fr\/laplainedesvosgesinfo\/#organization\"},\"image\":{\"@id\":\"https:\/\/vosgesinfo.fr\/laplainedesvosgesinfo\/2017\/01\/la-plaine-les-emplacements-du-radar-mobile-du-lundi-16-au-dimanche-22-janvier\/#primaryimage\"},\"thumbnailUrl\":\"https:\/\/vosgesinfo.fr\/app\/uploads\/sites\/2\/2024\/06\/201612gendarmerie-controles-3.jpg\",\"keywords\":[\"ETM\",\"gendarmerie des Vosges\",\"La plaine\",\"radar mobile\"],\"articleSection\":[\"A la Une\",\"La Plaine\"],\"inLanguage\":\"fr-FR\",\"potentialAction\":[{\"@type\":\"CommentAction\",\"name\":\"Comment\",\"target\":[\"https:\/\/vosgesinfo.fr\/laplainedesvosgesinfo\/2017\/01\/la-plaine-les-emplacements-du-radar-mobile-du-lundi-16-au-dimanche-22-janvier\/#respond\"]}]},{\"@type\":\"WebPage\",\"@id\":\"https:\/\/vosgesinfo.fr\/laplainedesvosgesinfo\/2017\/01\/la-plaine-les-emplacements-du-radar-mobile-du-lundi-16-au-dimanche-22-janvier\/\",\"url\":\"https:\/\/vosgesinfo.fr\/laplainedesvosgesinfo\/2017\/01\/la-plaine-les-emplacements-du-radar-mobile-du-lundi-16-au-dimanche-22-janvier\/\",\"name\":\"La Plaine - Les emplacements du radar mobile du lundi 16 au dimanche 22 janvier - La Plaine des Vosges\",\"isPartOf\":{\"@id\":\"https:\/\/vosgesinfo.fr\/laplainedesvosgesinfo\/#website\"},\"primaryImageOfPage\":{\"@id\":\"https:\/\/vosgesinfo.fr\/laplainedesvosgesinfo\/2017\/01\/la-plaine-les-emplacements-du-radar-mobile-du-lundi-16-au-dimanche-22-janvier\/#primaryimage\"},\"image\":{\"@id\":\"https:\/\/vosgesinfo.fr\/laplainedesvosgesinfo\/2017\/01\/la-plaine-les-emplacements-du-radar-mobile-du-lundi-16-au-dimanche-22-janvier\/#primaryimage\"},\"thumbnailUrl\":\"https:\/\/vosgesinfo.fr\/app\/uploads\/sites\/2\/2024\/06\/201612gendarmerie-controles-3.jpg\",\"datePublished\":\"2017-01-15T10:19:17+00:00\",\"dateModified\":\"2017-01-15T10:19:17+00:00\",\"breadcrumb\":{\"@id\":\"https:\/\/vosgesinfo.fr\/laplainedesvosgesinfo\/2017\/01\/la-plaine-les-emplacements-du-radar-mobile-du-lundi-16-au-dimanche-22-janvier\/#breadcrumb\"},\"inLanguage\":\"fr-FR\",\"potentialAction\":[{\"@type\":\"ReadAction\",\"target\":[\"https:\/\/vosgesinfo.fr\/laplainedesvosgesinfo\/2017\/01\/la-plaine-les-emplacements-du-radar-mobile-du-lundi-16-au-dimanche-22-janvier\/\"]}]},{\"@type\":\"ImageObject\",\"inLanguage\":\"fr-FR\",\"@id\":\"https:\/\/vosgesinfo.fr\/laplainedesvosgesinfo\/2017\/01\/la-plaine-les-emplacements-du-radar-mobile-du-lundi-16-au-dimanche-22-janvier\/#primaryimage\",\"url\":\"https:\/\/vosgesinfo.fr\/app\/uploads\/sites\/2\/2024\/06\/201612gendarmerie-controles-3.jpg\",\"contentUrl\":\"https:\/\/vosgesinfo.fr\/app\/uploads\/sites\/2\/2024\/06\/201612gendarmerie-controles-3.jpg\",\"width\":768,\"height\":432},{\"@type\":\"BreadcrumbList\",\"@id\":\"https:\/\/vosgesinfo.fr\/laplainedesvosgesinfo\/2017\/01\/la-plaine-les-emplacements-du-radar-mobile-du-lundi-16-au-dimanche-22-janvier\/#breadcrumb\",\"itemListElement\":[{\"@type\":\"ListItem\",\"position\":1,\"name\":\"Home\",\"item\":\"https:\/\/vosgesinfo.fr\/laplainedesvosgesinfo\/\"},{\"@type\":\"ListItem\",\"position\":2,\"name\":\"La Plaine &#8211; Les emplacements du radar mobile du lundi 16 au dimanche 22 janvier\"}]},{\"@type\":\"WebSite\",\"@id\":\"https:\/\/vosgesinfo.fr\/laplainedesvosgesinfo\/#website\",\"url\":\"https:\/\/vosgesinfo.fr\/laplainedesvosgesinfo\/\",\"name\":\"La Plaine des Vosges\",\"description\":\"Toute l&#039;actualit\u00e9 de la plaine de Vosges\",\"publisher\":{\"@id\":\"https:\/\/vosgesinfo.fr\/laplainedesvosgesinfo\/#organization\"},\"alternateName\":\"Toute l'actualit\u00e9 de la plaine des Vosges\",\"potentialAction\":[{\"@type\":\"SearchAction\",\"target\":{\"@type\":\"EntryPoint\",\"urlTemplate\":\"https:\/\/vosgesinfo.fr\/laplainedesvosgesinfo\/?s={search_term_string}\"},\"query-input\":\"required name=search_term_string\"}],\"inLanguage\":\"fr-FR\"},{\"@type\":\"Organization\",\"@id\":\"https:\/\/vosgesinfo.fr\/laplainedesvosgesinfo\/#organization\",\"name\":\"La Plaine des Vosges\",\"url\":\"https:\/\/vosgesinfo.fr\/laplainedesvosgesinfo\/\",\"logo\":{\"@type\":\"ImageObject\",\"inLanguage\":\"fr-FR\",\"@id\":\"https:\/\/vosgesinfo.fr\/laplainedesvosgesinfo\/#\/schema\/logo\/image\/\",\"url\":\"https:\/\/vosgesinfo.fr\/app\/uploads\/sites\/2\/2023\/08\/logo-laplaineinfo.svg\",\"contentUrl\":\"https:\/\/vosgesinfo.fr\/app\/uploads\/sites\/2\/2023\/08\/logo-laplaineinfo.svg\",\"width\":1,\"height\":1,\"caption\":\"La Plaine des Vosges\"},\"image\":{\"@id\":\"https:\/\/vosgesinfo.fr\/laplainedesvosgesinfo\/#\/schema\/logo\/image\/\"},\"sameAs\":[\"https:\/\/www.facebook.com\/laplainedesvosges\",\"https:\/\/x.com\/VosgesInfo88\",\"https:\/\/www.youtube.com\/@vosgesinfo\"]},{\"@type\":\"Person\",\"@id\":\"https:\/\/vosgesinfo.fr\/laplainedesvosgesinfo\/#\/schema\/person\/bc5d02d71e6932e81b6dadb7386667b1\",\"name\":\"qs_admin\",\"image\":{\"@type\":\"ImageObject\",\"inLanguage\":\"fr-FR\",\"@id\":\"https:\/\/vosgesinfo.fr\/laplainedesvosgesinfo\/#\/schema\/person\/image\/\",\"url\":\"https:\/\/secure.gravatar.com\/avatar\/94b18ee0ed79e4a42ea2f2931277b6841a8999fc6fde214600c78057cf1fe1de?s=96&d=mm&r=g\",\"contentUrl\":\"https:\/\/secure.gravatar.com\/avatar\/94b18ee0ed79e4a42ea2f2931277b6841a8999fc6fde214600c78057cf1fe1de?s=96&d=mm&r=g\",\"caption\":\"qs_admin\"},\"sameAs\":[\"https:\/\/vosgesinfo.fr\/wp\"],\"url\":\"https:\/\/vosgesinfo.fr\/laplainedesvosgesinfo\/author\/qs_admin\/\"}]}<\/script>\n<!-- \/ Yoast SEO plugin. -->","yoast_head_json":{"title":"La Plaine - Les emplacements du radar mobile du lundi 16 au dimanche 22 janvier - La Plaine des Vosges","robots":{"index":"index","follow":"follow","max-snippet":"max-snippet:-1","max-image-preview":"max-image-preview:large","max-video-preview":"max-video-preview:-1"},"canonical":"https:\/\/vosgesinfo.fr\/laplainedesvosgesinfo\/2017\/01\/la-plaine-les-emplacements-du-radar-mobile-du-lundi-16-au-dimanche-22-janvier\/","twitter_card":"summary_large_image","twitter_title":"La Plaine - Les emplacements du radar mobile du lundi 16 au dimanche 22 janvier - La Plaine des Vosges","twitter_description":"La gendarmerie des Vosges vous communique l\u2019emploi des v\u00e9hicules radar mobile ETM pour la semaine du lundi 16 au dimanche [&hellip;]","twitter_image":"https:\/\/vosgesinfo.fr\/app\/uploads\/sites\/2\/2024\/06\/201612gendarmerie-controles-3.jpg","twitter_creator":"@VosgesInfo88","twitter_site":"@VosgesInfo88","twitter_misc":{"\u00c9crit par":"qs_admin"},"schema":{"@context":"https:\/\/schema.org","@graph":[{"@type":"Article","@id":"https:\/\/vosgesinfo.fr\/laplainedesvosgesinfo\/2017\/01\/la-plaine-les-emplacements-du-radar-mobile-du-lundi-16-au-dimanche-22-janvier\/#article","isPartOf":{"@id":"https:\/\/vosgesinfo.fr\/laplainedesvosgesinfo\/2017\/01\/la-plaine-les-emplacements-du-radar-mobile-du-lundi-16-au-dimanche-22-janvier\/"},"author":{"name":"qs_admin","@id":"https:\/\/vosgesinfo.fr\/laplainedesvosgesinfo\/#\/schema\/person\/bc5d02d71e6932e81b6dadb7386667b1"},"headline":"La Plaine &#8211; Les emplacements du radar mobile du lundi 16 au dimanche 22 janvier","datePublished":"2017-01-15T10:19:17+00:00","dateModified":"2017-01-15T10:19:17+00:00","mainEntityOfPage":{"@id":"https:\/\/vosgesinfo.fr\/laplainedesvosgesinfo\/2017\/01\/la-plaine-les-emplacements-du-radar-mobile-du-lundi-16-au-dimanche-22-janvier\/"},"wordCount":78,"commentCount":0,"publisher":{"@id":"https:\/\/vosgesinfo.fr\/laplainedesvosgesinfo\/#organization"},"image":{"@id":"https:\/\/vosgesinfo.fr\/laplainedesvosgesinfo\/2017\/01\/la-plaine-les-emplacements-du-radar-mobile-du-lundi-16-au-dimanche-22-janvier\/#primaryimage"},"thumbnailUrl":"https:\/\/vosgesinfo.fr\/app\/uploads\/sites\/2\/2024\/06\/201612gendarmerie-controles-3.jpg","keywords":["ETM","gendarmerie des Vosges","La plaine","radar mobile"],"articleSection":["A la Une","La Plaine"],"inLanguage":"fr-FR","potentialAction":[{"@type":"CommentAction","name":"Comment","target":["https:\/\/vosgesinfo.fr\/laplainedesvosgesinfo\/2017\/01\/la-plaine-les-emplacements-du-radar-mobile-du-lundi-16-au-dimanche-22-janvier\/#respond"]}]},{"@type":"WebPage","@id":"https:\/\/vosgesinfo.fr\/laplainedesvosgesinfo\/2017\/01\/la-plaine-les-emplacements-du-radar-mobile-du-lundi-16-au-dimanche-22-janvier\/","url":"https:\/\/vosgesinfo.fr\/laplainedesvosgesinfo\/2017\/01\/la-plaine-les-emplacements-du-radar-mobile-du-lundi-16-au-dimanche-22-janvier\/","name":"La Plaine - Les emplacements du radar mobile du lundi 16 au dimanche 22 janvier - La Plaine des Vosges","isPartOf":{"@id":"https:\/\/vosgesinfo.fr\/laplainedesvosgesinfo\/#website"},"primaryImageOfPage":{"@id":"https:\/\/vosgesinfo.fr\/laplainedesvosgesinfo\/2017\/01\/la-plaine-les-emplacements-du-radar-mobile-du-lundi-16-au-dimanche-22-janvier\/#primaryimage"},"image":{"@id":"https:\/\/vosgesinfo.fr\/laplainedesvosgesinfo\/2017\/01\/la-plaine-les-emplacements-du-radar-mobile-du-lundi-16-au-dimanche-22-janvier\/#primaryimage"},"thumbnailUrl":"https:\/\/vosgesinfo.fr\/app\/uploads\/sites\/2\/2024\/06\/201612gendarmerie-controles-3.jpg","datePublished":"2017-01-15T10:19:17+00:00","dateModified":"2017-01-15T10:19:17+00:00","breadcrumb":{"@id":"https:\/\/vosgesinfo.fr\/laplainedesvosgesinfo\/2017\/01\/la-plaine-les-emplacements-du-radar-mobile-du-lundi-16-au-dimanche-22-janvier\/#breadcrumb"},"inLanguage":"fr-FR","potentialAction":[{"@type":"ReadAction","target":["https:\/\/vosgesinfo.fr\/laplainedesvosgesinfo\/2017\/01\/la-plaine-les-emplacements-du-radar-mobile-du-lundi-16-au-dimanche-22-janvier\/"]}]},{"@type":"ImageObject","inLanguage":"fr-FR","@id":"https:\/\/vosgesinfo.fr\/laplainedesvosgesinfo\/2017\/01\/la-plaine-les-emplacements-du-radar-mobile-du-lundi-16-au-dimanche-22-janvier\/#primaryimage","url":"https:\/\/vosgesinfo.fr\/app\/uploads\/sites\/2\/2024\/06\/201612gendarmerie-controles-3.jpg","contentUrl":"https:\/\/vosgesinfo.fr\/app\/uploads\/sites\/2\/2024\/06\/201612gendarmerie-controles-3.jpg","width":768,"height":432},{"@type":"BreadcrumbList","@id":"https:\/\/vosgesinfo.fr\/laplainedesvosgesinfo\/2017\/01\/la-plaine-les-emplacements-du-radar-mobile-du-lundi-16-au-dimanche-22-janvier\/#breadcrumb","itemListElement":[{"@type":"ListItem","position":1,"name":"Home","item":"https:\/\/vosgesinfo.fr\/laplainedesvosgesinfo\/"},{"@type":"ListItem","position":2,"name":"La Plaine &#8211; Les emplacements du radar mobile du lundi 16 au dimanche 22 janvier"}]},{"@type":"WebSite","@id":"https:\/\/vosgesinfo.fr\/laplainedesvosgesinfo\/#website","url":"https:\/\/vosgesinfo.fr\/laplainedesvosgesinfo\/","name":"La Plaine des Vosges","description":"Toute l&#039;actualit\u00e9 de la plaine de Vosges","publisher":{"@id":"https:\/\/vosgesinfo.fr\/laplainedesvosgesinfo\/#organization"},"alternateName":"Toute l'actualit\u00e9 de la plaine des Vosges","potentialAction":[{"@type":"SearchAction","target":{"@type":"EntryPoint","urlTemplate":"https:\/\/vosgesinfo.fr\/laplainedesvosgesinfo\/?s={search_term_string}"},"query-input":"required name=search_term_string"}],"inLanguage":"fr-FR"},{"@type":"Organization","@id":"https:\/\/vosgesinfo.fr\/laplainedesvosgesinfo\/#organization","name":"La Plaine des Vosges","url":"https:\/\/vosgesinfo.fr\/laplainedesvosgesinfo\/","logo":{"@type":"ImageObject","inLanguage":"fr-FR","@id":"https:\/\/vosgesinfo.fr\/laplainedesvosgesinfo\/#\/schema\/logo\/image\/","url":"https:\/\/vosgesinfo.fr\/app\/uploads\/sites\/2\/2023\/08\/logo-laplaineinfo.svg","contentUrl":"https:\/\/vosgesinfo.fr\/app\/uploads\/sites\/2\/2023\/08\/logo-laplaineinfo.svg","width":1,"height":1,"caption":"La Plaine des Vosges"},"image":{"@id":"https:\/\/vosgesinfo.fr\/laplainedesvosgesinfo\/#\/schema\/logo\/image\/"},"sameAs":["https:\/\/www.facebook.com\/laplainedesvosges","https:\/\/x.com\/VosgesInfo88","https:\/\/www.youtube.com\/@vosgesinfo"]},{"@type":"Person","@id":"https:\/\/vosgesinfo.fr\/laplainedesvosgesinfo\/#\/schema\/person\/bc5d02d71e6932e81b6dadb7386667b1","name":"qs_admin","image":{"@type":"ImageObject","inLanguage":"fr-FR","@id":"https:\/\/vosgesinfo.fr\/laplainedesvosgesinfo\/#\/schema\/person\/image\/","url":"https:\/\/secure.gravatar.com\/avatar\/94b18ee0ed79e4a42ea2f2931277b6841a8999fc6fde214600c78057cf1fe1de?s=96&d=mm&r=g","contentUrl":"https:\/\/secure.gravatar.com\/avatar\/94b18ee0ed79e4a42ea2f2931277b6841a8999fc6fde214600c78057cf1fe1de?s=96&d=mm&r=g","caption":"qs_admin"},"sameAs":["https:\/\/vosgesinfo.fr\/wp"],"url":"https:\/\/vosgesinfo.fr\/laplainedesvosgesinfo\/author\/qs_admin\/"}]}},"_links":{"self":[{"href":"https:\/\/vosgesinfo.fr\/laplainedesvosgesinfo\/wp-json\/wp\/v2\/posts\/9184","targetHints":{"allow":["GET"]}}],"collection":[{"href":"https:\/\/vosgesinfo.fr\/laplainedesvosgesinfo\/wp-json\/wp\/v2\/posts"}],"about":[{"href":"https:\/\/vosgesinfo.fr\/laplainedesvosgesinfo\/wp-json\/wp\/v2\/types\/post"}],"author":[{"embeddable":true,"href":"https:\/\/vosgesinfo.fr\/laplainedesvosgesinfo\/wp-json\/wp\/v2\/users\/1"}],"replies":[{"embeddable":true,"href":"https:\/\/vosgesinfo.fr\/laplainedesvosgesinfo\/wp-json\/wp\/v2\/comments?post=9184"}],"version-history":[{"count":0,"href":"https:\/\/vosgesinfo.fr\/laplainedesvosgesinfo\/wp-json\/wp\/v2\/posts\/9184\/revisions"}],"wp:featuredmedia":[{"embeddable":true,"href":"https:\/\/vosgesinfo.fr\/laplainedesvosgesinfo\/wp-json\/wp\/v2\/media\/9185"}],"wp:attachment":[{"href":"https:\/\/vosgesinfo.fr\/laplainedesvosgesinfo\/wp-json\/wp\/v2\/media?parent=9184"}],"wp:term":[{"taxonomy":"category","embeddable":true,"href":"https:\/\/vosgesinfo.fr\/laplainedesvosgesinfo\/wp-json\/wp\/v2\/categories?post=9184"},{"taxonomy":"post_tag","embeddable":true,"href":"https:\/\/vosgesinfo.fr\/laplainedesvosgesinfo\/wp-json\/wp\/v2\/tags?post=9184"}],"curies":[{"name":"wp","href":"https:\/\/api.w.org\/{rel}","templated":true}]}}