{"id":9193,"date":"2017-01-15T17:00:21","date_gmt":"2017-01-15T16:00:21","guid":{"rendered":"https:\/\/vosgesinfo.fr\/laplainedesvosgesinfo\/2017\/01\/sous-prefecture-premiere-ceremonie-de-voeux-pour-jeanne-vo-huu-le\/"},"modified":"2017-01-15T17:00:21","modified_gmt":"2017-01-15T16:00:21","slug":"sous-prefecture-premiere-ceremonie-de-voeux-pour-jeanne-vo-huu-le","status":"publish","type":"post","link":"https:\/\/vosgesinfo.fr\/laplainedesvosgesinfo\/2017\/01\/sous-prefecture-premiere-ceremonie-de-voeux-pour-jeanne-vo-huu-le\/","title":{"rendered":"Sous-pr\u00e9fecture &#8211; Premi\u00e8re c\u00e9r\u00e9monie de v\u0153ux pour Jeanne Vo Huu L\u00ea"},"content":{"rendered":"<h4 style=\"text-align: justify;\"><a href=\"\/2017\/01\/voeux-sous-pref-Neufchateau-3.jpg\"><img decoding=\"async\" class=\"aligncenter size-full wp-image-83885\" src=\"\/2017\/01\/voeux-sous-pref-Neufchateau-3.jpg\" alt=\"voeux-sous-pref-Neufchateau (3)\" width=\"800\" height=\"534\" \/><\/a><\/h4>\n<h4 style=\"text-align: justify;\">La sous-pr\u00e9fecture de l&rsquo;arrondissement de Neufch\u00e2teau a accueilli Jeanne Vo HuuL\u00ea, en qualit\u00e9 de sous-pr\u00e9f\u00e8te en juin dernier. Vendredi soir, sa premi\u00e8re c\u00e9r\u00e9monie de pr\u00e9sentation des v\u0153ux s&rsquo;est tenue \u00e0 l&rsquo;H\u00f4tel de Malte.<\/h4>\n<p style=\"text-align: justify;\">A cette occasion, la sous-pr\u00e9f\u00e8te est revenue sur des \u00e9v\u00e8nements ayant marqu\u00e9 l&rsquo;arrondissement de Neufch\u00e2teau durant l&rsquo;ann\u00e9e 2016. \u00ab\u00a0<em>Je constate depuis mon arriv\u00e9e, la pr\u00e9sence nombreuse des usagers dans nos locaux. Chaque mois, avec les diff\u00e9rentes commissions et avec les nombreuses associations, nous sommes pr\u00e9sents \u00e0 l&rsquo;accueil de la sous-pr\u00e9fecture. La chaleur humaine dans nos locaux est parfois tr\u00e8s contrast\u00e9e avec le froid de l&rsquo;ext\u00e9rieur.\u00a0\u00bb<\/em><\/p>\n<p style=\"text-align: justify;\">Dans son discours, r\u00e9alis\u00e9 devant de nombreux invit\u00e9s avec la pr\u00e9sence de chefs d&rsquo;entreprises ou d&rsquo;\u00e9lus, Jeanne Vo Huu L\u00ea a abord\u00e9 le sujet de l&#8217;emploi dans le secteur. \u00ab\u00a0<em>67 cr\u00e9ations d&#8217;emplois ont \u00e9t\u00e9 r\u00e9alis\u00e9s gr\u00e2ce \u00e0 la convention de revitalisation de Nestl\u00e9 Waters et en fin d&rsquo;ann\u00e9e, nous avons lanc\u00e9 un appel \u00e0 projets pour soutenir la fili\u00e8re bois et ameublement. Dans ce domaine, avec le soutien et l&rsquo;expertise des agents de la CCI et de la CMA, j&rsquo;ai organis\u00e9 des r\u00e9unions d&rsquo;informations sur les outils utiles pour la reprise d&rsquo;entreprises, cela dit, il y a encore beaucoup de travail \u00e0 faire. Les premiers r\u00e9sultats sont encourageants !\u00a0\u00bb<\/em><\/p>\n<p style=\"text-align: justify;\">Sur les routes de l&rsquo;ouest vosgien, le nombre de morts a diminu\u00e9 par rapport \u00e0 2015. \u00ab\u00a0<em>Aussi, le nombre d&rsquo;actes de d\u00e9linquances de proximit\u00e9 dans notre arrondissement, enregistre une baisse de 7% par rapport \u00e0 l&rsquo;ann\u00e9e derni\u00e8re.\u00a0\u00bb <\/em>Remarque la sous-pr\u00e9f\u00e8te.<\/p>\n<p style=\"text-align: justify;\">La fin du discours \u00e9voquait l&rsquo;arriv\u00e9e des demandeurs d&rsquo;asile \u00e0 Monthureux-sur-Sa\u00f4ne, les contrats de ruralit\u00e9, les conventions TEPCV et, bien \u00e9videmment, le passage du Tour de France dans l&rsquo;ouest Vosgien.<\/p>\n<p style=\"text-align: justify;\">\n<p style=\"text-align: justify;\">A.J.<\/p>\n\n<p style=\"text-align: justify;\">\n","protected":false},"excerpt":{"rendered":"<p>La sous-pr\u00e9fecture de l&rsquo;arrondissement de Neufch\u00e2teau a accueilli Jeanne Vo HuuL\u00ea, en qualit\u00e9 de sous-pr\u00e9f\u00e8te en juin dernier. Vendredi soir, [&hellip;]<\/p>\n","protected":false},"author":1,"featured_media":9194,"comment_status":"open","ping_status":"open","sticky":false,"template":"","format":"standard","meta":{"footnotes":""},"categories":[29,37,428],"tags":[800,1846,1128,3143],"class_list":["post-9193","post","type-post","status-publish","format-standard","has-post-thumbnail","hentry","category-a-la-une","category-la-plaine","category-neufchateau-la-plaine","tag-ceremonie","tag-neuchateau","tag-sous-prefecture","tag-voeux"],"acf":[],"yoast_head":"<!-- This site is optimized with the Yoast SEO plugin v22.5 - https:\/\/yoast.com\/wordpress\/plugins\/seo\/ -->\n<title>Sous-pr\u00e9fecture - Premi\u00e8re c\u00e9r\u00e9monie de v\u0153ux pour Jeanne Vo Huu L\u00ea - La Plaine des Vosges<\/title>\n<meta name=\"robots\" content=\"index, follow, max-snippet:-1, max-image-preview:large, max-video-preview:-1\" \/>\n<link rel=\"canonical\" href=\"https:\/\/vosgesinfo.fr\/laplainedesvosgesinfo\/2017\/01\/sous-prefecture-premiere-ceremonie-de-voeux-pour-jeanne-vo-huu-le\/\" \/>\n<meta name=\"twitter:card\" content=\"summary_large_image\" \/>\n<meta name=\"twitter:title\" content=\"Sous-pr\u00e9fecture - Premi\u00e8re c\u00e9r\u00e9monie de v\u0153ux pour Jeanne Vo Huu L\u00ea - La Plaine des Vosges\" \/>\n<meta name=\"twitter:description\" content=\"La sous-pr\u00e9fecture de l&rsquo;arrondissement de Neufch\u00e2teau a accueilli Jeanne Vo HuuL\u00ea, en qualit\u00e9 de sous-pr\u00e9f\u00e8te en juin dernier. Vendredi soir, [&hellip;]\" \/>\n<meta name=\"twitter:image\" content=\"https:\/\/vosgesinfo.fr\/app\/uploads\/sites\/2\/2024\/06\/201701voeux-sous-pref-neufchateau-3.jpg\" \/>\n<meta name=\"twitter:creator\" content=\"@VosgesInfo88\" \/>\n<meta name=\"twitter:site\" content=\"@VosgesInfo88\" \/>\n<meta name=\"twitter:label1\" content=\"\u00c9crit par\" \/>\n\t<meta name=\"twitter:data1\" content=\"qs_admin\" \/>\n\t<meta name=\"twitter:label2\" content=\"Dur\u00e9e de lecture estim\u00e9e\" \/>\n\t<meta name=\"twitter:data2\" content=\"2 minutes\" \/>\n<script type=\"application\/ld+json\" class=\"yoast-schema-graph\">{\"@context\":\"https:\/\/schema.org\",\"@graph\":[{\"@type\":\"Article\",\"@id\":\"https:\/\/vosgesinfo.fr\/laplainedesvosgesinfo\/2017\/01\/sous-prefecture-premiere-ceremonie-de-voeux-pour-jeanne-vo-huu-le\/#article\",\"isPartOf\":{\"@id\":\"https:\/\/vosgesinfo.fr\/laplainedesvosgesinfo\/2017\/01\/sous-prefecture-premiere-ceremonie-de-voeux-pour-jeanne-vo-huu-le\/\"},\"author\":{\"name\":\"qs_admin\",\"@id\":\"https:\/\/vosgesinfo.fr\/laplainedesvosgesinfo\/#\/schema\/person\/bc5d02d71e6932e81b6dadb7386667b1\"},\"headline\":\"Sous-pr\u00e9fecture &#8211; Premi\u00e8re c\u00e9r\u00e9monie de v\u0153ux pour Jeanne Vo Huu L\u00ea\",\"datePublished\":\"2017-01-15T16:00:21+00:00\",\"dateModified\":\"2017-01-15T16:00:21+00:00\",\"mainEntityOfPage\":{\"@id\":\"https:\/\/vosgesinfo.fr\/laplainedesvosgesinfo\/2017\/01\/sous-prefecture-premiere-ceremonie-de-voeux-pour-jeanne-vo-huu-le\/\"},\"wordCount\":353,\"commentCount\":0,\"publisher\":{\"@id\":\"https:\/\/vosgesinfo.fr\/laplainedesvosgesinfo\/#organization\"},\"image\":{\"@id\":\"https:\/\/vosgesinfo.fr\/laplainedesvosgesinfo\/2017\/01\/sous-prefecture-premiere-ceremonie-de-voeux-pour-jeanne-vo-huu-le\/#primaryimage\"},\"thumbnailUrl\":\"https:\/\/vosgesinfo.fr\/app\/uploads\/sites\/2\/2024\/06\/201701voeux-sous-pref-neufchateau-3.jpg\",\"keywords\":[\"c\u00e9r\u00e9monie\",\"Neuch\u00e2teau\",\"sous-pr\u00e9fecture\",\"voeux\"],\"articleSection\":[\"A la Une\",\"La Plaine\",\"Neufch\u00e2teau\"],\"inLanguage\":\"fr-FR\",\"potentialAction\":[{\"@type\":\"CommentAction\",\"name\":\"Comment\",\"target\":[\"https:\/\/vosgesinfo.fr\/laplainedesvosgesinfo\/2017\/01\/sous-prefecture-premiere-ceremonie-de-voeux-pour-jeanne-vo-huu-le\/#respond\"]}]},{\"@type\":\"WebPage\",\"@id\":\"https:\/\/vosgesinfo.fr\/laplainedesvosgesinfo\/2017\/01\/sous-prefecture-premiere-ceremonie-de-voeux-pour-jeanne-vo-huu-le\/\",\"url\":\"https:\/\/vosgesinfo.fr\/laplainedesvosgesinfo\/2017\/01\/sous-prefecture-premiere-ceremonie-de-voeux-pour-jeanne-vo-huu-le\/\",\"name\":\"Sous-pr\u00e9fecture - Premi\u00e8re c\u00e9r\u00e9monie de v\u0153ux pour Jeanne Vo Huu L\u00ea - La Plaine des Vosges\",\"isPartOf\":{\"@id\":\"https:\/\/vosgesinfo.fr\/laplainedesvosgesinfo\/#website\"},\"primaryImageOfPage\":{\"@id\":\"https:\/\/vosgesinfo.fr\/laplainedesvosgesinfo\/2017\/01\/sous-prefecture-premiere-ceremonie-de-voeux-pour-jeanne-vo-huu-le\/#primaryimage\"},\"image\":{\"@id\":\"https:\/\/vosgesinfo.fr\/laplainedesvosgesinfo\/2017\/01\/sous-prefecture-premiere-ceremonie-de-voeux-pour-jeanne-vo-huu-le\/#primaryimage\"},\"thumbnailUrl\":\"https:\/\/vosgesinfo.fr\/app\/uploads\/sites\/2\/2024\/06\/201701voeux-sous-pref-neufchateau-3.jpg\",\"datePublished\":\"2017-01-15T16:00:21+00:00\",\"dateModified\":\"2017-01-15T16:00:21+00:00\",\"breadcrumb\":{\"@id\":\"https:\/\/vosgesinfo.fr\/laplainedesvosgesinfo\/2017\/01\/sous-prefecture-premiere-ceremonie-de-voeux-pour-jeanne-vo-huu-le\/#breadcrumb\"},\"inLanguage\":\"fr-FR\",\"potentialAction\":[{\"@type\":\"ReadAction\",\"target\":[\"https:\/\/vosgesinfo.fr\/laplainedesvosgesinfo\/2017\/01\/sous-prefecture-premiere-ceremonie-de-voeux-pour-jeanne-vo-huu-le\/\"]}]},{\"@type\":\"ImageObject\",\"inLanguage\":\"fr-FR\",\"@id\":\"https:\/\/vosgesinfo.fr\/laplainedesvosgesinfo\/2017\/01\/sous-prefecture-premiere-ceremonie-de-voeux-pour-jeanne-vo-huu-le\/#primaryimage\",\"url\":\"https:\/\/vosgesinfo.fr\/app\/uploads\/sites\/2\/2024\/06\/201701voeux-sous-pref-neufchateau-3.jpg\",\"contentUrl\":\"https:\/\/vosgesinfo.fr\/app\/uploads\/sites\/2\/2024\/06\/201701voeux-sous-pref-neufchateau-3.jpg\",\"width\":800,\"height\":534},{\"@type\":\"BreadcrumbList\",\"@id\":\"https:\/\/vosgesinfo.fr\/laplainedesvosgesinfo\/2017\/01\/sous-prefecture-premiere-ceremonie-de-voeux-pour-jeanne-vo-huu-le\/#breadcrumb\",\"itemListElement\":[{\"@type\":\"ListItem\",\"position\":1,\"name\":\"Home\",\"item\":\"https:\/\/vosgesinfo.fr\/laplainedesvosgesinfo\/\"},{\"@type\":\"ListItem\",\"position\":2,\"name\":\"Sous-pr\u00e9fecture &#8211; Premi\u00e8re c\u00e9r\u00e9monie de v\u0153ux pour Jeanne Vo Huu L\u00ea\"}]},{\"@type\":\"WebSite\",\"@id\":\"https:\/\/vosgesinfo.fr\/laplainedesvosgesinfo\/#website\",\"url\":\"https:\/\/vosgesinfo.fr\/laplainedesvosgesinfo\/\",\"name\":\"La Plaine des Vosges\",\"description\":\"Toute l&#039;actualit\u00e9 de la plaine de Vosges\",\"publisher\":{\"@id\":\"https:\/\/vosgesinfo.fr\/laplainedesvosgesinfo\/#organization\"},\"alternateName\":\"Toute l'actualit\u00e9 de la plaine des Vosges\",\"potentialAction\":[{\"@type\":\"SearchAction\",\"target\":{\"@type\":\"EntryPoint\",\"urlTemplate\":\"https:\/\/vosgesinfo.fr\/laplainedesvosgesinfo\/?s={search_term_string}\"},\"query-input\":\"required name=search_term_string\"}],\"inLanguage\":\"fr-FR\"},{\"@type\":\"Organization\",\"@id\":\"https:\/\/vosgesinfo.fr\/laplainedesvosgesinfo\/#organization\",\"name\":\"La Plaine des Vosges\",\"url\":\"https:\/\/vosgesinfo.fr\/laplainedesvosgesinfo\/\",\"logo\":{\"@type\":\"ImageObject\",\"inLanguage\":\"fr-FR\",\"@id\":\"https:\/\/vosgesinfo.fr\/laplainedesvosgesinfo\/#\/schema\/logo\/image\/\",\"url\":\"https:\/\/vosgesinfo.fr\/app\/uploads\/sites\/2\/2023\/08\/logo-laplaineinfo.svg\",\"contentUrl\":\"https:\/\/vosgesinfo.fr\/app\/uploads\/sites\/2\/2023\/08\/logo-laplaineinfo.svg\",\"width\":1,\"height\":1,\"caption\":\"La Plaine des Vosges\"},\"image\":{\"@id\":\"https:\/\/vosgesinfo.fr\/laplainedesvosgesinfo\/#\/schema\/logo\/image\/\"},\"sameAs\":[\"https:\/\/www.facebook.com\/laplainedesvosges\",\"https:\/\/x.com\/VosgesInfo88\",\"https:\/\/www.youtube.com\/@vosgesinfo\"]},{\"@type\":\"Person\",\"@id\":\"https:\/\/vosgesinfo.fr\/laplainedesvosgesinfo\/#\/schema\/person\/bc5d02d71e6932e81b6dadb7386667b1\",\"name\":\"qs_admin\",\"image\":{\"@type\":\"ImageObject\",\"inLanguage\":\"fr-FR\",\"@id\":\"https:\/\/vosgesinfo.fr\/laplainedesvosgesinfo\/#\/schema\/person\/image\/\",\"url\":\"https:\/\/secure.gravatar.com\/avatar\/94b18ee0ed79e4a42ea2f2931277b6841a8999fc6fde214600c78057cf1fe1de?s=96&d=mm&r=g\",\"contentUrl\":\"https:\/\/secure.gravatar.com\/avatar\/94b18ee0ed79e4a42ea2f2931277b6841a8999fc6fde214600c78057cf1fe1de?s=96&d=mm&r=g\",\"caption\":\"qs_admin\"},\"sameAs\":[\"https:\/\/vosgesinfo.fr\/wp\"],\"url\":\"https:\/\/vosgesinfo.fr\/laplainedesvosgesinfo\/author\/qs_admin\/\"}]}<\/script>\n<!-- \/ Yoast SEO plugin. -->","yoast_head_json":{"title":"Sous-pr\u00e9fecture - Premi\u00e8re c\u00e9r\u00e9monie de v\u0153ux pour Jeanne Vo Huu L\u00ea - La Plaine des Vosges","robots":{"index":"index","follow":"follow","max-snippet":"max-snippet:-1","max-image-preview":"max-image-preview:large","max-video-preview":"max-video-preview:-1"},"canonical":"https:\/\/vosgesinfo.fr\/laplainedesvosgesinfo\/2017\/01\/sous-prefecture-premiere-ceremonie-de-voeux-pour-jeanne-vo-huu-le\/","twitter_card":"summary_large_image","twitter_title":"Sous-pr\u00e9fecture - Premi\u00e8re c\u00e9r\u00e9monie de v\u0153ux pour Jeanne Vo Huu L\u00ea - La Plaine des Vosges","twitter_description":"La sous-pr\u00e9fecture de l&rsquo;arrondissement de Neufch\u00e2teau a accueilli Jeanne Vo HuuL\u00ea, en qualit\u00e9 de sous-pr\u00e9f\u00e8te en juin dernier. Vendredi soir, [&hellip;]","twitter_image":"https:\/\/vosgesinfo.fr\/app\/uploads\/sites\/2\/2024\/06\/201701voeux-sous-pref-neufchateau-3.jpg","twitter_creator":"@VosgesInfo88","twitter_site":"@VosgesInfo88","twitter_misc":{"\u00c9crit par":"qs_admin","Dur\u00e9e de lecture estim\u00e9e":"2 minutes"},"schema":{"@context":"https:\/\/schema.org","@graph":[{"@type":"Article","@id":"https:\/\/vosgesinfo.fr\/laplainedesvosgesinfo\/2017\/01\/sous-prefecture-premiere-ceremonie-de-voeux-pour-jeanne-vo-huu-le\/#article","isPartOf":{"@id":"https:\/\/vosgesinfo.fr\/laplainedesvosgesinfo\/2017\/01\/sous-prefecture-premiere-ceremonie-de-voeux-pour-jeanne-vo-huu-le\/"},"author":{"name":"qs_admin","@id":"https:\/\/vosgesinfo.fr\/laplainedesvosgesinfo\/#\/schema\/person\/bc5d02d71e6932e81b6dadb7386667b1"},"headline":"Sous-pr\u00e9fecture &#8211; Premi\u00e8re c\u00e9r\u00e9monie de v\u0153ux pour Jeanne Vo Huu L\u00ea","datePublished":"2017-01-15T16:00:21+00:00","dateModified":"2017-01-15T16:00:21+00:00","mainEntityOfPage":{"@id":"https:\/\/vosgesinfo.fr\/laplainedesvosgesinfo\/2017\/01\/sous-prefecture-premiere-ceremonie-de-voeux-pour-jeanne-vo-huu-le\/"},"wordCount":353,"commentCount":0,"publisher":{"@id":"https:\/\/vosgesinfo.fr\/laplainedesvosgesinfo\/#organization"},"image":{"@id":"https:\/\/vosgesinfo.fr\/laplainedesvosgesinfo\/2017\/01\/sous-prefecture-premiere-ceremonie-de-voeux-pour-jeanne-vo-huu-le\/#primaryimage"},"thumbnailUrl":"https:\/\/vosgesinfo.fr\/app\/uploads\/sites\/2\/2024\/06\/201701voeux-sous-pref-neufchateau-3.jpg","keywords":["c\u00e9r\u00e9monie","Neuch\u00e2teau","sous-pr\u00e9fecture","voeux"],"articleSection":["A la Une","La Plaine","Neufch\u00e2teau"],"inLanguage":"fr-FR","potentialAction":[{"@type":"CommentAction","name":"Comment","target":["https:\/\/vosgesinfo.fr\/laplainedesvosgesinfo\/2017\/01\/sous-prefecture-premiere-ceremonie-de-voeux-pour-jeanne-vo-huu-le\/#respond"]}]},{"@type":"WebPage","@id":"https:\/\/vosgesinfo.fr\/laplainedesvosgesinfo\/2017\/01\/sous-prefecture-premiere-ceremonie-de-voeux-pour-jeanne-vo-huu-le\/","url":"https:\/\/vosgesinfo.fr\/laplainedesvosgesinfo\/2017\/01\/sous-prefecture-premiere-ceremonie-de-voeux-pour-jeanne-vo-huu-le\/","name":"Sous-pr\u00e9fecture - Premi\u00e8re c\u00e9r\u00e9monie de v\u0153ux pour Jeanne Vo Huu L\u00ea - La Plaine des Vosges","isPartOf":{"@id":"https:\/\/vosgesinfo.fr\/laplainedesvosgesinfo\/#website"},"primaryImageOfPage":{"@id":"https:\/\/vosgesinfo.fr\/laplainedesvosgesinfo\/2017\/01\/sous-prefecture-premiere-ceremonie-de-voeux-pour-jeanne-vo-huu-le\/#primaryimage"},"image":{"@id":"https:\/\/vosgesinfo.fr\/laplainedesvosgesinfo\/2017\/01\/sous-prefecture-premiere-ceremonie-de-voeux-pour-jeanne-vo-huu-le\/#primaryimage"},"thumbnailUrl":"https:\/\/vosgesinfo.fr\/app\/uploads\/sites\/2\/2024\/06\/201701voeux-sous-pref-neufchateau-3.jpg","datePublished":"2017-01-15T16:00:21+00:00","dateModified":"2017-01-15T16:00:21+00:00","breadcrumb":{"@id":"https:\/\/vosgesinfo.fr\/laplainedesvosgesinfo\/2017\/01\/sous-prefecture-premiere-ceremonie-de-voeux-pour-jeanne-vo-huu-le\/#breadcrumb"},"inLanguage":"fr-FR","potentialAction":[{"@type":"ReadAction","target":["https:\/\/vosgesinfo.fr\/laplainedesvosgesinfo\/2017\/01\/sous-prefecture-premiere-ceremonie-de-voeux-pour-jeanne-vo-huu-le\/"]}]},{"@type":"ImageObject","inLanguage":"fr-FR","@id":"https:\/\/vosgesinfo.fr\/laplainedesvosgesinfo\/2017\/01\/sous-prefecture-premiere-ceremonie-de-voeux-pour-jeanne-vo-huu-le\/#primaryimage","url":"https:\/\/vosgesinfo.fr\/app\/uploads\/sites\/2\/2024\/06\/201701voeux-sous-pref-neufchateau-3.jpg","contentUrl":"https:\/\/vosgesinfo.fr\/app\/uploads\/sites\/2\/2024\/06\/201701voeux-sous-pref-neufchateau-3.jpg","width":800,"height":534},{"@type":"BreadcrumbList","@id":"https:\/\/vosgesinfo.fr\/laplainedesvosgesinfo\/2017\/01\/sous-prefecture-premiere-ceremonie-de-voeux-pour-jeanne-vo-huu-le\/#breadcrumb","itemListElement":[{"@type":"ListItem","position":1,"name":"Home","item":"https:\/\/vosgesinfo.fr\/laplainedesvosgesinfo\/"},{"@type":"ListItem","position":2,"name":"Sous-pr\u00e9fecture &#8211; Premi\u00e8re c\u00e9r\u00e9monie de v\u0153ux pour Jeanne Vo Huu L\u00ea"}]},{"@type":"WebSite","@id":"https:\/\/vosgesinfo.fr\/laplainedesvosgesinfo\/#website","url":"https:\/\/vosgesinfo.fr\/laplainedesvosgesinfo\/","name":"La Plaine des Vosges","description":"Toute l&#039;actualit\u00e9 de la plaine de Vosges","publisher":{"@id":"https:\/\/vosgesinfo.fr\/laplainedesvosgesinfo\/#organization"},"alternateName":"Toute l'actualit\u00e9 de la plaine des Vosges","potentialAction":[{"@type":"SearchAction","target":{"@type":"EntryPoint","urlTemplate":"https:\/\/vosgesinfo.fr\/laplainedesvosgesinfo\/?s={search_term_string}"},"query-input":"required name=search_term_string"}],"inLanguage":"fr-FR"},{"@type":"Organization","@id":"https:\/\/vosgesinfo.fr\/laplainedesvosgesinfo\/#organization","name":"La Plaine des Vosges","url":"https:\/\/vosgesinfo.fr\/laplainedesvosgesinfo\/","logo":{"@type":"ImageObject","inLanguage":"fr-FR","@id":"https:\/\/vosgesinfo.fr\/laplainedesvosgesinfo\/#\/schema\/logo\/image\/","url":"https:\/\/vosgesinfo.fr\/app\/uploads\/sites\/2\/2023\/08\/logo-laplaineinfo.svg","contentUrl":"https:\/\/vosgesinfo.fr\/app\/uploads\/sites\/2\/2023\/08\/logo-laplaineinfo.svg","width":1,"height":1,"caption":"La Plaine des Vosges"},"image":{"@id":"https:\/\/vosgesinfo.fr\/laplainedesvosgesinfo\/#\/schema\/logo\/image\/"},"sameAs":["https:\/\/www.facebook.com\/laplainedesvosges","https:\/\/x.com\/VosgesInfo88","https:\/\/www.youtube.com\/@vosgesinfo"]},{"@type":"Person","@id":"https:\/\/vosgesinfo.fr\/laplainedesvosgesinfo\/#\/schema\/person\/bc5d02d71e6932e81b6dadb7386667b1","name":"qs_admin","image":{"@type":"ImageObject","inLanguage":"fr-FR","@id":"https:\/\/vosgesinfo.fr\/laplainedesvosgesinfo\/#\/schema\/person\/image\/","url":"https:\/\/secure.gravatar.com\/avatar\/94b18ee0ed79e4a42ea2f2931277b6841a8999fc6fde214600c78057cf1fe1de?s=96&d=mm&r=g","contentUrl":"https:\/\/secure.gravatar.com\/avatar\/94b18ee0ed79e4a42ea2f2931277b6841a8999fc6fde214600c78057cf1fe1de?s=96&d=mm&r=g","caption":"qs_admin"},"sameAs":["https:\/\/vosgesinfo.fr\/wp"],"url":"https:\/\/vosgesinfo.fr\/laplainedesvosgesinfo\/author\/qs_admin\/"}]}},"_links":{"self":[{"href":"https:\/\/vosgesinfo.fr\/laplainedesvosgesinfo\/wp-json\/wp\/v2\/posts\/9193","targetHints":{"allow":["GET"]}}],"collection":[{"href":"https:\/\/vosgesinfo.fr\/laplainedesvosgesinfo\/wp-json\/wp\/v2\/posts"}],"about":[{"href":"https:\/\/vosgesinfo.fr\/laplainedesvosgesinfo\/wp-json\/wp\/v2\/types\/post"}],"author":[{"embeddable":true,"href":"https:\/\/vosgesinfo.fr\/laplainedesvosgesinfo\/wp-json\/wp\/v2\/users\/1"}],"replies":[{"embeddable":true,"href":"https:\/\/vosgesinfo.fr\/laplainedesvosgesinfo\/wp-json\/wp\/v2\/comments?post=9193"}],"version-history":[{"count":0,"href":"https:\/\/vosgesinfo.fr\/laplainedesvosgesinfo\/wp-json\/wp\/v2\/posts\/9193\/revisions"}],"wp:featuredmedia":[{"embeddable":true,"href":"https:\/\/vosgesinfo.fr\/laplainedesvosgesinfo\/wp-json\/wp\/v2\/media\/9194"}],"wp:attachment":[{"href":"https:\/\/vosgesinfo.fr\/laplainedesvosgesinfo\/wp-json\/wp\/v2\/media?parent=9193"}],"wp:term":[{"taxonomy":"category","embeddable":true,"href":"https:\/\/vosgesinfo.fr\/laplainedesvosgesinfo\/wp-json\/wp\/v2\/categories?post=9193"},{"taxonomy":"post_tag","embeddable":true,"href":"https:\/\/vosgesinfo.fr\/laplainedesvosgesinfo\/wp-json\/wp\/v2\/tags?post=9193"}],"curies":[{"name":"wp","href":"https:\/\/api.w.org\/{rel}","templated":true}]}}