{"id":9203,"date":"2017-01-16T05:30:45","date_gmt":"2017-01-16T04:30:45","guid":{"rendered":"https:\/\/vosgesinfo.fr\/laplainedesvosgesinfo\/2017\/01\/les-francais-et-leur-coeur-une-enquete-de-la-federation-francaise-de-cardiologie\/"},"modified":"2017-01-16T05:30:45","modified_gmt":"2017-01-16T04:30:45","slug":"les-francais-et-leur-coeur-une-enquete-de-la-federation-francaise-de-cardiologie","status":"publish","type":"post","link":"https:\/\/vosgesinfo.fr\/laplainedesvosgesinfo\/2017\/01\/les-francais-et-leur-coeur-une-enquete-de-la-federation-francaise-de-cardiologie\/","title":{"rendered":"Les Fran\u00e7ais et leur c\u0153ur : une enqu\u00eate de la F\u00e9d\u00e9ration Fran\u00e7aise de Cardiologie"},"content":{"rendered":"<p style=\"text-align: justify;\"><a href=\"\/2017\/01\/Enqu\u00eate_FFC_01.jpg\"><img decoding=\"async\" class=\"aligncenter size-full wp-image-83900\" src=\"\/2017\/01\/Enqu\u00eate_FFC_01.jpg\" alt=\"Enqu\u00eate_FFC_01\" width=\"800\" height=\"300\" \/><\/a><\/p>\n<p style=\"text-align: justify;\"><strong>La F\u00e9d\u00e9ration Fran\u00e7aise de Cardiologie\u00a0vient de publier les r\u00e9sultats de l\u2019enqu\u00eate qu\u2019elle a fait r\u00e9aliser par l\u2019IFOP en novembre 2016 aupr\u00e8s de 2001 personnes.<\/strong><\/p>\n<h3 style=\"text-align: justify;\">Le c\u0153ur est l\u2019organe le plus important du corps humain pour une large majorit\u00e9 de Fran\u00e7ais\u2026<\/h3>\n<p style=\"text-align: justify;\"><strong>\u00c0 la question \u00ab Parmi les diff\u00e9rents organes du corps humain, lequel est le plus important pour vous ? \u00bb, les Fran\u00e7ais sont 65% \u00e0 r\u00e9pondre spontan\u00e9ment le c\u0153ur. <\/strong>Une r\u00e9ponse encore plus marqu\u00e9e pour les femmes (69% contre 61% pour les hommes) et pour les personnes \u00e2g\u00e9es : 76% chez les 75 ans et plus. Il arrive ainsi loin devant le cerveau, cit\u00e9 par seulement un Fran\u00e7ais sur cinq.<\/p>\n<h3 style=\"text-align: justify;\">\u2026 Mais ils sont toutefois insuffisamment conscients des m\u00e9faits des maladies cardiovasculaires<\/h3>\n<p style=\"text-align: justify;\">Bien que 4 Fran\u00e7ais sur 10 aient un proche atteint par une maladie cardiovasculaire (MCV), la population ignore l\u2019ampleur et la gravit\u00e9 de ces maladies. Les Fran\u00e7ais sous- estiment le nombre de d\u00e9c\u00e8s provoqu\u00e9s par les MCV. 58% d\u2019entre eux ignorent qu\u2019elles sont la premi\u00e8re cause de mortalit\u00e9 chez les femmes. Ils sont 77% \u00e0 penser qu\u2019elles provoquent moins de 200 d\u00e9c\u00e8s par jour en France. Un chiffre qui monte \u00e0 88% pour les moins de 35 ans. Une estimation bien loin de r\u00e9alit\u00e9 : <strong>la moyenne nationale repr\u00e9sente le double, avec 400 d\u00e9c\u00e8s par jour li\u00e9s aux MCV, soit 150 000 d\u00e9c\u00e8s par an.<\/strong><\/p>\n<p style=\"text-align: justify;\">Lire la suite sur le site de la F\u00e9d\u00e9ration Fran\u00e7aise de Cardiologie :\u00a0<strong><a href=\"https:\/\/www.fedecardio.org\/La-Federation-Francaise-de-Cardiologie\/L-observatoire-du-coeur-des-Francais\/les-francais-et-leur-coeur\" target=\"_blank\" rel=\"noopener\">https:\/\/www.fedecardio.org\/La-Federation-Francaise-de-Cardiologie\/L-observatoire-du-coeur-des-Francais\/les-francais-et-leur-coeur<\/a><\/strong><\/p>\n","protected":false},"excerpt":{"rendered":"<p>La F\u00e9d\u00e9ration Fran\u00e7aise de Cardiologie\u00a0vient de publier les r\u00e9sultats de l\u2019enqu\u00eate qu\u2019elle a fait r\u00e9aliser par l\u2019IFOP en novembre 2016 [&hellip;]<\/p>\n","protected":false},"author":1,"featured_media":9204,"comment_status":"open","ping_status":"open","sticky":false,"template":"","format":"standard","meta":{"footnotes":""},"categories":[29],"tags":[3274,3275,3276,3277,233],"class_list":["post-9203","post","type-post","status-publish","format-standard","has-post-thumbnail","hentry","category-a-la-une","tag-cardiologie","tag-enquete","tag-federation-francaise-du-coeur","tag-ifop","tag-vosges"],"acf":[],"yoast_head":"<!-- This site is optimized with the Yoast SEO plugin v22.5 - https:\/\/yoast.com\/wordpress\/plugins\/seo\/ -->\n<title>Les Fran\u00e7ais et leur c\u0153ur : une enqu\u00eate de la F\u00e9d\u00e9ration Fran\u00e7aise de Cardiologie - La Plaine des Vosges<\/title>\n<meta name=\"robots\" content=\"index, follow, max-snippet:-1, max-image-preview:large, max-video-preview:-1\" \/>\n<link rel=\"canonical\" href=\"https:\/\/vosgesinfo.fr\/laplainedesvosgesinfo\/2017\/01\/les-francais-et-leur-coeur-une-enquete-de-la-federation-francaise-de-cardiologie\/\" \/>\n<meta name=\"twitter:card\" content=\"summary_large_image\" \/>\n<meta name=\"twitter:title\" content=\"Les Fran\u00e7ais et leur c\u0153ur : une enqu\u00eate de la F\u00e9d\u00e9ration Fran\u00e7aise de Cardiologie - La Plaine des Vosges\" \/>\n<meta name=\"twitter:description\" content=\"La F\u00e9d\u00e9ration Fran\u00e7aise de Cardiologie\u00a0vient de publier les r\u00e9sultats de l\u2019enqu\u00eate qu\u2019elle a fait r\u00e9aliser par l\u2019IFOP en novembre 2016 [&hellip;]\" \/>\n<meta name=\"twitter:image\" content=\"https:\/\/vosgesinfo.fr\/app\/uploads\/sites\/2\/2024\/06\/201701heartbeat-1892826-960-720.jpg\" \/>\n<meta name=\"twitter:creator\" content=\"@VosgesInfo88\" \/>\n<meta name=\"twitter:site\" content=\"@VosgesInfo88\" \/>\n<meta name=\"twitter:label1\" content=\"\u00c9crit par\" \/>\n\t<meta name=\"twitter:data1\" content=\"qs_admin\" \/>\n\t<meta name=\"twitter:label2\" content=\"Dur\u00e9e de lecture estim\u00e9e\" \/>\n\t<meta name=\"twitter:data2\" content=\"1 minute\" \/>\n<script type=\"application\/ld+json\" class=\"yoast-schema-graph\">{\"@context\":\"https:\/\/schema.org\",\"@graph\":[{\"@type\":\"Article\",\"@id\":\"https:\/\/vosgesinfo.fr\/laplainedesvosgesinfo\/2017\/01\/les-francais-et-leur-coeur-une-enquete-de-la-federation-francaise-de-cardiologie\/#article\",\"isPartOf\":{\"@id\":\"https:\/\/vosgesinfo.fr\/laplainedesvosgesinfo\/2017\/01\/les-francais-et-leur-coeur-une-enquete-de-la-federation-francaise-de-cardiologie\/\"},\"author\":{\"name\":\"qs_admin\",\"@id\":\"https:\/\/vosgesinfo.fr\/laplainedesvosgesinfo\/#\/schema\/person\/bc5d02d71e6932e81b6dadb7386667b1\"},\"headline\":\"Les Fran\u00e7ais et leur c\u0153ur : une enqu\u00eate de la F\u00e9d\u00e9ration Fran\u00e7aise de Cardiologie\",\"datePublished\":\"2017-01-16T04:30:45+00:00\",\"dateModified\":\"2017-01-16T04:30:45+00:00\",\"mainEntityOfPage\":{\"@id\":\"https:\/\/vosgesinfo.fr\/laplainedesvosgesinfo\/2017\/01\/les-francais-et-leur-coeur-une-enquete-de-la-federation-francaise-de-cardiologie\/\"},\"wordCount\":284,\"commentCount\":0,\"publisher\":{\"@id\":\"https:\/\/vosgesinfo.fr\/laplainedesvosgesinfo\/#organization\"},\"image\":{\"@id\":\"https:\/\/vosgesinfo.fr\/laplainedesvosgesinfo\/2017\/01\/les-francais-et-leur-coeur-une-enquete-de-la-federation-francaise-de-cardiologie\/#primaryimage\"},\"thumbnailUrl\":\"https:\/\/vosgesinfo.fr\/app\/uploads\/sites\/2\/2024\/06\/201701heartbeat-1892826-960-720.jpg\",\"keywords\":[\"cardiologie\",\"enqu\u00eate\",\"F\u00e9d\u00e9ration fran\u00e7aise du coeur\",\"IFOP\",\"Vosges\"],\"articleSection\":[\"A la Une\"],\"inLanguage\":\"fr-FR\",\"potentialAction\":[{\"@type\":\"CommentAction\",\"name\":\"Comment\",\"target\":[\"https:\/\/vosgesinfo.fr\/laplainedesvosgesinfo\/2017\/01\/les-francais-et-leur-coeur-une-enquete-de-la-federation-francaise-de-cardiologie\/#respond\"]}]},{\"@type\":\"WebPage\",\"@id\":\"https:\/\/vosgesinfo.fr\/laplainedesvosgesinfo\/2017\/01\/les-francais-et-leur-coeur-une-enquete-de-la-federation-francaise-de-cardiologie\/\",\"url\":\"https:\/\/vosgesinfo.fr\/laplainedesvosgesinfo\/2017\/01\/les-francais-et-leur-coeur-une-enquete-de-la-federation-francaise-de-cardiologie\/\",\"name\":\"Les Fran\u00e7ais et leur c\u0153ur : une enqu\u00eate de la F\u00e9d\u00e9ration Fran\u00e7aise de Cardiologie - La Plaine des Vosges\",\"isPartOf\":{\"@id\":\"https:\/\/vosgesinfo.fr\/laplainedesvosgesinfo\/#website\"},\"primaryImageOfPage\":{\"@id\":\"https:\/\/vosgesinfo.fr\/laplainedesvosgesinfo\/2017\/01\/les-francais-et-leur-coeur-une-enquete-de-la-federation-francaise-de-cardiologie\/#primaryimage\"},\"image\":{\"@id\":\"https:\/\/vosgesinfo.fr\/laplainedesvosgesinfo\/2017\/01\/les-francais-et-leur-coeur-une-enquete-de-la-federation-francaise-de-cardiologie\/#primaryimage\"},\"thumbnailUrl\":\"https:\/\/vosgesinfo.fr\/app\/uploads\/sites\/2\/2024\/06\/201701heartbeat-1892826-960-720.jpg\",\"datePublished\":\"2017-01-16T04:30:45+00:00\",\"dateModified\":\"2017-01-16T04:30:45+00:00\",\"breadcrumb\":{\"@id\":\"https:\/\/vosgesinfo.fr\/laplainedesvosgesinfo\/2017\/01\/les-francais-et-leur-coeur-une-enquete-de-la-federation-francaise-de-cardiologie\/#breadcrumb\"},\"inLanguage\":\"fr-FR\",\"potentialAction\":[{\"@type\":\"ReadAction\",\"target\":[\"https:\/\/vosgesinfo.fr\/laplainedesvosgesinfo\/2017\/01\/les-francais-et-leur-coeur-une-enquete-de-la-federation-francaise-de-cardiologie\/\"]}]},{\"@type\":\"ImageObject\",\"inLanguage\":\"fr-FR\",\"@id\":\"https:\/\/vosgesinfo.fr\/laplainedesvosgesinfo\/2017\/01\/les-francais-et-leur-coeur-une-enquete-de-la-federation-francaise-de-cardiologie\/#primaryimage\",\"url\":\"https:\/\/vosgesinfo.fr\/app\/uploads\/sites\/2\/2024\/06\/201701heartbeat-1892826-960-720.jpg\",\"contentUrl\":\"https:\/\/vosgesinfo.fr\/app\/uploads\/sites\/2\/2024\/06\/201701heartbeat-1892826-960-720.jpg\",\"width\":800,\"height\":504},{\"@type\":\"BreadcrumbList\",\"@id\":\"https:\/\/vosgesinfo.fr\/laplainedesvosgesinfo\/2017\/01\/les-francais-et-leur-coeur-une-enquete-de-la-federation-francaise-de-cardiologie\/#breadcrumb\",\"itemListElement\":[{\"@type\":\"ListItem\",\"position\":1,\"name\":\"Home\",\"item\":\"https:\/\/vosgesinfo.fr\/laplainedesvosgesinfo\/\"},{\"@type\":\"ListItem\",\"position\":2,\"name\":\"Les Fran\u00e7ais et leur c\u0153ur : une enqu\u00eate de la F\u00e9d\u00e9ration Fran\u00e7aise de Cardiologie\"}]},{\"@type\":\"WebSite\",\"@id\":\"https:\/\/vosgesinfo.fr\/laplainedesvosgesinfo\/#website\",\"url\":\"https:\/\/vosgesinfo.fr\/laplainedesvosgesinfo\/\",\"name\":\"La Plaine des Vosges\",\"description\":\"Toute l&#039;actualit\u00e9 de la plaine de Vosges\",\"publisher\":{\"@id\":\"https:\/\/vosgesinfo.fr\/laplainedesvosgesinfo\/#organization\"},\"alternateName\":\"Toute l'actualit\u00e9 de la plaine des Vosges\",\"potentialAction\":[{\"@type\":\"SearchAction\",\"target\":{\"@type\":\"EntryPoint\",\"urlTemplate\":\"https:\/\/vosgesinfo.fr\/laplainedesvosgesinfo\/?s={search_term_string}\"},\"query-input\":\"required name=search_term_string\"}],\"inLanguage\":\"fr-FR\"},{\"@type\":\"Organization\",\"@id\":\"https:\/\/vosgesinfo.fr\/laplainedesvosgesinfo\/#organization\",\"name\":\"La Plaine des Vosges\",\"url\":\"https:\/\/vosgesinfo.fr\/laplainedesvosgesinfo\/\",\"logo\":{\"@type\":\"ImageObject\",\"inLanguage\":\"fr-FR\",\"@id\":\"https:\/\/vosgesinfo.fr\/laplainedesvosgesinfo\/#\/schema\/logo\/image\/\",\"url\":\"https:\/\/vosgesinfo.fr\/app\/uploads\/sites\/2\/2023\/08\/logo-laplaineinfo.svg\",\"contentUrl\":\"https:\/\/vosgesinfo.fr\/app\/uploads\/sites\/2\/2023\/08\/logo-laplaineinfo.svg\",\"width\":1,\"height\":1,\"caption\":\"La Plaine des Vosges\"},\"image\":{\"@id\":\"https:\/\/vosgesinfo.fr\/laplainedesvosgesinfo\/#\/schema\/logo\/image\/\"},\"sameAs\":[\"https:\/\/www.facebook.com\/laplainedesvosges\",\"https:\/\/x.com\/VosgesInfo88\",\"https:\/\/www.youtube.com\/@vosgesinfo\"]},{\"@type\":\"Person\",\"@id\":\"https:\/\/vosgesinfo.fr\/laplainedesvosgesinfo\/#\/schema\/person\/bc5d02d71e6932e81b6dadb7386667b1\",\"name\":\"qs_admin\",\"image\":{\"@type\":\"ImageObject\",\"inLanguage\":\"fr-FR\",\"@id\":\"https:\/\/vosgesinfo.fr\/laplainedesvosgesinfo\/#\/schema\/person\/image\/\",\"url\":\"https:\/\/secure.gravatar.com\/avatar\/94b18ee0ed79e4a42ea2f2931277b6841a8999fc6fde214600c78057cf1fe1de?s=96&d=mm&r=g\",\"contentUrl\":\"https:\/\/secure.gravatar.com\/avatar\/94b18ee0ed79e4a42ea2f2931277b6841a8999fc6fde214600c78057cf1fe1de?s=96&d=mm&r=g\",\"caption\":\"qs_admin\"},\"sameAs\":[\"https:\/\/vosgesinfo.fr\/wp\"],\"url\":\"https:\/\/vosgesinfo.fr\/laplainedesvosgesinfo\/author\/qs_admin\/\"}]}<\/script>\n<!-- \/ Yoast SEO plugin. -->","yoast_head_json":{"title":"Les Fran\u00e7ais et leur c\u0153ur : une enqu\u00eate de la F\u00e9d\u00e9ration Fran\u00e7aise de Cardiologie - La Plaine des Vosges","robots":{"index":"index","follow":"follow","max-snippet":"max-snippet:-1","max-image-preview":"max-image-preview:large","max-video-preview":"max-video-preview:-1"},"canonical":"https:\/\/vosgesinfo.fr\/laplainedesvosgesinfo\/2017\/01\/les-francais-et-leur-coeur-une-enquete-de-la-federation-francaise-de-cardiologie\/","twitter_card":"summary_large_image","twitter_title":"Les Fran\u00e7ais et leur c\u0153ur : une enqu\u00eate de la F\u00e9d\u00e9ration Fran\u00e7aise de Cardiologie - La Plaine des Vosges","twitter_description":"La F\u00e9d\u00e9ration Fran\u00e7aise de Cardiologie\u00a0vient de publier les r\u00e9sultats de l\u2019enqu\u00eate qu\u2019elle a fait r\u00e9aliser par l\u2019IFOP en novembre 2016 [&hellip;]","twitter_image":"https:\/\/vosgesinfo.fr\/app\/uploads\/sites\/2\/2024\/06\/201701heartbeat-1892826-960-720.jpg","twitter_creator":"@VosgesInfo88","twitter_site":"@VosgesInfo88","twitter_misc":{"\u00c9crit par":"qs_admin","Dur\u00e9e de lecture estim\u00e9e":"1 minute"},"schema":{"@context":"https:\/\/schema.org","@graph":[{"@type":"Article","@id":"https:\/\/vosgesinfo.fr\/laplainedesvosgesinfo\/2017\/01\/les-francais-et-leur-coeur-une-enquete-de-la-federation-francaise-de-cardiologie\/#article","isPartOf":{"@id":"https:\/\/vosgesinfo.fr\/laplainedesvosgesinfo\/2017\/01\/les-francais-et-leur-coeur-une-enquete-de-la-federation-francaise-de-cardiologie\/"},"author":{"name":"qs_admin","@id":"https:\/\/vosgesinfo.fr\/laplainedesvosgesinfo\/#\/schema\/person\/bc5d02d71e6932e81b6dadb7386667b1"},"headline":"Les Fran\u00e7ais et leur c\u0153ur : une enqu\u00eate de la F\u00e9d\u00e9ration Fran\u00e7aise de Cardiologie","datePublished":"2017-01-16T04:30:45+00:00","dateModified":"2017-01-16T04:30:45+00:00","mainEntityOfPage":{"@id":"https:\/\/vosgesinfo.fr\/laplainedesvosgesinfo\/2017\/01\/les-francais-et-leur-coeur-une-enquete-de-la-federation-francaise-de-cardiologie\/"},"wordCount":284,"commentCount":0,"publisher":{"@id":"https:\/\/vosgesinfo.fr\/laplainedesvosgesinfo\/#organization"},"image":{"@id":"https:\/\/vosgesinfo.fr\/laplainedesvosgesinfo\/2017\/01\/les-francais-et-leur-coeur-une-enquete-de-la-federation-francaise-de-cardiologie\/#primaryimage"},"thumbnailUrl":"https:\/\/vosgesinfo.fr\/app\/uploads\/sites\/2\/2024\/06\/201701heartbeat-1892826-960-720.jpg","keywords":["cardiologie","enqu\u00eate","F\u00e9d\u00e9ration fran\u00e7aise du coeur","IFOP","Vosges"],"articleSection":["A la Une"],"inLanguage":"fr-FR","potentialAction":[{"@type":"CommentAction","name":"Comment","target":["https:\/\/vosgesinfo.fr\/laplainedesvosgesinfo\/2017\/01\/les-francais-et-leur-coeur-une-enquete-de-la-federation-francaise-de-cardiologie\/#respond"]}]},{"@type":"WebPage","@id":"https:\/\/vosgesinfo.fr\/laplainedesvosgesinfo\/2017\/01\/les-francais-et-leur-coeur-une-enquete-de-la-federation-francaise-de-cardiologie\/","url":"https:\/\/vosgesinfo.fr\/laplainedesvosgesinfo\/2017\/01\/les-francais-et-leur-coeur-une-enquete-de-la-federation-francaise-de-cardiologie\/","name":"Les Fran\u00e7ais et leur c\u0153ur : une enqu\u00eate de la F\u00e9d\u00e9ration Fran\u00e7aise de Cardiologie - La Plaine des Vosges","isPartOf":{"@id":"https:\/\/vosgesinfo.fr\/laplainedesvosgesinfo\/#website"},"primaryImageOfPage":{"@id":"https:\/\/vosgesinfo.fr\/laplainedesvosgesinfo\/2017\/01\/les-francais-et-leur-coeur-une-enquete-de-la-federation-francaise-de-cardiologie\/#primaryimage"},"image":{"@id":"https:\/\/vosgesinfo.fr\/laplainedesvosgesinfo\/2017\/01\/les-francais-et-leur-coeur-une-enquete-de-la-federation-francaise-de-cardiologie\/#primaryimage"},"thumbnailUrl":"https:\/\/vosgesinfo.fr\/app\/uploads\/sites\/2\/2024\/06\/201701heartbeat-1892826-960-720.jpg","datePublished":"2017-01-16T04:30:45+00:00","dateModified":"2017-01-16T04:30:45+00:00","breadcrumb":{"@id":"https:\/\/vosgesinfo.fr\/laplainedesvosgesinfo\/2017\/01\/les-francais-et-leur-coeur-une-enquete-de-la-federation-francaise-de-cardiologie\/#breadcrumb"},"inLanguage":"fr-FR","potentialAction":[{"@type":"ReadAction","target":["https:\/\/vosgesinfo.fr\/laplainedesvosgesinfo\/2017\/01\/les-francais-et-leur-coeur-une-enquete-de-la-federation-francaise-de-cardiologie\/"]}]},{"@type":"ImageObject","inLanguage":"fr-FR","@id":"https:\/\/vosgesinfo.fr\/laplainedesvosgesinfo\/2017\/01\/les-francais-et-leur-coeur-une-enquete-de-la-federation-francaise-de-cardiologie\/#primaryimage","url":"https:\/\/vosgesinfo.fr\/app\/uploads\/sites\/2\/2024\/06\/201701heartbeat-1892826-960-720.jpg","contentUrl":"https:\/\/vosgesinfo.fr\/app\/uploads\/sites\/2\/2024\/06\/201701heartbeat-1892826-960-720.jpg","width":800,"height":504},{"@type":"BreadcrumbList","@id":"https:\/\/vosgesinfo.fr\/laplainedesvosgesinfo\/2017\/01\/les-francais-et-leur-coeur-une-enquete-de-la-federation-francaise-de-cardiologie\/#breadcrumb","itemListElement":[{"@type":"ListItem","position":1,"name":"Home","item":"https:\/\/vosgesinfo.fr\/laplainedesvosgesinfo\/"},{"@type":"ListItem","position":2,"name":"Les Fran\u00e7ais et leur c\u0153ur : une enqu\u00eate de la F\u00e9d\u00e9ration Fran\u00e7aise de Cardiologie"}]},{"@type":"WebSite","@id":"https:\/\/vosgesinfo.fr\/laplainedesvosgesinfo\/#website","url":"https:\/\/vosgesinfo.fr\/laplainedesvosgesinfo\/","name":"La Plaine des Vosges","description":"Toute l&#039;actualit\u00e9 de la plaine de Vosges","publisher":{"@id":"https:\/\/vosgesinfo.fr\/laplainedesvosgesinfo\/#organization"},"alternateName":"Toute l'actualit\u00e9 de la plaine des Vosges","potentialAction":[{"@type":"SearchAction","target":{"@type":"EntryPoint","urlTemplate":"https:\/\/vosgesinfo.fr\/laplainedesvosgesinfo\/?s={search_term_string}"},"query-input":"required name=search_term_string"}],"inLanguage":"fr-FR"},{"@type":"Organization","@id":"https:\/\/vosgesinfo.fr\/laplainedesvosgesinfo\/#organization","name":"La Plaine des Vosges","url":"https:\/\/vosgesinfo.fr\/laplainedesvosgesinfo\/","logo":{"@type":"ImageObject","inLanguage":"fr-FR","@id":"https:\/\/vosgesinfo.fr\/laplainedesvosgesinfo\/#\/schema\/logo\/image\/","url":"https:\/\/vosgesinfo.fr\/app\/uploads\/sites\/2\/2023\/08\/logo-laplaineinfo.svg","contentUrl":"https:\/\/vosgesinfo.fr\/app\/uploads\/sites\/2\/2023\/08\/logo-laplaineinfo.svg","width":1,"height":1,"caption":"La Plaine des Vosges"},"image":{"@id":"https:\/\/vosgesinfo.fr\/laplainedesvosgesinfo\/#\/schema\/logo\/image\/"},"sameAs":["https:\/\/www.facebook.com\/laplainedesvosges","https:\/\/x.com\/VosgesInfo88","https:\/\/www.youtube.com\/@vosgesinfo"]},{"@type":"Person","@id":"https:\/\/vosgesinfo.fr\/laplainedesvosgesinfo\/#\/schema\/person\/bc5d02d71e6932e81b6dadb7386667b1","name":"qs_admin","image":{"@type":"ImageObject","inLanguage":"fr-FR","@id":"https:\/\/vosgesinfo.fr\/laplainedesvosgesinfo\/#\/schema\/person\/image\/","url":"https:\/\/secure.gravatar.com\/avatar\/94b18ee0ed79e4a42ea2f2931277b6841a8999fc6fde214600c78057cf1fe1de?s=96&d=mm&r=g","contentUrl":"https:\/\/secure.gravatar.com\/avatar\/94b18ee0ed79e4a42ea2f2931277b6841a8999fc6fde214600c78057cf1fe1de?s=96&d=mm&r=g","caption":"qs_admin"},"sameAs":["https:\/\/vosgesinfo.fr\/wp"],"url":"https:\/\/vosgesinfo.fr\/laplainedesvosgesinfo\/author\/qs_admin\/"}]}},"_links":{"self":[{"href":"https:\/\/vosgesinfo.fr\/laplainedesvosgesinfo\/wp-json\/wp\/v2\/posts\/9203","targetHints":{"allow":["GET"]}}],"collection":[{"href":"https:\/\/vosgesinfo.fr\/laplainedesvosgesinfo\/wp-json\/wp\/v2\/posts"}],"about":[{"href":"https:\/\/vosgesinfo.fr\/laplainedesvosgesinfo\/wp-json\/wp\/v2\/types\/post"}],"author":[{"embeddable":true,"href":"https:\/\/vosgesinfo.fr\/laplainedesvosgesinfo\/wp-json\/wp\/v2\/users\/1"}],"replies":[{"embeddable":true,"href":"https:\/\/vosgesinfo.fr\/laplainedesvosgesinfo\/wp-json\/wp\/v2\/comments?post=9203"}],"version-history":[{"count":0,"href":"https:\/\/vosgesinfo.fr\/laplainedesvosgesinfo\/wp-json\/wp\/v2\/posts\/9203\/revisions"}],"wp:featuredmedia":[{"embeddable":true,"href":"https:\/\/vosgesinfo.fr\/laplainedesvosgesinfo\/wp-json\/wp\/v2\/media\/9204"}],"wp:attachment":[{"href":"https:\/\/vosgesinfo.fr\/laplainedesvosgesinfo\/wp-json\/wp\/v2\/media?parent=9203"}],"wp:term":[{"taxonomy":"category","embeddable":true,"href":"https:\/\/vosgesinfo.fr\/laplainedesvosgesinfo\/wp-json\/wp\/v2\/categories?post=9203"},{"taxonomy":"post_tag","embeddable":true,"href":"https:\/\/vosgesinfo.fr\/laplainedesvosgesinfo\/wp-json\/wp\/v2\/tags?post=9203"}],"curies":[{"name":"wp","href":"https:\/\/api.w.org\/{rel}","templated":true}]}}