{"id":9220,"date":"2017-01-17T07:24:40","date_gmt":"2017-01-17T06:24:40","guid":{"rendered":"https:\/\/vosgesinfo.fr\/laplainedesvosgesinfo\/2017\/01\/vosges-la-carte-zap-a-desormais-son-application-mobile\/"},"modified":"2017-01-17T07:24:40","modified_gmt":"2017-01-17T06:24:40","slug":"vosges-la-carte-zap-a-desormais-son-application-mobile","status":"publish","type":"post","link":"https:\/\/vosgesinfo.fr\/laplainedesvosgesinfo\/2017\/01\/vosges-la-carte-zap-a-desormais-son-application-mobile\/","title":{"rendered":"Vosges &#8211; La carte Zap a d\u00e9sormais son application mobile !"},"content":{"rendered":"<h4><a href=\"\/2017\/01\/P1250474.jpg\"><img decoding=\"async\" class=\"aligncenter size-full wp-image-83920\" src=\"\/2017\/01\/P1250474.jpg\" alt=\"P1250474\" width=\"800\" height=\"600\" \/><\/a><\/h4>\n<h4>En 2017, la carte Zap+88 cr\u00e9\u00e9e en 1993 et r\u00e9serv\u00e9e aux jeunes Vosgiens de 10 \u00e0 25 ans, propose des nouveaut\u00e9s.<\/h4>\n<p><a href=\"http:\/\/epinalinfos.fr\/2017\/01\/carte-zap-reservee-aux-jeunes-vosgiens-a-desormais-application-mobile\/p1250479\/\" rel=\"attachment wp-att-107103\"><img decoding=\"async\" class=\"aligncenter  wp-image-107103\" src=\"http:\/\/epinalinfos.fr\/wp-content\/uploads\/2017\/01\/P1250479.jpg\" alt=\"P1250479\" width=\"504\" height=\"378\" \/><\/a><\/p>\n<p><a href=\"http:\/\/epinalinfos.fr\/2017\/01\/carte-zap-reservee-aux-jeunes-vosgiens-a-desormais-application-mobile\/p1250465-2\/\" rel=\"attachment wp-att-107102\"><img decoding=\"async\" class=\" wp-image-107102 alignleft\" src=\"http:\/\/epinalinfos.fr\/wp-content\/uploads\/2017\/01\/P1250465.jpg\" alt=\"P1250465\" width=\"277\" height=\"208\" \/><\/a>Aujourd\u2019hui pr\u00e8s de 16\u00a0400 jeunes Vosgiens poss\u00e8dent la carte Zap, ce qui repr\u00e9sente un tiers des jeunes de 10 \u00e0 25 ans. Elle co\u00fbte 10 euros et s\u2019accompagne d\u2019un ch\u00e9quier d\u2019une valeur de 251 euros permettant de r\u00e9gler ses achats chez les 350 partenaires de l\u2019op\u00e9ration. Chaque ann\u00e9e elle \u00e9volue. En 2017, parmi les nouveaut\u00e9s, les jeunes pourront b\u00e9n\u00e9ficier de trois ch\u00e8ques spectacle de 4 euros \u00e0 utiliser chez les 13 partenaires.<\/p>\n<p>L\u2019application mobile gratuite permet aux jeunes de g\u00e9olocaliser les partenaires Zap autour de soi et de se guider jusqu\u2019\u00e0 eux.<\/p>\n<p>Dans le ch\u00e9quier de 251 euros, on retrouve 13 ch\u00e8ques loisir de 3 euros, 5 ch\u00e8ques livres de 5 euros, 5 ch\u00e8ques ski de 3 euros, un ch\u00e8que BAFA de 100 euros, un ch\u00e8que culturel de 50 euros, un ch\u00e8que sport de 10 euros et trois ch\u00e8ques spectacle de 4 euros.<\/p>\n<p>\u00ab\u00a0Cette carte permet d\u2019envoyer un signal fort \u00e0 la jeunesse : on essaie de vous aider. On est dans une situation \u00e9conomique difficile et cela permet \u00e0 des personnes qui ne pourraient pas aller au cin\u00e9ma d\u2019y aller.\u00a0\u00bb commente le pr\u00e9sident du Conseil d\u00e9partemental des Vosges, Fran\u00e7ois Vannson. Le co\u00fbt de l\u2019op\u00e9ration est de 607 000 euros par an.<\/p>\n<p>C.K.N.<\/p>\n","protected":false},"excerpt":{"rendered":"<p>En 2017, la carte Zap+88 cr\u00e9\u00e9e en 1993 et r\u00e9serv\u00e9e aux jeunes Vosgiens de 10 \u00e0 25 ans, propose des [&hellip;]<\/p>\n","protected":false},"author":1,"featured_media":9221,"comment_status":"open","ping_status":"open","sticky":false,"template":"","format":"standard","meta":{"footnotes":""},"categories":[29,13,18],"tags":[3281,865,3282,233],"class_list":["post-9220","post","type-post","status-publish","format-standard","has-post-thumbnail","hentry","category-a-la-une","category-societe","category-vosges","tag-carte-zap88","tag-conseil-departemental-des-vosges","tag-jeunes-de-10-25-ans","tag-vosges"],"acf":[],"yoast_head":"<!-- This site is optimized with the Yoast SEO plugin v22.5 - https:\/\/yoast.com\/wordpress\/plugins\/seo\/ -->\n<title>Vosges - La carte Zap a d\u00e9sormais son application mobile ! - La Plaine des Vosges<\/title>\n<meta name=\"robots\" content=\"index, follow, max-snippet:-1, max-image-preview:large, max-video-preview:-1\" \/>\n<link rel=\"canonical\" href=\"https:\/\/vosgesinfo.fr\/laplainedesvosgesinfo\/2017\/01\/vosges-la-carte-zap-a-desormais-son-application-mobile\/\" \/>\n<meta name=\"twitter:card\" content=\"summary_large_image\" \/>\n<meta name=\"twitter:title\" content=\"Vosges - La carte Zap a d\u00e9sormais son application mobile ! - La Plaine des Vosges\" \/>\n<meta name=\"twitter:description\" content=\"En 2017, la carte Zap+88 cr\u00e9\u00e9e en 1993 et r\u00e9serv\u00e9e aux jeunes Vosgiens de 10 \u00e0 25 ans, propose des [&hellip;]\" \/>\n<meta name=\"twitter:image\" content=\"https:\/\/vosgesinfo.fr\/app\/uploads\/sites\/2\/2024\/06\/201701p1250474.jpg\" \/>\n<meta name=\"twitter:creator\" content=\"@VosgesInfo88\" \/>\n<meta name=\"twitter:site\" content=\"@VosgesInfo88\" \/>\n<meta name=\"twitter:label1\" content=\"\u00c9crit par\" \/>\n\t<meta name=\"twitter:data1\" content=\"qs_admin\" \/>\n\t<meta name=\"twitter:label2\" content=\"Dur\u00e9e de lecture estim\u00e9e\" \/>\n\t<meta name=\"twitter:data2\" content=\"1 minute\" \/>\n<script type=\"application\/ld+json\" class=\"yoast-schema-graph\">{\"@context\":\"https:\/\/schema.org\",\"@graph\":[{\"@type\":\"Article\",\"@id\":\"https:\/\/vosgesinfo.fr\/laplainedesvosgesinfo\/2017\/01\/vosges-la-carte-zap-a-desormais-son-application-mobile\/#article\",\"isPartOf\":{\"@id\":\"https:\/\/vosgesinfo.fr\/laplainedesvosgesinfo\/2017\/01\/vosges-la-carte-zap-a-desormais-son-application-mobile\/\"},\"author\":{\"name\":\"qs_admin\",\"@id\":\"https:\/\/vosgesinfo.fr\/laplainedesvosgesinfo\/#\/schema\/person\/bc5d02d71e6932e81b6dadb7386667b1\"},\"headline\":\"Vosges &#8211; La carte Zap a d\u00e9sormais son application mobile !\",\"datePublished\":\"2017-01-17T06:24:40+00:00\",\"dateModified\":\"2017-01-17T06:24:40+00:00\",\"mainEntityOfPage\":{\"@id\":\"https:\/\/vosgesinfo.fr\/laplainedesvosgesinfo\/2017\/01\/vosges-la-carte-zap-a-desormais-son-application-mobile\/\"},\"wordCount\":245,\"commentCount\":0,\"publisher\":{\"@id\":\"https:\/\/vosgesinfo.fr\/laplainedesvosgesinfo\/#organization\"},\"image\":{\"@id\":\"https:\/\/vosgesinfo.fr\/laplainedesvosgesinfo\/2017\/01\/vosges-la-carte-zap-a-desormais-son-application-mobile\/#primaryimage\"},\"thumbnailUrl\":\"https:\/\/vosgesinfo.fr\/app\/uploads\/sites\/2\/2024\/06\/201701p1250474.jpg\",\"keywords\":[\"carte Zap+88\",\"Conseil d\u00e9partemental des Vosges\",\"jeunes de 10 25 ans\",\"Vosges\"],\"articleSection\":[\"A la Une\",\"Soci\u00e9t\u00e9\",\"Vosges\"],\"inLanguage\":\"fr-FR\",\"potentialAction\":[{\"@type\":\"CommentAction\",\"name\":\"Comment\",\"target\":[\"https:\/\/vosgesinfo.fr\/laplainedesvosgesinfo\/2017\/01\/vosges-la-carte-zap-a-desormais-son-application-mobile\/#respond\"]}]},{\"@type\":\"WebPage\",\"@id\":\"https:\/\/vosgesinfo.fr\/laplainedesvosgesinfo\/2017\/01\/vosges-la-carte-zap-a-desormais-son-application-mobile\/\",\"url\":\"https:\/\/vosgesinfo.fr\/laplainedesvosgesinfo\/2017\/01\/vosges-la-carte-zap-a-desormais-son-application-mobile\/\",\"name\":\"Vosges - La carte Zap a d\u00e9sormais son application mobile ! - La Plaine des Vosges\",\"isPartOf\":{\"@id\":\"https:\/\/vosgesinfo.fr\/laplainedesvosgesinfo\/#website\"},\"primaryImageOfPage\":{\"@id\":\"https:\/\/vosgesinfo.fr\/laplainedesvosgesinfo\/2017\/01\/vosges-la-carte-zap-a-desormais-son-application-mobile\/#primaryimage\"},\"image\":{\"@id\":\"https:\/\/vosgesinfo.fr\/laplainedesvosgesinfo\/2017\/01\/vosges-la-carte-zap-a-desormais-son-application-mobile\/#primaryimage\"},\"thumbnailUrl\":\"https:\/\/vosgesinfo.fr\/app\/uploads\/sites\/2\/2024\/06\/201701p1250474.jpg\",\"datePublished\":\"2017-01-17T06:24:40+00:00\",\"dateModified\":\"2017-01-17T06:24:40+00:00\",\"breadcrumb\":{\"@id\":\"https:\/\/vosgesinfo.fr\/laplainedesvosgesinfo\/2017\/01\/vosges-la-carte-zap-a-desormais-son-application-mobile\/#breadcrumb\"},\"inLanguage\":\"fr-FR\",\"potentialAction\":[{\"@type\":\"ReadAction\",\"target\":[\"https:\/\/vosgesinfo.fr\/laplainedesvosgesinfo\/2017\/01\/vosges-la-carte-zap-a-desormais-son-application-mobile\/\"]}]},{\"@type\":\"ImageObject\",\"inLanguage\":\"fr-FR\",\"@id\":\"https:\/\/vosgesinfo.fr\/laplainedesvosgesinfo\/2017\/01\/vosges-la-carte-zap-a-desormais-son-application-mobile\/#primaryimage\",\"url\":\"https:\/\/vosgesinfo.fr\/app\/uploads\/sites\/2\/2024\/06\/201701p1250474.jpg\",\"contentUrl\":\"https:\/\/vosgesinfo.fr\/app\/uploads\/sites\/2\/2024\/06\/201701p1250474.jpg\",\"width\":800,\"height\":600},{\"@type\":\"BreadcrumbList\",\"@id\":\"https:\/\/vosgesinfo.fr\/laplainedesvosgesinfo\/2017\/01\/vosges-la-carte-zap-a-desormais-son-application-mobile\/#breadcrumb\",\"itemListElement\":[{\"@type\":\"ListItem\",\"position\":1,\"name\":\"Home\",\"item\":\"https:\/\/vosgesinfo.fr\/laplainedesvosgesinfo\/\"},{\"@type\":\"ListItem\",\"position\":2,\"name\":\"Vosges &#8211; La carte Zap a d\u00e9sormais son application mobile !\"}]},{\"@type\":\"WebSite\",\"@id\":\"https:\/\/vosgesinfo.fr\/laplainedesvosgesinfo\/#website\",\"url\":\"https:\/\/vosgesinfo.fr\/laplainedesvosgesinfo\/\",\"name\":\"La Plaine des Vosges\",\"description\":\"Toute l&#039;actualit\u00e9 de la plaine de Vosges\",\"publisher\":{\"@id\":\"https:\/\/vosgesinfo.fr\/laplainedesvosgesinfo\/#organization\"},\"alternateName\":\"Toute l'actualit\u00e9 de la plaine des Vosges\",\"potentialAction\":[{\"@type\":\"SearchAction\",\"target\":{\"@type\":\"EntryPoint\",\"urlTemplate\":\"https:\/\/vosgesinfo.fr\/laplainedesvosgesinfo\/?s={search_term_string}\"},\"query-input\":\"required name=search_term_string\"}],\"inLanguage\":\"fr-FR\"},{\"@type\":\"Organization\",\"@id\":\"https:\/\/vosgesinfo.fr\/laplainedesvosgesinfo\/#organization\",\"name\":\"La Plaine des Vosges\",\"url\":\"https:\/\/vosgesinfo.fr\/laplainedesvosgesinfo\/\",\"logo\":{\"@type\":\"ImageObject\",\"inLanguage\":\"fr-FR\",\"@id\":\"https:\/\/vosgesinfo.fr\/laplainedesvosgesinfo\/#\/schema\/logo\/image\/\",\"url\":\"https:\/\/vosgesinfo.fr\/app\/uploads\/sites\/2\/2023\/08\/logo-laplaineinfo.svg\",\"contentUrl\":\"https:\/\/vosgesinfo.fr\/app\/uploads\/sites\/2\/2023\/08\/logo-laplaineinfo.svg\",\"width\":1,\"height\":1,\"caption\":\"La Plaine des Vosges\"},\"image\":{\"@id\":\"https:\/\/vosgesinfo.fr\/laplainedesvosgesinfo\/#\/schema\/logo\/image\/\"},\"sameAs\":[\"https:\/\/www.facebook.com\/laplainedesvosges\",\"https:\/\/x.com\/VosgesInfo88\",\"https:\/\/www.youtube.com\/@vosgesinfo\"]},{\"@type\":\"Person\",\"@id\":\"https:\/\/vosgesinfo.fr\/laplainedesvosgesinfo\/#\/schema\/person\/bc5d02d71e6932e81b6dadb7386667b1\",\"name\":\"qs_admin\",\"image\":{\"@type\":\"ImageObject\",\"inLanguage\":\"fr-FR\",\"@id\":\"https:\/\/vosgesinfo.fr\/laplainedesvosgesinfo\/#\/schema\/person\/image\/\",\"url\":\"https:\/\/secure.gravatar.com\/avatar\/94b18ee0ed79e4a42ea2f2931277b6841a8999fc6fde214600c78057cf1fe1de?s=96&d=mm&r=g\",\"contentUrl\":\"https:\/\/secure.gravatar.com\/avatar\/94b18ee0ed79e4a42ea2f2931277b6841a8999fc6fde214600c78057cf1fe1de?s=96&d=mm&r=g\",\"caption\":\"qs_admin\"},\"sameAs\":[\"https:\/\/vosgesinfo.fr\/wp\"],\"url\":\"https:\/\/vosgesinfo.fr\/laplainedesvosgesinfo\/author\/qs_admin\/\"}]}<\/script>\n<!-- \/ Yoast SEO plugin. -->","yoast_head_json":{"title":"Vosges - La carte Zap a d\u00e9sormais son application mobile ! - La Plaine des Vosges","robots":{"index":"index","follow":"follow","max-snippet":"max-snippet:-1","max-image-preview":"max-image-preview:large","max-video-preview":"max-video-preview:-1"},"canonical":"https:\/\/vosgesinfo.fr\/laplainedesvosgesinfo\/2017\/01\/vosges-la-carte-zap-a-desormais-son-application-mobile\/","twitter_card":"summary_large_image","twitter_title":"Vosges - La carte Zap a d\u00e9sormais son application mobile ! - La Plaine des Vosges","twitter_description":"En 2017, la carte Zap+88 cr\u00e9\u00e9e en 1993 et r\u00e9serv\u00e9e aux jeunes Vosgiens de 10 \u00e0 25 ans, propose des [&hellip;]","twitter_image":"https:\/\/vosgesinfo.fr\/app\/uploads\/sites\/2\/2024\/06\/201701p1250474.jpg","twitter_creator":"@VosgesInfo88","twitter_site":"@VosgesInfo88","twitter_misc":{"\u00c9crit par":"qs_admin","Dur\u00e9e de lecture estim\u00e9e":"1 minute"},"schema":{"@context":"https:\/\/schema.org","@graph":[{"@type":"Article","@id":"https:\/\/vosgesinfo.fr\/laplainedesvosgesinfo\/2017\/01\/vosges-la-carte-zap-a-desormais-son-application-mobile\/#article","isPartOf":{"@id":"https:\/\/vosgesinfo.fr\/laplainedesvosgesinfo\/2017\/01\/vosges-la-carte-zap-a-desormais-son-application-mobile\/"},"author":{"name":"qs_admin","@id":"https:\/\/vosgesinfo.fr\/laplainedesvosgesinfo\/#\/schema\/person\/bc5d02d71e6932e81b6dadb7386667b1"},"headline":"Vosges &#8211; La carte Zap a d\u00e9sormais son application mobile !","datePublished":"2017-01-17T06:24:40+00:00","dateModified":"2017-01-17T06:24:40+00:00","mainEntityOfPage":{"@id":"https:\/\/vosgesinfo.fr\/laplainedesvosgesinfo\/2017\/01\/vosges-la-carte-zap-a-desormais-son-application-mobile\/"},"wordCount":245,"commentCount":0,"publisher":{"@id":"https:\/\/vosgesinfo.fr\/laplainedesvosgesinfo\/#organization"},"image":{"@id":"https:\/\/vosgesinfo.fr\/laplainedesvosgesinfo\/2017\/01\/vosges-la-carte-zap-a-desormais-son-application-mobile\/#primaryimage"},"thumbnailUrl":"https:\/\/vosgesinfo.fr\/app\/uploads\/sites\/2\/2024\/06\/201701p1250474.jpg","keywords":["carte Zap+88","Conseil d\u00e9partemental des Vosges","jeunes de 10 25 ans","Vosges"],"articleSection":["A la Une","Soci\u00e9t\u00e9","Vosges"],"inLanguage":"fr-FR","potentialAction":[{"@type":"CommentAction","name":"Comment","target":["https:\/\/vosgesinfo.fr\/laplainedesvosgesinfo\/2017\/01\/vosges-la-carte-zap-a-desormais-son-application-mobile\/#respond"]}]},{"@type":"WebPage","@id":"https:\/\/vosgesinfo.fr\/laplainedesvosgesinfo\/2017\/01\/vosges-la-carte-zap-a-desormais-son-application-mobile\/","url":"https:\/\/vosgesinfo.fr\/laplainedesvosgesinfo\/2017\/01\/vosges-la-carte-zap-a-desormais-son-application-mobile\/","name":"Vosges - La carte Zap a d\u00e9sormais son application mobile ! - La Plaine des Vosges","isPartOf":{"@id":"https:\/\/vosgesinfo.fr\/laplainedesvosgesinfo\/#website"},"primaryImageOfPage":{"@id":"https:\/\/vosgesinfo.fr\/laplainedesvosgesinfo\/2017\/01\/vosges-la-carte-zap-a-desormais-son-application-mobile\/#primaryimage"},"image":{"@id":"https:\/\/vosgesinfo.fr\/laplainedesvosgesinfo\/2017\/01\/vosges-la-carte-zap-a-desormais-son-application-mobile\/#primaryimage"},"thumbnailUrl":"https:\/\/vosgesinfo.fr\/app\/uploads\/sites\/2\/2024\/06\/201701p1250474.jpg","datePublished":"2017-01-17T06:24:40+00:00","dateModified":"2017-01-17T06:24:40+00:00","breadcrumb":{"@id":"https:\/\/vosgesinfo.fr\/laplainedesvosgesinfo\/2017\/01\/vosges-la-carte-zap-a-desormais-son-application-mobile\/#breadcrumb"},"inLanguage":"fr-FR","potentialAction":[{"@type":"ReadAction","target":["https:\/\/vosgesinfo.fr\/laplainedesvosgesinfo\/2017\/01\/vosges-la-carte-zap-a-desormais-son-application-mobile\/"]}]},{"@type":"ImageObject","inLanguage":"fr-FR","@id":"https:\/\/vosgesinfo.fr\/laplainedesvosgesinfo\/2017\/01\/vosges-la-carte-zap-a-desormais-son-application-mobile\/#primaryimage","url":"https:\/\/vosgesinfo.fr\/app\/uploads\/sites\/2\/2024\/06\/201701p1250474.jpg","contentUrl":"https:\/\/vosgesinfo.fr\/app\/uploads\/sites\/2\/2024\/06\/201701p1250474.jpg","width":800,"height":600},{"@type":"BreadcrumbList","@id":"https:\/\/vosgesinfo.fr\/laplainedesvosgesinfo\/2017\/01\/vosges-la-carte-zap-a-desormais-son-application-mobile\/#breadcrumb","itemListElement":[{"@type":"ListItem","position":1,"name":"Home","item":"https:\/\/vosgesinfo.fr\/laplainedesvosgesinfo\/"},{"@type":"ListItem","position":2,"name":"Vosges &#8211; La carte Zap a d\u00e9sormais son application mobile !"}]},{"@type":"WebSite","@id":"https:\/\/vosgesinfo.fr\/laplainedesvosgesinfo\/#website","url":"https:\/\/vosgesinfo.fr\/laplainedesvosgesinfo\/","name":"La Plaine des Vosges","description":"Toute l&#039;actualit\u00e9 de la plaine de Vosges","publisher":{"@id":"https:\/\/vosgesinfo.fr\/laplainedesvosgesinfo\/#organization"},"alternateName":"Toute l'actualit\u00e9 de la plaine des Vosges","potentialAction":[{"@type":"SearchAction","target":{"@type":"EntryPoint","urlTemplate":"https:\/\/vosgesinfo.fr\/laplainedesvosgesinfo\/?s={search_term_string}"},"query-input":"required name=search_term_string"}],"inLanguage":"fr-FR"},{"@type":"Organization","@id":"https:\/\/vosgesinfo.fr\/laplainedesvosgesinfo\/#organization","name":"La Plaine des Vosges","url":"https:\/\/vosgesinfo.fr\/laplainedesvosgesinfo\/","logo":{"@type":"ImageObject","inLanguage":"fr-FR","@id":"https:\/\/vosgesinfo.fr\/laplainedesvosgesinfo\/#\/schema\/logo\/image\/","url":"https:\/\/vosgesinfo.fr\/app\/uploads\/sites\/2\/2023\/08\/logo-laplaineinfo.svg","contentUrl":"https:\/\/vosgesinfo.fr\/app\/uploads\/sites\/2\/2023\/08\/logo-laplaineinfo.svg","width":1,"height":1,"caption":"La Plaine des Vosges"},"image":{"@id":"https:\/\/vosgesinfo.fr\/laplainedesvosgesinfo\/#\/schema\/logo\/image\/"},"sameAs":["https:\/\/www.facebook.com\/laplainedesvosges","https:\/\/x.com\/VosgesInfo88","https:\/\/www.youtube.com\/@vosgesinfo"]},{"@type":"Person","@id":"https:\/\/vosgesinfo.fr\/laplainedesvosgesinfo\/#\/schema\/person\/bc5d02d71e6932e81b6dadb7386667b1","name":"qs_admin","image":{"@type":"ImageObject","inLanguage":"fr-FR","@id":"https:\/\/vosgesinfo.fr\/laplainedesvosgesinfo\/#\/schema\/person\/image\/","url":"https:\/\/secure.gravatar.com\/avatar\/94b18ee0ed79e4a42ea2f2931277b6841a8999fc6fde214600c78057cf1fe1de?s=96&d=mm&r=g","contentUrl":"https:\/\/secure.gravatar.com\/avatar\/94b18ee0ed79e4a42ea2f2931277b6841a8999fc6fde214600c78057cf1fe1de?s=96&d=mm&r=g","caption":"qs_admin"},"sameAs":["https:\/\/vosgesinfo.fr\/wp"],"url":"https:\/\/vosgesinfo.fr\/laplainedesvosgesinfo\/author\/qs_admin\/"}]}},"_links":{"self":[{"href":"https:\/\/vosgesinfo.fr\/laplainedesvosgesinfo\/wp-json\/wp\/v2\/posts\/9220","targetHints":{"allow":["GET"]}}],"collection":[{"href":"https:\/\/vosgesinfo.fr\/laplainedesvosgesinfo\/wp-json\/wp\/v2\/posts"}],"about":[{"href":"https:\/\/vosgesinfo.fr\/laplainedesvosgesinfo\/wp-json\/wp\/v2\/types\/post"}],"author":[{"embeddable":true,"href":"https:\/\/vosgesinfo.fr\/laplainedesvosgesinfo\/wp-json\/wp\/v2\/users\/1"}],"replies":[{"embeddable":true,"href":"https:\/\/vosgesinfo.fr\/laplainedesvosgesinfo\/wp-json\/wp\/v2\/comments?post=9220"}],"version-history":[{"count":0,"href":"https:\/\/vosgesinfo.fr\/laplainedesvosgesinfo\/wp-json\/wp\/v2\/posts\/9220\/revisions"}],"wp:featuredmedia":[{"embeddable":true,"href":"https:\/\/vosgesinfo.fr\/laplainedesvosgesinfo\/wp-json\/wp\/v2\/media\/9221"}],"wp:attachment":[{"href":"https:\/\/vosgesinfo.fr\/laplainedesvosgesinfo\/wp-json\/wp\/v2\/media?parent=9220"}],"wp:term":[{"taxonomy":"category","embeddable":true,"href":"https:\/\/vosgesinfo.fr\/laplainedesvosgesinfo\/wp-json\/wp\/v2\/categories?post=9220"},{"taxonomy":"post_tag","embeddable":true,"href":"https:\/\/vosgesinfo.fr\/laplainedesvosgesinfo\/wp-json\/wp\/v2\/tags?post=9220"}],"curies":[{"name":"wp","href":"https:\/\/api.w.org\/{rel}","templated":true}]}}