{"id":9224,"date":"2017-01-17T05:09:37","date_gmt":"2017-01-17T04:09:37","guid":{"rendered":"https:\/\/vosgesinfo.fr\/laplainedesvosgesinfo\/2017\/01\/apres-une-baisse-de-trafic-en-2016-lorraine-airport-espere-decoller-en-2017\/"},"modified":"2017-01-17T05:09:37","modified_gmt":"2017-01-17T04:09:37","slug":"apres-une-baisse-de-trafic-en-2016-lorraine-airport-espere-decoller-en-2017","status":"publish","type":"post","link":"https:\/\/vosgesinfo.fr\/laplainedesvosgesinfo\/2017\/01\/apres-une-baisse-de-trafic-en-2016-lorraine-airport-espere-decoller-en-2017\/","title":{"rendered":"Apr\u00e8s une baisse de trafic en 2016, Lorraine Airport esp\u00e8re d\u00e9coller en 2017 !"},"content":{"rendered":"<h4 style=\"text-align: justify;\"><a href=\"\/2017\/01\/Pr\u00e9sident-Lorraine-Airport-Philippe-RICHERT.jpg\"><img decoding=\"async\" class=\"aligncenter size-full wp-image-83926\" src=\"\/2017\/01\/Pr\u00e9sident-Lorraine-Airport-Philippe-RICHERT.jpg\" alt=\"Pr\u00e9sident-Lorraine-Airport-Philippe-RICHERT\" width=\"640\" height=\"426\" \/><\/a><\/h4>\n<h4 style=\"text-align: justify;\">Lorraine Airport a accueilli 231 220 passagers en 2016 soit une baisse de 10,22 % par rapport \u00e0 2015.<\/h4>\n<p style=\"text-align: justify;\">La perte de trafic due notamment \u00e0 la fermeture de piste et \u00e0 la non programmation des vols vers la Tunisie et la Turquie l\u2019\u00e9t\u00e9 ainsi que le Maroc l\u2019hiver, a \u00e9t\u00e9 moins importante que pr\u00e9vue. A noter \u00e9galement que Lanzarote propos\u00e9e par Marmara et desservie toute l\u2019ann\u00e9e, devient la premi\u00e8re destination vacances de l\u2019a\u00e9roport (14\u202f000 passagers en 2016) et d\u00e9tr\u00f4ne Marrakech.<\/p>\n<p style=\"text-align: justify;\">La nouveaut\u00e9 Rhodes, avec le m\u00eame tour-op\u00e9rateur, a tr\u00e8s bien fonctionn\u00e9 avec 8\u202f000 vacanciers et un taux de remplissage de 94 %. Enfin, l\u2019Espagne devient le pays ayant attir\u00e9 le plus de vacanciers cette ann\u00e9e avec pr\u00e8s de 35 000 passagers sur quatre destinations diff\u00e9rentes.<\/p>\n","protected":false},"excerpt":{"rendered":"<p>Lorraine Airport a accueilli 231 220 passagers en 2016 soit une baisse de 10,22 % par rapport \u00e0 2015. La [&hellip;]<\/p>\n","protected":false},"author":1,"featured_media":9225,"comment_status":"open","ping_status":"open","sticky":false,"template":"","format":"standard","meta":{"footnotes":""},"categories":[1],"tags":[3283,3284,3285,545],"class_list":["post-9224","post","type-post","status-publish","format-standard","has-post-thumbnail","hentry","category-non-classe","tag-aeroport","tag-goin","tag-lorraine-airport","tag-region"],"acf":[],"yoast_head":"<!-- This site is optimized with the Yoast SEO plugin v22.5 - https:\/\/yoast.com\/wordpress\/plugins\/seo\/ -->\n<title>Apr\u00e8s une baisse de trafic en 2016, Lorraine Airport esp\u00e8re d\u00e9coller en 2017 ! - La Plaine des Vosges<\/title>\n<meta name=\"robots\" content=\"index, follow, max-snippet:-1, max-image-preview:large, max-video-preview:-1\" \/>\n<link rel=\"canonical\" href=\"https:\/\/vosgesinfo.fr\/laplainedesvosgesinfo\/2017\/01\/apres-une-baisse-de-trafic-en-2016-lorraine-airport-espere-decoller-en-2017\/\" \/>\n<meta name=\"twitter:card\" content=\"summary_large_image\" \/>\n<meta name=\"twitter:title\" content=\"Apr\u00e8s une baisse de trafic en 2016, Lorraine Airport esp\u00e8re d\u00e9coller en 2017 ! - La Plaine des Vosges\" \/>\n<meta name=\"twitter:description\" content=\"Lorraine Airport a accueilli 231 220 passagers en 2016 soit une baisse de 10,22 % par rapport \u00e0 2015. La [&hellip;]\" \/>\n<meta name=\"twitter:image\" content=\"https:\/\/vosgesinfo.fr\/app\/uploads\/sites\/2\/2024\/06\/201701president-lorraine-airport-philippe-richert.jpg\" \/>\n<meta name=\"twitter:creator\" content=\"@VosgesInfo88\" \/>\n<meta name=\"twitter:site\" content=\"@VosgesInfo88\" \/>\n<meta name=\"twitter:label1\" content=\"\u00c9crit par\" \/>\n\t<meta name=\"twitter:data1\" content=\"qs_admin\" \/>\n\t<meta name=\"twitter:label2\" content=\"Dur\u00e9e de lecture estim\u00e9e\" \/>\n\t<meta name=\"twitter:data2\" content=\"1 minute\" \/>\n<script type=\"application\/ld+json\" class=\"yoast-schema-graph\">{\"@context\":\"https:\/\/schema.org\",\"@graph\":[{\"@type\":\"Article\",\"@id\":\"https:\/\/vosgesinfo.fr\/laplainedesvosgesinfo\/2017\/01\/apres-une-baisse-de-trafic-en-2016-lorraine-airport-espere-decoller-en-2017\/#article\",\"isPartOf\":{\"@id\":\"https:\/\/vosgesinfo.fr\/laplainedesvosgesinfo\/2017\/01\/apres-une-baisse-de-trafic-en-2016-lorraine-airport-espere-decoller-en-2017\/\"},\"author\":{\"name\":\"qs_admin\",\"@id\":\"https:\/\/vosgesinfo.fr\/laplainedesvosgesinfo\/#\/schema\/person\/bc5d02d71e6932e81b6dadb7386667b1\"},\"headline\":\"Apr\u00e8s une baisse de trafic en 2016, Lorraine Airport esp\u00e8re d\u00e9coller en 2017 !\",\"datePublished\":\"2017-01-17T04:09:37+00:00\",\"dateModified\":\"2017-01-17T04:09:37+00:00\",\"mainEntityOfPage\":{\"@id\":\"https:\/\/vosgesinfo.fr\/laplainedesvosgesinfo\/2017\/01\/apres-une-baisse-de-trafic-en-2016-lorraine-airport-espere-decoller-en-2017\/\"},\"wordCount\":142,\"commentCount\":0,\"publisher\":{\"@id\":\"https:\/\/vosgesinfo.fr\/laplainedesvosgesinfo\/#organization\"},\"image\":{\"@id\":\"https:\/\/vosgesinfo.fr\/laplainedesvosgesinfo\/2017\/01\/apres-une-baisse-de-trafic-en-2016-lorraine-airport-espere-decoller-en-2017\/#primaryimage\"},\"thumbnailUrl\":\"https:\/\/vosgesinfo.fr\/app\/uploads\/sites\/2\/2024\/06\/201701president-lorraine-airport-philippe-richert.jpg\",\"keywords\":[\"a\u00e9roport\",\"Goin\",\"Lorraine Airport\",\"r\u00e9gion\"],\"inLanguage\":\"fr-FR\",\"potentialAction\":[{\"@type\":\"CommentAction\",\"name\":\"Comment\",\"target\":[\"https:\/\/vosgesinfo.fr\/laplainedesvosgesinfo\/2017\/01\/apres-une-baisse-de-trafic-en-2016-lorraine-airport-espere-decoller-en-2017\/#respond\"]}]},{\"@type\":\"WebPage\",\"@id\":\"https:\/\/vosgesinfo.fr\/laplainedesvosgesinfo\/2017\/01\/apres-une-baisse-de-trafic-en-2016-lorraine-airport-espere-decoller-en-2017\/\",\"url\":\"https:\/\/vosgesinfo.fr\/laplainedesvosgesinfo\/2017\/01\/apres-une-baisse-de-trafic-en-2016-lorraine-airport-espere-decoller-en-2017\/\",\"name\":\"Apr\u00e8s une baisse de trafic en 2016, Lorraine Airport esp\u00e8re d\u00e9coller en 2017 ! - La Plaine des Vosges\",\"isPartOf\":{\"@id\":\"https:\/\/vosgesinfo.fr\/laplainedesvosgesinfo\/#website\"},\"primaryImageOfPage\":{\"@id\":\"https:\/\/vosgesinfo.fr\/laplainedesvosgesinfo\/2017\/01\/apres-une-baisse-de-trafic-en-2016-lorraine-airport-espere-decoller-en-2017\/#primaryimage\"},\"image\":{\"@id\":\"https:\/\/vosgesinfo.fr\/laplainedesvosgesinfo\/2017\/01\/apres-une-baisse-de-trafic-en-2016-lorraine-airport-espere-decoller-en-2017\/#primaryimage\"},\"thumbnailUrl\":\"https:\/\/vosgesinfo.fr\/app\/uploads\/sites\/2\/2024\/06\/201701president-lorraine-airport-philippe-richert.jpg\",\"datePublished\":\"2017-01-17T04:09:37+00:00\",\"dateModified\":\"2017-01-17T04:09:37+00:00\",\"breadcrumb\":{\"@id\":\"https:\/\/vosgesinfo.fr\/laplainedesvosgesinfo\/2017\/01\/apres-une-baisse-de-trafic-en-2016-lorraine-airport-espere-decoller-en-2017\/#breadcrumb\"},\"inLanguage\":\"fr-FR\",\"potentialAction\":[{\"@type\":\"ReadAction\",\"target\":[\"https:\/\/vosgesinfo.fr\/laplainedesvosgesinfo\/2017\/01\/apres-une-baisse-de-trafic-en-2016-lorraine-airport-espere-decoller-en-2017\/\"]}]},{\"@type\":\"ImageObject\",\"inLanguage\":\"fr-FR\",\"@id\":\"https:\/\/vosgesinfo.fr\/laplainedesvosgesinfo\/2017\/01\/apres-une-baisse-de-trafic-en-2016-lorraine-airport-espere-decoller-en-2017\/#primaryimage\",\"url\":\"https:\/\/vosgesinfo.fr\/app\/uploads\/sites\/2\/2024\/06\/201701president-lorraine-airport-philippe-richert.jpg\",\"contentUrl\":\"https:\/\/vosgesinfo.fr\/app\/uploads\/sites\/2\/2024\/06\/201701president-lorraine-airport-philippe-richert.jpg\",\"width\":640,\"height\":426},{\"@type\":\"BreadcrumbList\",\"@id\":\"https:\/\/vosgesinfo.fr\/laplainedesvosgesinfo\/2017\/01\/apres-une-baisse-de-trafic-en-2016-lorraine-airport-espere-decoller-en-2017\/#breadcrumb\",\"itemListElement\":[{\"@type\":\"ListItem\",\"position\":1,\"name\":\"Home\",\"item\":\"https:\/\/vosgesinfo.fr\/laplainedesvosgesinfo\/\"},{\"@type\":\"ListItem\",\"position\":2,\"name\":\"Apr\u00e8s une baisse de trafic en 2016, Lorraine Airport esp\u00e8re d\u00e9coller en 2017 !\"}]},{\"@type\":\"WebSite\",\"@id\":\"https:\/\/vosgesinfo.fr\/laplainedesvosgesinfo\/#website\",\"url\":\"https:\/\/vosgesinfo.fr\/laplainedesvosgesinfo\/\",\"name\":\"La Plaine des Vosges\",\"description\":\"Toute l&#039;actualit\u00e9 de la plaine de Vosges\",\"publisher\":{\"@id\":\"https:\/\/vosgesinfo.fr\/laplainedesvosgesinfo\/#organization\"},\"alternateName\":\"Toute l'actualit\u00e9 de la plaine des Vosges\",\"potentialAction\":[{\"@type\":\"SearchAction\",\"target\":{\"@type\":\"EntryPoint\",\"urlTemplate\":\"https:\/\/vosgesinfo.fr\/laplainedesvosgesinfo\/?s={search_term_string}\"},\"query-input\":\"required name=search_term_string\"}],\"inLanguage\":\"fr-FR\"},{\"@type\":\"Organization\",\"@id\":\"https:\/\/vosgesinfo.fr\/laplainedesvosgesinfo\/#organization\",\"name\":\"La Plaine des Vosges\",\"url\":\"https:\/\/vosgesinfo.fr\/laplainedesvosgesinfo\/\",\"logo\":{\"@type\":\"ImageObject\",\"inLanguage\":\"fr-FR\",\"@id\":\"https:\/\/vosgesinfo.fr\/laplainedesvosgesinfo\/#\/schema\/logo\/image\/\",\"url\":\"https:\/\/vosgesinfo.fr\/app\/uploads\/sites\/2\/2023\/08\/logo-laplaineinfo.svg\",\"contentUrl\":\"https:\/\/vosgesinfo.fr\/app\/uploads\/sites\/2\/2023\/08\/logo-laplaineinfo.svg\",\"width\":1,\"height\":1,\"caption\":\"La Plaine des Vosges\"},\"image\":{\"@id\":\"https:\/\/vosgesinfo.fr\/laplainedesvosgesinfo\/#\/schema\/logo\/image\/\"},\"sameAs\":[\"https:\/\/www.facebook.com\/laplainedesvosges\",\"https:\/\/x.com\/VosgesInfo88\",\"https:\/\/www.youtube.com\/@vosgesinfo\"]},{\"@type\":\"Person\",\"@id\":\"https:\/\/vosgesinfo.fr\/laplainedesvosgesinfo\/#\/schema\/person\/bc5d02d71e6932e81b6dadb7386667b1\",\"name\":\"qs_admin\",\"image\":{\"@type\":\"ImageObject\",\"inLanguage\":\"fr-FR\",\"@id\":\"https:\/\/vosgesinfo.fr\/laplainedesvosgesinfo\/#\/schema\/person\/image\/\",\"url\":\"https:\/\/secure.gravatar.com\/avatar\/94b18ee0ed79e4a42ea2f2931277b6841a8999fc6fde214600c78057cf1fe1de?s=96&d=mm&r=g\",\"contentUrl\":\"https:\/\/secure.gravatar.com\/avatar\/94b18ee0ed79e4a42ea2f2931277b6841a8999fc6fde214600c78057cf1fe1de?s=96&d=mm&r=g\",\"caption\":\"qs_admin\"},\"sameAs\":[\"https:\/\/vosgesinfo.fr\/wp\"],\"url\":\"https:\/\/vosgesinfo.fr\/laplainedesvosgesinfo\/author\/qs_admin\/\"}]}<\/script>\n<!-- \/ Yoast SEO plugin. -->","yoast_head_json":{"title":"Apr\u00e8s une baisse de trafic en 2016, Lorraine Airport esp\u00e8re d\u00e9coller en 2017 ! - La Plaine des Vosges","robots":{"index":"index","follow":"follow","max-snippet":"max-snippet:-1","max-image-preview":"max-image-preview:large","max-video-preview":"max-video-preview:-1"},"canonical":"https:\/\/vosgesinfo.fr\/laplainedesvosgesinfo\/2017\/01\/apres-une-baisse-de-trafic-en-2016-lorraine-airport-espere-decoller-en-2017\/","twitter_card":"summary_large_image","twitter_title":"Apr\u00e8s une baisse de trafic en 2016, Lorraine Airport esp\u00e8re d\u00e9coller en 2017 ! - La Plaine des Vosges","twitter_description":"Lorraine Airport a accueilli 231 220 passagers en 2016 soit une baisse de 10,22 % par rapport \u00e0 2015. La [&hellip;]","twitter_image":"https:\/\/vosgesinfo.fr\/app\/uploads\/sites\/2\/2024\/06\/201701president-lorraine-airport-philippe-richert.jpg","twitter_creator":"@VosgesInfo88","twitter_site":"@VosgesInfo88","twitter_misc":{"\u00c9crit par":"qs_admin","Dur\u00e9e de lecture estim\u00e9e":"1 minute"},"schema":{"@context":"https:\/\/schema.org","@graph":[{"@type":"Article","@id":"https:\/\/vosgesinfo.fr\/laplainedesvosgesinfo\/2017\/01\/apres-une-baisse-de-trafic-en-2016-lorraine-airport-espere-decoller-en-2017\/#article","isPartOf":{"@id":"https:\/\/vosgesinfo.fr\/laplainedesvosgesinfo\/2017\/01\/apres-une-baisse-de-trafic-en-2016-lorraine-airport-espere-decoller-en-2017\/"},"author":{"name":"qs_admin","@id":"https:\/\/vosgesinfo.fr\/laplainedesvosgesinfo\/#\/schema\/person\/bc5d02d71e6932e81b6dadb7386667b1"},"headline":"Apr\u00e8s une baisse de trafic en 2016, Lorraine Airport esp\u00e8re d\u00e9coller en 2017 !","datePublished":"2017-01-17T04:09:37+00:00","dateModified":"2017-01-17T04:09:37+00:00","mainEntityOfPage":{"@id":"https:\/\/vosgesinfo.fr\/laplainedesvosgesinfo\/2017\/01\/apres-une-baisse-de-trafic-en-2016-lorraine-airport-espere-decoller-en-2017\/"},"wordCount":142,"commentCount":0,"publisher":{"@id":"https:\/\/vosgesinfo.fr\/laplainedesvosgesinfo\/#organization"},"image":{"@id":"https:\/\/vosgesinfo.fr\/laplainedesvosgesinfo\/2017\/01\/apres-une-baisse-de-trafic-en-2016-lorraine-airport-espere-decoller-en-2017\/#primaryimage"},"thumbnailUrl":"https:\/\/vosgesinfo.fr\/app\/uploads\/sites\/2\/2024\/06\/201701president-lorraine-airport-philippe-richert.jpg","keywords":["a\u00e9roport","Goin","Lorraine Airport","r\u00e9gion"],"inLanguage":"fr-FR","potentialAction":[{"@type":"CommentAction","name":"Comment","target":["https:\/\/vosgesinfo.fr\/laplainedesvosgesinfo\/2017\/01\/apres-une-baisse-de-trafic-en-2016-lorraine-airport-espere-decoller-en-2017\/#respond"]}]},{"@type":"WebPage","@id":"https:\/\/vosgesinfo.fr\/laplainedesvosgesinfo\/2017\/01\/apres-une-baisse-de-trafic-en-2016-lorraine-airport-espere-decoller-en-2017\/","url":"https:\/\/vosgesinfo.fr\/laplainedesvosgesinfo\/2017\/01\/apres-une-baisse-de-trafic-en-2016-lorraine-airport-espere-decoller-en-2017\/","name":"Apr\u00e8s une baisse de trafic en 2016, Lorraine Airport esp\u00e8re d\u00e9coller en 2017 ! - La Plaine des Vosges","isPartOf":{"@id":"https:\/\/vosgesinfo.fr\/laplainedesvosgesinfo\/#website"},"primaryImageOfPage":{"@id":"https:\/\/vosgesinfo.fr\/laplainedesvosgesinfo\/2017\/01\/apres-une-baisse-de-trafic-en-2016-lorraine-airport-espere-decoller-en-2017\/#primaryimage"},"image":{"@id":"https:\/\/vosgesinfo.fr\/laplainedesvosgesinfo\/2017\/01\/apres-une-baisse-de-trafic-en-2016-lorraine-airport-espere-decoller-en-2017\/#primaryimage"},"thumbnailUrl":"https:\/\/vosgesinfo.fr\/app\/uploads\/sites\/2\/2024\/06\/201701president-lorraine-airport-philippe-richert.jpg","datePublished":"2017-01-17T04:09:37+00:00","dateModified":"2017-01-17T04:09:37+00:00","breadcrumb":{"@id":"https:\/\/vosgesinfo.fr\/laplainedesvosgesinfo\/2017\/01\/apres-une-baisse-de-trafic-en-2016-lorraine-airport-espere-decoller-en-2017\/#breadcrumb"},"inLanguage":"fr-FR","potentialAction":[{"@type":"ReadAction","target":["https:\/\/vosgesinfo.fr\/laplainedesvosgesinfo\/2017\/01\/apres-une-baisse-de-trafic-en-2016-lorraine-airport-espere-decoller-en-2017\/"]}]},{"@type":"ImageObject","inLanguage":"fr-FR","@id":"https:\/\/vosgesinfo.fr\/laplainedesvosgesinfo\/2017\/01\/apres-une-baisse-de-trafic-en-2016-lorraine-airport-espere-decoller-en-2017\/#primaryimage","url":"https:\/\/vosgesinfo.fr\/app\/uploads\/sites\/2\/2024\/06\/201701president-lorraine-airport-philippe-richert.jpg","contentUrl":"https:\/\/vosgesinfo.fr\/app\/uploads\/sites\/2\/2024\/06\/201701president-lorraine-airport-philippe-richert.jpg","width":640,"height":426},{"@type":"BreadcrumbList","@id":"https:\/\/vosgesinfo.fr\/laplainedesvosgesinfo\/2017\/01\/apres-une-baisse-de-trafic-en-2016-lorraine-airport-espere-decoller-en-2017\/#breadcrumb","itemListElement":[{"@type":"ListItem","position":1,"name":"Home","item":"https:\/\/vosgesinfo.fr\/laplainedesvosgesinfo\/"},{"@type":"ListItem","position":2,"name":"Apr\u00e8s une baisse de trafic en 2016, Lorraine Airport esp\u00e8re d\u00e9coller en 2017 !"}]},{"@type":"WebSite","@id":"https:\/\/vosgesinfo.fr\/laplainedesvosgesinfo\/#website","url":"https:\/\/vosgesinfo.fr\/laplainedesvosgesinfo\/","name":"La Plaine des Vosges","description":"Toute l&#039;actualit\u00e9 de la plaine de Vosges","publisher":{"@id":"https:\/\/vosgesinfo.fr\/laplainedesvosgesinfo\/#organization"},"alternateName":"Toute l'actualit\u00e9 de la plaine des Vosges","potentialAction":[{"@type":"SearchAction","target":{"@type":"EntryPoint","urlTemplate":"https:\/\/vosgesinfo.fr\/laplainedesvosgesinfo\/?s={search_term_string}"},"query-input":"required name=search_term_string"}],"inLanguage":"fr-FR"},{"@type":"Organization","@id":"https:\/\/vosgesinfo.fr\/laplainedesvosgesinfo\/#organization","name":"La Plaine des Vosges","url":"https:\/\/vosgesinfo.fr\/laplainedesvosgesinfo\/","logo":{"@type":"ImageObject","inLanguage":"fr-FR","@id":"https:\/\/vosgesinfo.fr\/laplainedesvosgesinfo\/#\/schema\/logo\/image\/","url":"https:\/\/vosgesinfo.fr\/app\/uploads\/sites\/2\/2023\/08\/logo-laplaineinfo.svg","contentUrl":"https:\/\/vosgesinfo.fr\/app\/uploads\/sites\/2\/2023\/08\/logo-laplaineinfo.svg","width":1,"height":1,"caption":"La Plaine des Vosges"},"image":{"@id":"https:\/\/vosgesinfo.fr\/laplainedesvosgesinfo\/#\/schema\/logo\/image\/"},"sameAs":["https:\/\/www.facebook.com\/laplainedesvosges","https:\/\/x.com\/VosgesInfo88","https:\/\/www.youtube.com\/@vosgesinfo"]},{"@type":"Person","@id":"https:\/\/vosgesinfo.fr\/laplainedesvosgesinfo\/#\/schema\/person\/bc5d02d71e6932e81b6dadb7386667b1","name":"qs_admin","image":{"@type":"ImageObject","inLanguage":"fr-FR","@id":"https:\/\/vosgesinfo.fr\/laplainedesvosgesinfo\/#\/schema\/person\/image\/","url":"https:\/\/secure.gravatar.com\/avatar\/94b18ee0ed79e4a42ea2f2931277b6841a8999fc6fde214600c78057cf1fe1de?s=96&d=mm&r=g","contentUrl":"https:\/\/secure.gravatar.com\/avatar\/94b18ee0ed79e4a42ea2f2931277b6841a8999fc6fde214600c78057cf1fe1de?s=96&d=mm&r=g","caption":"qs_admin"},"sameAs":["https:\/\/vosgesinfo.fr\/wp"],"url":"https:\/\/vosgesinfo.fr\/laplainedesvosgesinfo\/author\/qs_admin\/"}]}},"_links":{"self":[{"href":"https:\/\/vosgesinfo.fr\/laplainedesvosgesinfo\/wp-json\/wp\/v2\/posts\/9224","targetHints":{"allow":["GET"]}}],"collection":[{"href":"https:\/\/vosgesinfo.fr\/laplainedesvosgesinfo\/wp-json\/wp\/v2\/posts"}],"about":[{"href":"https:\/\/vosgesinfo.fr\/laplainedesvosgesinfo\/wp-json\/wp\/v2\/types\/post"}],"author":[{"embeddable":true,"href":"https:\/\/vosgesinfo.fr\/laplainedesvosgesinfo\/wp-json\/wp\/v2\/users\/1"}],"replies":[{"embeddable":true,"href":"https:\/\/vosgesinfo.fr\/laplainedesvosgesinfo\/wp-json\/wp\/v2\/comments?post=9224"}],"version-history":[{"count":0,"href":"https:\/\/vosgesinfo.fr\/laplainedesvosgesinfo\/wp-json\/wp\/v2\/posts\/9224\/revisions"}],"wp:featuredmedia":[{"embeddable":true,"href":"https:\/\/vosgesinfo.fr\/laplainedesvosgesinfo\/wp-json\/wp\/v2\/media\/9225"}],"wp:attachment":[{"href":"https:\/\/vosgesinfo.fr\/laplainedesvosgesinfo\/wp-json\/wp\/v2\/media?parent=9224"}],"wp:term":[{"taxonomy":"category","embeddable":true,"href":"https:\/\/vosgesinfo.fr\/laplainedesvosgesinfo\/wp-json\/wp\/v2\/categories?post=9224"},{"taxonomy":"post_tag","embeddable":true,"href":"https:\/\/vosgesinfo.fr\/laplainedesvosgesinfo\/wp-json\/wp\/v2\/tags?post=9224"}],"curies":[{"name":"wp","href":"https:\/\/api.w.org\/{rel}","templated":true}]}}