{"id":9226,"date":"2017-01-17T06:40:25","date_gmt":"2017-01-17T05:40:25","guid":{"rendered":"https:\/\/vosgesinfo.fr\/laplainedesvosgesinfo\/2017\/01\/vague-de-froid-renforcement-du-dispositif-dhebergement-durgence-dans-les-vosges\/"},"modified":"2017-01-17T06:40:25","modified_gmt":"2017-01-17T05:40:25","slug":"vague-de-froid-renforcement-du-dispositif-dhebergement-durgence-dans-les-vosges","status":"publish","type":"post","link":"https:\/\/vosgesinfo.fr\/laplainedesvosgesinfo\/2017\/01\/vague-de-froid-renforcement-du-dispositif-dhebergement-durgence-dans-les-vosges\/","title":{"rendered":"Vague de froid : renforcement du dispositif d\u2019h\u00e9bergement d\u2019urgence dans les Vosges"},"content":{"rendered":"<h4 style=\"text-align: justify;\"><a href=\"\/2017\/01\/soap-bubble-1910480_960_720.jpg\"><img decoding=\"async\" class=\"aligncenter size-full wp-image-83929\" src=\"\/2017\/01\/soap-bubble-1910480_960_720.jpg\" alt=\"soap-bubble-1910480_960_720\" width=\"800\" height=\"533\" \/><\/a><\/h4>\n<h4 style=\"text-align: justify;\">Au cours de ces trois prochains jours, le d\u00e9partement des Vosges pourrait enregistrer,\u00a0 selon M\u00e9t\u00e9o-France, des temp\u00e9ratures ressenties comprises entre \u2013 10\u00b0C\u00a0 et \u2013 18\u00b0C. Compte tenu de ces conditions m\u00e9t\u00e9orologiques annonc\u00e9es, Jean-Pierre CAZENAVE-LACROUTS, Pr\u00e9fet des Vosges a d\u00e9cid\u00e9 de renforcer\u00a0\u00a0 \u00e0 nouveau le dispositif d\u2019accueil et d\u2019h\u00e9bergement hivernal et d\u2019\u00e9lever le niveau de vigilance de 1 \u00e0 2 \u00a0correspondant \u00e0 une \u00ab\u00a0p\u00e9riode de grand froid\u00a0\u00bb.<\/h4>\n<p style=\"text-align: justify;\">Concr\u00e9tement, une grande vigilance est demand\u00e9e\u00a0 vis-\u00e0-vis des personnes sans abri ainsi que la mise \u00e0 disposition de toutes les places et lits d\u2019appoint qui peuvent \u00eatre mobilis\u00e9s.<\/p>\n<p style=\"text-align: justify;\">Par ailleurs, les accueils de jours recevront les personnes qui souhaitent b\u00e9n\u00e9ficier de boissons chaudes, de sandwichs ou repas et pourront d\u00e9livrer samedi matin des petits-d\u00e9jeuners. Enfin, leurs horaires d\u2019accueil seront \u00e9tendus en fin de journ\u00e9e. La Croix rouge intensifiera \u00e9galement ses d\u00e9placements sur le terrain afin de \u00a0proposer son aide aux personnes en difficult\u00e9 et de les accompagner pour leur proposer des solutions d\u2019h\u00e9bergement.<\/p>\n<p style=\"text-align: justify;\"><strong>Le Pr\u00e9fet des Vosges demande \u00e0 chacun de composer le <\/strong><strong>115,<\/strong> <em>num\u00e9ro de t\u00e9l\u00e9phone gratuit, joignable 24h\/24<\/em>, <strong>d\u00e8s lors qu\u2019il aurait connaissance d\u2019une personne en d\u00e9tresse. <\/strong>Le 115 pourra ainsi diriger la personne vers un centre o\u00f9 elle sera h\u00e9berg\u00e9e.<\/p>\n<p style=\"text-align: justify;\">A cette heure-ci, le d\u00e9partement des Vosges ne conna\u00eet pas de probl\u00e8me d\u2019h\u00e9bergement d\u2019urgence. <strong>Si cela se r\u00e9v\u00e8le n\u00e9c\u00e9ssaire, des places compl\u00e9mentaires seront mobilis\u00e9es afin que nul ne soit sans abri en cette p\u00e9riode de grand froid.<\/strong><\/p>\n","protected":false},"excerpt":{"rendered":"<p>Au cours de ces trois prochains jours, le d\u00e9partement des Vosges pourrait enregistrer,\u00a0 selon M\u00e9t\u00e9o-France, des temp\u00e9ratures ressenties comprises entre [&hellip;]<\/p>\n","protected":false},"author":1,"featured_media":9227,"comment_status":"open","ping_status":"open","sticky":false,"template":"","format":"standard","meta":{"footnotes":""},"categories":[29,18],"tags":[3136,897,3286,3287,3244],"class_list":["post-9226","post","type-post","status-publish","format-standard","has-post-thumbnail","hentry","category-a-la-une","category-vosges","tag-froid","tag-prefet-des-vosges","tag-renforcement-du-dispositif-daccueil-et-dhebergement-hivernal","tag-temperatures-negatives","tag-vague-de-froid"],"acf":[],"yoast_head":"<!-- This site is optimized with the Yoast SEO plugin v22.5 - https:\/\/yoast.com\/wordpress\/plugins\/seo\/ -->\n<title>Vague de froid : renforcement du dispositif d\u2019h\u00e9bergement d\u2019urgence dans les Vosges - La Plaine des Vosges<\/title>\n<meta name=\"robots\" content=\"index, follow, max-snippet:-1, max-image-preview:large, max-video-preview:-1\" \/>\n<link rel=\"canonical\" href=\"https:\/\/vosgesinfo.fr\/laplainedesvosgesinfo\/2017\/01\/vague-de-froid-renforcement-du-dispositif-dhebergement-durgence-dans-les-vosges\/\" \/>\n<meta name=\"twitter:card\" content=\"summary_large_image\" \/>\n<meta name=\"twitter:title\" content=\"Vague de froid : renforcement du dispositif d\u2019h\u00e9bergement d\u2019urgence dans les Vosges - La Plaine des Vosges\" \/>\n<meta name=\"twitter:description\" content=\"Au cours de ces trois prochains jours, le d\u00e9partement des Vosges pourrait enregistrer,\u00a0 selon M\u00e9t\u00e9o-France, des temp\u00e9ratures ressenties comprises entre [&hellip;]\" \/>\n<meta name=\"twitter:image\" content=\"https:\/\/vosgesinfo.fr\/app\/uploads\/sites\/2\/2024\/06\/201701soap-bubble-1910480-960-720.jpg\" \/>\n<meta name=\"twitter:creator\" content=\"@VosgesInfo88\" \/>\n<meta name=\"twitter:site\" content=\"@VosgesInfo88\" \/>\n<meta name=\"twitter:label1\" content=\"\u00c9crit par\" \/>\n\t<meta name=\"twitter:data1\" content=\"qs_admin\" \/>\n\t<meta name=\"twitter:label2\" content=\"Dur\u00e9e de lecture estim\u00e9e\" \/>\n\t<meta name=\"twitter:data2\" content=\"1 minute\" \/>\n<script type=\"application\/ld+json\" class=\"yoast-schema-graph\">{\"@context\":\"https:\/\/schema.org\",\"@graph\":[{\"@type\":\"Article\",\"@id\":\"https:\/\/vosgesinfo.fr\/laplainedesvosgesinfo\/2017\/01\/vague-de-froid-renforcement-du-dispositif-dhebergement-durgence-dans-les-vosges\/#article\",\"isPartOf\":{\"@id\":\"https:\/\/vosgesinfo.fr\/laplainedesvosgesinfo\/2017\/01\/vague-de-froid-renforcement-du-dispositif-dhebergement-durgence-dans-les-vosges\/\"},\"author\":{\"name\":\"qs_admin\",\"@id\":\"https:\/\/vosgesinfo.fr\/laplainedesvosgesinfo\/#\/schema\/person\/bc5d02d71e6932e81b6dadb7386667b1\"},\"headline\":\"Vague de froid : renforcement du dispositif d\u2019h\u00e9bergement d\u2019urgence dans les Vosges\",\"datePublished\":\"2017-01-17T05:40:25+00:00\",\"dateModified\":\"2017-01-17T05:40:25+00:00\",\"mainEntityOfPage\":{\"@id\":\"https:\/\/vosgesinfo.fr\/laplainedesvosgesinfo\/2017\/01\/vague-de-froid-renforcement-du-dispositif-dhebergement-durgence-dans-les-vosges\/\"},\"wordCount\":290,\"commentCount\":0,\"publisher\":{\"@id\":\"https:\/\/vosgesinfo.fr\/laplainedesvosgesinfo\/#organization\"},\"image\":{\"@id\":\"https:\/\/vosgesinfo.fr\/laplainedesvosgesinfo\/2017\/01\/vague-de-froid-renforcement-du-dispositif-dhebergement-durgence-dans-les-vosges\/#primaryimage\"},\"thumbnailUrl\":\"https:\/\/vosgesinfo.fr\/app\/uploads\/sites\/2\/2024\/06\/201701soap-bubble-1910480-960-720.jpg\",\"keywords\":[\"froid\",\"Pr\u00e9fet des Vosges\",\"renforcement du dispositif d'accueil et d'h\u00e9bergement hivernal\",\"temp\u00e9ratures n\u00e9gatives\",\"vague de froid\"],\"articleSection\":[\"A la Une\",\"Vosges\"],\"inLanguage\":\"fr-FR\",\"potentialAction\":[{\"@type\":\"CommentAction\",\"name\":\"Comment\",\"target\":[\"https:\/\/vosgesinfo.fr\/laplainedesvosgesinfo\/2017\/01\/vague-de-froid-renforcement-du-dispositif-dhebergement-durgence-dans-les-vosges\/#respond\"]}]},{\"@type\":\"WebPage\",\"@id\":\"https:\/\/vosgesinfo.fr\/laplainedesvosgesinfo\/2017\/01\/vague-de-froid-renforcement-du-dispositif-dhebergement-durgence-dans-les-vosges\/\",\"url\":\"https:\/\/vosgesinfo.fr\/laplainedesvosgesinfo\/2017\/01\/vague-de-froid-renforcement-du-dispositif-dhebergement-durgence-dans-les-vosges\/\",\"name\":\"Vague de froid : renforcement du dispositif d\u2019h\u00e9bergement d\u2019urgence dans les Vosges - La Plaine des Vosges\",\"isPartOf\":{\"@id\":\"https:\/\/vosgesinfo.fr\/laplainedesvosgesinfo\/#website\"},\"primaryImageOfPage\":{\"@id\":\"https:\/\/vosgesinfo.fr\/laplainedesvosgesinfo\/2017\/01\/vague-de-froid-renforcement-du-dispositif-dhebergement-durgence-dans-les-vosges\/#primaryimage\"},\"image\":{\"@id\":\"https:\/\/vosgesinfo.fr\/laplainedesvosgesinfo\/2017\/01\/vague-de-froid-renforcement-du-dispositif-dhebergement-durgence-dans-les-vosges\/#primaryimage\"},\"thumbnailUrl\":\"https:\/\/vosgesinfo.fr\/app\/uploads\/sites\/2\/2024\/06\/201701soap-bubble-1910480-960-720.jpg\",\"datePublished\":\"2017-01-17T05:40:25+00:00\",\"dateModified\":\"2017-01-17T05:40:25+00:00\",\"breadcrumb\":{\"@id\":\"https:\/\/vosgesinfo.fr\/laplainedesvosgesinfo\/2017\/01\/vague-de-froid-renforcement-du-dispositif-dhebergement-durgence-dans-les-vosges\/#breadcrumb\"},\"inLanguage\":\"fr-FR\",\"potentialAction\":[{\"@type\":\"ReadAction\",\"target\":[\"https:\/\/vosgesinfo.fr\/laplainedesvosgesinfo\/2017\/01\/vague-de-froid-renforcement-du-dispositif-dhebergement-durgence-dans-les-vosges\/\"]}]},{\"@type\":\"ImageObject\",\"inLanguage\":\"fr-FR\",\"@id\":\"https:\/\/vosgesinfo.fr\/laplainedesvosgesinfo\/2017\/01\/vague-de-froid-renforcement-du-dispositif-dhebergement-durgence-dans-les-vosges\/#primaryimage\",\"url\":\"https:\/\/vosgesinfo.fr\/app\/uploads\/sites\/2\/2024\/06\/201701soap-bubble-1910480-960-720.jpg\",\"contentUrl\":\"https:\/\/vosgesinfo.fr\/app\/uploads\/sites\/2\/2024\/06\/201701soap-bubble-1910480-960-720.jpg\",\"width\":800,\"height\":533},{\"@type\":\"BreadcrumbList\",\"@id\":\"https:\/\/vosgesinfo.fr\/laplainedesvosgesinfo\/2017\/01\/vague-de-froid-renforcement-du-dispositif-dhebergement-durgence-dans-les-vosges\/#breadcrumb\",\"itemListElement\":[{\"@type\":\"ListItem\",\"position\":1,\"name\":\"Home\",\"item\":\"https:\/\/vosgesinfo.fr\/laplainedesvosgesinfo\/\"},{\"@type\":\"ListItem\",\"position\":2,\"name\":\"Vague de froid : renforcement du dispositif d\u2019h\u00e9bergement d\u2019urgence dans les Vosges\"}]},{\"@type\":\"WebSite\",\"@id\":\"https:\/\/vosgesinfo.fr\/laplainedesvosgesinfo\/#website\",\"url\":\"https:\/\/vosgesinfo.fr\/laplainedesvosgesinfo\/\",\"name\":\"La Plaine des Vosges\",\"description\":\"Toute l&#039;actualit\u00e9 de la plaine de Vosges\",\"publisher\":{\"@id\":\"https:\/\/vosgesinfo.fr\/laplainedesvosgesinfo\/#organization\"},\"alternateName\":\"Toute l'actualit\u00e9 de la plaine des Vosges\",\"potentialAction\":[{\"@type\":\"SearchAction\",\"target\":{\"@type\":\"EntryPoint\",\"urlTemplate\":\"https:\/\/vosgesinfo.fr\/laplainedesvosgesinfo\/?s={search_term_string}\"},\"query-input\":\"required name=search_term_string\"}],\"inLanguage\":\"fr-FR\"},{\"@type\":\"Organization\",\"@id\":\"https:\/\/vosgesinfo.fr\/laplainedesvosgesinfo\/#organization\",\"name\":\"La Plaine des Vosges\",\"url\":\"https:\/\/vosgesinfo.fr\/laplainedesvosgesinfo\/\",\"logo\":{\"@type\":\"ImageObject\",\"inLanguage\":\"fr-FR\",\"@id\":\"https:\/\/vosgesinfo.fr\/laplainedesvosgesinfo\/#\/schema\/logo\/image\/\",\"url\":\"https:\/\/vosgesinfo.fr\/app\/uploads\/sites\/2\/2023\/08\/logo-laplaineinfo.svg\",\"contentUrl\":\"https:\/\/vosgesinfo.fr\/app\/uploads\/sites\/2\/2023\/08\/logo-laplaineinfo.svg\",\"width\":1,\"height\":1,\"caption\":\"La Plaine des Vosges\"},\"image\":{\"@id\":\"https:\/\/vosgesinfo.fr\/laplainedesvosgesinfo\/#\/schema\/logo\/image\/\"},\"sameAs\":[\"https:\/\/www.facebook.com\/laplainedesvosges\",\"https:\/\/x.com\/VosgesInfo88\",\"https:\/\/www.youtube.com\/@vosgesinfo\"]},{\"@type\":\"Person\",\"@id\":\"https:\/\/vosgesinfo.fr\/laplainedesvosgesinfo\/#\/schema\/person\/bc5d02d71e6932e81b6dadb7386667b1\",\"name\":\"qs_admin\",\"image\":{\"@type\":\"ImageObject\",\"inLanguage\":\"fr-FR\",\"@id\":\"https:\/\/vosgesinfo.fr\/laplainedesvosgesinfo\/#\/schema\/person\/image\/\",\"url\":\"https:\/\/secure.gravatar.com\/avatar\/94b18ee0ed79e4a42ea2f2931277b6841a8999fc6fde214600c78057cf1fe1de?s=96&d=mm&r=g\",\"contentUrl\":\"https:\/\/secure.gravatar.com\/avatar\/94b18ee0ed79e4a42ea2f2931277b6841a8999fc6fde214600c78057cf1fe1de?s=96&d=mm&r=g\",\"caption\":\"qs_admin\"},\"sameAs\":[\"https:\/\/vosgesinfo.fr\/wp\"],\"url\":\"https:\/\/vosgesinfo.fr\/laplainedesvosgesinfo\/author\/qs_admin\/\"}]}<\/script>\n<!-- \/ Yoast SEO plugin. -->","yoast_head_json":{"title":"Vague de froid : renforcement du dispositif d\u2019h\u00e9bergement d\u2019urgence dans les Vosges - La Plaine des Vosges","robots":{"index":"index","follow":"follow","max-snippet":"max-snippet:-1","max-image-preview":"max-image-preview:large","max-video-preview":"max-video-preview:-1"},"canonical":"https:\/\/vosgesinfo.fr\/laplainedesvosgesinfo\/2017\/01\/vague-de-froid-renforcement-du-dispositif-dhebergement-durgence-dans-les-vosges\/","twitter_card":"summary_large_image","twitter_title":"Vague de froid : renforcement du dispositif d\u2019h\u00e9bergement d\u2019urgence dans les Vosges - La Plaine des Vosges","twitter_description":"Au cours de ces trois prochains jours, le d\u00e9partement des Vosges pourrait enregistrer,\u00a0 selon M\u00e9t\u00e9o-France, des temp\u00e9ratures ressenties comprises entre [&hellip;]","twitter_image":"https:\/\/vosgesinfo.fr\/app\/uploads\/sites\/2\/2024\/06\/201701soap-bubble-1910480-960-720.jpg","twitter_creator":"@VosgesInfo88","twitter_site":"@VosgesInfo88","twitter_misc":{"\u00c9crit par":"qs_admin","Dur\u00e9e de lecture estim\u00e9e":"1 minute"},"schema":{"@context":"https:\/\/schema.org","@graph":[{"@type":"Article","@id":"https:\/\/vosgesinfo.fr\/laplainedesvosgesinfo\/2017\/01\/vague-de-froid-renforcement-du-dispositif-dhebergement-durgence-dans-les-vosges\/#article","isPartOf":{"@id":"https:\/\/vosgesinfo.fr\/laplainedesvosgesinfo\/2017\/01\/vague-de-froid-renforcement-du-dispositif-dhebergement-durgence-dans-les-vosges\/"},"author":{"name":"qs_admin","@id":"https:\/\/vosgesinfo.fr\/laplainedesvosgesinfo\/#\/schema\/person\/bc5d02d71e6932e81b6dadb7386667b1"},"headline":"Vague de froid : renforcement du dispositif d\u2019h\u00e9bergement d\u2019urgence dans les Vosges","datePublished":"2017-01-17T05:40:25+00:00","dateModified":"2017-01-17T05:40:25+00:00","mainEntityOfPage":{"@id":"https:\/\/vosgesinfo.fr\/laplainedesvosgesinfo\/2017\/01\/vague-de-froid-renforcement-du-dispositif-dhebergement-durgence-dans-les-vosges\/"},"wordCount":290,"commentCount":0,"publisher":{"@id":"https:\/\/vosgesinfo.fr\/laplainedesvosgesinfo\/#organization"},"image":{"@id":"https:\/\/vosgesinfo.fr\/laplainedesvosgesinfo\/2017\/01\/vague-de-froid-renforcement-du-dispositif-dhebergement-durgence-dans-les-vosges\/#primaryimage"},"thumbnailUrl":"https:\/\/vosgesinfo.fr\/app\/uploads\/sites\/2\/2024\/06\/201701soap-bubble-1910480-960-720.jpg","keywords":["froid","Pr\u00e9fet des Vosges","renforcement du dispositif d'accueil et d'h\u00e9bergement hivernal","temp\u00e9ratures n\u00e9gatives","vague de froid"],"articleSection":["A la Une","Vosges"],"inLanguage":"fr-FR","potentialAction":[{"@type":"CommentAction","name":"Comment","target":["https:\/\/vosgesinfo.fr\/laplainedesvosgesinfo\/2017\/01\/vague-de-froid-renforcement-du-dispositif-dhebergement-durgence-dans-les-vosges\/#respond"]}]},{"@type":"WebPage","@id":"https:\/\/vosgesinfo.fr\/laplainedesvosgesinfo\/2017\/01\/vague-de-froid-renforcement-du-dispositif-dhebergement-durgence-dans-les-vosges\/","url":"https:\/\/vosgesinfo.fr\/laplainedesvosgesinfo\/2017\/01\/vague-de-froid-renforcement-du-dispositif-dhebergement-durgence-dans-les-vosges\/","name":"Vague de froid : renforcement du dispositif d\u2019h\u00e9bergement d\u2019urgence dans les Vosges - La Plaine des Vosges","isPartOf":{"@id":"https:\/\/vosgesinfo.fr\/laplainedesvosgesinfo\/#website"},"primaryImageOfPage":{"@id":"https:\/\/vosgesinfo.fr\/laplainedesvosgesinfo\/2017\/01\/vague-de-froid-renforcement-du-dispositif-dhebergement-durgence-dans-les-vosges\/#primaryimage"},"image":{"@id":"https:\/\/vosgesinfo.fr\/laplainedesvosgesinfo\/2017\/01\/vague-de-froid-renforcement-du-dispositif-dhebergement-durgence-dans-les-vosges\/#primaryimage"},"thumbnailUrl":"https:\/\/vosgesinfo.fr\/app\/uploads\/sites\/2\/2024\/06\/201701soap-bubble-1910480-960-720.jpg","datePublished":"2017-01-17T05:40:25+00:00","dateModified":"2017-01-17T05:40:25+00:00","breadcrumb":{"@id":"https:\/\/vosgesinfo.fr\/laplainedesvosgesinfo\/2017\/01\/vague-de-froid-renforcement-du-dispositif-dhebergement-durgence-dans-les-vosges\/#breadcrumb"},"inLanguage":"fr-FR","potentialAction":[{"@type":"ReadAction","target":["https:\/\/vosgesinfo.fr\/laplainedesvosgesinfo\/2017\/01\/vague-de-froid-renforcement-du-dispositif-dhebergement-durgence-dans-les-vosges\/"]}]},{"@type":"ImageObject","inLanguage":"fr-FR","@id":"https:\/\/vosgesinfo.fr\/laplainedesvosgesinfo\/2017\/01\/vague-de-froid-renforcement-du-dispositif-dhebergement-durgence-dans-les-vosges\/#primaryimage","url":"https:\/\/vosgesinfo.fr\/app\/uploads\/sites\/2\/2024\/06\/201701soap-bubble-1910480-960-720.jpg","contentUrl":"https:\/\/vosgesinfo.fr\/app\/uploads\/sites\/2\/2024\/06\/201701soap-bubble-1910480-960-720.jpg","width":800,"height":533},{"@type":"BreadcrumbList","@id":"https:\/\/vosgesinfo.fr\/laplainedesvosgesinfo\/2017\/01\/vague-de-froid-renforcement-du-dispositif-dhebergement-durgence-dans-les-vosges\/#breadcrumb","itemListElement":[{"@type":"ListItem","position":1,"name":"Home","item":"https:\/\/vosgesinfo.fr\/laplainedesvosgesinfo\/"},{"@type":"ListItem","position":2,"name":"Vague de froid : renforcement du dispositif d\u2019h\u00e9bergement d\u2019urgence dans les Vosges"}]},{"@type":"WebSite","@id":"https:\/\/vosgesinfo.fr\/laplainedesvosgesinfo\/#website","url":"https:\/\/vosgesinfo.fr\/laplainedesvosgesinfo\/","name":"La Plaine des Vosges","description":"Toute l&#039;actualit\u00e9 de la plaine de Vosges","publisher":{"@id":"https:\/\/vosgesinfo.fr\/laplainedesvosgesinfo\/#organization"},"alternateName":"Toute l'actualit\u00e9 de la plaine des Vosges","potentialAction":[{"@type":"SearchAction","target":{"@type":"EntryPoint","urlTemplate":"https:\/\/vosgesinfo.fr\/laplainedesvosgesinfo\/?s={search_term_string}"},"query-input":"required name=search_term_string"}],"inLanguage":"fr-FR"},{"@type":"Organization","@id":"https:\/\/vosgesinfo.fr\/laplainedesvosgesinfo\/#organization","name":"La Plaine des Vosges","url":"https:\/\/vosgesinfo.fr\/laplainedesvosgesinfo\/","logo":{"@type":"ImageObject","inLanguage":"fr-FR","@id":"https:\/\/vosgesinfo.fr\/laplainedesvosgesinfo\/#\/schema\/logo\/image\/","url":"https:\/\/vosgesinfo.fr\/app\/uploads\/sites\/2\/2023\/08\/logo-laplaineinfo.svg","contentUrl":"https:\/\/vosgesinfo.fr\/app\/uploads\/sites\/2\/2023\/08\/logo-laplaineinfo.svg","width":1,"height":1,"caption":"La Plaine des Vosges"},"image":{"@id":"https:\/\/vosgesinfo.fr\/laplainedesvosgesinfo\/#\/schema\/logo\/image\/"},"sameAs":["https:\/\/www.facebook.com\/laplainedesvosges","https:\/\/x.com\/VosgesInfo88","https:\/\/www.youtube.com\/@vosgesinfo"]},{"@type":"Person","@id":"https:\/\/vosgesinfo.fr\/laplainedesvosgesinfo\/#\/schema\/person\/bc5d02d71e6932e81b6dadb7386667b1","name":"qs_admin","image":{"@type":"ImageObject","inLanguage":"fr-FR","@id":"https:\/\/vosgesinfo.fr\/laplainedesvosgesinfo\/#\/schema\/person\/image\/","url":"https:\/\/secure.gravatar.com\/avatar\/94b18ee0ed79e4a42ea2f2931277b6841a8999fc6fde214600c78057cf1fe1de?s=96&d=mm&r=g","contentUrl":"https:\/\/secure.gravatar.com\/avatar\/94b18ee0ed79e4a42ea2f2931277b6841a8999fc6fde214600c78057cf1fe1de?s=96&d=mm&r=g","caption":"qs_admin"},"sameAs":["https:\/\/vosgesinfo.fr\/wp"],"url":"https:\/\/vosgesinfo.fr\/laplainedesvosgesinfo\/author\/qs_admin\/"}]}},"_links":{"self":[{"href":"https:\/\/vosgesinfo.fr\/laplainedesvosgesinfo\/wp-json\/wp\/v2\/posts\/9226","targetHints":{"allow":["GET"]}}],"collection":[{"href":"https:\/\/vosgesinfo.fr\/laplainedesvosgesinfo\/wp-json\/wp\/v2\/posts"}],"about":[{"href":"https:\/\/vosgesinfo.fr\/laplainedesvosgesinfo\/wp-json\/wp\/v2\/types\/post"}],"author":[{"embeddable":true,"href":"https:\/\/vosgesinfo.fr\/laplainedesvosgesinfo\/wp-json\/wp\/v2\/users\/1"}],"replies":[{"embeddable":true,"href":"https:\/\/vosgesinfo.fr\/laplainedesvosgesinfo\/wp-json\/wp\/v2\/comments?post=9226"}],"version-history":[{"count":0,"href":"https:\/\/vosgesinfo.fr\/laplainedesvosgesinfo\/wp-json\/wp\/v2\/posts\/9226\/revisions"}],"wp:featuredmedia":[{"embeddable":true,"href":"https:\/\/vosgesinfo.fr\/laplainedesvosgesinfo\/wp-json\/wp\/v2\/media\/9227"}],"wp:attachment":[{"href":"https:\/\/vosgesinfo.fr\/laplainedesvosgesinfo\/wp-json\/wp\/v2\/media?parent=9226"}],"wp:term":[{"taxonomy":"category","embeddable":true,"href":"https:\/\/vosgesinfo.fr\/laplainedesvosgesinfo\/wp-json\/wp\/v2\/categories?post=9226"},{"taxonomy":"post_tag","embeddable":true,"href":"https:\/\/vosgesinfo.fr\/laplainedesvosgesinfo\/wp-json\/wp\/v2\/tags?post=9226"}],"curies":[{"name":"wp","href":"https:\/\/api.w.org\/{rel}","templated":true}]}}