{"id":9234,"date":"2017-01-17T16:49:46","date_gmt":"2017-01-17T15:49:46","guid":{"rendered":"https:\/\/vosgesinfo.fr\/laplainedesvosgesinfo\/2017\/01\/contrexeville-personnel-municipal-quatre-agents-medailles\/"},"modified":"2017-01-17T16:49:46","modified_gmt":"2017-01-17T15:49:46","slug":"contrexeville-personnel-municipal-quatre-agents-medailles","status":"publish","type":"post","link":"https:\/\/vosgesinfo.fr\/laplainedesvosgesinfo\/2017\/01\/contrexeville-personnel-municipal-quatre-agents-medailles\/","title":{"rendered":"Contrex\u00e9ville \u2013 Personnel municipal : quatre agents m\u00e9daill\u00e9s"},"content":{"rendered":"<h4><a href=\"\/2017\/01\/medailles-Contrex-2.jpg\"><img decoding=\"async\" class=\"aligncenter size-full wp-image-83939\" src=\"\/2017\/01\/medailles-Contrex-2.jpg\" alt=\"medailles-Contrex (2)\" width=\"800\" height=\"534\" \/><\/a><\/h4>\n<h4>Lors de la c\u00e9r\u00e9monie de pr\u00e9sentation des v\u0153ux au personnel communal ce lundi soir et, selon la tradition, le premier magistrat Luc Gerecke a tenu \u00e0 honorer et saluer les m\u00e9daill\u00e9s et retrait\u00e9s de l&rsquo;ann\u00e9e. Ainsi, quatre agents ont \u00e9t\u00e9 r\u00e9compens\u00e9s pour leur longue carri\u00e8re. Un d\u00e9part en retraite a \u00e9galement \u00e9t\u00e9 honor\u00e9.<\/h4>\n<ul>\n<li><strong>20 ans \u2013 M\u00e9daille d&rsquo;Argent : Corinne Delon<\/strong><\/li>\n<\/ul>\n<p>Corinne Delon a d\u00e9but\u00e9 sa carri\u00e8re le 10 avril 1986 en qualit\u00e9 d&rsquo;agent administratif non titulaire, \u00e0 la biblioth\u00e8que municipale. Elle a ensuite effectu\u00e9 jusqu&rsquo;au 1994, des remplacements dans diff\u00e9rents services de la commune. Cette ann\u00e9e l\u00e0, elle obtient le concours d&rsquo;agent sp\u00e9cialis\u00e9 des \u00e9coles maternelles. Elle est alors nomm\u00e9e stagiaire dans le grade d&rsquo;agent sp\u00e9cialis\u00e9 de 2\u00e8me classe. Depuis cette date, elle occupe ce poste et anime \u00e9galement le temps p\u00e9riscolaire du midi.<\/p>\n<ul>\n<li><strong>30 ans \u2013 M\u00e9daille de Vermeil : Christophe Bergerot<\/strong><\/li>\n<\/ul>\n<p>Christophe Bergerot a int\u00e9gr\u00e9 les services techniques de la ville en 1986. Il a \u00e9t\u00e9 nomm\u00e9 \u00e0 l&#8217;emploi d&rsquo;Aide ouvrier professionnel. Durant ces 30 ann\u00e9es, il a \u00e9t\u00e9 affect\u00e9 au p\u00f4le voirie \u2013 VRD, il participe aux travaux d&rsquo;entretien des routes, effectue des travaux de cr\u00e9ation de trottoirs sur sites nouveaux. Il assure le service de d\u00e9neigement. Depuis 2015, il est agent pluridisciplinaire au p\u00f4le ressources internes, en effectuant des travaux de ferronnerie et de m\u00e9canique.<\/p>\n<ul>\n<li><strong>30 ans \u2013 M\u00e9daille de Vermeil : Frank Vancon<\/strong><\/li>\n<\/ul>\n<p>Titulaire d&rsquo;un BEPA Horticulture option espaces verts au lyc\u00e9e de Roville-aux-Ch\u00eanes, il int\u00e8gre l&rsquo;\u00e9quipe des espaces verts en 1986. Il cr\u00e9e et r\u00e9alise les massifs floraux de la ville. Depuis un d\u00e9part en retraite en 2010, il est l&rsquo;un des responsables du p\u00f4le espaces verts et a notamment la responsabilit\u00e9 de tous les achats (fournitures et v\u00e9g\u00e9taux).<\/p>\n<ul>\n<li><strong>35 ans \u2013 M\u00e9daille d&rsquo;Or : Marie-No\u00eblle Cadet<\/strong><\/li>\n<\/ul>\n<p>Marie-No\u00eblle Cadet a int\u00e9gr\u00e9 les services de la ville en 1981. Elle a d\u00e9but\u00e9 en qualit\u00e9 de femme de service. Elle \u00e9tait notamment charg\u00e9e de l&rsquo;entretien des locaux de plusieurs sites (\u00e9cole maternelle, r\u00e9sidence Henri Vincenot&#8230;). Elle effectuait \u00e9galement la surveillance des enfants dans le bus scolaire, au restaurant scolaire et \u00e0 la garderie. En 1999, elle est affect\u00e9e \u00e0 l&rsquo;\u00e9cole Jacques Pr\u00e9vert o\u00f9 elle occupera un poste d&rsquo;ATSEM jusqu&rsquo;en 2013. Lors de cette rentr\u00e9e, elle prend le poste de gardiennage, s\u00e9curit\u00e9 et entretien du gymnase municipal. Elle continue \u00e0 assurer la surveillance des enfants dans le bus scolaire.<\/p>\n<ul>\n<li><strong>D\u00e9part en retraite : Jacqueline Millot<\/strong><\/li>\n<\/ul>\n<p>Jacqueline Millot a fait valoir ses droits \u00e0 la retraite le 1er novembre 2016. Elle est arriv\u00e9e \u00e0 Contrex\u00e9ville en mars 1997, dans le cadre d&rsquo;un emploi aid\u00e9. De 1998 \u00e0 2009, elle a \u00e9t\u00e9 employ\u00e9e en qualit\u00e9 de femme de service, non titulaire. Elle assurait l&rsquo;entretien des b\u00e2timents communaux sur plusieurs sites. Elle a \u00e9t\u00e9 durant de nombreuses ann\u00e9es agent d&rsquo;accueil et d&rsquo;entretien sous la galerie thermale. Elle a \u00e9t\u00e9 titularis\u00e9e en 2010 et jusqu&rsquo;\u00e0 son d\u00e9part \u00e0 la retraite, elle a \u00e9t\u00e9 affect\u00e9e \u00e0 temps plein sur l&rsquo;entretien de l&rsquo;\u00e9cole Stanislas Leszczynski et \u00e0 la r\u00e9sidence Vincenot.<\/p>\n<p>&nbsp;<\/p>\n<p>A.J.<\/p>\n<p>&nbsp;<\/p>\n<p><a href=\"\/2017\/01\/medailles-Contrex-1.jpg\"><img decoding=\"async\" class=\"aligncenter size-full wp-image-83940\" src=\"\/2017\/01\/medailles-Contrex-1.jpg\" alt=\"medailles-Contrex (1)\" width=\"800\" height=\"534\" \/><\/a><\/p>\n","protected":false},"excerpt":{"rendered":"<p>Lors de la c\u00e9r\u00e9monie de pr\u00e9sentation des v\u0153ux au personnel communal ce lundi soir et, selon la tradition, le premier [&hellip;]<\/p>\n","protected":false},"author":1,"featured_media":9235,"comment_status":"open","ping_status":"open","sticky":false,"template":"","format":"standard","meta":{"footnotes":""},"categories":[29,79,37],"tags":[177,3291,3292],"class_list":["post-9234","post","type-post","status-publish","format-standard","has-post-thumbnail","hentry","category-a-la-une","category-contrexeville-la-plaine","category-la-plaine","tag-contrexeville","tag-medailles-de-la-commune","tag-voeux-au-personnel"],"acf":[],"yoast_head":"<!-- This site is optimized with the Yoast SEO plugin v22.5 - https:\/\/yoast.com\/wordpress\/plugins\/seo\/ -->\n<title>Contrex\u00e9ville \u2013 Personnel municipal : quatre agents m\u00e9daill\u00e9s - La Plaine des Vosges<\/title>\n<meta name=\"robots\" content=\"index, follow, max-snippet:-1, max-image-preview:large, max-video-preview:-1\" \/>\n<link rel=\"canonical\" href=\"https:\/\/vosgesinfo.fr\/laplainedesvosgesinfo\/2017\/01\/contrexeville-personnel-municipal-quatre-agents-medailles\/\" \/>\n<meta name=\"twitter:card\" content=\"summary_large_image\" \/>\n<meta name=\"twitter:title\" content=\"Contrex\u00e9ville \u2013 Personnel municipal : quatre agents m\u00e9daill\u00e9s - La Plaine des Vosges\" \/>\n<meta name=\"twitter:description\" content=\"Lors de la c\u00e9r\u00e9monie de pr\u00e9sentation des v\u0153ux au personnel communal ce lundi soir et, selon la tradition, le premier [&hellip;]\" \/>\n<meta name=\"twitter:image\" content=\"https:\/\/vosgesinfo.fr\/app\/uploads\/sites\/2\/2024\/06\/201701medailles-contrex-2.jpg\" \/>\n<meta name=\"twitter:creator\" content=\"@VosgesInfo88\" \/>\n<meta name=\"twitter:site\" content=\"@VosgesInfo88\" \/>\n<meta name=\"twitter:label1\" content=\"\u00c9crit par\" \/>\n\t<meta name=\"twitter:data1\" content=\"qs_admin\" \/>\n\t<meta name=\"twitter:label2\" content=\"Dur\u00e9e de lecture estim\u00e9e\" \/>\n\t<meta name=\"twitter:data2\" content=\"3 minutes\" \/>\n<script type=\"application\/ld+json\" class=\"yoast-schema-graph\">{\"@context\":\"https:\/\/schema.org\",\"@graph\":[{\"@type\":\"Article\",\"@id\":\"https:\/\/vosgesinfo.fr\/laplainedesvosgesinfo\/2017\/01\/contrexeville-personnel-municipal-quatre-agents-medailles\/#article\",\"isPartOf\":{\"@id\":\"https:\/\/vosgesinfo.fr\/laplainedesvosgesinfo\/2017\/01\/contrexeville-personnel-municipal-quatre-agents-medailles\/\"},\"author\":{\"name\":\"qs_admin\",\"@id\":\"https:\/\/vosgesinfo.fr\/laplainedesvosgesinfo\/#\/schema\/person\/bc5d02d71e6932e81b6dadb7386667b1\"},\"headline\":\"Contrex\u00e9ville \u2013 Personnel municipal : quatre agents m\u00e9daill\u00e9s\",\"datePublished\":\"2017-01-17T15:49:46+00:00\",\"dateModified\":\"2017-01-17T15:49:46+00:00\",\"mainEntityOfPage\":{\"@id\":\"https:\/\/vosgesinfo.fr\/laplainedesvosgesinfo\/2017\/01\/contrexeville-personnel-municipal-quatre-agents-medailles\/\"},\"wordCount\":553,\"commentCount\":0,\"publisher\":{\"@id\":\"https:\/\/vosgesinfo.fr\/laplainedesvosgesinfo\/#organization\"},\"image\":{\"@id\":\"https:\/\/vosgesinfo.fr\/laplainedesvosgesinfo\/2017\/01\/contrexeville-personnel-municipal-quatre-agents-medailles\/#primaryimage\"},\"thumbnailUrl\":\"https:\/\/vosgesinfo.fr\/app\/uploads\/sites\/2\/2024\/06\/201701medailles-contrex-2.jpg\",\"keywords\":[\"Contrex\u00e9ville\",\"m\u00e9dailles de la commune\",\"voeux au personnel\"],\"articleSection\":[\"A la Une\",\"Contrex\u00e9ville\",\"La Plaine\"],\"inLanguage\":\"fr-FR\",\"potentialAction\":[{\"@type\":\"CommentAction\",\"name\":\"Comment\",\"target\":[\"https:\/\/vosgesinfo.fr\/laplainedesvosgesinfo\/2017\/01\/contrexeville-personnel-municipal-quatre-agents-medailles\/#respond\"]}]},{\"@type\":\"WebPage\",\"@id\":\"https:\/\/vosgesinfo.fr\/laplainedesvosgesinfo\/2017\/01\/contrexeville-personnel-municipal-quatre-agents-medailles\/\",\"url\":\"https:\/\/vosgesinfo.fr\/laplainedesvosgesinfo\/2017\/01\/contrexeville-personnel-municipal-quatre-agents-medailles\/\",\"name\":\"Contrex\u00e9ville \u2013 Personnel municipal : quatre agents m\u00e9daill\u00e9s - La Plaine des Vosges\",\"isPartOf\":{\"@id\":\"https:\/\/vosgesinfo.fr\/laplainedesvosgesinfo\/#website\"},\"primaryImageOfPage\":{\"@id\":\"https:\/\/vosgesinfo.fr\/laplainedesvosgesinfo\/2017\/01\/contrexeville-personnel-municipal-quatre-agents-medailles\/#primaryimage\"},\"image\":{\"@id\":\"https:\/\/vosgesinfo.fr\/laplainedesvosgesinfo\/2017\/01\/contrexeville-personnel-municipal-quatre-agents-medailles\/#primaryimage\"},\"thumbnailUrl\":\"https:\/\/vosgesinfo.fr\/app\/uploads\/sites\/2\/2024\/06\/201701medailles-contrex-2.jpg\",\"datePublished\":\"2017-01-17T15:49:46+00:00\",\"dateModified\":\"2017-01-17T15:49:46+00:00\",\"breadcrumb\":{\"@id\":\"https:\/\/vosgesinfo.fr\/laplainedesvosgesinfo\/2017\/01\/contrexeville-personnel-municipal-quatre-agents-medailles\/#breadcrumb\"},\"inLanguage\":\"fr-FR\",\"potentialAction\":[{\"@type\":\"ReadAction\",\"target\":[\"https:\/\/vosgesinfo.fr\/laplainedesvosgesinfo\/2017\/01\/contrexeville-personnel-municipal-quatre-agents-medailles\/\"]}]},{\"@type\":\"ImageObject\",\"inLanguage\":\"fr-FR\",\"@id\":\"https:\/\/vosgesinfo.fr\/laplainedesvosgesinfo\/2017\/01\/contrexeville-personnel-municipal-quatre-agents-medailles\/#primaryimage\",\"url\":\"https:\/\/vosgesinfo.fr\/app\/uploads\/sites\/2\/2024\/06\/201701medailles-contrex-2.jpg\",\"contentUrl\":\"https:\/\/vosgesinfo.fr\/app\/uploads\/sites\/2\/2024\/06\/201701medailles-contrex-2.jpg\",\"width\":800,\"height\":534},{\"@type\":\"BreadcrumbList\",\"@id\":\"https:\/\/vosgesinfo.fr\/laplainedesvosgesinfo\/2017\/01\/contrexeville-personnel-municipal-quatre-agents-medailles\/#breadcrumb\",\"itemListElement\":[{\"@type\":\"ListItem\",\"position\":1,\"name\":\"Home\",\"item\":\"https:\/\/vosgesinfo.fr\/laplainedesvosgesinfo\/\"},{\"@type\":\"ListItem\",\"position\":2,\"name\":\"Contrex\u00e9ville \u2013 Personnel municipal : quatre agents m\u00e9daill\u00e9s\"}]},{\"@type\":\"WebSite\",\"@id\":\"https:\/\/vosgesinfo.fr\/laplainedesvosgesinfo\/#website\",\"url\":\"https:\/\/vosgesinfo.fr\/laplainedesvosgesinfo\/\",\"name\":\"La Plaine des Vosges\",\"description\":\"Toute l&#039;actualit\u00e9 de la plaine de Vosges\",\"publisher\":{\"@id\":\"https:\/\/vosgesinfo.fr\/laplainedesvosgesinfo\/#organization\"},\"alternateName\":\"Toute l'actualit\u00e9 de la plaine des Vosges\",\"potentialAction\":[{\"@type\":\"SearchAction\",\"target\":{\"@type\":\"EntryPoint\",\"urlTemplate\":\"https:\/\/vosgesinfo.fr\/laplainedesvosgesinfo\/?s={search_term_string}\"},\"query-input\":\"required name=search_term_string\"}],\"inLanguage\":\"fr-FR\"},{\"@type\":\"Organization\",\"@id\":\"https:\/\/vosgesinfo.fr\/laplainedesvosgesinfo\/#organization\",\"name\":\"La Plaine des Vosges\",\"url\":\"https:\/\/vosgesinfo.fr\/laplainedesvosgesinfo\/\",\"logo\":{\"@type\":\"ImageObject\",\"inLanguage\":\"fr-FR\",\"@id\":\"https:\/\/vosgesinfo.fr\/laplainedesvosgesinfo\/#\/schema\/logo\/image\/\",\"url\":\"https:\/\/vosgesinfo.fr\/app\/uploads\/sites\/2\/2023\/08\/logo-laplaineinfo.svg\",\"contentUrl\":\"https:\/\/vosgesinfo.fr\/app\/uploads\/sites\/2\/2023\/08\/logo-laplaineinfo.svg\",\"width\":1,\"height\":1,\"caption\":\"La Plaine des Vosges\"},\"image\":{\"@id\":\"https:\/\/vosgesinfo.fr\/laplainedesvosgesinfo\/#\/schema\/logo\/image\/\"},\"sameAs\":[\"https:\/\/www.facebook.com\/laplainedesvosges\",\"https:\/\/x.com\/VosgesInfo88\",\"https:\/\/www.youtube.com\/@vosgesinfo\"]},{\"@type\":\"Person\",\"@id\":\"https:\/\/vosgesinfo.fr\/laplainedesvosgesinfo\/#\/schema\/person\/bc5d02d71e6932e81b6dadb7386667b1\",\"name\":\"qs_admin\",\"image\":{\"@type\":\"ImageObject\",\"inLanguage\":\"fr-FR\",\"@id\":\"https:\/\/vosgesinfo.fr\/laplainedesvosgesinfo\/#\/schema\/person\/image\/\",\"url\":\"https:\/\/secure.gravatar.com\/avatar\/94b18ee0ed79e4a42ea2f2931277b6841a8999fc6fde214600c78057cf1fe1de?s=96&d=mm&r=g\",\"contentUrl\":\"https:\/\/secure.gravatar.com\/avatar\/94b18ee0ed79e4a42ea2f2931277b6841a8999fc6fde214600c78057cf1fe1de?s=96&d=mm&r=g\",\"caption\":\"qs_admin\"},\"sameAs\":[\"https:\/\/vosgesinfo.fr\/wp\"],\"url\":\"https:\/\/vosgesinfo.fr\/laplainedesvosgesinfo\/author\/qs_admin\/\"}]}<\/script>\n<!-- \/ Yoast SEO plugin. -->","yoast_head_json":{"title":"Contrex\u00e9ville \u2013 Personnel municipal : quatre agents m\u00e9daill\u00e9s - La Plaine des Vosges","robots":{"index":"index","follow":"follow","max-snippet":"max-snippet:-1","max-image-preview":"max-image-preview:large","max-video-preview":"max-video-preview:-1"},"canonical":"https:\/\/vosgesinfo.fr\/laplainedesvosgesinfo\/2017\/01\/contrexeville-personnel-municipal-quatre-agents-medailles\/","twitter_card":"summary_large_image","twitter_title":"Contrex\u00e9ville \u2013 Personnel municipal : quatre agents m\u00e9daill\u00e9s - La Plaine des Vosges","twitter_description":"Lors de la c\u00e9r\u00e9monie de pr\u00e9sentation des v\u0153ux au personnel communal ce lundi soir et, selon la tradition, le premier [&hellip;]","twitter_image":"https:\/\/vosgesinfo.fr\/app\/uploads\/sites\/2\/2024\/06\/201701medailles-contrex-2.jpg","twitter_creator":"@VosgesInfo88","twitter_site":"@VosgesInfo88","twitter_misc":{"\u00c9crit par":"qs_admin","Dur\u00e9e de lecture estim\u00e9e":"3 minutes"},"schema":{"@context":"https:\/\/schema.org","@graph":[{"@type":"Article","@id":"https:\/\/vosgesinfo.fr\/laplainedesvosgesinfo\/2017\/01\/contrexeville-personnel-municipal-quatre-agents-medailles\/#article","isPartOf":{"@id":"https:\/\/vosgesinfo.fr\/laplainedesvosgesinfo\/2017\/01\/contrexeville-personnel-municipal-quatre-agents-medailles\/"},"author":{"name":"qs_admin","@id":"https:\/\/vosgesinfo.fr\/laplainedesvosgesinfo\/#\/schema\/person\/bc5d02d71e6932e81b6dadb7386667b1"},"headline":"Contrex\u00e9ville \u2013 Personnel municipal : quatre agents m\u00e9daill\u00e9s","datePublished":"2017-01-17T15:49:46+00:00","dateModified":"2017-01-17T15:49:46+00:00","mainEntityOfPage":{"@id":"https:\/\/vosgesinfo.fr\/laplainedesvosgesinfo\/2017\/01\/contrexeville-personnel-municipal-quatre-agents-medailles\/"},"wordCount":553,"commentCount":0,"publisher":{"@id":"https:\/\/vosgesinfo.fr\/laplainedesvosgesinfo\/#organization"},"image":{"@id":"https:\/\/vosgesinfo.fr\/laplainedesvosgesinfo\/2017\/01\/contrexeville-personnel-municipal-quatre-agents-medailles\/#primaryimage"},"thumbnailUrl":"https:\/\/vosgesinfo.fr\/app\/uploads\/sites\/2\/2024\/06\/201701medailles-contrex-2.jpg","keywords":["Contrex\u00e9ville","m\u00e9dailles de la commune","voeux au personnel"],"articleSection":["A la Une","Contrex\u00e9ville","La Plaine"],"inLanguage":"fr-FR","potentialAction":[{"@type":"CommentAction","name":"Comment","target":["https:\/\/vosgesinfo.fr\/laplainedesvosgesinfo\/2017\/01\/contrexeville-personnel-municipal-quatre-agents-medailles\/#respond"]}]},{"@type":"WebPage","@id":"https:\/\/vosgesinfo.fr\/laplainedesvosgesinfo\/2017\/01\/contrexeville-personnel-municipal-quatre-agents-medailles\/","url":"https:\/\/vosgesinfo.fr\/laplainedesvosgesinfo\/2017\/01\/contrexeville-personnel-municipal-quatre-agents-medailles\/","name":"Contrex\u00e9ville \u2013 Personnel municipal : quatre agents m\u00e9daill\u00e9s - La Plaine des Vosges","isPartOf":{"@id":"https:\/\/vosgesinfo.fr\/laplainedesvosgesinfo\/#website"},"primaryImageOfPage":{"@id":"https:\/\/vosgesinfo.fr\/laplainedesvosgesinfo\/2017\/01\/contrexeville-personnel-municipal-quatre-agents-medailles\/#primaryimage"},"image":{"@id":"https:\/\/vosgesinfo.fr\/laplainedesvosgesinfo\/2017\/01\/contrexeville-personnel-municipal-quatre-agents-medailles\/#primaryimage"},"thumbnailUrl":"https:\/\/vosgesinfo.fr\/app\/uploads\/sites\/2\/2024\/06\/201701medailles-contrex-2.jpg","datePublished":"2017-01-17T15:49:46+00:00","dateModified":"2017-01-17T15:49:46+00:00","breadcrumb":{"@id":"https:\/\/vosgesinfo.fr\/laplainedesvosgesinfo\/2017\/01\/contrexeville-personnel-municipal-quatre-agents-medailles\/#breadcrumb"},"inLanguage":"fr-FR","potentialAction":[{"@type":"ReadAction","target":["https:\/\/vosgesinfo.fr\/laplainedesvosgesinfo\/2017\/01\/contrexeville-personnel-municipal-quatre-agents-medailles\/"]}]},{"@type":"ImageObject","inLanguage":"fr-FR","@id":"https:\/\/vosgesinfo.fr\/laplainedesvosgesinfo\/2017\/01\/contrexeville-personnel-municipal-quatre-agents-medailles\/#primaryimage","url":"https:\/\/vosgesinfo.fr\/app\/uploads\/sites\/2\/2024\/06\/201701medailles-contrex-2.jpg","contentUrl":"https:\/\/vosgesinfo.fr\/app\/uploads\/sites\/2\/2024\/06\/201701medailles-contrex-2.jpg","width":800,"height":534},{"@type":"BreadcrumbList","@id":"https:\/\/vosgesinfo.fr\/laplainedesvosgesinfo\/2017\/01\/contrexeville-personnel-municipal-quatre-agents-medailles\/#breadcrumb","itemListElement":[{"@type":"ListItem","position":1,"name":"Home","item":"https:\/\/vosgesinfo.fr\/laplainedesvosgesinfo\/"},{"@type":"ListItem","position":2,"name":"Contrex\u00e9ville \u2013 Personnel municipal : quatre agents m\u00e9daill\u00e9s"}]},{"@type":"WebSite","@id":"https:\/\/vosgesinfo.fr\/laplainedesvosgesinfo\/#website","url":"https:\/\/vosgesinfo.fr\/laplainedesvosgesinfo\/","name":"La Plaine des Vosges","description":"Toute l&#039;actualit\u00e9 de la plaine de Vosges","publisher":{"@id":"https:\/\/vosgesinfo.fr\/laplainedesvosgesinfo\/#organization"},"alternateName":"Toute l'actualit\u00e9 de la plaine des Vosges","potentialAction":[{"@type":"SearchAction","target":{"@type":"EntryPoint","urlTemplate":"https:\/\/vosgesinfo.fr\/laplainedesvosgesinfo\/?s={search_term_string}"},"query-input":"required name=search_term_string"}],"inLanguage":"fr-FR"},{"@type":"Organization","@id":"https:\/\/vosgesinfo.fr\/laplainedesvosgesinfo\/#organization","name":"La Plaine des Vosges","url":"https:\/\/vosgesinfo.fr\/laplainedesvosgesinfo\/","logo":{"@type":"ImageObject","inLanguage":"fr-FR","@id":"https:\/\/vosgesinfo.fr\/laplainedesvosgesinfo\/#\/schema\/logo\/image\/","url":"https:\/\/vosgesinfo.fr\/app\/uploads\/sites\/2\/2023\/08\/logo-laplaineinfo.svg","contentUrl":"https:\/\/vosgesinfo.fr\/app\/uploads\/sites\/2\/2023\/08\/logo-laplaineinfo.svg","width":1,"height":1,"caption":"La Plaine des Vosges"},"image":{"@id":"https:\/\/vosgesinfo.fr\/laplainedesvosgesinfo\/#\/schema\/logo\/image\/"},"sameAs":["https:\/\/www.facebook.com\/laplainedesvosges","https:\/\/x.com\/VosgesInfo88","https:\/\/www.youtube.com\/@vosgesinfo"]},{"@type":"Person","@id":"https:\/\/vosgesinfo.fr\/laplainedesvosgesinfo\/#\/schema\/person\/bc5d02d71e6932e81b6dadb7386667b1","name":"qs_admin","image":{"@type":"ImageObject","inLanguage":"fr-FR","@id":"https:\/\/vosgesinfo.fr\/laplainedesvosgesinfo\/#\/schema\/person\/image\/","url":"https:\/\/secure.gravatar.com\/avatar\/94b18ee0ed79e4a42ea2f2931277b6841a8999fc6fde214600c78057cf1fe1de?s=96&d=mm&r=g","contentUrl":"https:\/\/secure.gravatar.com\/avatar\/94b18ee0ed79e4a42ea2f2931277b6841a8999fc6fde214600c78057cf1fe1de?s=96&d=mm&r=g","caption":"qs_admin"},"sameAs":["https:\/\/vosgesinfo.fr\/wp"],"url":"https:\/\/vosgesinfo.fr\/laplainedesvosgesinfo\/author\/qs_admin\/"}]}},"_links":{"self":[{"href":"https:\/\/vosgesinfo.fr\/laplainedesvosgesinfo\/wp-json\/wp\/v2\/posts\/9234","targetHints":{"allow":["GET"]}}],"collection":[{"href":"https:\/\/vosgesinfo.fr\/laplainedesvosgesinfo\/wp-json\/wp\/v2\/posts"}],"about":[{"href":"https:\/\/vosgesinfo.fr\/laplainedesvosgesinfo\/wp-json\/wp\/v2\/types\/post"}],"author":[{"embeddable":true,"href":"https:\/\/vosgesinfo.fr\/laplainedesvosgesinfo\/wp-json\/wp\/v2\/users\/1"}],"replies":[{"embeddable":true,"href":"https:\/\/vosgesinfo.fr\/laplainedesvosgesinfo\/wp-json\/wp\/v2\/comments?post=9234"}],"version-history":[{"count":0,"href":"https:\/\/vosgesinfo.fr\/laplainedesvosgesinfo\/wp-json\/wp\/v2\/posts\/9234\/revisions"}],"wp:featuredmedia":[{"embeddable":true,"href":"https:\/\/vosgesinfo.fr\/laplainedesvosgesinfo\/wp-json\/wp\/v2\/media\/9235"}],"wp:attachment":[{"href":"https:\/\/vosgesinfo.fr\/laplainedesvosgesinfo\/wp-json\/wp\/v2\/media?parent=9234"}],"wp:term":[{"taxonomy":"category","embeddable":true,"href":"https:\/\/vosgesinfo.fr\/laplainedesvosgesinfo\/wp-json\/wp\/v2\/categories?post=9234"},{"taxonomy":"post_tag","embeddable":true,"href":"https:\/\/vosgesinfo.fr\/laplainedesvosgesinfo\/wp-json\/wp\/v2\/tags?post=9234"}],"curies":[{"name":"wp","href":"https:\/\/api.w.org\/{rel}","templated":true}]}}