{"id":926,"date":"2023-11-07T13:11:48","date_gmt":"2023-11-07T12:11:48","guid":{"rendered":"https:\/\/vosgesinfo.fr\/laplainedesvosgesinfo\/2023\/11\/suicide-de-lucas-la-maman-est-sous-le-choc-apres-la-relaxe-de-quatre-mineurs\/"},"modified":"2023-11-07T13:11:48","modified_gmt":"2023-11-07T12:11:48","slug":"suicide-de-lucas-la-maman-est-sous-le-choc-apres-la-relaxe-de-quatre-mineurs","status":"publish","type":"post","link":"https:\/\/vosgesinfo.fr\/laplainedesvosgesinfo\/2023\/11\/suicide-de-lucas-la-maman-est-sous-le-choc-apres-la-relaxe-de-quatre-mineurs\/","title":{"rendered":"Suicide de Lucas : la maman est sous le choc apr\u00e8s la relaxe de quatre mineurs"},"content":{"rendered":"<h2><strong>Nous vous en <a href=\"https:\/\/epinalinfos.fr\/2023\/11\/suicide-de-lucas-quatre-adolescents-poursuivis-harcelement-relaxes\/\" target=\"_blank\" rel=\"noopener\">parlions hier<\/a>, Les quatre mineurs poursuivis pour le harc\u00e8lement du jeune Lucas, 13 ans, ont \u00e9t\u00e9 relax\u00e9s par la Cour d\u2019appel de Nancy. La maman du jeune gar\u00e7on est sous le choc.<\/strong><\/h2>\n<p>Lucas s\u2019est donn\u00e9 la mort le 7 janvier dernier \u00e0 l\u2019\u00e2ge de 13 ans. Scolaris\u00e9 dans un coll\u00e8ge \u00e0 Golbey, il se disait victime de harc\u00e8lement en raison de son homosexualit\u00e9 assum\u00e9e. Il avait d\u2019ailleurs \u00e9crit un mot exprimant sa volont\u00e9 de mettre fin \u00e0 ses jours.<\/p>\n<p>Deux gar\u00e7ons et deux filles \u00e9taient poursuivis pour des faits de \u00ab\u00a0harc\u00e8l<\/p>\n","protected":false},"excerpt":{"rendered":"<p>Nous vous en parlions hier, Les quatre mineurs poursuivis pour le harc\u00e8lement du jeune Lucas, 13 ans, ont \u00e9t\u00e9 relax\u00e9s [&hellip;]<\/p>\n","protected":false},"author":42,"featured_media":921,"comment_status":"open","ping_status":"open","sticky":false,"template":"","format":"standard","meta":{"footnotes":""},"categories":[29,8,48],"tags":[],"class_list":["post-926","post","type-post","status-publish","format-standard","has-post-thumbnail","hentry","category-a-la-une","category-faits-divers","category-justice"],"acf":[],"yoast_head":"<!-- This site is optimized with the Yoast SEO plugin v22.5 - https:\/\/yoast.com\/wordpress\/plugins\/seo\/ -->\n<title>Suicide de Lucas : la maman est sous le choc apr\u00e8s la relaxe de quatre mineurs - La Plaine des Vosges<\/title>\n<meta name=\"robots\" content=\"index, follow, max-snippet:-1, max-image-preview:large, max-video-preview:-1\" \/>\n<link rel=\"canonical\" href=\"https:\/\/vosgesinfo.fr\/laplainedesvosgesinfo\/2023\/11\/suicide-de-lucas-la-maman-est-sous-le-choc-apres-la-relaxe-de-quatre-mineurs\/\" \/>\n<meta name=\"twitter:card\" content=\"summary_large_image\" \/>\n<meta name=\"twitter:title\" content=\"Suicide de Lucas : la maman est sous le choc apr\u00e8s la relaxe de quatre mineurs - La Plaine des Vosges\" \/>\n<meta name=\"twitter:description\" content=\"Nous vous en parlions hier, Les quatre mineurs poursuivis pour le harc\u00e8lement du jeune Lucas, 13 ans, ont \u00e9t\u00e9 relax\u00e9s [&hellip;]\" \/>\n<meta name=\"twitter:image\" content=\"https:\/\/vosgesinfo.fr\/app\/uploads\/sites\/2\/2023\/01\/lucas-deces.jpg\" \/>\n<meta name=\"twitter:creator\" content=\"@VosgesInfo88\" \/>\n<meta name=\"twitter:site\" content=\"@VosgesInfo88\" \/>\n<meta name=\"twitter:label1\" content=\"\u00c9crit par\" \/>\n\t<meta name=\"twitter:data1\" content=\"QG\" \/>\n\t<meta name=\"twitter:label2\" content=\"Dur\u00e9e de lecture estim\u00e9e\" \/>\n\t<meta name=\"twitter:data2\" content=\"1 minute\" \/>\n<script type=\"application\/ld+json\" class=\"yoast-schema-graph\">{\"@context\":\"https:\/\/schema.org\",\"@graph\":[{\"@type\":\"Article\",\"@id\":\"https:\/\/vosgesinfo.fr\/laplainedesvosgesinfo\/2023\/11\/suicide-de-lucas-la-maman-est-sous-le-choc-apres-la-relaxe-de-quatre-mineurs\/#article\",\"isPartOf\":{\"@id\":\"https:\/\/vosgesinfo.fr\/laplainedesvosgesinfo\/2023\/11\/suicide-de-lucas-la-maman-est-sous-le-choc-apres-la-relaxe-de-quatre-mineurs\/\"},\"author\":{\"name\":\"QG\",\"@id\":\"https:\/\/vosgesinfo.fr\/laplainedesvosgesinfo\/#\/schema\/person\/db5605779a843dad16b5368f3e7613a5\"},\"headline\":\"Suicide de Lucas : la maman est sous le choc apr\u00e8s la relaxe de quatre mineurs\",\"datePublished\":\"2023-11-07T12:11:48+00:00\",\"dateModified\":\"2023-11-07T12:11:48+00:00\",\"mainEntityOfPage\":{\"@id\":\"https:\/\/vosgesinfo.fr\/laplainedesvosgesinfo\/2023\/11\/suicide-de-lucas-la-maman-est-sous-le-choc-apres-la-relaxe-de-quatre-mineurs\/\"},\"wordCount\":116,\"commentCount\":0,\"publisher\":{\"@id\":\"https:\/\/vosgesinfo.fr\/laplainedesvosgesinfo\/#organization\"},\"image\":{\"@id\":\"https:\/\/vosgesinfo.fr\/laplainedesvosgesinfo\/2023\/11\/suicide-de-lucas-la-maman-est-sous-le-choc-apres-la-relaxe-de-quatre-mineurs\/#primaryimage\"},\"thumbnailUrl\":\"https:\/\/vosgesinfo.fr\/app\/uploads\/sites\/2\/2023\/01\/lucas-deces.jpg\",\"articleSection\":[\"A la Une\",\"Faits-divers\",\"Justice\"],\"inLanguage\":\"fr-FR\",\"potentialAction\":[{\"@type\":\"CommentAction\",\"name\":\"Comment\",\"target\":[\"https:\/\/vosgesinfo.fr\/laplainedesvosgesinfo\/2023\/11\/suicide-de-lucas-la-maman-est-sous-le-choc-apres-la-relaxe-de-quatre-mineurs\/#respond\"]}]},{\"@type\":\"WebPage\",\"@id\":\"https:\/\/vosgesinfo.fr\/laplainedesvosgesinfo\/2023\/11\/suicide-de-lucas-la-maman-est-sous-le-choc-apres-la-relaxe-de-quatre-mineurs\/\",\"url\":\"https:\/\/vosgesinfo.fr\/laplainedesvosgesinfo\/2023\/11\/suicide-de-lucas-la-maman-est-sous-le-choc-apres-la-relaxe-de-quatre-mineurs\/\",\"name\":\"Suicide de Lucas : la maman est sous le choc apr\u00e8s la relaxe de quatre mineurs - La Plaine des Vosges\",\"isPartOf\":{\"@id\":\"https:\/\/vosgesinfo.fr\/laplainedesvosgesinfo\/#website\"},\"primaryImageOfPage\":{\"@id\":\"https:\/\/vosgesinfo.fr\/laplainedesvosgesinfo\/2023\/11\/suicide-de-lucas-la-maman-est-sous-le-choc-apres-la-relaxe-de-quatre-mineurs\/#primaryimage\"},\"image\":{\"@id\":\"https:\/\/vosgesinfo.fr\/laplainedesvosgesinfo\/2023\/11\/suicide-de-lucas-la-maman-est-sous-le-choc-apres-la-relaxe-de-quatre-mineurs\/#primaryimage\"},\"thumbnailUrl\":\"https:\/\/vosgesinfo.fr\/app\/uploads\/sites\/2\/2023\/01\/lucas-deces.jpg\",\"datePublished\":\"2023-11-07T12:11:48+00:00\",\"dateModified\":\"2023-11-07T12:11:48+00:00\",\"breadcrumb\":{\"@id\":\"https:\/\/vosgesinfo.fr\/laplainedesvosgesinfo\/2023\/11\/suicide-de-lucas-la-maman-est-sous-le-choc-apres-la-relaxe-de-quatre-mineurs\/#breadcrumb\"},\"inLanguage\":\"fr-FR\",\"potentialAction\":[{\"@type\":\"ReadAction\",\"target\":[\"https:\/\/vosgesinfo.fr\/laplainedesvosgesinfo\/2023\/11\/suicide-de-lucas-la-maman-est-sous-le-choc-apres-la-relaxe-de-quatre-mineurs\/\"]}]},{\"@type\":\"ImageObject\",\"inLanguage\":\"fr-FR\",\"@id\":\"https:\/\/vosgesinfo.fr\/laplainedesvosgesinfo\/2023\/11\/suicide-de-lucas-la-maman-est-sous-le-choc-apres-la-relaxe-de-quatre-mineurs\/#primaryimage\",\"url\":\"https:\/\/vosgesinfo.fr\/app\/uploads\/sites\/2\/2023\/01\/lucas-deces.jpg\",\"contentUrl\":\"https:\/\/vosgesinfo.fr\/app\/uploads\/sites\/2\/2023\/01\/lucas-deces.jpg\",\"width\":800,\"height\":454},{\"@type\":\"BreadcrumbList\",\"@id\":\"https:\/\/vosgesinfo.fr\/laplainedesvosgesinfo\/2023\/11\/suicide-de-lucas-la-maman-est-sous-le-choc-apres-la-relaxe-de-quatre-mineurs\/#breadcrumb\",\"itemListElement\":[{\"@type\":\"ListItem\",\"position\":1,\"name\":\"Home\",\"item\":\"https:\/\/vosgesinfo.fr\/laplainedesvosgesinfo\/\"},{\"@type\":\"ListItem\",\"position\":2,\"name\":\"Suicide de Lucas : la maman est sous le choc apr\u00e8s la relaxe de quatre mineurs\"}]},{\"@type\":\"WebSite\",\"@id\":\"https:\/\/vosgesinfo.fr\/laplainedesvosgesinfo\/#website\",\"url\":\"https:\/\/vosgesinfo.fr\/laplainedesvosgesinfo\/\",\"name\":\"La Plaine des Vosges\",\"description\":\"Toute l&#039;actualit\u00e9 de la plaine de Vosges\",\"publisher\":{\"@id\":\"https:\/\/vosgesinfo.fr\/laplainedesvosgesinfo\/#organization\"},\"alternateName\":\"Toute l'actualit\u00e9 de la plaine des Vosges\",\"potentialAction\":[{\"@type\":\"SearchAction\",\"target\":{\"@type\":\"EntryPoint\",\"urlTemplate\":\"https:\/\/vosgesinfo.fr\/laplainedesvosgesinfo\/?s={search_term_string}\"},\"query-input\":\"required name=search_term_string\"}],\"inLanguage\":\"fr-FR\"},{\"@type\":\"Organization\",\"@id\":\"https:\/\/vosgesinfo.fr\/laplainedesvosgesinfo\/#organization\",\"name\":\"La Plaine des Vosges\",\"url\":\"https:\/\/vosgesinfo.fr\/laplainedesvosgesinfo\/\",\"logo\":{\"@type\":\"ImageObject\",\"inLanguage\":\"fr-FR\",\"@id\":\"https:\/\/vosgesinfo.fr\/laplainedesvosgesinfo\/#\/schema\/logo\/image\/\",\"url\":\"https:\/\/vosgesinfo.fr\/app\/uploads\/sites\/2\/2023\/08\/logo-laplaineinfo.svg\",\"contentUrl\":\"https:\/\/vosgesinfo.fr\/app\/uploads\/sites\/2\/2023\/08\/logo-laplaineinfo.svg\",\"width\":1,\"height\":1,\"caption\":\"La Plaine des Vosges\"},\"image\":{\"@id\":\"https:\/\/vosgesinfo.fr\/laplainedesvosgesinfo\/#\/schema\/logo\/image\/\"},\"sameAs\":[\"https:\/\/www.facebook.com\/laplainedesvosges\",\"https:\/\/x.com\/VosgesInfo88\",\"https:\/\/www.youtube.com\/@vosgesinfo\"]},{\"@type\":\"Person\",\"@id\":\"https:\/\/vosgesinfo.fr\/laplainedesvosgesinfo\/#\/schema\/person\/db5605779a843dad16b5368f3e7613a5\",\"name\":\"QG\",\"image\":{\"@type\":\"ImageObject\",\"inLanguage\":\"fr-FR\",\"@id\":\"https:\/\/vosgesinfo.fr\/laplainedesvosgesinfo\/#\/schema\/person\/image\/\",\"url\":\"https:\/\/secure.gravatar.com\/avatar\/ea80c42c204b534408512832fde52504ecabb9706bcb6151cf6175e5b64e6793?s=96&d=mm&r=g\",\"contentUrl\":\"https:\/\/secure.gravatar.com\/avatar\/ea80c42c204b534408512832fde52504ecabb9706bcb6151cf6175e5b64e6793?s=96&d=mm&r=g\",\"caption\":\"QG\"},\"url\":\"https:\/\/vosgesinfo.fr\/laplainedesvosgesinfo\/author\/quentin88\/\"}]}<\/script>\n<!-- \/ Yoast SEO plugin. -->","yoast_head_json":{"title":"Suicide de Lucas : la maman est sous le choc apr\u00e8s la relaxe de quatre mineurs - La Plaine des Vosges","robots":{"index":"index","follow":"follow","max-snippet":"max-snippet:-1","max-image-preview":"max-image-preview:large","max-video-preview":"max-video-preview:-1"},"canonical":"https:\/\/vosgesinfo.fr\/laplainedesvosgesinfo\/2023\/11\/suicide-de-lucas-la-maman-est-sous-le-choc-apres-la-relaxe-de-quatre-mineurs\/","twitter_card":"summary_large_image","twitter_title":"Suicide de Lucas : la maman est sous le choc apr\u00e8s la relaxe de quatre mineurs - La Plaine des Vosges","twitter_description":"Nous vous en parlions hier, Les quatre mineurs poursuivis pour le harc\u00e8lement du jeune Lucas, 13 ans, ont \u00e9t\u00e9 relax\u00e9s [&hellip;]","twitter_image":"https:\/\/vosgesinfo.fr\/app\/uploads\/sites\/2\/2023\/01\/lucas-deces.jpg","twitter_creator":"@VosgesInfo88","twitter_site":"@VosgesInfo88","twitter_misc":{"\u00c9crit par":"QG","Dur\u00e9e de lecture estim\u00e9e":"1 minute"},"schema":{"@context":"https:\/\/schema.org","@graph":[{"@type":"Article","@id":"https:\/\/vosgesinfo.fr\/laplainedesvosgesinfo\/2023\/11\/suicide-de-lucas-la-maman-est-sous-le-choc-apres-la-relaxe-de-quatre-mineurs\/#article","isPartOf":{"@id":"https:\/\/vosgesinfo.fr\/laplainedesvosgesinfo\/2023\/11\/suicide-de-lucas-la-maman-est-sous-le-choc-apres-la-relaxe-de-quatre-mineurs\/"},"author":{"name":"QG","@id":"https:\/\/vosgesinfo.fr\/laplainedesvosgesinfo\/#\/schema\/person\/db5605779a843dad16b5368f3e7613a5"},"headline":"Suicide de Lucas : la maman est sous le choc apr\u00e8s la relaxe de quatre mineurs","datePublished":"2023-11-07T12:11:48+00:00","dateModified":"2023-11-07T12:11:48+00:00","mainEntityOfPage":{"@id":"https:\/\/vosgesinfo.fr\/laplainedesvosgesinfo\/2023\/11\/suicide-de-lucas-la-maman-est-sous-le-choc-apres-la-relaxe-de-quatre-mineurs\/"},"wordCount":116,"commentCount":0,"publisher":{"@id":"https:\/\/vosgesinfo.fr\/laplainedesvosgesinfo\/#organization"},"image":{"@id":"https:\/\/vosgesinfo.fr\/laplainedesvosgesinfo\/2023\/11\/suicide-de-lucas-la-maman-est-sous-le-choc-apres-la-relaxe-de-quatre-mineurs\/#primaryimage"},"thumbnailUrl":"https:\/\/vosgesinfo.fr\/app\/uploads\/sites\/2\/2023\/01\/lucas-deces.jpg","articleSection":["A la Une","Faits-divers","Justice"],"inLanguage":"fr-FR","potentialAction":[{"@type":"CommentAction","name":"Comment","target":["https:\/\/vosgesinfo.fr\/laplainedesvosgesinfo\/2023\/11\/suicide-de-lucas-la-maman-est-sous-le-choc-apres-la-relaxe-de-quatre-mineurs\/#respond"]}]},{"@type":"WebPage","@id":"https:\/\/vosgesinfo.fr\/laplainedesvosgesinfo\/2023\/11\/suicide-de-lucas-la-maman-est-sous-le-choc-apres-la-relaxe-de-quatre-mineurs\/","url":"https:\/\/vosgesinfo.fr\/laplainedesvosgesinfo\/2023\/11\/suicide-de-lucas-la-maman-est-sous-le-choc-apres-la-relaxe-de-quatre-mineurs\/","name":"Suicide de Lucas : la maman est sous le choc apr\u00e8s la relaxe de quatre mineurs - La Plaine des Vosges","isPartOf":{"@id":"https:\/\/vosgesinfo.fr\/laplainedesvosgesinfo\/#website"},"primaryImageOfPage":{"@id":"https:\/\/vosgesinfo.fr\/laplainedesvosgesinfo\/2023\/11\/suicide-de-lucas-la-maman-est-sous-le-choc-apres-la-relaxe-de-quatre-mineurs\/#primaryimage"},"image":{"@id":"https:\/\/vosgesinfo.fr\/laplainedesvosgesinfo\/2023\/11\/suicide-de-lucas-la-maman-est-sous-le-choc-apres-la-relaxe-de-quatre-mineurs\/#primaryimage"},"thumbnailUrl":"https:\/\/vosgesinfo.fr\/app\/uploads\/sites\/2\/2023\/01\/lucas-deces.jpg","datePublished":"2023-11-07T12:11:48+00:00","dateModified":"2023-11-07T12:11:48+00:00","breadcrumb":{"@id":"https:\/\/vosgesinfo.fr\/laplainedesvosgesinfo\/2023\/11\/suicide-de-lucas-la-maman-est-sous-le-choc-apres-la-relaxe-de-quatre-mineurs\/#breadcrumb"},"inLanguage":"fr-FR","potentialAction":[{"@type":"ReadAction","target":["https:\/\/vosgesinfo.fr\/laplainedesvosgesinfo\/2023\/11\/suicide-de-lucas-la-maman-est-sous-le-choc-apres-la-relaxe-de-quatre-mineurs\/"]}]},{"@type":"ImageObject","inLanguage":"fr-FR","@id":"https:\/\/vosgesinfo.fr\/laplainedesvosgesinfo\/2023\/11\/suicide-de-lucas-la-maman-est-sous-le-choc-apres-la-relaxe-de-quatre-mineurs\/#primaryimage","url":"https:\/\/vosgesinfo.fr\/app\/uploads\/sites\/2\/2023\/01\/lucas-deces.jpg","contentUrl":"https:\/\/vosgesinfo.fr\/app\/uploads\/sites\/2\/2023\/01\/lucas-deces.jpg","width":800,"height":454},{"@type":"BreadcrumbList","@id":"https:\/\/vosgesinfo.fr\/laplainedesvosgesinfo\/2023\/11\/suicide-de-lucas-la-maman-est-sous-le-choc-apres-la-relaxe-de-quatre-mineurs\/#breadcrumb","itemListElement":[{"@type":"ListItem","position":1,"name":"Home","item":"https:\/\/vosgesinfo.fr\/laplainedesvosgesinfo\/"},{"@type":"ListItem","position":2,"name":"Suicide de Lucas : la maman est sous le choc apr\u00e8s la relaxe de quatre mineurs"}]},{"@type":"WebSite","@id":"https:\/\/vosgesinfo.fr\/laplainedesvosgesinfo\/#website","url":"https:\/\/vosgesinfo.fr\/laplainedesvosgesinfo\/","name":"La Plaine des Vosges","description":"Toute l&#039;actualit\u00e9 de la plaine de Vosges","publisher":{"@id":"https:\/\/vosgesinfo.fr\/laplainedesvosgesinfo\/#organization"},"alternateName":"Toute l'actualit\u00e9 de la plaine des Vosges","potentialAction":[{"@type":"SearchAction","target":{"@type":"EntryPoint","urlTemplate":"https:\/\/vosgesinfo.fr\/laplainedesvosgesinfo\/?s={search_term_string}"},"query-input":"required name=search_term_string"}],"inLanguage":"fr-FR"},{"@type":"Organization","@id":"https:\/\/vosgesinfo.fr\/laplainedesvosgesinfo\/#organization","name":"La Plaine des Vosges","url":"https:\/\/vosgesinfo.fr\/laplainedesvosgesinfo\/","logo":{"@type":"ImageObject","inLanguage":"fr-FR","@id":"https:\/\/vosgesinfo.fr\/laplainedesvosgesinfo\/#\/schema\/logo\/image\/","url":"https:\/\/vosgesinfo.fr\/app\/uploads\/sites\/2\/2023\/08\/logo-laplaineinfo.svg","contentUrl":"https:\/\/vosgesinfo.fr\/app\/uploads\/sites\/2\/2023\/08\/logo-laplaineinfo.svg","width":1,"height":1,"caption":"La Plaine des Vosges"},"image":{"@id":"https:\/\/vosgesinfo.fr\/laplainedesvosgesinfo\/#\/schema\/logo\/image\/"},"sameAs":["https:\/\/www.facebook.com\/laplainedesvosges","https:\/\/x.com\/VosgesInfo88","https:\/\/www.youtube.com\/@vosgesinfo"]},{"@type":"Person","@id":"https:\/\/vosgesinfo.fr\/laplainedesvosgesinfo\/#\/schema\/person\/db5605779a843dad16b5368f3e7613a5","name":"QG","image":{"@type":"ImageObject","inLanguage":"fr-FR","@id":"https:\/\/vosgesinfo.fr\/laplainedesvosgesinfo\/#\/schema\/person\/image\/","url":"https:\/\/secure.gravatar.com\/avatar\/ea80c42c204b534408512832fde52504ecabb9706bcb6151cf6175e5b64e6793?s=96&d=mm&r=g","contentUrl":"https:\/\/secure.gravatar.com\/avatar\/ea80c42c204b534408512832fde52504ecabb9706bcb6151cf6175e5b64e6793?s=96&d=mm&r=g","caption":"QG"},"url":"https:\/\/vosgesinfo.fr\/laplainedesvosgesinfo\/author\/quentin88\/"}]}},"_links":{"self":[{"href":"https:\/\/vosgesinfo.fr\/laplainedesvosgesinfo\/wp-json\/wp\/v2\/posts\/926","targetHints":{"allow":["GET"]}}],"collection":[{"href":"https:\/\/vosgesinfo.fr\/laplainedesvosgesinfo\/wp-json\/wp\/v2\/posts"}],"about":[{"href":"https:\/\/vosgesinfo.fr\/laplainedesvosgesinfo\/wp-json\/wp\/v2\/types\/post"}],"author":[{"embeddable":true,"href":"https:\/\/vosgesinfo.fr\/laplainedesvosgesinfo\/wp-json\/wp\/v2\/users\/42"}],"replies":[{"embeddable":true,"href":"https:\/\/vosgesinfo.fr\/laplainedesvosgesinfo\/wp-json\/wp\/v2\/comments?post=926"}],"version-history":[{"count":0,"href":"https:\/\/vosgesinfo.fr\/laplainedesvosgesinfo\/wp-json\/wp\/v2\/posts\/926\/revisions"}],"wp:featuredmedia":[{"embeddable":true,"href":"https:\/\/vosgesinfo.fr\/laplainedesvosgesinfo\/wp-json\/wp\/v2\/media\/921"}],"wp:attachment":[{"href":"https:\/\/vosgesinfo.fr\/laplainedesvosgesinfo\/wp-json\/wp\/v2\/media?parent=926"}],"wp:term":[{"taxonomy":"category","embeddable":true,"href":"https:\/\/vosgesinfo.fr\/laplainedesvosgesinfo\/wp-json\/wp\/v2\/categories?post=926"},{"taxonomy":"post_tag","embeddable":true,"href":"https:\/\/vosgesinfo.fr\/laplainedesvosgesinfo\/wp-json\/wp\/v2\/tags?post=926"}],"curies":[{"name":"wp","href":"https:\/\/api.w.org\/{rel}","templated":true}]}}