{"id":927,"date":"2023-11-07T13:15:39","date_gmt":"2023-11-07T12:15:39","guid":{"rendered":"https:\/\/vosgesinfo.fr\/laplainedesvosgesinfo\/2023\/11\/le-prix-erckmann-chatrian-attribue-a-la-spinalienne-alixe-sylvestre\/"},"modified":"2023-11-07T13:15:39","modified_gmt":"2023-11-07T12:15:39","slug":"le-prix-erckmann-chatrian-attribue-a-la-spinalienne-alixe-sylvestre","status":"publish","type":"post","link":"https:\/\/vosgesinfo.fr\/laplainedesvosgesinfo\/2023\/11\/le-prix-erckmann-chatrian-attribue-a-la-spinalienne-alixe-sylvestre\/","title":{"rendered":"Le prix Erckmann-Chatrian attribu\u00e9 \u00e0 la spinalienne Alixe Sylvestre"},"content":{"rendered":"<h2><strong>La c\u00e9r\u00e9monie de la 94\u1d49 \u00e9dition du Prix Erckmann-Chatrian, que l\u2019on surnomme le \u00ab\u00a0Goncourt lorrain\u00a0\u00bb,\u00a0s\u2019est tenue dans les locaux de l\u2019h\u00f4tel de ville de Metz ce lundi 6 novembre. c\u2019est la spinalienne Alixe Sylvestre qui a remport\u00e9 le prix pour son livre \u00ab\u00a0Le gars de la Combe\u00a0\u00bbaux \u00c9ditions Territoires T\u00e9moins.<\/strong><\/h2>\n<p>Les 9 jur\u00e9s du prix Erckmann-Chatrian, que l\u2019on surnomme le \u00ab\u00a0Goncourt lorrain\u00a0\u00bb, ont attribu\u00e9 le prix \u00e0 une vosgienne. Originaire d\u2019Epinal, Alixe Sylvestre a fait l\u2019unanimit\u00e9. Elle d\u00e9croche donc le prix pour son livre \u00ab\u00a0Le gars de la Combe\u00a0\u00bbaux \u00c9ditions Territoires T\u00e9moins. Il s\u2019agit de son quatri\u00e8me roman.<\/p>\n","protected":false},"excerpt":{"rendered":"<p>La c\u00e9r\u00e9monie de la 94\u1d49 \u00e9dition du Prix Erckmann-Chatrian, que l\u2019on surnomme le \u00ab\u00a0Goncourt lorrain\u00a0\u00bb,\u00a0s\u2019est tenue dans les locaux de [&hellip;]<\/p>\n","protected":false},"author":42,"featured_media":928,"comment_status":"open","ping_status":"open","sticky":false,"template":"","format":"standard","meta":{"footnotes":""},"categories":[29,4,271,18],"tags":[291],"class_list":["post-927","post","type-post","status-publish","format-standard","has-post-thumbnail","hentry","category-a-la-une","category-culture","category-litterature","category-vosges","tag-alixe-sylvestre"],"acf":[],"yoast_head":"<!-- This site is optimized with the Yoast SEO plugin v22.5 - https:\/\/yoast.com\/wordpress\/plugins\/seo\/ -->\n<title>Le prix Erckmann-Chatrian attribu\u00e9 \u00e0 la spinalienne Alixe Sylvestre - La Plaine des Vosges<\/title>\n<meta name=\"robots\" content=\"index, follow, max-snippet:-1, max-image-preview:large, max-video-preview:-1\" \/>\n<link rel=\"canonical\" href=\"https:\/\/vosgesinfo.fr\/laplainedesvosgesinfo\/2023\/11\/le-prix-erckmann-chatrian-attribue-a-la-spinalienne-alixe-sylvestre\/\" \/>\n<meta name=\"twitter:card\" content=\"summary_large_image\" \/>\n<meta name=\"twitter:title\" content=\"Le prix Erckmann-Chatrian attribu\u00e9 \u00e0 la spinalienne Alixe Sylvestre - La Plaine des Vosges\" \/>\n<meta name=\"twitter:description\" content=\"La c\u00e9r\u00e9monie de la 94\u1d49 \u00e9dition du Prix Erckmann-Chatrian, que l\u2019on surnomme le \u00ab\u00a0Goncourt lorrain\u00a0\u00bb,\u00a0s\u2019est tenue dans les locaux de [&hellip;]\" \/>\n<meta name=\"twitter:image\" content=\"https:\/\/vosgesinfo.fr\/app\/uploads\/sites\/2\/2023\/11\/alixe-sylvestre.jpg\" \/>\n<meta name=\"twitter:creator\" content=\"@VosgesInfo88\" \/>\n<meta name=\"twitter:site\" content=\"@VosgesInfo88\" \/>\n<meta name=\"twitter:label1\" content=\"\u00c9crit par\" \/>\n\t<meta name=\"twitter:data1\" content=\"QG\" \/>\n\t<meta name=\"twitter:label2\" content=\"Dur\u00e9e de lecture estim\u00e9e\" \/>\n\t<meta name=\"twitter:data2\" content=\"1 minute\" \/>\n<script type=\"application\/ld+json\" class=\"yoast-schema-graph\">{\"@context\":\"https:\/\/schema.org\",\"@graph\":[{\"@type\":\"Article\",\"@id\":\"https:\/\/vosgesinfo.fr\/laplainedesvosgesinfo\/2023\/11\/le-prix-erckmann-chatrian-attribue-a-la-spinalienne-alixe-sylvestre\/#article\",\"isPartOf\":{\"@id\":\"https:\/\/vosgesinfo.fr\/laplainedesvosgesinfo\/2023\/11\/le-prix-erckmann-chatrian-attribue-a-la-spinalienne-alixe-sylvestre\/\"},\"author\":{\"name\":\"QG\",\"@id\":\"https:\/\/vosgesinfo.fr\/laplainedesvosgesinfo\/#\/schema\/person\/db5605779a843dad16b5368f3e7613a5\"},\"headline\":\"Le prix Erckmann-Chatrian attribu\u00e9 \u00e0 la spinalienne Alixe Sylvestre\",\"datePublished\":\"2023-11-07T12:15:39+00:00\",\"dateModified\":\"2023-11-07T12:15:39+00:00\",\"mainEntityOfPage\":{\"@id\":\"https:\/\/vosgesinfo.fr\/laplainedesvosgesinfo\/2023\/11\/le-prix-erckmann-chatrian-attribue-a-la-spinalienne-alixe-sylvestre\/\"},\"wordCount\":121,\"commentCount\":0,\"publisher\":{\"@id\":\"https:\/\/vosgesinfo.fr\/laplainedesvosgesinfo\/#organization\"},\"image\":{\"@id\":\"https:\/\/vosgesinfo.fr\/laplainedesvosgesinfo\/2023\/11\/le-prix-erckmann-chatrian-attribue-a-la-spinalienne-alixe-sylvestre\/#primaryimage\"},\"thumbnailUrl\":\"https:\/\/vosgesinfo.fr\/app\/uploads\/sites\/2\/2023\/11\/alixe-sylvestre.jpg\",\"keywords\":[\"Alixe Sylvestre\"],\"articleSection\":[\"A la Une\",\"Culture\",\"Litt\u00e9rature\",\"Vosges\"],\"inLanguage\":\"fr-FR\",\"potentialAction\":[{\"@type\":\"CommentAction\",\"name\":\"Comment\",\"target\":[\"https:\/\/vosgesinfo.fr\/laplainedesvosgesinfo\/2023\/11\/le-prix-erckmann-chatrian-attribue-a-la-spinalienne-alixe-sylvestre\/#respond\"]}]},{\"@type\":\"WebPage\",\"@id\":\"https:\/\/vosgesinfo.fr\/laplainedesvosgesinfo\/2023\/11\/le-prix-erckmann-chatrian-attribue-a-la-spinalienne-alixe-sylvestre\/\",\"url\":\"https:\/\/vosgesinfo.fr\/laplainedesvosgesinfo\/2023\/11\/le-prix-erckmann-chatrian-attribue-a-la-spinalienne-alixe-sylvestre\/\",\"name\":\"Le prix Erckmann-Chatrian attribu\u00e9 \u00e0 la spinalienne Alixe Sylvestre - La Plaine des Vosges\",\"isPartOf\":{\"@id\":\"https:\/\/vosgesinfo.fr\/laplainedesvosgesinfo\/#website\"},\"primaryImageOfPage\":{\"@id\":\"https:\/\/vosgesinfo.fr\/laplainedesvosgesinfo\/2023\/11\/le-prix-erckmann-chatrian-attribue-a-la-spinalienne-alixe-sylvestre\/#primaryimage\"},\"image\":{\"@id\":\"https:\/\/vosgesinfo.fr\/laplainedesvosgesinfo\/2023\/11\/le-prix-erckmann-chatrian-attribue-a-la-spinalienne-alixe-sylvestre\/#primaryimage\"},\"thumbnailUrl\":\"https:\/\/vosgesinfo.fr\/app\/uploads\/sites\/2\/2023\/11\/alixe-sylvestre.jpg\",\"datePublished\":\"2023-11-07T12:15:39+00:00\",\"dateModified\":\"2023-11-07T12:15:39+00:00\",\"breadcrumb\":{\"@id\":\"https:\/\/vosgesinfo.fr\/laplainedesvosgesinfo\/2023\/11\/le-prix-erckmann-chatrian-attribue-a-la-spinalienne-alixe-sylvestre\/#breadcrumb\"},\"inLanguage\":\"fr-FR\",\"potentialAction\":[{\"@type\":\"ReadAction\",\"target\":[\"https:\/\/vosgesinfo.fr\/laplainedesvosgesinfo\/2023\/11\/le-prix-erckmann-chatrian-attribue-a-la-spinalienne-alixe-sylvestre\/\"]}]},{\"@type\":\"ImageObject\",\"inLanguage\":\"fr-FR\",\"@id\":\"https:\/\/vosgesinfo.fr\/laplainedesvosgesinfo\/2023\/11\/le-prix-erckmann-chatrian-attribue-a-la-spinalienne-alixe-sylvestre\/#primaryimage\",\"url\":\"https:\/\/vosgesinfo.fr\/app\/uploads\/sites\/2\/2023\/11\/alixe-sylvestre.jpg\",\"contentUrl\":\"https:\/\/vosgesinfo.fr\/app\/uploads\/sites\/2\/2023\/11\/alixe-sylvestre.jpg\",\"width\":658,\"height\":800},{\"@type\":\"BreadcrumbList\",\"@id\":\"https:\/\/vosgesinfo.fr\/laplainedesvosgesinfo\/2023\/11\/le-prix-erckmann-chatrian-attribue-a-la-spinalienne-alixe-sylvestre\/#breadcrumb\",\"itemListElement\":[{\"@type\":\"ListItem\",\"position\":1,\"name\":\"Home\",\"item\":\"https:\/\/vosgesinfo.fr\/laplainedesvosgesinfo\/\"},{\"@type\":\"ListItem\",\"position\":2,\"name\":\"Le prix Erckmann-Chatrian attribu\u00e9 \u00e0 la spinalienne Alixe Sylvestre\"}]},{\"@type\":\"WebSite\",\"@id\":\"https:\/\/vosgesinfo.fr\/laplainedesvosgesinfo\/#website\",\"url\":\"https:\/\/vosgesinfo.fr\/laplainedesvosgesinfo\/\",\"name\":\"La Plaine des Vosges\",\"description\":\"Toute l&#039;actualit\u00e9 de la plaine de Vosges\",\"publisher\":{\"@id\":\"https:\/\/vosgesinfo.fr\/laplainedesvosgesinfo\/#organization\"},\"alternateName\":\"Toute l'actualit\u00e9 de la plaine des Vosges\",\"potentialAction\":[{\"@type\":\"SearchAction\",\"target\":{\"@type\":\"EntryPoint\",\"urlTemplate\":\"https:\/\/vosgesinfo.fr\/laplainedesvosgesinfo\/?s={search_term_string}\"},\"query-input\":\"required name=search_term_string\"}],\"inLanguage\":\"fr-FR\"},{\"@type\":\"Organization\",\"@id\":\"https:\/\/vosgesinfo.fr\/laplainedesvosgesinfo\/#organization\",\"name\":\"La Plaine des Vosges\",\"url\":\"https:\/\/vosgesinfo.fr\/laplainedesvosgesinfo\/\",\"logo\":{\"@type\":\"ImageObject\",\"inLanguage\":\"fr-FR\",\"@id\":\"https:\/\/vosgesinfo.fr\/laplainedesvosgesinfo\/#\/schema\/logo\/image\/\",\"url\":\"https:\/\/vosgesinfo.fr\/app\/uploads\/sites\/2\/2023\/08\/logo-laplaineinfo.svg\",\"contentUrl\":\"https:\/\/vosgesinfo.fr\/app\/uploads\/sites\/2\/2023\/08\/logo-laplaineinfo.svg\",\"width\":1,\"height\":1,\"caption\":\"La Plaine des Vosges\"},\"image\":{\"@id\":\"https:\/\/vosgesinfo.fr\/laplainedesvosgesinfo\/#\/schema\/logo\/image\/\"},\"sameAs\":[\"https:\/\/www.facebook.com\/laplainedesvosges\",\"https:\/\/x.com\/VosgesInfo88\",\"https:\/\/www.youtube.com\/@vosgesinfo\"]},{\"@type\":\"Person\",\"@id\":\"https:\/\/vosgesinfo.fr\/laplainedesvosgesinfo\/#\/schema\/person\/db5605779a843dad16b5368f3e7613a5\",\"name\":\"QG\",\"image\":{\"@type\":\"ImageObject\",\"inLanguage\":\"fr-FR\",\"@id\":\"https:\/\/vosgesinfo.fr\/laplainedesvosgesinfo\/#\/schema\/person\/image\/\",\"url\":\"https:\/\/secure.gravatar.com\/avatar\/ea80c42c204b534408512832fde52504ecabb9706bcb6151cf6175e5b64e6793?s=96&d=mm&r=g\",\"contentUrl\":\"https:\/\/secure.gravatar.com\/avatar\/ea80c42c204b534408512832fde52504ecabb9706bcb6151cf6175e5b64e6793?s=96&d=mm&r=g\",\"caption\":\"QG\"},\"url\":\"https:\/\/vosgesinfo.fr\/laplainedesvosgesinfo\/author\/quentin88\/\"}]}<\/script>\n<!-- \/ Yoast SEO plugin. -->","yoast_head_json":{"title":"Le prix Erckmann-Chatrian attribu\u00e9 \u00e0 la spinalienne Alixe Sylvestre - La Plaine des Vosges","robots":{"index":"index","follow":"follow","max-snippet":"max-snippet:-1","max-image-preview":"max-image-preview:large","max-video-preview":"max-video-preview:-1"},"canonical":"https:\/\/vosgesinfo.fr\/laplainedesvosgesinfo\/2023\/11\/le-prix-erckmann-chatrian-attribue-a-la-spinalienne-alixe-sylvestre\/","twitter_card":"summary_large_image","twitter_title":"Le prix Erckmann-Chatrian attribu\u00e9 \u00e0 la spinalienne Alixe Sylvestre - La Plaine des Vosges","twitter_description":"La c\u00e9r\u00e9monie de la 94\u1d49 \u00e9dition du Prix Erckmann-Chatrian, que l\u2019on surnomme le \u00ab\u00a0Goncourt lorrain\u00a0\u00bb,\u00a0s\u2019est tenue dans les locaux de [&hellip;]","twitter_image":"https:\/\/vosgesinfo.fr\/app\/uploads\/sites\/2\/2023\/11\/alixe-sylvestre.jpg","twitter_creator":"@VosgesInfo88","twitter_site":"@VosgesInfo88","twitter_misc":{"\u00c9crit par":"QG","Dur\u00e9e de lecture estim\u00e9e":"1 minute"},"schema":{"@context":"https:\/\/schema.org","@graph":[{"@type":"Article","@id":"https:\/\/vosgesinfo.fr\/laplainedesvosgesinfo\/2023\/11\/le-prix-erckmann-chatrian-attribue-a-la-spinalienne-alixe-sylvestre\/#article","isPartOf":{"@id":"https:\/\/vosgesinfo.fr\/laplainedesvosgesinfo\/2023\/11\/le-prix-erckmann-chatrian-attribue-a-la-spinalienne-alixe-sylvestre\/"},"author":{"name":"QG","@id":"https:\/\/vosgesinfo.fr\/laplainedesvosgesinfo\/#\/schema\/person\/db5605779a843dad16b5368f3e7613a5"},"headline":"Le prix Erckmann-Chatrian attribu\u00e9 \u00e0 la spinalienne Alixe Sylvestre","datePublished":"2023-11-07T12:15:39+00:00","dateModified":"2023-11-07T12:15:39+00:00","mainEntityOfPage":{"@id":"https:\/\/vosgesinfo.fr\/laplainedesvosgesinfo\/2023\/11\/le-prix-erckmann-chatrian-attribue-a-la-spinalienne-alixe-sylvestre\/"},"wordCount":121,"commentCount":0,"publisher":{"@id":"https:\/\/vosgesinfo.fr\/laplainedesvosgesinfo\/#organization"},"image":{"@id":"https:\/\/vosgesinfo.fr\/laplainedesvosgesinfo\/2023\/11\/le-prix-erckmann-chatrian-attribue-a-la-spinalienne-alixe-sylvestre\/#primaryimage"},"thumbnailUrl":"https:\/\/vosgesinfo.fr\/app\/uploads\/sites\/2\/2023\/11\/alixe-sylvestre.jpg","keywords":["Alixe Sylvestre"],"articleSection":["A la Une","Culture","Litt\u00e9rature","Vosges"],"inLanguage":"fr-FR","potentialAction":[{"@type":"CommentAction","name":"Comment","target":["https:\/\/vosgesinfo.fr\/laplainedesvosgesinfo\/2023\/11\/le-prix-erckmann-chatrian-attribue-a-la-spinalienne-alixe-sylvestre\/#respond"]}]},{"@type":"WebPage","@id":"https:\/\/vosgesinfo.fr\/laplainedesvosgesinfo\/2023\/11\/le-prix-erckmann-chatrian-attribue-a-la-spinalienne-alixe-sylvestre\/","url":"https:\/\/vosgesinfo.fr\/laplainedesvosgesinfo\/2023\/11\/le-prix-erckmann-chatrian-attribue-a-la-spinalienne-alixe-sylvestre\/","name":"Le prix Erckmann-Chatrian attribu\u00e9 \u00e0 la spinalienne Alixe Sylvestre - La Plaine des Vosges","isPartOf":{"@id":"https:\/\/vosgesinfo.fr\/laplainedesvosgesinfo\/#website"},"primaryImageOfPage":{"@id":"https:\/\/vosgesinfo.fr\/laplainedesvosgesinfo\/2023\/11\/le-prix-erckmann-chatrian-attribue-a-la-spinalienne-alixe-sylvestre\/#primaryimage"},"image":{"@id":"https:\/\/vosgesinfo.fr\/laplainedesvosgesinfo\/2023\/11\/le-prix-erckmann-chatrian-attribue-a-la-spinalienne-alixe-sylvestre\/#primaryimage"},"thumbnailUrl":"https:\/\/vosgesinfo.fr\/app\/uploads\/sites\/2\/2023\/11\/alixe-sylvestre.jpg","datePublished":"2023-11-07T12:15:39+00:00","dateModified":"2023-11-07T12:15:39+00:00","breadcrumb":{"@id":"https:\/\/vosgesinfo.fr\/laplainedesvosgesinfo\/2023\/11\/le-prix-erckmann-chatrian-attribue-a-la-spinalienne-alixe-sylvestre\/#breadcrumb"},"inLanguage":"fr-FR","potentialAction":[{"@type":"ReadAction","target":["https:\/\/vosgesinfo.fr\/laplainedesvosgesinfo\/2023\/11\/le-prix-erckmann-chatrian-attribue-a-la-spinalienne-alixe-sylvestre\/"]}]},{"@type":"ImageObject","inLanguage":"fr-FR","@id":"https:\/\/vosgesinfo.fr\/laplainedesvosgesinfo\/2023\/11\/le-prix-erckmann-chatrian-attribue-a-la-spinalienne-alixe-sylvestre\/#primaryimage","url":"https:\/\/vosgesinfo.fr\/app\/uploads\/sites\/2\/2023\/11\/alixe-sylvestre.jpg","contentUrl":"https:\/\/vosgesinfo.fr\/app\/uploads\/sites\/2\/2023\/11\/alixe-sylvestre.jpg","width":658,"height":800},{"@type":"BreadcrumbList","@id":"https:\/\/vosgesinfo.fr\/laplainedesvosgesinfo\/2023\/11\/le-prix-erckmann-chatrian-attribue-a-la-spinalienne-alixe-sylvestre\/#breadcrumb","itemListElement":[{"@type":"ListItem","position":1,"name":"Home","item":"https:\/\/vosgesinfo.fr\/laplainedesvosgesinfo\/"},{"@type":"ListItem","position":2,"name":"Le prix Erckmann-Chatrian attribu\u00e9 \u00e0 la spinalienne Alixe Sylvestre"}]},{"@type":"WebSite","@id":"https:\/\/vosgesinfo.fr\/laplainedesvosgesinfo\/#website","url":"https:\/\/vosgesinfo.fr\/laplainedesvosgesinfo\/","name":"La Plaine des Vosges","description":"Toute l&#039;actualit\u00e9 de la plaine de Vosges","publisher":{"@id":"https:\/\/vosgesinfo.fr\/laplainedesvosgesinfo\/#organization"},"alternateName":"Toute l'actualit\u00e9 de la plaine des Vosges","potentialAction":[{"@type":"SearchAction","target":{"@type":"EntryPoint","urlTemplate":"https:\/\/vosgesinfo.fr\/laplainedesvosgesinfo\/?s={search_term_string}"},"query-input":"required name=search_term_string"}],"inLanguage":"fr-FR"},{"@type":"Organization","@id":"https:\/\/vosgesinfo.fr\/laplainedesvosgesinfo\/#organization","name":"La Plaine des Vosges","url":"https:\/\/vosgesinfo.fr\/laplainedesvosgesinfo\/","logo":{"@type":"ImageObject","inLanguage":"fr-FR","@id":"https:\/\/vosgesinfo.fr\/laplainedesvosgesinfo\/#\/schema\/logo\/image\/","url":"https:\/\/vosgesinfo.fr\/app\/uploads\/sites\/2\/2023\/08\/logo-laplaineinfo.svg","contentUrl":"https:\/\/vosgesinfo.fr\/app\/uploads\/sites\/2\/2023\/08\/logo-laplaineinfo.svg","width":1,"height":1,"caption":"La Plaine des Vosges"},"image":{"@id":"https:\/\/vosgesinfo.fr\/laplainedesvosgesinfo\/#\/schema\/logo\/image\/"},"sameAs":["https:\/\/www.facebook.com\/laplainedesvosges","https:\/\/x.com\/VosgesInfo88","https:\/\/www.youtube.com\/@vosgesinfo"]},{"@type":"Person","@id":"https:\/\/vosgesinfo.fr\/laplainedesvosgesinfo\/#\/schema\/person\/db5605779a843dad16b5368f3e7613a5","name":"QG","image":{"@type":"ImageObject","inLanguage":"fr-FR","@id":"https:\/\/vosgesinfo.fr\/laplainedesvosgesinfo\/#\/schema\/person\/image\/","url":"https:\/\/secure.gravatar.com\/avatar\/ea80c42c204b534408512832fde52504ecabb9706bcb6151cf6175e5b64e6793?s=96&d=mm&r=g","contentUrl":"https:\/\/secure.gravatar.com\/avatar\/ea80c42c204b534408512832fde52504ecabb9706bcb6151cf6175e5b64e6793?s=96&d=mm&r=g","caption":"QG"},"url":"https:\/\/vosgesinfo.fr\/laplainedesvosgesinfo\/author\/quentin88\/"}]}},"_links":{"self":[{"href":"https:\/\/vosgesinfo.fr\/laplainedesvosgesinfo\/wp-json\/wp\/v2\/posts\/927","targetHints":{"allow":["GET"]}}],"collection":[{"href":"https:\/\/vosgesinfo.fr\/laplainedesvosgesinfo\/wp-json\/wp\/v2\/posts"}],"about":[{"href":"https:\/\/vosgesinfo.fr\/laplainedesvosgesinfo\/wp-json\/wp\/v2\/types\/post"}],"author":[{"embeddable":true,"href":"https:\/\/vosgesinfo.fr\/laplainedesvosgesinfo\/wp-json\/wp\/v2\/users\/42"}],"replies":[{"embeddable":true,"href":"https:\/\/vosgesinfo.fr\/laplainedesvosgesinfo\/wp-json\/wp\/v2\/comments?post=927"}],"version-history":[{"count":0,"href":"https:\/\/vosgesinfo.fr\/laplainedesvosgesinfo\/wp-json\/wp\/v2\/posts\/927\/revisions"}],"wp:featuredmedia":[{"embeddable":true,"href":"https:\/\/vosgesinfo.fr\/laplainedesvosgesinfo\/wp-json\/wp\/v2\/media\/928"}],"wp:attachment":[{"href":"https:\/\/vosgesinfo.fr\/laplainedesvosgesinfo\/wp-json\/wp\/v2\/media?parent=927"}],"wp:term":[{"taxonomy":"category","embeddable":true,"href":"https:\/\/vosgesinfo.fr\/laplainedesvosgesinfo\/wp-json\/wp\/v2\/categories?post=927"},{"taxonomy":"post_tag","embeddable":true,"href":"https:\/\/vosgesinfo.fr\/laplainedesvosgesinfo\/wp-json\/wp\/v2\/tags?post=927"}],"curies":[{"name":"wp","href":"https:\/\/api.w.org\/{rel}","templated":true}]}}