{"id":9494,"date":"2017-01-29T06:30:31","date_gmt":"2017-01-29T05:30:31","guid":{"rendered":"https:\/\/vosgesinfo.fr\/laplainedesvosgesinfo\/2017\/01\/vittel-la-route-thermale-cycliste-a-tenu-son-assemblee-generale\/"},"modified":"2017-01-29T06:30:31","modified_gmt":"2017-01-29T05:30:31","slug":"vittel-la-route-thermale-cycliste-a-tenu-son-assemblee-generale","status":"publish","type":"post","link":"https:\/\/vosgesinfo.fr\/laplainedesvosgesinfo\/2017\/01\/vittel-la-route-thermale-cycliste-a-tenu-son-assemblee-generale\/","title":{"rendered":"Vittel &#8211; La Route Thermale Cycliste a tenu son assembl\u00e9e g\u00e9n\u00e9rale"},"content":{"rendered":"<h4 style=\"text-align: justify;\"><a href=\"\/2017\/01\/DSCN1166.jpg\"><img decoding=\"async\" class=\"aligncenter size-full wp-image-84486\" src=\"\/2017\/01\/DSCN1166.jpg\" alt=\"DSCN1166\" width=\"800\" height=\"600\" \/><\/a><\/h4>\n<h4 style=\"text-align: justify;\">L&rsquo;association de la Route Thermale Cycliste a r\u00e9cemment tenu son assembl\u00e9e g\u00e9n\u00e9rale au CPO. En pr\u00e9sence de b\u00e9n\u00e9voles, du conseil d&rsquo;administration, du vice-pr\u00e9sident G\u00e9rard Thouvenot, de Jean-Jacques Gaultier, Pascal Perry le pr\u00e9sident a retrac\u00e9 l&rsquo;ann\u00e9e 2016 que l&rsquo;association a v\u00e9cu.<\/h4>\n<p style=\"text-align: justify;\">La deuxi\u00e8me \u00e9dition de la Route Thermale comptabilisait 330 cyclistes au d\u00e9part des diff\u00e9rentes courses. Pour rappel, en 2015, 180 personnes \u00e9taient inscrites. Pour la troisi\u00e8me \u00e9dition, pr\u00e9vue le 4 juin 2017, les sportifs traverseront 34 villages vosgiens, dont 40kms seront r\u00e9alis\u00e9s sur le m\u00eame trac\u00e9 que le parcours du Tour de France.<\/p>\n<p style=\"text-align: justify;\">Pour la premi\u00e8re fois, un parcours sera ouvert \u00e0 tous, inscrits \u00e0 la f\u00e9d\u00e9ration ou non. Cette ann\u00e9e, l&rsquo;association comptera quatre \u00e9v\u00e8nements majeurs : le Championnat de France des \u00e9lus, la cyclosportive, le cyclocross et enfin, le nouveau parcours ouvert \u00e0 tous sur la cyclosportive.<\/p>\n<p style=\"text-align: justify;\">C\u00f4t\u00e9 budget, l&rsquo;\u00e9dition 2016 est revenue \u00e0 13 610\u20ac (3 100\u20ac de partenaires priv\u00e9s, pr\u00e8s de 5 000\u20ac financ\u00e9s par Vittel, Contrex\u00e9ville et le Conseil d\u00e9partemental et 1 400\u20ac d&rsquo;inscription). Enfin, Pascal Perry a tenu \u00e0 remercier tous les b\u00e9n\u00e9voles, motards et bonnes volont\u00e9s qui participent au bon fonctionnement de la Route Thermale.<\/p>\n","protected":false},"excerpt":{"rendered":"<p>L&rsquo;association de la Route Thermale Cycliste a r\u00e9cemment tenu son assembl\u00e9e g\u00e9n\u00e9rale au CPO. En pr\u00e9sence de b\u00e9n\u00e9voles, du conseil [&hellip;]<\/p>\n","protected":false},"author":1,"featured_media":9495,"comment_status":"open","ping_status":"open","sticky":false,"template":"","format":"standard","meta":{"footnotes":""},"categories":[37,14,38],"tags":[3378,1048,1199,77],"class_list":["post-9494","post","type-post","status-publish","format-standard","has-post-thumbnail","hentry","category-la-plaine","category-sport","category-vittel-la-plaine","tag-route-thermale-cycliste","tag-sport","tag-velo","tag-vittel"],"acf":[],"yoast_head":"<!-- This site is optimized with the Yoast SEO plugin v22.5 - https:\/\/yoast.com\/wordpress\/plugins\/seo\/ -->\n<title>Vittel - La Route Thermale Cycliste a tenu son assembl\u00e9e g\u00e9n\u00e9rale - La Plaine des Vosges<\/title>\n<meta name=\"robots\" content=\"index, follow, max-snippet:-1, max-image-preview:large, max-video-preview:-1\" \/>\n<link rel=\"canonical\" href=\"https:\/\/vosgesinfo.fr\/laplainedesvosgesinfo\/2017\/01\/vittel-la-route-thermale-cycliste-a-tenu-son-assemblee-generale\/\" \/>\n<meta name=\"twitter:card\" content=\"summary_large_image\" \/>\n<meta name=\"twitter:title\" content=\"Vittel - La Route Thermale Cycliste a tenu son assembl\u00e9e g\u00e9n\u00e9rale - La Plaine des Vosges\" \/>\n<meta name=\"twitter:description\" content=\"L&rsquo;association de la Route Thermale Cycliste a r\u00e9cemment tenu son assembl\u00e9e g\u00e9n\u00e9rale au CPO. En pr\u00e9sence de b\u00e9n\u00e9voles, du conseil [&hellip;]\" \/>\n<meta name=\"twitter:image\" content=\"https:\/\/vosgesinfo.fr\/app\/uploads\/sites\/2\/2024\/06\/201701dscn1166.jpg\" \/>\n<meta name=\"twitter:creator\" content=\"@VosgesInfo88\" \/>\n<meta name=\"twitter:site\" content=\"@VosgesInfo88\" \/>\n<meta name=\"twitter:label1\" content=\"\u00c9crit par\" \/>\n\t<meta name=\"twitter:data1\" content=\"qs_admin\" \/>\n\t<meta name=\"twitter:label2\" content=\"Dur\u00e9e de lecture estim\u00e9e\" \/>\n\t<meta name=\"twitter:data2\" content=\"1 minute\" \/>\n<script type=\"application\/ld+json\" class=\"yoast-schema-graph\">{\"@context\":\"https:\/\/schema.org\",\"@graph\":[{\"@type\":\"Article\",\"@id\":\"https:\/\/vosgesinfo.fr\/laplainedesvosgesinfo\/2017\/01\/vittel-la-route-thermale-cycliste-a-tenu-son-assemblee-generale\/#article\",\"isPartOf\":{\"@id\":\"https:\/\/vosgesinfo.fr\/laplainedesvosgesinfo\/2017\/01\/vittel-la-route-thermale-cycliste-a-tenu-son-assemblee-generale\/\"},\"author\":{\"name\":\"qs_admin\",\"@id\":\"https:\/\/vosgesinfo.fr\/laplainedesvosgesinfo\/#\/schema\/person\/bc5d02d71e6932e81b6dadb7386667b1\"},\"headline\":\"Vittel &#8211; La Route Thermale Cycliste a tenu son assembl\u00e9e g\u00e9n\u00e9rale\",\"datePublished\":\"2017-01-29T05:30:31+00:00\",\"dateModified\":\"2017-01-29T05:30:31+00:00\",\"mainEntityOfPage\":{\"@id\":\"https:\/\/vosgesinfo.fr\/laplainedesvosgesinfo\/2017\/01\/vittel-la-route-thermale-cycliste-a-tenu-son-assemblee-generale\/\"},\"wordCount\":224,\"commentCount\":0,\"publisher\":{\"@id\":\"https:\/\/vosgesinfo.fr\/laplainedesvosgesinfo\/#organization\"},\"image\":{\"@id\":\"https:\/\/vosgesinfo.fr\/laplainedesvosgesinfo\/2017\/01\/vittel-la-route-thermale-cycliste-a-tenu-son-assemblee-generale\/#primaryimage\"},\"thumbnailUrl\":\"https:\/\/vosgesinfo.fr\/app\/uploads\/sites\/2\/2024\/06\/201701dscn1166.jpg\",\"keywords\":[\"Route Thermale Cycliste\",\"sport\",\"v\u00e9lo\",\"Vittel\"],\"articleSection\":[\"La Plaine\",\"Sport\",\"Vittel\"],\"inLanguage\":\"fr-FR\",\"potentialAction\":[{\"@type\":\"CommentAction\",\"name\":\"Comment\",\"target\":[\"https:\/\/vosgesinfo.fr\/laplainedesvosgesinfo\/2017\/01\/vittel-la-route-thermale-cycliste-a-tenu-son-assemblee-generale\/#respond\"]}]},{\"@type\":\"WebPage\",\"@id\":\"https:\/\/vosgesinfo.fr\/laplainedesvosgesinfo\/2017\/01\/vittel-la-route-thermale-cycliste-a-tenu-son-assemblee-generale\/\",\"url\":\"https:\/\/vosgesinfo.fr\/laplainedesvosgesinfo\/2017\/01\/vittel-la-route-thermale-cycliste-a-tenu-son-assemblee-generale\/\",\"name\":\"Vittel - La Route Thermale Cycliste a tenu son assembl\u00e9e g\u00e9n\u00e9rale - La Plaine des Vosges\",\"isPartOf\":{\"@id\":\"https:\/\/vosgesinfo.fr\/laplainedesvosgesinfo\/#website\"},\"primaryImageOfPage\":{\"@id\":\"https:\/\/vosgesinfo.fr\/laplainedesvosgesinfo\/2017\/01\/vittel-la-route-thermale-cycliste-a-tenu-son-assemblee-generale\/#primaryimage\"},\"image\":{\"@id\":\"https:\/\/vosgesinfo.fr\/laplainedesvosgesinfo\/2017\/01\/vittel-la-route-thermale-cycliste-a-tenu-son-assemblee-generale\/#primaryimage\"},\"thumbnailUrl\":\"https:\/\/vosgesinfo.fr\/app\/uploads\/sites\/2\/2024\/06\/201701dscn1166.jpg\",\"datePublished\":\"2017-01-29T05:30:31+00:00\",\"dateModified\":\"2017-01-29T05:30:31+00:00\",\"breadcrumb\":{\"@id\":\"https:\/\/vosgesinfo.fr\/laplainedesvosgesinfo\/2017\/01\/vittel-la-route-thermale-cycliste-a-tenu-son-assemblee-generale\/#breadcrumb\"},\"inLanguage\":\"fr-FR\",\"potentialAction\":[{\"@type\":\"ReadAction\",\"target\":[\"https:\/\/vosgesinfo.fr\/laplainedesvosgesinfo\/2017\/01\/vittel-la-route-thermale-cycliste-a-tenu-son-assemblee-generale\/\"]}]},{\"@type\":\"ImageObject\",\"inLanguage\":\"fr-FR\",\"@id\":\"https:\/\/vosgesinfo.fr\/laplainedesvosgesinfo\/2017\/01\/vittel-la-route-thermale-cycliste-a-tenu-son-assemblee-generale\/#primaryimage\",\"url\":\"https:\/\/vosgesinfo.fr\/app\/uploads\/sites\/2\/2024\/06\/201701dscn1166.jpg\",\"contentUrl\":\"https:\/\/vosgesinfo.fr\/app\/uploads\/sites\/2\/2024\/06\/201701dscn1166.jpg\",\"width\":800,\"height\":600},{\"@type\":\"BreadcrumbList\",\"@id\":\"https:\/\/vosgesinfo.fr\/laplainedesvosgesinfo\/2017\/01\/vittel-la-route-thermale-cycliste-a-tenu-son-assemblee-generale\/#breadcrumb\",\"itemListElement\":[{\"@type\":\"ListItem\",\"position\":1,\"name\":\"Home\",\"item\":\"https:\/\/vosgesinfo.fr\/laplainedesvosgesinfo\/\"},{\"@type\":\"ListItem\",\"position\":2,\"name\":\"Vittel &#8211; La Route Thermale Cycliste a tenu son assembl\u00e9e g\u00e9n\u00e9rale\"}]},{\"@type\":\"WebSite\",\"@id\":\"https:\/\/vosgesinfo.fr\/laplainedesvosgesinfo\/#website\",\"url\":\"https:\/\/vosgesinfo.fr\/laplainedesvosgesinfo\/\",\"name\":\"La Plaine des Vosges\",\"description\":\"Toute l&#039;actualit\u00e9 de la plaine de Vosges\",\"publisher\":{\"@id\":\"https:\/\/vosgesinfo.fr\/laplainedesvosgesinfo\/#organization\"},\"alternateName\":\"Toute l'actualit\u00e9 de la plaine des Vosges\",\"potentialAction\":[{\"@type\":\"SearchAction\",\"target\":{\"@type\":\"EntryPoint\",\"urlTemplate\":\"https:\/\/vosgesinfo.fr\/laplainedesvosgesinfo\/?s={search_term_string}\"},\"query-input\":\"required name=search_term_string\"}],\"inLanguage\":\"fr-FR\"},{\"@type\":\"Organization\",\"@id\":\"https:\/\/vosgesinfo.fr\/laplainedesvosgesinfo\/#organization\",\"name\":\"La Plaine des Vosges\",\"url\":\"https:\/\/vosgesinfo.fr\/laplainedesvosgesinfo\/\",\"logo\":{\"@type\":\"ImageObject\",\"inLanguage\":\"fr-FR\",\"@id\":\"https:\/\/vosgesinfo.fr\/laplainedesvosgesinfo\/#\/schema\/logo\/image\/\",\"url\":\"https:\/\/vosgesinfo.fr\/app\/uploads\/sites\/2\/2023\/08\/logo-laplaineinfo.svg\",\"contentUrl\":\"https:\/\/vosgesinfo.fr\/app\/uploads\/sites\/2\/2023\/08\/logo-laplaineinfo.svg\",\"width\":1,\"height\":1,\"caption\":\"La Plaine des Vosges\"},\"image\":{\"@id\":\"https:\/\/vosgesinfo.fr\/laplainedesvosgesinfo\/#\/schema\/logo\/image\/\"},\"sameAs\":[\"https:\/\/www.facebook.com\/laplainedesvosges\",\"https:\/\/x.com\/VosgesInfo88\",\"https:\/\/www.youtube.com\/@vosgesinfo\"]},{\"@type\":\"Person\",\"@id\":\"https:\/\/vosgesinfo.fr\/laplainedesvosgesinfo\/#\/schema\/person\/bc5d02d71e6932e81b6dadb7386667b1\",\"name\":\"qs_admin\",\"image\":{\"@type\":\"ImageObject\",\"inLanguage\":\"fr-FR\",\"@id\":\"https:\/\/vosgesinfo.fr\/laplainedesvosgesinfo\/#\/schema\/person\/image\/\",\"url\":\"https:\/\/secure.gravatar.com\/avatar\/94b18ee0ed79e4a42ea2f2931277b6841a8999fc6fde214600c78057cf1fe1de?s=96&d=mm&r=g\",\"contentUrl\":\"https:\/\/secure.gravatar.com\/avatar\/94b18ee0ed79e4a42ea2f2931277b6841a8999fc6fde214600c78057cf1fe1de?s=96&d=mm&r=g\",\"caption\":\"qs_admin\"},\"sameAs\":[\"https:\/\/vosgesinfo.fr\/wp\"],\"url\":\"https:\/\/vosgesinfo.fr\/laplainedesvosgesinfo\/author\/qs_admin\/\"}]}<\/script>\n<!-- \/ Yoast SEO plugin. -->","yoast_head_json":{"title":"Vittel - La Route Thermale Cycliste a tenu son assembl\u00e9e g\u00e9n\u00e9rale - La Plaine des Vosges","robots":{"index":"index","follow":"follow","max-snippet":"max-snippet:-1","max-image-preview":"max-image-preview:large","max-video-preview":"max-video-preview:-1"},"canonical":"https:\/\/vosgesinfo.fr\/laplainedesvosgesinfo\/2017\/01\/vittel-la-route-thermale-cycliste-a-tenu-son-assemblee-generale\/","twitter_card":"summary_large_image","twitter_title":"Vittel - La Route Thermale Cycliste a tenu son assembl\u00e9e g\u00e9n\u00e9rale - La Plaine des Vosges","twitter_description":"L&rsquo;association de la Route Thermale Cycliste a r\u00e9cemment tenu son assembl\u00e9e g\u00e9n\u00e9rale au CPO. En pr\u00e9sence de b\u00e9n\u00e9voles, du conseil [&hellip;]","twitter_image":"https:\/\/vosgesinfo.fr\/app\/uploads\/sites\/2\/2024\/06\/201701dscn1166.jpg","twitter_creator":"@VosgesInfo88","twitter_site":"@VosgesInfo88","twitter_misc":{"\u00c9crit par":"qs_admin","Dur\u00e9e de lecture estim\u00e9e":"1 minute"},"schema":{"@context":"https:\/\/schema.org","@graph":[{"@type":"Article","@id":"https:\/\/vosgesinfo.fr\/laplainedesvosgesinfo\/2017\/01\/vittel-la-route-thermale-cycliste-a-tenu-son-assemblee-generale\/#article","isPartOf":{"@id":"https:\/\/vosgesinfo.fr\/laplainedesvosgesinfo\/2017\/01\/vittel-la-route-thermale-cycliste-a-tenu-son-assemblee-generale\/"},"author":{"name":"qs_admin","@id":"https:\/\/vosgesinfo.fr\/laplainedesvosgesinfo\/#\/schema\/person\/bc5d02d71e6932e81b6dadb7386667b1"},"headline":"Vittel &#8211; La Route Thermale Cycliste a tenu son assembl\u00e9e g\u00e9n\u00e9rale","datePublished":"2017-01-29T05:30:31+00:00","dateModified":"2017-01-29T05:30:31+00:00","mainEntityOfPage":{"@id":"https:\/\/vosgesinfo.fr\/laplainedesvosgesinfo\/2017\/01\/vittel-la-route-thermale-cycliste-a-tenu-son-assemblee-generale\/"},"wordCount":224,"commentCount":0,"publisher":{"@id":"https:\/\/vosgesinfo.fr\/laplainedesvosgesinfo\/#organization"},"image":{"@id":"https:\/\/vosgesinfo.fr\/laplainedesvosgesinfo\/2017\/01\/vittel-la-route-thermale-cycliste-a-tenu-son-assemblee-generale\/#primaryimage"},"thumbnailUrl":"https:\/\/vosgesinfo.fr\/app\/uploads\/sites\/2\/2024\/06\/201701dscn1166.jpg","keywords":["Route Thermale Cycliste","sport","v\u00e9lo","Vittel"],"articleSection":["La Plaine","Sport","Vittel"],"inLanguage":"fr-FR","potentialAction":[{"@type":"CommentAction","name":"Comment","target":["https:\/\/vosgesinfo.fr\/laplainedesvosgesinfo\/2017\/01\/vittel-la-route-thermale-cycliste-a-tenu-son-assemblee-generale\/#respond"]}]},{"@type":"WebPage","@id":"https:\/\/vosgesinfo.fr\/laplainedesvosgesinfo\/2017\/01\/vittel-la-route-thermale-cycliste-a-tenu-son-assemblee-generale\/","url":"https:\/\/vosgesinfo.fr\/laplainedesvosgesinfo\/2017\/01\/vittel-la-route-thermale-cycliste-a-tenu-son-assemblee-generale\/","name":"Vittel - La Route Thermale Cycliste a tenu son assembl\u00e9e g\u00e9n\u00e9rale - La Plaine des Vosges","isPartOf":{"@id":"https:\/\/vosgesinfo.fr\/laplainedesvosgesinfo\/#website"},"primaryImageOfPage":{"@id":"https:\/\/vosgesinfo.fr\/laplainedesvosgesinfo\/2017\/01\/vittel-la-route-thermale-cycliste-a-tenu-son-assemblee-generale\/#primaryimage"},"image":{"@id":"https:\/\/vosgesinfo.fr\/laplainedesvosgesinfo\/2017\/01\/vittel-la-route-thermale-cycliste-a-tenu-son-assemblee-generale\/#primaryimage"},"thumbnailUrl":"https:\/\/vosgesinfo.fr\/app\/uploads\/sites\/2\/2024\/06\/201701dscn1166.jpg","datePublished":"2017-01-29T05:30:31+00:00","dateModified":"2017-01-29T05:30:31+00:00","breadcrumb":{"@id":"https:\/\/vosgesinfo.fr\/laplainedesvosgesinfo\/2017\/01\/vittel-la-route-thermale-cycliste-a-tenu-son-assemblee-generale\/#breadcrumb"},"inLanguage":"fr-FR","potentialAction":[{"@type":"ReadAction","target":["https:\/\/vosgesinfo.fr\/laplainedesvosgesinfo\/2017\/01\/vittel-la-route-thermale-cycliste-a-tenu-son-assemblee-generale\/"]}]},{"@type":"ImageObject","inLanguage":"fr-FR","@id":"https:\/\/vosgesinfo.fr\/laplainedesvosgesinfo\/2017\/01\/vittel-la-route-thermale-cycliste-a-tenu-son-assemblee-generale\/#primaryimage","url":"https:\/\/vosgesinfo.fr\/app\/uploads\/sites\/2\/2024\/06\/201701dscn1166.jpg","contentUrl":"https:\/\/vosgesinfo.fr\/app\/uploads\/sites\/2\/2024\/06\/201701dscn1166.jpg","width":800,"height":600},{"@type":"BreadcrumbList","@id":"https:\/\/vosgesinfo.fr\/laplainedesvosgesinfo\/2017\/01\/vittel-la-route-thermale-cycliste-a-tenu-son-assemblee-generale\/#breadcrumb","itemListElement":[{"@type":"ListItem","position":1,"name":"Home","item":"https:\/\/vosgesinfo.fr\/laplainedesvosgesinfo\/"},{"@type":"ListItem","position":2,"name":"Vittel &#8211; La Route Thermale Cycliste a tenu son assembl\u00e9e g\u00e9n\u00e9rale"}]},{"@type":"WebSite","@id":"https:\/\/vosgesinfo.fr\/laplainedesvosgesinfo\/#website","url":"https:\/\/vosgesinfo.fr\/laplainedesvosgesinfo\/","name":"La Plaine des Vosges","description":"Toute l&#039;actualit\u00e9 de la plaine de Vosges","publisher":{"@id":"https:\/\/vosgesinfo.fr\/laplainedesvosgesinfo\/#organization"},"alternateName":"Toute l'actualit\u00e9 de la plaine des Vosges","potentialAction":[{"@type":"SearchAction","target":{"@type":"EntryPoint","urlTemplate":"https:\/\/vosgesinfo.fr\/laplainedesvosgesinfo\/?s={search_term_string}"},"query-input":"required name=search_term_string"}],"inLanguage":"fr-FR"},{"@type":"Organization","@id":"https:\/\/vosgesinfo.fr\/laplainedesvosgesinfo\/#organization","name":"La Plaine des Vosges","url":"https:\/\/vosgesinfo.fr\/laplainedesvosgesinfo\/","logo":{"@type":"ImageObject","inLanguage":"fr-FR","@id":"https:\/\/vosgesinfo.fr\/laplainedesvosgesinfo\/#\/schema\/logo\/image\/","url":"https:\/\/vosgesinfo.fr\/app\/uploads\/sites\/2\/2023\/08\/logo-laplaineinfo.svg","contentUrl":"https:\/\/vosgesinfo.fr\/app\/uploads\/sites\/2\/2023\/08\/logo-laplaineinfo.svg","width":1,"height":1,"caption":"La Plaine des Vosges"},"image":{"@id":"https:\/\/vosgesinfo.fr\/laplainedesvosgesinfo\/#\/schema\/logo\/image\/"},"sameAs":["https:\/\/www.facebook.com\/laplainedesvosges","https:\/\/x.com\/VosgesInfo88","https:\/\/www.youtube.com\/@vosgesinfo"]},{"@type":"Person","@id":"https:\/\/vosgesinfo.fr\/laplainedesvosgesinfo\/#\/schema\/person\/bc5d02d71e6932e81b6dadb7386667b1","name":"qs_admin","image":{"@type":"ImageObject","inLanguage":"fr-FR","@id":"https:\/\/vosgesinfo.fr\/laplainedesvosgesinfo\/#\/schema\/person\/image\/","url":"https:\/\/secure.gravatar.com\/avatar\/94b18ee0ed79e4a42ea2f2931277b6841a8999fc6fde214600c78057cf1fe1de?s=96&d=mm&r=g","contentUrl":"https:\/\/secure.gravatar.com\/avatar\/94b18ee0ed79e4a42ea2f2931277b6841a8999fc6fde214600c78057cf1fe1de?s=96&d=mm&r=g","caption":"qs_admin"},"sameAs":["https:\/\/vosgesinfo.fr\/wp"],"url":"https:\/\/vosgesinfo.fr\/laplainedesvosgesinfo\/author\/qs_admin\/"}]}},"_links":{"self":[{"href":"https:\/\/vosgesinfo.fr\/laplainedesvosgesinfo\/wp-json\/wp\/v2\/posts\/9494","targetHints":{"allow":["GET"]}}],"collection":[{"href":"https:\/\/vosgesinfo.fr\/laplainedesvosgesinfo\/wp-json\/wp\/v2\/posts"}],"about":[{"href":"https:\/\/vosgesinfo.fr\/laplainedesvosgesinfo\/wp-json\/wp\/v2\/types\/post"}],"author":[{"embeddable":true,"href":"https:\/\/vosgesinfo.fr\/laplainedesvosgesinfo\/wp-json\/wp\/v2\/users\/1"}],"replies":[{"embeddable":true,"href":"https:\/\/vosgesinfo.fr\/laplainedesvosgesinfo\/wp-json\/wp\/v2\/comments?post=9494"}],"version-history":[{"count":0,"href":"https:\/\/vosgesinfo.fr\/laplainedesvosgesinfo\/wp-json\/wp\/v2\/posts\/9494\/revisions"}],"wp:featuredmedia":[{"embeddable":true,"href":"https:\/\/vosgesinfo.fr\/laplainedesvosgesinfo\/wp-json\/wp\/v2\/media\/9495"}],"wp:attachment":[{"href":"https:\/\/vosgesinfo.fr\/laplainedesvosgesinfo\/wp-json\/wp\/v2\/media?parent=9494"}],"wp:term":[{"taxonomy":"category","embeddable":true,"href":"https:\/\/vosgesinfo.fr\/laplainedesvosgesinfo\/wp-json\/wp\/v2\/categories?post=9494"},{"taxonomy":"post_tag","embeddable":true,"href":"https:\/\/vosgesinfo.fr\/laplainedesvosgesinfo\/wp-json\/wp\/v2\/tags?post=9494"}],"curies":[{"name":"wp","href":"https:\/\/api.w.org\/{rel}","templated":true}]}}