{"id":9643,"date":"2017-02-06T06:30:42","date_gmt":"2017-02-06T05:30:42","guid":{"rendered":"https:\/\/vosgesinfo.fr\/laplainedesvosgesinfo\/2017\/02\/tournage-dans-les-vosges-louez-votre-maison-pour-un-film\/"},"modified":"2017-02-06T06:30:42","modified_gmt":"2017-02-06T05:30:42","slug":"tournage-dans-les-vosges-louez-votre-maison-pour-un-film","status":"publish","type":"post","link":"https:\/\/vosgesinfo.fr\/laplainedesvosgesinfo\/2017\/02\/tournage-dans-les-vosges-louez-votre-maison-pour-un-film\/","title":{"rendered":"Tournage dans les Vosges : louez votre maison pour un film !"},"content":{"rendered":"<h4 style=\"text-align: justify;\"><a href=\"\/2016\/07\/camera-1378221_960_720.jpg\"><img decoding=\"async\" class=\"aligncenter size-full wp-image-78684\" src=\"\/2016\/07\/camera-1378221_960_720.jpg\" alt=\"camera-1378221_960_720\" width=\"800\" height=\"562\" \/><\/a><\/h4>\n<h4 style=\"text-align: justify;\">Pour les besoins du tournage de la nouvelle s\u00e9rie\u00a0<b>AUX ANIMAUX LA GUERRE<\/b>\u00a0r\u00e9alis\u00e9e d\u2019apr\u00e8s le roman de Nicolas Mathieu\u00a0par\u00a0<b>Alain Tasma<\/b>, produite par la soci\u00e9t\u00e9 EuropaCorp. Television et diffus\u00e9e sur France 3, la production est \u00e0 la\u00a0<u>recherche de plusieurs habitations<\/u>\u00a0dans les Vosges et la r\u00e9gion de Nancy pour y tourner certaines s\u00e9quences \u00e0 partir de la mi-mai.<\/h4>\n<p style=\"text-align: justify;\">Si vous avez :<\/p>\n<p style=\"text-align: justify;\">\u2013 Un grand pavillon (min 150m2) de construction ant\u00e9rieure aux ann\u00e9es 2000 dans un lotissement avec un garage spacieux.<br \/>\n\u2013 Une maison moderne, luxueuse et isol\u00e9e et proche de la for\u00eat (min 150 m2).<br \/>\n\u2013 Une maison r\u00e9cente situ\u00e9e en lisi\u00e8re de for\u00eat, ayant un trait architectural atypique (min 130 m2) de pr\u00e9f\u00e9rence avec une baie vitr\u00e9e en rez-de-chauss\u00e9e.<br \/>\n\u2013 Une grande ferme vosgienne isol\u00e9e, de construction massive adjointe d\u2019une grange.<br \/>\nCes lieux peuvent \u00eatre habit\u00e9s et\/ou vides.<\/p>\n<p style=\"text-align: justify;\">TOUTES LES PISTES ET PROPOSITIONS SONT LES BIENVENUES.<\/p>\n<p style=\"text-align: justify;\">AUX ANIMAUX LA GUERRE r\u00e9alis\u00e9 par Alain Tasma d\u2019apr\u00e8s le roman de Nicolas Mathieu \/ 6x 52 min<\/p>\n<p style=\"text-align: justify;\"><b>Le synopsis du film est le suivant :<\/b><\/p>\n<p class=\"x_MsoNormal\" style=\"text-align: justify;\"><i>Une usine qui ferme dans les Vosges, une centaine de salari\u00e9s qui se retrouvent sur le carreau et qui n\u2019ont plus rien \u00e0 perdre. Quand Martel, le syndicaliste qui planque ses tatouages, ou Bruce, le bodybuilder sous st\u00e9ro\u00efdes, ont la mauvaise id\u00e9e de kidnapper une fille sur les trottoirs de Strasbourg pour la revendre \u00e0 deux ca\u00efds qui font la pluie et le beau temps entre \u00c9pinal et Nancy, la situation va rapidement leur \u00e9chapper\u2026<\/i><\/p>\n<p style=\"text-align: justify;\">Les lieux choisis font l\u2019objet d\u2019une r\u00e9mun\u00e9ration et leurs locations sont contractualis\u00e9es au cas par cas. La production s\u2019engage \u00e0 restituer les lieux dans l\u2019\u00e9tat dans lequel ils \u00e9taient avant le tournage et \u00e0 fournir une attestation d\u2019assurance. Le tournage se d\u00e9roulera entre l\u2019Alsace et la Lorraine \u00e0 compter du 11 mai.<\/p>\n<p style=\"text-align: justify;\"><strong>Si vous avez la moindre question ou \u00eates int\u00e9ress\u00e9s, n\u2019h\u00e9sitez pas \u00e0 contacter<\/strong><\/p>\n<p style=\"text-align: justify;\"><strong>Julien Le Roux \u2013 rep\u00e9reur des d\u00e9cors<\/strong><br \/>\n<strong>06 70 10 20 61 \/ lemaildejulienleroux@gmail.com<\/strong><\/p>\n<p style=\"text-align: justify;\"><strong>Johann Gretke \u2013 bureau d\u2019accueil des tournages R\u00e9gion Grand Est <\/strong><br \/>\n<strong>06 89 94 07 44 \/ johann.gretke@culture-alsace.org<\/strong><\/p>\n","protected":false},"excerpt":{"rendered":"<p>Pour les besoins du tournage de la nouvelle s\u00e9rie\u00a0AUX ANIMAUX LA GUERRE\u00a0r\u00e9alis\u00e9e d\u2019apr\u00e8s le roman de Nicolas Mathieu\u00a0par\u00a0Alain Tasma, produite [&hellip;]<\/p>\n","protected":false},"author":1,"featured_media":9644,"comment_status":"open","ping_status":"open","sticky":false,"template":"","format":"standard","meta":{"footnotes":""},"categories":[4,18],"tags":[828,705,3419,233],"class_list":["post-9643","post","type-post","status-publish","format-standard","has-post-thumbnail","hentry","category-culture","category-vosges","tag-casting","tag-maison","tag-tournage-dun-film","tag-vosges"],"acf":[],"yoast_head":"<!-- This site is optimized with the Yoast SEO plugin v22.5 - https:\/\/yoast.com\/wordpress\/plugins\/seo\/ -->\n<title>Tournage dans les Vosges : louez votre maison pour un film ! - La Plaine des Vosges<\/title>\n<meta name=\"robots\" content=\"index, follow, max-snippet:-1, max-image-preview:large, max-video-preview:-1\" \/>\n<link rel=\"canonical\" href=\"https:\/\/vosgesinfo.fr\/laplainedesvosgesinfo\/2017\/02\/tournage-dans-les-vosges-louez-votre-maison-pour-un-film\/\" \/>\n<meta name=\"twitter:card\" content=\"summary_large_image\" \/>\n<meta name=\"twitter:title\" content=\"Tournage dans les Vosges : louez votre maison pour un film ! - La Plaine des Vosges\" \/>\n<meta name=\"twitter:description\" content=\"Pour les besoins du tournage de la nouvelle s\u00e9rie\u00a0AUX ANIMAUX LA GUERRE\u00a0r\u00e9alis\u00e9e d\u2019apr\u00e8s le roman de Nicolas Mathieu\u00a0par\u00a0Alain Tasma, produite [&hellip;]\" \/>\n<meta name=\"twitter:image\" content=\"https:\/\/vosgesinfo.fr\/app\/uploads\/sites\/2\/2024\/06\/201607camera-1378221-960-720-5.jpg\" \/>\n<meta name=\"twitter:creator\" content=\"@VosgesInfo88\" \/>\n<meta name=\"twitter:site\" content=\"@VosgesInfo88\" \/>\n<meta name=\"twitter:label1\" content=\"\u00c9crit par\" \/>\n\t<meta name=\"twitter:data1\" content=\"qs_admin\" \/>\n\t<meta name=\"twitter:label2\" content=\"Dur\u00e9e de lecture estim\u00e9e\" \/>\n\t<meta name=\"twitter:data2\" content=\"2 minutes\" \/>\n<script type=\"application\/ld+json\" class=\"yoast-schema-graph\">{\"@context\":\"https:\/\/schema.org\",\"@graph\":[{\"@type\":\"Article\",\"@id\":\"https:\/\/vosgesinfo.fr\/laplainedesvosgesinfo\/2017\/02\/tournage-dans-les-vosges-louez-votre-maison-pour-un-film\/#article\",\"isPartOf\":{\"@id\":\"https:\/\/vosgesinfo.fr\/laplainedesvosgesinfo\/2017\/02\/tournage-dans-les-vosges-louez-votre-maison-pour-un-film\/\"},\"author\":{\"name\":\"qs_admin\",\"@id\":\"https:\/\/vosgesinfo.fr\/laplainedesvosgesinfo\/#\/schema\/person\/bc5d02d71e6932e81b6dadb7386667b1\"},\"headline\":\"Tournage dans les Vosges : louez votre maison pour un film !\",\"datePublished\":\"2017-02-06T05:30:42+00:00\",\"dateModified\":\"2017-02-06T05:30:42+00:00\",\"mainEntityOfPage\":{\"@id\":\"https:\/\/vosgesinfo.fr\/laplainedesvosgesinfo\/2017\/02\/tournage-dans-les-vosges-louez-votre-maison-pour-un-film\/\"},\"wordCount\":380,\"commentCount\":0,\"publisher\":{\"@id\":\"https:\/\/vosgesinfo.fr\/laplainedesvosgesinfo\/#organization\"},\"image\":{\"@id\":\"https:\/\/vosgesinfo.fr\/laplainedesvosgesinfo\/2017\/02\/tournage-dans-les-vosges-louez-votre-maison-pour-un-film\/#primaryimage\"},\"thumbnailUrl\":\"https:\/\/vosgesinfo.fr\/app\/uploads\/sites\/2\/2024\/06\/201607camera-1378221-960-720-5.jpg\",\"keywords\":[\"casting\",\"maison\",\"tournage d'un film\",\"Vosges\"],\"articleSection\":[\"Culture\",\"Vosges\"],\"inLanguage\":\"fr-FR\",\"potentialAction\":[{\"@type\":\"CommentAction\",\"name\":\"Comment\",\"target\":[\"https:\/\/vosgesinfo.fr\/laplainedesvosgesinfo\/2017\/02\/tournage-dans-les-vosges-louez-votre-maison-pour-un-film\/#respond\"]}]},{\"@type\":\"WebPage\",\"@id\":\"https:\/\/vosgesinfo.fr\/laplainedesvosgesinfo\/2017\/02\/tournage-dans-les-vosges-louez-votre-maison-pour-un-film\/\",\"url\":\"https:\/\/vosgesinfo.fr\/laplainedesvosgesinfo\/2017\/02\/tournage-dans-les-vosges-louez-votre-maison-pour-un-film\/\",\"name\":\"Tournage dans les Vosges : louez votre maison pour un film ! - La Plaine des Vosges\",\"isPartOf\":{\"@id\":\"https:\/\/vosgesinfo.fr\/laplainedesvosgesinfo\/#website\"},\"primaryImageOfPage\":{\"@id\":\"https:\/\/vosgesinfo.fr\/laplainedesvosgesinfo\/2017\/02\/tournage-dans-les-vosges-louez-votre-maison-pour-un-film\/#primaryimage\"},\"image\":{\"@id\":\"https:\/\/vosgesinfo.fr\/laplainedesvosgesinfo\/2017\/02\/tournage-dans-les-vosges-louez-votre-maison-pour-un-film\/#primaryimage\"},\"thumbnailUrl\":\"https:\/\/vosgesinfo.fr\/app\/uploads\/sites\/2\/2024\/06\/201607camera-1378221-960-720-5.jpg\",\"datePublished\":\"2017-02-06T05:30:42+00:00\",\"dateModified\":\"2017-02-06T05:30:42+00:00\",\"breadcrumb\":{\"@id\":\"https:\/\/vosgesinfo.fr\/laplainedesvosgesinfo\/2017\/02\/tournage-dans-les-vosges-louez-votre-maison-pour-un-film\/#breadcrumb\"},\"inLanguage\":\"fr-FR\",\"potentialAction\":[{\"@type\":\"ReadAction\",\"target\":[\"https:\/\/vosgesinfo.fr\/laplainedesvosgesinfo\/2017\/02\/tournage-dans-les-vosges-louez-votre-maison-pour-un-film\/\"]}]},{\"@type\":\"ImageObject\",\"inLanguage\":\"fr-FR\",\"@id\":\"https:\/\/vosgesinfo.fr\/laplainedesvosgesinfo\/2017\/02\/tournage-dans-les-vosges-louez-votre-maison-pour-un-film\/#primaryimage\",\"url\":\"https:\/\/vosgesinfo.fr\/app\/uploads\/sites\/2\/2024\/06\/201607camera-1378221-960-720-5.jpg\",\"contentUrl\":\"https:\/\/vosgesinfo.fr\/app\/uploads\/sites\/2\/2024\/06\/201607camera-1378221-960-720-5.jpg\",\"width\":800,\"height\":562},{\"@type\":\"BreadcrumbList\",\"@id\":\"https:\/\/vosgesinfo.fr\/laplainedesvosgesinfo\/2017\/02\/tournage-dans-les-vosges-louez-votre-maison-pour-un-film\/#breadcrumb\",\"itemListElement\":[{\"@type\":\"ListItem\",\"position\":1,\"name\":\"Home\",\"item\":\"https:\/\/vosgesinfo.fr\/laplainedesvosgesinfo\/\"},{\"@type\":\"ListItem\",\"position\":2,\"name\":\"Tournage dans les Vosges : louez votre maison pour un film !\"}]},{\"@type\":\"WebSite\",\"@id\":\"https:\/\/vosgesinfo.fr\/laplainedesvosgesinfo\/#website\",\"url\":\"https:\/\/vosgesinfo.fr\/laplainedesvosgesinfo\/\",\"name\":\"La Plaine des Vosges\",\"description\":\"Toute l&#039;actualit\u00e9 de la plaine de Vosges\",\"publisher\":{\"@id\":\"https:\/\/vosgesinfo.fr\/laplainedesvosgesinfo\/#organization\"},\"alternateName\":\"Toute l'actualit\u00e9 de la plaine des Vosges\",\"potentialAction\":[{\"@type\":\"SearchAction\",\"target\":{\"@type\":\"EntryPoint\",\"urlTemplate\":\"https:\/\/vosgesinfo.fr\/laplainedesvosgesinfo\/?s={search_term_string}\"},\"query-input\":\"required name=search_term_string\"}],\"inLanguage\":\"fr-FR\"},{\"@type\":\"Organization\",\"@id\":\"https:\/\/vosgesinfo.fr\/laplainedesvosgesinfo\/#organization\",\"name\":\"La Plaine des Vosges\",\"url\":\"https:\/\/vosgesinfo.fr\/laplainedesvosgesinfo\/\",\"logo\":{\"@type\":\"ImageObject\",\"inLanguage\":\"fr-FR\",\"@id\":\"https:\/\/vosgesinfo.fr\/laplainedesvosgesinfo\/#\/schema\/logo\/image\/\",\"url\":\"https:\/\/vosgesinfo.fr\/app\/uploads\/sites\/2\/2023\/08\/logo-laplaineinfo.svg\",\"contentUrl\":\"https:\/\/vosgesinfo.fr\/app\/uploads\/sites\/2\/2023\/08\/logo-laplaineinfo.svg\",\"width\":1,\"height\":1,\"caption\":\"La Plaine des Vosges\"},\"image\":{\"@id\":\"https:\/\/vosgesinfo.fr\/laplainedesvosgesinfo\/#\/schema\/logo\/image\/\"},\"sameAs\":[\"https:\/\/www.facebook.com\/laplainedesvosges\",\"https:\/\/x.com\/VosgesInfo88\",\"https:\/\/www.youtube.com\/@vosgesinfo\"]},{\"@type\":\"Person\",\"@id\":\"https:\/\/vosgesinfo.fr\/laplainedesvosgesinfo\/#\/schema\/person\/bc5d02d71e6932e81b6dadb7386667b1\",\"name\":\"qs_admin\",\"image\":{\"@type\":\"ImageObject\",\"inLanguage\":\"fr-FR\",\"@id\":\"https:\/\/vosgesinfo.fr\/laplainedesvosgesinfo\/#\/schema\/person\/image\/\",\"url\":\"https:\/\/secure.gravatar.com\/avatar\/94b18ee0ed79e4a42ea2f2931277b6841a8999fc6fde214600c78057cf1fe1de?s=96&d=mm&r=g\",\"contentUrl\":\"https:\/\/secure.gravatar.com\/avatar\/94b18ee0ed79e4a42ea2f2931277b6841a8999fc6fde214600c78057cf1fe1de?s=96&d=mm&r=g\",\"caption\":\"qs_admin\"},\"sameAs\":[\"https:\/\/vosgesinfo.fr\/wp\"],\"url\":\"https:\/\/vosgesinfo.fr\/laplainedesvosgesinfo\/author\/qs_admin\/\"}]}<\/script>\n<!-- \/ Yoast SEO plugin. -->","yoast_head_json":{"title":"Tournage dans les Vosges : louez votre maison pour un film ! - La Plaine des Vosges","robots":{"index":"index","follow":"follow","max-snippet":"max-snippet:-1","max-image-preview":"max-image-preview:large","max-video-preview":"max-video-preview:-1"},"canonical":"https:\/\/vosgesinfo.fr\/laplainedesvosgesinfo\/2017\/02\/tournage-dans-les-vosges-louez-votre-maison-pour-un-film\/","twitter_card":"summary_large_image","twitter_title":"Tournage dans les Vosges : louez votre maison pour un film ! - La Plaine des Vosges","twitter_description":"Pour les besoins du tournage de la nouvelle s\u00e9rie\u00a0AUX ANIMAUX LA GUERRE\u00a0r\u00e9alis\u00e9e d\u2019apr\u00e8s le roman de Nicolas Mathieu\u00a0par\u00a0Alain Tasma, produite [&hellip;]","twitter_image":"https:\/\/vosgesinfo.fr\/app\/uploads\/sites\/2\/2024\/06\/201607camera-1378221-960-720-5.jpg","twitter_creator":"@VosgesInfo88","twitter_site":"@VosgesInfo88","twitter_misc":{"\u00c9crit par":"qs_admin","Dur\u00e9e de lecture estim\u00e9e":"2 minutes"},"schema":{"@context":"https:\/\/schema.org","@graph":[{"@type":"Article","@id":"https:\/\/vosgesinfo.fr\/laplainedesvosgesinfo\/2017\/02\/tournage-dans-les-vosges-louez-votre-maison-pour-un-film\/#article","isPartOf":{"@id":"https:\/\/vosgesinfo.fr\/laplainedesvosgesinfo\/2017\/02\/tournage-dans-les-vosges-louez-votre-maison-pour-un-film\/"},"author":{"name":"qs_admin","@id":"https:\/\/vosgesinfo.fr\/laplainedesvosgesinfo\/#\/schema\/person\/bc5d02d71e6932e81b6dadb7386667b1"},"headline":"Tournage dans les Vosges : louez votre maison pour un film !","datePublished":"2017-02-06T05:30:42+00:00","dateModified":"2017-02-06T05:30:42+00:00","mainEntityOfPage":{"@id":"https:\/\/vosgesinfo.fr\/laplainedesvosgesinfo\/2017\/02\/tournage-dans-les-vosges-louez-votre-maison-pour-un-film\/"},"wordCount":380,"commentCount":0,"publisher":{"@id":"https:\/\/vosgesinfo.fr\/laplainedesvosgesinfo\/#organization"},"image":{"@id":"https:\/\/vosgesinfo.fr\/laplainedesvosgesinfo\/2017\/02\/tournage-dans-les-vosges-louez-votre-maison-pour-un-film\/#primaryimage"},"thumbnailUrl":"https:\/\/vosgesinfo.fr\/app\/uploads\/sites\/2\/2024\/06\/201607camera-1378221-960-720-5.jpg","keywords":["casting","maison","tournage d'un film","Vosges"],"articleSection":["Culture","Vosges"],"inLanguage":"fr-FR","potentialAction":[{"@type":"CommentAction","name":"Comment","target":["https:\/\/vosgesinfo.fr\/laplainedesvosgesinfo\/2017\/02\/tournage-dans-les-vosges-louez-votre-maison-pour-un-film\/#respond"]}]},{"@type":"WebPage","@id":"https:\/\/vosgesinfo.fr\/laplainedesvosgesinfo\/2017\/02\/tournage-dans-les-vosges-louez-votre-maison-pour-un-film\/","url":"https:\/\/vosgesinfo.fr\/laplainedesvosgesinfo\/2017\/02\/tournage-dans-les-vosges-louez-votre-maison-pour-un-film\/","name":"Tournage dans les Vosges : louez votre maison pour un film ! - La Plaine des Vosges","isPartOf":{"@id":"https:\/\/vosgesinfo.fr\/laplainedesvosgesinfo\/#website"},"primaryImageOfPage":{"@id":"https:\/\/vosgesinfo.fr\/laplainedesvosgesinfo\/2017\/02\/tournage-dans-les-vosges-louez-votre-maison-pour-un-film\/#primaryimage"},"image":{"@id":"https:\/\/vosgesinfo.fr\/laplainedesvosgesinfo\/2017\/02\/tournage-dans-les-vosges-louez-votre-maison-pour-un-film\/#primaryimage"},"thumbnailUrl":"https:\/\/vosgesinfo.fr\/app\/uploads\/sites\/2\/2024\/06\/201607camera-1378221-960-720-5.jpg","datePublished":"2017-02-06T05:30:42+00:00","dateModified":"2017-02-06T05:30:42+00:00","breadcrumb":{"@id":"https:\/\/vosgesinfo.fr\/laplainedesvosgesinfo\/2017\/02\/tournage-dans-les-vosges-louez-votre-maison-pour-un-film\/#breadcrumb"},"inLanguage":"fr-FR","potentialAction":[{"@type":"ReadAction","target":["https:\/\/vosgesinfo.fr\/laplainedesvosgesinfo\/2017\/02\/tournage-dans-les-vosges-louez-votre-maison-pour-un-film\/"]}]},{"@type":"ImageObject","inLanguage":"fr-FR","@id":"https:\/\/vosgesinfo.fr\/laplainedesvosgesinfo\/2017\/02\/tournage-dans-les-vosges-louez-votre-maison-pour-un-film\/#primaryimage","url":"https:\/\/vosgesinfo.fr\/app\/uploads\/sites\/2\/2024\/06\/201607camera-1378221-960-720-5.jpg","contentUrl":"https:\/\/vosgesinfo.fr\/app\/uploads\/sites\/2\/2024\/06\/201607camera-1378221-960-720-5.jpg","width":800,"height":562},{"@type":"BreadcrumbList","@id":"https:\/\/vosgesinfo.fr\/laplainedesvosgesinfo\/2017\/02\/tournage-dans-les-vosges-louez-votre-maison-pour-un-film\/#breadcrumb","itemListElement":[{"@type":"ListItem","position":1,"name":"Home","item":"https:\/\/vosgesinfo.fr\/laplainedesvosgesinfo\/"},{"@type":"ListItem","position":2,"name":"Tournage dans les Vosges : louez votre maison pour un film !"}]},{"@type":"WebSite","@id":"https:\/\/vosgesinfo.fr\/laplainedesvosgesinfo\/#website","url":"https:\/\/vosgesinfo.fr\/laplainedesvosgesinfo\/","name":"La Plaine des Vosges","description":"Toute l&#039;actualit\u00e9 de la plaine de Vosges","publisher":{"@id":"https:\/\/vosgesinfo.fr\/laplainedesvosgesinfo\/#organization"},"alternateName":"Toute l'actualit\u00e9 de la plaine des Vosges","potentialAction":[{"@type":"SearchAction","target":{"@type":"EntryPoint","urlTemplate":"https:\/\/vosgesinfo.fr\/laplainedesvosgesinfo\/?s={search_term_string}"},"query-input":"required name=search_term_string"}],"inLanguage":"fr-FR"},{"@type":"Organization","@id":"https:\/\/vosgesinfo.fr\/laplainedesvosgesinfo\/#organization","name":"La Plaine des Vosges","url":"https:\/\/vosgesinfo.fr\/laplainedesvosgesinfo\/","logo":{"@type":"ImageObject","inLanguage":"fr-FR","@id":"https:\/\/vosgesinfo.fr\/laplainedesvosgesinfo\/#\/schema\/logo\/image\/","url":"https:\/\/vosgesinfo.fr\/app\/uploads\/sites\/2\/2023\/08\/logo-laplaineinfo.svg","contentUrl":"https:\/\/vosgesinfo.fr\/app\/uploads\/sites\/2\/2023\/08\/logo-laplaineinfo.svg","width":1,"height":1,"caption":"La Plaine des Vosges"},"image":{"@id":"https:\/\/vosgesinfo.fr\/laplainedesvosgesinfo\/#\/schema\/logo\/image\/"},"sameAs":["https:\/\/www.facebook.com\/laplainedesvosges","https:\/\/x.com\/VosgesInfo88","https:\/\/www.youtube.com\/@vosgesinfo"]},{"@type":"Person","@id":"https:\/\/vosgesinfo.fr\/laplainedesvosgesinfo\/#\/schema\/person\/bc5d02d71e6932e81b6dadb7386667b1","name":"qs_admin","image":{"@type":"ImageObject","inLanguage":"fr-FR","@id":"https:\/\/vosgesinfo.fr\/laplainedesvosgesinfo\/#\/schema\/person\/image\/","url":"https:\/\/secure.gravatar.com\/avatar\/94b18ee0ed79e4a42ea2f2931277b6841a8999fc6fde214600c78057cf1fe1de?s=96&d=mm&r=g","contentUrl":"https:\/\/secure.gravatar.com\/avatar\/94b18ee0ed79e4a42ea2f2931277b6841a8999fc6fde214600c78057cf1fe1de?s=96&d=mm&r=g","caption":"qs_admin"},"sameAs":["https:\/\/vosgesinfo.fr\/wp"],"url":"https:\/\/vosgesinfo.fr\/laplainedesvosgesinfo\/author\/qs_admin\/"}]}},"_links":{"self":[{"href":"https:\/\/vosgesinfo.fr\/laplainedesvosgesinfo\/wp-json\/wp\/v2\/posts\/9643","targetHints":{"allow":["GET"]}}],"collection":[{"href":"https:\/\/vosgesinfo.fr\/laplainedesvosgesinfo\/wp-json\/wp\/v2\/posts"}],"about":[{"href":"https:\/\/vosgesinfo.fr\/laplainedesvosgesinfo\/wp-json\/wp\/v2\/types\/post"}],"author":[{"embeddable":true,"href":"https:\/\/vosgesinfo.fr\/laplainedesvosgesinfo\/wp-json\/wp\/v2\/users\/1"}],"replies":[{"embeddable":true,"href":"https:\/\/vosgesinfo.fr\/laplainedesvosgesinfo\/wp-json\/wp\/v2\/comments?post=9643"}],"version-history":[{"count":0,"href":"https:\/\/vosgesinfo.fr\/laplainedesvosgesinfo\/wp-json\/wp\/v2\/posts\/9643\/revisions"}],"wp:featuredmedia":[{"embeddable":true,"href":"https:\/\/vosgesinfo.fr\/laplainedesvosgesinfo\/wp-json\/wp\/v2\/media\/9644"}],"wp:attachment":[{"href":"https:\/\/vosgesinfo.fr\/laplainedesvosgesinfo\/wp-json\/wp\/v2\/media?parent=9643"}],"wp:term":[{"taxonomy":"category","embeddable":true,"href":"https:\/\/vosgesinfo.fr\/laplainedesvosgesinfo\/wp-json\/wp\/v2\/categories?post=9643"},{"taxonomy":"post_tag","embeddable":true,"href":"https:\/\/vosgesinfo.fr\/laplainedesvosgesinfo\/wp-json\/wp\/v2\/tags?post=9643"}],"curies":[{"name":"wp","href":"https:\/\/api.w.org\/{rel}","templated":true}]}}