{"id":9664,"date":"2017-02-07T09:00:08","date_gmt":"2017-02-07T08:00:08","guid":{"rendered":"https:\/\/vosgesinfo.fr\/laplainedesvosgesinfo\/2017\/02\/vosges-une-voiture-de-pompiers-volee-et-retrouvee-calcinee-a-frain\/"},"modified":"2017-02-07T09:00:08","modified_gmt":"2017-02-07T08:00:08","slug":"vosges-une-voiture-de-pompiers-volee-et-retrouvee-calcinee-a-frain","status":"publish","type":"post","link":"https:\/\/vosgesinfo.fr\/laplainedesvosgesinfo\/2017\/02\/vosges-une-voiture-de-pompiers-volee-et-retrouvee-calcinee-a-frain\/","title":{"rendered":"Vosges &#8211; Une voiture de pompiers vol\u00e9e et retrouv\u00e9e calcin\u00e9e \u00e0 Frain"},"content":{"rendered":"<h4 style=\"text-align: justify;\"><a href=\"\/2017\/02\/16508803_1364755793599282_3360537622335625689_n.jpg\"><img decoding=\"async\" class=\"aligncenter  wp-image-84724\" src=\"\/2017\/02\/16508803_1364755793599282_3360537622335625689_n.jpg\" alt=\"16508803_1364755793599282_3360537622335625689_n\" width=\"377\" height=\"503\" \/><\/a><\/h4>\n<h4 style=\"text-align: justify;\">Au cours de la nuit du 5 au 6 f\u00e9vrier, \u00e0 Frain, un v\u00e9hicule a \u00e9t\u00e9 d\u00e9rob\u00e9 par effraction dans la caserne des sapeurs-pompiers. Il s\u2019agit d\u2019un v\u00e9hicule utilitaire de type Renault Kangoo, s\u00e9rigraphi\u00e9, de couleur rouge, immatricul\u00e9 7963 TQ 88, \u00e9quip\u00e9 d\u2019une galerie supportant une \u00e9chelle \u00e0 coulisse.<\/h4>\n<div class=\"text_exposed_show\" style=\"text-align: justify;\">\n<p>Il convient d\u2019\u00eatre tr\u00e8s vigilant face \u00e0 l\u2019utilisation de ce v\u00e9hicule par des individus mal intentionn\u00e9s qui pourraient effectuer du d\u00e9marchage ou chercher \u00e0 s\u2019introduire chez des personnes vuln\u00e9rables sous diff\u00e9rents pr\u00e9textes.<\/p>\n<\/div>\n<p style=\"text-align: justify;\">La gendarmerie des Vosges vous informe de la cessation de recherche concernant le v\u00e9hicule d\u00e9rob\u00e9. Ce dernier a \u00e9t\u00e9 d\u00e9couvert enti\u00e8rement calcin\u00e9, dans la soir\u00e9e du 6 f\u00e9vrier, par un exploitant agricole, sur un chemin communal de Frain.<\/p>\n","protected":false},"excerpt":{"rendered":"<p>Au cours de la nuit du 5 au 6 f\u00e9vrier, \u00e0 Frain, un v\u00e9hicule a \u00e9t\u00e9 d\u00e9rob\u00e9 par effraction dans [&hellip;]<\/p>\n","protected":false},"author":1,"featured_media":332,"comment_status":"open","ping_status":"open","sticky":false,"template":"","format":"standard","meta":{"footnotes":""},"categories":[29,8,37],"tags":[3423,963,3424,464],"class_list":["post-9664","post","type-post","status-publish","format-standard","has-post-thumbnail","hentry","category-a-la-une","category-faits-divers","category-la-plaine","tag-frain","tag-sapeurs-pompiers","tag-vehicule-brule","tag-vol"],"acf":[],"yoast_head":"<!-- This site is optimized with the Yoast SEO plugin v22.5 - https:\/\/yoast.com\/wordpress\/plugins\/seo\/ -->\n<title>Vosges - Une voiture de pompiers vol\u00e9e et retrouv\u00e9e calcin\u00e9e \u00e0 Frain - La Plaine des Vosges<\/title>\n<meta name=\"robots\" content=\"index, follow, max-snippet:-1, max-image-preview:large, max-video-preview:-1\" \/>\n<link rel=\"canonical\" href=\"https:\/\/vosgesinfo.fr\/laplainedesvosgesinfo\/2017\/02\/vosges-une-voiture-de-pompiers-volee-et-retrouvee-calcinee-a-frain\/\" \/>\n<meta name=\"twitter:card\" content=\"summary_large_image\" \/>\n<meta name=\"twitter:title\" content=\"Vosges - Une voiture de pompiers vol\u00e9e et retrouv\u00e9e calcin\u00e9e \u00e0 Frain - La Plaine des Vosges\" \/>\n<meta name=\"twitter:description\" content=\"Au cours de la nuit du 5 au 6 f\u00e9vrier, \u00e0 Frain, un v\u00e9hicule a \u00e9t\u00e9 d\u00e9rob\u00e9 par effraction dans [&hellip;]\" \/>\n<meta name=\"twitter:image\" content=\"https:\/\/vosgesinfo.fr\/app\/uploads\/sites\/2\/2021\/09\/pompiers.jpg\" \/>\n<meta name=\"twitter:creator\" content=\"@VosgesInfo88\" \/>\n<meta name=\"twitter:site\" content=\"@VosgesInfo88\" \/>\n<meta name=\"twitter:label1\" content=\"\u00c9crit par\" \/>\n\t<meta name=\"twitter:data1\" content=\"qs_admin\" \/>\n\t<meta name=\"twitter:label2\" content=\"Dur\u00e9e de lecture estim\u00e9e\" \/>\n\t<meta name=\"twitter:data2\" content=\"1 minute\" \/>\n<script type=\"application\/ld+json\" class=\"yoast-schema-graph\">{\"@context\":\"https:\/\/schema.org\",\"@graph\":[{\"@type\":\"Article\",\"@id\":\"https:\/\/vosgesinfo.fr\/laplainedesvosgesinfo\/2017\/02\/vosges-une-voiture-de-pompiers-volee-et-retrouvee-calcinee-a-frain\/#article\",\"isPartOf\":{\"@id\":\"https:\/\/vosgesinfo.fr\/laplainedesvosgesinfo\/2017\/02\/vosges-une-voiture-de-pompiers-volee-et-retrouvee-calcinee-a-frain\/\"},\"author\":{\"name\":\"qs_admin\",\"@id\":\"https:\/\/vosgesinfo.fr\/laplainedesvosgesinfo\/#\/schema\/person\/bc5d02d71e6932e81b6dadb7386667b1\"},\"headline\":\"Vosges &#8211; Une voiture de pompiers vol\u00e9e et retrouv\u00e9e calcin\u00e9e \u00e0 Frain\",\"datePublished\":\"2017-02-07T08:00:08+00:00\",\"dateModified\":\"2017-02-07T08:00:08+00:00\",\"mainEntityOfPage\":{\"@id\":\"https:\/\/vosgesinfo.fr\/laplainedesvosgesinfo\/2017\/02\/vosges-une-voiture-de-pompiers-volee-et-retrouvee-calcinee-a-frain\/\"},\"wordCount\":148,\"commentCount\":0,\"publisher\":{\"@id\":\"https:\/\/vosgesinfo.fr\/laplainedesvosgesinfo\/#organization\"},\"image\":{\"@id\":\"https:\/\/vosgesinfo.fr\/laplainedesvosgesinfo\/2017\/02\/vosges-une-voiture-de-pompiers-volee-et-retrouvee-calcinee-a-frain\/#primaryimage\"},\"thumbnailUrl\":\"https:\/\/vosgesinfo.fr\/app\/uploads\/sites\/2\/2021\/09\/pompiers.jpg\",\"keywords\":[\"Frain\",\"sapeurs-pompiers\",\"v\u00e9hicule brul\u00e9\",\"vol\"],\"articleSection\":[\"A la Une\",\"Faits-divers\",\"La Plaine\"],\"inLanguage\":\"fr-FR\",\"potentialAction\":[{\"@type\":\"CommentAction\",\"name\":\"Comment\",\"target\":[\"https:\/\/vosgesinfo.fr\/laplainedesvosgesinfo\/2017\/02\/vosges-une-voiture-de-pompiers-volee-et-retrouvee-calcinee-a-frain\/#respond\"]}]},{\"@type\":\"WebPage\",\"@id\":\"https:\/\/vosgesinfo.fr\/laplainedesvosgesinfo\/2017\/02\/vosges-une-voiture-de-pompiers-volee-et-retrouvee-calcinee-a-frain\/\",\"url\":\"https:\/\/vosgesinfo.fr\/laplainedesvosgesinfo\/2017\/02\/vosges-une-voiture-de-pompiers-volee-et-retrouvee-calcinee-a-frain\/\",\"name\":\"Vosges - Une voiture de pompiers vol\u00e9e et retrouv\u00e9e calcin\u00e9e \u00e0 Frain - La Plaine des Vosges\",\"isPartOf\":{\"@id\":\"https:\/\/vosgesinfo.fr\/laplainedesvosgesinfo\/#website\"},\"primaryImageOfPage\":{\"@id\":\"https:\/\/vosgesinfo.fr\/laplainedesvosgesinfo\/2017\/02\/vosges-une-voiture-de-pompiers-volee-et-retrouvee-calcinee-a-frain\/#primaryimage\"},\"image\":{\"@id\":\"https:\/\/vosgesinfo.fr\/laplainedesvosgesinfo\/2017\/02\/vosges-une-voiture-de-pompiers-volee-et-retrouvee-calcinee-a-frain\/#primaryimage\"},\"thumbnailUrl\":\"https:\/\/vosgesinfo.fr\/app\/uploads\/sites\/2\/2021\/09\/pompiers.jpg\",\"datePublished\":\"2017-02-07T08:00:08+00:00\",\"dateModified\":\"2017-02-07T08:00:08+00:00\",\"breadcrumb\":{\"@id\":\"https:\/\/vosgesinfo.fr\/laplainedesvosgesinfo\/2017\/02\/vosges-une-voiture-de-pompiers-volee-et-retrouvee-calcinee-a-frain\/#breadcrumb\"},\"inLanguage\":\"fr-FR\",\"potentialAction\":[{\"@type\":\"ReadAction\",\"target\":[\"https:\/\/vosgesinfo.fr\/laplainedesvosgesinfo\/2017\/02\/vosges-une-voiture-de-pompiers-volee-et-retrouvee-calcinee-a-frain\/\"]}]},{\"@type\":\"ImageObject\",\"inLanguage\":\"fr-FR\",\"@id\":\"https:\/\/vosgesinfo.fr\/laplainedesvosgesinfo\/2017\/02\/vosges-une-voiture-de-pompiers-volee-et-retrouvee-calcinee-a-frain\/#primaryimage\",\"url\":\"https:\/\/vosgesinfo.fr\/app\/uploads\/sites\/2\/2021\/09\/pompiers.jpg\",\"contentUrl\":\"https:\/\/vosgesinfo.fr\/app\/uploads\/sites\/2\/2021\/09\/pompiers.jpg\",\"width\":800,\"height\":533},{\"@type\":\"BreadcrumbList\",\"@id\":\"https:\/\/vosgesinfo.fr\/laplainedesvosgesinfo\/2017\/02\/vosges-une-voiture-de-pompiers-volee-et-retrouvee-calcinee-a-frain\/#breadcrumb\",\"itemListElement\":[{\"@type\":\"ListItem\",\"position\":1,\"name\":\"Home\",\"item\":\"https:\/\/vosgesinfo.fr\/laplainedesvosgesinfo\/\"},{\"@type\":\"ListItem\",\"position\":2,\"name\":\"Vosges &#8211; Une voiture de pompiers vol\u00e9e et retrouv\u00e9e calcin\u00e9e \u00e0 Frain\"}]},{\"@type\":\"WebSite\",\"@id\":\"https:\/\/vosgesinfo.fr\/laplainedesvosgesinfo\/#website\",\"url\":\"https:\/\/vosgesinfo.fr\/laplainedesvosgesinfo\/\",\"name\":\"La Plaine des Vosges\",\"description\":\"Toute l&#039;actualit\u00e9 de la plaine de Vosges\",\"publisher\":{\"@id\":\"https:\/\/vosgesinfo.fr\/laplainedesvosgesinfo\/#organization\"},\"alternateName\":\"Toute l'actualit\u00e9 de la plaine des Vosges\",\"potentialAction\":[{\"@type\":\"SearchAction\",\"target\":{\"@type\":\"EntryPoint\",\"urlTemplate\":\"https:\/\/vosgesinfo.fr\/laplainedesvosgesinfo\/?s={search_term_string}\"},\"query-input\":\"required name=search_term_string\"}],\"inLanguage\":\"fr-FR\"},{\"@type\":\"Organization\",\"@id\":\"https:\/\/vosgesinfo.fr\/laplainedesvosgesinfo\/#organization\",\"name\":\"La Plaine des Vosges\",\"url\":\"https:\/\/vosgesinfo.fr\/laplainedesvosgesinfo\/\",\"logo\":{\"@type\":\"ImageObject\",\"inLanguage\":\"fr-FR\",\"@id\":\"https:\/\/vosgesinfo.fr\/laplainedesvosgesinfo\/#\/schema\/logo\/image\/\",\"url\":\"https:\/\/vosgesinfo.fr\/app\/uploads\/sites\/2\/2023\/08\/logo-laplaineinfo.svg\",\"contentUrl\":\"https:\/\/vosgesinfo.fr\/app\/uploads\/sites\/2\/2023\/08\/logo-laplaineinfo.svg\",\"width\":1,\"height\":1,\"caption\":\"La Plaine des Vosges\"},\"image\":{\"@id\":\"https:\/\/vosgesinfo.fr\/laplainedesvosgesinfo\/#\/schema\/logo\/image\/\"},\"sameAs\":[\"https:\/\/www.facebook.com\/laplainedesvosges\",\"https:\/\/x.com\/VosgesInfo88\",\"https:\/\/www.youtube.com\/@vosgesinfo\"]},{\"@type\":\"Person\",\"@id\":\"https:\/\/vosgesinfo.fr\/laplainedesvosgesinfo\/#\/schema\/person\/bc5d02d71e6932e81b6dadb7386667b1\",\"name\":\"qs_admin\",\"image\":{\"@type\":\"ImageObject\",\"inLanguage\":\"fr-FR\",\"@id\":\"https:\/\/vosgesinfo.fr\/laplainedesvosgesinfo\/#\/schema\/person\/image\/\",\"url\":\"https:\/\/secure.gravatar.com\/avatar\/94b18ee0ed79e4a42ea2f2931277b6841a8999fc6fde214600c78057cf1fe1de?s=96&d=mm&r=g\",\"contentUrl\":\"https:\/\/secure.gravatar.com\/avatar\/94b18ee0ed79e4a42ea2f2931277b6841a8999fc6fde214600c78057cf1fe1de?s=96&d=mm&r=g\",\"caption\":\"qs_admin\"},\"sameAs\":[\"https:\/\/vosgesinfo.fr\/wp\"],\"url\":\"https:\/\/vosgesinfo.fr\/laplainedesvosgesinfo\/author\/qs_admin\/\"}]}<\/script>\n<!-- \/ Yoast SEO plugin. -->","yoast_head_json":{"title":"Vosges - Une voiture de pompiers vol\u00e9e et retrouv\u00e9e calcin\u00e9e \u00e0 Frain - La Plaine des Vosges","robots":{"index":"index","follow":"follow","max-snippet":"max-snippet:-1","max-image-preview":"max-image-preview:large","max-video-preview":"max-video-preview:-1"},"canonical":"https:\/\/vosgesinfo.fr\/laplainedesvosgesinfo\/2017\/02\/vosges-une-voiture-de-pompiers-volee-et-retrouvee-calcinee-a-frain\/","twitter_card":"summary_large_image","twitter_title":"Vosges - Une voiture de pompiers vol\u00e9e et retrouv\u00e9e calcin\u00e9e \u00e0 Frain - La Plaine des Vosges","twitter_description":"Au cours de la nuit du 5 au 6 f\u00e9vrier, \u00e0 Frain, un v\u00e9hicule a \u00e9t\u00e9 d\u00e9rob\u00e9 par effraction dans [&hellip;]","twitter_image":"https:\/\/vosgesinfo.fr\/app\/uploads\/sites\/2\/2021\/09\/pompiers.jpg","twitter_creator":"@VosgesInfo88","twitter_site":"@VosgesInfo88","twitter_misc":{"\u00c9crit par":"qs_admin","Dur\u00e9e de lecture estim\u00e9e":"1 minute"},"schema":{"@context":"https:\/\/schema.org","@graph":[{"@type":"Article","@id":"https:\/\/vosgesinfo.fr\/laplainedesvosgesinfo\/2017\/02\/vosges-une-voiture-de-pompiers-volee-et-retrouvee-calcinee-a-frain\/#article","isPartOf":{"@id":"https:\/\/vosgesinfo.fr\/laplainedesvosgesinfo\/2017\/02\/vosges-une-voiture-de-pompiers-volee-et-retrouvee-calcinee-a-frain\/"},"author":{"name":"qs_admin","@id":"https:\/\/vosgesinfo.fr\/laplainedesvosgesinfo\/#\/schema\/person\/bc5d02d71e6932e81b6dadb7386667b1"},"headline":"Vosges &#8211; Une voiture de pompiers vol\u00e9e et retrouv\u00e9e calcin\u00e9e \u00e0 Frain","datePublished":"2017-02-07T08:00:08+00:00","dateModified":"2017-02-07T08:00:08+00:00","mainEntityOfPage":{"@id":"https:\/\/vosgesinfo.fr\/laplainedesvosgesinfo\/2017\/02\/vosges-une-voiture-de-pompiers-volee-et-retrouvee-calcinee-a-frain\/"},"wordCount":148,"commentCount":0,"publisher":{"@id":"https:\/\/vosgesinfo.fr\/laplainedesvosgesinfo\/#organization"},"image":{"@id":"https:\/\/vosgesinfo.fr\/laplainedesvosgesinfo\/2017\/02\/vosges-une-voiture-de-pompiers-volee-et-retrouvee-calcinee-a-frain\/#primaryimage"},"thumbnailUrl":"https:\/\/vosgesinfo.fr\/app\/uploads\/sites\/2\/2021\/09\/pompiers.jpg","keywords":["Frain","sapeurs-pompiers","v\u00e9hicule brul\u00e9","vol"],"articleSection":["A la Une","Faits-divers","La Plaine"],"inLanguage":"fr-FR","potentialAction":[{"@type":"CommentAction","name":"Comment","target":["https:\/\/vosgesinfo.fr\/laplainedesvosgesinfo\/2017\/02\/vosges-une-voiture-de-pompiers-volee-et-retrouvee-calcinee-a-frain\/#respond"]}]},{"@type":"WebPage","@id":"https:\/\/vosgesinfo.fr\/laplainedesvosgesinfo\/2017\/02\/vosges-une-voiture-de-pompiers-volee-et-retrouvee-calcinee-a-frain\/","url":"https:\/\/vosgesinfo.fr\/laplainedesvosgesinfo\/2017\/02\/vosges-une-voiture-de-pompiers-volee-et-retrouvee-calcinee-a-frain\/","name":"Vosges - Une voiture de pompiers vol\u00e9e et retrouv\u00e9e calcin\u00e9e \u00e0 Frain - La Plaine des Vosges","isPartOf":{"@id":"https:\/\/vosgesinfo.fr\/laplainedesvosgesinfo\/#website"},"primaryImageOfPage":{"@id":"https:\/\/vosgesinfo.fr\/laplainedesvosgesinfo\/2017\/02\/vosges-une-voiture-de-pompiers-volee-et-retrouvee-calcinee-a-frain\/#primaryimage"},"image":{"@id":"https:\/\/vosgesinfo.fr\/laplainedesvosgesinfo\/2017\/02\/vosges-une-voiture-de-pompiers-volee-et-retrouvee-calcinee-a-frain\/#primaryimage"},"thumbnailUrl":"https:\/\/vosgesinfo.fr\/app\/uploads\/sites\/2\/2021\/09\/pompiers.jpg","datePublished":"2017-02-07T08:00:08+00:00","dateModified":"2017-02-07T08:00:08+00:00","breadcrumb":{"@id":"https:\/\/vosgesinfo.fr\/laplainedesvosgesinfo\/2017\/02\/vosges-une-voiture-de-pompiers-volee-et-retrouvee-calcinee-a-frain\/#breadcrumb"},"inLanguage":"fr-FR","potentialAction":[{"@type":"ReadAction","target":["https:\/\/vosgesinfo.fr\/laplainedesvosgesinfo\/2017\/02\/vosges-une-voiture-de-pompiers-volee-et-retrouvee-calcinee-a-frain\/"]}]},{"@type":"ImageObject","inLanguage":"fr-FR","@id":"https:\/\/vosgesinfo.fr\/laplainedesvosgesinfo\/2017\/02\/vosges-une-voiture-de-pompiers-volee-et-retrouvee-calcinee-a-frain\/#primaryimage","url":"https:\/\/vosgesinfo.fr\/app\/uploads\/sites\/2\/2021\/09\/pompiers.jpg","contentUrl":"https:\/\/vosgesinfo.fr\/app\/uploads\/sites\/2\/2021\/09\/pompiers.jpg","width":800,"height":533},{"@type":"BreadcrumbList","@id":"https:\/\/vosgesinfo.fr\/laplainedesvosgesinfo\/2017\/02\/vosges-une-voiture-de-pompiers-volee-et-retrouvee-calcinee-a-frain\/#breadcrumb","itemListElement":[{"@type":"ListItem","position":1,"name":"Home","item":"https:\/\/vosgesinfo.fr\/laplainedesvosgesinfo\/"},{"@type":"ListItem","position":2,"name":"Vosges &#8211; Une voiture de pompiers vol\u00e9e et retrouv\u00e9e calcin\u00e9e \u00e0 Frain"}]},{"@type":"WebSite","@id":"https:\/\/vosgesinfo.fr\/laplainedesvosgesinfo\/#website","url":"https:\/\/vosgesinfo.fr\/laplainedesvosgesinfo\/","name":"La Plaine des Vosges","description":"Toute l&#039;actualit\u00e9 de la plaine de Vosges","publisher":{"@id":"https:\/\/vosgesinfo.fr\/laplainedesvosgesinfo\/#organization"},"alternateName":"Toute l'actualit\u00e9 de la plaine des Vosges","potentialAction":[{"@type":"SearchAction","target":{"@type":"EntryPoint","urlTemplate":"https:\/\/vosgesinfo.fr\/laplainedesvosgesinfo\/?s={search_term_string}"},"query-input":"required name=search_term_string"}],"inLanguage":"fr-FR"},{"@type":"Organization","@id":"https:\/\/vosgesinfo.fr\/laplainedesvosgesinfo\/#organization","name":"La Plaine des Vosges","url":"https:\/\/vosgesinfo.fr\/laplainedesvosgesinfo\/","logo":{"@type":"ImageObject","inLanguage":"fr-FR","@id":"https:\/\/vosgesinfo.fr\/laplainedesvosgesinfo\/#\/schema\/logo\/image\/","url":"https:\/\/vosgesinfo.fr\/app\/uploads\/sites\/2\/2023\/08\/logo-laplaineinfo.svg","contentUrl":"https:\/\/vosgesinfo.fr\/app\/uploads\/sites\/2\/2023\/08\/logo-laplaineinfo.svg","width":1,"height":1,"caption":"La Plaine des Vosges"},"image":{"@id":"https:\/\/vosgesinfo.fr\/laplainedesvosgesinfo\/#\/schema\/logo\/image\/"},"sameAs":["https:\/\/www.facebook.com\/laplainedesvosges","https:\/\/x.com\/VosgesInfo88","https:\/\/www.youtube.com\/@vosgesinfo"]},{"@type":"Person","@id":"https:\/\/vosgesinfo.fr\/laplainedesvosgesinfo\/#\/schema\/person\/bc5d02d71e6932e81b6dadb7386667b1","name":"qs_admin","image":{"@type":"ImageObject","inLanguage":"fr-FR","@id":"https:\/\/vosgesinfo.fr\/laplainedesvosgesinfo\/#\/schema\/person\/image\/","url":"https:\/\/secure.gravatar.com\/avatar\/94b18ee0ed79e4a42ea2f2931277b6841a8999fc6fde214600c78057cf1fe1de?s=96&d=mm&r=g","contentUrl":"https:\/\/secure.gravatar.com\/avatar\/94b18ee0ed79e4a42ea2f2931277b6841a8999fc6fde214600c78057cf1fe1de?s=96&d=mm&r=g","caption":"qs_admin"},"sameAs":["https:\/\/vosgesinfo.fr\/wp"],"url":"https:\/\/vosgesinfo.fr\/laplainedesvosgesinfo\/author\/qs_admin\/"}]}},"_links":{"self":[{"href":"https:\/\/vosgesinfo.fr\/laplainedesvosgesinfo\/wp-json\/wp\/v2\/posts\/9664","targetHints":{"allow":["GET"]}}],"collection":[{"href":"https:\/\/vosgesinfo.fr\/laplainedesvosgesinfo\/wp-json\/wp\/v2\/posts"}],"about":[{"href":"https:\/\/vosgesinfo.fr\/laplainedesvosgesinfo\/wp-json\/wp\/v2\/types\/post"}],"author":[{"embeddable":true,"href":"https:\/\/vosgesinfo.fr\/laplainedesvosgesinfo\/wp-json\/wp\/v2\/users\/1"}],"replies":[{"embeddable":true,"href":"https:\/\/vosgesinfo.fr\/laplainedesvosgesinfo\/wp-json\/wp\/v2\/comments?post=9664"}],"version-history":[{"count":0,"href":"https:\/\/vosgesinfo.fr\/laplainedesvosgesinfo\/wp-json\/wp\/v2\/posts\/9664\/revisions"}],"wp:featuredmedia":[{"embeddable":true,"href":"https:\/\/vosgesinfo.fr\/laplainedesvosgesinfo\/wp-json\/wp\/v2\/media\/332"}],"wp:attachment":[{"href":"https:\/\/vosgesinfo.fr\/laplainedesvosgesinfo\/wp-json\/wp\/v2\/media?parent=9664"}],"wp:term":[{"taxonomy":"category","embeddable":true,"href":"https:\/\/vosgesinfo.fr\/laplainedesvosgesinfo\/wp-json\/wp\/v2\/categories?post=9664"},{"taxonomy":"post_tag","embeddable":true,"href":"https:\/\/vosgesinfo.fr\/laplainedesvosgesinfo\/wp-json\/wp\/v2\/tags?post=9664"}],"curies":[{"name":"wp","href":"https:\/\/api.w.org\/{rel}","templated":true}]}}