{"id":9674,"date":"2017-02-07T15:58:17","date_gmt":"2017-02-07T14:58:17","guid":{"rendered":"https:\/\/vosgesinfo.fr\/laplainedesvosgesinfo\/2017\/02\/vittel-la-25eme-edition-du-carnaval-aura-lieu-les-11-et-12-mars\/"},"modified":"2017-02-07T15:58:17","modified_gmt":"2017-02-07T14:58:17","slug":"vittel-la-25eme-edition-du-carnaval-aura-lieu-les-11-et-12-mars","status":"publish","type":"post","link":"https:\/\/vosgesinfo.fr\/laplainedesvosgesinfo\/2017\/02\/vittel-la-25eme-edition-du-carnaval-aura-lieu-les-11-et-12-mars\/","title":{"rendered":"Vittel &#8211; La 25\u00e8me \u00e9dition du Carnaval aura lieu les 11 et 12 mars !"},"content":{"rendered":"\n<h4 style=\"text-align: justify;\">Le carnaval de Vittel, qui f\u00eate ses 25 ans cette ann\u00e9e est un \u00e9v\u00e8nement tr\u00e8s attendu par tous ! A un mois des festivit\u00e9s, la nouvelle \u00e9dition sur le th\u00e8me des Superstitions, se pr\u00e9pare d\u00e9j\u00e0 en coulisses.<\/h4>\n<p style=\"text-align: justify;\">Tous les participants peaufinent les derniers pr\u00e9paratifs, les costumes, les chor\u00e9graphies et les chars. Avec plus de 20 000 spectateurs, le carnaval vittellois sait allier investissement des groupes locaux, grandes musiques carnavalesques \u00e9trang\u00e8res et habitants du territoire.<\/p>\n<p style=\"text-align: justify;\">Pour cette 25\u00e8me \u00e9dition, un grand corso carnavalesque attend les spectateurs ! Chats noirs, attrapes r\u00eaves et toutes sortes de superstitions seront au rendez-vous. Apr\u00e8s deux r\u00e9unions de pr\u00e9paration, les b\u00e9n\u00e9voles et organisateurs du carnaval se r\u00e9uniront une derni\u00e8re fois quelques jours avant les festivit\u00e9s.<\/p>\n<p style=\"text-align: justify;\">Retrouvez le programme complet ci-dessous :<\/p>\n<p style=\"text-align: justify;\"><strong><span style=\"font-size: 14pt;\">Samedi 11 mars :<\/span><\/strong><\/p>\n<ul>\n<li style=\"text-align: justify;\">D\u00e8s 16h30 : Carnaval des enfants l&rsquo;apr\u00e8s-midi \u2013 Place de la Marne \u2013 d\u00e9fil\u00e9 en centre-ville<\/li>\n<\/ul>\n<p style=\"text-align: justify;\">D\u00e9monstration de zumba kids au d\u00e9but et \u00e0 l&rsquo;arriv\u00e9e<\/p>\n<p style=\"text-align: justify;\">Go\u00fbter \u00e0 l\u2019issue du d\u00e9fil\u00e9 sous le pr\u00e9au du groupe scolaire du centre<\/p>\n<p style=\"text-align: justify;\">Musiques en attente<\/p>\n<ul>\n<li style=\"text-align: justify;\">21h : Bal du carnaval\u00a0: salle du moulin<\/li>\n<\/ul>\n<p style=\"text-align: justify;\">L\u2019association \u00ab\u00a0Les Temps-Bourrins\u00a0\u00bb organisera la soir\u00e9e \u00e0 la salle du moulin.<\/p>\n<p style=\"text-align: justify;\">Concours de costumes<\/p>\n<p style=\"text-align: justify;\">Entr\u00e9e : 2\u20ac &#8211; Gratuit pour les costum\u00e9s et les moins de 12 ans<\/p>\n<p style=\"text-align: justify;\">Un repas Choucroute est \u00e9galement organis\u00e9, \u00e0 19h \u2013 Uniquement sur r\u00e9servation \u2013 Adulte : 15\u20ac \/ Enfant : 8\u20ac. R\u00e9servation possible jusqu&rsquo;au 5 mars \u00e0 la Maison des associations et \u00e0 l&rsquo;office de tourisme.<\/p>\n<p style=\"text-align: justify;\"><strong><span style=\"font-size: 14pt;\">Dimanche 12 mars :<\/span><\/strong><\/p>\n<ul>\n<li style=\"text-align: justify;\">11h15\u00a0: Parc de Badenweiler \u2013 Aubades avec les musiques carnavalesques<\/li>\n<li style=\"text-align: justify;\">15h00\u00a0: Place de la Marne \u2013 Inauguration Officielle \u2013 D\u00e9fil\u00e9 dans le centre-ville<\/li>\n<\/ul>\n","protected":false},"excerpt":{"rendered":"<p>Le carnaval de Vittel, qui f\u00eate ses 25 ans cette ann\u00e9e est un \u00e9v\u00e8nement tr\u00e8s attendu par tous ! A [&hellip;]<\/p>\n","protected":false},"author":1,"featured_media":9675,"comment_status":"open","ping_status":"open","sticky":false,"template":"","format":"standard","meta":{"footnotes":""},"categories":[29,37,38],"tags":[494,3075,77],"class_list":["post-9674","post","type-post","status-publish","format-standard","has-post-thumbnail","hentry","category-a-la-une","category-la-plaine","category-vittel-la-plaine","tag-carnaval","tag-corso-carnavalesque","tag-vittel"],"acf":[],"yoast_head":"<!-- This site is optimized with the Yoast SEO plugin v22.5 - https:\/\/yoast.com\/wordpress\/plugins\/seo\/ -->\n<title>Vittel - La 25\u00e8me \u00e9dition du Carnaval aura lieu les 11 et 12 mars ! - La Plaine des Vosges<\/title>\n<meta name=\"robots\" content=\"index, follow, max-snippet:-1, max-image-preview:large, max-video-preview:-1\" \/>\n<link rel=\"canonical\" href=\"https:\/\/vosgesinfo.fr\/laplainedesvosgesinfo\/2017\/02\/vittel-la-25eme-edition-du-carnaval-aura-lieu-les-11-et-12-mars\/\" \/>\n<meta name=\"twitter:card\" content=\"summary_large_image\" \/>\n<meta name=\"twitter:title\" content=\"Vittel - La 25\u00e8me \u00e9dition du Carnaval aura lieu les 11 et 12 mars ! - La Plaine des Vosges\" \/>\n<meta name=\"twitter:description\" content=\"Le carnaval de Vittel, qui f\u00eate ses 25 ans cette ann\u00e9e est un \u00e9v\u00e8nement tr\u00e8s attendu par tous ! A [&hellip;]\" \/>\n<meta name=\"twitter:image\" content=\"https:\/\/vosgesinfo.fr\/app\/uploads\/sites\/2\/2024\/06\/201702corso-16-min.jpg\" \/>\n<meta name=\"twitter:creator\" content=\"@VosgesInfo88\" \/>\n<meta name=\"twitter:site\" content=\"@VosgesInfo88\" \/>\n<meta name=\"twitter:label1\" content=\"\u00c9crit par\" \/>\n\t<meta name=\"twitter:data1\" content=\"qs_admin\" \/>\n\t<meta name=\"twitter:label2\" content=\"Dur\u00e9e de lecture estim\u00e9e\" \/>\n\t<meta name=\"twitter:data2\" content=\"1 minute\" \/>\n<script type=\"application\/ld+json\" class=\"yoast-schema-graph\">{\"@context\":\"https:\/\/schema.org\",\"@graph\":[{\"@type\":\"Article\",\"@id\":\"https:\/\/vosgesinfo.fr\/laplainedesvosgesinfo\/2017\/02\/vittel-la-25eme-edition-du-carnaval-aura-lieu-les-11-et-12-mars\/#article\",\"isPartOf\":{\"@id\":\"https:\/\/vosgesinfo.fr\/laplainedesvosgesinfo\/2017\/02\/vittel-la-25eme-edition-du-carnaval-aura-lieu-les-11-et-12-mars\/\"},\"author\":{\"name\":\"qs_admin\",\"@id\":\"https:\/\/vosgesinfo.fr\/laplainedesvosgesinfo\/#\/schema\/person\/bc5d02d71e6932e81b6dadb7386667b1\"},\"headline\":\"Vittel &#8211; La 25\u00e8me \u00e9dition du Carnaval aura lieu les 11 et 12 mars !\",\"datePublished\":\"2017-02-07T14:58:17+00:00\",\"dateModified\":\"2017-02-07T14:58:17+00:00\",\"mainEntityOfPage\":{\"@id\":\"https:\/\/vosgesinfo.fr\/laplainedesvosgesinfo\/2017\/02\/vittel-la-25eme-edition-du-carnaval-aura-lieu-les-11-et-12-mars\/\"},\"wordCount\":295,\"commentCount\":0,\"publisher\":{\"@id\":\"https:\/\/vosgesinfo.fr\/laplainedesvosgesinfo\/#organization\"},\"image\":{\"@id\":\"https:\/\/vosgesinfo.fr\/laplainedesvosgesinfo\/2017\/02\/vittel-la-25eme-edition-du-carnaval-aura-lieu-les-11-et-12-mars\/#primaryimage\"},\"thumbnailUrl\":\"https:\/\/vosgesinfo.fr\/app\/uploads\/sites\/2\/2024\/06\/201702corso-16-min.jpg\",\"keywords\":[\"carnaval\",\"corso carnavalesque\",\"Vittel\"],\"articleSection\":[\"A la Une\",\"La Plaine\",\"Vittel\"],\"inLanguage\":\"fr-FR\",\"potentialAction\":[{\"@type\":\"CommentAction\",\"name\":\"Comment\",\"target\":[\"https:\/\/vosgesinfo.fr\/laplainedesvosgesinfo\/2017\/02\/vittel-la-25eme-edition-du-carnaval-aura-lieu-les-11-et-12-mars\/#respond\"]}]},{\"@type\":\"WebPage\",\"@id\":\"https:\/\/vosgesinfo.fr\/laplainedesvosgesinfo\/2017\/02\/vittel-la-25eme-edition-du-carnaval-aura-lieu-les-11-et-12-mars\/\",\"url\":\"https:\/\/vosgesinfo.fr\/laplainedesvosgesinfo\/2017\/02\/vittel-la-25eme-edition-du-carnaval-aura-lieu-les-11-et-12-mars\/\",\"name\":\"Vittel - La 25\u00e8me \u00e9dition du Carnaval aura lieu les 11 et 12 mars ! - La Plaine des Vosges\",\"isPartOf\":{\"@id\":\"https:\/\/vosgesinfo.fr\/laplainedesvosgesinfo\/#website\"},\"primaryImageOfPage\":{\"@id\":\"https:\/\/vosgesinfo.fr\/laplainedesvosgesinfo\/2017\/02\/vittel-la-25eme-edition-du-carnaval-aura-lieu-les-11-et-12-mars\/#primaryimage\"},\"image\":{\"@id\":\"https:\/\/vosgesinfo.fr\/laplainedesvosgesinfo\/2017\/02\/vittel-la-25eme-edition-du-carnaval-aura-lieu-les-11-et-12-mars\/#primaryimage\"},\"thumbnailUrl\":\"https:\/\/vosgesinfo.fr\/app\/uploads\/sites\/2\/2024\/06\/201702corso-16-min.jpg\",\"datePublished\":\"2017-02-07T14:58:17+00:00\",\"dateModified\":\"2017-02-07T14:58:17+00:00\",\"breadcrumb\":{\"@id\":\"https:\/\/vosgesinfo.fr\/laplainedesvosgesinfo\/2017\/02\/vittel-la-25eme-edition-du-carnaval-aura-lieu-les-11-et-12-mars\/#breadcrumb\"},\"inLanguage\":\"fr-FR\",\"potentialAction\":[{\"@type\":\"ReadAction\",\"target\":[\"https:\/\/vosgesinfo.fr\/laplainedesvosgesinfo\/2017\/02\/vittel-la-25eme-edition-du-carnaval-aura-lieu-les-11-et-12-mars\/\"]}]},{\"@type\":\"ImageObject\",\"inLanguage\":\"fr-FR\",\"@id\":\"https:\/\/vosgesinfo.fr\/laplainedesvosgesinfo\/2017\/02\/vittel-la-25eme-edition-du-carnaval-aura-lieu-les-11-et-12-mars\/#primaryimage\",\"url\":\"https:\/\/vosgesinfo.fr\/app\/uploads\/sites\/2\/2024\/06\/201702corso-16-min.jpg\",\"contentUrl\":\"https:\/\/vosgesinfo.fr\/app\/uploads\/sites\/2\/2024\/06\/201702corso-16-min.jpg\",\"width\":800,\"height\":533},{\"@type\":\"BreadcrumbList\",\"@id\":\"https:\/\/vosgesinfo.fr\/laplainedesvosgesinfo\/2017\/02\/vittel-la-25eme-edition-du-carnaval-aura-lieu-les-11-et-12-mars\/#breadcrumb\",\"itemListElement\":[{\"@type\":\"ListItem\",\"position\":1,\"name\":\"Home\",\"item\":\"https:\/\/vosgesinfo.fr\/laplainedesvosgesinfo\/\"},{\"@type\":\"ListItem\",\"position\":2,\"name\":\"Vittel &#8211; La 25\u00e8me \u00e9dition du Carnaval aura lieu les 11 et 12 mars !\"}]},{\"@type\":\"WebSite\",\"@id\":\"https:\/\/vosgesinfo.fr\/laplainedesvosgesinfo\/#website\",\"url\":\"https:\/\/vosgesinfo.fr\/laplainedesvosgesinfo\/\",\"name\":\"La Plaine des Vosges\",\"description\":\"Toute l&#039;actualit\u00e9 de la plaine de Vosges\",\"publisher\":{\"@id\":\"https:\/\/vosgesinfo.fr\/laplainedesvosgesinfo\/#organization\"},\"alternateName\":\"Toute l'actualit\u00e9 de la plaine des Vosges\",\"potentialAction\":[{\"@type\":\"SearchAction\",\"target\":{\"@type\":\"EntryPoint\",\"urlTemplate\":\"https:\/\/vosgesinfo.fr\/laplainedesvosgesinfo\/?s={search_term_string}\"},\"query-input\":\"required name=search_term_string\"}],\"inLanguage\":\"fr-FR\"},{\"@type\":\"Organization\",\"@id\":\"https:\/\/vosgesinfo.fr\/laplainedesvosgesinfo\/#organization\",\"name\":\"La Plaine des Vosges\",\"url\":\"https:\/\/vosgesinfo.fr\/laplainedesvosgesinfo\/\",\"logo\":{\"@type\":\"ImageObject\",\"inLanguage\":\"fr-FR\",\"@id\":\"https:\/\/vosgesinfo.fr\/laplainedesvosgesinfo\/#\/schema\/logo\/image\/\",\"url\":\"https:\/\/vosgesinfo.fr\/app\/uploads\/sites\/2\/2023\/08\/logo-laplaineinfo.svg\",\"contentUrl\":\"https:\/\/vosgesinfo.fr\/app\/uploads\/sites\/2\/2023\/08\/logo-laplaineinfo.svg\",\"width\":1,\"height\":1,\"caption\":\"La Plaine des Vosges\"},\"image\":{\"@id\":\"https:\/\/vosgesinfo.fr\/laplainedesvosgesinfo\/#\/schema\/logo\/image\/\"},\"sameAs\":[\"https:\/\/www.facebook.com\/laplainedesvosges\",\"https:\/\/x.com\/VosgesInfo88\",\"https:\/\/www.youtube.com\/@vosgesinfo\"]},{\"@type\":\"Person\",\"@id\":\"https:\/\/vosgesinfo.fr\/laplainedesvosgesinfo\/#\/schema\/person\/bc5d02d71e6932e81b6dadb7386667b1\",\"name\":\"qs_admin\",\"image\":{\"@type\":\"ImageObject\",\"inLanguage\":\"fr-FR\",\"@id\":\"https:\/\/vosgesinfo.fr\/laplainedesvosgesinfo\/#\/schema\/person\/image\/\",\"url\":\"https:\/\/secure.gravatar.com\/avatar\/94b18ee0ed79e4a42ea2f2931277b6841a8999fc6fde214600c78057cf1fe1de?s=96&d=mm&r=g\",\"contentUrl\":\"https:\/\/secure.gravatar.com\/avatar\/94b18ee0ed79e4a42ea2f2931277b6841a8999fc6fde214600c78057cf1fe1de?s=96&d=mm&r=g\",\"caption\":\"qs_admin\"},\"sameAs\":[\"https:\/\/vosgesinfo.fr\/wp\"],\"url\":\"https:\/\/vosgesinfo.fr\/laplainedesvosgesinfo\/author\/qs_admin\/\"}]}<\/script>\n<!-- \/ Yoast SEO plugin. -->","yoast_head_json":{"title":"Vittel - La 25\u00e8me \u00e9dition du Carnaval aura lieu les 11 et 12 mars ! - La Plaine des Vosges","robots":{"index":"index","follow":"follow","max-snippet":"max-snippet:-1","max-image-preview":"max-image-preview:large","max-video-preview":"max-video-preview:-1"},"canonical":"https:\/\/vosgesinfo.fr\/laplainedesvosgesinfo\/2017\/02\/vittel-la-25eme-edition-du-carnaval-aura-lieu-les-11-et-12-mars\/","twitter_card":"summary_large_image","twitter_title":"Vittel - La 25\u00e8me \u00e9dition du Carnaval aura lieu les 11 et 12 mars ! - La Plaine des Vosges","twitter_description":"Le carnaval de Vittel, qui f\u00eate ses 25 ans cette ann\u00e9e est un \u00e9v\u00e8nement tr\u00e8s attendu par tous ! A [&hellip;]","twitter_image":"https:\/\/vosgesinfo.fr\/app\/uploads\/sites\/2\/2024\/06\/201702corso-16-min.jpg","twitter_creator":"@VosgesInfo88","twitter_site":"@VosgesInfo88","twitter_misc":{"\u00c9crit par":"qs_admin","Dur\u00e9e de lecture estim\u00e9e":"1 minute"},"schema":{"@context":"https:\/\/schema.org","@graph":[{"@type":"Article","@id":"https:\/\/vosgesinfo.fr\/laplainedesvosgesinfo\/2017\/02\/vittel-la-25eme-edition-du-carnaval-aura-lieu-les-11-et-12-mars\/#article","isPartOf":{"@id":"https:\/\/vosgesinfo.fr\/laplainedesvosgesinfo\/2017\/02\/vittel-la-25eme-edition-du-carnaval-aura-lieu-les-11-et-12-mars\/"},"author":{"name":"qs_admin","@id":"https:\/\/vosgesinfo.fr\/laplainedesvosgesinfo\/#\/schema\/person\/bc5d02d71e6932e81b6dadb7386667b1"},"headline":"Vittel &#8211; La 25\u00e8me \u00e9dition du Carnaval aura lieu les 11 et 12 mars !","datePublished":"2017-02-07T14:58:17+00:00","dateModified":"2017-02-07T14:58:17+00:00","mainEntityOfPage":{"@id":"https:\/\/vosgesinfo.fr\/laplainedesvosgesinfo\/2017\/02\/vittel-la-25eme-edition-du-carnaval-aura-lieu-les-11-et-12-mars\/"},"wordCount":295,"commentCount":0,"publisher":{"@id":"https:\/\/vosgesinfo.fr\/laplainedesvosgesinfo\/#organization"},"image":{"@id":"https:\/\/vosgesinfo.fr\/laplainedesvosgesinfo\/2017\/02\/vittel-la-25eme-edition-du-carnaval-aura-lieu-les-11-et-12-mars\/#primaryimage"},"thumbnailUrl":"https:\/\/vosgesinfo.fr\/app\/uploads\/sites\/2\/2024\/06\/201702corso-16-min.jpg","keywords":["carnaval","corso carnavalesque","Vittel"],"articleSection":["A la Une","La Plaine","Vittel"],"inLanguage":"fr-FR","potentialAction":[{"@type":"CommentAction","name":"Comment","target":["https:\/\/vosgesinfo.fr\/laplainedesvosgesinfo\/2017\/02\/vittel-la-25eme-edition-du-carnaval-aura-lieu-les-11-et-12-mars\/#respond"]}]},{"@type":"WebPage","@id":"https:\/\/vosgesinfo.fr\/laplainedesvosgesinfo\/2017\/02\/vittel-la-25eme-edition-du-carnaval-aura-lieu-les-11-et-12-mars\/","url":"https:\/\/vosgesinfo.fr\/laplainedesvosgesinfo\/2017\/02\/vittel-la-25eme-edition-du-carnaval-aura-lieu-les-11-et-12-mars\/","name":"Vittel - La 25\u00e8me \u00e9dition du Carnaval aura lieu les 11 et 12 mars ! - La Plaine des Vosges","isPartOf":{"@id":"https:\/\/vosgesinfo.fr\/laplainedesvosgesinfo\/#website"},"primaryImageOfPage":{"@id":"https:\/\/vosgesinfo.fr\/laplainedesvosgesinfo\/2017\/02\/vittel-la-25eme-edition-du-carnaval-aura-lieu-les-11-et-12-mars\/#primaryimage"},"image":{"@id":"https:\/\/vosgesinfo.fr\/laplainedesvosgesinfo\/2017\/02\/vittel-la-25eme-edition-du-carnaval-aura-lieu-les-11-et-12-mars\/#primaryimage"},"thumbnailUrl":"https:\/\/vosgesinfo.fr\/app\/uploads\/sites\/2\/2024\/06\/201702corso-16-min.jpg","datePublished":"2017-02-07T14:58:17+00:00","dateModified":"2017-02-07T14:58:17+00:00","breadcrumb":{"@id":"https:\/\/vosgesinfo.fr\/laplainedesvosgesinfo\/2017\/02\/vittel-la-25eme-edition-du-carnaval-aura-lieu-les-11-et-12-mars\/#breadcrumb"},"inLanguage":"fr-FR","potentialAction":[{"@type":"ReadAction","target":["https:\/\/vosgesinfo.fr\/laplainedesvosgesinfo\/2017\/02\/vittel-la-25eme-edition-du-carnaval-aura-lieu-les-11-et-12-mars\/"]}]},{"@type":"ImageObject","inLanguage":"fr-FR","@id":"https:\/\/vosgesinfo.fr\/laplainedesvosgesinfo\/2017\/02\/vittel-la-25eme-edition-du-carnaval-aura-lieu-les-11-et-12-mars\/#primaryimage","url":"https:\/\/vosgesinfo.fr\/app\/uploads\/sites\/2\/2024\/06\/201702corso-16-min.jpg","contentUrl":"https:\/\/vosgesinfo.fr\/app\/uploads\/sites\/2\/2024\/06\/201702corso-16-min.jpg","width":800,"height":533},{"@type":"BreadcrumbList","@id":"https:\/\/vosgesinfo.fr\/laplainedesvosgesinfo\/2017\/02\/vittel-la-25eme-edition-du-carnaval-aura-lieu-les-11-et-12-mars\/#breadcrumb","itemListElement":[{"@type":"ListItem","position":1,"name":"Home","item":"https:\/\/vosgesinfo.fr\/laplainedesvosgesinfo\/"},{"@type":"ListItem","position":2,"name":"Vittel &#8211; La 25\u00e8me \u00e9dition du Carnaval aura lieu les 11 et 12 mars !"}]},{"@type":"WebSite","@id":"https:\/\/vosgesinfo.fr\/laplainedesvosgesinfo\/#website","url":"https:\/\/vosgesinfo.fr\/laplainedesvosgesinfo\/","name":"La Plaine des Vosges","description":"Toute l&#039;actualit\u00e9 de la plaine de Vosges","publisher":{"@id":"https:\/\/vosgesinfo.fr\/laplainedesvosgesinfo\/#organization"},"alternateName":"Toute l'actualit\u00e9 de la plaine des Vosges","potentialAction":[{"@type":"SearchAction","target":{"@type":"EntryPoint","urlTemplate":"https:\/\/vosgesinfo.fr\/laplainedesvosgesinfo\/?s={search_term_string}"},"query-input":"required name=search_term_string"}],"inLanguage":"fr-FR"},{"@type":"Organization","@id":"https:\/\/vosgesinfo.fr\/laplainedesvosgesinfo\/#organization","name":"La Plaine des Vosges","url":"https:\/\/vosgesinfo.fr\/laplainedesvosgesinfo\/","logo":{"@type":"ImageObject","inLanguage":"fr-FR","@id":"https:\/\/vosgesinfo.fr\/laplainedesvosgesinfo\/#\/schema\/logo\/image\/","url":"https:\/\/vosgesinfo.fr\/app\/uploads\/sites\/2\/2023\/08\/logo-laplaineinfo.svg","contentUrl":"https:\/\/vosgesinfo.fr\/app\/uploads\/sites\/2\/2023\/08\/logo-laplaineinfo.svg","width":1,"height":1,"caption":"La Plaine des Vosges"},"image":{"@id":"https:\/\/vosgesinfo.fr\/laplainedesvosgesinfo\/#\/schema\/logo\/image\/"},"sameAs":["https:\/\/www.facebook.com\/laplainedesvosges","https:\/\/x.com\/VosgesInfo88","https:\/\/www.youtube.com\/@vosgesinfo"]},{"@type":"Person","@id":"https:\/\/vosgesinfo.fr\/laplainedesvosgesinfo\/#\/schema\/person\/bc5d02d71e6932e81b6dadb7386667b1","name":"qs_admin","image":{"@type":"ImageObject","inLanguage":"fr-FR","@id":"https:\/\/vosgesinfo.fr\/laplainedesvosgesinfo\/#\/schema\/person\/image\/","url":"https:\/\/secure.gravatar.com\/avatar\/94b18ee0ed79e4a42ea2f2931277b6841a8999fc6fde214600c78057cf1fe1de?s=96&d=mm&r=g","contentUrl":"https:\/\/secure.gravatar.com\/avatar\/94b18ee0ed79e4a42ea2f2931277b6841a8999fc6fde214600c78057cf1fe1de?s=96&d=mm&r=g","caption":"qs_admin"},"sameAs":["https:\/\/vosgesinfo.fr\/wp"],"url":"https:\/\/vosgesinfo.fr\/laplainedesvosgesinfo\/author\/qs_admin\/"}]}},"_links":{"self":[{"href":"https:\/\/vosgesinfo.fr\/laplainedesvosgesinfo\/wp-json\/wp\/v2\/posts\/9674","targetHints":{"allow":["GET"]}}],"collection":[{"href":"https:\/\/vosgesinfo.fr\/laplainedesvosgesinfo\/wp-json\/wp\/v2\/posts"}],"about":[{"href":"https:\/\/vosgesinfo.fr\/laplainedesvosgesinfo\/wp-json\/wp\/v2\/types\/post"}],"author":[{"embeddable":true,"href":"https:\/\/vosgesinfo.fr\/laplainedesvosgesinfo\/wp-json\/wp\/v2\/users\/1"}],"replies":[{"embeddable":true,"href":"https:\/\/vosgesinfo.fr\/laplainedesvosgesinfo\/wp-json\/wp\/v2\/comments?post=9674"}],"version-history":[{"count":0,"href":"https:\/\/vosgesinfo.fr\/laplainedesvosgesinfo\/wp-json\/wp\/v2\/posts\/9674\/revisions"}],"wp:featuredmedia":[{"embeddable":true,"href":"https:\/\/vosgesinfo.fr\/laplainedesvosgesinfo\/wp-json\/wp\/v2\/media\/9675"}],"wp:attachment":[{"href":"https:\/\/vosgesinfo.fr\/laplainedesvosgesinfo\/wp-json\/wp\/v2\/media?parent=9674"}],"wp:term":[{"taxonomy":"category","embeddable":true,"href":"https:\/\/vosgesinfo.fr\/laplainedesvosgesinfo\/wp-json\/wp\/v2\/categories?post=9674"},{"taxonomy":"post_tag","embeddable":true,"href":"https:\/\/vosgesinfo.fr\/laplainedesvosgesinfo\/wp-json\/wp\/v2\/tags?post=9674"}],"curies":[{"name":"wp","href":"https:\/\/api.w.org\/{rel}","templated":true}]}}