{"id":10093,"date":"2019-01-29T11:51:34","date_gmt":"2019-01-29T10:51:34","guid":{"rendered":"https:\/\/vosgesinfo.fr\/remiremontinfo\/2019\/01\/ecole-vague-de-contestation-contre-fermetures-de-classes\/"},"modified":"2019-01-29T11:51:34","modified_gmt":"2019-01-29T10:51:34","slug":"ecole-vague-de-contestation-contre-fermetures-de-classes","status":"publish","type":"post","link":"https:\/\/vosgesinfo.fr\/remiremontinfo\/2019\/01\/ecole-vague-de-contestation-contre-fermetures-de-classes\/","title":{"rendered":"Ecole : vague de contestation contre les fermetures de classes"},"content":{"rendered":"<p><a href=\"\/2019\/01\/Capture-d\u2019e\u0301cran-2019-01-29-a\u0300-12.18.07.png\"><img decoding=\"async\" class=\"alignnone size-large wp-image-252196\" src=\"\/2019\/01\/Capture-d\u2019e\u0301cran-2019-01-29-a\u0300-12.18.07-1024x711.png\" alt=\"Capture d\u2019e\u0301cran 2019-01-29 a\u0300 12.18.07\" width=\"960\" height=\"667\" \/><\/a><\/p>\n<h2><span style=\"font-size: 14pt;\">Des parents d&rsquo;\u00e9l\u00e8ves se mobilisent dans plusieurs villes du secteur contre les fermetures de classes annonc\u00e9es.\u00a0<\/span><\/h2>\n<p>Ce matin, des parents d&rsquo;\u00e9l\u00e8ves se sont rassembl\u00e9s devant les grilles de l&rsquo;\u00e9cole primaire du centre du Val d&rsquo;Ajol\u00a0pour bloquer l&rsquo;\u00e9tablissement. Ils protestent contre la suppression de poste pr\u00e9vue par l&rsquo;inspection acad\u00e9mique du fait de la baisse des effectifs. Ils rejoignent ainsi les\u00a0parents d&rsquo;\u00e9l\u00e8ves de l&rsquo;\u00e9cole Fanny Salmon \u00e0 Eloyes, qui se mobilisent et font signer une p\u00e9tition contre\u00a0fermeture d&rsquo;une classe.<\/p>\n<p>L\u2019inspection\u00a0souhaite \u00e9galement supprimer l\u2019unique poste d\u2019enseignante restant \u00e0 l\u2019\u00e9cole de Vecoux, entra\u00eenant la fermeture de l\u2019\u00e9cole.\u00a0<em><span class=\"s1\">\u00ab\u00a0Fermer l\u2019\u00e9cole de Vecoux, c\u2019est enterrer un village qui souhaite se rajeunir \u00bb,\u00a0<\/span><\/em>d\u00e9plore Elodie Grosjean, repr\u00e9sentante des parents d&rsquo;\u00e9l\u00e8ves de l\u2019\u00e9cole. Une p\u00e9tition en ligne a \u00e9t\u00e9 lanc\u00e9e sur le site change.org qui\u00a0rassemble un peu plus de 530 signatures.<\/p>\n<p>Cette vague de contestation se d\u00e9roule\u00a0dans une\u00a0p\u00e9riode marqu\u00e9e par le mouvement des gilets jaunes.\u00a0Beaucoup de ces derniers\u00a0protestent, depuis plusieurs mois maintenant, contre une sur-taxation pour de moins en moins de services de proximit\u00e9.<\/p>\n\n","protected":false},"excerpt":{"rendered":"<p>Des parents d&rsquo;\u00e9l\u00e8ves se mobilisent dans plusieurs villes du secteur contre les fermetures de classes annonc\u00e9es.\u00a0 Ce matin, des parents [&hellip;]<\/p>\n","protected":false},"author":407,"featured_media":10094,"comment_status":"open","ping_status":"open","sticky":false,"template":"","format":"standard","meta":{"footnotes":""},"categories":[26,165,18],"tags":[1647,415,1648,199,32],"class_list":["post-10093","post","type-post","status-publish","format-standard","has-post-thumbnail","hentry","category-a-la-une","category-enseignement","category-vosges","tag-contestation","tag-ecole","tag-fermeture-de-classe","tag-manifestation","tag-vosges"],"acf":[],"yoast_head":"<!-- This site is optimized with the Yoast SEO plugin v22.5 - https:\/\/yoast.com\/wordpress\/plugins\/seo\/ -->\n<title>Ecole : vague de contestation contre les fermetures de classes - Remiremont Info<\/title>\n<meta name=\"robots\" content=\"index, follow, max-snippet:-1, max-image-preview:large, max-video-preview:-1\" \/>\n<link rel=\"canonical\" href=\"https:\/\/vosgesinfo.fr\/remiremontinfo\/2019\/01\/ecole-vague-de-contestation-contre-fermetures-de-classes\/\" \/>\n<meta name=\"twitter:card\" content=\"summary_large_image\" \/>\n<meta name=\"twitter:title\" content=\"Ecole : vague de contestation contre les fermetures de classes - Remiremont Info\" \/>\n<meta name=\"twitter:description\" content=\"Des parents d&rsquo;\u00e9l\u00e8ves se mobilisent dans plusieurs villes du secteur contre les fermetures de classes annonc\u00e9es.\u00a0 Ce matin, des parents [&hellip;]\" \/>\n<meta name=\"twitter:image\" content=\"https:\/\/vosgesinfo.fr\/app\/uploads\/sites\/5\/2024\/09\/201901capture-decran-2019-01-29-a-12.18.07.png\" \/>\n<meta name=\"twitter:creator\" content=\"@VosgesInfo88\" \/>\n<meta name=\"twitter:site\" content=\"@VosgesInfo88\" \/>\n<meta name=\"twitter:label1\" content=\"\u00c9crit par\" \/>\n\t<meta name=\"twitter:data1\" content=\"C D\" \/>\n\t<meta name=\"twitter:label2\" content=\"Dur\u00e9e de lecture estim\u00e9e\" \/>\n\t<meta name=\"twitter:data2\" content=\"1 minute\" \/>\n<script type=\"application\/ld+json\" class=\"yoast-schema-graph\">{\"@context\":\"https:\/\/schema.org\",\"@graph\":[{\"@type\":\"Article\",\"@id\":\"https:\/\/vosgesinfo.fr\/remiremontinfo\/2019\/01\/ecole-vague-de-contestation-contre-fermetures-de-classes\/#article\",\"isPartOf\":{\"@id\":\"https:\/\/vosgesinfo.fr\/remiremontinfo\/2019\/01\/ecole-vague-de-contestation-contre-fermetures-de-classes\/\"},\"author\":{\"name\":\"C D\",\"@id\":\"https:\/\/vosgesinfo.fr\/remiremontinfo\/#\/schema\/person\/3bfd164d5218a185b1db68655a265316\"},\"headline\":\"Ecole : vague de contestation contre les fermetures de classes\",\"datePublished\":\"2019-01-29T10:51:34+00:00\",\"dateModified\":\"2019-01-29T10:51:34+00:00\",\"mainEntityOfPage\":{\"@id\":\"https:\/\/vosgesinfo.fr\/remiremontinfo\/2019\/01\/ecole-vague-de-contestation-contre-fermetures-de-classes\/\"},\"wordCount\":224,\"commentCount\":0,\"publisher\":{\"@id\":\"https:\/\/vosgesinfo.fr\/remiremontinfo\/#organization\"},\"image\":{\"@id\":\"https:\/\/vosgesinfo.fr\/remiremontinfo\/2019\/01\/ecole-vague-de-contestation-contre-fermetures-de-classes\/#primaryimage\"},\"thumbnailUrl\":\"https:\/\/vosgesinfo.fr\/app\/uploads\/sites\/5\/2024\/09\/201901capture-decran-2019-01-29-a-12.18.07.png\",\"keywords\":[\"contestation\",\"ecole\",\"fermeture de classe\",\"manifestation\",\"Vosges\"],\"articleSection\":[\"A la Une\",\"Enseignement\",\"Vosges\"],\"inLanguage\":\"fr-FR\",\"potentialAction\":[{\"@type\":\"CommentAction\",\"name\":\"Comment\",\"target\":[\"https:\/\/vosgesinfo.fr\/remiremontinfo\/2019\/01\/ecole-vague-de-contestation-contre-fermetures-de-classes\/#respond\"]}]},{\"@type\":\"WebPage\",\"@id\":\"https:\/\/vosgesinfo.fr\/remiremontinfo\/2019\/01\/ecole-vague-de-contestation-contre-fermetures-de-classes\/\",\"url\":\"https:\/\/vosgesinfo.fr\/remiremontinfo\/2019\/01\/ecole-vague-de-contestation-contre-fermetures-de-classes\/\",\"name\":\"Ecole : vague de contestation contre les fermetures de classes - Remiremont Info\",\"isPartOf\":{\"@id\":\"https:\/\/vosgesinfo.fr\/remiremontinfo\/#website\"},\"primaryImageOfPage\":{\"@id\":\"https:\/\/vosgesinfo.fr\/remiremontinfo\/2019\/01\/ecole-vague-de-contestation-contre-fermetures-de-classes\/#primaryimage\"},\"image\":{\"@id\":\"https:\/\/vosgesinfo.fr\/remiremontinfo\/2019\/01\/ecole-vague-de-contestation-contre-fermetures-de-classes\/#primaryimage\"},\"thumbnailUrl\":\"https:\/\/vosgesinfo.fr\/app\/uploads\/sites\/5\/2024\/09\/201901capture-decran-2019-01-29-a-12.18.07.png\",\"datePublished\":\"2019-01-29T10:51:34+00:00\",\"dateModified\":\"2019-01-29T10:51:34+00:00\",\"breadcrumb\":{\"@id\":\"https:\/\/vosgesinfo.fr\/remiremontinfo\/2019\/01\/ecole-vague-de-contestation-contre-fermetures-de-classes\/#breadcrumb\"},\"inLanguage\":\"fr-FR\",\"potentialAction\":[{\"@type\":\"ReadAction\",\"target\":[\"https:\/\/vosgesinfo.fr\/remiremontinfo\/2019\/01\/ecole-vague-de-contestation-contre-fermetures-de-classes\/\"]}]},{\"@type\":\"ImageObject\",\"inLanguage\":\"fr-FR\",\"@id\":\"https:\/\/vosgesinfo.fr\/remiremontinfo\/2019\/01\/ecole-vague-de-contestation-contre-fermetures-de-classes\/#primaryimage\",\"url\":\"https:\/\/vosgesinfo.fr\/app\/uploads\/sites\/5\/2024\/09\/201901capture-decran-2019-01-29-a-12.18.07.png\",\"contentUrl\":\"https:\/\/vosgesinfo.fr\/app\/uploads\/sites\/5\/2024\/09\/201901capture-decran-2019-01-29-a-12.18.07.png\",\"width\":2054,\"height\":1426},{\"@type\":\"BreadcrumbList\",\"@id\":\"https:\/\/vosgesinfo.fr\/remiremontinfo\/2019\/01\/ecole-vague-de-contestation-contre-fermetures-de-classes\/#breadcrumb\",\"itemListElement\":[{\"@type\":\"ListItem\",\"position\":1,\"name\":\"Home\",\"item\":\"https:\/\/vosgesinfo.fr\/remiremontinfo\/\"},{\"@type\":\"ListItem\",\"position\":2,\"name\":\"Ecole : vague de contestation contre les fermetures de classes\"}]},{\"@type\":\"WebSite\",\"@id\":\"https:\/\/vosgesinfo.fr\/remiremontinfo\/#website\",\"url\":\"https:\/\/vosgesinfo.fr\/remiremontinfo\/\",\"name\":\"Remiremont Info\",\"description\":\"Toute l&#039;actualit\u00e9 de Remiremont\",\"publisher\":{\"@id\":\"https:\/\/vosgesinfo.fr\/remiremontinfo\/#organization\"},\"alternateName\":\"Toute l'actualit\u00e9 de Remiremont\",\"potentialAction\":[{\"@type\":\"SearchAction\",\"target\":{\"@type\":\"EntryPoint\",\"urlTemplate\":\"https:\/\/vosgesinfo.fr\/remiremontinfo\/?s={search_term_string}\"},\"query-input\":\"required name=search_term_string\"}],\"inLanguage\":\"fr-FR\"},{\"@type\":\"Organization\",\"@id\":\"https:\/\/vosgesinfo.fr\/remiremontinfo\/#organization\",\"name\":\"Remiremont Info\",\"url\":\"https:\/\/vosgesinfo.fr\/remiremontinfo\/\",\"logo\":{\"@type\":\"ImageObject\",\"inLanguage\":\"fr-FR\",\"@id\":\"https:\/\/vosgesinfo.fr\/remiremontinfo\/#\/schema\/logo\/image\/\",\"url\":\"https:\/\/vosgesinfo.fr\/app\/uploads\/sites\/5\/2023\/08\/favicon-remiremontinfo.png\",\"contentUrl\":\"https:\/\/vosgesinfo.fr\/app\/uploads\/sites\/5\/2023\/08\/favicon-remiremontinfo.png\",\"width\":512,\"height\":512,\"caption\":\"Remiremont Info\"},\"image\":{\"@id\":\"https:\/\/vosgesinfo.fr\/remiremontinfo\/#\/schema\/logo\/image\/\"},\"sameAs\":[\"https:\/\/www.facebook.com\/remiremontinfo\",\"https:\/\/x.com\/VosgesInfo88\",\"https:\/\/www.youtube.com\/@vosgesinfo\"]},{\"@type\":\"Person\",\"@id\":\"https:\/\/vosgesinfo.fr\/remiremontinfo\/#\/schema\/person\/3bfd164d5218a185b1db68655a265316\",\"name\":\"C D\",\"image\":{\"@type\":\"ImageObject\",\"inLanguage\":\"fr-FR\",\"@id\":\"https:\/\/vosgesinfo.fr\/remiremontinfo\/#\/schema\/person\/image\/\",\"url\":\"https:\/\/secure.gravatar.com\/avatar\/1f9a70007336511a47468b8f1c66f922b8b7cf617b02a31149ada43893a5d48f?s=96&d=mm&r=g\",\"contentUrl\":\"https:\/\/secure.gravatar.com\/avatar\/1f9a70007336511a47468b8f1c66f922b8b7cf617b02a31149ada43893a5d48f?s=96&d=mm&r=g\",\"caption\":\"C D\"},\"url\":\"https:\/\/vosgesinfo.fr\/remiremontinfo\/author\/cedric-drevet\/\"}]}<\/script>\n<!-- \/ Yoast SEO plugin. -->","yoast_head_json":{"title":"Ecole : vague de contestation contre les fermetures de classes - Remiremont Info","robots":{"index":"index","follow":"follow","max-snippet":"max-snippet:-1","max-image-preview":"max-image-preview:large","max-video-preview":"max-video-preview:-1"},"canonical":"https:\/\/vosgesinfo.fr\/remiremontinfo\/2019\/01\/ecole-vague-de-contestation-contre-fermetures-de-classes\/","twitter_card":"summary_large_image","twitter_title":"Ecole : vague de contestation contre les fermetures de classes - Remiremont Info","twitter_description":"Des parents d&rsquo;\u00e9l\u00e8ves se mobilisent dans plusieurs villes du secteur contre les fermetures de classes annonc\u00e9es.\u00a0 Ce matin, des parents [&hellip;]","twitter_image":"https:\/\/vosgesinfo.fr\/app\/uploads\/sites\/5\/2024\/09\/201901capture-decran-2019-01-29-a-12.18.07.png","twitter_creator":"@VosgesInfo88","twitter_site":"@VosgesInfo88","twitter_misc":{"\u00c9crit par":"C D","Dur\u00e9e de lecture estim\u00e9e":"1 minute"},"schema":{"@context":"https:\/\/schema.org","@graph":[{"@type":"Article","@id":"https:\/\/vosgesinfo.fr\/remiremontinfo\/2019\/01\/ecole-vague-de-contestation-contre-fermetures-de-classes\/#article","isPartOf":{"@id":"https:\/\/vosgesinfo.fr\/remiremontinfo\/2019\/01\/ecole-vague-de-contestation-contre-fermetures-de-classes\/"},"author":{"name":"C D","@id":"https:\/\/vosgesinfo.fr\/remiremontinfo\/#\/schema\/person\/3bfd164d5218a185b1db68655a265316"},"headline":"Ecole : vague de contestation contre les fermetures de classes","datePublished":"2019-01-29T10:51:34+00:00","dateModified":"2019-01-29T10:51:34+00:00","mainEntityOfPage":{"@id":"https:\/\/vosgesinfo.fr\/remiremontinfo\/2019\/01\/ecole-vague-de-contestation-contre-fermetures-de-classes\/"},"wordCount":224,"commentCount":0,"publisher":{"@id":"https:\/\/vosgesinfo.fr\/remiremontinfo\/#organization"},"image":{"@id":"https:\/\/vosgesinfo.fr\/remiremontinfo\/2019\/01\/ecole-vague-de-contestation-contre-fermetures-de-classes\/#primaryimage"},"thumbnailUrl":"https:\/\/vosgesinfo.fr\/app\/uploads\/sites\/5\/2024\/09\/201901capture-decran-2019-01-29-a-12.18.07.png","keywords":["contestation","ecole","fermeture de classe","manifestation","Vosges"],"articleSection":["A la Une","Enseignement","Vosges"],"inLanguage":"fr-FR","potentialAction":[{"@type":"CommentAction","name":"Comment","target":["https:\/\/vosgesinfo.fr\/remiremontinfo\/2019\/01\/ecole-vague-de-contestation-contre-fermetures-de-classes\/#respond"]}]},{"@type":"WebPage","@id":"https:\/\/vosgesinfo.fr\/remiremontinfo\/2019\/01\/ecole-vague-de-contestation-contre-fermetures-de-classes\/","url":"https:\/\/vosgesinfo.fr\/remiremontinfo\/2019\/01\/ecole-vague-de-contestation-contre-fermetures-de-classes\/","name":"Ecole : vague de contestation contre les fermetures de classes - Remiremont Info","isPartOf":{"@id":"https:\/\/vosgesinfo.fr\/remiremontinfo\/#website"},"primaryImageOfPage":{"@id":"https:\/\/vosgesinfo.fr\/remiremontinfo\/2019\/01\/ecole-vague-de-contestation-contre-fermetures-de-classes\/#primaryimage"},"image":{"@id":"https:\/\/vosgesinfo.fr\/remiremontinfo\/2019\/01\/ecole-vague-de-contestation-contre-fermetures-de-classes\/#primaryimage"},"thumbnailUrl":"https:\/\/vosgesinfo.fr\/app\/uploads\/sites\/5\/2024\/09\/201901capture-decran-2019-01-29-a-12.18.07.png","datePublished":"2019-01-29T10:51:34+00:00","dateModified":"2019-01-29T10:51:34+00:00","breadcrumb":{"@id":"https:\/\/vosgesinfo.fr\/remiremontinfo\/2019\/01\/ecole-vague-de-contestation-contre-fermetures-de-classes\/#breadcrumb"},"inLanguage":"fr-FR","potentialAction":[{"@type":"ReadAction","target":["https:\/\/vosgesinfo.fr\/remiremontinfo\/2019\/01\/ecole-vague-de-contestation-contre-fermetures-de-classes\/"]}]},{"@type":"ImageObject","inLanguage":"fr-FR","@id":"https:\/\/vosgesinfo.fr\/remiremontinfo\/2019\/01\/ecole-vague-de-contestation-contre-fermetures-de-classes\/#primaryimage","url":"https:\/\/vosgesinfo.fr\/app\/uploads\/sites\/5\/2024\/09\/201901capture-decran-2019-01-29-a-12.18.07.png","contentUrl":"https:\/\/vosgesinfo.fr\/app\/uploads\/sites\/5\/2024\/09\/201901capture-decran-2019-01-29-a-12.18.07.png","width":2054,"height":1426},{"@type":"BreadcrumbList","@id":"https:\/\/vosgesinfo.fr\/remiremontinfo\/2019\/01\/ecole-vague-de-contestation-contre-fermetures-de-classes\/#breadcrumb","itemListElement":[{"@type":"ListItem","position":1,"name":"Home","item":"https:\/\/vosgesinfo.fr\/remiremontinfo\/"},{"@type":"ListItem","position":2,"name":"Ecole : vague de contestation contre les fermetures de classes"}]},{"@type":"WebSite","@id":"https:\/\/vosgesinfo.fr\/remiremontinfo\/#website","url":"https:\/\/vosgesinfo.fr\/remiremontinfo\/","name":"Remiremont Info","description":"Toute l&#039;actualit\u00e9 de Remiremont","publisher":{"@id":"https:\/\/vosgesinfo.fr\/remiremontinfo\/#organization"},"alternateName":"Toute l'actualit\u00e9 de Remiremont","potentialAction":[{"@type":"SearchAction","target":{"@type":"EntryPoint","urlTemplate":"https:\/\/vosgesinfo.fr\/remiremontinfo\/?s={search_term_string}"},"query-input":"required name=search_term_string"}],"inLanguage":"fr-FR"},{"@type":"Organization","@id":"https:\/\/vosgesinfo.fr\/remiremontinfo\/#organization","name":"Remiremont Info","url":"https:\/\/vosgesinfo.fr\/remiremontinfo\/","logo":{"@type":"ImageObject","inLanguage":"fr-FR","@id":"https:\/\/vosgesinfo.fr\/remiremontinfo\/#\/schema\/logo\/image\/","url":"https:\/\/vosgesinfo.fr\/app\/uploads\/sites\/5\/2023\/08\/favicon-remiremontinfo.png","contentUrl":"https:\/\/vosgesinfo.fr\/app\/uploads\/sites\/5\/2023\/08\/favicon-remiremontinfo.png","width":512,"height":512,"caption":"Remiremont Info"},"image":{"@id":"https:\/\/vosgesinfo.fr\/remiremontinfo\/#\/schema\/logo\/image\/"},"sameAs":["https:\/\/www.facebook.com\/remiremontinfo","https:\/\/x.com\/VosgesInfo88","https:\/\/www.youtube.com\/@vosgesinfo"]},{"@type":"Person","@id":"https:\/\/vosgesinfo.fr\/remiremontinfo\/#\/schema\/person\/3bfd164d5218a185b1db68655a265316","name":"C D","image":{"@type":"ImageObject","inLanguage":"fr-FR","@id":"https:\/\/vosgesinfo.fr\/remiremontinfo\/#\/schema\/person\/image\/","url":"https:\/\/secure.gravatar.com\/avatar\/1f9a70007336511a47468b8f1c66f922b8b7cf617b02a31149ada43893a5d48f?s=96&d=mm&r=g","contentUrl":"https:\/\/secure.gravatar.com\/avatar\/1f9a70007336511a47468b8f1c66f922b8b7cf617b02a31149ada43893a5d48f?s=96&d=mm&r=g","caption":"C D"},"url":"https:\/\/vosgesinfo.fr\/remiremontinfo\/author\/cedric-drevet\/"}]}},"_links":{"self":[{"href":"https:\/\/vosgesinfo.fr\/remiremontinfo\/wp-json\/wp\/v2\/posts\/10093","targetHints":{"allow":["GET"]}}],"collection":[{"href":"https:\/\/vosgesinfo.fr\/remiremontinfo\/wp-json\/wp\/v2\/posts"}],"about":[{"href":"https:\/\/vosgesinfo.fr\/remiremontinfo\/wp-json\/wp\/v2\/types\/post"}],"author":[{"embeddable":true,"href":"https:\/\/vosgesinfo.fr\/remiremontinfo\/wp-json\/wp\/v2\/users\/407"}],"replies":[{"embeddable":true,"href":"https:\/\/vosgesinfo.fr\/remiremontinfo\/wp-json\/wp\/v2\/comments?post=10093"}],"version-history":[{"count":0,"href":"https:\/\/vosgesinfo.fr\/remiremontinfo\/wp-json\/wp\/v2\/posts\/10093\/revisions"}],"wp:featuredmedia":[{"embeddable":true,"href":"https:\/\/vosgesinfo.fr\/remiremontinfo\/wp-json\/wp\/v2\/media\/10094"}],"wp:attachment":[{"href":"https:\/\/vosgesinfo.fr\/remiremontinfo\/wp-json\/wp\/v2\/media?parent=10093"}],"wp:term":[{"taxonomy":"category","embeddable":true,"href":"https:\/\/vosgesinfo.fr\/remiremontinfo\/wp-json\/wp\/v2\/categories?post=10093"},{"taxonomy":"post_tag","embeddable":true,"href":"https:\/\/vosgesinfo.fr\/remiremontinfo\/wp-json\/wp\/v2\/tags?post=10093"}],"curies":[{"name":"wp","href":"https:\/\/api.w.org\/{rel}","templated":true}]}}