{"id":10164,"date":"2019-01-31T06:14:31","date_gmt":"2019-01-31T05:14:31","guid":{"rendered":"https:\/\/vosgesinfo.fr\/remiremontinfo\/2019\/01\/ceremonie-douverture-26e-festival-film-fantastique-jai-peur-de\/"},"modified":"2019-01-31T06:14:31","modified_gmt":"2019-01-31T05:14:31","slug":"ceremonie-douverture-26e-festival-film-fantastique-jai-peur-de","status":"publish","type":"post","link":"https:\/\/vosgesinfo.fr\/remiremontinfo\/2019\/01\/ceremonie-douverture-26e-festival-film-fantastique-jai-peur-de\/","title":{"rendered":"C\u00e9r\u00e9monie d\u2019ouverture du 26e Festival du Film Fantastique : \u00ab J\u2019ai peur de vous ! \u00bb"},"content":{"rendered":"<p><a href=\"https:\/\/gerardmerinfo.fr\/2019\/01\/ceremonie-douverture-26e-festival-film-fantastique-jai-peur-de\/ceremonie-ouverture-festival-2019-film-fantastique-5\/\" rel=\"attachment wp-att-252296\"><img decoding=\"async\" class=\"aligncenter size-full wp-image-252296\" src=\"\/2019\/01\/ceremonie-ouverture-Festival-2019-film-fantastique-5.jpg\" alt=\"ceremonie-ouverture-Festival-2019-film-fantastique-5\" width=\"800\" height=\"600\" \/><\/a>Comme on pouvait s\u2019y attendre, le duo qui pr\u00e9side cette ann\u00e9e le jury long-m\u00e9trage du Festival International du Film Fantastique a lanc\u00e9 les r\u00e9jouissances avec humour et sobri\u00e9t\u00e9 (quoique\u2026). Beno\u00eet Delepine aura \u00e9t\u00e9 le premier des deux \u00ab\u00a0pr\u00e9signols\u00a0\u00bb \u00e0 prendre la parole pour annoncer qu\u2019il avait surtout peur du public pr\u00e9sent sous ses yeux (\u00ab\u00a0En fait, j\u2019ai peur de vous !\u00a0\u00bb), voire m\u00eame de ses petits camarades du jury. Une \u00ab\u00a0peur\u00a0\u00bb qui provoquerait selon ses dires une consommation importante de rafra\u00eechissements alcoolis\u00e9s\u2026 Une annonce faite avec nonchalance, approximation ma\u00eetris\u00e9e, provoquant les \u00e9clats de rires de la salle (\u00e0 l\u2019exception peut-\u00eatre de quelques personnes n\u2019ayant pas acc\u00e8s au second degr\u00e9) avant de laisser son comparse proclamer l\u2019ouverture officielle du festival. Un discours \u00ab\u00a0plein d\u2019\u00e9motion\u00a0\u00bb annoncera lui aussi avec malice le speaker habituel de l\u2019\u00e9v\u00e9nement. Simple, efficace, apr\u00e8s tout c\u2019est bien pour voir des films que l\u2019on se d\u00e9place \u00e0 G\u00e9rardmer malgr\u00e9 les \u00e9l\u00e9ments qui se d\u00e9cha\u00eenent avec ce vent et surtout cette poudreuse qui n\u2019en finissait pas de tomber toute la journ\u00e9e\u2026 Mais on ne va pas se plaindre, au moins les festivaliers et les membres du jury auront le droit \u00e0 un vrai d\u00e9cor de film d\u2019horreur !<\/p>\n","protected":false},"excerpt":{"rendered":"<p>Comme on pouvait s\u2019y attendre, le duo qui pr\u00e9side cette ann\u00e9e le jury long-m\u00e9trage du Festival International du Film Fantastique [&hellip;]<\/p>\n","protected":false},"author":39,"featured_media":10165,"comment_status":"open","ping_status":"open","sticky":false,"template":"","format":"standard","meta":{"footnotes":""},"categories":[26,18],"tags":[],"class_list":["post-10164","post","type-post","status-publish","format-standard","has-post-thumbnail","hentry","category-a-la-une","category-vosges"],"acf":[],"yoast_head":"<!-- This site is optimized with the Yoast SEO plugin v22.5 - https:\/\/yoast.com\/wordpress\/plugins\/seo\/ -->\n<title>C\u00e9r\u00e9monie d\u2019ouverture du 26e Festival du Film Fantastique : \u00ab J\u2019ai peur de vous ! \u00bb - Remiremont Info<\/title>\n<meta name=\"robots\" content=\"index, follow, max-snippet:-1, max-image-preview:large, max-video-preview:-1\" \/>\n<link rel=\"canonical\" href=\"https:\/\/vosgesinfo.fr\/remiremontinfo\/2019\/01\/ceremonie-douverture-26e-festival-film-fantastique-jai-peur-de\/\" \/>\n<meta name=\"twitter:card\" content=\"summary_large_image\" \/>\n<meta name=\"twitter:title\" content=\"C\u00e9r\u00e9monie d\u2019ouverture du 26e Festival du Film Fantastique : \u00ab J\u2019ai peur de vous ! \u00bb - Remiremont Info\" \/>\n<meta name=\"twitter:description\" content=\"Comme on pouvait s\u2019y attendre, le duo qui pr\u00e9side cette ann\u00e9e le jury long-m\u00e9trage du Festival International du Film Fantastique [&hellip;]\" \/>\n<meta name=\"twitter:image\" content=\"https:\/\/vosgesinfo.fr\/app\/uploads\/sites\/5\/2024\/09\/201901ceremonie-ouverture-festival-2019-film-fantastique-5.jpg\" \/>\n<meta name=\"twitter:creator\" content=\"@VosgesInfo88\" \/>\n<meta name=\"twitter:site\" content=\"@VosgesInfo88\" \/>\n<meta name=\"twitter:label1\" content=\"\u00c9crit par\" \/>\n\t<meta name=\"twitter:data1\" content=\"Phj\" \/>\n\t<meta name=\"twitter:label2\" content=\"Dur\u00e9e de lecture estim\u00e9e\" \/>\n\t<meta name=\"twitter:data2\" content=\"1 minute\" \/>\n<script type=\"application\/ld+json\" class=\"yoast-schema-graph\">{\"@context\":\"https:\/\/schema.org\",\"@graph\":[{\"@type\":\"Article\",\"@id\":\"https:\/\/vosgesinfo.fr\/remiremontinfo\/2019\/01\/ceremonie-douverture-26e-festival-film-fantastique-jai-peur-de\/#article\",\"isPartOf\":{\"@id\":\"https:\/\/vosgesinfo.fr\/remiremontinfo\/2019\/01\/ceremonie-douverture-26e-festival-film-fantastique-jai-peur-de\/\"},\"author\":{\"name\":\"Phj\",\"@id\":\"https:\/\/vosgesinfo.fr\/remiremontinfo\/#\/schema\/person\/4f57dc393faf2ac8b9f1cab30ad79250\"},\"headline\":\"C\u00e9r\u00e9monie d\u2019ouverture du 26e Festival du Film Fantastique : \u00ab J\u2019ai peur de vous ! \u00bb\",\"datePublished\":\"2019-01-31T05:14:31+00:00\",\"dateModified\":\"2019-01-31T05:14:31+00:00\",\"mainEntityOfPage\":{\"@id\":\"https:\/\/vosgesinfo.fr\/remiremontinfo\/2019\/01\/ceremonie-douverture-26e-festival-film-fantastique-jai-peur-de\/\"},\"wordCount\":244,\"commentCount\":0,\"publisher\":{\"@id\":\"https:\/\/vosgesinfo.fr\/remiremontinfo\/#organization\"},\"image\":{\"@id\":\"https:\/\/vosgesinfo.fr\/remiremontinfo\/2019\/01\/ceremonie-douverture-26e-festival-film-fantastique-jai-peur-de\/#primaryimage\"},\"thumbnailUrl\":\"https:\/\/vosgesinfo.fr\/app\/uploads\/sites\/5\/2024\/09\/201901ceremonie-ouverture-festival-2019-film-fantastique-5.jpg\",\"articleSection\":[\"A la Une\",\"Vosges\"],\"inLanguage\":\"fr-FR\",\"potentialAction\":[{\"@type\":\"CommentAction\",\"name\":\"Comment\",\"target\":[\"https:\/\/vosgesinfo.fr\/remiremontinfo\/2019\/01\/ceremonie-douverture-26e-festival-film-fantastique-jai-peur-de\/#respond\"]}]},{\"@type\":\"WebPage\",\"@id\":\"https:\/\/vosgesinfo.fr\/remiremontinfo\/2019\/01\/ceremonie-douverture-26e-festival-film-fantastique-jai-peur-de\/\",\"url\":\"https:\/\/vosgesinfo.fr\/remiremontinfo\/2019\/01\/ceremonie-douverture-26e-festival-film-fantastique-jai-peur-de\/\",\"name\":\"C\u00e9r\u00e9monie d\u2019ouverture du 26e Festival du Film Fantastique : \u00ab J\u2019ai peur de vous ! \u00bb - Remiremont Info\",\"isPartOf\":{\"@id\":\"https:\/\/vosgesinfo.fr\/remiremontinfo\/#website\"},\"primaryImageOfPage\":{\"@id\":\"https:\/\/vosgesinfo.fr\/remiremontinfo\/2019\/01\/ceremonie-douverture-26e-festival-film-fantastique-jai-peur-de\/#primaryimage\"},\"image\":{\"@id\":\"https:\/\/vosgesinfo.fr\/remiremontinfo\/2019\/01\/ceremonie-douverture-26e-festival-film-fantastique-jai-peur-de\/#primaryimage\"},\"thumbnailUrl\":\"https:\/\/vosgesinfo.fr\/app\/uploads\/sites\/5\/2024\/09\/201901ceremonie-ouverture-festival-2019-film-fantastique-5.jpg\",\"datePublished\":\"2019-01-31T05:14:31+00:00\",\"dateModified\":\"2019-01-31T05:14:31+00:00\",\"breadcrumb\":{\"@id\":\"https:\/\/vosgesinfo.fr\/remiremontinfo\/2019\/01\/ceremonie-douverture-26e-festival-film-fantastique-jai-peur-de\/#breadcrumb\"},\"inLanguage\":\"fr-FR\",\"potentialAction\":[{\"@type\":\"ReadAction\",\"target\":[\"https:\/\/vosgesinfo.fr\/remiremontinfo\/2019\/01\/ceremonie-douverture-26e-festival-film-fantastique-jai-peur-de\/\"]}]},{\"@type\":\"ImageObject\",\"inLanguage\":\"fr-FR\",\"@id\":\"https:\/\/vosgesinfo.fr\/remiremontinfo\/2019\/01\/ceremonie-douverture-26e-festival-film-fantastique-jai-peur-de\/#primaryimage\",\"url\":\"https:\/\/vosgesinfo.fr\/app\/uploads\/sites\/5\/2024\/09\/201901ceremonie-ouverture-festival-2019-film-fantastique-5.jpg\",\"contentUrl\":\"https:\/\/vosgesinfo.fr\/app\/uploads\/sites\/5\/2024\/09\/201901ceremonie-ouverture-festival-2019-film-fantastique-5.jpg\",\"width\":800,\"height\":600},{\"@type\":\"BreadcrumbList\",\"@id\":\"https:\/\/vosgesinfo.fr\/remiremontinfo\/2019\/01\/ceremonie-douverture-26e-festival-film-fantastique-jai-peur-de\/#breadcrumb\",\"itemListElement\":[{\"@type\":\"ListItem\",\"position\":1,\"name\":\"Home\",\"item\":\"https:\/\/vosgesinfo.fr\/remiremontinfo\/\"},{\"@type\":\"ListItem\",\"position\":2,\"name\":\"C\u00e9r\u00e9monie d\u2019ouverture du 26e Festival du Film Fantastique : \u00ab J\u2019ai peur de vous ! \u00bb\"}]},{\"@type\":\"WebSite\",\"@id\":\"https:\/\/vosgesinfo.fr\/remiremontinfo\/#website\",\"url\":\"https:\/\/vosgesinfo.fr\/remiremontinfo\/\",\"name\":\"Remiremont Info\",\"description\":\"Toute l&#039;actualit\u00e9 de Remiremont\",\"publisher\":{\"@id\":\"https:\/\/vosgesinfo.fr\/remiremontinfo\/#organization\"},\"alternateName\":\"Toute l'actualit\u00e9 de Remiremont\",\"potentialAction\":[{\"@type\":\"SearchAction\",\"target\":{\"@type\":\"EntryPoint\",\"urlTemplate\":\"https:\/\/vosgesinfo.fr\/remiremontinfo\/?s={search_term_string}\"},\"query-input\":\"required name=search_term_string\"}],\"inLanguage\":\"fr-FR\"},{\"@type\":\"Organization\",\"@id\":\"https:\/\/vosgesinfo.fr\/remiremontinfo\/#organization\",\"name\":\"Remiremont Info\",\"url\":\"https:\/\/vosgesinfo.fr\/remiremontinfo\/\",\"logo\":{\"@type\":\"ImageObject\",\"inLanguage\":\"fr-FR\",\"@id\":\"https:\/\/vosgesinfo.fr\/remiremontinfo\/#\/schema\/logo\/image\/\",\"url\":\"https:\/\/vosgesinfo.fr\/app\/uploads\/sites\/5\/2023\/08\/favicon-remiremontinfo.png\",\"contentUrl\":\"https:\/\/vosgesinfo.fr\/app\/uploads\/sites\/5\/2023\/08\/favicon-remiremontinfo.png\",\"width\":512,\"height\":512,\"caption\":\"Remiremont Info\"},\"image\":{\"@id\":\"https:\/\/vosgesinfo.fr\/remiremontinfo\/#\/schema\/logo\/image\/\"},\"sameAs\":[\"https:\/\/www.facebook.com\/remiremontinfo\",\"https:\/\/x.com\/VosgesInfo88\",\"https:\/\/www.youtube.com\/@vosgesinfo\"]},{\"@type\":\"Person\",\"@id\":\"https:\/\/vosgesinfo.fr\/remiremontinfo\/#\/schema\/person\/4f57dc393faf2ac8b9f1cab30ad79250\",\"name\":\"Phj\",\"image\":{\"@type\":\"ImageObject\",\"inLanguage\":\"fr-FR\",\"@id\":\"https:\/\/vosgesinfo.fr\/remiremontinfo\/#\/schema\/person\/image\/\",\"url\":\"https:\/\/secure.gravatar.com\/avatar\/ada60265080fb9a89c9809bf0abb1f448a128cb85db1c08905baa5038fbe3cfe?s=96&d=mm&r=g\",\"contentUrl\":\"https:\/\/secure.gravatar.com\/avatar\/ada60265080fb9a89c9809bf0abb1f448a128cb85db1c08905baa5038fbe3cfe?s=96&d=mm&r=g\",\"caption\":\"Phj\"},\"url\":\"https:\/\/vosgesinfo.fr\/remiremontinfo\/author\/phj\/\"}]}<\/script>\n<!-- \/ Yoast SEO plugin. -->","yoast_head_json":{"title":"C\u00e9r\u00e9monie d\u2019ouverture du 26e Festival du Film Fantastique : \u00ab J\u2019ai peur de vous ! \u00bb - Remiremont Info","robots":{"index":"index","follow":"follow","max-snippet":"max-snippet:-1","max-image-preview":"max-image-preview:large","max-video-preview":"max-video-preview:-1"},"canonical":"https:\/\/vosgesinfo.fr\/remiremontinfo\/2019\/01\/ceremonie-douverture-26e-festival-film-fantastique-jai-peur-de\/","twitter_card":"summary_large_image","twitter_title":"C\u00e9r\u00e9monie d\u2019ouverture du 26e Festival du Film Fantastique : \u00ab J\u2019ai peur de vous ! \u00bb - Remiremont Info","twitter_description":"Comme on pouvait s\u2019y attendre, le duo qui pr\u00e9side cette ann\u00e9e le jury long-m\u00e9trage du Festival International du Film Fantastique [&hellip;]","twitter_image":"https:\/\/vosgesinfo.fr\/app\/uploads\/sites\/5\/2024\/09\/201901ceremonie-ouverture-festival-2019-film-fantastique-5.jpg","twitter_creator":"@VosgesInfo88","twitter_site":"@VosgesInfo88","twitter_misc":{"\u00c9crit par":"Phj","Dur\u00e9e de lecture estim\u00e9e":"1 minute"},"schema":{"@context":"https:\/\/schema.org","@graph":[{"@type":"Article","@id":"https:\/\/vosgesinfo.fr\/remiremontinfo\/2019\/01\/ceremonie-douverture-26e-festival-film-fantastique-jai-peur-de\/#article","isPartOf":{"@id":"https:\/\/vosgesinfo.fr\/remiremontinfo\/2019\/01\/ceremonie-douverture-26e-festival-film-fantastique-jai-peur-de\/"},"author":{"name":"Phj","@id":"https:\/\/vosgesinfo.fr\/remiremontinfo\/#\/schema\/person\/4f57dc393faf2ac8b9f1cab30ad79250"},"headline":"C\u00e9r\u00e9monie d\u2019ouverture du 26e Festival du Film Fantastique : \u00ab J\u2019ai peur de vous ! \u00bb","datePublished":"2019-01-31T05:14:31+00:00","dateModified":"2019-01-31T05:14:31+00:00","mainEntityOfPage":{"@id":"https:\/\/vosgesinfo.fr\/remiremontinfo\/2019\/01\/ceremonie-douverture-26e-festival-film-fantastique-jai-peur-de\/"},"wordCount":244,"commentCount":0,"publisher":{"@id":"https:\/\/vosgesinfo.fr\/remiremontinfo\/#organization"},"image":{"@id":"https:\/\/vosgesinfo.fr\/remiremontinfo\/2019\/01\/ceremonie-douverture-26e-festival-film-fantastique-jai-peur-de\/#primaryimage"},"thumbnailUrl":"https:\/\/vosgesinfo.fr\/app\/uploads\/sites\/5\/2024\/09\/201901ceremonie-ouverture-festival-2019-film-fantastique-5.jpg","articleSection":["A la Une","Vosges"],"inLanguage":"fr-FR","potentialAction":[{"@type":"CommentAction","name":"Comment","target":["https:\/\/vosgesinfo.fr\/remiremontinfo\/2019\/01\/ceremonie-douverture-26e-festival-film-fantastique-jai-peur-de\/#respond"]}]},{"@type":"WebPage","@id":"https:\/\/vosgesinfo.fr\/remiremontinfo\/2019\/01\/ceremonie-douverture-26e-festival-film-fantastique-jai-peur-de\/","url":"https:\/\/vosgesinfo.fr\/remiremontinfo\/2019\/01\/ceremonie-douverture-26e-festival-film-fantastique-jai-peur-de\/","name":"C\u00e9r\u00e9monie d\u2019ouverture du 26e Festival du Film Fantastique : \u00ab J\u2019ai peur de vous ! \u00bb - Remiremont Info","isPartOf":{"@id":"https:\/\/vosgesinfo.fr\/remiremontinfo\/#website"},"primaryImageOfPage":{"@id":"https:\/\/vosgesinfo.fr\/remiremontinfo\/2019\/01\/ceremonie-douverture-26e-festival-film-fantastique-jai-peur-de\/#primaryimage"},"image":{"@id":"https:\/\/vosgesinfo.fr\/remiremontinfo\/2019\/01\/ceremonie-douverture-26e-festival-film-fantastique-jai-peur-de\/#primaryimage"},"thumbnailUrl":"https:\/\/vosgesinfo.fr\/app\/uploads\/sites\/5\/2024\/09\/201901ceremonie-ouverture-festival-2019-film-fantastique-5.jpg","datePublished":"2019-01-31T05:14:31+00:00","dateModified":"2019-01-31T05:14:31+00:00","breadcrumb":{"@id":"https:\/\/vosgesinfo.fr\/remiremontinfo\/2019\/01\/ceremonie-douverture-26e-festival-film-fantastique-jai-peur-de\/#breadcrumb"},"inLanguage":"fr-FR","potentialAction":[{"@type":"ReadAction","target":["https:\/\/vosgesinfo.fr\/remiremontinfo\/2019\/01\/ceremonie-douverture-26e-festival-film-fantastique-jai-peur-de\/"]}]},{"@type":"ImageObject","inLanguage":"fr-FR","@id":"https:\/\/vosgesinfo.fr\/remiremontinfo\/2019\/01\/ceremonie-douverture-26e-festival-film-fantastique-jai-peur-de\/#primaryimage","url":"https:\/\/vosgesinfo.fr\/app\/uploads\/sites\/5\/2024\/09\/201901ceremonie-ouverture-festival-2019-film-fantastique-5.jpg","contentUrl":"https:\/\/vosgesinfo.fr\/app\/uploads\/sites\/5\/2024\/09\/201901ceremonie-ouverture-festival-2019-film-fantastique-5.jpg","width":800,"height":600},{"@type":"BreadcrumbList","@id":"https:\/\/vosgesinfo.fr\/remiremontinfo\/2019\/01\/ceremonie-douverture-26e-festival-film-fantastique-jai-peur-de\/#breadcrumb","itemListElement":[{"@type":"ListItem","position":1,"name":"Home","item":"https:\/\/vosgesinfo.fr\/remiremontinfo\/"},{"@type":"ListItem","position":2,"name":"C\u00e9r\u00e9monie d\u2019ouverture du 26e Festival du Film Fantastique : \u00ab J\u2019ai peur de vous ! \u00bb"}]},{"@type":"WebSite","@id":"https:\/\/vosgesinfo.fr\/remiremontinfo\/#website","url":"https:\/\/vosgesinfo.fr\/remiremontinfo\/","name":"Remiremont Info","description":"Toute l&#039;actualit\u00e9 de Remiremont","publisher":{"@id":"https:\/\/vosgesinfo.fr\/remiremontinfo\/#organization"},"alternateName":"Toute l'actualit\u00e9 de Remiremont","potentialAction":[{"@type":"SearchAction","target":{"@type":"EntryPoint","urlTemplate":"https:\/\/vosgesinfo.fr\/remiremontinfo\/?s={search_term_string}"},"query-input":"required name=search_term_string"}],"inLanguage":"fr-FR"},{"@type":"Organization","@id":"https:\/\/vosgesinfo.fr\/remiremontinfo\/#organization","name":"Remiremont Info","url":"https:\/\/vosgesinfo.fr\/remiremontinfo\/","logo":{"@type":"ImageObject","inLanguage":"fr-FR","@id":"https:\/\/vosgesinfo.fr\/remiremontinfo\/#\/schema\/logo\/image\/","url":"https:\/\/vosgesinfo.fr\/app\/uploads\/sites\/5\/2023\/08\/favicon-remiremontinfo.png","contentUrl":"https:\/\/vosgesinfo.fr\/app\/uploads\/sites\/5\/2023\/08\/favicon-remiremontinfo.png","width":512,"height":512,"caption":"Remiremont Info"},"image":{"@id":"https:\/\/vosgesinfo.fr\/remiremontinfo\/#\/schema\/logo\/image\/"},"sameAs":["https:\/\/www.facebook.com\/remiremontinfo","https:\/\/x.com\/VosgesInfo88","https:\/\/www.youtube.com\/@vosgesinfo"]},{"@type":"Person","@id":"https:\/\/vosgesinfo.fr\/remiremontinfo\/#\/schema\/person\/4f57dc393faf2ac8b9f1cab30ad79250","name":"Phj","image":{"@type":"ImageObject","inLanguage":"fr-FR","@id":"https:\/\/vosgesinfo.fr\/remiremontinfo\/#\/schema\/person\/image\/","url":"https:\/\/secure.gravatar.com\/avatar\/ada60265080fb9a89c9809bf0abb1f448a128cb85db1c08905baa5038fbe3cfe?s=96&d=mm&r=g","contentUrl":"https:\/\/secure.gravatar.com\/avatar\/ada60265080fb9a89c9809bf0abb1f448a128cb85db1c08905baa5038fbe3cfe?s=96&d=mm&r=g","caption":"Phj"},"url":"https:\/\/vosgesinfo.fr\/remiremontinfo\/author\/phj\/"}]}},"_links":{"self":[{"href":"https:\/\/vosgesinfo.fr\/remiremontinfo\/wp-json\/wp\/v2\/posts\/10164","targetHints":{"allow":["GET"]}}],"collection":[{"href":"https:\/\/vosgesinfo.fr\/remiremontinfo\/wp-json\/wp\/v2\/posts"}],"about":[{"href":"https:\/\/vosgesinfo.fr\/remiremontinfo\/wp-json\/wp\/v2\/types\/post"}],"author":[{"embeddable":true,"href":"https:\/\/vosgesinfo.fr\/remiremontinfo\/wp-json\/wp\/v2\/users\/39"}],"replies":[{"embeddable":true,"href":"https:\/\/vosgesinfo.fr\/remiremontinfo\/wp-json\/wp\/v2\/comments?post=10164"}],"version-history":[{"count":0,"href":"https:\/\/vosgesinfo.fr\/remiremontinfo\/wp-json\/wp\/v2\/posts\/10164\/revisions"}],"wp:featuredmedia":[{"embeddable":true,"href":"https:\/\/vosgesinfo.fr\/remiremontinfo\/wp-json\/wp\/v2\/media\/10165"}],"wp:attachment":[{"href":"https:\/\/vosgesinfo.fr\/remiremontinfo\/wp-json\/wp\/v2\/media?parent=10164"}],"wp:term":[{"taxonomy":"category","embeddable":true,"href":"https:\/\/vosgesinfo.fr\/remiremontinfo\/wp-json\/wp\/v2\/categories?post=10164"},{"taxonomy":"post_tag","embeddable":true,"href":"https:\/\/vosgesinfo.fr\/remiremontinfo\/wp-json\/wp\/v2\/tags?post=10164"}],"curies":[{"name":"wp","href":"https:\/\/api.w.org\/{rel}","templated":true}]}}