{"id":10184,"date":"2019-01-31T07:46:54","date_gmt":"2019-01-31T06:46:54","guid":{"rendered":"https:\/\/vosgesinfo.fr\/remiremontinfo\/2019\/01\/enfants-de-lortf-repetition-generale-petiots-petit-theatre-de-vecoux\/"},"modified":"2019-01-31T07:46:54","modified_gmt":"2019-01-31T06:46:54","slug":"enfants-de-lortf-repetition-generale-petiots-petit-theatre-de-vecoux","status":"publish","type":"post","link":"https:\/\/vosgesinfo.fr\/remiremontinfo\/2019\/01\/enfants-de-lortf-repetition-generale-petiots-petit-theatre-de-vecoux\/","title":{"rendered":"\u00ab\u00a0Les enfants de l\u2019ORTF\u00a0\u00bb &#8211; R\u00e9p\u00e9tition g\u00e9n\u00e9rale pour les petiots du Petit Th\u00e9\u00e2tre de Vecoux"},"content":{"rendered":"<p>&nbsp;<\/p>\n<h2><a href=\"\/2019\/01\/30.01.2019-ge\u0301ne\u0301rale-des-PETIOTS-a-st-AME-76.jpg\"><img decoding=\"async\" class=\"alignnone size-full wp-image-252331\" src=\"\/2019\/01\/30.01.2019-ge\u0301ne\u0301rale-des-PETIOTS-a-st-AME-76.jpg\" alt=\"30.01.2019 ge\u0301ne\u0301rale des PETIOTS a st AME (76)\" width=\"1024\" height=\"680\" \/><\/a><\/h2>\n<h2><span style=\"font-size: 12pt;\">Ce mercredi soir, c&rsquo;\u00e9tait r\u00e9p\u00e9tition g\u00e9n\u00e9rale pour les \u00ab\u00a0petiots\u00a0\u00bb du Petit Th\u00e9\u00e2tre de Vecoux ! La plus jeune des troupes du th\u00e9\u00e2tre interpr\u00e9tait<em> \u00ab\u00a0Les enfants de l\u2019ORTF\u00a0\u00bb<\/em>, une\u00a0pi\u00e8ce \u00e9crite et mise en sc\u00e8ne par Jean-Charles Tisserand.<\/span><\/h2>\n<p>Des enfants ennuy\u00e9s par un repas de famille d\u00e9cident de monter dans le grenier de leur grand m\u00e8re. L\u00e0, surprise, ils d\u00e9couvrent une tr\u00e8s vieille t\u00e9l\u00e9 des ann\u00e9es 60 qui fonctionne encore !S&rsquo;ensuit\u00a0un Zapping t\u00e9l\u00e9 de l&rsquo;\u00e9poque de l&rsquo;ORTF.\u00a0Au programme: les \u00e9missions et les films cultes des ann\u00e9es 60 (Grande Vadrouille, Corniaud, et surtout les Tontons Flingueurs), les incontournables speakerines, avec en prime quelques pas de danses !<\/p>\n<p>La pi\u00e8ce sera jou\u00e9e\u00a0avant celle de la troupe adulte, \u00ab\u00a0Panique au plazza \u00bb, mise en sc\u00e8ne par Stephane Antoine, pendant 4 weekends \u00e0 la salle paroissiale de Saint-Am\u00e9.<\/p>\n<p>R\u00e9servations de 17h30 \u00e0 20h au 07 83 35 13 01.<\/p>\n\n<p>&nbsp;<\/p>\n<p>&nbsp;<\/p>\n","protected":false},"excerpt":{"rendered":"<p>&nbsp; Ce mercredi soir, c&rsquo;\u00e9tait r\u00e9p\u00e9tition g\u00e9n\u00e9rale pour les \u00ab\u00a0petiots\u00a0\u00bb du Petit Th\u00e9\u00e2tre de Vecoux ! La plus jeune des [&hellip;]<\/p>\n","protected":false},"author":407,"featured_media":10185,"comment_status":"open","ping_status":"open","sticky":false,"template":"","format":"standard","meta":{"footnotes":""},"categories":[26,4,35,223],"tags":[225,122,56],"class_list":["post-10184","post","type-post","status-publish","format-standard","has-post-thumbnail","hentry","category-a-la-une","category-culture","category-remiremont-son-canton","category-saint-ame","tag-saint-ame","tag-sorties","tag-theatre"],"acf":[],"yoast_head":"<!-- This site is optimized with the Yoast SEO plugin v22.5 - https:\/\/yoast.com\/wordpress\/plugins\/seo\/ -->\n<title>\u00ab\u00a0Les enfants de l\u2019ORTF\u00a0\u00bb - R\u00e9p\u00e9tition g\u00e9n\u00e9rale pour les petiots du Petit Th\u00e9\u00e2tre de Vecoux - Remiremont Info<\/title>\n<meta name=\"robots\" content=\"index, follow, max-snippet:-1, max-image-preview:large, max-video-preview:-1\" \/>\n<link rel=\"canonical\" href=\"https:\/\/vosgesinfo.fr\/remiremontinfo\/2019\/01\/enfants-de-lortf-repetition-generale-petiots-petit-theatre-de-vecoux\/\" \/>\n<meta name=\"twitter:card\" content=\"summary_large_image\" \/>\n<meta name=\"twitter:title\" content=\"\u00ab\u00a0Les enfants de l\u2019ORTF\u00a0\u00bb - R\u00e9p\u00e9tition g\u00e9n\u00e9rale pour les petiots du Petit Th\u00e9\u00e2tre de Vecoux - Remiremont Info\" \/>\n<meta name=\"twitter:description\" content=\"&nbsp; Ce mercredi soir, c&rsquo;\u00e9tait r\u00e9p\u00e9tition g\u00e9n\u00e9rale pour les \u00ab\u00a0petiots\u00a0\u00bb du Petit Th\u00e9\u00e2tre de Vecoux ! La plus jeune des [&hellip;]\" \/>\n<meta name=\"twitter:image\" content=\"https:\/\/vosgesinfo.fr\/app\/uploads\/sites\/5\/2024\/09\/20190130.01.2019-generale-des-petiots-a-st-ame-76.jpg\" \/>\n<meta name=\"twitter:creator\" content=\"@VosgesInfo88\" \/>\n<meta name=\"twitter:site\" content=\"@VosgesInfo88\" \/>\n<meta name=\"twitter:label1\" content=\"\u00c9crit par\" \/>\n\t<meta name=\"twitter:data1\" content=\"C D\" \/>\n\t<meta name=\"twitter:label2\" content=\"Dur\u00e9e de lecture estim\u00e9e\" \/>\n\t<meta name=\"twitter:data2\" content=\"1 minute\" \/>\n<script type=\"application\/ld+json\" class=\"yoast-schema-graph\">{\"@context\":\"https:\/\/schema.org\",\"@graph\":[{\"@type\":\"Article\",\"@id\":\"https:\/\/vosgesinfo.fr\/remiremontinfo\/2019\/01\/enfants-de-lortf-repetition-generale-petiots-petit-theatre-de-vecoux\/#article\",\"isPartOf\":{\"@id\":\"https:\/\/vosgesinfo.fr\/remiremontinfo\/2019\/01\/enfants-de-lortf-repetition-generale-petiots-petit-theatre-de-vecoux\/\"},\"author\":{\"name\":\"C D\",\"@id\":\"https:\/\/vosgesinfo.fr\/remiremontinfo\/#\/schema\/person\/3bfd164d5218a185b1db68655a265316\"},\"headline\":\"\u00ab\u00a0Les enfants de l\u2019ORTF\u00a0\u00bb &#8211; R\u00e9p\u00e9tition g\u00e9n\u00e9rale pour les petiots du Petit Th\u00e9\u00e2tre de Vecoux\",\"datePublished\":\"2019-01-31T06:46:54+00:00\",\"dateModified\":\"2019-01-31T06:46:54+00:00\",\"mainEntityOfPage\":{\"@id\":\"https:\/\/vosgesinfo.fr\/remiremontinfo\/2019\/01\/enfants-de-lortf-repetition-generale-petiots-petit-theatre-de-vecoux\/\"},\"wordCount\":193,\"commentCount\":0,\"publisher\":{\"@id\":\"https:\/\/vosgesinfo.fr\/remiremontinfo\/#organization\"},\"image\":{\"@id\":\"https:\/\/vosgesinfo.fr\/remiremontinfo\/2019\/01\/enfants-de-lortf-repetition-generale-petiots-petit-theatre-de-vecoux\/#primaryimage\"},\"thumbnailUrl\":\"https:\/\/vosgesinfo.fr\/app\/uploads\/sites\/5\/2024\/09\/20190130.01.2019-generale-des-petiots-a-st-ame-76.jpg\",\"keywords\":[\"saint-am\u00e9\",\"Sorties\",\"th\u00e9\u00e2tre\"],\"articleSection\":[\"A la Une\",\"Culture\",\"Remiremont &amp; son canton\",\"Saint-Am\u00e9\"],\"inLanguage\":\"fr-FR\",\"potentialAction\":[{\"@type\":\"CommentAction\",\"name\":\"Comment\",\"target\":[\"https:\/\/vosgesinfo.fr\/remiremontinfo\/2019\/01\/enfants-de-lortf-repetition-generale-petiots-petit-theatre-de-vecoux\/#respond\"]}]},{\"@type\":\"WebPage\",\"@id\":\"https:\/\/vosgesinfo.fr\/remiremontinfo\/2019\/01\/enfants-de-lortf-repetition-generale-petiots-petit-theatre-de-vecoux\/\",\"url\":\"https:\/\/vosgesinfo.fr\/remiremontinfo\/2019\/01\/enfants-de-lortf-repetition-generale-petiots-petit-theatre-de-vecoux\/\",\"name\":\"\u00ab\u00a0Les enfants de l\u2019ORTF\u00a0\u00bb - R\u00e9p\u00e9tition g\u00e9n\u00e9rale pour les petiots du Petit Th\u00e9\u00e2tre de Vecoux - Remiremont Info\",\"isPartOf\":{\"@id\":\"https:\/\/vosgesinfo.fr\/remiremontinfo\/#website\"},\"primaryImageOfPage\":{\"@id\":\"https:\/\/vosgesinfo.fr\/remiremontinfo\/2019\/01\/enfants-de-lortf-repetition-generale-petiots-petit-theatre-de-vecoux\/#primaryimage\"},\"image\":{\"@id\":\"https:\/\/vosgesinfo.fr\/remiremontinfo\/2019\/01\/enfants-de-lortf-repetition-generale-petiots-petit-theatre-de-vecoux\/#primaryimage\"},\"thumbnailUrl\":\"https:\/\/vosgesinfo.fr\/app\/uploads\/sites\/5\/2024\/09\/20190130.01.2019-generale-des-petiots-a-st-ame-76.jpg\",\"datePublished\":\"2019-01-31T06:46:54+00:00\",\"dateModified\":\"2019-01-31T06:46:54+00:00\",\"breadcrumb\":{\"@id\":\"https:\/\/vosgesinfo.fr\/remiremontinfo\/2019\/01\/enfants-de-lortf-repetition-generale-petiots-petit-theatre-de-vecoux\/#breadcrumb\"},\"inLanguage\":\"fr-FR\",\"potentialAction\":[{\"@type\":\"ReadAction\",\"target\":[\"https:\/\/vosgesinfo.fr\/remiremontinfo\/2019\/01\/enfants-de-lortf-repetition-generale-petiots-petit-theatre-de-vecoux\/\"]}]},{\"@type\":\"ImageObject\",\"inLanguage\":\"fr-FR\",\"@id\":\"https:\/\/vosgesinfo.fr\/remiremontinfo\/2019\/01\/enfants-de-lortf-repetition-generale-petiots-petit-theatre-de-vecoux\/#primaryimage\",\"url\":\"https:\/\/vosgesinfo.fr\/app\/uploads\/sites\/5\/2024\/09\/20190130.01.2019-generale-des-petiots-a-st-ame-76.jpg\",\"contentUrl\":\"https:\/\/vosgesinfo.fr\/app\/uploads\/sites\/5\/2024\/09\/20190130.01.2019-generale-des-petiots-a-st-ame-76.jpg\",\"width\":1024,\"height\":680},{\"@type\":\"BreadcrumbList\",\"@id\":\"https:\/\/vosgesinfo.fr\/remiremontinfo\/2019\/01\/enfants-de-lortf-repetition-generale-petiots-petit-theatre-de-vecoux\/#breadcrumb\",\"itemListElement\":[{\"@type\":\"ListItem\",\"position\":1,\"name\":\"Home\",\"item\":\"https:\/\/vosgesinfo.fr\/remiremontinfo\/\"},{\"@type\":\"ListItem\",\"position\":2,\"name\":\"\u00ab\u00a0Les enfants de l\u2019ORTF\u00a0\u00bb &#8211; R\u00e9p\u00e9tition g\u00e9n\u00e9rale pour les petiots du Petit Th\u00e9\u00e2tre de Vecoux\"}]},{\"@type\":\"WebSite\",\"@id\":\"https:\/\/vosgesinfo.fr\/remiremontinfo\/#website\",\"url\":\"https:\/\/vosgesinfo.fr\/remiremontinfo\/\",\"name\":\"Remiremont Info\",\"description\":\"Toute l&#039;actualit\u00e9 de Remiremont\",\"publisher\":{\"@id\":\"https:\/\/vosgesinfo.fr\/remiremontinfo\/#organization\"},\"alternateName\":\"Toute l'actualit\u00e9 de Remiremont\",\"potentialAction\":[{\"@type\":\"SearchAction\",\"target\":{\"@type\":\"EntryPoint\",\"urlTemplate\":\"https:\/\/vosgesinfo.fr\/remiremontinfo\/?s={search_term_string}\"},\"query-input\":\"required name=search_term_string\"}],\"inLanguage\":\"fr-FR\"},{\"@type\":\"Organization\",\"@id\":\"https:\/\/vosgesinfo.fr\/remiremontinfo\/#organization\",\"name\":\"Remiremont Info\",\"url\":\"https:\/\/vosgesinfo.fr\/remiremontinfo\/\",\"logo\":{\"@type\":\"ImageObject\",\"inLanguage\":\"fr-FR\",\"@id\":\"https:\/\/vosgesinfo.fr\/remiremontinfo\/#\/schema\/logo\/image\/\",\"url\":\"https:\/\/vosgesinfo.fr\/app\/uploads\/sites\/5\/2023\/08\/favicon-remiremontinfo.png\",\"contentUrl\":\"https:\/\/vosgesinfo.fr\/app\/uploads\/sites\/5\/2023\/08\/favicon-remiremontinfo.png\",\"width\":512,\"height\":512,\"caption\":\"Remiremont Info\"},\"image\":{\"@id\":\"https:\/\/vosgesinfo.fr\/remiremontinfo\/#\/schema\/logo\/image\/\"},\"sameAs\":[\"https:\/\/www.facebook.com\/remiremontinfo\",\"https:\/\/x.com\/VosgesInfo88\",\"https:\/\/www.youtube.com\/@vosgesinfo\"]},{\"@type\":\"Person\",\"@id\":\"https:\/\/vosgesinfo.fr\/remiremontinfo\/#\/schema\/person\/3bfd164d5218a185b1db68655a265316\",\"name\":\"C D\",\"image\":{\"@type\":\"ImageObject\",\"inLanguage\":\"fr-FR\",\"@id\":\"https:\/\/vosgesinfo.fr\/remiremontinfo\/#\/schema\/person\/image\/\",\"url\":\"https:\/\/secure.gravatar.com\/avatar\/1f9a70007336511a47468b8f1c66f922b8b7cf617b02a31149ada43893a5d48f?s=96&d=mm&r=g\",\"contentUrl\":\"https:\/\/secure.gravatar.com\/avatar\/1f9a70007336511a47468b8f1c66f922b8b7cf617b02a31149ada43893a5d48f?s=96&d=mm&r=g\",\"caption\":\"C D\"},\"url\":\"https:\/\/vosgesinfo.fr\/remiremontinfo\/author\/cedric-drevet\/\"}]}<\/script>\n<!-- \/ Yoast SEO plugin. -->","yoast_head_json":{"title":"\u00ab\u00a0Les enfants de l\u2019ORTF\u00a0\u00bb - R\u00e9p\u00e9tition g\u00e9n\u00e9rale pour les petiots du Petit Th\u00e9\u00e2tre de Vecoux - Remiremont Info","robots":{"index":"index","follow":"follow","max-snippet":"max-snippet:-1","max-image-preview":"max-image-preview:large","max-video-preview":"max-video-preview:-1"},"canonical":"https:\/\/vosgesinfo.fr\/remiremontinfo\/2019\/01\/enfants-de-lortf-repetition-generale-petiots-petit-theatre-de-vecoux\/","twitter_card":"summary_large_image","twitter_title":"\u00ab\u00a0Les enfants de l\u2019ORTF\u00a0\u00bb - R\u00e9p\u00e9tition g\u00e9n\u00e9rale pour les petiots du Petit Th\u00e9\u00e2tre de Vecoux - Remiremont Info","twitter_description":"&nbsp; Ce mercredi soir, c&rsquo;\u00e9tait r\u00e9p\u00e9tition g\u00e9n\u00e9rale pour les \u00ab\u00a0petiots\u00a0\u00bb du Petit Th\u00e9\u00e2tre de Vecoux ! La plus jeune des [&hellip;]","twitter_image":"https:\/\/vosgesinfo.fr\/app\/uploads\/sites\/5\/2024\/09\/20190130.01.2019-generale-des-petiots-a-st-ame-76.jpg","twitter_creator":"@VosgesInfo88","twitter_site":"@VosgesInfo88","twitter_misc":{"\u00c9crit par":"C D","Dur\u00e9e de lecture estim\u00e9e":"1 minute"},"schema":{"@context":"https:\/\/schema.org","@graph":[{"@type":"Article","@id":"https:\/\/vosgesinfo.fr\/remiremontinfo\/2019\/01\/enfants-de-lortf-repetition-generale-petiots-petit-theatre-de-vecoux\/#article","isPartOf":{"@id":"https:\/\/vosgesinfo.fr\/remiremontinfo\/2019\/01\/enfants-de-lortf-repetition-generale-petiots-petit-theatre-de-vecoux\/"},"author":{"name":"C D","@id":"https:\/\/vosgesinfo.fr\/remiremontinfo\/#\/schema\/person\/3bfd164d5218a185b1db68655a265316"},"headline":"\u00ab\u00a0Les enfants de l\u2019ORTF\u00a0\u00bb &#8211; R\u00e9p\u00e9tition g\u00e9n\u00e9rale pour les petiots du Petit Th\u00e9\u00e2tre de Vecoux","datePublished":"2019-01-31T06:46:54+00:00","dateModified":"2019-01-31T06:46:54+00:00","mainEntityOfPage":{"@id":"https:\/\/vosgesinfo.fr\/remiremontinfo\/2019\/01\/enfants-de-lortf-repetition-generale-petiots-petit-theatre-de-vecoux\/"},"wordCount":193,"commentCount":0,"publisher":{"@id":"https:\/\/vosgesinfo.fr\/remiremontinfo\/#organization"},"image":{"@id":"https:\/\/vosgesinfo.fr\/remiremontinfo\/2019\/01\/enfants-de-lortf-repetition-generale-petiots-petit-theatre-de-vecoux\/#primaryimage"},"thumbnailUrl":"https:\/\/vosgesinfo.fr\/app\/uploads\/sites\/5\/2024\/09\/20190130.01.2019-generale-des-petiots-a-st-ame-76.jpg","keywords":["saint-am\u00e9","Sorties","th\u00e9\u00e2tre"],"articleSection":["A la Une","Culture","Remiremont &amp; son canton","Saint-Am\u00e9"],"inLanguage":"fr-FR","potentialAction":[{"@type":"CommentAction","name":"Comment","target":["https:\/\/vosgesinfo.fr\/remiremontinfo\/2019\/01\/enfants-de-lortf-repetition-generale-petiots-petit-theatre-de-vecoux\/#respond"]}]},{"@type":"WebPage","@id":"https:\/\/vosgesinfo.fr\/remiremontinfo\/2019\/01\/enfants-de-lortf-repetition-generale-petiots-petit-theatre-de-vecoux\/","url":"https:\/\/vosgesinfo.fr\/remiremontinfo\/2019\/01\/enfants-de-lortf-repetition-generale-petiots-petit-theatre-de-vecoux\/","name":"\u00ab\u00a0Les enfants de l\u2019ORTF\u00a0\u00bb - R\u00e9p\u00e9tition g\u00e9n\u00e9rale pour les petiots du Petit Th\u00e9\u00e2tre de Vecoux - Remiremont Info","isPartOf":{"@id":"https:\/\/vosgesinfo.fr\/remiremontinfo\/#website"},"primaryImageOfPage":{"@id":"https:\/\/vosgesinfo.fr\/remiremontinfo\/2019\/01\/enfants-de-lortf-repetition-generale-petiots-petit-theatre-de-vecoux\/#primaryimage"},"image":{"@id":"https:\/\/vosgesinfo.fr\/remiremontinfo\/2019\/01\/enfants-de-lortf-repetition-generale-petiots-petit-theatre-de-vecoux\/#primaryimage"},"thumbnailUrl":"https:\/\/vosgesinfo.fr\/app\/uploads\/sites\/5\/2024\/09\/20190130.01.2019-generale-des-petiots-a-st-ame-76.jpg","datePublished":"2019-01-31T06:46:54+00:00","dateModified":"2019-01-31T06:46:54+00:00","breadcrumb":{"@id":"https:\/\/vosgesinfo.fr\/remiremontinfo\/2019\/01\/enfants-de-lortf-repetition-generale-petiots-petit-theatre-de-vecoux\/#breadcrumb"},"inLanguage":"fr-FR","potentialAction":[{"@type":"ReadAction","target":["https:\/\/vosgesinfo.fr\/remiremontinfo\/2019\/01\/enfants-de-lortf-repetition-generale-petiots-petit-theatre-de-vecoux\/"]}]},{"@type":"ImageObject","inLanguage":"fr-FR","@id":"https:\/\/vosgesinfo.fr\/remiremontinfo\/2019\/01\/enfants-de-lortf-repetition-generale-petiots-petit-theatre-de-vecoux\/#primaryimage","url":"https:\/\/vosgesinfo.fr\/app\/uploads\/sites\/5\/2024\/09\/20190130.01.2019-generale-des-petiots-a-st-ame-76.jpg","contentUrl":"https:\/\/vosgesinfo.fr\/app\/uploads\/sites\/5\/2024\/09\/20190130.01.2019-generale-des-petiots-a-st-ame-76.jpg","width":1024,"height":680},{"@type":"BreadcrumbList","@id":"https:\/\/vosgesinfo.fr\/remiremontinfo\/2019\/01\/enfants-de-lortf-repetition-generale-petiots-petit-theatre-de-vecoux\/#breadcrumb","itemListElement":[{"@type":"ListItem","position":1,"name":"Home","item":"https:\/\/vosgesinfo.fr\/remiremontinfo\/"},{"@type":"ListItem","position":2,"name":"\u00ab\u00a0Les enfants de l\u2019ORTF\u00a0\u00bb &#8211; R\u00e9p\u00e9tition g\u00e9n\u00e9rale pour les petiots du Petit Th\u00e9\u00e2tre de Vecoux"}]},{"@type":"WebSite","@id":"https:\/\/vosgesinfo.fr\/remiremontinfo\/#website","url":"https:\/\/vosgesinfo.fr\/remiremontinfo\/","name":"Remiremont Info","description":"Toute l&#039;actualit\u00e9 de Remiremont","publisher":{"@id":"https:\/\/vosgesinfo.fr\/remiremontinfo\/#organization"},"alternateName":"Toute l'actualit\u00e9 de Remiremont","potentialAction":[{"@type":"SearchAction","target":{"@type":"EntryPoint","urlTemplate":"https:\/\/vosgesinfo.fr\/remiremontinfo\/?s={search_term_string}"},"query-input":"required name=search_term_string"}],"inLanguage":"fr-FR"},{"@type":"Organization","@id":"https:\/\/vosgesinfo.fr\/remiremontinfo\/#organization","name":"Remiremont Info","url":"https:\/\/vosgesinfo.fr\/remiremontinfo\/","logo":{"@type":"ImageObject","inLanguage":"fr-FR","@id":"https:\/\/vosgesinfo.fr\/remiremontinfo\/#\/schema\/logo\/image\/","url":"https:\/\/vosgesinfo.fr\/app\/uploads\/sites\/5\/2023\/08\/favicon-remiremontinfo.png","contentUrl":"https:\/\/vosgesinfo.fr\/app\/uploads\/sites\/5\/2023\/08\/favicon-remiremontinfo.png","width":512,"height":512,"caption":"Remiremont Info"},"image":{"@id":"https:\/\/vosgesinfo.fr\/remiremontinfo\/#\/schema\/logo\/image\/"},"sameAs":["https:\/\/www.facebook.com\/remiremontinfo","https:\/\/x.com\/VosgesInfo88","https:\/\/www.youtube.com\/@vosgesinfo"]},{"@type":"Person","@id":"https:\/\/vosgesinfo.fr\/remiremontinfo\/#\/schema\/person\/3bfd164d5218a185b1db68655a265316","name":"C D","image":{"@type":"ImageObject","inLanguage":"fr-FR","@id":"https:\/\/vosgesinfo.fr\/remiremontinfo\/#\/schema\/person\/image\/","url":"https:\/\/secure.gravatar.com\/avatar\/1f9a70007336511a47468b8f1c66f922b8b7cf617b02a31149ada43893a5d48f?s=96&d=mm&r=g","contentUrl":"https:\/\/secure.gravatar.com\/avatar\/1f9a70007336511a47468b8f1c66f922b8b7cf617b02a31149ada43893a5d48f?s=96&d=mm&r=g","caption":"C D"},"url":"https:\/\/vosgesinfo.fr\/remiremontinfo\/author\/cedric-drevet\/"}]}},"_links":{"self":[{"href":"https:\/\/vosgesinfo.fr\/remiremontinfo\/wp-json\/wp\/v2\/posts\/10184","targetHints":{"allow":["GET"]}}],"collection":[{"href":"https:\/\/vosgesinfo.fr\/remiremontinfo\/wp-json\/wp\/v2\/posts"}],"about":[{"href":"https:\/\/vosgesinfo.fr\/remiremontinfo\/wp-json\/wp\/v2\/types\/post"}],"author":[{"embeddable":true,"href":"https:\/\/vosgesinfo.fr\/remiremontinfo\/wp-json\/wp\/v2\/users\/407"}],"replies":[{"embeddable":true,"href":"https:\/\/vosgesinfo.fr\/remiremontinfo\/wp-json\/wp\/v2\/comments?post=10184"}],"version-history":[{"count":0,"href":"https:\/\/vosgesinfo.fr\/remiremontinfo\/wp-json\/wp\/v2\/posts\/10184\/revisions"}],"wp:featuredmedia":[{"embeddable":true,"href":"https:\/\/vosgesinfo.fr\/remiremontinfo\/wp-json\/wp\/v2\/media\/10185"}],"wp:attachment":[{"href":"https:\/\/vosgesinfo.fr\/remiremontinfo\/wp-json\/wp\/v2\/media?parent=10184"}],"wp:term":[{"taxonomy":"category","embeddable":true,"href":"https:\/\/vosgesinfo.fr\/remiremontinfo\/wp-json\/wp\/v2\/categories?post=10184"},{"taxonomy":"post_tag","embeddable":true,"href":"https:\/\/vosgesinfo.fr\/remiremontinfo\/wp-json\/wp\/v2\/tags?post=10184"}],"curies":[{"name":"wp","href":"https:\/\/api.w.org\/{rel}","templated":true}]}}