{"id":10198,"date":"2019-01-31T07:32:15","date_gmt":"2019-01-31T06:32:15","guid":{"rendered":"https:\/\/vosgesinfo.fr\/remiremontinfo\/2019\/01\/val-dajol-programme-de-traditionnelle-foire-aux-andouilles\/"},"modified":"2019-01-31T07:32:15","modified_gmt":"2019-01-31T06:32:15","slug":"val-dajol-programme-de-traditionnelle-foire-aux-andouilles","status":"publish","type":"post","link":"https:\/\/vosgesinfo.fr\/remiremontinfo\/2019\/01\/val-dajol-programme-de-traditionnelle-foire-aux-andouilles\/","title":{"rendered":"Le Val d&rsquo;Ajol : Le programme de la traditionnelle Foire aux Andouilles"},"content":{"rendered":"<p><a href=\"\/2019\/01\/smallit3.jpg\"><img decoding=\"async\" class=\"alignnone size-full wp-image-252358\" src=\"\/2019\/01\/smallit3.jpg\" alt=\"smallit\" width=\"790\" height=\"592\" \/><\/a><\/p>\n<p>La traditionnelle Foire aux Andouilles du Val d&rsquo;Ajol, c&rsquo;est le weekend des 16\/17\/18 f\u00e9vrier. Au programme :<\/p>\n<p><strong>Samedi 16<\/strong>\u00a0<em>\u00ab\u00a0Journ\u00e9e des Confr\u00e9ries\u00a0\u00bb<\/em> :<\/p>\n<p>March\u00e9 Gourmand de 10h \u00e0 18h (sous chapiteau, Place du S\u00f4), March\u00e9 aux Puces, Brocante de 8h \u00e0 17h (Place du S\u00f4), Chapitre des confr\u00e9ries \u00e0 11h avec d\u00e9fil\u00e9 et intronisations, animations de rues et musiques.<\/p>\n<p><strong>Dimanche 17<\/strong> <em>\u00ab\u00a0Le Val-d&rsquo;Ajol fait sa parade\u00a0\u00bb<\/em> :<\/p>\n<p>March\u00e9 Gourmand de 10h \u00e0 18h (sous chapiteau, Place du S\u00f4), Salon du livre r\u00e9gional de 10h \u00e0 18h (H\u00f4tel de Ville), Salon de l&rsquo;automobile, Concours de la meilleure tourte \u00e0 l&rsquo;Andouille du Val-d&rsquo;Ajol (Salle des F\u00eates), D\u00e9fil\u00e9 costum\u00e9 \u00e0 15h.<\/p>\n<p><strong>Lundi 18<\/strong> <em>\u00ab\u00a0La Foire aux Andouilles\u00a0\u00bb<\/em> :<\/p>\n<p>March\u00e9 Gourmand de 10h \u00e0 18h (sous chapiteau, Place du S\u00f4), March\u00e9 forain dans le village, D\u00e9fil\u00e9 et intronisations \u00e0 11h, 54\u00e8me Chapitre de la Docte, Insigne et gourmande Confr\u00e9rie des Taste-Andouilles et Gandoyaux du Val-d\u2019Ajol, Remise du Prix litt\u00e9raire de l&rsquo;Andouille et du Prix de la meilleure tourte \u00e0 l&rsquo;Andouille du Val-d&rsquo;Ajol.<\/p>\n<p>D\u00e9coration de vitrines, d\u00e9gustation d&rsquo;Andouilles du Val-d&rsquo;Ajol sur toutes les tables, chez les restaurateurs, h\u00f4teliers, cafetiers, sous les chapiteaux, en famille. Vente chez tous les Artisans Bouchers Charcutiers ! Manifestation inscrite \u00e0 l&rsquo;inventaire DES PLUS BELLES F\u00caTES GOURMANDES par le Comit\u00e9 organisateur de la SEMAINE DU GOUT.<\/p>\n\n","protected":false},"excerpt":{"rendered":"<p>La traditionnelle Foire aux Andouilles du Val d&rsquo;Ajol, c&rsquo;est le weekend des 16\/17\/18 f\u00e9vrier. Au programme : Samedi 16\u00a0\u00ab\u00a0Journ\u00e9e des [&hellip;]<\/p>\n","protected":false},"author":407,"featured_media":10199,"comment_status":"open","ping_status":"open","sticky":false,"template":"","format":"standard","meta":{"footnotes":""},"categories":[121,82,54],"tags":[1667,197,123],"class_list":["post-10198","post","type-post","status-publish","format-standard","has-post-thumbnail","hentry","category-le-val-dajol-le-val-dajol-son-canton","category-le-val-dajol-son-canton","category-loisirs","tag-foire-aux-andouilles","tag-traditions","tag-val-dajol"],"acf":[],"yoast_head":"<!-- This site is optimized with the Yoast SEO plugin v22.5 - https:\/\/yoast.com\/wordpress\/plugins\/seo\/ -->\n<title>Le Val d&#039;Ajol : Le programme de la traditionnelle Foire aux Andouilles - Remiremont Info<\/title>\n<meta name=\"robots\" content=\"index, follow, max-snippet:-1, max-image-preview:large, max-video-preview:-1\" \/>\n<link rel=\"canonical\" href=\"https:\/\/vosgesinfo.fr\/remiremontinfo\/2019\/01\/val-dajol-programme-de-traditionnelle-foire-aux-andouilles\/\" \/>\n<meta name=\"twitter:card\" content=\"summary_large_image\" \/>\n<meta name=\"twitter:title\" content=\"Le Val d&#039;Ajol : Le programme de la traditionnelle Foire aux Andouilles - Remiremont Info\" \/>\n<meta name=\"twitter:description\" content=\"La traditionnelle Foire aux Andouilles du Val d&rsquo;Ajol, c&rsquo;est le weekend des 16\/17\/18 f\u00e9vrier. Au programme : Samedi 16\u00a0\u00ab\u00a0Journ\u00e9e des [&hellip;]\" \/>\n<meta name=\"twitter:image\" content=\"https:\/\/vosgesinfo.fr\/app\/uploads\/sites\/5\/2024\/09\/201901smallit3.jpg\" \/>\n<meta name=\"twitter:creator\" content=\"@VosgesInfo88\" \/>\n<meta name=\"twitter:site\" content=\"@VosgesInfo88\" \/>\n<meta name=\"twitter:label1\" content=\"\u00c9crit par\" \/>\n\t<meta name=\"twitter:data1\" content=\"C D\" \/>\n\t<meta name=\"twitter:label2\" content=\"Dur\u00e9e de lecture estim\u00e9e\" \/>\n\t<meta name=\"twitter:data2\" content=\"1 minute\" \/>\n<script type=\"application\/ld+json\" class=\"yoast-schema-graph\">{\"@context\":\"https:\/\/schema.org\",\"@graph\":[{\"@type\":\"Article\",\"@id\":\"https:\/\/vosgesinfo.fr\/remiremontinfo\/2019\/01\/val-dajol-programme-de-traditionnelle-foire-aux-andouilles\/#article\",\"isPartOf\":{\"@id\":\"https:\/\/vosgesinfo.fr\/remiremontinfo\/2019\/01\/val-dajol-programme-de-traditionnelle-foire-aux-andouilles\/\"},\"author\":{\"name\":\"C D\",\"@id\":\"https:\/\/vosgesinfo.fr\/remiremontinfo\/#\/schema\/person\/3bfd164d5218a185b1db68655a265316\"},\"headline\":\"Le Val d&rsquo;Ajol : Le programme de la traditionnelle Foire aux Andouilles\",\"datePublished\":\"2019-01-31T06:32:15+00:00\",\"dateModified\":\"2019-01-31T06:32:15+00:00\",\"mainEntityOfPage\":{\"@id\":\"https:\/\/vosgesinfo.fr\/remiremontinfo\/2019\/01\/val-dajol-programme-de-traditionnelle-foire-aux-andouilles\/\"},\"wordCount\":240,\"commentCount\":0,\"publisher\":{\"@id\":\"https:\/\/vosgesinfo.fr\/remiremontinfo\/#organization\"},\"image\":{\"@id\":\"https:\/\/vosgesinfo.fr\/remiremontinfo\/2019\/01\/val-dajol-programme-de-traditionnelle-foire-aux-andouilles\/#primaryimage\"},\"thumbnailUrl\":\"https:\/\/vosgesinfo.fr\/app\/uploads\/sites\/5\/2024\/09\/201901smallit3.jpg\",\"keywords\":[\"foire aux andouilles\",\"traditions\",\"val d'ajol\"],\"articleSection\":[\"Le Val d'Ajol\",\"Le Val-d'Ajol &amp; son canton\",\"Loisirs\"],\"inLanguage\":\"fr-FR\",\"potentialAction\":[{\"@type\":\"CommentAction\",\"name\":\"Comment\",\"target\":[\"https:\/\/vosgesinfo.fr\/remiremontinfo\/2019\/01\/val-dajol-programme-de-traditionnelle-foire-aux-andouilles\/#respond\"]}]},{\"@type\":\"WebPage\",\"@id\":\"https:\/\/vosgesinfo.fr\/remiremontinfo\/2019\/01\/val-dajol-programme-de-traditionnelle-foire-aux-andouilles\/\",\"url\":\"https:\/\/vosgesinfo.fr\/remiremontinfo\/2019\/01\/val-dajol-programme-de-traditionnelle-foire-aux-andouilles\/\",\"name\":\"Le Val d'Ajol : Le programme de la traditionnelle Foire aux Andouilles - Remiremont Info\",\"isPartOf\":{\"@id\":\"https:\/\/vosgesinfo.fr\/remiremontinfo\/#website\"},\"primaryImageOfPage\":{\"@id\":\"https:\/\/vosgesinfo.fr\/remiremontinfo\/2019\/01\/val-dajol-programme-de-traditionnelle-foire-aux-andouilles\/#primaryimage\"},\"image\":{\"@id\":\"https:\/\/vosgesinfo.fr\/remiremontinfo\/2019\/01\/val-dajol-programme-de-traditionnelle-foire-aux-andouilles\/#primaryimage\"},\"thumbnailUrl\":\"https:\/\/vosgesinfo.fr\/app\/uploads\/sites\/5\/2024\/09\/201901smallit3.jpg\",\"datePublished\":\"2019-01-31T06:32:15+00:00\",\"dateModified\":\"2019-01-31T06:32:15+00:00\",\"breadcrumb\":{\"@id\":\"https:\/\/vosgesinfo.fr\/remiremontinfo\/2019\/01\/val-dajol-programme-de-traditionnelle-foire-aux-andouilles\/#breadcrumb\"},\"inLanguage\":\"fr-FR\",\"potentialAction\":[{\"@type\":\"ReadAction\",\"target\":[\"https:\/\/vosgesinfo.fr\/remiremontinfo\/2019\/01\/val-dajol-programme-de-traditionnelle-foire-aux-andouilles\/\"]}]},{\"@type\":\"ImageObject\",\"inLanguage\":\"fr-FR\",\"@id\":\"https:\/\/vosgesinfo.fr\/remiremontinfo\/2019\/01\/val-dajol-programme-de-traditionnelle-foire-aux-andouilles\/#primaryimage\",\"url\":\"https:\/\/vosgesinfo.fr\/app\/uploads\/sites\/5\/2024\/09\/201901smallit3.jpg\",\"contentUrl\":\"https:\/\/vosgesinfo.fr\/app\/uploads\/sites\/5\/2024\/09\/201901smallit3.jpg\",\"width\":790,\"height\":592},{\"@type\":\"BreadcrumbList\",\"@id\":\"https:\/\/vosgesinfo.fr\/remiremontinfo\/2019\/01\/val-dajol-programme-de-traditionnelle-foire-aux-andouilles\/#breadcrumb\",\"itemListElement\":[{\"@type\":\"ListItem\",\"position\":1,\"name\":\"Home\",\"item\":\"https:\/\/vosgesinfo.fr\/remiremontinfo\/\"},{\"@type\":\"ListItem\",\"position\":2,\"name\":\"Le Val d&rsquo;Ajol : Le programme de la traditionnelle Foire aux Andouilles\"}]},{\"@type\":\"WebSite\",\"@id\":\"https:\/\/vosgesinfo.fr\/remiremontinfo\/#website\",\"url\":\"https:\/\/vosgesinfo.fr\/remiremontinfo\/\",\"name\":\"Remiremont Info\",\"description\":\"Toute l&#039;actualit\u00e9 de Remiremont\",\"publisher\":{\"@id\":\"https:\/\/vosgesinfo.fr\/remiremontinfo\/#organization\"},\"alternateName\":\"Toute l'actualit\u00e9 de Remiremont\",\"potentialAction\":[{\"@type\":\"SearchAction\",\"target\":{\"@type\":\"EntryPoint\",\"urlTemplate\":\"https:\/\/vosgesinfo.fr\/remiremontinfo\/?s={search_term_string}\"},\"query-input\":\"required name=search_term_string\"}],\"inLanguage\":\"fr-FR\"},{\"@type\":\"Organization\",\"@id\":\"https:\/\/vosgesinfo.fr\/remiremontinfo\/#organization\",\"name\":\"Remiremont Info\",\"url\":\"https:\/\/vosgesinfo.fr\/remiremontinfo\/\",\"logo\":{\"@type\":\"ImageObject\",\"inLanguage\":\"fr-FR\",\"@id\":\"https:\/\/vosgesinfo.fr\/remiremontinfo\/#\/schema\/logo\/image\/\",\"url\":\"https:\/\/vosgesinfo.fr\/app\/uploads\/sites\/5\/2023\/08\/favicon-remiremontinfo.png\",\"contentUrl\":\"https:\/\/vosgesinfo.fr\/app\/uploads\/sites\/5\/2023\/08\/favicon-remiremontinfo.png\",\"width\":512,\"height\":512,\"caption\":\"Remiremont Info\"},\"image\":{\"@id\":\"https:\/\/vosgesinfo.fr\/remiremontinfo\/#\/schema\/logo\/image\/\"},\"sameAs\":[\"https:\/\/www.facebook.com\/remiremontinfo\",\"https:\/\/x.com\/VosgesInfo88\",\"https:\/\/www.youtube.com\/@vosgesinfo\"]},{\"@type\":\"Person\",\"@id\":\"https:\/\/vosgesinfo.fr\/remiremontinfo\/#\/schema\/person\/3bfd164d5218a185b1db68655a265316\",\"name\":\"C D\",\"image\":{\"@type\":\"ImageObject\",\"inLanguage\":\"fr-FR\",\"@id\":\"https:\/\/vosgesinfo.fr\/remiremontinfo\/#\/schema\/person\/image\/\",\"url\":\"https:\/\/secure.gravatar.com\/avatar\/1f9a70007336511a47468b8f1c66f922b8b7cf617b02a31149ada43893a5d48f?s=96&d=mm&r=g\",\"contentUrl\":\"https:\/\/secure.gravatar.com\/avatar\/1f9a70007336511a47468b8f1c66f922b8b7cf617b02a31149ada43893a5d48f?s=96&d=mm&r=g\",\"caption\":\"C D\"},\"url\":\"https:\/\/vosgesinfo.fr\/remiremontinfo\/author\/cedric-drevet\/\"}]}<\/script>\n<!-- \/ Yoast SEO plugin. -->","yoast_head_json":{"title":"Le Val d'Ajol : Le programme de la traditionnelle Foire aux Andouilles - Remiremont Info","robots":{"index":"index","follow":"follow","max-snippet":"max-snippet:-1","max-image-preview":"max-image-preview:large","max-video-preview":"max-video-preview:-1"},"canonical":"https:\/\/vosgesinfo.fr\/remiremontinfo\/2019\/01\/val-dajol-programme-de-traditionnelle-foire-aux-andouilles\/","twitter_card":"summary_large_image","twitter_title":"Le Val d'Ajol : Le programme de la traditionnelle Foire aux Andouilles - Remiremont Info","twitter_description":"La traditionnelle Foire aux Andouilles du Val d&rsquo;Ajol, c&rsquo;est le weekend des 16\/17\/18 f\u00e9vrier. Au programme : Samedi 16\u00a0\u00ab\u00a0Journ\u00e9e des [&hellip;]","twitter_image":"https:\/\/vosgesinfo.fr\/app\/uploads\/sites\/5\/2024\/09\/201901smallit3.jpg","twitter_creator":"@VosgesInfo88","twitter_site":"@VosgesInfo88","twitter_misc":{"\u00c9crit par":"C D","Dur\u00e9e de lecture estim\u00e9e":"1 minute"},"schema":{"@context":"https:\/\/schema.org","@graph":[{"@type":"Article","@id":"https:\/\/vosgesinfo.fr\/remiremontinfo\/2019\/01\/val-dajol-programme-de-traditionnelle-foire-aux-andouilles\/#article","isPartOf":{"@id":"https:\/\/vosgesinfo.fr\/remiremontinfo\/2019\/01\/val-dajol-programme-de-traditionnelle-foire-aux-andouilles\/"},"author":{"name":"C D","@id":"https:\/\/vosgesinfo.fr\/remiremontinfo\/#\/schema\/person\/3bfd164d5218a185b1db68655a265316"},"headline":"Le Val d&rsquo;Ajol : Le programme de la traditionnelle Foire aux Andouilles","datePublished":"2019-01-31T06:32:15+00:00","dateModified":"2019-01-31T06:32:15+00:00","mainEntityOfPage":{"@id":"https:\/\/vosgesinfo.fr\/remiremontinfo\/2019\/01\/val-dajol-programme-de-traditionnelle-foire-aux-andouilles\/"},"wordCount":240,"commentCount":0,"publisher":{"@id":"https:\/\/vosgesinfo.fr\/remiremontinfo\/#organization"},"image":{"@id":"https:\/\/vosgesinfo.fr\/remiremontinfo\/2019\/01\/val-dajol-programme-de-traditionnelle-foire-aux-andouilles\/#primaryimage"},"thumbnailUrl":"https:\/\/vosgesinfo.fr\/app\/uploads\/sites\/5\/2024\/09\/201901smallit3.jpg","keywords":["foire aux andouilles","traditions","val d'ajol"],"articleSection":["Le Val d'Ajol","Le Val-d'Ajol &amp; son canton","Loisirs"],"inLanguage":"fr-FR","potentialAction":[{"@type":"CommentAction","name":"Comment","target":["https:\/\/vosgesinfo.fr\/remiremontinfo\/2019\/01\/val-dajol-programme-de-traditionnelle-foire-aux-andouilles\/#respond"]}]},{"@type":"WebPage","@id":"https:\/\/vosgesinfo.fr\/remiremontinfo\/2019\/01\/val-dajol-programme-de-traditionnelle-foire-aux-andouilles\/","url":"https:\/\/vosgesinfo.fr\/remiremontinfo\/2019\/01\/val-dajol-programme-de-traditionnelle-foire-aux-andouilles\/","name":"Le Val d'Ajol : Le programme de la traditionnelle Foire aux Andouilles - Remiremont Info","isPartOf":{"@id":"https:\/\/vosgesinfo.fr\/remiremontinfo\/#website"},"primaryImageOfPage":{"@id":"https:\/\/vosgesinfo.fr\/remiremontinfo\/2019\/01\/val-dajol-programme-de-traditionnelle-foire-aux-andouilles\/#primaryimage"},"image":{"@id":"https:\/\/vosgesinfo.fr\/remiremontinfo\/2019\/01\/val-dajol-programme-de-traditionnelle-foire-aux-andouilles\/#primaryimage"},"thumbnailUrl":"https:\/\/vosgesinfo.fr\/app\/uploads\/sites\/5\/2024\/09\/201901smallit3.jpg","datePublished":"2019-01-31T06:32:15+00:00","dateModified":"2019-01-31T06:32:15+00:00","breadcrumb":{"@id":"https:\/\/vosgesinfo.fr\/remiremontinfo\/2019\/01\/val-dajol-programme-de-traditionnelle-foire-aux-andouilles\/#breadcrumb"},"inLanguage":"fr-FR","potentialAction":[{"@type":"ReadAction","target":["https:\/\/vosgesinfo.fr\/remiremontinfo\/2019\/01\/val-dajol-programme-de-traditionnelle-foire-aux-andouilles\/"]}]},{"@type":"ImageObject","inLanguage":"fr-FR","@id":"https:\/\/vosgesinfo.fr\/remiremontinfo\/2019\/01\/val-dajol-programme-de-traditionnelle-foire-aux-andouilles\/#primaryimage","url":"https:\/\/vosgesinfo.fr\/app\/uploads\/sites\/5\/2024\/09\/201901smallit3.jpg","contentUrl":"https:\/\/vosgesinfo.fr\/app\/uploads\/sites\/5\/2024\/09\/201901smallit3.jpg","width":790,"height":592},{"@type":"BreadcrumbList","@id":"https:\/\/vosgesinfo.fr\/remiremontinfo\/2019\/01\/val-dajol-programme-de-traditionnelle-foire-aux-andouilles\/#breadcrumb","itemListElement":[{"@type":"ListItem","position":1,"name":"Home","item":"https:\/\/vosgesinfo.fr\/remiremontinfo\/"},{"@type":"ListItem","position":2,"name":"Le Val d&rsquo;Ajol : Le programme de la traditionnelle Foire aux Andouilles"}]},{"@type":"WebSite","@id":"https:\/\/vosgesinfo.fr\/remiremontinfo\/#website","url":"https:\/\/vosgesinfo.fr\/remiremontinfo\/","name":"Remiremont Info","description":"Toute l&#039;actualit\u00e9 de Remiremont","publisher":{"@id":"https:\/\/vosgesinfo.fr\/remiremontinfo\/#organization"},"alternateName":"Toute l'actualit\u00e9 de Remiremont","potentialAction":[{"@type":"SearchAction","target":{"@type":"EntryPoint","urlTemplate":"https:\/\/vosgesinfo.fr\/remiremontinfo\/?s={search_term_string}"},"query-input":"required name=search_term_string"}],"inLanguage":"fr-FR"},{"@type":"Organization","@id":"https:\/\/vosgesinfo.fr\/remiremontinfo\/#organization","name":"Remiremont Info","url":"https:\/\/vosgesinfo.fr\/remiremontinfo\/","logo":{"@type":"ImageObject","inLanguage":"fr-FR","@id":"https:\/\/vosgesinfo.fr\/remiremontinfo\/#\/schema\/logo\/image\/","url":"https:\/\/vosgesinfo.fr\/app\/uploads\/sites\/5\/2023\/08\/favicon-remiremontinfo.png","contentUrl":"https:\/\/vosgesinfo.fr\/app\/uploads\/sites\/5\/2023\/08\/favicon-remiremontinfo.png","width":512,"height":512,"caption":"Remiremont Info"},"image":{"@id":"https:\/\/vosgesinfo.fr\/remiremontinfo\/#\/schema\/logo\/image\/"},"sameAs":["https:\/\/www.facebook.com\/remiremontinfo","https:\/\/x.com\/VosgesInfo88","https:\/\/www.youtube.com\/@vosgesinfo"]},{"@type":"Person","@id":"https:\/\/vosgesinfo.fr\/remiremontinfo\/#\/schema\/person\/3bfd164d5218a185b1db68655a265316","name":"C D","image":{"@type":"ImageObject","inLanguage":"fr-FR","@id":"https:\/\/vosgesinfo.fr\/remiremontinfo\/#\/schema\/person\/image\/","url":"https:\/\/secure.gravatar.com\/avatar\/1f9a70007336511a47468b8f1c66f922b8b7cf617b02a31149ada43893a5d48f?s=96&d=mm&r=g","contentUrl":"https:\/\/secure.gravatar.com\/avatar\/1f9a70007336511a47468b8f1c66f922b8b7cf617b02a31149ada43893a5d48f?s=96&d=mm&r=g","caption":"C D"},"url":"https:\/\/vosgesinfo.fr\/remiremontinfo\/author\/cedric-drevet\/"}]}},"_links":{"self":[{"href":"https:\/\/vosgesinfo.fr\/remiremontinfo\/wp-json\/wp\/v2\/posts\/10198","targetHints":{"allow":["GET"]}}],"collection":[{"href":"https:\/\/vosgesinfo.fr\/remiremontinfo\/wp-json\/wp\/v2\/posts"}],"about":[{"href":"https:\/\/vosgesinfo.fr\/remiremontinfo\/wp-json\/wp\/v2\/types\/post"}],"author":[{"embeddable":true,"href":"https:\/\/vosgesinfo.fr\/remiremontinfo\/wp-json\/wp\/v2\/users\/407"}],"replies":[{"embeddable":true,"href":"https:\/\/vosgesinfo.fr\/remiremontinfo\/wp-json\/wp\/v2\/comments?post=10198"}],"version-history":[{"count":0,"href":"https:\/\/vosgesinfo.fr\/remiremontinfo\/wp-json\/wp\/v2\/posts\/10198\/revisions"}],"wp:featuredmedia":[{"embeddable":true,"href":"https:\/\/vosgesinfo.fr\/remiremontinfo\/wp-json\/wp\/v2\/media\/10199"}],"wp:attachment":[{"href":"https:\/\/vosgesinfo.fr\/remiremontinfo\/wp-json\/wp\/v2\/media?parent=10198"}],"wp:term":[{"taxonomy":"category","embeddable":true,"href":"https:\/\/vosgesinfo.fr\/remiremontinfo\/wp-json\/wp\/v2\/categories?post=10198"},{"taxonomy":"post_tag","embeddable":true,"href":"https:\/\/vosgesinfo.fr\/remiremontinfo\/wp-json\/wp\/v2\/tags?post=10198"}],"curies":[{"name":"wp","href":"https:\/\/api.w.org\/{rel}","templated":true}]}}