{"id":10221,"date":"2019-02-01T09:00:50","date_gmt":"2019-02-01T08:00:50","guid":{"rendered":"https:\/\/vosgesinfo.fr\/remiremontinfo\/2019\/02\/spectacles-gratuits-a-radio-gue-mozot-2\/"},"modified":"2019-02-01T09:00:50","modified_gmt":"2019-02-01T08:00:50","slug":"spectacles-gratuits-a-radio-gue-mozot-2","status":"publish","type":"post","link":"https:\/\/vosgesinfo.fr\/remiremontinfo\/2019\/02\/spectacles-gratuits-a-radio-gue-mozot-2\/","title":{"rendered":"Spectacles gratuits \u00e0 Radio Gu\u00e9 Mozot"},"content":{"rendered":"<p><a href=\"\/2019\/01\/logo-rgm.jpg\"><img decoding=\"async\" class=\"alignnone size-medium wp-image-252391\" src=\"\/2019\/01\/logo-rgm-227x255.jpg\" alt=\"logo rgm\" width=\"227\" height=\"255\" \/><\/a> \u00a0 \u00a0 \u00a0<a href=\"\/2019\/01\/photo-bernard-moretti-pour-labolition-de-lesclavage.jpg\"><img decoding=\"async\" class=\"alignnone size-medium wp-image-252393\" src=\"\/2019\/01\/photo-bernard-moretti-pour-labolition-de-lesclavage-313x255.jpg\" alt=\"photo-bernard-moretti-pour-labolition-de-lesclavage\" width=\"313\" height=\"255\" \/><\/a><\/p>\n<p>Vous ne savez pas encore quoi faire ce samedi\u00a0apr\u00e8s-midi?<\/p>\n<p>Pas de souci! Radio Gu\u00e9 Mozot propose \u00e0 tous ceux qui le veulent, d&rsquo;assister \u00e0 2 spectacles gratuitement!<\/p>\n<p>Ils se d\u00e9rouleront \u00e0 partir de 17h, au studio qui se trouve au 8 place de l&rsquo;h\u00f4tel de ville \u00e0 St-Etienne-l\u00e8s-Remiremont.<\/p>\n<p>Ce sont l&rsquo;animateur\/chanteur Gillou et \u00ab\u00a0Le duo des Morettos\u00a0\u00bb qui s&rsquo;y produiront.<\/p>\n<p>(<a href=\"https:\/\/remiremontinfo.fr\/2019\/01\/spectacles-gratuits-a-radio-gue-mozot\/\" target=\"_blank\" rel=\"noopener\">Pour en savoir plus sur eux<\/a>).<\/p>\n<p><u><\/u>Musique et humour feront donc bon m\u00e9nage, pour cette deuxi\u00e8me \u00e9dition des \u00ab\u00a0Samedis Musicaux\u00a0\u00bb, du nom de ce rendez-vous mensuel, qui aura lieu le premier samedi de chaque mois.<\/p>\n<p>Ces performances seront aussi diffus\u00e9es sur le 107 FM, <a href=\"http:\/\/www.radioguemozot.eu\/\" target=\"_blank\" rel=\"noopener\">radioguemozot.eu<\/a> et la page Facebook de la radio.<\/p>\n<p>Si vous avez des id\u00e9es d&rsquo;artistes locaux, musiciens ou autres, que vous aimeriez voir les prochaines fois, vous pouvez transmettre leurs noms, par mail \u00e0 <a href=\"mailto:contact@radioguemozot.eu\">contact@radioguemozot.eu<\/a><\/p>\n","protected":false},"excerpt":{"rendered":"<p>\u00a0 \u00a0 \u00a0 Vous ne savez pas encore quoi faire ce samedi\u00a0apr\u00e8s-midi? Pas de souci! Radio Gu\u00e9 Mozot propose \u00e0 [&hellip;]<\/p>\n","protected":false},"author":64,"featured_media":10222,"comment_status":"open","ping_status":"open","sticky":false,"template":"","format":"standard","meta":{"footnotes":""},"categories":[26,4,35],"tags":[],"class_list":["post-10221","post","type-post","status-publish","format-standard","has-post-thumbnail","hentry","category-a-la-une","category-culture","category-remiremont-son-canton"],"acf":[],"yoast_head":"<!-- This site is optimized with the Yoast SEO plugin v22.5 - https:\/\/yoast.com\/wordpress\/plugins\/seo\/ -->\n<title>Spectacles gratuits \u00e0 Radio Gu\u00e9 Mozot - Remiremont Info<\/title>\n<meta name=\"robots\" content=\"index, follow, max-snippet:-1, max-image-preview:large, max-video-preview:-1\" \/>\n<link rel=\"canonical\" href=\"https:\/\/vosgesinfo.fr\/remiremontinfo\/2019\/02\/spectacles-gratuits-a-radio-gue-mozot-2\/\" \/>\n<meta name=\"twitter:card\" content=\"summary_large_image\" \/>\n<meta name=\"twitter:title\" content=\"Spectacles gratuits \u00e0 Radio Gu\u00e9 Mozot - Remiremont Info\" \/>\n<meta name=\"twitter:description\" content=\"\u00a0 \u00a0 \u00a0 Vous ne savez pas encore quoi faire ce samedi\u00a0apr\u00e8s-midi? Pas de souci! Radio Gu\u00e9 Mozot propose \u00e0 [&hellip;]\" \/>\n<meta name=\"twitter:image\" content=\"https:\/\/vosgesinfo.fr\/app\/uploads\/sites\/5\/2024\/09\/201901logo-rgm.jpg\" \/>\n<meta name=\"twitter:creator\" content=\"@VosgesInfo88\" \/>\n<meta name=\"twitter:site\" content=\"@VosgesInfo88\" \/>\n<meta name=\"twitter:label1\" content=\"\u00c9crit par\" \/>\n\t<meta name=\"twitter:data1\" content=\"RGM\" \/>\n\t<meta name=\"twitter:label2\" content=\"Dur\u00e9e de lecture estim\u00e9e\" \/>\n\t<meta name=\"twitter:data2\" content=\"1 minute\" \/>\n<script type=\"application\/ld+json\" class=\"yoast-schema-graph\">{\"@context\":\"https:\/\/schema.org\",\"@graph\":[{\"@type\":\"Article\",\"@id\":\"https:\/\/vosgesinfo.fr\/remiremontinfo\/2019\/02\/spectacles-gratuits-a-radio-gue-mozot-2\/#article\",\"isPartOf\":{\"@id\":\"https:\/\/vosgesinfo.fr\/remiremontinfo\/2019\/02\/spectacles-gratuits-a-radio-gue-mozot-2\/\"},\"author\":{\"name\":\"RGM\",\"@id\":\"https:\/\/vosgesinfo.fr\/remiremontinfo\/#\/schema\/person\/06cabf2fb8670007d1e7d1850e9b8175\"},\"headline\":\"Spectacles gratuits \u00e0 Radio Gu\u00e9 Mozot\",\"datePublished\":\"2019-02-01T08:00:50+00:00\",\"dateModified\":\"2019-02-01T08:00:50+00:00\",\"mainEntityOfPage\":{\"@id\":\"https:\/\/vosgesinfo.fr\/remiremontinfo\/2019\/02\/spectacles-gratuits-a-radio-gue-mozot-2\/\"},\"wordCount\":153,\"commentCount\":0,\"publisher\":{\"@id\":\"https:\/\/vosgesinfo.fr\/remiremontinfo\/#organization\"},\"image\":{\"@id\":\"https:\/\/vosgesinfo.fr\/remiremontinfo\/2019\/02\/spectacles-gratuits-a-radio-gue-mozot-2\/#primaryimage\"},\"thumbnailUrl\":\"https:\/\/vosgesinfo.fr\/app\/uploads\/sites\/5\/2024\/09\/201901logo-rgm.jpg\",\"articleSection\":[\"A la Une\",\"Culture\",\"Remiremont &amp; son canton\"],\"inLanguage\":\"fr-FR\",\"potentialAction\":[{\"@type\":\"CommentAction\",\"name\":\"Comment\",\"target\":[\"https:\/\/vosgesinfo.fr\/remiremontinfo\/2019\/02\/spectacles-gratuits-a-radio-gue-mozot-2\/#respond\"]}]},{\"@type\":\"WebPage\",\"@id\":\"https:\/\/vosgesinfo.fr\/remiremontinfo\/2019\/02\/spectacles-gratuits-a-radio-gue-mozot-2\/\",\"url\":\"https:\/\/vosgesinfo.fr\/remiremontinfo\/2019\/02\/spectacles-gratuits-a-radio-gue-mozot-2\/\",\"name\":\"Spectacles gratuits \u00e0 Radio Gu\u00e9 Mozot - Remiremont Info\",\"isPartOf\":{\"@id\":\"https:\/\/vosgesinfo.fr\/remiremontinfo\/#website\"},\"primaryImageOfPage\":{\"@id\":\"https:\/\/vosgesinfo.fr\/remiremontinfo\/2019\/02\/spectacles-gratuits-a-radio-gue-mozot-2\/#primaryimage\"},\"image\":{\"@id\":\"https:\/\/vosgesinfo.fr\/remiremontinfo\/2019\/02\/spectacles-gratuits-a-radio-gue-mozot-2\/#primaryimage\"},\"thumbnailUrl\":\"https:\/\/vosgesinfo.fr\/app\/uploads\/sites\/5\/2024\/09\/201901logo-rgm.jpg\",\"datePublished\":\"2019-02-01T08:00:50+00:00\",\"dateModified\":\"2019-02-01T08:00:50+00:00\",\"breadcrumb\":{\"@id\":\"https:\/\/vosgesinfo.fr\/remiremontinfo\/2019\/02\/spectacles-gratuits-a-radio-gue-mozot-2\/#breadcrumb\"},\"inLanguage\":\"fr-FR\",\"potentialAction\":[{\"@type\":\"ReadAction\",\"target\":[\"https:\/\/vosgesinfo.fr\/remiremontinfo\/2019\/02\/spectacles-gratuits-a-radio-gue-mozot-2\/\"]}]},{\"@type\":\"ImageObject\",\"inLanguage\":\"fr-FR\",\"@id\":\"https:\/\/vosgesinfo.fr\/remiremontinfo\/2019\/02\/spectacles-gratuits-a-radio-gue-mozot-2\/#primaryimage\",\"url\":\"https:\/\/vosgesinfo.fr\/app\/uploads\/sites\/5\/2024\/09\/201901logo-rgm.jpg\",\"contentUrl\":\"https:\/\/vosgesinfo.fr\/app\/uploads\/sites\/5\/2024\/09\/201901logo-rgm.jpg\",\"width\":1000,\"height\":1122},{\"@type\":\"BreadcrumbList\",\"@id\":\"https:\/\/vosgesinfo.fr\/remiremontinfo\/2019\/02\/spectacles-gratuits-a-radio-gue-mozot-2\/#breadcrumb\",\"itemListElement\":[{\"@type\":\"ListItem\",\"position\":1,\"name\":\"Home\",\"item\":\"https:\/\/vosgesinfo.fr\/remiremontinfo\/\"},{\"@type\":\"ListItem\",\"position\":2,\"name\":\"Spectacles gratuits \u00e0 Radio Gu\u00e9 Mozot\"}]},{\"@type\":\"WebSite\",\"@id\":\"https:\/\/vosgesinfo.fr\/remiremontinfo\/#website\",\"url\":\"https:\/\/vosgesinfo.fr\/remiremontinfo\/\",\"name\":\"Remiremont Info\",\"description\":\"Toute l&#039;actualit\u00e9 de Remiremont\",\"publisher\":{\"@id\":\"https:\/\/vosgesinfo.fr\/remiremontinfo\/#organization\"},\"alternateName\":\"Toute l'actualit\u00e9 de Remiremont\",\"potentialAction\":[{\"@type\":\"SearchAction\",\"target\":{\"@type\":\"EntryPoint\",\"urlTemplate\":\"https:\/\/vosgesinfo.fr\/remiremontinfo\/?s={search_term_string}\"},\"query-input\":\"required name=search_term_string\"}],\"inLanguage\":\"fr-FR\"},{\"@type\":\"Organization\",\"@id\":\"https:\/\/vosgesinfo.fr\/remiremontinfo\/#organization\",\"name\":\"Remiremont Info\",\"url\":\"https:\/\/vosgesinfo.fr\/remiremontinfo\/\",\"logo\":{\"@type\":\"ImageObject\",\"inLanguage\":\"fr-FR\",\"@id\":\"https:\/\/vosgesinfo.fr\/remiremontinfo\/#\/schema\/logo\/image\/\",\"url\":\"https:\/\/vosgesinfo.fr\/app\/uploads\/sites\/5\/2023\/08\/favicon-remiremontinfo.png\",\"contentUrl\":\"https:\/\/vosgesinfo.fr\/app\/uploads\/sites\/5\/2023\/08\/favicon-remiremontinfo.png\",\"width\":512,\"height\":512,\"caption\":\"Remiremont Info\"},\"image\":{\"@id\":\"https:\/\/vosgesinfo.fr\/remiremontinfo\/#\/schema\/logo\/image\/\"},\"sameAs\":[\"https:\/\/www.facebook.com\/remiremontinfo\",\"https:\/\/x.com\/VosgesInfo88\",\"https:\/\/www.youtube.com\/@vosgesinfo\"]},{\"@type\":\"Person\",\"@id\":\"https:\/\/vosgesinfo.fr\/remiremontinfo\/#\/schema\/person\/06cabf2fb8670007d1e7d1850e9b8175\",\"name\":\"RGM\",\"image\":{\"@type\":\"ImageObject\",\"inLanguage\":\"fr-FR\",\"@id\":\"https:\/\/vosgesinfo.fr\/remiremontinfo\/#\/schema\/person\/image\/\",\"url\":\"https:\/\/secure.gravatar.com\/avatar\/9963645761824ae4793ebbb770563a9128450c2727b21578e71d4c7044b98652?s=96&d=mm&r=g\",\"contentUrl\":\"https:\/\/secure.gravatar.com\/avatar\/9963645761824ae4793ebbb770563a9128450c2727b21578e71d4c7044b98652?s=96&d=mm&r=g\",\"caption\":\"RGM\"},\"url\":\"https:\/\/vosgesinfo.fr\/remiremontinfo\/author\/rgm\/\"}]}<\/script>\n<!-- \/ Yoast SEO plugin. -->","yoast_head_json":{"title":"Spectacles gratuits \u00e0 Radio Gu\u00e9 Mozot - Remiremont Info","robots":{"index":"index","follow":"follow","max-snippet":"max-snippet:-1","max-image-preview":"max-image-preview:large","max-video-preview":"max-video-preview:-1"},"canonical":"https:\/\/vosgesinfo.fr\/remiremontinfo\/2019\/02\/spectacles-gratuits-a-radio-gue-mozot-2\/","twitter_card":"summary_large_image","twitter_title":"Spectacles gratuits \u00e0 Radio Gu\u00e9 Mozot - Remiremont Info","twitter_description":"\u00a0 \u00a0 \u00a0 Vous ne savez pas encore quoi faire ce samedi\u00a0apr\u00e8s-midi? Pas de souci! Radio Gu\u00e9 Mozot propose \u00e0 [&hellip;]","twitter_image":"https:\/\/vosgesinfo.fr\/app\/uploads\/sites\/5\/2024\/09\/201901logo-rgm.jpg","twitter_creator":"@VosgesInfo88","twitter_site":"@VosgesInfo88","twitter_misc":{"\u00c9crit par":"RGM","Dur\u00e9e de lecture estim\u00e9e":"1 minute"},"schema":{"@context":"https:\/\/schema.org","@graph":[{"@type":"Article","@id":"https:\/\/vosgesinfo.fr\/remiremontinfo\/2019\/02\/spectacles-gratuits-a-radio-gue-mozot-2\/#article","isPartOf":{"@id":"https:\/\/vosgesinfo.fr\/remiremontinfo\/2019\/02\/spectacles-gratuits-a-radio-gue-mozot-2\/"},"author":{"name":"RGM","@id":"https:\/\/vosgesinfo.fr\/remiremontinfo\/#\/schema\/person\/06cabf2fb8670007d1e7d1850e9b8175"},"headline":"Spectacles gratuits \u00e0 Radio Gu\u00e9 Mozot","datePublished":"2019-02-01T08:00:50+00:00","dateModified":"2019-02-01T08:00:50+00:00","mainEntityOfPage":{"@id":"https:\/\/vosgesinfo.fr\/remiremontinfo\/2019\/02\/spectacles-gratuits-a-radio-gue-mozot-2\/"},"wordCount":153,"commentCount":0,"publisher":{"@id":"https:\/\/vosgesinfo.fr\/remiremontinfo\/#organization"},"image":{"@id":"https:\/\/vosgesinfo.fr\/remiremontinfo\/2019\/02\/spectacles-gratuits-a-radio-gue-mozot-2\/#primaryimage"},"thumbnailUrl":"https:\/\/vosgesinfo.fr\/app\/uploads\/sites\/5\/2024\/09\/201901logo-rgm.jpg","articleSection":["A la Une","Culture","Remiremont &amp; son canton"],"inLanguage":"fr-FR","potentialAction":[{"@type":"CommentAction","name":"Comment","target":["https:\/\/vosgesinfo.fr\/remiremontinfo\/2019\/02\/spectacles-gratuits-a-radio-gue-mozot-2\/#respond"]}]},{"@type":"WebPage","@id":"https:\/\/vosgesinfo.fr\/remiremontinfo\/2019\/02\/spectacles-gratuits-a-radio-gue-mozot-2\/","url":"https:\/\/vosgesinfo.fr\/remiremontinfo\/2019\/02\/spectacles-gratuits-a-radio-gue-mozot-2\/","name":"Spectacles gratuits \u00e0 Radio Gu\u00e9 Mozot - Remiremont Info","isPartOf":{"@id":"https:\/\/vosgesinfo.fr\/remiremontinfo\/#website"},"primaryImageOfPage":{"@id":"https:\/\/vosgesinfo.fr\/remiremontinfo\/2019\/02\/spectacles-gratuits-a-radio-gue-mozot-2\/#primaryimage"},"image":{"@id":"https:\/\/vosgesinfo.fr\/remiremontinfo\/2019\/02\/spectacles-gratuits-a-radio-gue-mozot-2\/#primaryimage"},"thumbnailUrl":"https:\/\/vosgesinfo.fr\/app\/uploads\/sites\/5\/2024\/09\/201901logo-rgm.jpg","datePublished":"2019-02-01T08:00:50+00:00","dateModified":"2019-02-01T08:00:50+00:00","breadcrumb":{"@id":"https:\/\/vosgesinfo.fr\/remiremontinfo\/2019\/02\/spectacles-gratuits-a-radio-gue-mozot-2\/#breadcrumb"},"inLanguage":"fr-FR","potentialAction":[{"@type":"ReadAction","target":["https:\/\/vosgesinfo.fr\/remiremontinfo\/2019\/02\/spectacles-gratuits-a-radio-gue-mozot-2\/"]}]},{"@type":"ImageObject","inLanguage":"fr-FR","@id":"https:\/\/vosgesinfo.fr\/remiremontinfo\/2019\/02\/spectacles-gratuits-a-radio-gue-mozot-2\/#primaryimage","url":"https:\/\/vosgesinfo.fr\/app\/uploads\/sites\/5\/2024\/09\/201901logo-rgm.jpg","contentUrl":"https:\/\/vosgesinfo.fr\/app\/uploads\/sites\/5\/2024\/09\/201901logo-rgm.jpg","width":1000,"height":1122},{"@type":"BreadcrumbList","@id":"https:\/\/vosgesinfo.fr\/remiremontinfo\/2019\/02\/spectacles-gratuits-a-radio-gue-mozot-2\/#breadcrumb","itemListElement":[{"@type":"ListItem","position":1,"name":"Home","item":"https:\/\/vosgesinfo.fr\/remiremontinfo\/"},{"@type":"ListItem","position":2,"name":"Spectacles gratuits \u00e0 Radio Gu\u00e9 Mozot"}]},{"@type":"WebSite","@id":"https:\/\/vosgesinfo.fr\/remiremontinfo\/#website","url":"https:\/\/vosgesinfo.fr\/remiremontinfo\/","name":"Remiremont Info","description":"Toute l&#039;actualit\u00e9 de Remiremont","publisher":{"@id":"https:\/\/vosgesinfo.fr\/remiremontinfo\/#organization"},"alternateName":"Toute l'actualit\u00e9 de Remiremont","potentialAction":[{"@type":"SearchAction","target":{"@type":"EntryPoint","urlTemplate":"https:\/\/vosgesinfo.fr\/remiremontinfo\/?s={search_term_string}"},"query-input":"required name=search_term_string"}],"inLanguage":"fr-FR"},{"@type":"Organization","@id":"https:\/\/vosgesinfo.fr\/remiremontinfo\/#organization","name":"Remiremont Info","url":"https:\/\/vosgesinfo.fr\/remiremontinfo\/","logo":{"@type":"ImageObject","inLanguage":"fr-FR","@id":"https:\/\/vosgesinfo.fr\/remiremontinfo\/#\/schema\/logo\/image\/","url":"https:\/\/vosgesinfo.fr\/app\/uploads\/sites\/5\/2023\/08\/favicon-remiremontinfo.png","contentUrl":"https:\/\/vosgesinfo.fr\/app\/uploads\/sites\/5\/2023\/08\/favicon-remiremontinfo.png","width":512,"height":512,"caption":"Remiremont Info"},"image":{"@id":"https:\/\/vosgesinfo.fr\/remiremontinfo\/#\/schema\/logo\/image\/"},"sameAs":["https:\/\/www.facebook.com\/remiremontinfo","https:\/\/x.com\/VosgesInfo88","https:\/\/www.youtube.com\/@vosgesinfo"]},{"@type":"Person","@id":"https:\/\/vosgesinfo.fr\/remiremontinfo\/#\/schema\/person\/06cabf2fb8670007d1e7d1850e9b8175","name":"RGM","image":{"@type":"ImageObject","inLanguage":"fr-FR","@id":"https:\/\/vosgesinfo.fr\/remiremontinfo\/#\/schema\/person\/image\/","url":"https:\/\/secure.gravatar.com\/avatar\/9963645761824ae4793ebbb770563a9128450c2727b21578e71d4c7044b98652?s=96&d=mm&r=g","contentUrl":"https:\/\/secure.gravatar.com\/avatar\/9963645761824ae4793ebbb770563a9128450c2727b21578e71d4c7044b98652?s=96&d=mm&r=g","caption":"RGM"},"url":"https:\/\/vosgesinfo.fr\/remiremontinfo\/author\/rgm\/"}]}},"_links":{"self":[{"href":"https:\/\/vosgesinfo.fr\/remiremontinfo\/wp-json\/wp\/v2\/posts\/10221","targetHints":{"allow":["GET"]}}],"collection":[{"href":"https:\/\/vosgesinfo.fr\/remiremontinfo\/wp-json\/wp\/v2\/posts"}],"about":[{"href":"https:\/\/vosgesinfo.fr\/remiremontinfo\/wp-json\/wp\/v2\/types\/post"}],"author":[{"embeddable":true,"href":"https:\/\/vosgesinfo.fr\/remiremontinfo\/wp-json\/wp\/v2\/users\/64"}],"replies":[{"embeddable":true,"href":"https:\/\/vosgesinfo.fr\/remiremontinfo\/wp-json\/wp\/v2\/comments?post=10221"}],"version-history":[{"count":0,"href":"https:\/\/vosgesinfo.fr\/remiremontinfo\/wp-json\/wp\/v2\/posts\/10221\/revisions"}],"wp:featuredmedia":[{"embeddable":true,"href":"https:\/\/vosgesinfo.fr\/remiremontinfo\/wp-json\/wp\/v2\/media\/10222"}],"wp:attachment":[{"href":"https:\/\/vosgesinfo.fr\/remiremontinfo\/wp-json\/wp\/v2\/media?parent=10221"}],"wp:term":[{"taxonomy":"category","embeddable":true,"href":"https:\/\/vosgesinfo.fr\/remiremontinfo\/wp-json\/wp\/v2\/categories?post=10221"},{"taxonomy":"post_tag","embeddable":true,"href":"https:\/\/vosgesinfo.fr\/remiremontinfo\/wp-json\/wp\/v2\/tags?post=10221"}],"curies":[{"name":"wp","href":"https:\/\/api.w.org\/{rel}","templated":true}]}}